{"id":751,"date":"2017-08-22T00:00:00","date_gmt":"2017-08-22T04:00:00","guid":{"rendered":"https:\/\/dev.explora.cl\/magallanes\/blog\/2017\/08\/22\/invitan-a-estudiantes-de-educacion-media-y-profesores-a-participar-de-los-talleres-y-seminario-de-comunidad-ingenio\/"},"modified":"2019-05-20T21:35:30","modified_gmt":"2019-05-20T21:35:30","slug":"invitan-a-estudiantes-de-educacion-media-y-profesores-a-participar-de-los-talleres-y-seminario-de-comunidad-ingenio","status":"publish","type":"post","link":"https:\/\/dev.explora.cl\/magallanes\/invitan-a-estudiantes-de-educacion-media-y-profesores-a-participar-de-los-talleres-y-seminario-de-comunidad-ingenio\/","title":{"rendered":"Invitan a estudiantes de educaci\u00f3n media y profesores a participar de los talleres y seminario de Comunidad InGenio"},"content":{"rendered":"<p><img decoding=\"async\" src=\"magallanes\" alt=\"\" \/><\/p>\n<p>Del viernes 1 al s\u00e1bado 9 de septiembre se llevar\u00e1 a cabo una nueva versi\u00f3n de la Semana InGenio, experiencia educativa que es organizada por Comunidad InGenio, Programa del Instituto Sistemas Complejos de Ingenier\u00eda y que es apoyada por el Proyecto Asociativo Regional Explora de CONICYT Magallanes y de la Ant\u00e1rtica Chilena. Instancia que por sexta vez se realiza en nuestra regi\u00f3n y que pretende llegar a nuevos docentes, estudiantes de Pedagog\u00eda en Matem\u00e1tica y j\u00f3venes de 2\u00b0 y 3\u00b0 a\u00f1o medio para que se encanten con la ingenier\u00eda a partir de problemas reales.<\/p>\n<p>Iniciar\u00e1n su recorrido el d\u00eda viernes 1 de septiembre en el Liceo Polivalente Hernando de Magallanes de Porvenir, en tanto el 4 de septiembre estar\u00e1n en Puerto Natales, y los d\u00edas 5, 6 y 7 realizar\u00e1n talleres para estudiantes de 2\u00b0 y 3\u00b0 medio en la Universidad de Magallanes. Es importante destacar que esta experiencia, los j\u00f3venes ven una dimensi\u00f3n concreta de uso que tienen la matem\u00e1tica y la computaci\u00f3n en el \u00e1mbito de la investigaci\u00f3n cient\u00edfica.<\/p>\n<p>\u201cLo que hace estos talleres diferentes de una clase de matem\u00e1ticas es que invitamos a los estudiantes a resolver un problema, primero desde su intuici\u00f3n,&nbsp; luego a trav\u00e9s de lenguaje algebraico y finalmente con el uso de herramientas computacionales. Llevamos aproximadamente 10 a\u00f1os dictando estos talleres y siempre han sido de gran \u00e9xito entre los estudiantes porque les ayudan a entender contenidos abstractos a partir de situaciones concretas\u201d, destac\u00f3 la Directora del Programa Comunidad InGenio, Evelyn Nahuelhual.<\/p>\n<p>Para finalizar, los d\u00edas 8 y 9 de septiembre se efectuar\u00e1 una capacitaci\u00f3n para profesores de matem\u00e1tica y estudiantes de pedagog\u00eda interesados en aprender a utilizar los materiales did\u00e1cticos de Comunidad InGenio a trav\u00e9s de una metodolog\u00eda din\u00e1mica y atractiva, adem\u00e1s de abordar problemas reales con tal de mostrar el potencial de la ingenier\u00eda como una ciencia \u00fatil para la resoluci\u00f3n de problemas y la toma de decisiones en la vida actual.<\/p>\n<p>&nbsp;\u201cEl seminario se orienta a profesores de matem\u00e1tica de ense\u00f1anza media y estudiantes de la carrera que est\u00e9n pr\u00f3ximos a salir al mundo laboral. Lo que buscamos con esta actividad gratuita es entregar a los docentes del ramo dos actividades que pueden utilizar en sus aulas y que tienen relaci\u00f3n con los contenidos de estad\u00edstica y programaci\u00f3n entera, pero que adem\u00e1s, se alinean con el nuevo curr\u00edculo del Ministerio de Educaci\u00f3n a trav\u00e9s del desarrollo de competencias como la resoluci\u00f3n de problemas. M\u00e1s all\u00e1 de los contenidos, lo que buscamos transmitir es el uso de una metodolog\u00eda basada en teor\u00edas constructivistas del aprendizaje\u201d, expres\u00f3 Evelyn Nahuelhual.<\/p>\n<p>Para revisar el programa de actividades o inscribirse, se recomienda visitar el sitio web: <a href=\"http:\/\/www.comunidadingenio.cl\/inv_xii\/\">www.comunidadingenio.cl\/inv_xii\/<\/a><\/p>\n","protected":false},"excerpt":{"rendered":"<p>Del viernes 1 al s\u00e1bado 9 de septiembre se llevar\u00e1 a cabo una nueva versi\u00f3n de la Semana InGenio, experiencia educativa que es organizada por Comunidad InGenio, Programa del Instituto Sistemas Complejos de Ingenier\u00eda y que es apoyada por el Proyecto Asociativo Regional Explora de CONICYT Magallanes y de la Ant\u00e1rtica Chilena. Instancia que por [&hellip;]<\/p>\n","protected":false},"author":2,"featured_media":752,"comment_status":"open","ping_status":"open","sticky":false,"template":"","format":"standard","meta":{"_acf_changed":false,"_exactmetrics_skip_tracking":false,"_exactmetrics_sitenote_active":false,"_exactmetrics_sitenote_note":"","_exactmetrics_sitenote_category":0,"footnotes":"","_links_to":"","_links_to_target":""},"categories":[4],"tags":[],"class_list":["post-751","post","type-post","status-publish","format-standard","has-post-thumbnail","hentry","category-noticias"],"acf":[],"yoast_head":"<!-- This site is optimized with the Yoast SEO plugin v26.7 - https:\/\/yoast.com\/wordpress\/plugins\/seo\/ -->\n<title>Invitan a estudiantes de educaci\u00f3n media y profesores a participar de los talleres y seminario de Comunidad InGenio - Magallanes<\/title>\n<meta name=\"robots\" content=\"index, follow, max-snippet:-1, max-image-preview:large, max-video-preview:-1\" \/>\n<link rel=\"canonical\" href=\"https:\/\/dev.explora.cl\/magallanes\/invitan-a-estudiantes-de-educacion-media-y-profesores-a-participar-de-los-talleres-y-seminario-de-comunidad-ingenio\/\" class=\"yoast-seo-meta-tag\" \/>\n<meta property=\"og:locale\" content=\"es_ES\" class=\"yoast-seo-meta-tag\" \/>\n<meta property=\"og:type\" content=\"article\" class=\"yoast-seo-meta-tag\" \/>\n<meta property=\"og:title\" content=\"Invitan a estudiantes de educaci\u00f3n media y profesores a participar de los talleres y seminario de Comunidad InGenio - Magallanes\" class=\"yoast-seo-meta-tag\" \/>\n<meta property=\"og:description\" content=\"Del viernes 1 al s\u00e1bado 9 de septiembre se llevar\u00e1 a cabo una nueva versi\u00f3n de la Semana InGenio, experiencia educativa que es organizada por Comunidad InGenio, Programa del Instituto Sistemas Complejos de Ingenier\u00eda y que es apoyada por el Proyecto Asociativo Regional Explora de CONICYT Magallanes y de la Ant\u00e1rtica Chilena. Instancia que por [&hellip;]\" class=\"yoast-seo-meta-tag\" \/>\n<meta property=\"og:url\" content=\"https:\/\/dev.explora.cl\/magallanes\/invitan-a-estudiantes-de-educacion-media-y-profesores-a-participar-de-los-talleres-y-seminario-de-comunidad-ingenio\/\" class=\"yoast-seo-meta-tag\" \/>\n<meta property=\"og:site_name\" content=\"Magallanes\" class=\"yoast-seo-meta-tag\" \/>\n<meta property=\"article:published_time\" content=\"2017-08-22T04:00:00+00:00\" class=\"yoast-seo-meta-tag\" \/>\n<meta property=\"article:modified_time\" content=\"2019-05-20T21:35:30+00:00\" class=\"yoast-seo-meta-tag\" \/>\n<meta property=\"og:image\" content=\"https:\/\/dev.explora.cl\/magallanes\/wp-content\/uploads\/sites\/19\/2018\/06\/Afiche_semana_IG2017_XII-01.jpg\" class=\"yoast-seo-meta-tag\" \/>\n\t<meta property=\"og:image:width\" content=\"671\" class=\"yoast-seo-meta-tag\" \/>\n\t<meta property=\"og:image:height\" content=\"1198\" class=\"yoast-seo-meta-tag\" \/>\n\t<meta property=\"og:image:type\" content=\"image\/jpeg\" class=\"yoast-seo-meta-tag\" \/>\n<meta name=\"author\" content=\"webman\" class=\"yoast-seo-meta-tag\" \/>\n<meta name=\"twitter:card\" content=\"summary_large_image\" class=\"yoast-seo-meta-tag\" \/>\n<meta name=\"twitter:label1\" content=\"Escrito por\" class=\"yoast-seo-meta-tag\" \/>\n\t<meta name=\"twitter:data1\" content=\"webman\" class=\"yoast-seo-meta-tag\" \/>\n\t<meta name=\"twitter:label2\" content=\"Tiempo estimado de lectura\" class=\"yoast-seo-meta-tag\" \/>\n\t<meta name=\"twitter:data2\" content=\"2 minutos\" class=\"yoast-seo-meta-tag\" \/>\n<script type=\"application\/ld+json\" class=\"yoast-schema-graph\">{\"@context\":\"https:\/\/schema.org\",\"@graph\":[{\"@type\":\"Article\",\"@id\":\"https:\/\/dev.explora.cl\/magallanes\/invitan-a-estudiantes-de-educacion-media-y-profesores-a-participar-de-los-talleres-y-seminario-de-comunidad-ingenio\/#article\",\"isPartOf\":{\"@id\":\"https:\/\/dev.explora.cl\/magallanes\/invitan-a-estudiantes-de-educacion-media-y-profesores-a-participar-de-los-talleres-y-seminario-de-comunidad-ingenio\/\"},\"author\":{\"name\":\"webman\",\"@id\":\"https:\/\/dev.explora.cl\/magallanes\/#\/schema\/person\/cb8349c13ea2d324080adf8480d7ba5d\"},\"headline\":\"Invitan a estudiantes de educaci\u00f3n media y profesores a participar de los talleres y seminario de Comunidad InGenio\",\"datePublished\":\"2017-08-22T04:00:00+00:00\",\"dateModified\":\"2019-05-20T21:35:30+00:00\",\"mainEntityOfPage\":{\"@id\":\"https:\/\/dev.explora.cl\/magallanes\/invitan-a-estudiantes-de-educacion-media-y-profesores-a-participar-de-los-talleres-y-seminario-de-comunidad-ingenio\/\"},\"wordCount\":503,\"commentCount\":0,\"publisher\":{\"@id\":\"https:\/\/dev.explora.cl\/magallanes\/#organization\"},\"image\":{\"@id\":\"https:\/\/dev.explora.cl\/magallanes\/invitan-a-estudiantes-de-educacion-media-y-profesores-a-participar-de-los-talleres-y-seminario-de-comunidad-ingenio\/#primaryimage\"},\"thumbnailUrl\":\"https:\/\/dev.explora.cl\/magallanes\/wp-content\/uploads\/sites\/19\/2018\/06\/Afiche_semana_IG2017_XII-01.jpg\",\"articleSection\":[\"Noticias\"],\"inLanguage\":\"es-CL\",\"potentialAction\":[{\"@type\":\"CommentAction\",\"name\":\"Comment\",\"target\":[\"https:\/\/dev.explora.cl\/magallanes\/invitan-a-estudiantes-de-educacion-media-y-profesores-a-participar-de-los-talleres-y-seminario-de-comunidad-ingenio\/#respond\"]}]},{\"@type\":\"WebPage\",\"@id\":\"https:\/\/dev.explora.cl\/magallanes\/invitan-a-estudiantes-de-educacion-media-y-profesores-a-participar-de-los-talleres-y-seminario-de-comunidad-ingenio\/\",\"url\":\"https:\/\/dev.explora.cl\/magallanes\/invitan-a-estudiantes-de-educacion-media-y-profesores-a-participar-de-los-talleres-y-seminario-de-comunidad-ingenio\/\",\"name\":\"Invitan a estudiantes de educaci\u00f3n media y profesores a participar de los talleres y seminario de Comunidad InGenio - Magallanes\",\"isPartOf\":{\"@id\":\"https:\/\/dev.explora.cl\/magallanes\/#website\"},\"primaryImageOfPage\":{\"@id\":\"https:\/\/dev.explora.cl\/magallanes\/invitan-a-estudiantes-de-educacion-media-y-profesores-a-participar-de-los-talleres-y-seminario-de-comunidad-ingenio\/#primaryimage\"},\"image\":{\"@id\":\"https:\/\/dev.explora.cl\/magallanes\/invitan-a-estudiantes-de-educacion-media-y-profesores-a-participar-de-los-talleres-y-seminario-de-comunidad-ingenio\/#primaryimage\"},\"thumbnailUrl\":\"https:\/\/dev.explora.cl\/magallanes\/wp-content\/uploads\/sites\/19\/2018\/06\/Afiche_semana_IG2017_XII-01.jpg\",\"datePublished\":\"2017-08-22T04:00:00+00:00\",\"dateModified\":\"2019-05-20T21:35:30+00:00\",\"breadcrumb\":{\"@id\":\"https:\/\/dev.explora.cl\/magallanes\/invitan-a-estudiantes-de-educacion-media-y-profesores-a-participar-de-los-talleres-y-seminario-de-comunidad-ingenio\/#breadcrumb\"},\"inLanguage\":\"es-CL\",\"potentialAction\":[{\"@type\":\"ReadAction\",\"target\":[\"https:\/\/dev.explora.cl\/magallanes\/invitan-a-estudiantes-de-educacion-media-y-profesores-a-participar-de-los-talleres-y-seminario-de-comunidad-ingenio\/\"]}]},{\"@type\":\"ImageObject\",\"inLanguage\":\"es-CL\",\"@id\":\"https:\/\/dev.explora.cl\/magallanes\/invitan-a-estudiantes-de-educacion-media-y-profesores-a-participar-de-los-talleres-y-seminario-de-comunidad-ingenio\/#primaryimage\",\"url\":\"https:\/\/dev.explora.cl\/magallanes\/wp-content\/uploads\/sites\/19\/2018\/06\/Afiche_semana_IG2017_XII-01.jpg\",\"contentUrl\":\"https:\/\/dev.explora.cl\/magallanes\/wp-content\/uploads\/sites\/19\/2018\/06\/Afiche_semana_IG2017_XII-01.jpg\",\"width\":671,\"height\":1198},{\"@type\":\"BreadcrumbList\",\"@id\":\"https:\/\/dev.explora.cl\/magallanes\/invitan-a-estudiantes-de-educacion-media-y-profesores-a-participar-de-los-talleres-y-seminario-de-comunidad-ingenio\/#breadcrumb\",\"itemListElement\":[{\"@type\":\"ListItem\",\"position\":1,\"name\":\"Portada\",\"item\":\"https:\/\/dev.explora.cl\/magallanes\/\"},{\"@type\":\"ListItem\",\"position\":2,\"name\":\"Invitan a estudiantes de educaci\u00f3n media y profesores a participar de los talleres y seminario de Comunidad InGenio\"}]},{\"@type\":\"WebSite\",\"@id\":\"https:\/\/dev.explora.cl\/magallanes\/#website\",\"url\":\"https:\/\/dev.explora.cl\/magallanes\/\",\"name\":\"Magallanes\",\"description\":\"Otro sitio m\u00e1s de dev.explora.cl\",\"publisher\":{\"@id\":\"https:\/\/dev.explora.cl\/magallanes\/#organization\"},\"potentialAction\":[{\"@type\":\"SearchAction\",\"target\":{\"@type\":\"EntryPoint\",\"urlTemplate\":\"https:\/\/dev.explora.cl\/magallanes\/?s={search_term_string}\"},\"query-input\":{\"@type\":\"PropertyValueSpecification\",\"valueRequired\":true,\"valueName\":\"search_term_string\"}}],\"inLanguage\":\"es-CL\"},{\"@type\":\"Organization\",\"@id\":\"https:\/\/dev.explora.cl\/magallanes\/#organization\",\"name\":\"Magallanes\",\"url\":\"https:\/\/dev.explora.cl\/magallanes\/\",\"logo\":{\"@type\":\"ImageObject\",\"inLanguage\":\"es-CL\",\"@id\":\"https:\/\/dev.explora.cl\/magallanes\/#\/schema\/logo\/image\/\",\"url\":\"https:\/\/dev.explora.cl\/magallanes\/wp-content\/uploads\/sites\/19\/2021\/06\/cropped-ICONO-COLOR-2.jpg\",\"contentUrl\":\"https:\/\/dev.explora.cl\/magallanes\/wp-content\/uploads\/sites\/19\/2021\/06\/cropped-ICONO-COLOR-2.jpg\",\"width\":1181,\"height\":1181,\"caption\":\"Magallanes\"},\"image\":{\"@id\":\"https:\/\/dev.explora.cl\/magallanes\/#\/schema\/logo\/image\/\"}},{\"@type\":\"Person\",\"@id\":\"https:\/\/dev.explora.cl\/magallanes\/#\/schema\/person\/cb8349c13ea2d324080adf8480d7ba5d\",\"name\":\"webman\",\"image\":{\"@type\":\"ImageObject\",\"inLanguage\":\"es-CL\",\"@id\":\"https:\/\/dev.explora.cl\/magallanes\/#\/schema\/person\/image\/\",\"url\":\"https:\/\/secure.gravatar.com\/avatar\/eeff3c82f2c02f7177d13663b7e6f890e9a6a0647ce9bb29cae02dcb094c7312?s=96&d=mm&r=g\",\"contentUrl\":\"https:\/\/secure.gravatar.com\/avatar\/eeff3c82f2c02f7177d13663b7e6f890e9a6a0647ce9bb29cae02dcb094c7312?s=96&d=mm&r=g\",\"caption\":\"webman\"},\"url\":\"https:\/\/dev.explora.cl\/magallanes\/author\/webman\/\"}]}<\/script>\n<!-- \/ Yoast SEO plugin. -->","yoast_head_json":{"title":"Invitan a estudiantes de educaci\u00f3n media y profesores a participar de los talleres y seminario de Comunidad InGenio - Magallanes","robots":{"index":"index","follow":"follow","max-snippet":"max-snippet:-1","max-image-preview":"max-image-preview:large","max-video-preview":"max-video-preview:-1"},"canonical":"https:\/\/dev.explora.cl\/magallanes\/invitan-a-estudiantes-de-educacion-media-y-profesores-a-participar-de-los-talleres-y-seminario-de-comunidad-ingenio\/","og_locale":"es_ES","og_type":"article","og_title":"Invitan a estudiantes de educaci\u00f3n media y profesores a participar de los talleres y seminario de Comunidad InGenio - Magallanes","og_description":"Del viernes 1 al s\u00e1bado 9 de septiembre se llevar\u00e1 a cabo una nueva versi\u00f3n de la Semana InGenio, experiencia educativa que es organizada por Comunidad InGenio, Programa del Instituto Sistemas Complejos de Ingenier\u00eda y que es apoyada por el Proyecto Asociativo Regional Explora de CONICYT Magallanes y de la Ant\u00e1rtica Chilena. Instancia que por [&hellip;]","og_url":"https:\/\/dev.explora.cl\/magallanes\/invitan-a-estudiantes-de-educacion-media-y-profesores-a-participar-de-los-talleres-y-seminario-de-comunidad-ingenio\/","og_site_name":"Magallanes","article_published_time":"2017-08-22T04:00:00+00:00","article_modified_time":"2019-05-20T21:35:30+00:00","og_image":[{"width":671,"height":1198,"url":"https:\/\/dev.explora.cl\/magallanes\/wp-content\/uploads\/sites\/19\/2018\/06\/Afiche_semana_IG2017_XII-01.jpg","type":"image\/jpeg"}],"author":"webman","twitter_card":"summary_large_image","twitter_misc":{"Escrito por":"webman","Tiempo estimado de lectura":"2 minutos"},"schema":{"@context":"https:\/\/schema.org","@graph":[{"@type":"Article","@id":"https:\/\/dev.explora.cl\/magallanes\/invitan-a-estudiantes-de-educacion-media-y-profesores-a-participar-de-los-talleres-y-seminario-de-comunidad-ingenio\/#article","isPartOf":{"@id":"https:\/\/dev.explora.cl\/magallanes\/invitan-a-estudiantes-de-educacion-media-y-profesores-a-participar-de-los-talleres-y-seminario-de-comunidad-ingenio\/"},"author":{"name":"webman","@id":"https:\/\/dev.explora.cl\/magallanes\/#\/schema\/person\/cb8349c13ea2d324080adf8480d7ba5d"},"headline":"Invitan a estudiantes de educaci\u00f3n media y profesores a participar de los talleres y seminario de Comunidad InGenio","datePublished":"2017-08-22T04:00:00+00:00","dateModified":"2019-05-20T21:35:30+00:00","mainEntityOfPage":{"@id":"https:\/\/dev.explora.cl\/magallanes\/invitan-a-estudiantes-de-educacion-media-y-profesores-a-participar-de-los-talleres-y-seminario-de-comunidad-ingenio\/"},"wordCount":503,"commentCount":0,"publisher":{"@id":"https:\/\/dev.explora.cl\/magallanes\/#organization"},"image":{"@id":"https:\/\/dev.explora.cl\/magallanes\/invitan-a-estudiantes-de-educacion-media-y-profesores-a-participar-de-los-talleres-y-seminario-de-comunidad-ingenio\/#primaryimage"},"thumbnailUrl":"https:\/\/dev.explora.cl\/magallanes\/wp-content\/uploads\/sites\/19\/2018\/06\/Afiche_semana_IG2017_XII-01.jpg","articleSection":["Noticias"],"inLanguage":"es-CL","potentialAction":[{"@type":"CommentAction","name":"Comment","target":["https:\/\/dev.explora.cl\/magallanes\/invitan-a-estudiantes-de-educacion-media-y-profesores-a-participar-de-los-talleres-y-seminario-de-comunidad-ingenio\/#respond"]}]},{"@type":"WebPage","@id":"https:\/\/dev.explora.cl\/magallanes\/invitan-a-estudiantes-de-educacion-media-y-profesores-a-participar-de-los-talleres-y-seminario-de-comunidad-ingenio\/","url":"https:\/\/dev.explora.cl\/magallanes\/invitan-a-estudiantes-de-educacion-media-y-profesores-a-participar-de-los-talleres-y-seminario-de-comunidad-ingenio\/","name":"Invitan a estudiantes de educaci\u00f3n media y profesores a participar de los talleres y seminario de Comunidad InGenio - Magallanes","isPartOf":{"@id":"https:\/\/dev.explora.cl\/magallanes\/#website"},"primaryImageOfPage":{"@id":"https:\/\/dev.explora.cl\/magallanes\/invitan-a-estudiantes-de-educacion-media-y-profesores-a-participar-de-los-talleres-y-seminario-de-comunidad-ingenio\/#primaryimage"},"image":{"@id":"https:\/\/dev.explora.cl\/magallanes\/invitan-a-estudiantes-de-educacion-media-y-profesores-a-participar-de-los-talleres-y-seminario-de-comunidad-ingenio\/#primaryimage"},"thumbnailUrl":"https:\/\/dev.explora.cl\/magallanes\/wp-content\/uploads\/sites\/19\/2018\/06\/Afiche_semana_IG2017_XII-01.jpg","datePublished":"2017-08-22T04:00:00+00:00","dateModified":"2019-05-20T21:35:30+00:00","breadcrumb":{"@id":"https:\/\/dev.explora.cl\/magallanes\/invitan-a-estudiantes-de-educacion-media-y-profesores-a-participar-de-los-talleres-y-seminario-de-comunidad-ingenio\/#breadcrumb"},"inLanguage":"es-CL","potentialAction":[{"@type":"ReadAction","target":["https:\/\/dev.explora.cl\/magallanes\/invitan-a-estudiantes-de-educacion-media-y-profesores-a-participar-de-los-talleres-y-seminario-de-comunidad-ingenio\/"]}]},{"@type":"ImageObject","inLanguage":"es-CL","@id":"https:\/\/dev.explora.cl\/magallanes\/invitan-a-estudiantes-de-educacion-media-y-profesores-a-participar-de-los-talleres-y-seminario-de-comunidad-ingenio\/#primaryimage","url":"https:\/\/dev.explora.cl\/magallanes\/wp-content\/uploads\/sites\/19\/2018\/06\/Afiche_semana_IG2017_XII-01.jpg","contentUrl":"https:\/\/dev.explora.cl\/magallanes\/wp-content\/uploads\/sites\/19\/2018\/06\/Afiche_semana_IG2017_XII-01.jpg","width":671,"height":1198},{"@type":"BreadcrumbList","@id":"https:\/\/dev.explora.cl\/magallanes\/invitan-a-estudiantes-de-educacion-media-y-profesores-a-participar-de-los-talleres-y-seminario-de-comunidad-ingenio\/#breadcrumb","itemListElement":[{"@type":"ListItem","position":1,"name":"Portada","item":"https:\/\/dev.explora.cl\/magallanes\/"},{"@type":"ListItem","position":2,"name":"Invitan a estudiantes de educaci\u00f3n media y profesores a participar de los talleres y seminario de Comunidad InGenio"}]},{"@type":"WebSite","@id":"https:\/\/dev.explora.cl\/magallanes\/#website","url":"https:\/\/dev.explora.cl\/magallanes\/","name":"Magallanes","description":"Otro sitio m\u00e1s de dev.explora.cl","publisher":{"@id":"https:\/\/dev.explora.cl\/magallanes\/#organization"},"potentialAction":[{"@type":"SearchAction","target":{"@type":"EntryPoint","urlTemplate":"https:\/\/dev.explora.cl\/magallanes\/?s={search_term_string}"},"query-input":{"@type":"PropertyValueSpecification","valueRequired":true,"valueName":"search_term_string"}}],"inLanguage":"es-CL"},{"@type":"Organization","@id":"https:\/\/dev.explora.cl\/magallanes\/#organization","name":"Magallanes","url":"https:\/\/dev.explora.cl\/magallanes\/","logo":{"@type":"ImageObject","inLanguage":"es-CL","@id":"https:\/\/dev.explora.cl\/magallanes\/#\/schema\/logo\/image\/","url":"https:\/\/dev.explora.cl\/magallanes\/wp-content\/uploads\/sites\/19\/2021\/06\/cropped-ICONO-COLOR-2.jpg","contentUrl":"https:\/\/dev.explora.cl\/magallanes\/wp-content\/uploads\/sites\/19\/2021\/06\/cropped-ICONO-COLOR-2.jpg","width":1181,"height":1181,"caption":"Magallanes"},"image":{"@id":"https:\/\/dev.explora.cl\/magallanes\/#\/schema\/logo\/image\/"}},{"@type":"Person","@id":"https:\/\/dev.explora.cl\/magallanes\/#\/schema\/person\/cb8349c13ea2d324080adf8480d7ba5d","name":"webman","image":{"@type":"ImageObject","inLanguage":"es-CL","@id":"https:\/\/dev.explora.cl\/magallanes\/#\/schema\/person\/image\/","url":"https:\/\/secure.gravatar.com\/avatar\/eeff3c82f2c02f7177d13663b7e6f890e9a6a0647ce9bb29cae02dcb094c7312?s=96&d=mm&r=g","contentUrl":"https:\/\/secure.gravatar.com\/avatar\/eeff3c82f2c02f7177d13663b7e6f890e9a6a0647ce9bb29cae02dcb094c7312?s=96&d=mm&r=g","caption":"webman"},"url":"https:\/\/dev.explora.cl\/magallanes\/author\/webman\/"}]}},"_links":{"self":[{"href":"https:\/\/dev.explora.cl\/magallanes\/wp-json\/wp\/v2\/posts\/751","targetHints":{"allow":["GET"]}}],"collection":[{"href":"https:\/\/dev.explora.cl\/magallanes\/wp-json\/wp\/v2\/posts"}],"about":[{"href":"https:\/\/dev.explora.cl\/magallanes\/wp-json\/wp\/v2\/types\/post"}],"author":[{"embeddable":true,"href":"https:\/\/dev.explora.cl\/magallanes\/wp-json\/wp\/v2\/users\/2"}],"replies":[{"embeddable":true,"href":"https:\/\/dev.explora.cl\/magallanes\/wp-json\/wp\/v2\/comments?post=751"}],"version-history":[{"count":1,"href":"https:\/\/dev.explora.cl\/magallanes\/wp-json\/wp\/v2\/posts\/751\/revisions"}],"predecessor-version":[{"id":37675,"href":"https:\/\/dev.explora.cl\/magallanes\/wp-json\/wp\/v2\/posts\/751\/revisions\/37675"}],"wp:featuredmedia":[{"embeddable":true,"href":"https:\/\/dev.explora.cl\/magallanes\/wp-json\/wp\/v2\/media\/752"}],"wp:attachment":[{"href":"https:\/\/dev.explora.cl\/magallanes\/wp-json\/wp\/v2\/media?parent=751"}],"wp:term":[{"taxonomy":"category","embeddable":true,"href":"https:\/\/dev.explora.cl\/magallanes\/wp-json\/wp\/v2\/categories?post=751"},{"taxonomy":"post_tag","embeddable":true,"href":"https:\/\/dev.explora.cl\/magallanes\/wp-json\/wp\/v2\/tags?post=751"}],"curies":[{"name":"wp","href":"https:\/\/api.w.org\/{rel}","templated":true}]}}