{"id":742,"date":"2017-08-18T00:00:00","date_gmt":"2017-08-18T04:00:00","guid":{"rendered":"https:\/\/dev.explora.cl\/magallanes\/blog\/2017\/08\/18\/jovenes-investigadores-magallanicos-relatan-sus-experiencias-tras-representar-a-chile-en-la-expo-science-internacional-en-brasil\/"},"modified":"2019-05-20T21:35:36","modified_gmt":"2019-05-20T21:35:36","slug":"jovenes-investigadores-magallanicos-relatan-sus-experiencias-tras-representar-a-chile-en-la-expo-science-internacional-en-brasil","status":"publish","type":"post","link":"https:\/\/dev.explora.cl\/magallanes\/jovenes-investigadores-magallanicos-relatan-sus-experiencias-tras-representar-a-chile-en-la-expo-science-internacional-en-brasil\/","title":{"rendered":"J\u00f3venes investigadores magall\u00e1nicos relatan sus experiencias tras representar a Chile en la Expo-Science International en Brasil"},"content":{"rendered":"<p><img loading=\"lazy\" decoding=\"async\" class=\" size-full wp-image-27225\" src=\"http:\/\/ec2-54-245-22-188.us-west-2.compute.amazonaws.com\/wp-content\/uploads\/2017\/08\/Gianfranco_y_Pablo_en_la_ExpoSciencesInternational.jpg\" alt=\"Gianfranco y Pablo en la ExpoSciencesInternational\" width=\"1280\" height=\"960\" \/><\/p>\n<p>Su investigaci\u00f3n de los abejorros introducidos <em>Bombus Terrestris<\/em> y su grado de dispersi\u00f3n en la Regi\u00f3n de Magallanes los llev\u00f3 \u201cvolando\u201d literalmente hasta la ciudad de Fortaleza en Brasil para participar de la Milset Expo-Sciences International (ESI). Nos referimos a los estudiantes de tercero medio del Colegio Luterano, Gianfranco Cavallieri y Pablo Sanhueza, quienes junto a su profesor gu\u00eda Alan Maldonado vivieron una enriquecedora experiencia en el pa\u00eds carioca donde pudieron conocer a m\u00e1s de mil ni\u00f1os y j\u00f3venes entusiastas de la Ciencia provenientes de todas partes del mundo. En total se dieron gala m\u00e1s de 250 proyectos de tecnolog\u00eda, ingenier\u00eda y ciencias naturales.<\/p>\n<p>La delegaci\u00f3n chilena, compuesta por m\u00e1s de 20 equipos investigadores, fue la gran triunfadora en este certamen. \u201cNos fue muy bien porque era por delegaciones, hab\u00edan participantes de distintas partes del mundo, y el equipo chileno gan\u00f3 el premio. Nosotros obvio, \u00e9ramos parte del equipo, que estaba compuesto por 20 proyectos en total m\u00e1s de 60 personas, incluyendo adultos y ni\u00f1os. \u00c9ramos hartos, como tres personas por investigaci\u00f3n, y en general sus investigaciones trataron sobre bacterias, pol\u00edmeros biodegradables, astronom\u00eda, en realidad era como bien diversa la gama de proyectos chilenos\u201d, relata Pablo Sanhueza. &nbsp;&nbsp;<\/p>\n<p>Cuentan que se sintieron muy acogidos, y que a diferencia de otras ferias de ciencia en las que han participado, tuvieron espacio para conocer a los dem\u00e1s participantes. \u201cPor lo menos yo me sent\u00ed muy acogido, fue una bonita experiencia como que compartimos con gente de todo el mundo, y yo creo que m\u00e1s que en la Intel ISEF, en esta feria conocimos a muchas m\u00e1s personas, porque era menos competitiva que otras instancias anteriores donde hemos estado\u201d, coment\u00f3 Gianfranco Cavallieri.<\/p>\n<p>Complementa Pablo: \u201cNo hab\u00edan evaluadores en la feria, se evaluaron los trabajos por escrito no por stands, lo que s\u00ed ten\u00eda puntaje era el comportamiento de la delegaci\u00f3n, la presi\u00f3n de exponer no estaba en los chicos, sino que estaba m\u00e1s en el compartir y ver qu\u00e9 estaba haciendo el otro compa\u00f1ero de otra parte del mundo, que demostrarle a un jurado lo que investigamos\u201d.<\/p>\n<p>Su compa\u00f1ero agrega: \u201cEn el fondo presentabas tu proyecto a otras personas del mundo y tambi\u00e9n les contabas algo sobre tu cultura y ellos a la vez, te hablaban sobre su pa\u00eds, te daban a conocer su investigaci\u00f3n, tambi\u00e9n vimos especies de otros pa\u00edses, como unas mariposas de M\u00e9xico que nos interes\u00f3 bastante. Si compartimos como nunca en esa feria\u201d.<\/p>\n<p>Acompa\u00f1\u00e1ndolos en todo momento estuvo su profesor gu\u00eda, Alan Maldonado, qui\u00e9n se mostr\u00f3 muy orgulloso por los logros obtenidos por sus estudiantes, \u201cSiempre los estoy acompa\u00f1ando, estoy pr\u00e1cticamente en todo momento, y los vi muy bien porque es un tema que ellos vienen trabajando desde hace cuatro a\u00f1os con la misma tem\u00e1tica, son m\u00e1s especialistas que uno en este tema. Cada vez los veo con mayor desplante, se nota que han crecido como investigadores y que pronto terminar\u00e1n la ense\u00f1anza media, entonces uno empieza a ver esa parte igual\u201d.<\/p>\n<p>Ellos adem\u00e1s han sido una verdadera inspiraci\u00f3n para los nuevos integrantes del Club de Apoyo a la Investigaci\u00f3n Cient\u00edfica Escolar (CAICE) de Explora del colegio, \u201cPrincipalmente ellos y sus compa\u00f1eros que ya han egresado de cuarto medio, son los que van motivando al resto del grupo, y los que ayudan a mantener a los m\u00e1s peque\u00f1os interesados, porque vieron lo que ellos pudieron lograr, lo que incrementa sus proyecciones futuras, aparte siempre est\u00e1n preocupados de c\u00f3mo les fue a sus compa\u00f1eros\u201d, destaca su profesor.<\/p>\n<p><strong>Congreso Regional Escolar de la Ciencia y la Tecnolog\u00eda<\/strong><\/p>\n<p>Es importante destacar que, Gianfranco y Pablo iniciaron esta senda cient\u00edfica cuando cursaban 7\u00b0 b\u00e1sico y fue por mera curiosidad que comenzaron observando a los abejorros nativos y a los ejemplares introducidos, su grado de dispersi\u00f3n, asociaciones florales y conducta colonialista de la especie introducida. De ah\u00ed en m\u00e1s, han conseguido ganar en tres oportunidades el Congreso Regional Escolar de la Ciencia y la Tecnolog\u00eda del PAR Explora de CONICYT de Magallanes y de la Ant\u00e1rtica Chilena, y el a\u00f1o pasado fueron los triunfadores del Congreso Nacional Escolar de la Ciencia y la Tecnolog\u00eda del Programa Explora de CONICYT, instancia que les abri\u00f3 muchas puertas como ser expositores de la pasada versi\u00f3n del Congreso del Futuro y participar de la Feria Intel ISEF en Estados Unidos.<\/p>\n<p>Pr\u00f3ximamente ellos participar\u00e1n de una nueva versi\u00f3n de la Feria Cient\u00edfica de Porvenir que se desarrollar\u00e1 a finales de agosto y se aprontan para el XX Congreso Regional Escolar de la Ciencia y la Tecnolog\u00eda a realizarse durante el mes de octubre. En este sentido, ellos tuvieron palabras para los participantes de ambos cert\u00e1menes. \u201cQue se motiven, que investiguen lo que ellos quieran investigar, y los que queden en la feria que lo pasen bien, eso es lo m\u00e1s importante\u201d, enfatiza Pablo.<\/p>\n<p>Gianfranco en tanto, recomienda: \u201cQue vayan tranquilos, al final lo que uno va a presentar es lo que uno hace, y que les vaya bien\u201d. &nbsp;<\/p>\n","protected":false},"excerpt":{"rendered":"<p>Su investigaci\u00f3n de los abejorros introducidos Bombus Terrestris y su grado de dispersi\u00f3n en la Regi\u00f3n de Magallanes los llev\u00f3 \u201cvolando\u201d literalmente hasta la ciudad de Fortaleza en Brasil para participar de la Milset Expo-Sciences International (ESI). Nos referimos a los estudiantes de tercero medio del Colegio Luterano, Gianfranco Cavallieri y Pablo Sanhueza, quienes junto [&hellip;]<\/p>\n","protected":false},"author":2,"featured_media":743,"comment_status":"open","ping_status":"open","sticky":false,"template":"","format":"standard","meta":{"_acf_changed":false,"_exactmetrics_skip_tracking":false,"_exactmetrics_sitenote_active":false,"_exactmetrics_sitenote_note":"","_exactmetrics_sitenote_category":0,"footnotes":"","_links_to":"","_links_to_target":""},"categories":[4],"tags":[],"class_list":["post-742","post","type-post","status-publish","format-standard","has-post-thumbnail","hentry","category-noticias"],"acf":[],"yoast_head":"<!-- This site is optimized with the Yoast SEO plugin v26.7 - https:\/\/yoast.com\/wordpress\/plugins\/seo\/ -->\n<title>J\u00f3venes investigadores magall\u00e1nicos relatan sus experiencias tras representar a Chile en la Expo-Science International en Brasil - Magallanes<\/title>\n<meta name=\"robots\" content=\"index, follow, max-snippet:-1, max-image-preview:large, max-video-preview:-1\" \/>\n<link rel=\"canonical\" href=\"https:\/\/dev.explora.cl\/magallanes\/jovenes-investigadores-magallanicos-relatan-sus-experiencias-tras-representar-a-chile-en-la-expo-science-internacional-en-brasil\/\" class=\"yoast-seo-meta-tag\" \/>\n<meta property=\"og:locale\" content=\"es_ES\" class=\"yoast-seo-meta-tag\" \/>\n<meta property=\"og:type\" content=\"article\" class=\"yoast-seo-meta-tag\" \/>\n<meta property=\"og:title\" content=\"J\u00f3venes investigadores magall\u00e1nicos relatan sus experiencias tras representar a Chile en la Expo-Science International en Brasil - Magallanes\" class=\"yoast-seo-meta-tag\" \/>\n<meta property=\"og:description\" content=\"Su investigaci\u00f3n de los abejorros introducidos Bombus Terrestris y su grado de dispersi\u00f3n en la Regi\u00f3n de Magallanes los llev\u00f3 \u201cvolando\u201d literalmente hasta la ciudad de Fortaleza en Brasil para participar de la Milset Expo-Sciences International (ESI). Nos referimos a los estudiantes de tercero medio del Colegio Luterano, Gianfranco Cavallieri y Pablo Sanhueza, quienes junto [&hellip;]\" class=\"yoast-seo-meta-tag\" \/>\n<meta property=\"og:url\" content=\"https:\/\/dev.explora.cl\/magallanes\/jovenes-investigadores-magallanicos-relatan-sus-experiencias-tras-representar-a-chile-en-la-expo-science-internacional-en-brasil\/\" class=\"yoast-seo-meta-tag\" \/>\n<meta property=\"og:site_name\" content=\"Magallanes\" class=\"yoast-seo-meta-tag\" \/>\n<meta property=\"article:published_time\" content=\"2017-08-18T04:00:00+00:00\" class=\"yoast-seo-meta-tag\" \/>\n<meta property=\"article:modified_time\" content=\"2019-05-20T21:35:36+00:00\" class=\"yoast-seo-meta-tag\" \/>\n<meta property=\"og:image\" content=\"https:\/\/dev.explora.cl\/magallanes\/wp-content\/uploads\/sites\/19\/2018\/06\/Gianfranco_y_Pablo_en_la_ExpoSciencesInternational.jpg\" class=\"yoast-seo-meta-tag\" \/>\n\t<meta property=\"og:image:width\" content=\"1280\" class=\"yoast-seo-meta-tag\" \/>\n\t<meta property=\"og:image:height\" content=\"960\" class=\"yoast-seo-meta-tag\" \/>\n\t<meta property=\"og:image:type\" content=\"image\/jpeg\" class=\"yoast-seo-meta-tag\" \/>\n<meta name=\"author\" content=\"webman\" class=\"yoast-seo-meta-tag\" \/>\n<meta name=\"twitter:card\" content=\"summary_large_image\" class=\"yoast-seo-meta-tag\" \/>\n<meta name=\"twitter:label1\" content=\"Escrito por\" class=\"yoast-seo-meta-tag\" \/>\n\t<meta name=\"twitter:data1\" content=\"webman\" class=\"yoast-seo-meta-tag\" \/>\n\t<meta name=\"twitter:label2\" content=\"Tiempo estimado de lectura\" class=\"yoast-seo-meta-tag\" \/>\n\t<meta name=\"twitter:data2\" content=\"4 minutos\" class=\"yoast-seo-meta-tag\" \/>\n<script type=\"application\/ld+json\" class=\"yoast-schema-graph\">{\"@context\":\"https:\/\/schema.org\",\"@graph\":[{\"@type\":\"Article\",\"@id\":\"https:\/\/dev.explora.cl\/magallanes\/jovenes-investigadores-magallanicos-relatan-sus-experiencias-tras-representar-a-chile-en-la-expo-science-internacional-en-brasil\/#article\",\"isPartOf\":{\"@id\":\"https:\/\/dev.explora.cl\/magallanes\/jovenes-investigadores-magallanicos-relatan-sus-experiencias-tras-representar-a-chile-en-la-expo-science-internacional-en-brasil\/\"},\"author\":{\"name\":\"webman\",\"@id\":\"https:\/\/dev.explora.cl\/magallanes\/#\/schema\/person\/cb8349c13ea2d324080adf8480d7ba5d\"},\"headline\":\"J\u00f3venes investigadores magall\u00e1nicos relatan sus experiencias tras representar a Chile en la Expo-Science International en Brasil\",\"datePublished\":\"2017-08-18T04:00:00+00:00\",\"dateModified\":\"2019-05-20T21:35:36+00:00\",\"mainEntityOfPage\":{\"@id\":\"https:\/\/dev.explora.cl\/magallanes\/jovenes-investigadores-magallanicos-relatan-sus-experiencias-tras-representar-a-chile-en-la-expo-science-internacional-en-brasil\/\"},\"wordCount\":906,\"commentCount\":0,\"publisher\":{\"@id\":\"https:\/\/dev.explora.cl\/magallanes\/#organization\"},\"image\":{\"@id\":\"https:\/\/dev.explora.cl\/magallanes\/jovenes-investigadores-magallanicos-relatan-sus-experiencias-tras-representar-a-chile-en-la-expo-science-internacional-en-brasil\/#primaryimage\"},\"thumbnailUrl\":\"https:\/\/dev.explora.cl\/magallanes\/wp-content\/uploads\/sites\/19\/2018\/06\/Gianfranco_y_Pablo_en_la_ExpoSciencesInternational.jpg\",\"articleSection\":[\"Noticias\"],\"inLanguage\":\"es-CL\",\"potentialAction\":[{\"@type\":\"CommentAction\",\"name\":\"Comment\",\"target\":[\"https:\/\/dev.explora.cl\/magallanes\/jovenes-investigadores-magallanicos-relatan-sus-experiencias-tras-representar-a-chile-en-la-expo-science-internacional-en-brasil\/#respond\"]}]},{\"@type\":\"WebPage\",\"@id\":\"https:\/\/dev.explora.cl\/magallanes\/jovenes-investigadores-magallanicos-relatan-sus-experiencias-tras-representar-a-chile-en-la-expo-science-internacional-en-brasil\/\",\"url\":\"https:\/\/dev.explora.cl\/magallanes\/jovenes-investigadores-magallanicos-relatan-sus-experiencias-tras-representar-a-chile-en-la-expo-science-internacional-en-brasil\/\",\"name\":\"J\u00f3venes investigadores magall\u00e1nicos relatan sus experiencias tras representar a Chile en la Expo-Science International en Brasil - Magallanes\",\"isPartOf\":{\"@id\":\"https:\/\/dev.explora.cl\/magallanes\/#website\"},\"primaryImageOfPage\":{\"@id\":\"https:\/\/dev.explora.cl\/magallanes\/jovenes-investigadores-magallanicos-relatan-sus-experiencias-tras-representar-a-chile-en-la-expo-science-internacional-en-brasil\/#primaryimage\"},\"image\":{\"@id\":\"https:\/\/dev.explora.cl\/magallanes\/jovenes-investigadores-magallanicos-relatan-sus-experiencias-tras-representar-a-chile-en-la-expo-science-internacional-en-brasil\/#primaryimage\"},\"thumbnailUrl\":\"https:\/\/dev.explora.cl\/magallanes\/wp-content\/uploads\/sites\/19\/2018\/06\/Gianfranco_y_Pablo_en_la_ExpoSciencesInternational.jpg\",\"datePublished\":\"2017-08-18T04:00:00+00:00\",\"dateModified\":\"2019-05-20T21:35:36+00:00\",\"breadcrumb\":{\"@id\":\"https:\/\/dev.explora.cl\/magallanes\/jovenes-investigadores-magallanicos-relatan-sus-experiencias-tras-representar-a-chile-en-la-expo-science-internacional-en-brasil\/#breadcrumb\"},\"inLanguage\":\"es-CL\",\"potentialAction\":[{\"@type\":\"ReadAction\",\"target\":[\"https:\/\/dev.explora.cl\/magallanes\/jovenes-investigadores-magallanicos-relatan-sus-experiencias-tras-representar-a-chile-en-la-expo-science-internacional-en-brasil\/\"]}]},{\"@type\":\"ImageObject\",\"inLanguage\":\"es-CL\",\"@id\":\"https:\/\/dev.explora.cl\/magallanes\/jovenes-investigadores-magallanicos-relatan-sus-experiencias-tras-representar-a-chile-en-la-expo-science-internacional-en-brasil\/#primaryimage\",\"url\":\"https:\/\/dev.explora.cl\/magallanes\/wp-content\/uploads\/sites\/19\/2018\/06\/Gianfranco_y_Pablo_en_la_ExpoSciencesInternational.jpg\",\"contentUrl\":\"https:\/\/dev.explora.cl\/magallanes\/wp-content\/uploads\/sites\/19\/2018\/06\/Gianfranco_y_Pablo_en_la_ExpoSciencesInternational.jpg\",\"width\":1280,\"height\":960},{\"@type\":\"BreadcrumbList\",\"@id\":\"https:\/\/dev.explora.cl\/magallanes\/jovenes-investigadores-magallanicos-relatan-sus-experiencias-tras-representar-a-chile-en-la-expo-science-internacional-en-brasil\/#breadcrumb\",\"itemListElement\":[{\"@type\":\"ListItem\",\"position\":1,\"name\":\"Portada\",\"item\":\"https:\/\/dev.explora.cl\/magallanes\/\"},{\"@type\":\"ListItem\",\"position\":2,\"name\":\"J\u00f3venes investigadores magall\u00e1nicos relatan sus experiencias tras representar a Chile en la Expo-Science International en Brasil\"}]},{\"@type\":\"WebSite\",\"@id\":\"https:\/\/dev.explora.cl\/magallanes\/#website\",\"url\":\"https:\/\/dev.explora.cl\/magallanes\/\",\"name\":\"Magallanes\",\"description\":\"Otro sitio m\u00e1s de dev.explora.cl\",\"publisher\":{\"@id\":\"https:\/\/dev.explora.cl\/magallanes\/#organization\"},\"potentialAction\":[{\"@type\":\"SearchAction\",\"target\":{\"@type\":\"EntryPoint\",\"urlTemplate\":\"https:\/\/dev.explora.cl\/magallanes\/?s={search_term_string}\"},\"query-input\":{\"@type\":\"PropertyValueSpecification\",\"valueRequired\":true,\"valueName\":\"search_term_string\"}}],\"inLanguage\":\"es-CL\"},{\"@type\":\"Organization\",\"@id\":\"https:\/\/dev.explora.cl\/magallanes\/#organization\",\"name\":\"Magallanes\",\"url\":\"https:\/\/dev.explora.cl\/magallanes\/\",\"logo\":{\"@type\":\"ImageObject\",\"inLanguage\":\"es-CL\",\"@id\":\"https:\/\/dev.explora.cl\/magallanes\/#\/schema\/logo\/image\/\",\"url\":\"https:\/\/dev.explora.cl\/magallanes\/wp-content\/uploads\/sites\/19\/2021\/06\/cropped-ICONO-COLOR-2.jpg\",\"contentUrl\":\"https:\/\/dev.explora.cl\/magallanes\/wp-content\/uploads\/sites\/19\/2021\/06\/cropped-ICONO-COLOR-2.jpg\",\"width\":1181,\"height\":1181,\"caption\":\"Magallanes\"},\"image\":{\"@id\":\"https:\/\/dev.explora.cl\/magallanes\/#\/schema\/logo\/image\/\"}},{\"@type\":\"Person\",\"@id\":\"https:\/\/dev.explora.cl\/magallanes\/#\/schema\/person\/cb8349c13ea2d324080adf8480d7ba5d\",\"name\":\"webman\",\"image\":{\"@type\":\"ImageObject\",\"inLanguage\":\"es-CL\",\"@id\":\"https:\/\/dev.explora.cl\/magallanes\/#\/schema\/person\/image\/\",\"url\":\"https:\/\/secure.gravatar.com\/avatar\/eeff3c82f2c02f7177d13663b7e6f890e9a6a0647ce9bb29cae02dcb094c7312?s=96&d=mm&r=g\",\"contentUrl\":\"https:\/\/secure.gravatar.com\/avatar\/eeff3c82f2c02f7177d13663b7e6f890e9a6a0647ce9bb29cae02dcb094c7312?s=96&d=mm&r=g\",\"caption\":\"webman\"},\"url\":\"https:\/\/dev.explora.cl\/magallanes\/author\/webman\/\"}]}<\/script>\n<!-- \/ Yoast SEO plugin. -->","yoast_head_json":{"title":"J\u00f3venes investigadores magall\u00e1nicos relatan sus experiencias tras representar a Chile en la Expo-Science International en Brasil - Magallanes","robots":{"index":"index","follow":"follow","max-snippet":"max-snippet:-1","max-image-preview":"max-image-preview:large","max-video-preview":"max-video-preview:-1"},"canonical":"https:\/\/dev.explora.cl\/magallanes\/jovenes-investigadores-magallanicos-relatan-sus-experiencias-tras-representar-a-chile-en-la-expo-science-internacional-en-brasil\/","og_locale":"es_ES","og_type":"article","og_title":"J\u00f3venes investigadores magall\u00e1nicos relatan sus experiencias tras representar a Chile en la Expo-Science International en Brasil - Magallanes","og_description":"Su investigaci\u00f3n de los abejorros introducidos Bombus Terrestris y su grado de dispersi\u00f3n en la Regi\u00f3n de Magallanes los llev\u00f3 \u201cvolando\u201d literalmente hasta la ciudad de Fortaleza en Brasil para participar de la Milset Expo-Sciences International (ESI). Nos referimos a los estudiantes de tercero medio del Colegio Luterano, Gianfranco Cavallieri y Pablo Sanhueza, quienes junto [&hellip;]","og_url":"https:\/\/dev.explora.cl\/magallanes\/jovenes-investigadores-magallanicos-relatan-sus-experiencias-tras-representar-a-chile-en-la-expo-science-internacional-en-brasil\/","og_site_name":"Magallanes","article_published_time":"2017-08-18T04:00:00+00:00","article_modified_time":"2019-05-20T21:35:36+00:00","og_image":[{"width":1280,"height":960,"url":"https:\/\/dev.explora.cl\/magallanes\/wp-content\/uploads\/sites\/19\/2018\/06\/Gianfranco_y_Pablo_en_la_ExpoSciencesInternational.jpg","type":"image\/jpeg"}],"author":"webman","twitter_card":"summary_large_image","twitter_misc":{"Escrito por":"webman","Tiempo estimado de lectura":"4 minutos"},"schema":{"@context":"https:\/\/schema.org","@graph":[{"@type":"Article","@id":"https:\/\/dev.explora.cl\/magallanes\/jovenes-investigadores-magallanicos-relatan-sus-experiencias-tras-representar-a-chile-en-la-expo-science-internacional-en-brasil\/#article","isPartOf":{"@id":"https:\/\/dev.explora.cl\/magallanes\/jovenes-investigadores-magallanicos-relatan-sus-experiencias-tras-representar-a-chile-en-la-expo-science-internacional-en-brasil\/"},"author":{"name":"webman","@id":"https:\/\/dev.explora.cl\/magallanes\/#\/schema\/person\/cb8349c13ea2d324080adf8480d7ba5d"},"headline":"J\u00f3venes investigadores magall\u00e1nicos relatan sus experiencias tras representar a Chile en la Expo-Science International en Brasil","datePublished":"2017-08-18T04:00:00+00:00","dateModified":"2019-05-20T21:35:36+00:00","mainEntityOfPage":{"@id":"https:\/\/dev.explora.cl\/magallanes\/jovenes-investigadores-magallanicos-relatan-sus-experiencias-tras-representar-a-chile-en-la-expo-science-internacional-en-brasil\/"},"wordCount":906,"commentCount":0,"publisher":{"@id":"https:\/\/dev.explora.cl\/magallanes\/#organization"},"image":{"@id":"https:\/\/dev.explora.cl\/magallanes\/jovenes-investigadores-magallanicos-relatan-sus-experiencias-tras-representar-a-chile-en-la-expo-science-internacional-en-brasil\/#primaryimage"},"thumbnailUrl":"https:\/\/dev.explora.cl\/magallanes\/wp-content\/uploads\/sites\/19\/2018\/06\/Gianfranco_y_Pablo_en_la_ExpoSciencesInternational.jpg","articleSection":["Noticias"],"inLanguage":"es-CL","potentialAction":[{"@type":"CommentAction","name":"Comment","target":["https:\/\/dev.explora.cl\/magallanes\/jovenes-investigadores-magallanicos-relatan-sus-experiencias-tras-representar-a-chile-en-la-expo-science-internacional-en-brasil\/#respond"]}]},{"@type":"WebPage","@id":"https:\/\/dev.explora.cl\/magallanes\/jovenes-investigadores-magallanicos-relatan-sus-experiencias-tras-representar-a-chile-en-la-expo-science-internacional-en-brasil\/","url":"https:\/\/dev.explora.cl\/magallanes\/jovenes-investigadores-magallanicos-relatan-sus-experiencias-tras-representar-a-chile-en-la-expo-science-internacional-en-brasil\/","name":"J\u00f3venes investigadores magall\u00e1nicos relatan sus experiencias tras representar a Chile en la Expo-Science International en Brasil - Magallanes","isPartOf":{"@id":"https:\/\/dev.explora.cl\/magallanes\/#website"},"primaryImageOfPage":{"@id":"https:\/\/dev.explora.cl\/magallanes\/jovenes-investigadores-magallanicos-relatan-sus-experiencias-tras-representar-a-chile-en-la-expo-science-internacional-en-brasil\/#primaryimage"},"image":{"@id":"https:\/\/dev.explora.cl\/magallanes\/jovenes-investigadores-magallanicos-relatan-sus-experiencias-tras-representar-a-chile-en-la-expo-science-internacional-en-brasil\/#primaryimage"},"thumbnailUrl":"https:\/\/dev.explora.cl\/magallanes\/wp-content\/uploads\/sites\/19\/2018\/06\/Gianfranco_y_Pablo_en_la_ExpoSciencesInternational.jpg","datePublished":"2017-08-18T04:00:00+00:00","dateModified":"2019-05-20T21:35:36+00:00","breadcrumb":{"@id":"https:\/\/dev.explora.cl\/magallanes\/jovenes-investigadores-magallanicos-relatan-sus-experiencias-tras-representar-a-chile-en-la-expo-science-internacional-en-brasil\/#breadcrumb"},"inLanguage":"es-CL","potentialAction":[{"@type":"ReadAction","target":["https:\/\/dev.explora.cl\/magallanes\/jovenes-investigadores-magallanicos-relatan-sus-experiencias-tras-representar-a-chile-en-la-expo-science-internacional-en-brasil\/"]}]},{"@type":"ImageObject","inLanguage":"es-CL","@id":"https:\/\/dev.explora.cl\/magallanes\/jovenes-investigadores-magallanicos-relatan-sus-experiencias-tras-representar-a-chile-en-la-expo-science-internacional-en-brasil\/#primaryimage","url":"https:\/\/dev.explora.cl\/magallanes\/wp-content\/uploads\/sites\/19\/2018\/06\/Gianfranco_y_Pablo_en_la_ExpoSciencesInternational.jpg","contentUrl":"https:\/\/dev.explora.cl\/magallanes\/wp-content\/uploads\/sites\/19\/2018\/06\/Gianfranco_y_Pablo_en_la_ExpoSciencesInternational.jpg","width":1280,"height":960},{"@type":"BreadcrumbList","@id":"https:\/\/dev.explora.cl\/magallanes\/jovenes-investigadores-magallanicos-relatan-sus-experiencias-tras-representar-a-chile-en-la-expo-science-internacional-en-brasil\/#breadcrumb","itemListElement":[{"@type":"ListItem","position":1,"name":"Portada","item":"https:\/\/dev.explora.cl\/magallanes\/"},{"@type":"ListItem","position":2,"name":"J\u00f3venes investigadores magall\u00e1nicos relatan sus experiencias tras representar a Chile en la Expo-Science International en Brasil"}]},{"@type":"WebSite","@id":"https:\/\/dev.explora.cl\/magallanes\/#website","url":"https:\/\/dev.explora.cl\/magallanes\/","name":"Magallanes","description":"Otro sitio m\u00e1s de dev.explora.cl","publisher":{"@id":"https:\/\/dev.explora.cl\/magallanes\/#organization"},"potentialAction":[{"@type":"SearchAction","target":{"@type":"EntryPoint","urlTemplate":"https:\/\/dev.explora.cl\/magallanes\/?s={search_term_string}"},"query-input":{"@type":"PropertyValueSpecification","valueRequired":true,"valueName":"search_term_string"}}],"inLanguage":"es-CL"},{"@type":"Organization","@id":"https:\/\/dev.explora.cl\/magallanes\/#organization","name":"Magallanes","url":"https:\/\/dev.explora.cl\/magallanes\/","logo":{"@type":"ImageObject","inLanguage":"es-CL","@id":"https:\/\/dev.explora.cl\/magallanes\/#\/schema\/logo\/image\/","url":"https:\/\/dev.explora.cl\/magallanes\/wp-content\/uploads\/sites\/19\/2021\/06\/cropped-ICONO-COLOR-2.jpg","contentUrl":"https:\/\/dev.explora.cl\/magallanes\/wp-content\/uploads\/sites\/19\/2021\/06\/cropped-ICONO-COLOR-2.jpg","width":1181,"height":1181,"caption":"Magallanes"},"image":{"@id":"https:\/\/dev.explora.cl\/magallanes\/#\/schema\/logo\/image\/"}},{"@type":"Person","@id":"https:\/\/dev.explora.cl\/magallanes\/#\/schema\/person\/cb8349c13ea2d324080adf8480d7ba5d","name":"webman","image":{"@type":"ImageObject","inLanguage":"es-CL","@id":"https:\/\/dev.explora.cl\/magallanes\/#\/schema\/person\/image\/","url":"https:\/\/secure.gravatar.com\/avatar\/eeff3c82f2c02f7177d13663b7e6f890e9a6a0647ce9bb29cae02dcb094c7312?s=96&d=mm&r=g","contentUrl":"https:\/\/secure.gravatar.com\/avatar\/eeff3c82f2c02f7177d13663b7e6f890e9a6a0647ce9bb29cae02dcb094c7312?s=96&d=mm&r=g","caption":"webman"},"url":"https:\/\/dev.explora.cl\/magallanes\/author\/webman\/"}]}},"_links":{"self":[{"href":"https:\/\/dev.explora.cl\/magallanes\/wp-json\/wp\/v2\/posts\/742","targetHints":{"allow":["GET"]}}],"collection":[{"href":"https:\/\/dev.explora.cl\/magallanes\/wp-json\/wp\/v2\/posts"}],"about":[{"href":"https:\/\/dev.explora.cl\/magallanes\/wp-json\/wp\/v2\/types\/post"}],"author":[{"embeddable":true,"href":"https:\/\/dev.explora.cl\/magallanes\/wp-json\/wp\/v2\/users\/2"}],"replies":[{"embeddable":true,"href":"https:\/\/dev.explora.cl\/magallanes\/wp-json\/wp\/v2\/comments?post=742"}],"version-history":[{"count":1,"href":"https:\/\/dev.explora.cl\/magallanes\/wp-json\/wp\/v2\/posts\/742\/revisions"}],"predecessor-version":[{"id":37678,"href":"https:\/\/dev.explora.cl\/magallanes\/wp-json\/wp\/v2\/posts\/742\/revisions\/37678"}],"wp:featuredmedia":[{"embeddable":true,"href":"https:\/\/dev.explora.cl\/magallanes\/wp-json\/wp\/v2\/media\/743"}],"wp:attachment":[{"href":"https:\/\/dev.explora.cl\/magallanes\/wp-json\/wp\/v2\/media?parent=742"}],"wp:term":[{"taxonomy":"category","embeddable":true,"href":"https:\/\/dev.explora.cl\/magallanes\/wp-json\/wp\/v2\/categories?post=742"},{"taxonomy":"post_tag","embeddable":true,"href":"https:\/\/dev.explora.cl\/magallanes\/wp-json\/wp\/v2\/tags?post=742"}],"curies":[{"name":"wp","href":"https:\/\/api.w.org\/{rel}","templated":true}]}}