{"id":728,"date":"2017-08-01T00:00:00","date_gmt":"2017-08-01T04:00:00","guid":{"rendered":"https:\/\/dev.explora.cl\/magallanes\/blog\/2017\/08\/01\/atencion-estudiantes-y-profesores-se-inicia-convocatoria-para-participar-del-xx-congreso-regional-escolar-de-ciencia-y-tecnologia\/"},"modified":"2019-05-20T21:35:39","modified_gmt":"2019-05-20T21:35:39","slug":"atencion-estudiantes-y-profesores-se-inicia-convocatoria-para-participar-del-xx-congreso-regional-escolar-de-ciencia-y-tecnologia","status":"publish","type":"post","link":"https:\/\/dev.explora.cl\/magallanes\/atencion-estudiantes-y-profesores-se-inicia-convocatoria-para-participar-del-xx-congreso-regional-escolar-de-ciencia-y-tecnologia\/","title":{"rendered":"\u00a1Atenci\u00f3n estudiantes y profesores! Se inicia convocatoria para participar del XX Congreso Regional Escolar de Ciencia y Tecnolog\u00eda"},"content":{"rendered":"<p><img decoding=\"async\" src=\"magallanes\" alt=\"\" \/><\/p>\n<p>Una excelente participaci\u00f3n consigui\u00f3 Magallanes en el Congreso Nacional Escolar de Ciencia y Tecnolog\u00eda (CNECyT) 2016 del Programa Explora de CONICYT: Pablo Sanhueza y Gianfranco Cavallieri del Colegio Luterano obtuvieron el primer lugar de la categor\u00eda Educaci\u00f3n Media. Por su parte, Eric Mansilla y Fernando Vargas del Liceo Industrial Armando Quezada Achar\u00e1n fueron galardonados con el premio \u201cMejor Stand Ense\u00f1anza Media\u201d, y por \u00faltimo P\u00eda Z\u00fa\u00f1iga y Diana C\u00e1rcamo de la Escuela Capit\u00e1n Arturo Prat lograron una excelente participaci\u00f3n en el certamen.<\/p>\n<p>Un peque\u00f1o paso para estos j\u00f3venes investigadores, pero un gran paso para la Ciencia Escolar en Magallanes, importantes logros que permitieron ampliar el cupo de <strong><em>tres a cinco delegaciones<\/em><\/strong> a representarnos pr\u00f3ximamente en una nueva versi\u00f3n del CNECyT. &nbsp;<\/p>\n<p>\u00a1Participa! &nbsp;<\/p>\n<p>Si est\u00e1s cursando entre <strong><em>5\u00b0 b\u00e1sico y 3\u00b0 medio<\/em><\/strong> podr\u00edas ser parte de esta experiencia enriquecedora, \u00bfC\u00f3mo? Postulando tu investigaci\u00f3n cient\u00edfica al <strong><em>XX Congreso Regional de la Ciencia y la Tecnolog\u00eda (CRECyT) Explora de CONICYT<\/em><\/strong>, organizado por el <strong><em>Proyecto Asociativo Regional (PAR) Explora de CONICYT Magallanes y de la Ant\u00e1rtica Chilena<\/em><\/strong> que se llevar\u00e1 a cabo del <strong><em>18 al 20 de octubre en Punta Arenas.&nbsp;<\/em><\/strong><\/p>\n<p>Este magno y tradicional evento se realiza hace <strong><em>20 a\u00f1os en la regi\u00f3n<\/em><\/strong>, con el objetivo de <strong><em>fortalecer la valoraci\u00f3n y la apropiaci\u00f3n de la ciencia y la tecnolog\u00eda en un espacio de encuentro para la divulgaci\u00f3n de la investigaci\u00f3n cient\u00edfica escolar<\/em><\/strong>. Adem\u00e1s, de ser una grata instancia de encuentro para compartir e interactuar con pares de otros lugares de la regi\u00f3n como \u201cConversando con Cient\u00edficos\u201d, junto con otras actividades recreativas. &nbsp;<\/p>\n<p>Los grupos interesados en participar de este certamen podr\u00e1n presentar proyectos de investigaci\u00f3n en las tres categor\u00edas, estas son: <strong><em>Ciencias Naturales, Ciencias Sociales e Ingenier\u00eda y Tecnolog\u00eda. <\/em><\/strong><\/p>\n<p>A su vez, estos equipos participantes deben ser representados por <strong><em>dos estudiantes expositores<\/em><\/strong>, <strong><em>quienes ser\u00e1n acompa\u00f1ados por un\/a profesor\/a asesor\/a de su mismo establecimiento educacional<\/em><\/strong>, y ser\u00e1n los mismos que, en caso de resultar ganadores en el CRECyT, representen a Magallanes en el Congreso Nacional Escolar de la Ciencia y la Tecnolog\u00eda a realizarse en la ciudad de Arica en el mes de noviembre.<\/p>\n<p><strong><em>Las bases, anexos y formularios de participaci\u00f3n<\/em><\/strong>, se encuentran disponibles en el sitio web del PAR Explora Magallanes: <a href=\"magallanes\">dev.explora.cl\/magallanes<\/a>. Cabe destacar que, <strong><em>la fecha de entrega de estos documentos vence impostergablemente el 23 de septiembre<\/em><\/strong>, d\u00e1ndose a conocer los resultados de esta postulaci\u00f3n el d\u00eda 06 de octubre.<\/p>\n<p>Como material complementario, se encuentra disponible el Reglamento del CRECyT, las pautas de evaluaci\u00f3n oral, escrita y de los stands, y una infograf\u00eda de ayuda para los anexos que deben adjuntarse a la postulaci\u00f3n. Se agrega a estos documentos, las bases t\u00e9cnicas del CNECyT 2017.&nbsp;<\/p>\n<p>La documentaci\u00f3n digital debe ser remitida a la Coordinadora del CRECyT, Carolina Hern\u00e1ndez Morales, al correo electr\u00f3nico:&nbsp;<strong><em><a href=\"mailto:magallanes.explora@gmail.com\">magallanes.explora@gmail.com<\/a><\/em><\/strong>. Para consultas se encuentra disponible el tel\u00e9fono: <strong><em>61 2207074<\/em><\/strong>.&nbsp;<\/p>\n","protected":false},"excerpt":{"rendered":"<p>Una excelente participaci\u00f3n consigui\u00f3 Magallanes en el Congreso Nacional Escolar de Ciencia y Tecnolog\u00eda (CNECyT) 2016 del Programa Explora de CONICYT: Pablo Sanhueza y Gianfranco Cavallieri del Colegio Luterano obtuvieron el primer lugar de la categor\u00eda Educaci\u00f3n Media. Por su parte, Eric Mansilla y Fernando Vargas del Liceo Industrial Armando Quezada Achar\u00e1n fueron galardonados con [&hellip;]<\/p>\n","protected":false},"author":2,"featured_media":729,"comment_status":"open","ping_status":"open","sticky":false,"template":"","format":"standard","meta":{"_acf_changed":false,"_exactmetrics_skip_tracking":false,"_exactmetrics_sitenote_active":false,"_exactmetrics_sitenote_note":"","_exactmetrics_sitenote_category":0,"footnotes":"","_links_to":"","_links_to_target":""},"categories":[4],"tags":[],"class_list":["post-728","post","type-post","status-publish","format-standard","has-post-thumbnail","hentry","category-noticias"],"acf":[],"yoast_head":"<!-- This site is optimized with the Yoast SEO plugin v26.7 - https:\/\/yoast.com\/wordpress\/plugins\/seo\/ -->\n<title>\u00a1Atenci\u00f3n estudiantes y profesores! Se inicia convocatoria para participar del XX Congreso Regional Escolar de Ciencia y Tecnolog\u00eda - Magallanes<\/title>\n<meta name=\"robots\" content=\"index, follow, max-snippet:-1, max-image-preview:large, max-video-preview:-1\" \/>\n<link rel=\"canonical\" href=\"https:\/\/dev.explora.cl\/magallanes\/atencion-estudiantes-y-profesores-se-inicia-convocatoria-para-participar-del-xx-congreso-regional-escolar-de-ciencia-y-tecnologia\/\" class=\"yoast-seo-meta-tag\" \/>\n<meta property=\"og:locale\" content=\"es_ES\" class=\"yoast-seo-meta-tag\" \/>\n<meta property=\"og:type\" content=\"article\" class=\"yoast-seo-meta-tag\" \/>\n<meta property=\"og:title\" content=\"\u00a1Atenci\u00f3n estudiantes y profesores! Se inicia convocatoria para participar del XX Congreso Regional Escolar de Ciencia y Tecnolog\u00eda - Magallanes\" class=\"yoast-seo-meta-tag\" \/>\n<meta property=\"og:description\" content=\"Una excelente participaci\u00f3n consigui\u00f3 Magallanes en el Congreso Nacional Escolar de Ciencia y Tecnolog\u00eda (CNECyT) 2016 del Programa Explora de CONICYT: Pablo Sanhueza y Gianfranco Cavallieri del Colegio Luterano obtuvieron el primer lugar de la categor\u00eda Educaci\u00f3n Media. Por su parte, Eric Mansilla y Fernando Vargas del Liceo Industrial Armando Quezada Achar\u00e1n fueron galardonados con [&hellip;]\" class=\"yoast-seo-meta-tag\" \/>\n<meta property=\"og:url\" content=\"https:\/\/dev.explora.cl\/magallanes\/atencion-estudiantes-y-profesores-se-inicia-convocatoria-para-participar-del-xx-congreso-regional-escolar-de-ciencia-y-tecnologia\/\" class=\"yoast-seo-meta-tag\" \/>\n<meta property=\"og:site_name\" content=\"Magallanes\" class=\"yoast-seo-meta-tag\" \/>\n<meta property=\"article:published_time\" content=\"2017-08-01T04:00:00+00:00\" class=\"yoast-seo-meta-tag\" \/>\n<meta property=\"article:modified_time\" content=\"2019-05-20T21:35:39+00:00\" class=\"yoast-seo-meta-tag\" \/>\n<meta property=\"og:image\" content=\"https:\/\/dev.explora.cl\/magallanes\/wp-content\/uploads\/sites\/19\/2018\/06\/afichecongresoregional.jpg\" class=\"yoast-seo-meta-tag\" \/>\n\t<meta property=\"og:image:width\" content=\"400\" class=\"yoast-seo-meta-tag\" \/>\n\t<meta property=\"og:image:height\" content=\"568\" class=\"yoast-seo-meta-tag\" \/>\n\t<meta property=\"og:image:type\" content=\"image\/jpeg\" class=\"yoast-seo-meta-tag\" \/>\n<meta name=\"author\" content=\"webman\" class=\"yoast-seo-meta-tag\" \/>\n<meta name=\"twitter:card\" content=\"summary_large_image\" class=\"yoast-seo-meta-tag\" \/>\n<meta name=\"twitter:label1\" content=\"Escrito por\" class=\"yoast-seo-meta-tag\" \/>\n\t<meta name=\"twitter:data1\" content=\"webman\" class=\"yoast-seo-meta-tag\" \/>\n\t<meta name=\"twitter:label2\" content=\"Tiempo estimado de lectura\" class=\"yoast-seo-meta-tag\" \/>\n\t<meta name=\"twitter:data2\" content=\"3 minutos\" class=\"yoast-seo-meta-tag\" \/>\n<script type=\"application\/ld+json\" class=\"yoast-schema-graph\">{\"@context\":\"https:\/\/schema.org\",\"@graph\":[{\"@type\":\"Article\",\"@id\":\"https:\/\/dev.explora.cl\/magallanes\/atencion-estudiantes-y-profesores-se-inicia-convocatoria-para-participar-del-xx-congreso-regional-escolar-de-ciencia-y-tecnologia\/#article\",\"isPartOf\":{\"@id\":\"https:\/\/dev.explora.cl\/magallanes\/atencion-estudiantes-y-profesores-se-inicia-convocatoria-para-participar-del-xx-congreso-regional-escolar-de-ciencia-y-tecnologia\/\"},\"author\":{\"name\":\"webman\",\"@id\":\"https:\/\/dev.explora.cl\/magallanes\/#\/schema\/person\/cb8349c13ea2d324080adf8480d7ba5d\"},\"headline\":\"\u00a1Atenci\u00f3n estudiantes y profesores! Se inicia convocatoria para participar del XX Congreso Regional Escolar de Ciencia y Tecnolog\u00eda\",\"datePublished\":\"2017-08-01T04:00:00+00:00\",\"dateModified\":\"2019-05-20T21:35:39+00:00\",\"mainEntityOfPage\":{\"@id\":\"https:\/\/dev.explora.cl\/magallanes\/atencion-estudiantes-y-profesores-se-inicia-convocatoria-para-participar-del-xx-congreso-regional-escolar-de-ciencia-y-tecnologia\/\"},\"wordCount\":548,\"commentCount\":0,\"publisher\":{\"@id\":\"https:\/\/dev.explora.cl\/magallanes\/#organization\"},\"image\":{\"@id\":\"https:\/\/dev.explora.cl\/magallanes\/atencion-estudiantes-y-profesores-se-inicia-convocatoria-para-participar-del-xx-congreso-regional-escolar-de-ciencia-y-tecnologia\/#primaryimage\"},\"thumbnailUrl\":\"https:\/\/dev.explora.cl\/magallanes\/wp-content\/uploads\/sites\/19\/2018\/06\/afichecongresoregional.jpg\",\"articleSection\":[\"Noticias\"],\"inLanguage\":\"es-CL\",\"potentialAction\":[{\"@type\":\"CommentAction\",\"name\":\"Comment\",\"target\":[\"https:\/\/dev.explora.cl\/magallanes\/atencion-estudiantes-y-profesores-se-inicia-convocatoria-para-participar-del-xx-congreso-regional-escolar-de-ciencia-y-tecnologia\/#respond\"]}]},{\"@type\":\"WebPage\",\"@id\":\"https:\/\/dev.explora.cl\/magallanes\/atencion-estudiantes-y-profesores-se-inicia-convocatoria-para-participar-del-xx-congreso-regional-escolar-de-ciencia-y-tecnologia\/\",\"url\":\"https:\/\/dev.explora.cl\/magallanes\/atencion-estudiantes-y-profesores-se-inicia-convocatoria-para-participar-del-xx-congreso-regional-escolar-de-ciencia-y-tecnologia\/\",\"name\":\"\u00a1Atenci\u00f3n estudiantes y profesores! Se inicia convocatoria para participar del XX Congreso Regional Escolar de Ciencia y Tecnolog\u00eda - Magallanes\",\"isPartOf\":{\"@id\":\"https:\/\/dev.explora.cl\/magallanes\/#website\"},\"primaryImageOfPage\":{\"@id\":\"https:\/\/dev.explora.cl\/magallanes\/atencion-estudiantes-y-profesores-se-inicia-convocatoria-para-participar-del-xx-congreso-regional-escolar-de-ciencia-y-tecnologia\/#primaryimage\"},\"image\":{\"@id\":\"https:\/\/dev.explora.cl\/magallanes\/atencion-estudiantes-y-profesores-se-inicia-convocatoria-para-participar-del-xx-congreso-regional-escolar-de-ciencia-y-tecnologia\/#primaryimage\"},\"thumbnailUrl\":\"https:\/\/dev.explora.cl\/magallanes\/wp-content\/uploads\/sites\/19\/2018\/06\/afichecongresoregional.jpg\",\"datePublished\":\"2017-08-01T04:00:00+00:00\",\"dateModified\":\"2019-05-20T21:35:39+00:00\",\"breadcrumb\":{\"@id\":\"https:\/\/dev.explora.cl\/magallanes\/atencion-estudiantes-y-profesores-se-inicia-convocatoria-para-participar-del-xx-congreso-regional-escolar-de-ciencia-y-tecnologia\/#breadcrumb\"},\"inLanguage\":\"es-CL\",\"potentialAction\":[{\"@type\":\"ReadAction\",\"target\":[\"https:\/\/dev.explora.cl\/magallanes\/atencion-estudiantes-y-profesores-se-inicia-convocatoria-para-participar-del-xx-congreso-regional-escolar-de-ciencia-y-tecnologia\/\"]}]},{\"@type\":\"ImageObject\",\"inLanguage\":\"es-CL\",\"@id\":\"https:\/\/dev.explora.cl\/magallanes\/atencion-estudiantes-y-profesores-se-inicia-convocatoria-para-participar-del-xx-congreso-regional-escolar-de-ciencia-y-tecnologia\/#primaryimage\",\"url\":\"https:\/\/dev.explora.cl\/magallanes\/wp-content\/uploads\/sites\/19\/2018\/06\/afichecongresoregional.jpg\",\"contentUrl\":\"https:\/\/dev.explora.cl\/magallanes\/wp-content\/uploads\/sites\/19\/2018\/06\/afichecongresoregional.jpg\",\"width\":400,\"height\":568},{\"@type\":\"BreadcrumbList\",\"@id\":\"https:\/\/dev.explora.cl\/magallanes\/atencion-estudiantes-y-profesores-se-inicia-convocatoria-para-participar-del-xx-congreso-regional-escolar-de-ciencia-y-tecnologia\/#breadcrumb\",\"itemListElement\":[{\"@type\":\"ListItem\",\"position\":1,\"name\":\"Portada\",\"item\":\"https:\/\/dev.explora.cl\/magallanes\/\"},{\"@type\":\"ListItem\",\"position\":2,\"name\":\"\u00a1Atenci\u00f3n estudiantes y profesores! Se inicia convocatoria para participar del XX Congreso Regional Escolar de Ciencia y Tecnolog\u00eda\"}]},{\"@type\":\"WebSite\",\"@id\":\"https:\/\/dev.explora.cl\/magallanes\/#website\",\"url\":\"https:\/\/dev.explora.cl\/magallanes\/\",\"name\":\"Magallanes\",\"description\":\"Otro sitio m\u00e1s de dev.explora.cl\",\"publisher\":{\"@id\":\"https:\/\/dev.explora.cl\/magallanes\/#organization\"},\"potentialAction\":[{\"@type\":\"SearchAction\",\"target\":{\"@type\":\"EntryPoint\",\"urlTemplate\":\"https:\/\/dev.explora.cl\/magallanes\/?s={search_term_string}\"},\"query-input\":{\"@type\":\"PropertyValueSpecification\",\"valueRequired\":true,\"valueName\":\"search_term_string\"}}],\"inLanguage\":\"es-CL\"},{\"@type\":\"Organization\",\"@id\":\"https:\/\/dev.explora.cl\/magallanes\/#organization\",\"name\":\"Magallanes\",\"url\":\"https:\/\/dev.explora.cl\/magallanes\/\",\"logo\":{\"@type\":\"ImageObject\",\"inLanguage\":\"es-CL\",\"@id\":\"https:\/\/dev.explora.cl\/magallanes\/#\/schema\/logo\/image\/\",\"url\":\"https:\/\/dev.explora.cl\/magallanes\/wp-content\/uploads\/sites\/19\/2021\/06\/cropped-ICONO-COLOR-2.jpg\",\"contentUrl\":\"https:\/\/dev.explora.cl\/magallanes\/wp-content\/uploads\/sites\/19\/2021\/06\/cropped-ICONO-COLOR-2.jpg\",\"width\":1181,\"height\":1181,\"caption\":\"Magallanes\"},\"image\":{\"@id\":\"https:\/\/dev.explora.cl\/magallanes\/#\/schema\/logo\/image\/\"}},{\"@type\":\"Person\",\"@id\":\"https:\/\/dev.explora.cl\/magallanes\/#\/schema\/person\/cb8349c13ea2d324080adf8480d7ba5d\",\"name\":\"webman\",\"image\":{\"@type\":\"ImageObject\",\"inLanguage\":\"es-CL\",\"@id\":\"https:\/\/dev.explora.cl\/magallanes\/#\/schema\/person\/image\/\",\"url\":\"https:\/\/secure.gravatar.com\/avatar\/eeff3c82f2c02f7177d13663b7e6f890e9a6a0647ce9bb29cae02dcb094c7312?s=96&d=mm&r=g\",\"contentUrl\":\"https:\/\/secure.gravatar.com\/avatar\/eeff3c82f2c02f7177d13663b7e6f890e9a6a0647ce9bb29cae02dcb094c7312?s=96&d=mm&r=g\",\"caption\":\"webman\"},\"url\":\"https:\/\/dev.explora.cl\/magallanes\/author\/webman\/\"}]}<\/script>\n<!-- \/ Yoast SEO plugin. -->","yoast_head_json":{"title":"\u00a1Atenci\u00f3n estudiantes y profesores! Se inicia convocatoria para participar del XX Congreso Regional Escolar de Ciencia y Tecnolog\u00eda - Magallanes","robots":{"index":"index","follow":"follow","max-snippet":"max-snippet:-1","max-image-preview":"max-image-preview:large","max-video-preview":"max-video-preview:-1"},"canonical":"https:\/\/dev.explora.cl\/magallanes\/atencion-estudiantes-y-profesores-se-inicia-convocatoria-para-participar-del-xx-congreso-regional-escolar-de-ciencia-y-tecnologia\/","og_locale":"es_ES","og_type":"article","og_title":"\u00a1Atenci\u00f3n estudiantes y profesores! Se inicia convocatoria para participar del XX Congreso Regional Escolar de Ciencia y Tecnolog\u00eda - Magallanes","og_description":"Una excelente participaci\u00f3n consigui\u00f3 Magallanes en el Congreso Nacional Escolar de Ciencia y Tecnolog\u00eda (CNECyT) 2016 del Programa Explora de CONICYT: Pablo Sanhueza y Gianfranco Cavallieri del Colegio Luterano obtuvieron el primer lugar de la categor\u00eda Educaci\u00f3n Media. Por su parte, Eric Mansilla y Fernando Vargas del Liceo Industrial Armando Quezada Achar\u00e1n fueron galardonados con [&hellip;]","og_url":"https:\/\/dev.explora.cl\/magallanes\/atencion-estudiantes-y-profesores-se-inicia-convocatoria-para-participar-del-xx-congreso-regional-escolar-de-ciencia-y-tecnologia\/","og_site_name":"Magallanes","article_published_time":"2017-08-01T04:00:00+00:00","article_modified_time":"2019-05-20T21:35:39+00:00","og_image":[{"width":400,"height":568,"url":"https:\/\/dev.explora.cl\/magallanes\/wp-content\/uploads\/sites\/19\/2018\/06\/afichecongresoregional.jpg","type":"image\/jpeg"}],"author":"webman","twitter_card":"summary_large_image","twitter_misc":{"Escrito por":"webman","Tiempo estimado de lectura":"3 minutos"},"schema":{"@context":"https:\/\/schema.org","@graph":[{"@type":"Article","@id":"https:\/\/dev.explora.cl\/magallanes\/atencion-estudiantes-y-profesores-se-inicia-convocatoria-para-participar-del-xx-congreso-regional-escolar-de-ciencia-y-tecnologia\/#article","isPartOf":{"@id":"https:\/\/dev.explora.cl\/magallanes\/atencion-estudiantes-y-profesores-se-inicia-convocatoria-para-participar-del-xx-congreso-regional-escolar-de-ciencia-y-tecnologia\/"},"author":{"name":"webman","@id":"https:\/\/dev.explora.cl\/magallanes\/#\/schema\/person\/cb8349c13ea2d324080adf8480d7ba5d"},"headline":"\u00a1Atenci\u00f3n estudiantes y profesores! Se inicia convocatoria para participar del XX Congreso Regional Escolar de Ciencia y Tecnolog\u00eda","datePublished":"2017-08-01T04:00:00+00:00","dateModified":"2019-05-20T21:35:39+00:00","mainEntityOfPage":{"@id":"https:\/\/dev.explora.cl\/magallanes\/atencion-estudiantes-y-profesores-se-inicia-convocatoria-para-participar-del-xx-congreso-regional-escolar-de-ciencia-y-tecnologia\/"},"wordCount":548,"commentCount":0,"publisher":{"@id":"https:\/\/dev.explora.cl\/magallanes\/#organization"},"image":{"@id":"https:\/\/dev.explora.cl\/magallanes\/atencion-estudiantes-y-profesores-se-inicia-convocatoria-para-participar-del-xx-congreso-regional-escolar-de-ciencia-y-tecnologia\/#primaryimage"},"thumbnailUrl":"https:\/\/dev.explora.cl\/magallanes\/wp-content\/uploads\/sites\/19\/2018\/06\/afichecongresoregional.jpg","articleSection":["Noticias"],"inLanguage":"es-CL","potentialAction":[{"@type":"CommentAction","name":"Comment","target":["https:\/\/dev.explora.cl\/magallanes\/atencion-estudiantes-y-profesores-se-inicia-convocatoria-para-participar-del-xx-congreso-regional-escolar-de-ciencia-y-tecnologia\/#respond"]}]},{"@type":"WebPage","@id":"https:\/\/dev.explora.cl\/magallanes\/atencion-estudiantes-y-profesores-se-inicia-convocatoria-para-participar-del-xx-congreso-regional-escolar-de-ciencia-y-tecnologia\/","url":"https:\/\/dev.explora.cl\/magallanes\/atencion-estudiantes-y-profesores-se-inicia-convocatoria-para-participar-del-xx-congreso-regional-escolar-de-ciencia-y-tecnologia\/","name":"\u00a1Atenci\u00f3n estudiantes y profesores! Se inicia convocatoria para participar del XX Congreso Regional Escolar de Ciencia y Tecnolog\u00eda - Magallanes","isPartOf":{"@id":"https:\/\/dev.explora.cl\/magallanes\/#website"},"primaryImageOfPage":{"@id":"https:\/\/dev.explora.cl\/magallanes\/atencion-estudiantes-y-profesores-se-inicia-convocatoria-para-participar-del-xx-congreso-regional-escolar-de-ciencia-y-tecnologia\/#primaryimage"},"image":{"@id":"https:\/\/dev.explora.cl\/magallanes\/atencion-estudiantes-y-profesores-se-inicia-convocatoria-para-participar-del-xx-congreso-regional-escolar-de-ciencia-y-tecnologia\/#primaryimage"},"thumbnailUrl":"https:\/\/dev.explora.cl\/magallanes\/wp-content\/uploads\/sites\/19\/2018\/06\/afichecongresoregional.jpg","datePublished":"2017-08-01T04:00:00+00:00","dateModified":"2019-05-20T21:35:39+00:00","breadcrumb":{"@id":"https:\/\/dev.explora.cl\/magallanes\/atencion-estudiantes-y-profesores-se-inicia-convocatoria-para-participar-del-xx-congreso-regional-escolar-de-ciencia-y-tecnologia\/#breadcrumb"},"inLanguage":"es-CL","potentialAction":[{"@type":"ReadAction","target":["https:\/\/dev.explora.cl\/magallanes\/atencion-estudiantes-y-profesores-se-inicia-convocatoria-para-participar-del-xx-congreso-regional-escolar-de-ciencia-y-tecnologia\/"]}]},{"@type":"ImageObject","inLanguage":"es-CL","@id":"https:\/\/dev.explora.cl\/magallanes\/atencion-estudiantes-y-profesores-se-inicia-convocatoria-para-participar-del-xx-congreso-regional-escolar-de-ciencia-y-tecnologia\/#primaryimage","url":"https:\/\/dev.explora.cl\/magallanes\/wp-content\/uploads\/sites\/19\/2018\/06\/afichecongresoregional.jpg","contentUrl":"https:\/\/dev.explora.cl\/magallanes\/wp-content\/uploads\/sites\/19\/2018\/06\/afichecongresoregional.jpg","width":400,"height":568},{"@type":"BreadcrumbList","@id":"https:\/\/dev.explora.cl\/magallanes\/atencion-estudiantes-y-profesores-se-inicia-convocatoria-para-participar-del-xx-congreso-regional-escolar-de-ciencia-y-tecnologia\/#breadcrumb","itemListElement":[{"@type":"ListItem","position":1,"name":"Portada","item":"https:\/\/dev.explora.cl\/magallanes\/"},{"@type":"ListItem","position":2,"name":"\u00a1Atenci\u00f3n estudiantes y profesores! Se inicia convocatoria para participar del XX Congreso Regional Escolar de Ciencia y Tecnolog\u00eda"}]},{"@type":"WebSite","@id":"https:\/\/dev.explora.cl\/magallanes\/#website","url":"https:\/\/dev.explora.cl\/magallanes\/","name":"Magallanes","description":"Otro sitio m\u00e1s de dev.explora.cl","publisher":{"@id":"https:\/\/dev.explora.cl\/magallanes\/#organization"},"potentialAction":[{"@type":"SearchAction","target":{"@type":"EntryPoint","urlTemplate":"https:\/\/dev.explora.cl\/magallanes\/?s={search_term_string}"},"query-input":{"@type":"PropertyValueSpecification","valueRequired":true,"valueName":"search_term_string"}}],"inLanguage":"es-CL"},{"@type":"Organization","@id":"https:\/\/dev.explora.cl\/magallanes\/#organization","name":"Magallanes","url":"https:\/\/dev.explora.cl\/magallanes\/","logo":{"@type":"ImageObject","inLanguage":"es-CL","@id":"https:\/\/dev.explora.cl\/magallanes\/#\/schema\/logo\/image\/","url":"https:\/\/dev.explora.cl\/magallanes\/wp-content\/uploads\/sites\/19\/2021\/06\/cropped-ICONO-COLOR-2.jpg","contentUrl":"https:\/\/dev.explora.cl\/magallanes\/wp-content\/uploads\/sites\/19\/2021\/06\/cropped-ICONO-COLOR-2.jpg","width":1181,"height":1181,"caption":"Magallanes"},"image":{"@id":"https:\/\/dev.explora.cl\/magallanes\/#\/schema\/logo\/image\/"}},{"@type":"Person","@id":"https:\/\/dev.explora.cl\/magallanes\/#\/schema\/person\/cb8349c13ea2d324080adf8480d7ba5d","name":"webman","image":{"@type":"ImageObject","inLanguage":"es-CL","@id":"https:\/\/dev.explora.cl\/magallanes\/#\/schema\/person\/image\/","url":"https:\/\/secure.gravatar.com\/avatar\/eeff3c82f2c02f7177d13663b7e6f890e9a6a0647ce9bb29cae02dcb094c7312?s=96&d=mm&r=g","contentUrl":"https:\/\/secure.gravatar.com\/avatar\/eeff3c82f2c02f7177d13663b7e6f890e9a6a0647ce9bb29cae02dcb094c7312?s=96&d=mm&r=g","caption":"webman"},"url":"https:\/\/dev.explora.cl\/magallanes\/author\/webman\/"}]}},"_links":{"self":[{"href":"https:\/\/dev.explora.cl\/magallanes\/wp-json\/wp\/v2\/posts\/728","targetHints":{"allow":["GET"]}}],"collection":[{"href":"https:\/\/dev.explora.cl\/magallanes\/wp-json\/wp\/v2\/posts"}],"about":[{"href":"https:\/\/dev.explora.cl\/magallanes\/wp-json\/wp\/v2\/types\/post"}],"author":[{"embeddable":true,"href":"https:\/\/dev.explora.cl\/magallanes\/wp-json\/wp\/v2\/users\/2"}],"replies":[{"embeddable":true,"href":"https:\/\/dev.explora.cl\/magallanes\/wp-json\/wp\/v2\/comments?post=728"}],"version-history":[{"count":1,"href":"https:\/\/dev.explora.cl\/magallanes\/wp-json\/wp\/v2\/posts\/728\/revisions"}],"predecessor-version":[{"id":37684,"href":"https:\/\/dev.explora.cl\/magallanes\/wp-json\/wp\/v2\/posts\/728\/revisions\/37684"}],"wp:featuredmedia":[{"embeddable":true,"href":"https:\/\/dev.explora.cl\/magallanes\/wp-json\/wp\/v2\/media\/729"}],"wp:attachment":[{"href":"https:\/\/dev.explora.cl\/magallanes\/wp-json\/wp\/v2\/media?parent=728"}],"wp:term":[{"taxonomy":"category","embeddable":true,"href":"https:\/\/dev.explora.cl\/magallanes\/wp-json\/wp\/v2\/categories?post=728"},{"taxonomy":"post_tag","embeddable":true,"href":"https:\/\/dev.explora.cl\/magallanes\/wp-json\/wp\/v2\/tags?post=728"}],"curies":[{"name":"wp","href":"https:\/\/api.w.org\/{rel}","templated":true}]}}