{"id":720,"date":"2017-07-04T00:00:00","date_gmt":"2017-07-04T04:00:00","guid":{"rendered":"https:\/\/dev.explora.cl\/magallanes\/blog\/2017\/07\/04\/apurate-manana-vence-plazo-para-inscribirse-en-los-talleres-de-invierno-2017\/"},"modified":"2019-05-20T21:35:42","modified_gmt":"2019-05-20T21:35:42","slug":"apurate-manana-vence-plazo-para-inscribirse-en-los-talleres-de-invierno-2017","status":"publish","type":"post","link":"https:\/\/dev.explora.cl\/magallanes\/apurate-manana-vence-plazo-para-inscribirse-en-los-talleres-de-invierno-2017\/","title":{"rendered":"\u00a1Ap\u00farate! Este mi\u00e9rcoles vence plazo para inscribirse en los Talleres de Invierno 2017"},"content":{"rendered":"<p class=\"MsoNormal\" style=\"margin-bottom: 9pt;text-align: justify;background-image: initial;background-position: initial\"><span style=\"font-family: 'Calibri Light',sans-serif\">Este mi\u00e9rcoles 05 de julio finaliza el proceso de inscripci\u00f3n para los Talleres de Invierno 2017 del PAR Explora de CONICYT Regi\u00f3n de Magallanes y de la Ant\u00e1rtica Chilena. En total, son seis talleres cient\u00edficos para ni\u00f1os, ni\u00f1as y j\u00f3venes de Punta Arenas, que se llevar\u00e1n a cabo los d\u00edas 10 al 14 de julio en horario de 09 a 14 horas en dependencias del Instituto Don Bosco.<\/span><\/p>\n<p class=\"MsoNormal\" style=\"margin-bottom: 9pt;text-align: justify;background-image: initial;background-position: initial\"><span style=\"font-family: 'Calibri Light',sans-serif\">El taller \u201cAnt\u00e1rtica al l\u00edmite\u201d cerr\u00f3 sus cupos disponibles a fines de la semana pasada, en tanto, quedan pocos cupos para \u201cVicoCiencia\u201d, cuyo p\u00fablico objetivo es de segundo ciclo b\u00e1sico (5\u00b0 a 8\u00b0) y ense\u00f1anza media, y donde es importante aclarar que se dividir\u00e1n en dos grupos, uno para estudiantes de b\u00e1sica y otro para media, donde cada uno trabajar\u00e1 con un encargado de taller. <\/span><\/p>\n<p class=\"MsoNormal\" style=\"margin-bottom: 9pt;text-align: justify;background-image: initial;background-position: initial\"><span style=\"font-family: 'Calibri Light',sans-serif\">Tambi\u00e9n quedan cupos disponibles para \u201cComuniquemos Ciencia\u201d cuyo grupo objetivo es de 5\u00b0 b\u00e1sico a 1\u00b0 medio y donde se les ense\u00f1ar\u00e1 t\u00e9cnicas de expresi\u00f3n corporal y escrita para, como bien se\u00f1ala su nombre comunicar de manera efectiva una investigaci\u00f3n cient\u00edfica. <\/span><\/p>\n<p class=\"MsoNormal\" style=\"margin-bottom: 9pt;text-align: justify;background-image: initial;background-position: initial\"><span style=\"font-family: 'Calibri Light',sans-serif\">Por tanto, los cursos H2Oc\u00e9anos y Explora Noticias (Taller de Periodismo Cient\u00edfico Escolar) apuntan a j\u00f3venes de 7\u00b0 b\u00e1sico a 4\u00b0 medio. Cierra esta n\u00f3mina \u201cExplorando con Celdas Fotovolt\u00e1icas\u201d que est\u00e1 enfocado en escolares de 1\u00b0 a 4\u00b0 medio. <\/span><\/p>\n<p class=\"MsoNormal\" style=\"margin-bottom: 9pt;text-align: justify;background-image: initial;background-position: initial\"><span style=\"font-family: 'Calibri Light',sans-serif\">El detalle de los talleres es el siguiente: <\/span><\/p>\n<table class=\"MsoTable15Grid1LightAccent1\" style=\"width: 586px;border-collapse: collapse;border: none\" border=\"1\" cellspacing=\"0\" cellpadding=\"0\">\n<tbody>\n<tr>\n<td style=\"width: 105px;border-width: 1pt 1pt 1.5pt;border-style: solid;border-color: #b4c6e7 #b4c6e7 #8eaadb;padding: 0cm 5.4pt\" valign=\"top\">\n<p class=\"MsoNormal\" style=\"margin-bottom: .0001pt;text-align: justify;line-height: normal\"><strong><span style=\"font-family: 'Calibri Light',sans-serif\">Nombre del taller<\/span><\/strong><\/p>\n<\/td>\n<td style=\"width: 100px;border-top: 1pt solid #b4c6e7;border-left: none;border-bottom: 1.5pt solid #8eaadb;border-right: 1pt solid #b4c6e7;padding: 0cm 5.4pt\" valign=\"top\">\n<p class=\"MsoNormal\" style=\"margin-bottom: .0001pt;text-align: justify;line-height: normal\"><strong><span style=\"font-family: 'Calibri Light',sans-serif\">Jefe de taller<\/span><\/strong><\/p>\n<\/td>\n<td style=\"width: 95px;border-top: 1pt solid #b4c6e7;border-left: none;border-bottom: 1.5pt solid #8eaadb;border-right: 1pt solid #b4c6e7;padding: 0cm 5.4pt\" valign=\"top\">\n<p class=\"MsoNormal\" style=\"margin-bottom: .0001pt;text-align: justify;line-height: normal\"><strong><span style=\"font-family: 'Calibri Light',sans-serif\">Curso<\/span><\/strong><\/p>\n<\/td>\n<td style=\"width: 158px;border-top: 1pt solid #b4c6e7;border-left: none;border-bottom: 1.5pt solid #8eaadb;border-right: 1pt solid #b4c6e7;padding: 0cm 5.4pt\" valign=\"top\">\n<p class=\"MsoNormal\" style=\"margin-bottom: .0001pt;text-align: justify;line-height: normal\"><strong><span style=\"font-family: 'Calibri Light',sans-serif\">Objetivo<\/span><\/strong><\/p>\n<\/td>\n<td style=\"width: 49px;border-top: 1pt solid #b4c6e7;border-left: none;border-bottom: 1.5pt solid #8eaadb;border-right: 1pt solid #b4c6e7;padding: 0cm 5.4pt\" valign=\"top\">\n<p class=\"MsoNormal\" style=\"margin-bottom: .0001pt;text-align: justify;line-height: normal\"><strong><span style=\"font-family: 'Calibri Light',sans-serif\">Cupos<\/span><\/strong><\/p>\n<\/td>\n<\/tr>\n<tr>\n<td style=\"width: 105px;border-right: 1pt solid #b4c6e7;border-bottom: 1pt solid #b4c6e7;border-left: 1pt solid #b4c6e7;border-top: none;padding: 0cm 5.4pt\" valign=\"top\">\n<p class=\"MsoNormal\" style=\"margin-bottom: .0001pt;text-align: justify;line-height: normal\"><strong><span style=\"font-family: 'Calibri Light',sans-serif\">Comuniquemos Ciencia<\/span><\/strong><\/p>\n<\/td>\n<td style=\"width: 100px;border-top: none;border-left: none;border-bottom: 1pt solid #b4c6e7;border-right: 1pt solid #b4c6e7;padding: 0cm 5.4pt\" valign=\"top\">\n<p class=\"MsoNormal\" style=\"margin-bottom: .0001pt;text-align: justify;line-height: normal\"><span style=\"font-family: 'Calibri Light',sans-serif\">Claudia Salinas y Hermann Reiher<\/span><\/p>\n<\/td>\n<td style=\"width: 95px;border-top: none;border-left: none;border-bottom: 1pt solid #b4c6e7;border-right: 1pt solid #b4c6e7;padding: 0cm 5.4pt\" valign=\"top\">\n<p class=\"MsoNormal\" style=\"margin-bottom: .0001pt;text-align: justify;line-height: normal\"><span style=\"font-family: 'Calibri Light',sans-serif\">5\u00b0 b\u00e1sico \u2013 1\u00b0 medio<\/span><\/p>\n<\/td>\n<td style=\"width: 158px;border-top: none;border-left: none;border-bottom: 1pt solid #b4c6e7;border-right: 1pt solid #b4c6e7;padding: 0cm 5.4pt\" valign=\"top\">\n<p class=\"MsoNormal\" style=\"margin-bottom: .0001pt;text-align: justify;line-height: normal\"><span style=\"font-family: 'Calibri Light',sans-serif\">Aprender a comunicar en forma efectiva una investigaci\u00f3n cien<br \/>\nt\u00edfica, se les ense\u00f1ar\u00e1n t\u00e9cnicas de escritura y expresi\u00f3n corporal, enmarcadas en el m\u00e9todo cient\u00edfico de una manera entretenida.<\/span><\/p>\n<\/td>\n<td style=\"width: 49px;border-top: none;border-left: none;border-bottom: 1pt solid #b4c6e7;border-right: 1pt solid #b4c6e7;padding: 0cm 5.4pt\" valign=\"top\">\n<p class=\"MsoNormal\" style=\"margin-bottom: .0001pt;text-align: justify;line-height: normal\"><span style=\"font-family: 'Calibri Light',sans-serif\">25<\/span><\/p>\n<\/td>\n<\/tr>\n<tr>\n<td style=\"width: 105px;border-right: 1pt solid #b4c6e7;border-bottom: 1pt solid #b4c6e7;border-left: 1pt solid #b4c6e7;border-top: none;padding: 0cm 5.4pt\" valign=\"top\">\n<p class=\"MsoNormal\" style=\"margin-bottom: .0001pt;text-align: justify;line-height: normal\"><strong><span style=\"font-family: 'Calibri Light',sans-serif\">H<sub>2<\/sub>Oc\u00e9anos<\/span><\/strong><\/p>\n<\/td>\n<td style=\"width: 100px;border-top: none;border-left: none;border-bottom: 1pt solid #b4c6e7;border-right: 1pt solid #b4c6e7;padding: 0cm 5.4pt\" valign=\"top\">\n<p class=\"MsoNormal\" style=\"margin-bottom: .0001pt;text-align: justify;line-height: normal\"><span style=\"font-family: 'Calibri Light',sans-serif\">Carolina Hern\u00e1ndez y Hermann Reiher<\/span><\/p>\n<\/td>\n<td style=\"width: 95px;border-top: none;border-left: none;border-bottom: 1pt solid #b4c6e7;border-right: 1pt solid #b4c6e7;padding: 0cm 5.4pt\" valign=\"top\">\n<p class=\"MsoNormal\" style=\"margin-bottom: .0001pt;text-align: justify;line-height: normal\"><span style=\"font-family: 'Calibri Light',sans-serif\">7\u00b0 b\u00e1sico \u2013 4\u00b0 medio<\/span><\/p>\n<\/td>\n<td style=\"width: 158px;border-top: none;border-left: none;border-bottom: 1pt solid #b4c6e7;border-right: 1pt solid #b4c6e7;padding: 0cm 5.4pt\" valign=\"top\">\n<p class=\"MsoNormal\" style=\"margin-bottom: .0001pt;text-align: justify;line-height: normal\"><span style=\"font-family: 'Calibri Light',sans-serif\">Concientizar a los alumnos de distintos establecimientos educacionales de la regi\u00f3n de Magallanes, de los efectos que tiene el actuar del hombre en el ecosistema marino. Enfatizando en el rol de la ingenier\u00eda qu\u00edmica para la prevenci\u00f3n, contenci\u00f3n y remediaci\u00f3n de la contaminaci\u00f3n en el mar.<\/span><\/p>\n<\/td>\n<td style=\"width: 49px;border-top: none;border-left: none;border-bottom: 1pt solid #b4c6e7;border-right: 1pt solid #b4c6e7;padding: 0cm 5.4pt\" valign=\"top\">\n<p class=\"MsoNormal\" style=\"margin-bottom: .0001pt;text-align: justify;line-height: normal\"><span style=\"font-family: 'Calibri Light',sans-serif\">25<\/span><\/p>\n<\/td>\n<\/tr>\n<tr>\n<td style=\"width: 105px;border-right: 1pt solid #b4c6e7;border-bottom: 1pt solid #b4c6e7;border-left: 1pt solid #b4c6e7;border-top: none;padding: 0cm 5.4pt\" valign=\"top\">\n<p class=\"MsoNormal\" style=\"margin-bottom: .0001pt;text-align: justify;line-height: normal\"><strong><span style=\"text-decoration: line-through\"><span style=\"font-family: 'Calibri Light',sans-serif\">VicoCiencia<\/span><\/span><\/strong><\/p>\n<\/td>\n<td style=\"width: 100px;border-top: none;border-left: none;border-bottom: 1pt solid #b4c6e7;border-right: 1pt solid #b4c6e7;padding: 0cm 5.4pt\" valign=\"top\">\n<p class=\"MsoNormal\" style=\"margin-bottom: .0001pt;text-align: justify;line-height: normal\"><span style=\"text-decoration: line-through\"><span style=\"font-family: 'Calibri Light',sans-serif\">Constanza Jim\u00e9nez y Ricardo Guineo<\/span><\/span><\/p>\n<\/td>\n<td style=\"width: 95px;border-top: none;border-left: none;border-bottom: 1pt solid #b4c6e7;border-right: 1pt solid #b4c6e7;padding: 0cm 5.4pt\" valign=\"top\">\n<p class=\"MsoNormal\" style=\"margin-bottom: .0001pt;text-align: justify;line-height: normal\"><span style=\"text-decoration: line-through\"><span style=\"font-family: 'Calibri Light',sans-serif\">5\u00b0 b\u00e1sico \u2013 4\u00b0 medio<\/span><\/span><\/p>\n<\/td>\n<td style=\"width: 158px;border-top: none;border-left: none;border-bottom: 1pt solid #b4c6e7;border-right: 1pt solid #b4c6e7;padding: 0cm 5.4pt\" valign=\"top\">\n<p class=\"MsoNormal\" style=\"margin-bottom: .0001pt;text-align: justify;line-height: normal\"><span style=\"text-decoration: line-through\"><span style=\"font-family: 'Calibri Light',sans-serif\">En el taller de invierno \u201cVicoCiencia\u201d, nos acompa\u00f1ara un amigo muy especial, el zorrito culpeo \u201cVico\u201d, la mascota de PAR Explora Magallanes, el cual te invita a conocer y saber c\u00f3mo funcionan los sucesos que nos afectan nuestro diario vivir, explicadas a trav\u00e9s de las ciencias naturales como lo son la Biolog\u00eda, la Qu\u00edmica y la F\u00edsica. A trav\u00e9s de estas actividades, se da hincapi\u00e9 que las ciencias pueden ser divertidas, asombrosas y entretenidas.<\/span><\/span><\/p>\n<\/td>\n<td style=\"width: 49px;border-top: none;border-left: none;border-bottom: 1pt solid #b4c6e7;border-right: 1pt solid #b4c6e7;padding: 0cm 5.4pt\" valign=\"top\">\n<p class=\"MsoNormal\" style=\"margin-bottom: .0001pt;text-align: justify;line-height: normal\"><span style=\"text-decoration: line-through\"><span style=\"font-family: 'Calibri Light',sans-serif\">25<\/span><\/span><\/p>\n<\/td>\n<\/tr>\n<tr>\n<td style=\"width: 105px;border-right: 1pt solid #b4c6e7;border-bottom: 1pt solid #b4c6e7;border-left: 1pt solid #b4c6e7;border-top: none;padding: 0cm 5.4pt\" valign=\"top\">\n<p class=\"MsoNormal\" style=\"margin-bottom: .0001pt;text-align: justify;line-height: normal\"><strong><span style=\"text-decoration: line-through\"><span style=\"font-family: 'Calibri Light',sans-serif\">Experimentando con celdas fotovolt\u00e1icas<\/span><\/span><\/strong><\/p>\n<\/td>\n<td style=\"width: 100px;border-top: none;border-left: none;border-bottom: 1pt solid #b4c6e7;border-right: 1pt solid #b4c6e7;padding: 0cm 5.4pt\" valign=\"top\">\n<p class=\"MsoNormal\" style=\"margin-bottom: .0001pt;text-align: justify;line-height: normal\"><span style=\"text-decoration: line-through\"><span style=\"font-family: 'Calibri Light',sans-serif\">Rub\u00e9n Pe\u00f1a<\/span><\/span><\/p>\n<\/td>\n<td style=\"width: 95px;border-top: none;border-left: none;border-bottom: 1pt solid #b4c6e7;border-right: 1pt solid #b4c6e7;padding: 0cm 5.4pt\" valign=\"top\">\n<p class=\"MsoNormal\" style=\"margin-bottom: .0001pt;text-align: justify;line-height: normal\"><span style=\"text-decoration: line-through\"><span style=\"font-family: 'Calibri Light',sans-serif\">1\u00b0 medio \u2013 4\u00b0 medio<\/span><\/span><\/p>\n<\/td>\n<td style=\"width: 158px;border-top: none;border-left: none;border-bottom: 1pt solid #b4c6e7;border-right: 1pt solid #b4c6e7;padding: 0cm 5.4pt\" valign=\"top\">\n<p class=\"MsoNormal\" style=\"margin-bottom: .0001pt;text-align: justify;line-height: normal\"><span style=\"text-decoration: line-through\"><span style=\"font-family: 'Calibri Light',sans-serif\">Acercar a los estudiantes a las energ\u00edas renovables. Se trabajar\u00e1\u00a0 con diversos kit educacionales, de concentrados solar, purificaci\u00f3n de agua, celdas fotovoltaicas.<\/span><\/span><\/p>\n<\/td>\n<td style=\"width: 49px;border-top: none;border-left: none;border-bottom: 1pt solid #b4c6e7;border-right: 1pt solid #b4c6e7;padding: 0cm 5.4pt\" valign=\"top\">\n<p class=\"MsoNormal\" style=\"margin-bottom: .0001pt;text-align: justify;line-height: normal\"><span style=\"text-decoration: line-through\"><span style=\"font-family: 'Calibri Light',sans-serif\">25<\/span><\/span><\/p>\n<\/td>\n<\/tr>\n<tr>\n<td style=\"width: 105px;border-right: 1pt solid #b4c6e7;border-bottom: 1pt solid #b4c6e7;border-left: 1pt solid #b4c6e7;border-top: none;padding: 0cm 5.4pt\" valign=\"top\">\n<p class=\"MsoNormal\" style=\"margin-bottom: .0001pt;text-align: justify;line-height: normal\"><strong><span style=\"font-family: 'Calibri Light',sans-serif\">Explora Noticias (Taller de Periodismo Cient\u00edfico)<\/span><\/strong><\/p>\n<\/td>\n<td style=\"width: 100px;border-top: none;border-left: none;border-bottom: 1pt solid #b4c6e7;border-right: 1pt solid #b4c6e7;padding: 0cm 5.4pt\" valign=\"top\">\n<p class=\"MsoNormal\" style=\"margin-bottom: .0001pt;text-align: justify;line-height: normal\"><span style=\"font-family: 'Calibri Light',sans-serif\">Camila Buvinic<\/span><\/p>\n<\/td>\n<td style=\"width: 95px;border-top: none;border-left: none;border-bottom: 1pt solid #b4c6e7;border-right: 1pt solid #b4c6e7;padding: 0cm 5.4pt\" valign=\"top\">\n<p class=\"MsoNormal\" style=\"margin-bottom: .0001pt;text-align: justify;line-height: normal\"><span style=\"font-family: 'Calibri Light',sans-serif\">7\u00b0 b\u00e1sico \u2013 4\u00b0 medio<\/span><\/p>\n<\/td>\n<td style=\"width: 158px;border-top: none;border-left: none;border-bottom: 1pt solid #b4c6e7;border-right: 1pt solid #b4c6e7;padding: 0cm 5.4pt\" valign=\"top\">\n<p class=\"MsoNormal\" style=\"margin-bottom: .0001pt;text-align: justify;line-height: normal\"><span style=\"font-family: 'Calibri Light',sans-serif\">El taller te\u00f3rico-pr\u00e1ctico \u201cExplora Noticias\u201d pretende ser un v\u00ednculo entre los escolares, la ciencia y el periodismo. Durante la semana del 10 al 14 de julio, los j\u00f3venes reporteros podr\u00e1n aprender nociones b\u00e1sicas y fundamentos de esta disciplina; adem\u00e1s de aplicar t\u00e9cnicas de reporteo y entrevista. Y por sobre todo, se les ense\u00f1a a c\u00f3mo comunicar el conocimiento cient\u00edfico a trav\u00e9s de diferentes medios de comunicaci\u00f3n.<\/span><\/p>\n<\/td>\n<td style=\"width: 49px;border-top: none;border-left: none;border-bottom: 1pt solid #b4c6e7;border-right: 1pt solid #b4c6e7;padding: 0cm 5.4pt\" valign=\"top\">\n<p class=\"MsoNormal\" style=\"margin-bottom: .0001pt;text-align: justify;line-height: normal\"><span style=\"font-family: 'Calibri Light',sans-serif\">25<\/span><\/p>\n<\/td>\n<\/tr>\n<tr>\n<td style=\"width: 105px;border-right: 1pt solid #b4c6e7;border-bottom: 1pt solid #b4c6e7;border-left: 1pt solid #b4c6e7;border-top: none;padding: 0cm 5.4pt\" valign=\"top\">\n<p class=\"MsoNormal\" style=\"margin-bottom: .0001pt;text-align: justify;line-height: normal\"><strong><span style=\"text-decoration: line-through\"><span style=\"font-family: 'Calibri Light',sans-serif\">Ant\u00e1rtica al l\u00edmite<\/span><\/span><\/strong><\/p>\n<\/td>\n<td style=\"width: 100px;border-top: none;border-left: none;border-bottom: 1pt solid #b4c6e7;border-right: 1pt solid #b4c6e7;padding: 0cm 5.4pt\" valign=\"top\">\n<p class=\"MsoNormal\" style=\"margin-bottom: .0001pt;text-align: justify;line-height: normal\"><span style=\"text-decoration: line-through\"><span style=\"font-family: 'Calibri Light',sans-serif\">Katherine Barr\u00eda e Ignacio Soto<\/span><\/span><\/p>\n<\/td>\n<td style=\"width: 95px;border-top: none;border-left: none;border-bottom: 1pt solid #b4c6e7;border-right: 1pt solid #b4c6e7;padding: 0cm 5.4pt\" valign=\"top\">\n<p class=\"MsoNormal\" style=\"margin-bottom: .0001pt;text-align: justify;line-height: normal\"><span style=\"text-decoration: line-through\"><span style=\"font-family: 'Calibri Light',sans-serif\">2\u00b0 b\u00e1sico \u2013 8\u00b0 b\u00e1sico<\/span><\/span><\/p>\n<\/td>\n<td style=\"width: 158px;border-top: none;border-left: none;border-bottom: 1pt solid #b4c6e7;border-right: 1pt solid #b4c6e7;padding: 0cm 5.4pt\" valign=\"top\">\n<p class=\"MsoNormal\" style=\"margin-bottom: .0001pt;text-align: justify;line-height: normal\"><span style=\"text-decoration: line-through\"><span style=\"font-family: 'Calibri Light',sans-serif\">Este taller mostrar\u00e1 lo fant\u00e1stico del Continente Blanco, su biodiversidad y c\u00f3mo el hombre ha ido llegando a este magn\u00edfico territorio. Pretende ense\u00f1ar a los\/las estudiantes a trav\u00e9s de pr\u00e1cticas entretenidas c\u00f3mo los animalitos han podido soportar las bajas temperaturas y los efectos del cambio clim\u00e1tico en nuestro planeta. <\/span><\/span><\/p>\n<\/td>\n<td style=\"width: 49px;border-top: none;border-left: none;border-bottom: 1pt solid #b4c6e7;border-right: 1pt solid #b4c6e7;padding: 0cm 5.4pt\" valign=\"top\">\n<p class=\"MsoNormal\" style=\"margin-bottom: .0001pt;text-align: justify;line-height: normal\"><span style=\"text-decoration: line-through\"><span style=\"font-family: 'Calibri Light',sans-serif\">25<\/span><\/span><\/p>\n<\/td>\n<\/tr>\n<\/tbody>\n<\/table>\n<p class=\"MsoNormal\" style=\"margin-bottom: 9pt;text-align: justify;background-image: initial;background-position: initial\"><span style=\"text-decoration: underline\"><strong><span style=\"font-family: 'Calibri Light',sans-serif\">Actualizaciones:<\/span><\/strong><\/span><\/p>\n<p class=\"MsoNormal\" style=\"margin-bottom: 9pt;text-align: justify;background-image: initial;background-position: initial\"><strong><span style=\"font-family: 'Calibri Light',sans-serif\">01\/07: No hay cupos para &#8220;Ant\u00e1rtica al l\u00edmite&#8221;.\u00a0<\/span><\/strong><\/p>\n<p class=\"MsoNormal\" style=\"margin-bottom: 9pt;text-align: justify;background-image: initial;background-position: initial\"><strong><span style=\"font-family: 'Calibri Light',sans-serif\">05\/07: El taller &#8220;Explorando con Celdas Fotovolt\u00e1icas&#8221; est\u00e1 completo.\u00a0<\/span><\/strong><\/p>\n<p class=\"MsoNormal\" style=\"margin-bottom: 9pt;text-align: justify;background-image: initial;background-position: initial\"><strong><span style=\"font-family: 'Calibri Light',sans-serif\">05\/07: No quedan cupos en el taller &#8220;VicoCiencia&#8221;\u00a0<\/span><\/strong><\/p>\n<p class=\"MsoNormal\" style=\"margin-bottom: 9pt;text-align: justify;background-image: initial;background-position: initial\"><span style=\"font-family: 'Calibri Light',sans-serif\">Los interesados s\u00f3lo deber\u00e1n llenar el formulario web disponible en:\u00a0<\/span><a href=\"https:\/\/goo.gl\/forms\/CfIfC2DsJptXIftY2\"><span style=\"font-family: 'Calibri Light',sans-serif;color: windowtext\">https:\/\/goo.gl\/forms\/CfIfC2DsJptXIftY2<\/span><\/a><\/p>\n<p class=\"MsoNormal\" style=\"margin-bottom: 9pt;text-align: justify;background-image: initial;background-position: initial\"><span style=\"font-family: 'Calibri Light',sans-serif\">En tanto, los d\u00edas jueves 6 y viernes 7 de julio se iniciar\u00e1 el proceso de pago presencial en las\u00a0oficinas del PAR Explora Magallanes ubicadas en el\u00a0Laboratorio de Productos Naturales del Instituto de la Patagonia de la Universidad de Magallanes. La inscripci\u00f3n de estos talleres tiene un valor de \u00a0$3.000 pesos para estudiantes de colegios particulares pagados y subvencionados, y de $1.500 pesos para j\u00f3venes provenientes de establecimientos municipales.<\/span><\/p>\n<p class=\"MsoNormal\" style=\"margin-bottom: 9pt;text-align: justify;background-image: initial;background-position: initial\"><span style=\"font-family: 'Calibri Light',sans-serif\">Para consultas, se encuentra disponible el correo electr\u00f3nico:\u00a0<\/span><a href=\"mailto:magallanes.explora@gmail.com\"><span style=\"font-family: 'Calibri Light',sans-serif;color: windowtext\">magallanes.explora@gmail.com<\/span><\/a><span style=\"font-family: 'Calibri Light',sans-serif\">\u00a0y el tel\u00e9fono fijo: 61 2 207074.\u00a0<\/span><\/p>\n","protected":false},"excerpt":{"rendered":"<p>Este mi\u00e9rcoles 05 de julio finaliza el proceso de inscripci\u00f3n para los Talleres de Invierno 2017 del PAR Explora de CONICYT Regi\u00f3n de Magallanes y de la Ant\u00e1rtica Chilena. En total, son seis talleres cient\u00edficos para ni\u00f1os, ni\u00f1as y j\u00f3venes de Punta Arenas, que se llevar\u00e1n a cabo los d\u00edas 10 al 14 de julio [&hellip;]<\/p>\n","protected":false},"author":2,"featured_media":721,"comment_status":"open","ping_status":"open","sticky":false,"template":"","format":"standard","meta":{"_acf_changed":false,"_exactmetrics_skip_tracking":false,"_exactmetrics_sitenote_active":false,"_exactmetrics_sitenote_note":"","_exactmetrics_sitenote_category":0,"footnotes":"","_links_to":"","_links_to_target":""},"categories":[4],"tags":[],"class_list":["post-720","post","type-post","status-publish","format-standard","has-post-thumbnail","hentry","category-noticias"],"acf":[],"yoast_head":"<!-- This site is optimized with the Yoast SEO plugin v26.7 - https:\/\/yoast.com\/wordpress\/plugins\/seo\/ -->\n<title>\u00a1Ap\u00farate! Este mi\u00e9rcoles vence plazo para inscribirse en los Talleres de Invierno 2017 - Magallanes<\/title>\n<meta name=\"robots\" content=\"index, follow, max-snippet:-1, max-image-preview:large, max-video-preview:-1\" \/>\n<link rel=\"canonical\" href=\"https:\/\/dev.explora.cl\/magallanes\/apurate-manana-vence-plazo-para-inscribirse-en-los-talleres-de-invierno-2017\/\" class=\"yoast-seo-meta-tag\" \/>\n<meta property=\"og:locale\" content=\"es_ES\" class=\"yoast-seo-meta-tag\" \/>\n<meta property=\"og:type\" content=\"article\" class=\"yoast-seo-meta-tag\" \/>\n<meta property=\"og:title\" content=\"\u00a1Ap\u00farate! Este mi\u00e9rcoles vence plazo para inscribirse en los Talleres de Invierno 2017 - Magallanes\" class=\"yoast-seo-meta-tag\" \/>\n<meta property=\"og:description\" content=\"Este mi\u00e9rcoles 05 de julio finaliza el proceso de inscripci\u00f3n para los Talleres de Invierno 2017 del PAR Explora de CONICYT Regi\u00f3n de Magallanes y de la Ant\u00e1rtica Chilena. En total, son seis talleres cient\u00edficos para ni\u00f1os, ni\u00f1as y j\u00f3venes de Punta Arenas, que se llevar\u00e1n a cabo los d\u00edas 10 al 14 de julio [&hellip;]\" class=\"yoast-seo-meta-tag\" \/>\n<meta property=\"og:url\" content=\"https:\/\/dev.explora.cl\/magallanes\/apurate-manana-vence-plazo-para-inscribirse-en-los-talleres-de-invierno-2017\/\" class=\"yoast-seo-meta-tag\" \/>\n<meta property=\"og:site_name\" content=\"Magallanes\" class=\"yoast-seo-meta-tag\" \/>\n<meta property=\"article:published_time\" content=\"2017-07-04T04:00:00+00:00\" class=\"yoast-seo-meta-tag\" \/>\n<meta property=\"article:modified_time\" content=\"2019-05-20T21:35:42+00:00\" class=\"yoast-seo-meta-tag\" \/>\n<meta property=\"og:image\" content=\"https:\/\/dev.explora.cl\/magallanes\/wp-content\/uploads\/sites\/19\/2018\/06\/afiche-final-talleres-de-invierno.png\" class=\"yoast-seo-meta-tag\" \/>\n\t<meta property=\"og:image:width\" content=\"480\" class=\"yoast-seo-meta-tag\" \/>\n\t<meta property=\"og:image:height\" content=\"672\" class=\"yoast-seo-meta-tag\" \/>\n\t<meta property=\"og:image:type\" content=\"image\/png\" class=\"yoast-seo-meta-tag\" \/>\n<meta name=\"author\" content=\"webman\" class=\"yoast-seo-meta-tag\" \/>\n<meta name=\"twitter:card\" content=\"summary_large_image\" class=\"yoast-seo-meta-tag\" \/>\n<meta name=\"twitter:label1\" content=\"Escrito por\" class=\"yoast-seo-meta-tag\" \/>\n\t<meta name=\"twitter:data1\" content=\"webman\" class=\"yoast-seo-meta-tag\" \/>\n\t<meta name=\"twitter:label2\" content=\"Tiempo estimado de lectura\" class=\"yoast-seo-meta-tag\" \/>\n\t<meta name=\"twitter:data2\" content=\"4 minutos\" class=\"yoast-seo-meta-tag\" \/>\n<script type=\"application\/ld+json\" class=\"yoast-schema-graph\">{\"@context\":\"https:\/\/schema.org\",\"@graph\":[{\"@type\":\"Article\",\"@id\":\"https:\/\/dev.explora.cl\/magallanes\/apurate-manana-vence-plazo-para-inscribirse-en-los-talleres-de-invierno-2017\/#article\",\"isPartOf\":{\"@id\":\"https:\/\/dev.explora.cl\/magallanes\/apurate-manana-vence-plazo-para-inscribirse-en-los-talleres-de-invierno-2017\/\"},\"author\":{\"name\":\"webman\",\"@id\":\"https:\/\/dev.explora.cl\/magallanes\/#\/schema\/person\/cb8349c13ea2d324080adf8480d7ba5d\"},\"headline\":\"\u00a1Ap\u00farate! Este mi\u00e9rcoles vence plazo para inscribirse en los Talleres de Invierno 2017\",\"datePublished\":\"2017-07-04T04:00:00+00:00\",\"dateModified\":\"2019-05-20T21:35:42+00:00\",\"mainEntityOfPage\":{\"@id\":\"https:\/\/dev.explora.cl\/magallanes\/apurate-manana-vence-plazo-para-inscribirse-en-los-talleres-de-invierno-2017\/\"},\"wordCount\":793,\"commentCount\":0,\"publisher\":{\"@id\":\"https:\/\/dev.explora.cl\/magallanes\/#organization\"},\"image\":{\"@id\":\"https:\/\/dev.explora.cl\/magallanes\/apurate-manana-vence-plazo-para-inscribirse-en-los-talleres-de-invierno-2017\/#primaryimage\"},\"thumbnailUrl\":\"https:\/\/dev.explora.cl\/magallanes\/wp-content\/uploads\/sites\/19\/2018\/06\/afiche-final-talleres-de-invierno.png\",\"articleSection\":[\"Noticias\"],\"inLanguage\":\"es-CL\",\"potentialAction\":[{\"@type\":\"CommentAction\",\"name\":\"Comment\",\"target\":[\"https:\/\/dev.explora.cl\/magallanes\/apurate-manana-vence-plazo-para-inscribirse-en-los-talleres-de-invierno-2017\/#respond\"]}]},{\"@type\":\"WebPage\",\"@id\":\"https:\/\/dev.explora.cl\/magallanes\/apurate-manana-vence-plazo-para-inscribirse-en-los-talleres-de-invierno-2017\/\",\"url\":\"https:\/\/dev.explora.cl\/magallanes\/apurate-manana-vence-plazo-para-inscribirse-en-los-talleres-de-invierno-2017\/\",\"name\":\"\u00a1Ap\u00farate! Este mi\u00e9rcoles vence plazo para inscribirse en los Talleres de Invierno 2017 - Magallanes\",\"isPartOf\":{\"@id\":\"https:\/\/dev.explora.cl\/magallanes\/#website\"},\"primaryImageOfPage\":{\"@id\":\"https:\/\/dev.explora.cl\/magallanes\/apurate-manana-vence-plazo-para-inscribirse-en-los-talleres-de-invierno-2017\/#primaryimage\"},\"image\":{\"@id\":\"https:\/\/dev.explora.cl\/magallanes\/apurate-manana-vence-plazo-para-inscribirse-en-los-talleres-de-invierno-2017\/#primaryimage\"},\"thumbnailUrl\":\"https:\/\/dev.explora.cl\/magallanes\/wp-content\/uploads\/sites\/19\/2018\/06\/afiche-final-talleres-de-invierno.png\",\"datePublished\":\"2017-07-04T04:00:00+00:00\",\"dateModified\":\"2019-05-20T21:35:42+00:00\",\"breadcrumb\":{\"@id\":\"https:\/\/dev.explora.cl\/magallanes\/apurate-manana-vence-plazo-para-inscribirse-en-los-talleres-de-invierno-2017\/#breadcrumb\"},\"inLanguage\":\"es-CL\",\"potentialAction\":[{\"@type\":\"ReadAction\",\"target\":[\"https:\/\/dev.explora.cl\/magallanes\/apurate-manana-vence-plazo-para-inscribirse-en-los-talleres-de-invierno-2017\/\"]}]},{\"@type\":\"ImageObject\",\"inLanguage\":\"es-CL\",\"@id\":\"https:\/\/dev.explora.cl\/magallanes\/apurate-manana-vence-plazo-para-inscribirse-en-los-talleres-de-invierno-2017\/#primaryimage\",\"url\":\"https:\/\/dev.explora.cl\/magallanes\/wp-content\/uploads\/sites\/19\/2018\/06\/afiche-final-talleres-de-invierno.png\",\"contentUrl\":\"https:\/\/dev.explora.cl\/magallanes\/wp-content\/uploads\/sites\/19\/2018\/06\/afiche-final-talleres-de-invierno.png\",\"width\":480,\"height\":672},{\"@type\":\"BreadcrumbList\",\"@id\":\"https:\/\/dev.explora.cl\/magallanes\/apurate-manana-vence-plazo-para-inscribirse-en-los-talleres-de-invierno-2017\/#breadcrumb\",\"itemListElement\":[{\"@type\":\"ListItem\",\"position\":1,\"name\":\"Portada\",\"item\":\"https:\/\/dev.explora.cl\/magallanes\/\"},{\"@type\":\"ListItem\",\"position\":2,\"name\":\"\u00a1Ap\u00farate! Este mi\u00e9rcoles vence plazo para inscribirse en los Talleres de Invierno 2017\"}]},{\"@type\":\"WebSite\",\"@id\":\"https:\/\/dev.explora.cl\/magallanes\/#website\",\"url\":\"https:\/\/dev.explora.cl\/magallanes\/\",\"name\":\"Magallanes\",\"description\":\"Otro sitio m\u00e1s de dev.explora.cl\",\"publisher\":{\"@id\":\"https:\/\/dev.explora.cl\/magallanes\/#organization\"},\"potentialAction\":[{\"@type\":\"SearchAction\",\"target\":{\"@type\":\"EntryPoint\",\"urlTemplate\":\"https:\/\/dev.explora.cl\/magallanes\/?s={search_term_string}\"},\"query-input\":{\"@type\":\"PropertyValueSpecification\",\"valueRequired\":true,\"valueName\":\"search_term_string\"}}],\"inLanguage\":\"es-CL\"},{\"@type\":\"Organization\",\"@id\":\"https:\/\/dev.explora.cl\/magallanes\/#organization\",\"name\":\"Magallanes\",\"url\":\"https:\/\/dev.explora.cl\/magallanes\/\",\"logo\":{\"@type\":\"ImageObject\",\"inLanguage\":\"es-CL\",\"@id\":\"https:\/\/dev.explora.cl\/magallanes\/#\/schema\/logo\/image\/\",\"url\":\"https:\/\/dev.explora.cl\/magallanes\/wp-content\/uploads\/sites\/19\/2021\/06\/cropped-ICONO-COLOR-2.jpg\",\"contentUrl\":\"https:\/\/dev.explora.cl\/magallanes\/wp-content\/uploads\/sites\/19\/2021\/06\/cropped-ICONO-COLOR-2.jpg\",\"width\":1181,\"height\":1181,\"caption\":\"Magallanes\"},\"image\":{\"@id\":\"https:\/\/dev.explora.cl\/magallanes\/#\/schema\/logo\/image\/\"}},{\"@type\":\"Person\",\"@id\":\"https:\/\/dev.explora.cl\/magallanes\/#\/schema\/person\/cb8349c13ea2d324080adf8480d7ba5d\",\"name\":\"webman\",\"image\":{\"@type\":\"ImageObject\",\"inLanguage\":\"es-CL\",\"@id\":\"https:\/\/dev.explora.cl\/magallanes\/#\/schema\/person\/image\/\",\"url\":\"https:\/\/secure.gravatar.com\/avatar\/eeff3c82f2c02f7177d13663b7e6f890e9a6a0647ce9bb29cae02dcb094c7312?s=96&d=mm&r=g\",\"contentUrl\":\"https:\/\/secure.gravatar.com\/avatar\/eeff3c82f2c02f7177d13663b7e6f890e9a6a0647ce9bb29cae02dcb094c7312?s=96&d=mm&r=g\",\"caption\":\"webman\"},\"url\":\"https:\/\/dev.explora.cl\/magallanes\/author\/webman\/\"}]}<\/script>\n<!-- \/ Yoast SEO plugin. -->","yoast_head_json":{"title":"\u00a1Ap\u00farate! Este mi\u00e9rcoles vence plazo para inscribirse en los Talleres de Invierno 2017 - Magallanes","robots":{"index":"index","follow":"follow","max-snippet":"max-snippet:-1","max-image-preview":"max-image-preview:large","max-video-preview":"max-video-preview:-1"},"canonical":"https:\/\/dev.explora.cl\/magallanes\/apurate-manana-vence-plazo-para-inscribirse-en-los-talleres-de-invierno-2017\/","og_locale":"es_ES","og_type":"article","og_title":"\u00a1Ap\u00farate! Este mi\u00e9rcoles vence plazo para inscribirse en los Talleres de Invierno 2017 - Magallanes","og_description":"Este mi\u00e9rcoles 05 de julio finaliza el proceso de inscripci\u00f3n para los Talleres de Invierno 2017 del PAR Explora de CONICYT Regi\u00f3n de Magallanes y de la Ant\u00e1rtica Chilena. En total, son seis talleres cient\u00edficos para ni\u00f1os, ni\u00f1as y j\u00f3venes de Punta Arenas, que se llevar\u00e1n a cabo los d\u00edas 10 al 14 de julio [&hellip;]","og_url":"https:\/\/dev.explora.cl\/magallanes\/apurate-manana-vence-plazo-para-inscribirse-en-los-talleres-de-invierno-2017\/","og_site_name":"Magallanes","article_published_time":"2017-07-04T04:00:00+00:00","article_modified_time":"2019-05-20T21:35:42+00:00","og_image":[{"width":480,"height":672,"url":"https:\/\/dev.explora.cl\/magallanes\/wp-content\/uploads\/sites\/19\/2018\/06\/afiche-final-talleres-de-invierno.png","type":"image\/png"}],"author":"webman","twitter_card":"summary_large_image","twitter_misc":{"Escrito por":"webman","Tiempo estimado de lectura":"4 minutos"},"schema":{"@context":"https:\/\/schema.org","@graph":[{"@type":"Article","@id":"https:\/\/dev.explora.cl\/magallanes\/apurate-manana-vence-plazo-para-inscribirse-en-los-talleres-de-invierno-2017\/#article","isPartOf":{"@id":"https:\/\/dev.explora.cl\/magallanes\/apurate-manana-vence-plazo-para-inscribirse-en-los-talleres-de-invierno-2017\/"},"author":{"name":"webman","@id":"https:\/\/dev.explora.cl\/magallanes\/#\/schema\/person\/cb8349c13ea2d324080adf8480d7ba5d"},"headline":"\u00a1Ap\u00farate! Este mi\u00e9rcoles vence plazo para inscribirse en los Talleres de Invierno 2017","datePublished":"2017-07-04T04:00:00+00:00","dateModified":"2019-05-20T21:35:42+00:00","mainEntityOfPage":{"@id":"https:\/\/dev.explora.cl\/magallanes\/apurate-manana-vence-plazo-para-inscribirse-en-los-talleres-de-invierno-2017\/"},"wordCount":793,"commentCount":0,"publisher":{"@id":"https:\/\/dev.explora.cl\/magallanes\/#organization"},"image":{"@id":"https:\/\/dev.explora.cl\/magallanes\/apurate-manana-vence-plazo-para-inscribirse-en-los-talleres-de-invierno-2017\/#primaryimage"},"thumbnailUrl":"https:\/\/dev.explora.cl\/magallanes\/wp-content\/uploads\/sites\/19\/2018\/06\/afiche-final-talleres-de-invierno.png","articleSection":["Noticias"],"inLanguage":"es-CL","potentialAction":[{"@type":"CommentAction","name":"Comment","target":["https:\/\/dev.explora.cl\/magallanes\/apurate-manana-vence-plazo-para-inscribirse-en-los-talleres-de-invierno-2017\/#respond"]}]},{"@type":"WebPage","@id":"https:\/\/dev.explora.cl\/magallanes\/apurate-manana-vence-plazo-para-inscribirse-en-los-talleres-de-invierno-2017\/","url":"https:\/\/dev.explora.cl\/magallanes\/apurate-manana-vence-plazo-para-inscribirse-en-los-talleres-de-invierno-2017\/","name":"\u00a1Ap\u00farate! Este mi\u00e9rcoles vence plazo para inscribirse en los Talleres de Invierno 2017 - Magallanes","isPartOf":{"@id":"https:\/\/dev.explora.cl\/magallanes\/#website"},"primaryImageOfPage":{"@id":"https:\/\/dev.explora.cl\/magallanes\/apurate-manana-vence-plazo-para-inscribirse-en-los-talleres-de-invierno-2017\/#primaryimage"},"image":{"@id":"https:\/\/dev.explora.cl\/magallanes\/apurate-manana-vence-plazo-para-inscribirse-en-los-talleres-de-invierno-2017\/#primaryimage"},"thumbnailUrl":"https:\/\/dev.explora.cl\/magallanes\/wp-content\/uploads\/sites\/19\/2018\/06\/afiche-final-talleres-de-invierno.png","datePublished":"2017-07-04T04:00:00+00:00","dateModified":"2019-05-20T21:35:42+00:00","breadcrumb":{"@id":"https:\/\/dev.explora.cl\/magallanes\/apurate-manana-vence-plazo-para-inscribirse-en-los-talleres-de-invierno-2017\/#breadcrumb"},"inLanguage":"es-CL","potentialAction":[{"@type":"ReadAction","target":["https:\/\/dev.explora.cl\/magallanes\/apurate-manana-vence-plazo-para-inscribirse-en-los-talleres-de-invierno-2017\/"]}]},{"@type":"ImageObject","inLanguage":"es-CL","@id":"https:\/\/dev.explora.cl\/magallanes\/apurate-manana-vence-plazo-para-inscribirse-en-los-talleres-de-invierno-2017\/#primaryimage","url":"https:\/\/dev.explora.cl\/magallanes\/wp-content\/uploads\/sites\/19\/2018\/06\/afiche-final-talleres-de-invierno.png","contentUrl":"https:\/\/dev.explora.cl\/magallanes\/wp-content\/uploads\/sites\/19\/2018\/06\/afiche-final-talleres-de-invierno.png","width":480,"height":672},{"@type":"BreadcrumbList","@id":"https:\/\/dev.explora.cl\/magallanes\/apurate-manana-vence-plazo-para-inscribirse-en-los-talleres-de-invierno-2017\/#breadcrumb","itemListElement":[{"@type":"ListItem","position":1,"name":"Portada","item":"https:\/\/dev.explora.cl\/magallanes\/"},{"@type":"ListItem","position":2,"name":"\u00a1Ap\u00farate! Este mi\u00e9rcoles vence plazo para inscribirse en los Talleres de Invierno 2017"}]},{"@type":"WebSite","@id":"https:\/\/dev.explora.cl\/magallanes\/#website","url":"https:\/\/dev.explora.cl\/magallanes\/","name":"Magallanes","description":"Otro sitio m\u00e1s de dev.explora.cl","publisher":{"@id":"https:\/\/dev.explora.cl\/magallanes\/#organization"},"potentialAction":[{"@type":"SearchAction","target":{"@type":"EntryPoint","urlTemplate":"https:\/\/dev.explora.cl\/magallanes\/?s={search_term_string}"},"query-input":{"@type":"PropertyValueSpecification","valueRequired":true,"valueName":"search_term_string"}}],"inLanguage":"es-CL"},{"@type":"Organization","@id":"https:\/\/dev.explora.cl\/magallanes\/#organization","name":"Magallanes","url":"https:\/\/dev.explora.cl\/magallanes\/","logo":{"@type":"ImageObject","inLanguage":"es-CL","@id":"https:\/\/dev.explora.cl\/magallanes\/#\/schema\/logo\/image\/","url":"https:\/\/dev.explora.cl\/magallanes\/wp-content\/uploads\/sites\/19\/2021\/06\/cropped-ICONO-COLOR-2.jpg","contentUrl":"https:\/\/dev.explora.cl\/magallanes\/wp-content\/uploads\/sites\/19\/2021\/06\/cropped-ICONO-COLOR-2.jpg","width":1181,"height":1181,"caption":"Magallanes"},"image":{"@id":"https:\/\/dev.explora.cl\/magallanes\/#\/schema\/logo\/image\/"}},{"@type":"Person","@id":"https:\/\/dev.explora.cl\/magallanes\/#\/schema\/person\/cb8349c13ea2d324080adf8480d7ba5d","name":"webman","image":{"@type":"ImageObject","inLanguage":"es-CL","@id":"https:\/\/dev.explora.cl\/magallanes\/#\/schema\/person\/image\/","url":"https:\/\/secure.gravatar.com\/avatar\/eeff3c82f2c02f7177d13663b7e6f890e9a6a0647ce9bb29cae02dcb094c7312?s=96&d=mm&r=g","contentUrl":"https:\/\/secure.gravatar.com\/avatar\/eeff3c82f2c02f7177d13663b7e6f890e9a6a0647ce9bb29cae02dcb094c7312?s=96&d=mm&r=g","caption":"webman"},"url":"https:\/\/dev.explora.cl\/magallanes\/author\/webman\/"}]}},"_links":{"self":[{"href":"https:\/\/dev.explora.cl\/magallanes\/wp-json\/wp\/v2\/posts\/720","targetHints":{"allow":["GET"]}}],"collection":[{"href":"https:\/\/dev.explora.cl\/magallanes\/wp-json\/wp\/v2\/posts"}],"about":[{"href":"https:\/\/dev.explora.cl\/magallanes\/wp-json\/wp\/v2\/types\/post"}],"author":[{"embeddable":true,"href":"https:\/\/dev.explora.cl\/magallanes\/wp-json\/wp\/v2\/users\/2"}],"replies":[{"embeddable":true,"href":"https:\/\/dev.explora.cl\/magallanes\/wp-json\/wp\/v2\/comments?post=720"}],"version-history":[{"count":1,"href":"https:\/\/dev.explora.cl\/magallanes\/wp-json\/wp\/v2\/posts\/720\/revisions"}],"predecessor-version":[{"id":37688,"href":"https:\/\/dev.explora.cl\/magallanes\/wp-json\/wp\/v2\/posts\/720\/revisions\/37688"}],"wp:featuredmedia":[{"embeddable":true,"href":"https:\/\/dev.explora.cl\/magallanes\/wp-json\/wp\/v2\/media\/721"}],"wp:attachment":[{"href":"https:\/\/dev.explora.cl\/magallanes\/wp-json\/wp\/v2\/media?parent=720"}],"wp:term":[{"taxonomy":"category","embeddable":true,"href":"https:\/\/dev.explora.cl\/magallanes\/wp-json\/wp\/v2\/categories?post=720"},{"taxonomy":"post_tag","embeddable":true,"href":"https:\/\/dev.explora.cl\/magallanes\/wp-json\/wp\/v2\/tags?post=720"}],"curies":[{"name":"wp","href":"https:\/\/api.w.org\/{rel}","templated":true}]}}