{"id":705,"date":"2017-06-13T00:00:00","date_gmt":"2017-06-13T04:00:00","guid":{"rendered":"https:\/\/dev.explora.cl\/magallanes\/blog\/2017\/06\/13\/atencion-profesores-de-puerto-natales-abiertas-inscripciones-para-taller-microalgas-antarticas-y-subantarticas-diversidad-peligros-y-usos-potenciales\/"},"modified":"2019-05-20T21:35:47","modified_gmt":"2019-05-20T21:35:47","slug":"atencion-profesores-de-puerto-natales-abiertas-inscripciones-para-taller-microalgas-antarticas-y-subantarticas-diversidad-peligros-y-usos-potenciales","status":"publish","type":"post","link":"https:\/\/dev.explora.cl\/magallanes\/atencion-profesores-de-puerto-natales-abiertas-inscripciones-para-taller-microalgas-antarticas-y-subantarticas-diversidad-peligros-y-usos-potenciales\/","title":{"rendered":"\u00a1Atenci\u00f3n profesores de Puerto Natales! Abiertas inscripciones para taller \u201cMicroalgas Ant\u00e1rticas y subant\u00e1rticas: diversidad, peligros y usos potenciales\u201d"},"content":{"rendered":"<p class=\"MsoNormal\" style=\"text-align: justify\"><span style=\"font-family: 'Calibri Light',sans-serif\"><img loading=\"lazy\" decoding=\"async\" class=\" size-full wp-image-25905\" src=\"http:\/\/ec2-54-245-22-188.us-west-2.compute.amazonaws.com\/wp-content\/uploads\/2017\/06\/tallermicroalgasnatales.jpg\" alt=\"\" width=\"747\" height=\"265\" \/><\/span><\/p>\n<p class=\"MsoNormal\" style=\"text-align: justify\">\u00a0<\/p>\n<p class=\"MsoNormal\" style=\"text-align: justify\"><span style=\"font-family: 'Calibri Light',sans-serif\">Se invita a todos los profesores de la comuna de Puerto Natales y alrededores a participar del Taller \u201cMicroalgas Ant\u00e1rticas y subant\u00e1rticas: diversidad, peligros y usos potenciales\u201d, Iniciativa que es organizada por el Proyecto Asociativo Regional (PAR) Explora de CONICYT Magallanes y Ant\u00e1rtica Chilena y apoyada por el Instituto de Fomento Pesquero (IFOP) y el Centro IDEAL. <\/span><\/p>\n<p class=\"MsoNormal\" style=\"text-align: justify\"><span style=\"font-family: 'Calibri Light',sans-serif\">Este curso ser\u00e1 impartido por la doctora en Ciencias Biol\u00f3gicas, Gloria S\u00e1nchez, y se llevar\u00e1 a cabo los d\u00edas 10 y 11 de julio de 09 a 13 horas y de 14 a 18 horas en el Laboratorio de Ciencias de la Escuela Coronel Santiago Bueras (Calle Camilo Henriquez N\u00ba 665). De igual manera se realizar\u00e1 una salida a terreno, con la finalidad de aplicar t\u00e9cnicas de recolecci\u00f3n de muestras para su posterior estudio.<\/span><\/p>\n<p class=\"MsoNormal\" style=\"text-align: justify\"><span style=\"font-family: 'Calibri Light',sans-serif\">El objetivo principal de este taller te\u00f3rico-pr\u00e1ctico es brindar actualizaci\u00f3n de los conocimientos sobre la biolog\u00eda, ecolog\u00eda y usos de las microalgas, con principal \u00e9nfasis en las especies que habitan en la Regi\u00f3n de Magallanes y la Ant\u00e1rtica Chilena. Adem\u00e1s se espera que los asistentes puedan reconocer los principales grupos de microalgas presentes en nuestra regi\u00f3n y aprender experimentalmente y en terreno sobre las estrategias usadas para su estudio y aprovechamiento.<\/span><\/p>\n<p class=\"MsoNormal\" style=\"text-align: justify\"><span style=\"font-family: 'Calibri Light',sans-serif\">Por \u00faltimo pero no menos importante, se espera entregar bases t\u00e9cnicas para la formulaci\u00f3n de proyectos de investigaci\u00f3n escolar acerca de las microalgas de la regi\u00f3n.<\/span><\/p>\n<p class=\"MsoNormal\" style=\"text-align: justify\"><span style=\"font-family: 'Calibri Light',sans-serif\">Para inscripciones y consultas se encuentra disponible el correo electr\u00f3nico: microcazadoresdeluz@gmail.com. Cabe destacar, que se cuenta con un total de 20 cupos para profesores de educaci\u00f3n b\u00e1sica y media, siendo una iniciativa abierta para otras personas interesadas en esta \u00e1rea.\u00a0<\/span><\/p>\n","protected":false},"excerpt":{"rendered":"<p>\u00a0 Se invita a todos los profesores de la comuna de Puerto Natales y alrededores a participar del Taller \u201cMicroalgas Ant\u00e1rticas y subant\u00e1rticas: diversidad, peligros y usos potenciales\u201d, Iniciativa que es organizada por el Proyecto Asociativo Regional (PAR) Explora de CONICYT Magallanes y Ant\u00e1rtica Chilena y apoyada por el Instituto de Fomento Pesquero (IFOP) y [&hellip;]<\/p>\n","protected":false},"author":2,"featured_media":706,"comment_status":"open","ping_status":"open","sticky":false,"template":"","format":"standard","meta":{"_acf_changed":false,"_exactmetrics_skip_tracking":false,"_exactmetrics_sitenote_active":false,"_exactmetrics_sitenote_note":"","_exactmetrics_sitenote_category":0,"footnotes":"","_links_to":"","_links_to_target":""},"categories":[4],"tags":[],"class_list":["post-705","post","type-post","status-publish","format-standard","has-post-thumbnail","hentry","category-noticias"],"acf":[],"yoast_head":"<!-- This site is optimized with the Yoast SEO plugin v26.7 - https:\/\/yoast.com\/wordpress\/plugins\/seo\/ -->\n<title>\u00a1Atenci\u00f3n profesores de Puerto Natales! Abiertas inscripciones para taller \u201cMicroalgas Ant\u00e1rticas y subant\u00e1rticas: diversidad, peligros y usos potenciales\u201d - Magallanes<\/title>\n<meta name=\"robots\" content=\"index, follow, max-snippet:-1, max-image-preview:large, max-video-preview:-1\" \/>\n<link rel=\"canonical\" href=\"https:\/\/dev.explora.cl\/magallanes\/atencion-profesores-de-puerto-natales-abiertas-inscripciones-para-taller-microalgas-antarticas-y-subantarticas-diversidad-peligros-y-usos-potenciales\/\" class=\"yoast-seo-meta-tag\" \/>\n<meta property=\"og:locale\" content=\"es_ES\" class=\"yoast-seo-meta-tag\" \/>\n<meta property=\"og:type\" content=\"article\" class=\"yoast-seo-meta-tag\" \/>\n<meta property=\"og:title\" content=\"\u00a1Atenci\u00f3n profesores de Puerto Natales! Abiertas inscripciones para taller \u201cMicroalgas Ant\u00e1rticas y subant\u00e1rticas: diversidad, peligros y usos potenciales\u201d - Magallanes\" class=\"yoast-seo-meta-tag\" \/>\n<meta property=\"og:description\" content=\"\u00a0 Se invita a todos los profesores de la comuna de Puerto Natales y alrededores a participar del Taller \u201cMicroalgas Ant\u00e1rticas y subant\u00e1rticas: diversidad, peligros y usos potenciales\u201d, Iniciativa que es organizada por el Proyecto Asociativo Regional (PAR) Explora de CONICYT Magallanes y Ant\u00e1rtica Chilena y apoyada por el Instituto de Fomento Pesquero (IFOP) y [&hellip;]\" class=\"yoast-seo-meta-tag\" \/>\n<meta property=\"og:url\" content=\"https:\/\/dev.explora.cl\/magallanes\/atencion-profesores-de-puerto-natales-abiertas-inscripciones-para-taller-microalgas-antarticas-y-subantarticas-diversidad-peligros-y-usos-potenciales\/\" class=\"yoast-seo-meta-tag\" \/>\n<meta property=\"og:site_name\" content=\"Magallanes\" class=\"yoast-seo-meta-tag\" \/>\n<meta property=\"article:published_time\" content=\"2017-06-13T04:00:00+00:00\" class=\"yoast-seo-meta-tag\" \/>\n<meta property=\"article:modified_time\" content=\"2019-05-20T21:35:47+00:00\" class=\"yoast-seo-meta-tag\" \/>\n<meta property=\"og:image\" content=\"https:\/\/dev.explora.cl\/magallanes\/wp-content\/uploads\/sites\/19\/2018\/06\/tallermicroalgasnatales.jpg\" class=\"yoast-seo-meta-tag\" \/>\n\t<meta property=\"og:image:width\" content=\"747\" class=\"yoast-seo-meta-tag\" \/>\n\t<meta property=\"og:image:height\" content=\"265\" class=\"yoast-seo-meta-tag\" \/>\n\t<meta property=\"og:image:type\" content=\"image\/jpeg\" class=\"yoast-seo-meta-tag\" \/>\n<meta name=\"author\" content=\"webman\" class=\"yoast-seo-meta-tag\" \/>\n<meta name=\"twitter:card\" content=\"summary_large_image\" class=\"yoast-seo-meta-tag\" \/>\n<meta name=\"twitter:label1\" content=\"Escrito por\" class=\"yoast-seo-meta-tag\" \/>\n\t<meta name=\"twitter:data1\" content=\"webman\" class=\"yoast-seo-meta-tag\" \/>\n\t<meta name=\"twitter:label2\" content=\"Tiempo estimado de lectura\" class=\"yoast-seo-meta-tag\" \/>\n\t<meta name=\"twitter:data2\" content=\"1 minuto\" class=\"yoast-seo-meta-tag\" \/>\n<script type=\"application\/ld+json\" class=\"yoast-schema-graph\">{\"@context\":\"https:\/\/schema.org\",\"@graph\":[{\"@type\":\"Article\",\"@id\":\"https:\/\/dev.explora.cl\/magallanes\/atencion-profesores-de-puerto-natales-abiertas-inscripciones-para-taller-microalgas-antarticas-y-subantarticas-diversidad-peligros-y-usos-potenciales\/#article\",\"isPartOf\":{\"@id\":\"https:\/\/dev.explora.cl\/magallanes\/atencion-profesores-de-puerto-natales-abiertas-inscripciones-para-taller-microalgas-antarticas-y-subantarticas-diversidad-peligros-y-usos-potenciales\/\"},\"author\":{\"name\":\"webman\",\"@id\":\"https:\/\/dev.explora.cl\/magallanes\/#\/schema\/person\/cb8349c13ea2d324080adf8480d7ba5d\"},\"headline\":\"\u00a1Atenci\u00f3n profesores de Puerto Natales! Abiertas inscripciones para taller \u201cMicroalgas Ant\u00e1rticas y subant\u00e1rticas: diversidad, peligros y usos potenciales\u201d\",\"datePublished\":\"2017-06-13T04:00:00+00:00\",\"dateModified\":\"2019-05-20T21:35:47+00:00\",\"mainEntityOfPage\":{\"@id\":\"https:\/\/dev.explora.cl\/magallanes\/atencion-profesores-de-puerto-natales-abiertas-inscripciones-para-taller-microalgas-antarticas-y-subantarticas-diversidad-peligros-y-usos-potenciales\/\"},\"wordCount\":307,\"commentCount\":0,\"publisher\":{\"@id\":\"https:\/\/dev.explora.cl\/magallanes\/#organization\"},\"image\":{\"@id\":\"https:\/\/dev.explora.cl\/magallanes\/atencion-profesores-de-puerto-natales-abiertas-inscripciones-para-taller-microalgas-antarticas-y-subantarticas-diversidad-peligros-y-usos-potenciales\/#primaryimage\"},\"thumbnailUrl\":\"https:\/\/dev.explora.cl\/magallanes\/wp-content\/uploads\/sites\/19\/2018\/06\/tallermicroalgasnatales.jpg\",\"articleSection\":[\"Noticias\"],\"inLanguage\":\"es-CL\",\"potentialAction\":[{\"@type\":\"CommentAction\",\"name\":\"Comment\",\"target\":[\"https:\/\/dev.explora.cl\/magallanes\/atencion-profesores-de-puerto-natales-abiertas-inscripciones-para-taller-microalgas-antarticas-y-subantarticas-diversidad-peligros-y-usos-potenciales\/#respond\"]}]},{\"@type\":\"WebPage\",\"@id\":\"https:\/\/dev.explora.cl\/magallanes\/atencion-profesores-de-puerto-natales-abiertas-inscripciones-para-taller-microalgas-antarticas-y-subantarticas-diversidad-peligros-y-usos-potenciales\/\",\"url\":\"https:\/\/dev.explora.cl\/magallanes\/atencion-profesores-de-puerto-natales-abiertas-inscripciones-para-taller-microalgas-antarticas-y-subantarticas-diversidad-peligros-y-usos-potenciales\/\",\"name\":\"\u00a1Atenci\u00f3n profesores de Puerto Natales! Abiertas inscripciones para taller \u201cMicroalgas Ant\u00e1rticas y subant\u00e1rticas: diversidad, peligros y usos potenciales\u201d - Magallanes\",\"isPartOf\":{\"@id\":\"https:\/\/dev.explora.cl\/magallanes\/#website\"},\"primaryImageOfPage\":{\"@id\":\"https:\/\/dev.explora.cl\/magallanes\/atencion-profesores-de-puerto-natales-abiertas-inscripciones-para-taller-microalgas-antarticas-y-subantarticas-diversidad-peligros-y-usos-potenciales\/#primaryimage\"},\"image\":{\"@id\":\"https:\/\/dev.explora.cl\/magallanes\/atencion-profesores-de-puerto-natales-abiertas-inscripciones-para-taller-microalgas-antarticas-y-subantarticas-diversidad-peligros-y-usos-potenciales\/#primaryimage\"},\"thumbnailUrl\":\"https:\/\/dev.explora.cl\/magallanes\/wp-content\/uploads\/sites\/19\/2018\/06\/tallermicroalgasnatales.jpg\",\"datePublished\":\"2017-06-13T04:00:00+00:00\",\"dateModified\":\"2019-05-20T21:35:47+00:00\",\"breadcrumb\":{\"@id\":\"https:\/\/dev.explora.cl\/magallanes\/atencion-profesores-de-puerto-natales-abiertas-inscripciones-para-taller-microalgas-antarticas-y-subantarticas-diversidad-peligros-y-usos-potenciales\/#breadcrumb\"},\"inLanguage\":\"es-CL\",\"potentialAction\":[{\"@type\":\"ReadAction\",\"target\":[\"https:\/\/dev.explora.cl\/magallanes\/atencion-profesores-de-puerto-natales-abiertas-inscripciones-para-taller-microalgas-antarticas-y-subantarticas-diversidad-peligros-y-usos-potenciales\/\"]}]},{\"@type\":\"ImageObject\",\"inLanguage\":\"es-CL\",\"@id\":\"https:\/\/dev.explora.cl\/magallanes\/atencion-profesores-de-puerto-natales-abiertas-inscripciones-para-taller-microalgas-antarticas-y-subantarticas-diversidad-peligros-y-usos-potenciales\/#primaryimage\",\"url\":\"https:\/\/dev.explora.cl\/magallanes\/wp-content\/uploads\/sites\/19\/2018\/06\/tallermicroalgasnatales.jpg\",\"contentUrl\":\"https:\/\/dev.explora.cl\/magallanes\/wp-content\/uploads\/sites\/19\/2018\/06\/tallermicroalgasnatales.jpg\",\"width\":747,\"height\":265},{\"@type\":\"BreadcrumbList\",\"@id\":\"https:\/\/dev.explora.cl\/magallanes\/atencion-profesores-de-puerto-natales-abiertas-inscripciones-para-taller-microalgas-antarticas-y-subantarticas-diversidad-peligros-y-usos-potenciales\/#breadcrumb\",\"itemListElement\":[{\"@type\":\"ListItem\",\"position\":1,\"name\":\"Portada\",\"item\":\"https:\/\/dev.explora.cl\/magallanes\/\"},{\"@type\":\"ListItem\",\"position\":2,\"name\":\"\u00a1Atenci\u00f3n profesores de Puerto Natales! Abiertas inscripciones para taller \u201cMicroalgas Ant\u00e1rticas y subant\u00e1rticas: diversidad, peligros y usos potenciales\u201d\"}]},{\"@type\":\"WebSite\",\"@id\":\"https:\/\/dev.explora.cl\/magallanes\/#website\",\"url\":\"https:\/\/dev.explora.cl\/magallanes\/\",\"name\":\"Magallanes\",\"description\":\"Otro sitio m\u00e1s de dev.explora.cl\",\"publisher\":{\"@id\":\"https:\/\/dev.explora.cl\/magallanes\/#organization\"},\"potentialAction\":[{\"@type\":\"SearchAction\",\"target\":{\"@type\":\"EntryPoint\",\"urlTemplate\":\"https:\/\/dev.explora.cl\/magallanes\/?s={search_term_string}\"},\"query-input\":{\"@type\":\"PropertyValueSpecification\",\"valueRequired\":true,\"valueName\":\"search_term_string\"}}],\"inLanguage\":\"es-CL\"},{\"@type\":\"Organization\",\"@id\":\"https:\/\/dev.explora.cl\/magallanes\/#organization\",\"name\":\"Magallanes\",\"url\":\"https:\/\/dev.explora.cl\/magallanes\/\",\"logo\":{\"@type\":\"ImageObject\",\"inLanguage\":\"es-CL\",\"@id\":\"https:\/\/dev.explora.cl\/magallanes\/#\/schema\/logo\/image\/\",\"url\":\"https:\/\/dev.explora.cl\/magallanes\/wp-content\/uploads\/sites\/19\/2021\/06\/cropped-ICONO-COLOR-2.jpg\",\"contentUrl\":\"https:\/\/dev.explora.cl\/magallanes\/wp-content\/uploads\/sites\/19\/2021\/06\/cropped-ICONO-COLOR-2.jpg\",\"width\":1181,\"height\":1181,\"caption\":\"Magallanes\"},\"image\":{\"@id\":\"https:\/\/dev.explora.cl\/magallanes\/#\/schema\/logo\/image\/\"}},{\"@type\":\"Person\",\"@id\":\"https:\/\/dev.explora.cl\/magallanes\/#\/schema\/person\/cb8349c13ea2d324080adf8480d7ba5d\",\"name\":\"webman\",\"image\":{\"@type\":\"ImageObject\",\"inLanguage\":\"es-CL\",\"@id\":\"https:\/\/dev.explora.cl\/magallanes\/#\/schema\/person\/image\/\",\"url\":\"https:\/\/secure.gravatar.com\/avatar\/eeff3c82f2c02f7177d13663b7e6f890e9a6a0647ce9bb29cae02dcb094c7312?s=96&d=mm&r=g\",\"contentUrl\":\"https:\/\/secure.gravatar.com\/avatar\/eeff3c82f2c02f7177d13663b7e6f890e9a6a0647ce9bb29cae02dcb094c7312?s=96&d=mm&r=g\",\"caption\":\"webman\"},\"url\":\"https:\/\/dev.explora.cl\/magallanes\/author\/webman\/\"}]}<\/script>\n<!-- \/ Yoast SEO plugin. -->","yoast_head_json":{"title":"\u00a1Atenci\u00f3n profesores de Puerto Natales! Abiertas inscripciones para taller \u201cMicroalgas Ant\u00e1rticas y subant\u00e1rticas: diversidad, peligros y usos potenciales\u201d - Magallanes","robots":{"index":"index","follow":"follow","max-snippet":"max-snippet:-1","max-image-preview":"max-image-preview:large","max-video-preview":"max-video-preview:-1"},"canonical":"https:\/\/dev.explora.cl\/magallanes\/atencion-profesores-de-puerto-natales-abiertas-inscripciones-para-taller-microalgas-antarticas-y-subantarticas-diversidad-peligros-y-usos-potenciales\/","og_locale":"es_ES","og_type":"article","og_title":"\u00a1Atenci\u00f3n profesores de Puerto Natales! Abiertas inscripciones para taller \u201cMicroalgas Ant\u00e1rticas y subant\u00e1rticas: diversidad, peligros y usos potenciales\u201d - Magallanes","og_description":"\u00a0 Se invita a todos los profesores de la comuna de Puerto Natales y alrededores a participar del Taller \u201cMicroalgas Ant\u00e1rticas y subant\u00e1rticas: diversidad, peligros y usos potenciales\u201d, Iniciativa que es organizada por el Proyecto Asociativo Regional (PAR) Explora de CONICYT Magallanes y Ant\u00e1rtica Chilena y apoyada por el Instituto de Fomento Pesquero (IFOP) y [&hellip;]","og_url":"https:\/\/dev.explora.cl\/magallanes\/atencion-profesores-de-puerto-natales-abiertas-inscripciones-para-taller-microalgas-antarticas-y-subantarticas-diversidad-peligros-y-usos-potenciales\/","og_site_name":"Magallanes","article_published_time":"2017-06-13T04:00:00+00:00","article_modified_time":"2019-05-20T21:35:47+00:00","og_image":[{"width":747,"height":265,"url":"https:\/\/dev.explora.cl\/magallanes\/wp-content\/uploads\/sites\/19\/2018\/06\/tallermicroalgasnatales.jpg","type":"image\/jpeg"}],"author":"webman","twitter_card":"summary_large_image","twitter_misc":{"Escrito por":"webman","Tiempo estimado de lectura":"1 minuto"},"schema":{"@context":"https:\/\/schema.org","@graph":[{"@type":"Article","@id":"https:\/\/dev.explora.cl\/magallanes\/atencion-profesores-de-puerto-natales-abiertas-inscripciones-para-taller-microalgas-antarticas-y-subantarticas-diversidad-peligros-y-usos-potenciales\/#article","isPartOf":{"@id":"https:\/\/dev.explora.cl\/magallanes\/atencion-profesores-de-puerto-natales-abiertas-inscripciones-para-taller-microalgas-antarticas-y-subantarticas-diversidad-peligros-y-usos-potenciales\/"},"author":{"name":"webman","@id":"https:\/\/dev.explora.cl\/magallanes\/#\/schema\/person\/cb8349c13ea2d324080adf8480d7ba5d"},"headline":"\u00a1Atenci\u00f3n profesores de Puerto Natales! Abiertas inscripciones para taller \u201cMicroalgas Ant\u00e1rticas y subant\u00e1rticas: diversidad, peligros y usos potenciales\u201d","datePublished":"2017-06-13T04:00:00+00:00","dateModified":"2019-05-20T21:35:47+00:00","mainEntityOfPage":{"@id":"https:\/\/dev.explora.cl\/magallanes\/atencion-profesores-de-puerto-natales-abiertas-inscripciones-para-taller-microalgas-antarticas-y-subantarticas-diversidad-peligros-y-usos-potenciales\/"},"wordCount":307,"commentCount":0,"publisher":{"@id":"https:\/\/dev.explora.cl\/magallanes\/#organization"},"image":{"@id":"https:\/\/dev.explora.cl\/magallanes\/atencion-profesores-de-puerto-natales-abiertas-inscripciones-para-taller-microalgas-antarticas-y-subantarticas-diversidad-peligros-y-usos-potenciales\/#primaryimage"},"thumbnailUrl":"https:\/\/dev.explora.cl\/magallanes\/wp-content\/uploads\/sites\/19\/2018\/06\/tallermicroalgasnatales.jpg","articleSection":["Noticias"],"inLanguage":"es-CL","potentialAction":[{"@type":"CommentAction","name":"Comment","target":["https:\/\/dev.explora.cl\/magallanes\/atencion-profesores-de-puerto-natales-abiertas-inscripciones-para-taller-microalgas-antarticas-y-subantarticas-diversidad-peligros-y-usos-potenciales\/#respond"]}]},{"@type":"WebPage","@id":"https:\/\/dev.explora.cl\/magallanes\/atencion-profesores-de-puerto-natales-abiertas-inscripciones-para-taller-microalgas-antarticas-y-subantarticas-diversidad-peligros-y-usos-potenciales\/","url":"https:\/\/dev.explora.cl\/magallanes\/atencion-profesores-de-puerto-natales-abiertas-inscripciones-para-taller-microalgas-antarticas-y-subantarticas-diversidad-peligros-y-usos-potenciales\/","name":"\u00a1Atenci\u00f3n profesores de Puerto Natales! Abiertas inscripciones para taller \u201cMicroalgas Ant\u00e1rticas y subant\u00e1rticas: diversidad, peligros y usos potenciales\u201d - Magallanes","isPartOf":{"@id":"https:\/\/dev.explora.cl\/magallanes\/#website"},"primaryImageOfPage":{"@id":"https:\/\/dev.explora.cl\/magallanes\/atencion-profesores-de-puerto-natales-abiertas-inscripciones-para-taller-microalgas-antarticas-y-subantarticas-diversidad-peligros-y-usos-potenciales\/#primaryimage"},"image":{"@id":"https:\/\/dev.explora.cl\/magallanes\/atencion-profesores-de-puerto-natales-abiertas-inscripciones-para-taller-microalgas-antarticas-y-subantarticas-diversidad-peligros-y-usos-potenciales\/#primaryimage"},"thumbnailUrl":"https:\/\/dev.explora.cl\/magallanes\/wp-content\/uploads\/sites\/19\/2018\/06\/tallermicroalgasnatales.jpg","datePublished":"2017-06-13T04:00:00+00:00","dateModified":"2019-05-20T21:35:47+00:00","breadcrumb":{"@id":"https:\/\/dev.explora.cl\/magallanes\/atencion-profesores-de-puerto-natales-abiertas-inscripciones-para-taller-microalgas-antarticas-y-subantarticas-diversidad-peligros-y-usos-potenciales\/#breadcrumb"},"inLanguage":"es-CL","potentialAction":[{"@type":"ReadAction","target":["https:\/\/dev.explora.cl\/magallanes\/atencion-profesores-de-puerto-natales-abiertas-inscripciones-para-taller-microalgas-antarticas-y-subantarticas-diversidad-peligros-y-usos-potenciales\/"]}]},{"@type":"ImageObject","inLanguage":"es-CL","@id":"https:\/\/dev.explora.cl\/magallanes\/atencion-profesores-de-puerto-natales-abiertas-inscripciones-para-taller-microalgas-antarticas-y-subantarticas-diversidad-peligros-y-usos-potenciales\/#primaryimage","url":"https:\/\/dev.explora.cl\/magallanes\/wp-content\/uploads\/sites\/19\/2018\/06\/tallermicroalgasnatales.jpg","contentUrl":"https:\/\/dev.explora.cl\/magallanes\/wp-content\/uploads\/sites\/19\/2018\/06\/tallermicroalgasnatales.jpg","width":747,"height":265},{"@type":"BreadcrumbList","@id":"https:\/\/dev.explora.cl\/magallanes\/atencion-profesores-de-puerto-natales-abiertas-inscripciones-para-taller-microalgas-antarticas-y-subantarticas-diversidad-peligros-y-usos-potenciales\/#breadcrumb","itemListElement":[{"@type":"ListItem","position":1,"name":"Portada","item":"https:\/\/dev.explora.cl\/magallanes\/"},{"@type":"ListItem","position":2,"name":"\u00a1Atenci\u00f3n profesores de Puerto Natales! Abiertas inscripciones para taller \u201cMicroalgas Ant\u00e1rticas y subant\u00e1rticas: diversidad, peligros y usos potenciales\u201d"}]},{"@type":"WebSite","@id":"https:\/\/dev.explora.cl\/magallanes\/#website","url":"https:\/\/dev.explora.cl\/magallanes\/","name":"Magallanes","description":"Otro sitio m\u00e1s de dev.explora.cl","publisher":{"@id":"https:\/\/dev.explora.cl\/magallanes\/#organization"},"potentialAction":[{"@type":"SearchAction","target":{"@type":"EntryPoint","urlTemplate":"https:\/\/dev.explora.cl\/magallanes\/?s={search_term_string}"},"query-input":{"@type":"PropertyValueSpecification","valueRequired":true,"valueName":"search_term_string"}}],"inLanguage":"es-CL"},{"@type":"Organization","@id":"https:\/\/dev.explora.cl\/magallanes\/#organization","name":"Magallanes","url":"https:\/\/dev.explora.cl\/magallanes\/","logo":{"@type":"ImageObject","inLanguage":"es-CL","@id":"https:\/\/dev.explora.cl\/magallanes\/#\/schema\/logo\/image\/","url":"https:\/\/dev.explora.cl\/magallanes\/wp-content\/uploads\/sites\/19\/2021\/06\/cropped-ICONO-COLOR-2.jpg","contentUrl":"https:\/\/dev.explora.cl\/magallanes\/wp-content\/uploads\/sites\/19\/2021\/06\/cropped-ICONO-COLOR-2.jpg","width":1181,"height":1181,"caption":"Magallanes"},"image":{"@id":"https:\/\/dev.explora.cl\/magallanes\/#\/schema\/logo\/image\/"}},{"@type":"Person","@id":"https:\/\/dev.explora.cl\/magallanes\/#\/schema\/person\/cb8349c13ea2d324080adf8480d7ba5d","name":"webman","image":{"@type":"ImageObject","inLanguage":"es-CL","@id":"https:\/\/dev.explora.cl\/magallanes\/#\/schema\/person\/image\/","url":"https:\/\/secure.gravatar.com\/avatar\/eeff3c82f2c02f7177d13663b7e6f890e9a6a0647ce9bb29cae02dcb094c7312?s=96&d=mm&r=g","contentUrl":"https:\/\/secure.gravatar.com\/avatar\/eeff3c82f2c02f7177d13663b7e6f890e9a6a0647ce9bb29cae02dcb094c7312?s=96&d=mm&r=g","caption":"webman"},"url":"https:\/\/dev.explora.cl\/magallanes\/author\/webman\/"}]}},"_links":{"self":[{"href":"https:\/\/dev.explora.cl\/magallanes\/wp-json\/wp\/v2\/posts\/705","targetHints":{"allow":["GET"]}}],"collection":[{"href":"https:\/\/dev.explora.cl\/magallanes\/wp-json\/wp\/v2\/posts"}],"about":[{"href":"https:\/\/dev.explora.cl\/magallanes\/wp-json\/wp\/v2\/types\/post"}],"author":[{"embeddable":true,"href":"https:\/\/dev.explora.cl\/magallanes\/wp-json\/wp\/v2\/users\/2"}],"replies":[{"embeddable":true,"href":"https:\/\/dev.explora.cl\/magallanes\/wp-json\/wp\/v2\/comments?post=705"}],"version-history":[{"count":1,"href":"https:\/\/dev.explora.cl\/magallanes\/wp-json\/wp\/v2\/posts\/705\/revisions"}],"predecessor-version":[{"id":37694,"href":"https:\/\/dev.explora.cl\/magallanes\/wp-json\/wp\/v2\/posts\/705\/revisions\/37694"}],"wp:featuredmedia":[{"embeddable":true,"href":"https:\/\/dev.explora.cl\/magallanes\/wp-json\/wp\/v2\/media\/706"}],"wp:attachment":[{"href":"https:\/\/dev.explora.cl\/magallanes\/wp-json\/wp\/v2\/media?parent=705"}],"wp:term":[{"taxonomy":"category","embeddable":true,"href":"https:\/\/dev.explora.cl\/magallanes\/wp-json\/wp\/v2\/categories?post=705"},{"taxonomy":"post_tag","embeddable":true,"href":"https:\/\/dev.explora.cl\/magallanes\/wp-json\/wp\/v2\/tags?post=705"}],"curies":[{"name":"wp","href":"https:\/\/api.w.org\/{rel}","templated":true}]}}