{"id":452,"date":"2016-09-02T00:00:00","date_gmt":"2016-09-02T04:00:00","guid":{"rendered":"https:\/\/dev.explora.cl\/magallanes\/blog\/2016\/09\/02\/xvi-feria-cientifica-escolar-de-tierra-del-fuego-reune-a-mas-de-80-jovenes-cientificos-de-toda-la-region\/"},"modified":"2019-05-20T21:37:48","modified_gmt":"2019-05-20T21:37:48","slug":"xvi-feria-cientifica-escolar-de-tierra-del-fuego-reune-a-mas-de-80-jovenes-cientificos-de-toda-la-region","status":"publish","type":"post","link":"https:\/\/dev.explora.cl\/magallanes\/xvi-feria-cientifica-escolar-de-tierra-del-fuego-reune-a-mas-de-80-jovenes-cientificos-de-toda-la-region\/","title":{"rendered":"XVI Feria Cient\u00edfica Escolar de Tierra del Fuego re\u00fane a m\u00e1s de 80 j\u00f3venes investigadores de toda la regi\u00f3n"},"content":{"rendered":"<p style=\"text-align: justify\"><span lang=\"ES\"><img decoding=\"async\" src=\"https:\/\/scontent.fscl3-1.fna.fbcdn.net\/v\/t1.0-9\/14212002_1808415029395342_6625090551580281459_n.jpg?oh=245c209699f8624a3570d7096953851c&amp;oe=58528B1F\" alt=\"\" \/><\/span><\/p>\n<p style=\"text-align: justify\"><span lang=\"ES\">Para favorecer el surgimiento de nuevas ideas de investigaci\u00f3n y la interacci\u00f3n entre j\u00f3venes cient\u00edficos de toda la regi\u00f3n, la Feria Cient\u00edfica Escolar de Tierra del Fuego se convirti\u00f3 una vez m\u00e1s en el punto de encuentro para estudiantes de todas las edades que buscan descubrir con sus proyectos los misterios de la naturaleza y generar un impacto positivo en sus pares y la sociedad.<\/span><\/p>\n<p style=\"text-align: justify\"><span lang=\"ES\">En su XVI versi\u00f3n, la muestra cient\u00edfica cont\u00f3 con la participaci\u00f3n de m\u00e1s de 80 estudiantes de diversos establecimientos educacionales de las ciudades de Puerto Natales, Porvenir y Punta Arenas, y se realiz\u00f3 en el gimnasio del Liceo Polivalente Hernando de Magallanes, donde los 35 equipos participantes, de ense\u00f1anza b\u00e1sica y media, expusieron a los visitantes los avances y resultados obtenidos con sus proyectos cient\u00edficos y de investigaci\u00f3n, de cara al XIX Congreso Regional Escolar de Ciencia y Tecnolog\u00eda que se realizar\u00e1 en octubre en Punta Arenas.<\/span><\/p>\n<p style=\"text-align: justify\"><span lang=\"ES\">A la muestra organizada por el PAR Explora Magallanes, el Liceo Polivalente Hernando de Magallanes y la Escuela Bernardo O\u2019higgins, asistieron, adem\u00e1s, los \u201cmini\u201d cient\u00edficos del Jard\u00edn Infantil Papelucho y Jard\u00edn Infantil Arcoiris, quienes sorprendieron a todos los asistentes con una investigaci\u00f3n y experimentos sobre las ventajas en el uso del viento como fuente natural e inagotable de energ\u00eda.<\/span><\/p>\n<p style=\"text-align: justify\"><span lang=\"ES\">La alcaldesa de Porvenir, Marisol Andrade C\u00e1rdenas, agradeci\u00f3 al PAR Explora Magallanes por generar estos puntos de encuentro y desarrollo cient\u00edfico \u201cque permiten a nuestros j\u00f3venes explorar los misterios de la ciencia y despertar en ellos el deseo de saber m\u00e1s\u201d, destacando que este a\u00f1o se pudo apreciar una tendencia ambientalista y de vida saludable en la mayor\u00eda de los proyectos.<\/span><\/p>\n<p style=\"text-align: justify\"><span lang=\"ES\">Por su parte, Carla Vega, profesora de la escuela Bernardo O\u2019Higgins de Porvenir, y coordinadora de los proyectos cient\u00edficos del establecimiento, destac\u00f3 la realizaci\u00f3n de la feria \u201cporque los j\u00f3venes, de donde sea que vengan, aprenden unos de otros y para nosotros, al ser una comuna muy cercana, pero al mismo tiempo muy lejana y tener estas instancias cient\u00edficas de gran valor para nuestros alumnos pues les da otra perspectiva y les permite tener un mejor desarrollo\u201d.<\/span><\/p>\n<p style=\"text-align: justify\">Finalmente, Paulina Bast\u00edas, estudiante de 2\u00ba medio del liceo Mar\u00eda Mazzarello de Puerto Natales, agradeci\u00f3 al PAR Explora Magallanes por la oportunidad de participar por primera vez en la Feria Cient\u00edfica Escolar de Tierra del Fuego. \u201cEs muy bueno que se generen estas oportunidades de hacer ciencia. Especialmente porque nos permiten desarrollar proyectos que nos interesan de forma voluntaria y eso facilita compartir con otros j\u00f3venes nuestras investigaciones de una forma diferente y en un lenguaje que entendemos\u201d, finaliz\u00f3.<\/p>\n<p style=\"text-align: justify\">Mira la galer\u00eda de im\u00e1genes <a href=\"https:\/\/www.facebook.com\/magallanes.umag\/photos\/?tab=album&amp;album_id=1808414296062082\" target=\"_blank\" rel=\"noopener noreferrer\">AQU\u00cd<\/a>.<\/p>\n<p style=\"text-align: justify\">\u00a0<\/p>\n","protected":false},"excerpt":{"rendered":"<p>Para favorecer el surgimiento de nuevas ideas de investigaci\u00f3n y la interacci\u00f3n entre j\u00f3venes cient\u00edficos de toda la regi\u00f3n, la Feria Cient\u00edfica Escolar de Tierra del Fuego se convirti\u00f3 una vez m\u00e1s en el punto de encuentro para estudiantes de todas las edades que buscan descubrir con sus proyectos los misterios de la naturaleza y [&hellip;]<\/p>\n","protected":false},"author":2,"featured_media":0,"comment_status":"open","ping_status":"open","sticky":false,"template":"","format":"standard","meta":{"_acf_changed":false,"_exactmetrics_skip_tracking":false,"_exactmetrics_sitenote_active":false,"_exactmetrics_sitenote_note":"","_exactmetrics_sitenote_category":0,"footnotes":"","_links_to":"","_links_to_target":""},"categories":[4],"tags":[],"class_list":["post-452","post","type-post","status-publish","format-standard","hentry","category-noticias"],"acf":[],"yoast_head":"<!-- This site is optimized with the Yoast SEO plugin v26.7 - https:\/\/yoast.com\/wordpress\/plugins\/seo\/ -->\n<title>XVI Feria Cient\u00edfica Escolar de Tierra del Fuego re\u00fane a m\u00e1s de 80 j\u00f3venes investigadores de toda la regi\u00f3n - Magallanes<\/title>\n<meta name=\"robots\" content=\"index, follow, max-snippet:-1, max-image-preview:large, max-video-preview:-1\" \/>\n<link rel=\"canonical\" href=\"https:\/\/dev.explora.cl\/magallanes\/xvi-feria-cientifica-escolar-de-tierra-del-fuego-reune-a-mas-de-80-jovenes-cientificos-de-toda-la-region\/\" class=\"yoast-seo-meta-tag\" \/>\n<meta property=\"og:locale\" content=\"es_ES\" class=\"yoast-seo-meta-tag\" \/>\n<meta property=\"og:type\" content=\"article\" class=\"yoast-seo-meta-tag\" \/>\n<meta property=\"og:title\" content=\"XVI Feria Cient\u00edfica Escolar de Tierra del Fuego re\u00fane a m\u00e1s de 80 j\u00f3venes investigadores de toda la regi\u00f3n - Magallanes\" class=\"yoast-seo-meta-tag\" \/>\n<meta property=\"og:description\" content=\"Para favorecer el surgimiento de nuevas ideas de investigaci\u00f3n y la interacci\u00f3n entre j\u00f3venes cient\u00edficos de toda la regi\u00f3n, la Feria Cient\u00edfica Escolar de Tierra del Fuego se convirti\u00f3 una vez m\u00e1s en el punto de encuentro para estudiantes de todas las edades que buscan descubrir con sus proyectos los misterios de la naturaleza y [&hellip;]\" class=\"yoast-seo-meta-tag\" \/>\n<meta property=\"og:url\" content=\"https:\/\/dev.explora.cl\/magallanes\/xvi-feria-cientifica-escolar-de-tierra-del-fuego-reune-a-mas-de-80-jovenes-cientificos-de-toda-la-region\/\" class=\"yoast-seo-meta-tag\" \/>\n<meta property=\"og:site_name\" content=\"Magallanes\" class=\"yoast-seo-meta-tag\" \/>\n<meta property=\"article:published_time\" content=\"2016-09-02T04:00:00+00:00\" class=\"yoast-seo-meta-tag\" \/>\n<meta property=\"article:modified_time\" content=\"2019-05-20T21:37:48+00:00\" class=\"yoast-seo-meta-tag\" \/>\n<meta property=\"og:image\" content=\"https:\/\/scontent.fscl3-1.fna.fbcdn.net\/v\/t1.0-9\/14212002_1808415029395342_6625090551580281459_n.jpg?oh=245c209699f8624a3570d7096953851c&amp;oe=58528B1F\" class=\"yoast-seo-meta-tag\" \/>\n<meta name=\"author\" content=\"webman\" class=\"yoast-seo-meta-tag\" \/>\n<meta name=\"twitter:card\" content=\"summary_large_image\" class=\"yoast-seo-meta-tag\" \/>\n<meta name=\"twitter:label1\" content=\"Escrito por\" class=\"yoast-seo-meta-tag\" \/>\n\t<meta name=\"twitter:data1\" content=\"webman\" class=\"yoast-seo-meta-tag\" \/>\n\t<meta name=\"twitter:label2\" content=\"Tiempo estimado de lectura\" class=\"yoast-seo-meta-tag\" \/>\n\t<meta name=\"twitter:data2\" content=\"2 minutos\" class=\"yoast-seo-meta-tag\" \/>\n<script type=\"application\/ld+json\" class=\"yoast-schema-graph\">{\"@context\":\"https:\/\/schema.org\",\"@graph\":[{\"@type\":\"Article\",\"@id\":\"https:\/\/dev.explora.cl\/magallanes\/xvi-feria-cientifica-escolar-de-tierra-del-fuego-reune-a-mas-de-80-jovenes-cientificos-de-toda-la-region\/#article\",\"isPartOf\":{\"@id\":\"https:\/\/dev.explora.cl\/magallanes\/xvi-feria-cientifica-escolar-de-tierra-del-fuego-reune-a-mas-de-80-jovenes-cientificos-de-toda-la-region\/\"},\"author\":{\"name\":\"webman\",\"@id\":\"https:\/\/dev.explora.cl\/magallanes\/#\/schema\/person\/cb8349c13ea2d324080adf8480d7ba5d\"},\"headline\":\"XVI Feria Cient\u00edfica Escolar de Tierra del Fuego re\u00fane a m\u00e1s de 80 j\u00f3venes investigadores de toda la regi\u00f3n\",\"datePublished\":\"2016-09-02T04:00:00+00:00\",\"dateModified\":\"2019-05-20T21:37:48+00:00\",\"mainEntityOfPage\":{\"@id\":\"https:\/\/dev.explora.cl\/magallanes\/xvi-feria-cientifica-escolar-de-tierra-del-fuego-reune-a-mas-de-80-jovenes-cientificos-de-toda-la-region\/\"},\"wordCount\":494,\"commentCount\":0,\"publisher\":{\"@id\":\"https:\/\/dev.explora.cl\/magallanes\/#organization\"},\"image\":{\"@id\":\"https:\/\/dev.explora.cl\/magallanes\/xvi-feria-cientifica-escolar-de-tierra-del-fuego-reune-a-mas-de-80-jovenes-cientificos-de-toda-la-region\/#primaryimage\"},\"thumbnailUrl\":\"https:\/\/scontent.fscl3-1.fna.fbcdn.net\/v\/t1.0-9\/14212002_1808415029395342_6625090551580281459_n.jpg?oh=245c209699f8624a3570d7096953851c&amp;oe=58528B1F\",\"articleSection\":[\"Noticias\"],\"inLanguage\":\"es-CL\",\"potentialAction\":[{\"@type\":\"CommentAction\",\"name\":\"Comment\",\"target\":[\"https:\/\/dev.explora.cl\/magallanes\/xvi-feria-cientifica-escolar-de-tierra-del-fuego-reune-a-mas-de-80-jovenes-cientificos-de-toda-la-region\/#respond\"]}]},{\"@type\":\"WebPage\",\"@id\":\"https:\/\/dev.explora.cl\/magallanes\/xvi-feria-cientifica-escolar-de-tierra-del-fuego-reune-a-mas-de-80-jovenes-cientificos-de-toda-la-region\/\",\"url\":\"https:\/\/dev.explora.cl\/magallanes\/xvi-feria-cientifica-escolar-de-tierra-del-fuego-reune-a-mas-de-80-jovenes-cientificos-de-toda-la-region\/\",\"name\":\"XVI Feria Cient\u00edfica Escolar de Tierra del Fuego re\u00fane a m\u00e1s de 80 j\u00f3venes investigadores de toda la regi\u00f3n - Magallanes\",\"isPartOf\":{\"@id\":\"https:\/\/dev.explora.cl\/magallanes\/#website\"},\"primaryImageOfPage\":{\"@id\":\"https:\/\/dev.explora.cl\/magallanes\/xvi-feria-cientifica-escolar-de-tierra-del-fuego-reune-a-mas-de-80-jovenes-cientificos-de-toda-la-region\/#primaryimage\"},\"image\":{\"@id\":\"https:\/\/dev.explora.cl\/magallanes\/xvi-feria-cientifica-escolar-de-tierra-del-fuego-reune-a-mas-de-80-jovenes-cientificos-de-toda-la-region\/#primaryimage\"},\"thumbnailUrl\":\"https:\/\/scontent.fscl3-1.fna.fbcdn.net\/v\/t1.0-9\/14212002_1808415029395342_6625090551580281459_n.jpg?oh=245c209699f8624a3570d7096953851c&amp;oe=58528B1F\",\"datePublished\":\"2016-09-02T04:00:00+00:00\",\"dateModified\":\"2019-05-20T21:37:48+00:00\",\"breadcrumb\":{\"@id\":\"https:\/\/dev.explora.cl\/magallanes\/xvi-feria-cientifica-escolar-de-tierra-del-fuego-reune-a-mas-de-80-jovenes-cientificos-de-toda-la-region\/#breadcrumb\"},\"inLanguage\":\"es-CL\",\"potentialAction\":[{\"@type\":\"ReadAction\",\"target\":[\"https:\/\/dev.explora.cl\/magallanes\/xvi-feria-cientifica-escolar-de-tierra-del-fuego-reune-a-mas-de-80-jovenes-cientificos-de-toda-la-region\/\"]}]},{\"@type\":\"ImageObject\",\"inLanguage\":\"es-CL\",\"@id\":\"https:\/\/dev.explora.cl\/magallanes\/xvi-feria-cientifica-escolar-de-tierra-del-fuego-reune-a-mas-de-80-jovenes-cientificos-de-toda-la-region\/#primaryimage\",\"url\":\"https:\/\/scontent.fscl3-1.fna.fbcdn.net\/v\/t1.0-9\/14212002_1808415029395342_6625090551580281459_n.jpg?oh=245c209699f8624a3570d7096953851c&amp;oe=58528B1F\",\"contentUrl\":\"https:\/\/scontent.fscl3-1.fna.fbcdn.net\/v\/t1.0-9\/14212002_1808415029395342_6625090551580281459_n.jpg?oh=245c209699f8624a3570d7096953851c&amp;oe=58528B1F\"},{\"@type\":\"BreadcrumbList\",\"@id\":\"https:\/\/dev.explora.cl\/magallanes\/xvi-feria-cientifica-escolar-de-tierra-del-fuego-reune-a-mas-de-80-jovenes-cientificos-de-toda-la-region\/#breadcrumb\",\"itemListElement\":[{\"@type\":\"ListItem\",\"position\":1,\"name\":\"Portada\",\"item\":\"https:\/\/dev.explora.cl\/magallanes\/\"},{\"@type\":\"ListItem\",\"position\":2,\"name\":\"XVI Feria Cient\u00edfica Escolar de Tierra del Fuego re\u00fane a m\u00e1s de 80 j\u00f3venes investigadores de toda la regi\u00f3n\"}]},{\"@type\":\"WebSite\",\"@id\":\"https:\/\/dev.explora.cl\/magallanes\/#website\",\"url\":\"https:\/\/dev.explora.cl\/magallanes\/\",\"name\":\"Magallanes\",\"description\":\"Otro sitio m\u00e1s de dev.explora.cl\",\"publisher\":{\"@id\":\"https:\/\/dev.explora.cl\/magallanes\/#organization\"},\"potentialAction\":[{\"@type\":\"SearchAction\",\"target\":{\"@type\":\"EntryPoint\",\"urlTemplate\":\"https:\/\/dev.explora.cl\/magallanes\/?s={search_term_string}\"},\"query-input\":{\"@type\":\"PropertyValueSpecification\",\"valueRequired\":true,\"valueName\":\"search_term_string\"}}],\"inLanguage\":\"es-CL\"},{\"@type\":\"Organization\",\"@id\":\"https:\/\/dev.explora.cl\/magallanes\/#organization\",\"name\":\"Magallanes\",\"url\":\"https:\/\/dev.explora.cl\/magallanes\/\",\"logo\":{\"@type\":\"ImageObject\",\"inLanguage\":\"es-CL\",\"@id\":\"https:\/\/dev.explora.cl\/magallanes\/#\/schema\/logo\/image\/\",\"url\":\"https:\/\/dev.explora.cl\/magallanes\/wp-content\/uploads\/sites\/19\/2021\/06\/cropped-ICONO-COLOR-2.jpg\",\"contentUrl\":\"https:\/\/dev.explora.cl\/magallanes\/wp-content\/uploads\/sites\/19\/2021\/06\/cropped-ICONO-COLOR-2.jpg\",\"width\":1181,\"height\":1181,\"caption\":\"Magallanes\"},\"image\":{\"@id\":\"https:\/\/dev.explora.cl\/magallanes\/#\/schema\/logo\/image\/\"}},{\"@type\":\"Person\",\"@id\":\"https:\/\/dev.explora.cl\/magallanes\/#\/schema\/person\/cb8349c13ea2d324080adf8480d7ba5d\",\"name\":\"webman\",\"image\":{\"@type\":\"ImageObject\",\"inLanguage\":\"es-CL\",\"@id\":\"https:\/\/dev.explora.cl\/magallanes\/#\/schema\/person\/image\/\",\"url\":\"https:\/\/secure.gravatar.com\/avatar\/eeff3c82f2c02f7177d13663b7e6f890e9a6a0647ce9bb29cae02dcb094c7312?s=96&d=mm&r=g\",\"contentUrl\":\"https:\/\/secure.gravatar.com\/avatar\/eeff3c82f2c02f7177d13663b7e6f890e9a6a0647ce9bb29cae02dcb094c7312?s=96&d=mm&r=g\",\"caption\":\"webman\"},\"url\":\"https:\/\/dev.explora.cl\/magallanes\/author\/webman\/\"}]}<\/script>\n<!-- \/ Yoast SEO plugin. -->","yoast_head_json":{"title":"XVI Feria Cient\u00edfica Escolar de Tierra del Fuego re\u00fane a m\u00e1s de 80 j\u00f3venes investigadores de toda la regi\u00f3n - Magallanes","robots":{"index":"index","follow":"follow","max-snippet":"max-snippet:-1","max-image-preview":"max-image-preview:large","max-video-preview":"max-video-preview:-1"},"canonical":"https:\/\/dev.explora.cl\/magallanes\/xvi-feria-cientifica-escolar-de-tierra-del-fuego-reune-a-mas-de-80-jovenes-cientificos-de-toda-la-region\/","og_locale":"es_ES","og_type":"article","og_title":"XVI Feria Cient\u00edfica Escolar de Tierra del Fuego re\u00fane a m\u00e1s de 80 j\u00f3venes investigadores de toda la regi\u00f3n - Magallanes","og_description":"Para favorecer el surgimiento de nuevas ideas de investigaci\u00f3n y la interacci\u00f3n entre j\u00f3venes cient\u00edficos de toda la regi\u00f3n, la Feria Cient\u00edfica Escolar de Tierra del Fuego se convirti\u00f3 una vez m\u00e1s en el punto de encuentro para estudiantes de todas las edades que buscan descubrir con sus proyectos los misterios de la naturaleza y [&hellip;]","og_url":"https:\/\/dev.explora.cl\/magallanes\/xvi-feria-cientifica-escolar-de-tierra-del-fuego-reune-a-mas-de-80-jovenes-cientificos-de-toda-la-region\/","og_site_name":"Magallanes","article_published_time":"2016-09-02T04:00:00+00:00","article_modified_time":"2019-05-20T21:37:48+00:00","og_image":[{"url":"https:\/\/scontent.fscl3-1.fna.fbcdn.net\/v\/t1.0-9\/14212002_1808415029395342_6625090551580281459_n.jpg?oh=245c209699f8624a3570d7096953851c&amp;oe=58528B1F","type":"","width":"","height":""}],"author":"webman","twitter_card":"summary_large_image","twitter_misc":{"Escrito por":"webman","Tiempo estimado de lectura":"2 minutos"},"schema":{"@context":"https:\/\/schema.org","@graph":[{"@type":"Article","@id":"https:\/\/dev.explora.cl\/magallanes\/xvi-feria-cientifica-escolar-de-tierra-del-fuego-reune-a-mas-de-80-jovenes-cientificos-de-toda-la-region\/#article","isPartOf":{"@id":"https:\/\/dev.explora.cl\/magallanes\/xvi-feria-cientifica-escolar-de-tierra-del-fuego-reune-a-mas-de-80-jovenes-cientificos-de-toda-la-region\/"},"author":{"name":"webman","@id":"https:\/\/dev.explora.cl\/magallanes\/#\/schema\/person\/cb8349c13ea2d324080adf8480d7ba5d"},"headline":"XVI Feria Cient\u00edfica Escolar de Tierra del Fuego re\u00fane a m\u00e1s de 80 j\u00f3venes investigadores de toda la regi\u00f3n","datePublished":"2016-09-02T04:00:00+00:00","dateModified":"2019-05-20T21:37:48+00:00","mainEntityOfPage":{"@id":"https:\/\/dev.explora.cl\/magallanes\/xvi-feria-cientifica-escolar-de-tierra-del-fuego-reune-a-mas-de-80-jovenes-cientificos-de-toda-la-region\/"},"wordCount":494,"commentCount":0,"publisher":{"@id":"https:\/\/dev.explora.cl\/magallanes\/#organization"},"image":{"@id":"https:\/\/dev.explora.cl\/magallanes\/xvi-feria-cientifica-escolar-de-tierra-del-fuego-reune-a-mas-de-80-jovenes-cientificos-de-toda-la-region\/#primaryimage"},"thumbnailUrl":"https:\/\/scontent.fscl3-1.fna.fbcdn.net\/v\/t1.0-9\/14212002_1808415029395342_6625090551580281459_n.jpg?oh=245c209699f8624a3570d7096953851c&amp;oe=58528B1F","articleSection":["Noticias"],"inLanguage":"es-CL","potentialAction":[{"@type":"CommentAction","name":"Comment","target":["https:\/\/dev.explora.cl\/magallanes\/xvi-feria-cientifica-escolar-de-tierra-del-fuego-reune-a-mas-de-80-jovenes-cientificos-de-toda-la-region\/#respond"]}]},{"@type":"WebPage","@id":"https:\/\/dev.explora.cl\/magallanes\/xvi-feria-cientifica-escolar-de-tierra-del-fuego-reune-a-mas-de-80-jovenes-cientificos-de-toda-la-region\/","url":"https:\/\/dev.explora.cl\/magallanes\/xvi-feria-cientifica-escolar-de-tierra-del-fuego-reune-a-mas-de-80-jovenes-cientificos-de-toda-la-region\/","name":"XVI Feria Cient\u00edfica Escolar de Tierra del Fuego re\u00fane a m\u00e1s de 80 j\u00f3venes investigadores de toda la regi\u00f3n - Magallanes","isPartOf":{"@id":"https:\/\/dev.explora.cl\/magallanes\/#website"},"primaryImageOfPage":{"@id":"https:\/\/dev.explora.cl\/magallanes\/xvi-feria-cientifica-escolar-de-tierra-del-fuego-reune-a-mas-de-80-jovenes-cientificos-de-toda-la-region\/#primaryimage"},"image":{"@id":"https:\/\/dev.explora.cl\/magallanes\/xvi-feria-cientifica-escolar-de-tierra-del-fuego-reune-a-mas-de-80-jovenes-cientificos-de-toda-la-region\/#primaryimage"},"thumbnailUrl":"https:\/\/scontent.fscl3-1.fna.fbcdn.net\/v\/t1.0-9\/14212002_1808415029395342_6625090551580281459_n.jpg?oh=245c209699f8624a3570d7096953851c&amp;oe=58528B1F","datePublished":"2016-09-02T04:00:00+00:00","dateModified":"2019-05-20T21:37:48+00:00","breadcrumb":{"@id":"https:\/\/dev.explora.cl\/magallanes\/xvi-feria-cientifica-escolar-de-tierra-del-fuego-reune-a-mas-de-80-jovenes-cientificos-de-toda-la-region\/#breadcrumb"},"inLanguage":"es-CL","potentialAction":[{"@type":"ReadAction","target":["https:\/\/dev.explora.cl\/magallanes\/xvi-feria-cientifica-escolar-de-tierra-del-fuego-reune-a-mas-de-80-jovenes-cientificos-de-toda-la-region\/"]}]},{"@type":"ImageObject","inLanguage":"es-CL","@id":"https:\/\/dev.explora.cl\/magallanes\/xvi-feria-cientifica-escolar-de-tierra-del-fuego-reune-a-mas-de-80-jovenes-cientificos-de-toda-la-region\/#primaryimage","url":"https:\/\/scontent.fscl3-1.fna.fbcdn.net\/v\/t1.0-9\/14212002_1808415029395342_6625090551580281459_n.jpg?oh=245c209699f8624a3570d7096953851c&amp;oe=58528B1F","contentUrl":"https:\/\/scontent.fscl3-1.fna.fbcdn.net\/v\/t1.0-9\/14212002_1808415029395342_6625090551580281459_n.jpg?oh=245c209699f8624a3570d7096953851c&amp;oe=58528B1F"},{"@type":"BreadcrumbList","@id":"https:\/\/dev.explora.cl\/magallanes\/xvi-feria-cientifica-escolar-de-tierra-del-fuego-reune-a-mas-de-80-jovenes-cientificos-de-toda-la-region\/#breadcrumb","itemListElement":[{"@type":"ListItem","position":1,"name":"Portada","item":"https:\/\/dev.explora.cl\/magallanes\/"},{"@type":"ListItem","position":2,"name":"XVI Feria Cient\u00edfica Escolar de Tierra del Fuego re\u00fane a m\u00e1s de 80 j\u00f3venes investigadores de toda la regi\u00f3n"}]},{"@type":"WebSite","@id":"https:\/\/dev.explora.cl\/magallanes\/#website","url":"https:\/\/dev.explora.cl\/magallanes\/","name":"Magallanes","description":"Otro sitio m\u00e1s de dev.explora.cl","publisher":{"@id":"https:\/\/dev.explora.cl\/magallanes\/#organization"},"potentialAction":[{"@type":"SearchAction","target":{"@type":"EntryPoint","urlTemplate":"https:\/\/dev.explora.cl\/magallanes\/?s={search_term_string}"},"query-input":{"@type":"PropertyValueSpecification","valueRequired":true,"valueName":"search_term_string"}}],"inLanguage":"es-CL"},{"@type":"Organization","@id":"https:\/\/dev.explora.cl\/magallanes\/#organization","name":"Magallanes","url":"https:\/\/dev.explora.cl\/magallanes\/","logo":{"@type":"ImageObject","inLanguage":"es-CL","@id":"https:\/\/dev.explora.cl\/magallanes\/#\/schema\/logo\/image\/","url":"https:\/\/dev.explora.cl\/magallanes\/wp-content\/uploads\/sites\/19\/2021\/06\/cropped-ICONO-COLOR-2.jpg","contentUrl":"https:\/\/dev.explora.cl\/magallanes\/wp-content\/uploads\/sites\/19\/2021\/06\/cropped-ICONO-COLOR-2.jpg","width":1181,"height":1181,"caption":"Magallanes"},"image":{"@id":"https:\/\/dev.explora.cl\/magallanes\/#\/schema\/logo\/image\/"}},{"@type":"Person","@id":"https:\/\/dev.explora.cl\/magallanes\/#\/schema\/person\/cb8349c13ea2d324080adf8480d7ba5d","name":"webman","image":{"@type":"ImageObject","inLanguage":"es-CL","@id":"https:\/\/dev.explora.cl\/magallanes\/#\/schema\/person\/image\/","url":"https:\/\/secure.gravatar.com\/avatar\/eeff3c82f2c02f7177d13663b7e6f890e9a6a0647ce9bb29cae02dcb094c7312?s=96&d=mm&r=g","contentUrl":"https:\/\/secure.gravatar.com\/avatar\/eeff3c82f2c02f7177d13663b7e6f890e9a6a0647ce9bb29cae02dcb094c7312?s=96&d=mm&r=g","caption":"webman"},"url":"https:\/\/dev.explora.cl\/magallanes\/author\/webman\/"}]}},"_links":{"self":[{"href":"https:\/\/dev.explora.cl\/magallanes\/wp-json\/wp\/v2\/posts\/452","targetHints":{"allow":["GET"]}}],"collection":[{"href":"https:\/\/dev.explora.cl\/magallanes\/wp-json\/wp\/v2\/posts"}],"about":[{"href":"https:\/\/dev.explora.cl\/magallanes\/wp-json\/wp\/v2\/types\/post"}],"author":[{"embeddable":true,"href":"https:\/\/dev.explora.cl\/magallanes\/wp-json\/wp\/v2\/users\/2"}],"replies":[{"embeddable":true,"href":"https:\/\/dev.explora.cl\/magallanes\/wp-json\/wp\/v2\/comments?post=452"}],"version-history":[{"count":1,"href":"https:\/\/dev.explora.cl\/magallanes\/wp-json\/wp\/v2\/posts\/452\/revisions"}],"predecessor-version":[{"id":37820,"href":"https:\/\/dev.explora.cl\/magallanes\/wp-json\/wp\/v2\/posts\/452\/revisions\/37820"}],"wp:attachment":[{"href":"https:\/\/dev.explora.cl\/magallanes\/wp-json\/wp\/v2\/media?parent=452"}],"wp:term":[{"taxonomy":"category","embeddable":true,"href":"https:\/\/dev.explora.cl\/magallanes\/wp-json\/wp\/v2\/categories?post=452"},{"taxonomy":"post_tag","embeddable":true,"href":"https:\/\/dev.explora.cl\/magallanes\/wp-json\/wp\/v2\/tags?post=452"}],"curies":[{"name":"wp","href":"https:\/\/api.w.org\/{rel}","templated":true}]}}