{"id":417,"date":"2016-07-11T00:00:00","date_gmt":"2016-07-11T04:00:00","guid":{"rendered":"https:\/\/dev.explora.cl\/magallanes\/blog\/2016\/07\/11\/comenzaron-los-talleres-de-invierno-2-16\/"},"modified":"2019-05-20T21:38:03","modified_gmt":"2019-05-20T21:38:03","slug":"comenzaron-los-talleres-de-invierno-2-16","status":"publish","type":"post","link":"https:\/\/dev.explora.cl\/magallanes\/comenzaron-los-talleres-de-invierno-2-16\/","title":{"rendered":"Comenzaron los Talleres de Invierno 2016"},"content":{"rendered":"<p class=\"MsoNormal\" style=\"text-align: justify\">\u00a0<\/p>\n<p class=\"MsoNormal\"><img decoding=\"async\" class=\" size-full wp-image-18986\" style=\"margin-left: auto;margin-right: auto\" src=\"http:\/\/ec2-54-245-22-188.us-west-2.compute.amazonaws.com\/wp-content\/uploads\/2016\/07\/Talleres-de-Invierno-Contaminacion-Intermareal-2.JPG\" alt=\"\" width=\"500\" \/><\/p>\n<p class=\"MsoNormal\" style=\"text-align: justify\">Este lunes comenzaron los Talleres de Invierno 2016 que organiza PAR Explora Magallanes y Ant\u00e1rtica Chilena.<\/p>\n<p class=\"MsoNormal\" style=\"text-align: justify\">Biomim\u00e9tica y Ciencia Ficci\u00f3n, Periodismo Cient\u00edfico Escolar, Contaminaci\u00f3n Intermareal, Biodiversidad en Acci\u00f3n y Experimentando con Celdas Fotovolt\u00e1icas son los cinco talleres que se est\u00e1n realizando en el Instituto Don Bosco para estudiantes de Educaci\u00f3n Media.<\/p>\n<p style=\"text-align: justify\">En esta primera jornada asistieron m\u00e1s de 80 j\u00f3venes de Punta Arenas y Puerto Natales, quienes participaron de las primeras sesiones te\u00f3ricas y luego realizaron muestreos en Chabunco y en la playa cercana al Parque Mar\u00eda Behety.<\/p>\n<p class=\"MsoNormal\" style=\"text-align: justify\">Todas las especies recolectadas ser\u00e1n analizadas en el laboratorio, as\u00ed coment\u00f3 Sebasti\u00e1n Men\u00e9ndez, Bi\u00f3logo Marino y docente a cargo del taller Biodiversidad en Acci\u00f3n. &#8220;En este taller tenemos 18 alumnos de 2\u00ba medio del Liceo Luis Alberto Barrera y trataremos de determinar la biodiversidad, es decir el n\u00famero de especies que habitan en tres zonas del Estrecho de Magallanes\u201d, se\u00f1al\u00f3.<\/p>\n<p class=\"MsoNormal\" style=\"text-align: justify\">En otro sector estaban los estudiantes del taller Contaminaci\u00f3n Intermareal, quienes recolectaron todos los residuos que se encuentran en la playa y los clasificaron en s\u00f3lidos, org\u00e1nicos y peligrosos. Con estos muestreos pretenden elaborar un informe sobre la contaminaci\u00f3n que se puede encontrar en la comuna.<\/p>\n<p class=\"MsoNormal\" style=\"text-align: justify\">A Chabunco fueron los estudiantes del taller Biomim\u00e9tica y Ciencia Ficci\u00f3n, quienes buscan inspirarse en especies marinas para crear un comics, al igual que directores de Cine se inspiraron para crear mundos de pel\u00edculas como Avatar, Matrix, Harry Potter y algunos videojuegos. Este taller es realizado por los docentes de la Universidad de Magallanes, Dr. Cristi\u00e1n Aldea y Dr. Am\u00e9rico Montiel.<\/p>\n<p class=\"MsoNormal\" style=\"text-align: justify\">Turbinas e\u00f3licas, tambi\u00e9n conocidos como remolinos de viento es lo que realizar\u00e1n los estudiantes del taller Experimentando con celdas fotovolt\u00e1icas y energ\u00eda e\u00f3lica. Este taller realizado por el Dr. Rub\u00e9n Pe\u00f1a de la Universidad de Concepci\u00f3n busca acercar a los estudiantes las energ\u00edas renovables.<\/p>\n<p class=\"MsoNormal\" style=\"text-align: justify\">Los Talleres de Invierno 2016 continuar\u00e1n hasta el viernes 15 de julio, jornada en la que expondr\u00e1n las investigaciones y trabajos realizados.<\/p>\n<p><img decoding=\"async\" class=\" size-full wp-image-18985\" style=\"margin-left: auto;margin-right: auto\" src=\"http:\/\/ec2-54-245-22-188.us-west-2.compute.amazonaws.com\/wp-content\/uploads\/2016\/07\/Talleres-de-Invierno-Biodiversidad-en-Accion-1.JPG\" alt=\"\" width=\"500\" \/><\/p>\n<p style=\"text-align: right\"><b>Las fotograf\u00edas adjuntas y este texto fue redactado por los estudiantes del Taller de Periodismo Cient\u00edfico Escolar.<\/b><\/p>\n","protected":false},"excerpt":{"rendered":"<p>\u00a0 Este lunes comenzaron los Talleres de Invierno 2016 que organiza PAR Explora Magallanes y Ant\u00e1rtica Chilena. Biomim\u00e9tica y Ciencia Ficci\u00f3n, Periodismo Cient\u00edfico Escolar, Contaminaci\u00f3n Intermareal, Biodiversidad en Acci\u00f3n y Experimentando con Celdas Fotovolt\u00e1icas son los cinco talleres que se est\u00e1n realizando en el Instituto Don Bosco para estudiantes de Educaci\u00f3n Media. En esta primera [&hellip;]<\/p>\n","protected":false},"author":2,"featured_media":418,"comment_status":"open","ping_status":"open","sticky":false,"template":"","format":"standard","meta":{"_acf_changed":false,"_exactmetrics_skip_tracking":false,"_exactmetrics_sitenote_active":false,"_exactmetrics_sitenote_note":"","_exactmetrics_sitenote_category":0,"footnotes":"","_links_to":"","_links_to_target":""},"categories":[4],"tags":[],"class_list":["post-417","post","type-post","status-publish","format-standard","has-post-thumbnail","hentry","category-noticias"],"acf":[],"yoast_head":"<!-- This site is optimized with the Yoast SEO plugin v26.7 - https:\/\/yoast.com\/wordpress\/plugins\/seo\/ -->\n<title>Comenzaron los Talleres de Invierno 2016 - Magallanes<\/title>\n<meta name=\"robots\" content=\"index, follow, max-snippet:-1, max-image-preview:large, max-video-preview:-1\" \/>\n<link rel=\"canonical\" href=\"https:\/\/dev.explora.cl\/magallanes\/comenzaron-los-talleres-de-invierno-2-16\/\" class=\"yoast-seo-meta-tag\" \/>\n<meta property=\"og:locale\" content=\"es_ES\" class=\"yoast-seo-meta-tag\" \/>\n<meta property=\"og:type\" content=\"article\" class=\"yoast-seo-meta-tag\" \/>\n<meta property=\"og:title\" content=\"Comenzaron los Talleres de Invierno 2016 - Magallanes\" class=\"yoast-seo-meta-tag\" \/>\n<meta property=\"og:description\" content=\"\u00a0 Este lunes comenzaron los Talleres de Invierno 2016 que organiza PAR Explora Magallanes y Ant\u00e1rtica Chilena. Biomim\u00e9tica y Ciencia Ficci\u00f3n, Periodismo Cient\u00edfico Escolar, Contaminaci\u00f3n Intermareal, Biodiversidad en Acci\u00f3n y Experimentando con Celdas Fotovolt\u00e1icas son los cinco talleres que se est\u00e1n realizando en el Instituto Don Bosco para estudiantes de Educaci\u00f3n Media. En esta primera [&hellip;]\" class=\"yoast-seo-meta-tag\" \/>\n<meta property=\"og:url\" content=\"https:\/\/dev.explora.cl\/magallanes\/comenzaron-los-talleres-de-invierno-2-16\/\" class=\"yoast-seo-meta-tag\" \/>\n<meta property=\"og:site_name\" content=\"Magallanes\" class=\"yoast-seo-meta-tag\" \/>\n<meta property=\"article:published_time\" content=\"2016-07-11T04:00:00+00:00\" class=\"yoast-seo-meta-tag\" \/>\n<meta property=\"article:modified_time\" content=\"2019-05-20T21:38:03+00:00\" class=\"yoast-seo-meta-tag\" \/>\n<meta property=\"og:image\" content=\"https:\/\/dev.explora.cl\/magallanes\/wp-content\/uploads\/sites\/19\/2018\/06\/Talleres-de-Invierno-Biodiversidad-en-Accion-1-1024x683.jpg\" class=\"yoast-seo-meta-tag\" \/>\n\t<meta property=\"og:image:width\" content=\"1024\" class=\"yoast-seo-meta-tag\" \/>\n\t<meta property=\"og:image:height\" content=\"683\" class=\"yoast-seo-meta-tag\" \/>\n\t<meta property=\"og:image:type\" content=\"image\/jpeg\" class=\"yoast-seo-meta-tag\" \/>\n<meta name=\"author\" content=\"webman\" class=\"yoast-seo-meta-tag\" \/>\n<meta name=\"twitter:card\" content=\"summary_large_image\" class=\"yoast-seo-meta-tag\" \/>\n<meta name=\"twitter:label1\" content=\"Escrito por\" class=\"yoast-seo-meta-tag\" \/>\n\t<meta name=\"twitter:data1\" content=\"webman\" class=\"yoast-seo-meta-tag\" \/>\n\t<meta name=\"twitter:label2\" content=\"Tiempo estimado de lectura\" class=\"yoast-seo-meta-tag\" \/>\n\t<meta name=\"twitter:data2\" content=\"2 minutos\" class=\"yoast-seo-meta-tag\" \/>\n<script type=\"application\/ld+json\" class=\"yoast-schema-graph\">{\"@context\":\"https:\/\/schema.org\",\"@graph\":[{\"@type\":\"Article\",\"@id\":\"https:\/\/dev.explora.cl\/magallanes\/comenzaron-los-talleres-de-invierno-2-16\/#article\",\"isPartOf\":{\"@id\":\"https:\/\/dev.explora.cl\/magallanes\/comenzaron-los-talleres-de-invierno-2-16\/\"},\"author\":{\"name\":\"webman\",\"@id\":\"https:\/\/dev.explora.cl\/magallanes\/#\/schema\/person\/cb8349c13ea2d324080adf8480d7ba5d\"},\"headline\":\"Comenzaron los Talleres de Invierno 2016\",\"datePublished\":\"2016-07-11T04:00:00+00:00\",\"dateModified\":\"2019-05-20T21:38:03+00:00\",\"mainEntityOfPage\":{\"@id\":\"https:\/\/dev.explora.cl\/magallanes\/comenzaron-los-talleres-de-invierno-2-16\/\"},\"wordCount\":380,\"commentCount\":0,\"publisher\":{\"@id\":\"https:\/\/dev.explora.cl\/magallanes\/#organization\"},\"image\":{\"@id\":\"https:\/\/dev.explora.cl\/magallanes\/comenzaron-los-talleres-de-invierno-2-16\/#primaryimage\"},\"thumbnailUrl\":\"https:\/\/dev.explora.cl\/magallanes\/wp-content\/uploads\/sites\/19\/2018\/06\/Talleres-de-Invierno-Biodiversidad-en-Accion-1.jpg\",\"articleSection\":[\"Noticias\"],\"inLanguage\":\"es-CL\",\"potentialAction\":[{\"@type\":\"CommentAction\",\"name\":\"Comment\",\"target\":[\"https:\/\/dev.explora.cl\/magallanes\/comenzaron-los-talleres-de-invierno-2-16\/#respond\"]}]},{\"@type\":\"WebPage\",\"@id\":\"https:\/\/dev.explora.cl\/magallanes\/comenzaron-los-talleres-de-invierno-2-16\/\",\"url\":\"https:\/\/dev.explora.cl\/magallanes\/comenzaron-los-talleres-de-invierno-2-16\/\",\"name\":\"Comenzaron los Talleres de Invierno 2016 - Magallanes\",\"isPartOf\":{\"@id\":\"https:\/\/dev.explora.cl\/magallanes\/#website\"},\"primaryImageOfPage\":{\"@id\":\"https:\/\/dev.explora.cl\/magallanes\/comenzaron-los-talleres-de-invierno-2-16\/#primaryimage\"},\"image\":{\"@id\":\"https:\/\/dev.explora.cl\/magallanes\/comenzaron-los-talleres-de-invierno-2-16\/#primaryimage\"},\"thumbnailUrl\":\"https:\/\/dev.explora.cl\/magallanes\/wp-content\/uploads\/sites\/19\/2018\/06\/Talleres-de-Invierno-Biodiversidad-en-Accion-1.jpg\",\"datePublished\":\"2016-07-11T04:00:00+00:00\",\"dateModified\":\"2019-05-20T21:38:03+00:00\",\"breadcrumb\":{\"@id\":\"https:\/\/dev.explora.cl\/magallanes\/comenzaron-los-talleres-de-invierno-2-16\/#breadcrumb\"},\"inLanguage\":\"es-CL\",\"potentialAction\":[{\"@type\":\"ReadAction\",\"target\":[\"https:\/\/dev.explora.cl\/magallanes\/comenzaron-los-talleres-de-invierno-2-16\/\"]}]},{\"@type\":\"ImageObject\",\"inLanguage\":\"es-CL\",\"@id\":\"https:\/\/dev.explora.cl\/magallanes\/comenzaron-los-talleres-de-invierno-2-16\/#primaryimage\",\"url\":\"https:\/\/dev.explora.cl\/magallanes\/wp-content\/uploads\/sites\/19\/2018\/06\/Talleres-de-Invierno-Biodiversidad-en-Accion-1.jpg\",\"contentUrl\":\"https:\/\/dev.explora.cl\/magallanes\/wp-content\/uploads\/sites\/19\/2018\/06\/Talleres-de-Invierno-Biodiversidad-en-Accion-1.jpg\",\"width\":6000,\"height\":4000},{\"@type\":\"BreadcrumbList\",\"@id\":\"https:\/\/dev.explora.cl\/magallanes\/comenzaron-los-talleres-de-invierno-2-16\/#breadcrumb\",\"itemListElement\":[{\"@type\":\"ListItem\",\"position\":1,\"name\":\"Portada\",\"item\":\"https:\/\/dev.explora.cl\/magallanes\/\"},{\"@type\":\"ListItem\",\"position\":2,\"name\":\"Comenzaron los Talleres de Invierno 2016\"}]},{\"@type\":\"WebSite\",\"@id\":\"https:\/\/dev.explora.cl\/magallanes\/#website\",\"url\":\"https:\/\/dev.explora.cl\/magallanes\/\",\"name\":\"Magallanes\",\"description\":\"Otro sitio m\u00e1s de dev.explora.cl\",\"publisher\":{\"@id\":\"https:\/\/dev.explora.cl\/magallanes\/#organization\"},\"potentialAction\":[{\"@type\":\"SearchAction\",\"target\":{\"@type\":\"EntryPoint\",\"urlTemplate\":\"https:\/\/dev.explora.cl\/magallanes\/?s={search_term_string}\"},\"query-input\":{\"@type\":\"PropertyValueSpecification\",\"valueRequired\":true,\"valueName\":\"search_term_string\"}}],\"inLanguage\":\"es-CL\"},{\"@type\":\"Organization\",\"@id\":\"https:\/\/dev.explora.cl\/magallanes\/#organization\",\"name\":\"Magallanes\",\"url\":\"https:\/\/dev.explora.cl\/magallanes\/\",\"logo\":{\"@type\":\"ImageObject\",\"inLanguage\":\"es-CL\",\"@id\":\"https:\/\/dev.explora.cl\/magallanes\/#\/schema\/logo\/image\/\",\"url\":\"https:\/\/dev.explora.cl\/magallanes\/wp-content\/uploads\/sites\/19\/2021\/06\/cropped-ICONO-COLOR-2.jpg\",\"contentUrl\":\"https:\/\/dev.explora.cl\/magallanes\/wp-content\/uploads\/sites\/19\/2021\/06\/cropped-ICONO-COLOR-2.jpg\",\"width\":1181,\"height\":1181,\"caption\":\"Magallanes\"},\"image\":{\"@id\":\"https:\/\/dev.explora.cl\/magallanes\/#\/schema\/logo\/image\/\"}},{\"@type\":\"Person\",\"@id\":\"https:\/\/dev.explora.cl\/magallanes\/#\/schema\/person\/cb8349c13ea2d324080adf8480d7ba5d\",\"name\":\"webman\",\"image\":{\"@type\":\"ImageObject\",\"inLanguage\":\"es-CL\",\"@id\":\"https:\/\/dev.explora.cl\/magallanes\/#\/schema\/person\/image\/\",\"url\":\"https:\/\/secure.gravatar.com\/avatar\/eeff3c82f2c02f7177d13663b7e6f890e9a6a0647ce9bb29cae02dcb094c7312?s=96&d=mm&r=g\",\"contentUrl\":\"https:\/\/secure.gravatar.com\/avatar\/eeff3c82f2c02f7177d13663b7e6f890e9a6a0647ce9bb29cae02dcb094c7312?s=96&d=mm&r=g\",\"caption\":\"webman\"},\"url\":\"https:\/\/dev.explora.cl\/magallanes\/author\/webman\/\"}]}<\/script>\n<!-- \/ Yoast SEO plugin. -->","yoast_head_json":{"title":"Comenzaron los Talleres de Invierno 2016 - Magallanes","robots":{"index":"index","follow":"follow","max-snippet":"max-snippet:-1","max-image-preview":"max-image-preview:large","max-video-preview":"max-video-preview:-1"},"canonical":"https:\/\/dev.explora.cl\/magallanes\/comenzaron-los-talleres-de-invierno-2-16\/","og_locale":"es_ES","og_type":"article","og_title":"Comenzaron los Talleres de Invierno 2016 - Magallanes","og_description":"\u00a0 Este lunes comenzaron los Talleres de Invierno 2016 que organiza PAR Explora Magallanes y Ant\u00e1rtica Chilena. Biomim\u00e9tica y Ciencia Ficci\u00f3n, Periodismo Cient\u00edfico Escolar, Contaminaci\u00f3n Intermareal, Biodiversidad en Acci\u00f3n y Experimentando con Celdas Fotovolt\u00e1icas son los cinco talleres que se est\u00e1n realizando en el Instituto Don Bosco para estudiantes de Educaci\u00f3n Media. En esta primera [&hellip;]","og_url":"https:\/\/dev.explora.cl\/magallanes\/comenzaron-los-talleres-de-invierno-2-16\/","og_site_name":"Magallanes","article_published_time":"2016-07-11T04:00:00+00:00","article_modified_time":"2019-05-20T21:38:03+00:00","og_image":[{"width":1024,"height":683,"url":"https:\/\/dev.explora.cl\/magallanes\/wp-content\/uploads\/sites\/19\/2018\/06\/Talleres-de-Invierno-Biodiversidad-en-Accion-1-1024x683.jpg","type":"image\/jpeg"}],"author":"webman","twitter_card":"summary_large_image","twitter_misc":{"Escrito por":"webman","Tiempo estimado de lectura":"2 minutos"},"schema":{"@context":"https:\/\/schema.org","@graph":[{"@type":"Article","@id":"https:\/\/dev.explora.cl\/magallanes\/comenzaron-los-talleres-de-invierno-2-16\/#article","isPartOf":{"@id":"https:\/\/dev.explora.cl\/magallanes\/comenzaron-los-talleres-de-invierno-2-16\/"},"author":{"name":"webman","@id":"https:\/\/dev.explora.cl\/magallanes\/#\/schema\/person\/cb8349c13ea2d324080adf8480d7ba5d"},"headline":"Comenzaron los Talleres de Invierno 2016","datePublished":"2016-07-11T04:00:00+00:00","dateModified":"2019-05-20T21:38:03+00:00","mainEntityOfPage":{"@id":"https:\/\/dev.explora.cl\/magallanes\/comenzaron-los-talleres-de-invierno-2-16\/"},"wordCount":380,"commentCount":0,"publisher":{"@id":"https:\/\/dev.explora.cl\/magallanes\/#organization"},"image":{"@id":"https:\/\/dev.explora.cl\/magallanes\/comenzaron-los-talleres-de-invierno-2-16\/#primaryimage"},"thumbnailUrl":"https:\/\/dev.explora.cl\/magallanes\/wp-content\/uploads\/sites\/19\/2018\/06\/Talleres-de-Invierno-Biodiversidad-en-Accion-1.jpg","articleSection":["Noticias"],"inLanguage":"es-CL","potentialAction":[{"@type":"CommentAction","name":"Comment","target":["https:\/\/dev.explora.cl\/magallanes\/comenzaron-los-talleres-de-invierno-2-16\/#respond"]}]},{"@type":"WebPage","@id":"https:\/\/dev.explora.cl\/magallanes\/comenzaron-los-talleres-de-invierno-2-16\/","url":"https:\/\/dev.explora.cl\/magallanes\/comenzaron-los-talleres-de-invierno-2-16\/","name":"Comenzaron los Talleres de Invierno 2016 - Magallanes","isPartOf":{"@id":"https:\/\/dev.explora.cl\/magallanes\/#website"},"primaryImageOfPage":{"@id":"https:\/\/dev.explora.cl\/magallanes\/comenzaron-los-talleres-de-invierno-2-16\/#primaryimage"},"image":{"@id":"https:\/\/dev.explora.cl\/magallanes\/comenzaron-los-talleres-de-invierno-2-16\/#primaryimage"},"thumbnailUrl":"https:\/\/dev.explora.cl\/magallanes\/wp-content\/uploads\/sites\/19\/2018\/06\/Talleres-de-Invierno-Biodiversidad-en-Accion-1.jpg","datePublished":"2016-07-11T04:00:00+00:00","dateModified":"2019-05-20T21:38:03+00:00","breadcrumb":{"@id":"https:\/\/dev.explora.cl\/magallanes\/comenzaron-los-talleres-de-invierno-2-16\/#breadcrumb"},"inLanguage":"es-CL","potentialAction":[{"@type":"ReadAction","target":["https:\/\/dev.explora.cl\/magallanes\/comenzaron-los-talleres-de-invierno-2-16\/"]}]},{"@type":"ImageObject","inLanguage":"es-CL","@id":"https:\/\/dev.explora.cl\/magallanes\/comenzaron-los-talleres-de-invierno-2-16\/#primaryimage","url":"https:\/\/dev.explora.cl\/magallanes\/wp-content\/uploads\/sites\/19\/2018\/06\/Talleres-de-Invierno-Biodiversidad-en-Accion-1.jpg","contentUrl":"https:\/\/dev.explora.cl\/magallanes\/wp-content\/uploads\/sites\/19\/2018\/06\/Talleres-de-Invierno-Biodiversidad-en-Accion-1.jpg","width":6000,"height":4000},{"@type":"BreadcrumbList","@id":"https:\/\/dev.explora.cl\/magallanes\/comenzaron-los-talleres-de-invierno-2-16\/#breadcrumb","itemListElement":[{"@type":"ListItem","position":1,"name":"Portada","item":"https:\/\/dev.explora.cl\/magallanes\/"},{"@type":"ListItem","position":2,"name":"Comenzaron los Talleres de Invierno 2016"}]},{"@type":"WebSite","@id":"https:\/\/dev.explora.cl\/magallanes\/#website","url":"https:\/\/dev.explora.cl\/magallanes\/","name":"Magallanes","description":"Otro sitio m\u00e1s de dev.explora.cl","publisher":{"@id":"https:\/\/dev.explora.cl\/magallanes\/#organization"},"potentialAction":[{"@type":"SearchAction","target":{"@type":"EntryPoint","urlTemplate":"https:\/\/dev.explora.cl\/magallanes\/?s={search_term_string}"},"query-input":{"@type":"PropertyValueSpecification","valueRequired":true,"valueName":"search_term_string"}}],"inLanguage":"es-CL"},{"@type":"Organization","@id":"https:\/\/dev.explora.cl\/magallanes\/#organization","name":"Magallanes","url":"https:\/\/dev.explora.cl\/magallanes\/","logo":{"@type":"ImageObject","inLanguage":"es-CL","@id":"https:\/\/dev.explora.cl\/magallanes\/#\/schema\/logo\/image\/","url":"https:\/\/dev.explora.cl\/magallanes\/wp-content\/uploads\/sites\/19\/2021\/06\/cropped-ICONO-COLOR-2.jpg","contentUrl":"https:\/\/dev.explora.cl\/magallanes\/wp-content\/uploads\/sites\/19\/2021\/06\/cropped-ICONO-COLOR-2.jpg","width":1181,"height":1181,"caption":"Magallanes"},"image":{"@id":"https:\/\/dev.explora.cl\/magallanes\/#\/schema\/logo\/image\/"}},{"@type":"Person","@id":"https:\/\/dev.explora.cl\/magallanes\/#\/schema\/person\/cb8349c13ea2d324080adf8480d7ba5d","name":"webman","image":{"@type":"ImageObject","inLanguage":"es-CL","@id":"https:\/\/dev.explora.cl\/magallanes\/#\/schema\/person\/image\/","url":"https:\/\/secure.gravatar.com\/avatar\/eeff3c82f2c02f7177d13663b7e6f890e9a6a0647ce9bb29cae02dcb094c7312?s=96&d=mm&r=g","contentUrl":"https:\/\/secure.gravatar.com\/avatar\/eeff3c82f2c02f7177d13663b7e6f890e9a6a0647ce9bb29cae02dcb094c7312?s=96&d=mm&r=g","caption":"webman"},"url":"https:\/\/dev.explora.cl\/magallanes\/author\/webman\/"}]}},"_links":{"self":[{"href":"https:\/\/dev.explora.cl\/magallanes\/wp-json\/wp\/v2\/posts\/417","targetHints":{"allow":["GET"]}}],"collection":[{"href":"https:\/\/dev.explora.cl\/magallanes\/wp-json\/wp\/v2\/posts"}],"about":[{"href":"https:\/\/dev.explora.cl\/magallanes\/wp-json\/wp\/v2\/types\/post"}],"author":[{"embeddable":true,"href":"https:\/\/dev.explora.cl\/magallanes\/wp-json\/wp\/v2\/users\/2"}],"replies":[{"embeddable":true,"href":"https:\/\/dev.explora.cl\/magallanes\/wp-json\/wp\/v2\/comments?post=417"}],"version-history":[{"count":1,"href":"https:\/\/dev.explora.cl\/magallanes\/wp-json\/wp\/v2\/posts\/417\/revisions"}],"predecessor-version":[{"id":37840,"href":"https:\/\/dev.explora.cl\/magallanes\/wp-json\/wp\/v2\/posts\/417\/revisions\/37840"}],"wp:featuredmedia":[{"embeddable":true,"href":"https:\/\/dev.explora.cl\/magallanes\/wp-json\/wp\/v2\/media\/418"}],"wp:attachment":[{"href":"https:\/\/dev.explora.cl\/magallanes\/wp-json\/wp\/v2\/media?parent=417"}],"wp:term":[{"taxonomy":"category","embeddable":true,"href":"https:\/\/dev.explora.cl\/magallanes\/wp-json\/wp\/v2\/categories?post=417"},{"taxonomy":"post_tag","embeddable":true,"href":"https:\/\/dev.explora.cl\/magallanes\/wp-json\/wp\/v2\/tags?post=417"}],"curies":[{"name":"wp","href":"https:\/\/api.w.org\/{rel}","templated":true}]}}