{"id":39750,"date":"2023-08-18T08:19:51","date_gmt":"2023-08-18T12:19:51","guid":{"rendered":"https:\/\/dev.explora.cl\/magallanes\/?p=39750"},"modified":"2023-08-18T08:28:06","modified_gmt":"2023-08-18T12:28:06","slug":"taller-elaboracion-y-uso-de-composteras-y-charla-reino-de-los-hongos-realizo-el-par-explora-magallanes-en-el-jardin-mar-y-cielo-y-en-el-liceo-experimental-umag-respectivamente","status":"publish","type":"post","link":"https:\/\/dev.explora.cl\/magallanes\/taller-elaboracion-y-uso-de-composteras-y-charla-reino-de-los-hongos-realizo-el-par-explora-magallanes-en-el-jardin-mar-y-cielo-y-en-el-liceo-experimental-umag-respectivamente\/","title":{"rendered":"Taller \u201cElaboraci\u00f3n y uso de Composteras\u201d y Charla &#8221; Reino de los hongos&#8221; realiz\u00f3 el PAR Explora Magallanes en el Jard\u00edn Mar y Cielo y en el Liceo Experimental UMAG, respectivamente"},"content":{"rendered":"<p>Taller de &#8220;Elaboraci\u00f3n y uso de Composteras\u201d y la Charla &#8221; Reino de los hongos\u201d, realiz\u00f3 el PAR Explora Magallanes en el Jard\u00edn \u201cMar y Cielo\u201d y en el Liceo Experimental UMAG, respectivamente, siendo parte del instrumento \u201cExplora tu ciencia\u201d.<\/p>\n<p>El primer taller fue dirigido a las educadoras de p\u00e1rvulos del jard\u00edn infantil Mar y Cielo, dependiente de la Armada de Chile ,a cargo de la Directora de PAR Explora Magallanes, Claudia Salinas Breskovic y tuvo como objetivo explicar el proceso de compostaje y la implementaci\u00f3n\u00a0 de una compostera \u00a0en el patio del establecimiento.<\/p>\n<p>Mientras, el profesional Sebasti\u00e1n Zambrano Rojas, bi\u00f3logo e investigador del CADI UMAG, realiz\u00f3 la charla\u00a0 denominada \u201cReino de los hongos \u201c \u00a0dirigido a ni\u00f1os y ni\u00f1as del Liceo Experimental UMAG de \u00a0los niveles A y B de transici\u00f3n y tuvo como finalidad que las y los participantes conozcan a un cient\u00edfico y este, de una manera did\u00e1ctica les presente qu\u00e9 hace, qu\u00e9 investiga y con qu\u00e9 instrumentos y\/o insumos trabaja.<\/p>\n<p>Al respecto, la directora de PAR Explora Magallanes, Claudia Salinas Breskovic, coment\u00f3 que \u201cquiero agradecer la disposici\u00f3n de ambos lugares para realizar estas actividades y el gran entusiasmo que tuvimos de los participantes en estas actividades, ya que para nosotros es muy importante generar talleres o charlas relacionada a la ciencia en diferentes establecimientos educacionales junto a cient\u00edficos o especialista del \u00e1rea, aportando al conocimiento de manera l\u00fadica y entretenida dentro de las aulas. Adem\u00e1s, invito a que el resto de los establecimientos educacionales a que se sumen a esta instancia, inscribi\u00e9ndose a trav\u00e9s de nuestra p\u00e1gina web <a href=\"https:\/\/dev.explora.cl\/magallanes\">dev.explora.cl\/magallanes<\/a> \u201d.<\/p>\n<p>En tanto, los participantes de las actividades valoraron los talleres. Una de ellas fue la Directora del Jard\u00edn Mar y Cielo, Carla Barrera, quien coment\u00f3 \u201cestamos s\u00faper agradecidos de PAR Explora, ya que este es nuestro primer paso para que motivemos a nuestras familias y ni\u00f1os, en el uso de la compostera, basado en el reciclaje\u201d. Mientras que, la docente del Liceo Experimental UMAG, \u00c1ngela Espa\u00f1a Coment\u00f3 que \u201cespectacular la actividad, ya que valoro que PAR Explora haya realizado este tipo de taller a nuestros ni\u00f1os del liceo, ellos quedaron muy motivados y entusiasmados, y lo bueno que participaron y preguntaron todas sus dudas del taller\u201d.<\/p>\n<p>Ambas actividades, fueron parte del instrumento de \u201cExplora tu Ciencia\u201d ejecutado por el Proyecto Asociativo Regional (PAR) Explora Magallanes, perteneciente al Ministerio de Ciencia, Tecnolog\u00eda, Conocimiento e Innovaci\u00f3n y ejecutado por la Universidad de Magallanes. El objetivo es generar espacios te\u00f3rico-pr\u00e1cticos sobre ciencia en la regi\u00f3n de Magallanes y de la Ant\u00e1rtica Chilena, a trav\u00e9s charlas, talleres o salidas a terreno en los establecimientos educacionales.<\/p>\n<p><img loading=\"lazy\" decoding=\"async\" class=\"alignleft wp-image-39752\" src=\"https:\/\/dev.explora.cl\/magallanes\/wp-content\/uploads\/sites\/19\/2023\/08\/foto-jardin-mar-y-cielo-300x225.jpg\" alt=\"\" width=\"357\" height=\"268\" srcset=\"https:\/\/dev.explora.cl\/magallanes\/wp-content\/uploads\/sites\/19\/2023\/08\/foto-jardin-mar-y-cielo-300x225.jpg 300w, https:\/\/dev.explora.cl\/magallanes\/wp-content\/uploads\/sites\/19\/2023\/08\/foto-jardin-mar-y-cielo-768x576.jpg 768w, https:\/\/dev.explora.cl\/magallanes\/wp-content\/uploads\/sites\/19\/2023\/08\/foto-jardin-mar-y-cielo-1024x768.jpg 1024w, https:\/\/dev.explora.cl\/magallanes\/wp-content\/uploads\/sites\/19\/2023\/08\/foto-jardin-mar-y-cielo.jpg 1600w\" sizes=\"auto, (max-width: 357px) 100vw, 357px\" \/><\/p>\n<p><img loading=\"lazy\" decoding=\"async\" class=\"alignleft wp-image-39753\" src=\"https:\/\/dev.explora.cl\/magallanes\/wp-content\/uploads\/sites\/19\/2023\/08\/liceo-experimental-umag-300x169.jpg\" alt=\"\" width=\"469\" height=\"264\" srcset=\"https:\/\/dev.explora.cl\/magallanes\/wp-content\/uploads\/sites\/19\/2023\/08\/liceo-experimental-umag-300x169.jpg 300w, https:\/\/dev.explora.cl\/magallanes\/wp-content\/uploads\/sites\/19\/2023\/08\/liceo-experimental-umag-768x432.jpg 768w, https:\/\/dev.explora.cl\/magallanes\/wp-content\/uploads\/sites\/19\/2023\/08\/liceo-experimental-umag.jpg 1024w\" sizes=\"auto, (max-width: 469px) 100vw, 469px\" \/><\/p>\n","protected":false},"excerpt":{"rendered":"<p>Taller de &#8220;Elaboraci\u00f3n y uso de Composteras\u201d y la Charla &#8221; Reino de los hongos\u201d, realiz\u00f3 el PAR Explora Magallanes en el Jard\u00edn \u201cMar y Cielo\u201d y en el Liceo Experimental UMAG, respectivamente, siendo parte del instrumento \u201cExplora tu ciencia\u201d. El primer taller fue dirigido a las educadoras de p\u00e1rvulos del jard\u00edn infantil Mar y [&hellip;]<\/p>\n","protected":false},"author":38,"featured_media":39751,"comment_status":"open","ping_status":"open","sticky":false,"template":"","format":"standard","meta":{"_acf_changed":false,"_exactmetrics_skip_tracking":false,"_exactmetrics_sitenote_active":false,"_exactmetrics_sitenote_note":"","_exactmetrics_sitenote_category":0,"footnotes":"","_links_to":"","_links_to_target":""},"categories":[140],"tags":[],"class_list":["post-39750","post","type-post","status-publish","format-standard","has-post-thumbnail","hentry","category-lugar-5"],"acf":[],"yoast_head":"<!-- This site is optimized with the Yoast SEO plugin v26.7 - https:\/\/yoast.com\/wordpress\/plugins\/seo\/ -->\n<title>Taller \u201cElaboraci\u00f3n y uso de Composteras\u201d y Charla &quot; Reino de los hongos&quot; realiz\u00f3 el PAR Explora Magallanes en el Jard\u00edn Mar y Cielo y en el Liceo Experimental UMAG, respectivamente - Magallanes<\/title>\n<meta name=\"robots\" content=\"index, follow, max-snippet:-1, max-image-preview:large, max-video-preview:-1\" \/>\n<link rel=\"canonical\" href=\"https:\/\/dev.explora.cl\/magallanes\/taller-elaboracion-y-uso-de-composteras-y-charla-reino-de-los-hongos-realizo-el-par-explora-magallanes-en-el-jardin-mar-y-cielo-y-en-el-liceo-experimental-umag-respectivamente\/\" class=\"yoast-seo-meta-tag\" \/>\n<meta property=\"og:locale\" content=\"es_ES\" class=\"yoast-seo-meta-tag\" \/>\n<meta property=\"og:type\" content=\"article\" class=\"yoast-seo-meta-tag\" \/>\n<meta property=\"og:title\" content=\"Taller \u201cElaboraci\u00f3n y uso de Composteras\u201d y Charla &quot; Reino de los hongos&quot; realiz\u00f3 el PAR Explora Magallanes en el Jard\u00edn Mar y Cielo y en el Liceo Experimental UMAG, respectivamente - Magallanes\" class=\"yoast-seo-meta-tag\" \/>\n<meta property=\"og:description\" content=\"Taller de &#8220;Elaboraci\u00f3n y uso de Composteras\u201d y la Charla &#8221; Reino de los hongos\u201d, realiz\u00f3 el PAR Explora Magallanes en el Jard\u00edn \u201cMar y Cielo\u201d y en el Liceo Experimental UMAG, respectivamente, siendo parte del instrumento \u201cExplora tu ciencia\u201d. El primer taller fue dirigido a las educadoras de p\u00e1rvulos del jard\u00edn infantil Mar y [&hellip;]\" class=\"yoast-seo-meta-tag\" \/>\n<meta property=\"og:url\" content=\"https:\/\/dev.explora.cl\/magallanes\/taller-elaboracion-y-uso-de-composteras-y-charla-reino-de-los-hongos-realizo-el-par-explora-magallanes-en-el-jardin-mar-y-cielo-y-en-el-liceo-experimental-umag-respectivamente\/\" class=\"yoast-seo-meta-tag\" \/>\n<meta property=\"og:site_name\" content=\"Magallanes\" class=\"yoast-seo-meta-tag\" \/>\n<meta property=\"article:published_time\" content=\"2023-08-18T12:19:51+00:00\" class=\"yoast-seo-meta-tag\" \/>\n<meta property=\"article:modified_time\" content=\"2023-08-18T12:28:06+00:00\" class=\"yoast-seo-meta-tag\" \/>\n<meta property=\"og:image\" content=\"https:\/\/dev.explora.cl\/magallanes\/wp-content\/uploads\/sites\/19\/2023\/08\/liceo-experimental-umag2.jpg\" class=\"yoast-seo-meta-tag\" \/>\n\t<meta property=\"og:image:width\" content=\"1024\" class=\"yoast-seo-meta-tag\" \/>\n\t<meta property=\"og:image:height\" content=\"576\" class=\"yoast-seo-meta-tag\" \/>\n\t<meta property=\"og:image:type\" content=\"image\/jpeg\" class=\"yoast-seo-meta-tag\" \/>\n<meta name=\"author\" content=\"cgalaz\" class=\"yoast-seo-meta-tag\" \/>\n<meta name=\"twitter:card\" content=\"summary_large_image\" class=\"yoast-seo-meta-tag\" \/>\n<meta name=\"twitter:label1\" content=\"Escrito por\" class=\"yoast-seo-meta-tag\" \/>\n\t<meta name=\"twitter:data1\" content=\"cgalaz\" class=\"yoast-seo-meta-tag\" \/>\n\t<meta name=\"twitter:label2\" content=\"Tiempo estimado de lectura\" class=\"yoast-seo-meta-tag\" \/>\n\t<meta name=\"twitter:data2\" content=\"2 minutos\" class=\"yoast-seo-meta-tag\" \/>\n<script type=\"application\/ld+json\" class=\"yoast-schema-graph\">{\"@context\":\"https:\/\/schema.org\",\"@graph\":[{\"@type\":\"Article\",\"@id\":\"https:\/\/dev.explora.cl\/magallanes\/taller-elaboracion-y-uso-de-composteras-y-charla-reino-de-los-hongos-realizo-el-par-explora-magallanes-en-el-jardin-mar-y-cielo-y-en-el-liceo-experimental-umag-respectivamente\/#article\",\"isPartOf\":{\"@id\":\"https:\/\/dev.explora.cl\/magallanes\/taller-elaboracion-y-uso-de-composteras-y-charla-reino-de-los-hongos-realizo-el-par-explora-magallanes-en-el-jardin-mar-y-cielo-y-en-el-liceo-experimental-umag-respectivamente\/\"},\"author\":{\"name\":\"cgalaz\",\"@id\":\"https:\/\/dev.explora.cl\/magallanes\/#\/schema\/person\/8cc9448cf690297d1abd64d05fa3f09f\"},\"headline\":\"Taller \u201cElaboraci\u00f3n y uso de Composteras\u201d y Charla &#8221; Reino de los hongos&#8221; realiz\u00f3 el PAR Explora Magallanes en el Jard\u00edn Mar y Cielo y en el Liceo Experimental UMAG, respectivamente\",\"datePublished\":\"2023-08-18T12:19:51+00:00\",\"dateModified\":\"2023-08-18T12:28:06+00:00\",\"mainEntityOfPage\":{\"@id\":\"https:\/\/dev.explora.cl\/magallanes\/taller-elaboracion-y-uso-de-composteras-y-charla-reino-de-los-hongos-realizo-el-par-explora-magallanes-en-el-jardin-mar-y-cielo-y-en-el-liceo-experimental-umag-respectivamente\/\"},\"wordCount\":499,\"commentCount\":0,\"publisher\":{\"@id\":\"https:\/\/dev.explora.cl\/magallanes\/#organization\"},\"image\":{\"@id\":\"https:\/\/dev.explora.cl\/magallanes\/taller-elaboracion-y-uso-de-composteras-y-charla-reino-de-los-hongos-realizo-el-par-explora-magallanes-en-el-jardin-mar-y-cielo-y-en-el-liceo-experimental-umag-respectivamente\/#primaryimage\"},\"thumbnailUrl\":\"https:\/\/dev.explora.cl\/magallanes\/wp-content\/uploads\/sites\/19\/2023\/08\/liceo-experimental-umag2.jpg\",\"articleSection\":[\"Lugar 5\"],\"inLanguage\":\"es-CL\",\"potentialAction\":[{\"@type\":\"CommentAction\",\"name\":\"Comment\",\"target\":[\"https:\/\/dev.explora.cl\/magallanes\/taller-elaboracion-y-uso-de-composteras-y-charla-reino-de-los-hongos-realizo-el-par-explora-magallanes-en-el-jardin-mar-y-cielo-y-en-el-liceo-experimental-umag-respectivamente\/#respond\"]}]},{\"@type\":\"WebPage\",\"@id\":\"https:\/\/dev.explora.cl\/magallanes\/taller-elaboracion-y-uso-de-composteras-y-charla-reino-de-los-hongos-realizo-el-par-explora-magallanes-en-el-jardin-mar-y-cielo-y-en-el-liceo-experimental-umag-respectivamente\/\",\"url\":\"https:\/\/dev.explora.cl\/magallanes\/taller-elaboracion-y-uso-de-composteras-y-charla-reino-de-los-hongos-realizo-el-par-explora-magallanes-en-el-jardin-mar-y-cielo-y-en-el-liceo-experimental-umag-respectivamente\/\",\"name\":\"Taller \u201cElaboraci\u00f3n y uso de Composteras\u201d y Charla \\\" Reino de los hongos\\\" realiz\u00f3 el PAR Explora Magallanes en el Jard\u00edn Mar y Cielo y en el Liceo Experimental UMAG, respectivamente - Magallanes\",\"isPartOf\":{\"@id\":\"https:\/\/dev.explora.cl\/magallanes\/#website\"},\"primaryImageOfPage\":{\"@id\":\"https:\/\/dev.explora.cl\/magallanes\/taller-elaboracion-y-uso-de-composteras-y-charla-reino-de-los-hongos-realizo-el-par-explora-magallanes-en-el-jardin-mar-y-cielo-y-en-el-liceo-experimental-umag-respectivamente\/#primaryimage\"},\"image\":{\"@id\":\"https:\/\/dev.explora.cl\/magallanes\/taller-elaboracion-y-uso-de-composteras-y-charla-reino-de-los-hongos-realizo-el-par-explora-magallanes-en-el-jardin-mar-y-cielo-y-en-el-liceo-experimental-umag-respectivamente\/#primaryimage\"},\"thumbnailUrl\":\"https:\/\/dev.explora.cl\/magallanes\/wp-content\/uploads\/sites\/19\/2023\/08\/liceo-experimental-umag2.jpg\",\"datePublished\":\"2023-08-18T12:19:51+00:00\",\"dateModified\":\"2023-08-18T12:28:06+00:00\",\"breadcrumb\":{\"@id\":\"https:\/\/dev.explora.cl\/magallanes\/taller-elaboracion-y-uso-de-composteras-y-charla-reino-de-los-hongos-realizo-el-par-explora-magallanes-en-el-jardin-mar-y-cielo-y-en-el-liceo-experimental-umag-respectivamente\/#breadcrumb\"},\"inLanguage\":\"es-CL\",\"potentialAction\":[{\"@type\":\"ReadAction\",\"target\":[\"https:\/\/dev.explora.cl\/magallanes\/taller-elaboracion-y-uso-de-composteras-y-charla-reino-de-los-hongos-realizo-el-par-explora-magallanes-en-el-jardin-mar-y-cielo-y-en-el-liceo-experimental-umag-respectivamente\/\"]}]},{\"@type\":\"ImageObject\",\"inLanguage\":\"es-CL\",\"@id\":\"https:\/\/dev.explora.cl\/magallanes\/taller-elaboracion-y-uso-de-composteras-y-charla-reino-de-los-hongos-realizo-el-par-explora-magallanes-en-el-jardin-mar-y-cielo-y-en-el-liceo-experimental-umag-respectivamente\/#primaryimage\",\"url\":\"https:\/\/dev.explora.cl\/magallanes\/wp-content\/uploads\/sites\/19\/2023\/08\/liceo-experimental-umag2.jpg\",\"contentUrl\":\"https:\/\/dev.explora.cl\/magallanes\/wp-content\/uploads\/sites\/19\/2023\/08\/liceo-experimental-umag2.jpg\",\"width\":1024,\"height\":576},{\"@type\":\"BreadcrumbList\",\"@id\":\"https:\/\/dev.explora.cl\/magallanes\/taller-elaboracion-y-uso-de-composteras-y-charla-reino-de-los-hongos-realizo-el-par-explora-magallanes-en-el-jardin-mar-y-cielo-y-en-el-liceo-experimental-umag-respectivamente\/#breadcrumb\",\"itemListElement\":[{\"@type\":\"ListItem\",\"position\":1,\"name\":\"Portada\",\"item\":\"https:\/\/dev.explora.cl\/magallanes\/\"},{\"@type\":\"ListItem\",\"position\":2,\"name\":\"Taller \u201cElaboraci\u00f3n y uso de Composteras\u201d y Charla &#8221; Reino de los hongos&#8221; realiz\u00f3 el PAR Explora Magallanes en el Jard\u00edn Mar y Cielo y en el Liceo Experimental UMAG, respectivamente\"}]},{\"@type\":\"WebSite\",\"@id\":\"https:\/\/dev.explora.cl\/magallanes\/#website\",\"url\":\"https:\/\/dev.explora.cl\/magallanes\/\",\"name\":\"Magallanes\",\"description\":\"Otro sitio m\u00e1s de dev.explora.cl\",\"publisher\":{\"@id\":\"https:\/\/dev.explora.cl\/magallanes\/#organization\"},\"potentialAction\":[{\"@type\":\"SearchAction\",\"target\":{\"@type\":\"EntryPoint\",\"urlTemplate\":\"https:\/\/dev.explora.cl\/magallanes\/?s={search_term_string}\"},\"query-input\":{\"@type\":\"PropertyValueSpecification\",\"valueRequired\":true,\"valueName\":\"search_term_string\"}}],\"inLanguage\":\"es-CL\"},{\"@type\":\"Organization\",\"@id\":\"https:\/\/dev.explora.cl\/magallanes\/#organization\",\"name\":\"Magallanes\",\"url\":\"https:\/\/dev.explora.cl\/magallanes\/\",\"logo\":{\"@type\":\"ImageObject\",\"inLanguage\":\"es-CL\",\"@id\":\"https:\/\/dev.explora.cl\/magallanes\/#\/schema\/logo\/image\/\",\"url\":\"https:\/\/dev.explora.cl\/magallanes\/wp-content\/uploads\/sites\/19\/2021\/06\/cropped-ICONO-COLOR-2.jpg\",\"contentUrl\":\"https:\/\/dev.explora.cl\/magallanes\/wp-content\/uploads\/sites\/19\/2021\/06\/cropped-ICONO-COLOR-2.jpg\",\"width\":1181,\"height\":1181,\"caption\":\"Magallanes\"},\"image\":{\"@id\":\"https:\/\/dev.explora.cl\/magallanes\/#\/schema\/logo\/image\/\"}},{\"@type\":\"Person\",\"@id\":\"https:\/\/dev.explora.cl\/magallanes\/#\/schema\/person\/8cc9448cf690297d1abd64d05fa3f09f\",\"name\":\"cgalaz\",\"image\":{\"@type\":\"ImageObject\",\"inLanguage\":\"es-CL\",\"@id\":\"https:\/\/dev.explora.cl\/magallanes\/#\/schema\/person\/image\/\",\"url\":\"https:\/\/secure.gravatar.com\/avatar\/7685b3fe3c7bc60f50658fbf1b7c83f8b28b5cce1eaf63033d32cae8b57fc828?s=96&d=mm&r=g\",\"contentUrl\":\"https:\/\/secure.gravatar.com\/avatar\/7685b3fe3c7bc60f50658fbf1b7c83f8b28b5cce1eaf63033d32cae8b57fc828?s=96&d=mm&r=g\",\"caption\":\"cgalaz\"},\"url\":\"https:\/\/dev.explora.cl\/magallanes\/author\/cgalaz\/\"}]}<\/script>\n<!-- \/ Yoast SEO plugin. -->","yoast_head_json":{"title":"Taller \u201cElaboraci\u00f3n y uso de Composteras\u201d y Charla \" Reino de los hongos\" realiz\u00f3 el PAR Explora Magallanes en el Jard\u00edn Mar y Cielo y en el Liceo Experimental UMAG, respectivamente - Magallanes","robots":{"index":"index","follow":"follow","max-snippet":"max-snippet:-1","max-image-preview":"max-image-preview:large","max-video-preview":"max-video-preview:-1"},"canonical":"https:\/\/dev.explora.cl\/magallanes\/taller-elaboracion-y-uso-de-composteras-y-charla-reino-de-los-hongos-realizo-el-par-explora-magallanes-en-el-jardin-mar-y-cielo-y-en-el-liceo-experimental-umag-respectivamente\/","og_locale":"es_ES","og_type":"article","og_title":"Taller \u201cElaboraci\u00f3n y uso de Composteras\u201d y Charla \" Reino de los hongos\" realiz\u00f3 el PAR Explora Magallanes en el Jard\u00edn Mar y Cielo y en el Liceo Experimental UMAG, respectivamente - Magallanes","og_description":"Taller de &#8220;Elaboraci\u00f3n y uso de Composteras\u201d y la Charla &#8221; Reino de los hongos\u201d, realiz\u00f3 el PAR Explora Magallanes en el Jard\u00edn \u201cMar y Cielo\u201d y en el Liceo Experimental UMAG, respectivamente, siendo parte del instrumento \u201cExplora tu ciencia\u201d. El primer taller fue dirigido a las educadoras de p\u00e1rvulos del jard\u00edn infantil Mar y [&hellip;]","og_url":"https:\/\/dev.explora.cl\/magallanes\/taller-elaboracion-y-uso-de-composteras-y-charla-reino-de-los-hongos-realizo-el-par-explora-magallanes-en-el-jardin-mar-y-cielo-y-en-el-liceo-experimental-umag-respectivamente\/","og_site_name":"Magallanes","article_published_time":"2023-08-18T12:19:51+00:00","article_modified_time":"2023-08-18T12:28:06+00:00","og_image":[{"width":1024,"height":576,"url":"https:\/\/dev.explora.cl\/magallanes\/wp-content\/uploads\/sites\/19\/2023\/08\/liceo-experimental-umag2.jpg","type":"image\/jpeg"}],"author":"cgalaz","twitter_card":"summary_large_image","twitter_misc":{"Escrito por":"cgalaz","Tiempo estimado de lectura":"2 minutos"},"schema":{"@context":"https:\/\/schema.org","@graph":[{"@type":"Article","@id":"https:\/\/dev.explora.cl\/magallanes\/taller-elaboracion-y-uso-de-composteras-y-charla-reino-de-los-hongos-realizo-el-par-explora-magallanes-en-el-jardin-mar-y-cielo-y-en-el-liceo-experimental-umag-respectivamente\/#article","isPartOf":{"@id":"https:\/\/dev.explora.cl\/magallanes\/taller-elaboracion-y-uso-de-composteras-y-charla-reino-de-los-hongos-realizo-el-par-explora-magallanes-en-el-jardin-mar-y-cielo-y-en-el-liceo-experimental-umag-respectivamente\/"},"author":{"name":"cgalaz","@id":"https:\/\/dev.explora.cl\/magallanes\/#\/schema\/person\/8cc9448cf690297d1abd64d05fa3f09f"},"headline":"Taller \u201cElaboraci\u00f3n y uso de Composteras\u201d y Charla &#8221; Reino de los hongos&#8221; realiz\u00f3 el PAR Explora Magallanes en el Jard\u00edn Mar y Cielo y en el Liceo Experimental UMAG, respectivamente","datePublished":"2023-08-18T12:19:51+00:00","dateModified":"2023-08-18T12:28:06+00:00","mainEntityOfPage":{"@id":"https:\/\/dev.explora.cl\/magallanes\/taller-elaboracion-y-uso-de-composteras-y-charla-reino-de-los-hongos-realizo-el-par-explora-magallanes-en-el-jardin-mar-y-cielo-y-en-el-liceo-experimental-umag-respectivamente\/"},"wordCount":499,"commentCount":0,"publisher":{"@id":"https:\/\/dev.explora.cl\/magallanes\/#organization"},"image":{"@id":"https:\/\/dev.explora.cl\/magallanes\/taller-elaboracion-y-uso-de-composteras-y-charla-reino-de-los-hongos-realizo-el-par-explora-magallanes-en-el-jardin-mar-y-cielo-y-en-el-liceo-experimental-umag-respectivamente\/#primaryimage"},"thumbnailUrl":"https:\/\/dev.explora.cl\/magallanes\/wp-content\/uploads\/sites\/19\/2023\/08\/liceo-experimental-umag2.jpg","articleSection":["Lugar 5"],"inLanguage":"es-CL","potentialAction":[{"@type":"CommentAction","name":"Comment","target":["https:\/\/dev.explora.cl\/magallanes\/taller-elaboracion-y-uso-de-composteras-y-charla-reino-de-los-hongos-realizo-el-par-explora-magallanes-en-el-jardin-mar-y-cielo-y-en-el-liceo-experimental-umag-respectivamente\/#respond"]}]},{"@type":"WebPage","@id":"https:\/\/dev.explora.cl\/magallanes\/taller-elaboracion-y-uso-de-composteras-y-charla-reino-de-los-hongos-realizo-el-par-explora-magallanes-en-el-jardin-mar-y-cielo-y-en-el-liceo-experimental-umag-respectivamente\/","url":"https:\/\/dev.explora.cl\/magallanes\/taller-elaboracion-y-uso-de-composteras-y-charla-reino-de-los-hongos-realizo-el-par-explora-magallanes-en-el-jardin-mar-y-cielo-y-en-el-liceo-experimental-umag-respectivamente\/","name":"Taller \u201cElaboraci\u00f3n y uso de Composteras\u201d y Charla \" Reino de los hongos\" realiz\u00f3 el PAR Explora Magallanes en el Jard\u00edn Mar y Cielo y en el Liceo Experimental UMAG, respectivamente - Magallanes","isPartOf":{"@id":"https:\/\/dev.explora.cl\/magallanes\/#website"},"primaryImageOfPage":{"@id":"https:\/\/dev.explora.cl\/magallanes\/taller-elaboracion-y-uso-de-composteras-y-charla-reino-de-los-hongos-realizo-el-par-explora-magallanes-en-el-jardin-mar-y-cielo-y-en-el-liceo-experimental-umag-respectivamente\/#primaryimage"},"image":{"@id":"https:\/\/dev.explora.cl\/magallanes\/taller-elaboracion-y-uso-de-composteras-y-charla-reino-de-los-hongos-realizo-el-par-explora-magallanes-en-el-jardin-mar-y-cielo-y-en-el-liceo-experimental-umag-respectivamente\/#primaryimage"},"thumbnailUrl":"https:\/\/dev.explora.cl\/magallanes\/wp-content\/uploads\/sites\/19\/2023\/08\/liceo-experimental-umag2.jpg","datePublished":"2023-08-18T12:19:51+00:00","dateModified":"2023-08-18T12:28:06+00:00","breadcrumb":{"@id":"https:\/\/dev.explora.cl\/magallanes\/taller-elaboracion-y-uso-de-composteras-y-charla-reino-de-los-hongos-realizo-el-par-explora-magallanes-en-el-jardin-mar-y-cielo-y-en-el-liceo-experimental-umag-respectivamente\/#breadcrumb"},"inLanguage":"es-CL","potentialAction":[{"@type":"ReadAction","target":["https:\/\/dev.explora.cl\/magallanes\/taller-elaboracion-y-uso-de-composteras-y-charla-reino-de-los-hongos-realizo-el-par-explora-magallanes-en-el-jardin-mar-y-cielo-y-en-el-liceo-experimental-umag-respectivamente\/"]}]},{"@type":"ImageObject","inLanguage":"es-CL","@id":"https:\/\/dev.explora.cl\/magallanes\/taller-elaboracion-y-uso-de-composteras-y-charla-reino-de-los-hongos-realizo-el-par-explora-magallanes-en-el-jardin-mar-y-cielo-y-en-el-liceo-experimental-umag-respectivamente\/#primaryimage","url":"https:\/\/dev.explora.cl\/magallanes\/wp-content\/uploads\/sites\/19\/2023\/08\/liceo-experimental-umag2.jpg","contentUrl":"https:\/\/dev.explora.cl\/magallanes\/wp-content\/uploads\/sites\/19\/2023\/08\/liceo-experimental-umag2.jpg","width":1024,"height":576},{"@type":"BreadcrumbList","@id":"https:\/\/dev.explora.cl\/magallanes\/taller-elaboracion-y-uso-de-composteras-y-charla-reino-de-los-hongos-realizo-el-par-explora-magallanes-en-el-jardin-mar-y-cielo-y-en-el-liceo-experimental-umag-respectivamente\/#breadcrumb","itemListElement":[{"@type":"ListItem","position":1,"name":"Portada","item":"https:\/\/dev.explora.cl\/magallanes\/"},{"@type":"ListItem","position":2,"name":"Taller \u201cElaboraci\u00f3n y uso de Composteras\u201d y Charla &#8221; Reino de los hongos&#8221; realiz\u00f3 el PAR Explora Magallanes en el Jard\u00edn Mar y Cielo y en el Liceo Experimental UMAG, respectivamente"}]},{"@type":"WebSite","@id":"https:\/\/dev.explora.cl\/magallanes\/#website","url":"https:\/\/dev.explora.cl\/magallanes\/","name":"Magallanes","description":"Otro sitio m\u00e1s de dev.explora.cl","publisher":{"@id":"https:\/\/dev.explora.cl\/magallanes\/#organization"},"potentialAction":[{"@type":"SearchAction","target":{"@type":"EntryPoint","urlTemplate":"https:\/\/dev.explora.cl\/magallanes\/?s={search_term_string}"},"query-input":{"@type":"PropertyValueSpecification","valueRequired":true,"valueName":"search_term_string"}}],"inLanguage":"es-CL"},{"@type":"Organization","@id":"https:\/\/dev.explora.cl\/magallanes\/#organization","name":"Magallanes","url":"https:\/\/dev.explora.cl\/magallanes\/","logo":{"@type":"ImageObject","inLanguage":"es-CL","@id":"https:\/\/dev.explora.cl\/magallanes\/#\/schema\/logo\/image\/","url":"https:\/\/dev.explora.cl\/magallanes\/wp-content\/uploads\/sites\/19\/2021\/06\/cropped-ICONO-COLOR-2.jpg","contentUrl":"https:\/\/dev.explora.cl\/magallanes\/wp-content\/uploads\/sites\/19\/2021\/06\/cropped-ICONO-COLOR-2.jpg","width":1181,"height":1181,"caption":"Magallanes"},"image":{"@id":"https:\/\/dev.explora.cl\/magallanes\/#\/schema\/logo\/image\/"}},{"@type":"Person","@id":"https:\/\/dev.explora.cl\/magallanes\/#\/schema\/person\/8cc9448cf690297d1abd64d05fa3f09f","name":"cgalaz","image":{"@type":"ImageObject","inLanguage":"es-CL","@id":"https:\/\/dev.explora.cl\/magallanes\/#\/schema\/person\/image\/","url":"https:\/\/secure.gravatar.com\/avatar\/7685b3fe3c7bc60f50658fbf1b7c83f8b28b5cce1eaf63033d32cae8b57fc828?s=96&d=mm&r=g","contentUrl":"https:\/\/secure.gravatar.com\/avatar\/7685b3fe3c7bc60f50658fbf1b7c83f8b28b5cce1eaf63033d32cae8b57fc828?s=96&d=mm&r=g","caption":"cgalaz"},"url":"https:\/\/dev.explora.cl\/magallanes\/author\/cgalaz\/"}]}},"_links":{"self":[{"href":"https:\/\/dev.explora.cl\/magallanes\/wp-json\/wp\/v2\/posts\/39750","targetHints":{"allow":["GET"]}}],"collection":[{"href":"https:\/\/dev.explora.cl\/magallanes\/wp-json\/wp\/v2\/posts"}],"about":[{"href":"https:\/\/dev.explora.cl\/magallanes\/wp-json\/wp\/v2\/types\/post"}],"author":[{"embeddable":true,"href":"https:\/\/dev.explora.cl\/magallanes\/wp-json\/wp\/v2\/users\/38"}],"replies":[{"embeddable":true,"href":"https:\/\/dev.explora.cl\/magallanes\/wp-json\/wp\/v2\/comments?post=39750"}],"version-history":[{"count":2,"href":"https:\/\/dev.explora.cl\/magallanes\/wp-json\/wp\/v2\/posts\/39750\/revisions"}],"predecessor-version":[{"id":39755,"href":"https:\/\/dev.explora.cl\/magallanes\/wp-json\/wp\/v2\/posts\/39750\/revisions\/39755"}],"wp:featuredmedia":[{"embeddable":true,"href":"https:\/\/dev.explora.cl\/magallanes\/wp-json\/wp\/v2\/media\/39751"}],"wp:attachment":[{"href":"https:\/\/dev.explora.cl\/magallanes\/wp-json\/wp\/v2\/media?parent=39750"}],"wp:term":[{"taxonomy":"category","embeddable":true,"href":"https:\/\/dev.explora.cl\/magallanes\/wp-json\/wp\/v2\/categories?post=39750"},{"taxonomy":"post_tag","embeddable":true,"href":"https:\/\/dev.explora.cl\/magallanes\/wp-json\/wp\/v2\/tags?post=39750"}],"curies":[{"name":"wp","href":"https:\/\/api.w.org\/{rel}","templated":true}]}}