{"id":38366,"date":"2019-12-02T17:42:22","date_gmt":"2019-12-02T20:42:22","guid":{"rendered":"https:\/\/dev.explora.cl\/magallanes\/?p=38366"},"modified":"2021-03-22T19:55:13","modified_gmt":"2021-03-22T22:55:13","slug":"atencion-puerto-natales-este-miercoles-comienza-la-convocatoria-para-el-campamento-cientifico-escolar-2020","status":"publish","type":"post","link":"https:\/\/dev.explora.cl\/magallanes\/atencion-puerto-natales-este-miercoles-comienza-la-convocatoria-para-el-campamento-cientifico-escolar-2020\/","title":{"rendered":"ATENCI\u00d3N PUERTO NATALES! Este mi\u00e9rcoles comienza la convocatoria para el Campamento Cient\u00edfico Escolar 2020"},"content":{"rendered":"<p>[vc_row][vc_column][vc_column_text]Por tercer a\u00f1o consecutivo se realizar\u00e1 el Campamento Cient\u00edfico Escolar en Puerto Natales. En esta oportunidad ser\u00e1n siete los talleres disponibles para que ni\u00f1os y ni\u00f1as entre 5 y 17 a\u00f1os puedan disfrutar de un verano entretenido en torno a la ciencia y la tecnolog\u00eda.<\/p>\n<p>Aqu\u00ed la descripci\u00f3n de cada uno de ellos<\/p>\n<h4><strong>Yoga Con-Ciencia (7 a 9 a\u00f1os)<\/strong><\/h4>\n<p>El saludo al sol ser\u00e1 parte de este entretenido taller que busca ayudar a ni\u00f1os y ni\u00f1as a descubrir la importancia de la respiraci\u00f3n para el autocontrol y las distintas formas de expresi\u00f3n corporal. Mejorar la percepci\u00f3n, la atenci\u00f3n, la memoria, aprender m\u00e9todos sanos de alimentaci\u00f3n, y desarrollar la creatividad a trav\u00e9s del yoga, es parte de los desaf\u00edos de esta propuesta y as\u00ed conectar a los participantes con el entorno natural en el que se desarrollan.<\/p>\n<h4><strong>La geolog\u00eda que nos rodea (13 a 17 a\u00f1os)<\/strong><\/h4>\n<p>\u00bfPor qu\u00e9 existen las monta\u00f1as? \u00bfDe qu\u00e9 se compone nuestro planeta?, En este taller responder\u00e1s estas preguntas y aprender\u00e1s m\u00e1s conceptos relacionados con la geolog\u00eda, que ayudar\u00e1n a que ni\u00f1os y ni\u00f1as comprendan el entorno en el que viven y su origen, todo ello con salidas a terreno para conocer en vivo y en directo el laboratorio natural de nuestra regi\u00f3n.<\/p>\n<h4><strong>La ciencia de nuestras ra\u00edces II (12 a 14 a\u00f1os)<\/strong><\/h4>\n<p>Realiza tus propias medicinas e infusiones naturales en este taller, y aprende los conocimientos ancestrales acerca de las plantas curativas que se encuentran en nuestra regi\u00f3n. Pomadas para cicatrices y dolores musculares, entre otros productos, son parte de lo que podr\u00e1n realizar en la segunda versi\u00f3n de este curso.<\/p>\n<h4><strong>Ciencia entretenida: El arte de crear vida (10 a 12 a\u00f1os)<\/strong><\/h4>\n<p>\u00a1Ni\u00f1os y ni\u00f1as podr\u00e1n crear vida en un laboratorio! En este taller las y los participantes podr\u00e1n conocer m\u00e9todos de cultivo de distintas especies. De esta manera conocer\u00e1n nuevas especies que ayudar\u00e1n al cuidado del medio ambiente y el resguardo de los recursos naturales de nuestra regi\u00f3n.<\/p>\n<h4><strong>Huerta org\u00e1nica (8 a 9 a\u00f1os)<\/strong><\/h4>\n<p>Este taller utilizar\u00e1 la horticultura como la ciencia y el arte de cultivar usando principios b\u00e1sicos de la agricultura org\u00e1nica para mejorar, conservar y preservar nuestro medio ambiente. Comida saludable y autosustentable, aprender las propiedades de las distintas hortalizas que se consumen diariamente y aprende como cultivarlos en el hogar.<\/p>\n<h4><strong>Microcazadores de luz (10 a 12 a\u00f1os)<\/strong><\/h4>\n<p>\u00bfConoces las microalgas? Estos peque\u00f1os seres vivos se encuentran en el agua \u00a1y son un mundo que debes conocer! V\u00edstete de cient\u00edfico y acomp\u00e1\u00f1anos a conocer distintos grupos de microalgas, recolectarlas en diversas salidas a terreno, y observarlas a trav\u00e9s de equipos tecnol\u00f3gicos sofisticados.<\/p>\n<h4><strong>Peque\u00f1os navegantes del fin del mundo (5 a 7 a\u00f1os)<\/strong><\/h4>\n<p>Aprende de forma divertida los hitos m\u00e1s importantes del estrecho de Magallanes y su conmemoraci\u00f3n de 500 a\u00f1os. La idea es expandir el conocimiento de la historia regional a partir de herramientas tecnol\u00f3gicas, relatos, artesan\u00edas, juegos \u00a1y mucho m\u00e1s!<\/p>\n<p>[\/vc_column_text][\/vc_column][\/vc_row][vc_row][vc_column][vc_btn title=&#8221;INSCR\u00cdBETE AQU\u00cd&#8221; style=&#8221;custom&#8221; custom_background=&#8221;#dd3333&#8243; custom_text=&#8221;#ffffff&#8221; link=&#8221;url:https%3A%2F%2Fforms.gle%2FNxWzc1K6C2YWWaWm8||target:%20_blank|&#8221;][\/vc_column][\/vc_row]<\/p>\n","protected":false},"excerpt":{"rendered":"<p>Por tercer a\u00f1o consecutivo se realizar\u00e1 el Campamento Cient\u00edfico Escolar en Puerto Natales. Haz click en la imagen para m\u00e1s informaci\u00f3n<\/p>\n","protected":false},"author":38,"featured_media":38367,"comment_status":"open","ping_status":"open","sticky":false,"template":"","format":"standard","meta":{"_acf_changed":false,"_exactmetrics_skip_tracking":false,"_exactmetrics_sitenote_active":false,"_exactmetrics_sitenote_note":"","_exactmetrics_sitenote_category":0,"footnotes":"","_links_to":"","_links_to_target":""},"categories":[151,136],"tags":[320,107,280,189,318,263,264,76,390,265],"class_list":["post-38366","post","type-post","status-publish","format-standard","has-post-thumbnail","hentry","category-banner","category-lugar-1","tag-campamento-cientifico-escolar","tag-ciencia","tag-magallanes-2","tag-medio-ambiente","tag-panorama","tag-puerto-natales","tag-talleres","tag-tecnologia","tag-ultima-esperanza","tag-verano"],"acf":[],"yoast_head":"<!-- This site is optimized with the Yoast SEO plugin v26.7 - https:\/\/yoast.com\/wordpress\/plugins\/seo\/ -->\n<title>ATENCI\u00d3N PUERTO NATALES! Este mi\u00e9rcoles comienza la convocatoria para el Campamento Cient\u00edfico Escolar 2020 - Magallanes<\/title>\n<meta name=\"robots\" content=\"index, follow, max-snippet:-1, max-image-preview:large, max-video-preview:-1\" \/>\n<link rel=\"canonical\" href=\"https:\/\/dev.explora.cl\/magallanes\/atencion-puerto-natales-este-miercoles-comienza-la-convocatoria-para-el-campamento-cientifico-escolar-2020\/\" class=\"yoast-seo-meta-tag\" \/>\n<meta property=\"og:locale\" content=\"es_ES\" class=\"yoast-seo-meta-tag\" \/>\n<meta property=\"og:type\" content=\"article\" class=\"yoast-seo-meta-tag\" \/>\n<meta property=\"og:title\" content=\"ATENCI\u00d3N PUERTO NATALES! Este mi\u00e9rcoles comienza la convocatoria para el Campamento Cient\u00edfico Escolar 2020 - Magallanes\" class=\"yoast-seo-meta-tag\" \/>\n<meta property=\"og:description\" content=\"Por tercer a\u00f1o consecutivo se realizar\u00e1 el Campamento Cient\u00edfico Escolar en Puerto Natales. Haz click en la imagen para m\u00e1s informaci\u00f3n\" class=\"yoast-seo-meta-tag\" \/>\n<meta property=\"og:url\" content=\"https:\/\/dev.explora.cl\/magallanes\/atencion-puerto-natales-este-miercoles-comienza-la-convocatoria-para-el-campamento-cientifico-escolar-2020\/\" class=\"yoast-seo-meta-tag\" \/>\n<meta property=\"og:site_name\" content=\"Magallanes\" class=\"yoast-seo-meta-tag\" \/>\n<meta property=\"article:published_time\" content=\"2019-12-02T20:42:22+00:00\" class=\"yoast-seo-meta-tag\" \/>\n<meta property=\"article:modified_time\" content=\"2021-03-22T22:55:13+00:00\" class=\"yoast-seo-meta-tag\" \/>\n<meta property=\"og:image\" content=\"https:\/\/dev.explora.cl\/magallanes\/wp-content\/uploads\/sites\/19\/2019\/12\/WEB-UMAG-EXPLORA-CAMPAMENTO-VERANO-NATALES.png\" class=\"yoast-seo-meta-tag\" \/>\n\t<meta property=\"og:image:width\" content=\"1024\" class=\"yoast-seo-meta-tag\" \/>\n\t<meta property=\"og:image:height\" content=\"380\" class=\"yoast-seo-meta-tag\" \/>\n\t<meta property=\"og:image:type\" content=\"image\/png\" class=\"yoast-seo-meta-tag\" \/>\n<meta name=\"author\" content=\"cgalaz\" class=\"yoast-seo-meta-tag\" \/>\n<meta name=\"twitter:card\" content=\"summary_large_image\" class=\"yoast-seo-meta-tag\" \/>\n<meta name=\"twitter:label1\" content=\"Escrito por\" class=\"yoast-seo-meta-tag\" \/>\n\t<meta name=\"twitter:data1\" content=\"cgalaz\" class=\"yoast-seo-meta-tag\" \/>\n\t<meta name=\"twitter:label2\" content=\"Tiempo estimado de lectura\" class=\"yoast-seo-meta-tag\" \/>\n\t<meta name=\"twitter:data2\" content=\"3 minutos\" class=\"yoast-seo-meta-tag\" \/>\n<script type=\"application\/ld+json\" class=\"yoast-schema-graph\">{\"@context\":\"https:\/\/schema.org\",\"@graph\":[{\"@type\":\"Article\",\"@id\":\"https:\/\/dev.explora.cl\/magallanes\/atencion-puerto-natales-este-miercoles-comienza-la-convocatoria-para-el-campamento-cientifico-escolar-2020\/#article\",\"isPartOf\":{\"@id\":\"https:\/\/dev.explora.cl\/magallanes\/atencion-puerto-natales-este-miercoles-comienza-la-convocatoria-para-el-campamento-cientifico-escolar-2020\/\"},\"author\":{\"name\":\"cgalaz\",\"@id\":\"https:\/\/dev.explora.cl\/magallanes\/#\/schema\/person\/8cc9448cf690297d1abd64d05fa3f09f\"},\"headline\":\"ATENCI\u00d3N PUERTO NATALES! Este mi\u00e9rcoles comienza la convocatoria para el Campamento Cient\u00edfico Escolar 2020\",\"datePublished\":\"2019-12-02T20:42:22+00:00\",\"dateModified\":\"2021-03-22T22:55:13+00:00\",\"mainEntityOfPage\":{\"@id\":\"https:\/\/dev.explora.cl\/magallanes\/atencion-puerto-natales-este-miercoles-comienza-la-convocatoria-para-el-campamento-cientifico-escolar-2020\/\"},\"wordCount\":590,\"commentCount\":0,\"publisher\":{\"@id\":\"https:\/\/dev.explora.cl\/magallanes\/#organization\"},\"image\":{\"@id\":\"https:\/\/dev.explora.cl\/magallanes\/atencion-puerto-natales-este-miercoles-comienza-la-convocatoria-para-el-campamento-cientifico-escolar-2020\/#primaryimage\"},\"thumbnailUrl\":\"https:\/\/dev.explora.cl\/magallanes\/wp-content\/uploads\/sites\/19\/2019\/12\/WEB-UMAG-EXPLORA-CAMPAMENTO-VERANO-NATALES.png\",\"keywords\":[\"campamento cientifico escolar\",\"ciencia\",\"magallanes\",\"medio ambiente\",\"panorama\",\"puerto natales\",\"talleres\",\"tecnolog\u00eda\",\"ultima esperanza\",\"verano\"],\"articleSection\":[\"Banner\",\"Lugar 1\"],\"inLanguage\":\"es-CL\",\"potentialAction\":[{\"@type\":\"CommentAction\",\"name\":\"Comment\",\"target\":[\"https:\/\/dev.explora.cl\/magallanes\/atencion-puerto-natales-este-miercoles-comienza-la-convocatoria-para-el-campamento-cientifico-escolar-2020\/#respond\"]}]},{\"@type\":\"WebPage\",\"@id\":\"https:\/\/dev.explora.cl\/magallanes\/atencion-puerto-natales-este-miercoles-comienza-la-convocatoria-para-el-campamento-cientifico-escolar-2020\/\",\"url\":\"https:\/\/dev.explora.cl\/magallanes\/atencion-puerto-natales-este-miercoles-comienza-la-convocatoria-para-el-campamento-cientifico-escolar-2020\/\",\"name\":\"ATENCI\u00d3N PUERTO NATALES! Este mi\u00e9rcoles comienza la convocatoria para el Campamento Cient\u00edfico Escolar 2020 - Magallanes\",\"isPartOf\":{\"@id\":\"https:\/\/dev.explora.cl\/magallanes\/#website\"},\"primaryImageOfPage\":{\"@id\":\"https:\/\/dev.explora.cl\/magallanes\/atencion-puerto-natales-este-miercoles-comienza-la-convocatoria-para-el-campamento-cientifico-escolar-2020\/#primaryimage\"},\"image\":{\"@id\":\"https:\/\/dev.explora.cl\/magallanes\/atencion-puerto-natales-este-miercoles-comienza-la-convocatoria-para-el-campamento-cientifico-escolar-2020\/#primaryimage\"},\"thumbnailUrl\":\"https:\/\/dev.explora.cl\/magallanes\/wp-content\/uploads\/sites\/19\/2019\/12\/WEB-UMAG-EXPLORA-CAMPAMENTO-VERANO-NATALES.png\",\"datePublished\":\"2019-12-02T20:42:22+00:00\",\"dateModified\":\"2021-03-22T22:55:13+00:00\",\"breadcrumb\":{\"@id\":\"https:\/\/dev.explora.cl\/magallanes\/atencion-puerto-natales-este-miercoles-comienza-la-convocatoria-para-el-campamento-cientifico-escolar-2020\/#breadcrumb\"},\"inLanguage\":\"es-CL\",\"potentialAction\":[{\"@type\":\"ReadAction\",\"target\":[\"https:\/\/dev.explora.cl\/magallanes\/atencion-puerto-natales-este-miercoles-comienza-la-convocatoria-para-el-campamento-cientifico-escolar-2020\/\"]}]},{\"@type\":\"ImageObject\",\"inLanguage\":\"es-CL\",\"@id\":\"https:\/\/dev.explora.cl\/magallanes\/atencion-puerto-natales-este-miercoles-comienza-la-convocatoria-para-el-campamento-cientifico-escolar-2020\/#primaryimage\",\"url\":\"https:\/\/dev.explora.cl\/magallanes\/wp-content\/uploads\/sites\/19\/2019\/12\/WEB-UMAG-EXPLORA-CAMPAMENTO-VERANO-NATALES.png\",\"contentUrl\":\"https:\/\/dev.explora.cl\/magallanes\/wp-content\/uploads\/sites\/19\/2019\/12\/WEB-UMAG-EXPLORA-CAMPAMENTO-VERANO-NATALES.png\",\"width\":1024,\"height\":380},{\"@type\":\"BreadcrumbList\",\"@id\":\"https:\/\/dev.explora.cl\/magallanes\/atencion-puerto-natales-este-miercoles-comienza-la-convocatoria-para-el-campamento-cientifico-escolar-2020\/#breadcrumb\",\"itemListElement\":[{\"@type\":\"ListItem\",\"position\":1,\"name\":\"Portada\",\"item\":\"https:\/\/dev.explora.cl\/magallanes\/\"},{\"@type\":\"ListItem\",\"position\":2,\"name\":\"ATENCI\u00d3N PUERTO NATALES! Este mi\u00e9rcoles comienza la convocatoria para el Campamento Cient\u00edfico Escolar 2020\"}]},{\"@type\":\"WebSite\",\"@id\":\"https:\/\/dev.explora.cl\/magallanes\/#website\",\"url\":\"https:\/\/dev.explora.cl\/magallanes\/\",\"name\":\"Magallanes\",\"description\":\"Otro sitio m\u00e1s de dev.explora.cl\",\"publisher\":{\"@id\":\"https:\/\/dev.explora.cl\/magallanes\/#organization\"},\"potentialAction\":[{\"@type\":\"SearchAction\",\"target\":{\"@type\":\"EntryPoint\",\"urlTemplate\":\"https:\/\/dev.explora.cl\/magallanes\/?s={search_term_string}\"},\"query-input\":{\"@type\":\"PropertyValueSpecification\",\"valueRequired\":true,\"valueName\":\"search_term_string\"}}],\"inLanguage\":\"es-CL\"},{\"@type\":\"Organization\",\"@id\":\"https:\/\/dev.explora.cl\/magallanes\/#organization\",\"name\":\"Magallanes\",\"url\":\"https:\/\/dev.explora.cl\/magallanes\/\",\"logo\":{\"@type\":\"ImageObject\",\"inLanguage\":\"es-CL\",\"@id\":\"https:\/\/dev.explora.cl\/magallanes\/#\/schema\/logo\/image\/\",\"url\":\"https:\/\/dev.explora.cl\/magallanes\/wp-content\/uploads\/sites\/19\/2021\/06\/cropped-ICONO-COLOR-2.jpg\",\"contentUrl\":\"https:\/\/dev.explora.cl\/magallanes\/wp-content\/uploads\/sites\/19\/2021\/06\/cropped-ICONO-COLOR-2.jpg\",\"width\":1181,\"height\":1181,\"caption\":\"Magallanes\"},\"image\":{\"@id\":\"https:\/\/dev.explora.cl\/magallanes\/#\/schema\/logo\/image\/\"}},{\"@type\":\"Person\",\"@id\":\"https:\/\/dev.explora.cl\/magallanes\/#\/schema\/person\/8cc9448cf690297d1abd64d05fa3f09f\",\"name\":\"cgalaz\",\"image\":{\"@type\":\"ImageObject\",\"inLanguage\":\"es-CL\",\"@id\":\"https:\/\/dev.explora.cl\/magallanes\/#\/schema\/person\/image\/\",\"url\":\"https:\/\/secure.gravatar.com\/avatar\/7685b3fe3c7bc60f50658fbf1b7c83f8b28b5cce1eaf63033d32cae8b57fc828?s=96&d=mm&r=g\",\"contentUrl\":\"https:\/\/secure.gravatar.com\/avatar\/7685b3fe3c7bc60f50658fbf1b7c83f8b28b5cce1eaf63033d32cae8b57fc828?s=96&d=mm&r=g\",\"caption\":\"cgalaz\"},\"url\":\"https:\/\/dev.explora.cl\/magallanes\/author\/cgalaz\/\"}]}<\/script>\n<!-- \/ Yoast SEO plugin. -->","yoast_head_json":{"title":"ATENCI\u00d3N PUERTO NATALES! Este mi\u00e9rcoles comienza la convocatoria para el Campamento Cient\u00edfico Escolar 2020 - Magallanes","robots":{"index":"index","follow":"follow","max-snippet":"max-snippet:-1","max-image-preview":"max-image-preview:large","max-video-preview":"max-video-preview:-1"},"canonical":"https:\/\/dev.explora.cl\/magallanes\/atencion-puerto-natales-este-miercoles-comienza-la-convocatoria-para-el-campamento-cientifico-escolar-2020\/","og_locale":"es_ES","og_type":"article","og_title":"ATENCI\u00d3N PUERTO NATALES! Este mi\u00e9rcoles comienza la convocatoria para el Campamento Cient\u00edfico Escolar 2020 - Magallanes","og_description":"Por tercer a\u00f1o consecutivo se realizar\u00e1 el Campamento Cient\u00edfico Escolar en Puerto Natales. Haz click en la imagen para m\u00e1s informaci\u00f3n","og_url":"https:\/\/dev.explora.cl\/magallanes\/atencion-puerto-natales-este-miercoles-comienza-la-convocatoria-para-el-campamento-cientifico-escolar-2020\/","og_site_name":"Magallanes","article_published_time":"2019-12-02T20:42:22+00:00","article_modified_time":"2021-03-22T22:55:13+00:00","og_image":[{"width":1024,"height":380,"url":"https:\/\/dev.explora.cl\/magallanes\/wp-content\/uploads\/sites\/19\/2019\/12\/WEB-UMAG-EXPLORA-CAMPAMENTO-VERANO-NATALES.png","type":"image\/png"}],"author":"cgalaz","twitter_card":"summary_large_image","twitter_misc":{"Escrito por":"cgalaz","Tiempo estimado de lectura":"3 minutos"},"schema":{"@context":"https:\/\/schema.org","@graph":[{"@type":"Article","@id":"https:\/\/dev.explora.cl\/magallanes\/atencion-puerto-natales-este-miercoles-comienza-la-convocatoria-para-el-campamento-cientifico-escolar-2020\/#article","isPartOf":{"@id":"https:\/\/dev.explora.cl\/magallanes\/atencion-puerto-natales-este-miercoles-comienza-la-convocatoria-para-el-campamento-cientifico-escolar-2020\/"},"author":{"name":"cgalaz","@id":"https:\/\/dev.explora.cl\/magallanes\/#\/schema\/person\/8cc9448cf690297d1abd64d05fa3f09f"},"headline":"ATENCI\u00d3N PUERTO NATALES! Este mi\u00e9rcoles comienza la convocatoria para el Campamento Cient\u00edfico Escolar 2020","datePublished":"2019-12-02T20:42:22+00:00","dateModified":"2021-03-22T22:55:13+00:00","mainEntityOfPage":{"@id":"https:\/\/dev.explora.cl\/magallanes\/atencion-puerto-natales-este-miercoles-comienza-la-convocatoria-para-el-campamento-cientifico-escolar-2020\/"},"wordCount":590,"commentCount":0,"publisher":{"@id":"https:\/\/dev.explora.cl\/magallanes\/#organization"},"image":{"@id":"https:\/\/dev.explora.cl\/magallanes\/atencion-puerto-natales-este-miercoles-comienza-la-convocatoria-para-el-campamento-cientifico-escolar-2020\/#primaryimage"},"thumbnailUrl":"https:\/\/dev.explora.cl\/magallanes\/wp-content\/uploads\/sites\/19\/2019\/12\/WEB-UMAG-EXPLORA-CAMPAMENTO-VERANO-NATALES.png","keywords":["campamento cientifico escolar","ciencia","magallanes","medio ambiente","panorama","puerto natales","talleres","tecnolog\u00eda","ultima esperanza","verano"],"articleSection":["Banner","Lugar 1"],"inLanguage":"es-CL","potentialAction":[{"@type":"CommentAction","name":"Comment","target":["https:\/\/dev.explora.cl\/magallanes\/atencion-puerto-natales-este-miercoles-comienza-la-convocatoria-para-el-campamento-cientifico-escolar-2020\/#respond"]}]},{"@type":"WebPage","@id":"https:\/\/dev.explora.cl\/magallanes\/atencion-puerto-natales-este-miercoles-comienza-la-convocatoria-para-el-campamento-cientifico-escolar-2020\/","url":"https:\/\/dev.explora.cl\/magallanes\/atencion-puerto-natales-este-miercoles-comienza-la-convocatoria-para-el-campamento-cientifico-escolar-2020\/","name":"ATENCI\u00d3N PUERTO NATALES! Este mi\u00e9rcoles comienza la convocatoria para el Campamento Cient\u00edfico Escolar 2020 - Magallanes","isPartOf":{"@id":"https:\/\/dev.explora.cl\/magallanes\/#website"},"primaryImageOfPage":{"@id":"https:\/\/dev.explora.cl\/magallanes\/atencion-puerto-natales-este-miercoles-comienza-la-convocatoria-para-el-campamento-cientifico-escolar-2020\/#primaryimage"},"image":{"@id":"https:\/\/dev.explora.cl\/magallanes\/atencion-puerto-natales-este-miercoles-comienza-la-convocatoria-para-el-campamento-cientifico-escolar-2020\/#primaryimage"},"thumbnailUrl":"https:\/\/dev.explora.cl\/magallanes\/wp-content\/uploads\/sites\/19\/2019\/12\/WEB-UMAG-EXPLORA-CAMPAMENTO-VERANO-NATALES.png","datePublished":"2019-12-02T20:42:22+00:00","dateModified":"2021-03-22T22:55:13+00:00","breadcrumb":{"@id":"https:\/\/dev.explora.cl\/magallanes\/atencion-puerto-natales-este-miercoles-comienza-la-convocatoria-para-el-campamento-cientifico-escolar-2020\/#breadcrumb"},"inLanguage":"es-CL","potentialAction":[{"@type":"ReadAction","target":["https:\/\/dev.explora.cl\/magallanes\/atencion-puerto-natales-este-miercoles-comienza-la-convocatoria-para-el-campamento-cientifico-escolar-2020\/"]}]},{"@type":"ImageObject","inLanguage":"es-CL","@id":"https:\/\/dev.explora.cl\/magallanes\/atencion-puerto-natales-este-miercoles-comienza-la-convocatoria-para-el-campamento-cientifico-escolar-2020\/#primaryimage","url":"https:\/\/dev.explora.cl\/magallanes\/wp-content\/uploads\/sites\/19\/2019\/12\/WEB-UMAG-EXPLORA-CAMPAMENTO-VERANO-NATALES.png","contentUrl":"https:\/\/dev.explora.cl\/magallanes\/wp-content\/uploads\/sites\/19\/2019\/12\/WEB-UMAG-EXPLORA-CAMPAMENTO-VERANO-NATALES.png","width":1024,"height":380},{"@type":"BreadcrumbList","@id":"https:\/\/dev.explora.cl\/magallanes\/atencion-puerto-natales-este-miercoles-comienza-la-convocatoria-para-el-campamento-cientifico-escolar-2020\/#breadcrumb","itemListElement":[{"@type":"ListItem","position":1,"name":"Portada","item":"https:\/\/dev.explora.cl\/magallanes\/"},{"@type":"ListItem","position":2,"name":"ATENCI\u00d3N PUERTO NATALES! Este mi\u00e9rcoles comienza la convocatoria para el Campamento Cient\u00edfico Escolar 2020"}]},{"@type":"WebSite","@id":"https:\/\/dev.explora.cl\/magallanes\/#website","url":"https:\/\/dev.explora.cl\/magallanes\/","name":"Magallanes","description":"Otro sitio m\u00e1s de dev.explora.cl","publisher":{"@id":"https:\/\/dev.explora.cl\/magallanes\/#organization"},"potentialAction":[{"@type":"SearchAction","target":{"@type":"EntryPoint","urlTemplate":"https:\/\/dev.explora.cl\/magallanes\/?s={search_term_string}"},"query-input":{"@type":"PropertyValueSpecification","valueRequired":true,"valueName":"search_term_string"}}],"inLanguage":"es-CL"},{"@type":"Organization","@id":"https:\/\/dev.explora.cl\/magallanes\/#organization","name":"Magallanes","url":"https:\/\/dev.explora.cl\/magallanes\/","logo":{"@type":"ImageObject","inLanguage":"es-CL","@id":"https:\/\/dev.explora.cl\/magallanes\/#\/schema\/logo\/image\/","url":"https:\/\/dev.explora.cl\/magallanes\/wp-content\/uploads\/sites\/19\/2021\/06\/cropped-ICONO-COLOR-2.jpg","contentUrl":"https:\/\/dev.explora.cl\/magallanes\/wp-content\/uploads\/sites\/19\/2021\/06\/cropped-ICONO-COLOR-2.jpg","width":1181,"height":1181,"caption":"Magallanes"},"image":{"@id":"https:\/\/dev.explora.cl\/magallanes\/#\/schema\/logo\/image\/"}},{"@type":"Person","@id":"https:\/\/dev.explora.cl\/magallanes\/#\/schema\/person\/8cc9448cf690297d1abd64d05fa3f09f","name":"cgalaz","image":{"@type":"ImageObject","inLanguage":"es-CL","@id":"https:\/\/dev.explora.cl\/magallanes\/#\/schema\/person\/image\/","url":"https:\/\/secure.gravatar.com\/avatar\/7685b3fe3c7bc60f50658fbf1b7c83f8b28b5cce1eaf63033d32cae8b57fc828?s=96&d=mm&r=g","contentUrl":"https:\/\/secure.gravatar.com\/avatar\/7685b3fe3c7bc60f50658fbf1b7c83f8b28b5cce1eaf63033d32cae8b57fc828?s=96&d=mm&r=g","caption":"cgalaz"},"url":"https:\/\/dev.explora.cl\/magallanes\/author\/cgalaz\/"}]}},"_links":{"self":[{"href":"https:\/\/dev.explora.cl\/magallanes\/wp-json\/wp\/v2\/posts\/38366","targetHints":{"allow":["GET"]}}],"collection":[{"href":"https:\/\/dev.explora.cl\/magallanes\/wp-json\/wp\/v2\/posts"}],"about":[{"href":"https:\/\/dev.explora.cl\/magallanes\/wp-json\/wp\/v2\/types\/post"}],"author":[{"embeddable":true,"href":"https:\/\/dev.explora.cl\/magallanes\/wp-json\/wp\/v2\/users\/38"}],"replies":[{"embeddable":true,"href":"https:\/\/dev.explora.cl\/magallanes\/wp-json\/wp\/v2\/comments?post=38366"}],"version-history":[{"count":7,"href":"https:\/\/dev.explora.cl\/magallanes\/wp-json\/wp\/v2\/posts\/38366\/revisions"}],"predecessor-version":[{"id":38380,"href":"https:\/\/dev.explora.cl\/magallanes\/wp-json\/wp\/v2\/posts\/38366\/revisions\/38380"}],"wp:featuredmedia":[{"embeddable":true,"href":"https:\/\/dev.explora.cl\/magallanes\/wp-json\/wp\/v2\/media\/38367"}],"wp:attachment":[{"href":"https:\/\/dev.explora.cl\/magallanes\/wp-json\/wp\/v2\/media?parent=38366"}],"wp:term":[{"taxonomy":"category","embeddable":true,"href":"https:\/\/dev.explora.cl\/magallanes\/wp-json\/wp\/v2\/categories?post=38366"},{"taxonomy":"post_tag","embeddable":true,"href":"https:\/\/dev.explora.cl\/magallanes\/wp-json\/wp\/v2\/tags?post=38366"}],"curies":[{"name":"wp","href":"https:\/\/api.w.org\/{rel}","templated":true}]}}