{"id":38134,"date":"2019-06-25T15:40:27","date_gmt":"2019-06-25T19:40:27","guid":{"rendered":"https:\/\/dev.explora.cl\/magallanes\/?p=38134"},"modified":"2019-10-15T12:41:24","modified_gmt":"2019-10-15T15:41:24","slug":"jornada-ciencia-tecnologia-medio-ambiente-tierra-del-fuego","status":"publish","type":"post","link":"https:\/\/dev.explora.cl\/magallanes\/jornada-ciencia-tecnologia-medio-ambiente-tierra-del-fuego\/","title":{"rendered":"Jornada de Ciencia, Tecnolog\u00eda y Medio Ambiente en Tierra del Fuego"},"content":{"rendered":"<p>Ya se acerca una nueva versi\u00f3n de la Jornada de Ciencia, Tecnolog\u00eda y Medio Ambiente en Porvenir, en Tierra del Fuego. Pr\u00f3ximamente estaremos subiendo las bases del evento para que las y los escolares puedan participar \u00a1Atent@s a nuestras redes sociales!<\/p>\n","protected":false},"excerpt":{"rendered":"<p>Ya se acerca una nueva versi\u00f3n de la Jornada de Ciencia, Tecnolog\u00eda y Medio Ambiente en Porvenir, en Tierra del Fuego. Pr\u00f3ximamente estaremos subiendo las bases del evento para que las y los escolares puedan participar \u00a1Atent@s a nuestras redes sociales!<\/p>\n","protected":false},"author":38,"featured_media":38189,"comment_status":"closed","ping_status":"closed","sticky":false,"template":"","format":"standard","meta":{"_acf_changed":false,"_exactmetrics_skip_tracking":false,"_exactmetrics_sitenote_active":false,"_exactmetrics_sitenote_note":"","_exactmetrics_sitenote_category":0,"footnotes":"","_links_to":"","_links_to_target":""},"categories":[151],"tags":[107,164,21,333,280,334,258,254,76,335],"class_list":["post-38134","post","type-post","status-publish","format-standard","has-post-thumbnail","hentry","category-banner","tag-ciencia","tag-escolares","tag-explora-conicyt","tag-feria-cientifica-porvenir","tag-magallanes-2","tag-medioambiente","tag-patagonia","tag-porvenir","tag-tecnologia","tag-tierra-del-fuego"],"acf":[],"yoast_head":"<!-- This site is optimized with the Yoast SEO plugin v26.7 - https:\/\/yoast.com\/wordpress\/plugins\/seo\/ -->\n<title>Jornada de Ciencia, Tecnolog\u00eda y Medio Ambiente en Tierra del Fuego - Magallanes<\/title>\n<meta name=\"robots\" content=\"index, follow, max-snippet:-1, max-image-preview:large, max-video-preview:-1\" \/>\n<link rel=\"canonical\" href=\"https:\/\/dev.explora.cl\/magallanes\/jornada-ciencia-tecnologia-medio-ambiente-tierra-del-fuego\/\" class=\"yoast-seo-meta-tag\" \/>\n<meta property=\"og:locale\" content=\"es_ES\" class=\"yoast-seo-meta-tag\" \/>\n<meta property=\"og:type\" content=\"article\" class=\"yoast-seo-meta-tag\" \/>\n<meta property=\"og:title\" content=\"Jornada de Ciencia, Tecnolog\u00eda y Medio Ambiente en Tierra del Fuego - Magallanes\" class=\"yoast-seo-meta-tag\" \/>\n<meta property=\"og:description\" content=\"Ya se acerca una nueva versi\u00f3n de la Jornada de Ciencia, Tecnolog\u00eda y Medio Ambiente en Porvenir, en Tierra del Fuego. Pr\u00f3ximamente estaremos subiendo las bases del evento para que las y los escolares puedan participar \u00a1Atent@s a nuestras redes sociales!\" class=\"yoast-seo-meta-tag\" \/>\n<meta property=\"og:url\" content=\"https:\/\/dev.explora.cl\/magallanes\/jornada-ciencia-tecnologia-medio-ambiente-tierra-del-fuego\/\" class=\"yoast-seo-meta-tag\" \/>\n<meta property=\"og:site_name\" content=\"Magallanes\" class=\"yoast-seo-meta-tag\" \/>\n<meta property=\"article:published_time\" content=\"2019-06-25T19:40:27+00:00\" class=\"yoast-seo-meta-tag\" \/>\n<meta property=\"article:modified_time\" content=\"2019-10-15T15:41:24+00:00\" class=\"yoast-seo-meta-tag\" \/>\n<meta property=\"og:image\" content=\"https:\/\/dev.explora.cl\/magallanes\/wp-content\/uploads\/sites\/19\/2019\/06\/BANNER-WEB-18-JUNIO.jpg\" class=\"yoast-seo-meta-tag\" \/>\n\t<meta property=\"og:image:width\" content=\"920\" class=\"yoast-seo-meta-tag\" \/>\n\t<meta property=\"og:image:height\" content=\"525\" class=\"yoast-seo-meta-tag\" \/>\n\t<meta property=\"og:image:type\" content=\"image\/jpeg\" class=\"yoast-seo-meta-tag\" \/>\n<meta name=\"author\" content=\"cgalaz\" class=\"yoast-seo-meta-tag\" \/>\n<meta name=\"twitter:card\" content=\"summary_large_image\" class=\"yoast-seo-meta-tag\" \/>\n<meta name=\"twitter:label1\" content=\"Escrito por\" class=\"yoast-seo-meta-tag\" \/>\n\t<meta name=\"twitter:data1\" content=\"cgalaz\" class=\"yoast-seo-meta-tag\" \/>\n<script type=\"application\/ld+json\" class=\"yoast-schema-graph\">{\"@context\":\"https:\/\/schema.org\",\"@graph\":[{\"@type\":\"Article\",\"@id\":\"https:\/\/dev.explora.cl\/magallanes\/jornada-ciencia-tecnologia-medio-ambiente-tierra-del-fuego\/#article\",\"isPartOf\":{\"@id\":\"https:\/\/dev.explora.cl\/magallanes\/jornada-ciencia-tecnologia-medio-ambiente-tierra-del-fuego\/\"},\"author\":{\"name\":\"cgalaz\",\"@id\":\"https:\/\/dev.explora.cl\/magallanes\/#\/schema\/person\/8cc9448cf690297d1abd64d05fa3f09f\"},\"headline\":\"Jornada de Ciencia, Tecnolog\u00eda y Medio Ambiente en Tierra del Fuego\",\"datePublished\":\"2019-06-25T19:40:27+00:00\",\"dateModified\":\"2019-10-15T15:41:24+00:00\",\"mainEntityOfPage\":{\"@id\":\"https:\/\/dev.explora.cl\/magallanes\/jornada-ciencia-tecnologia-medio-ambiente-tierra-del-fuego\/\"},\"wordCount\":57,\"publisher\":{\"@id\":\"https:\/\/dev.explora.cl\/magallanes\/#organization\"},\"image\":{\"@id\":\"https:\/\/dev.explora.cl\/magallanes\/jornada-ciencia-tecnologia-medio-ambiente-tierra-del-fuego\/#primaryimage\"},\"thumbnailUrl\":\"https:\/\/dev.explora.cl\/magallanes\/wp-content\/uploads\/sites\/19\/2019\/06\/BANNER-WEB-18-JUNIO.jpg\",\"keywords\":[\"ciencia\",\"escolares\",\"Explora Conicyt\",\"feria cientifica porvenir\",\"magallanes\",\"medioambiente\",\"patagonia\",\"porvenir,\",\"tecnolog\u00eda\",\"tierra del fuego\"],\"articleSection\":[\"Banner\"],\"inLanguage\":\"es-CL\"},{\"@type\":\"WebPage\",\"@id\":\"https:\/\/dev.explora.cl\/magallanes\/jornada-ciencia-tecnologia-medio-ambiente-tierra-del-fuego\/\",\"url\":\"https:\/\/dev.explora.cl\/magallanes\/jornada-ciencia-tecnologia-medio-ambiente-tierra-del-fuego\/\",\"name\":\"Jornada de Ciencia, Tecnolog\u00eda y Medio Ambiente en Tierra del Fuego - Magallanes\",\"isPartOf\":{\"@id\":\"https:\/\/dev.explora.cl\/magallanes\/#website\"},\"primaryImageOfPage\":{\"@id\":\"https:\/\/dev.explora.cl\/magallanes\/jornada-ciencia-tecnologia-medio-ambiente-tierra-del-fuego\/#primaryimage\"},\"image\":{\"@id\":\"https:\/\/dev.explora.cl\/magallanes\/jornada-ciencia-tecnologia-medio-ambiente-tierra-del-fuego\/#primaryimage\"},\"thumbnailUrl\":\"https:\/\/dev.explora.cl\/magallanes\/wp-content\/uploads\/sites\/19\/2019\/06\/BANNER-WEB-18-JUNIO.jpg\",\"datePublished\":\"2019-06-25T19:40:27+00:00\",\"dateModified\":\"2019-10-15T15:41:24+00:00\",\"breadcrumb\":{\"@id\":\"https:\/\/dev.explora.cl\/magallanes\/jornada-ciencia-tecnologia-medio-ambiente-tierra-del-fuego\/#breadcrumb\"},\"inLanguage\":\"es-CL\",\"potentialAction\":[{\"@type\":\"ReadAction\",\"target\":[\"https:\/\/dev.explora.cl\/magallanes\/jornada-ciencia-tecnologia-medio-ambiente-tierra-del-fuego\/\"]}]},{\"@type\":\"ImageObject\",\"inLanguage\":\"es-CL\",\"@id\":\"https:\/\/dev.explora.cl\/magallanes\/jornada-ciencia-tecnologia-medio-ambiente-tierra-del-fuego\/#primaryimage\",\"url\":\"https:\/\/dev.explora.cl\/magallanes\/wp-content\/uploads\/sites\/19\/2019\/06\/BANNER-WEB-18-JUNIO.jpg\",\"contentUrl\":\"https:\/\/dev.explora.cl\/magallanes\/wp-content\/uploads\/sites\/19\/2019\/06\/BANNER-WEB-18-JUNIO.jpg\",\"width\":920,\"height\":525},{\"@type\":\"BreadcrumbList\",\"@id\":\"https:\/\/dev.explora.cl\/magallanes\/jornada-ciencia-tecnologia-medio-ambiente-tierra-del-fuego\/#breadcrumb\",\"itemListElement\":[{\"@type\":\"ListItem\",\"position\":1,\"name\":\"Portada\",\"item\":\"https:\/\/dev.explora.cl\/magallanes\/\"},{\"@type\":\"ListItem\",\"position\":2,\"name\":\"Jornada de Ciencia, Tecnolog\u00eda y Medio Ambiente en Tierra del Fuego\"}]},{\"@type\":\"WebSite\",\"@id\":\"https:\/\/dev.explora.cl\/magallanes\/#website\",\"url\":\"https:\/\/dev.explora.cl\/magallanes\/\",\"name\":\"Magallanes\",\"description\":\"Otro sitio m\u00e1s de dev.explora.cl\",\"publisher\":{\"@id\":\"https:\/\/dev.explora.cl\/magallanes\/#organization\"},\"potentialAction\":[{\"@type\":\"SearchAction\",\"target\":{\"@type\":\"EntryPoint\",\"urlTemplate\":\"https:\/\/dev.explora.cl\/magallanes\/?s={search_term_string}\"},\"query-input\":{\"@type\":\"PropertyValueSpecification\",\"valueRequired\":true,\"valueName\":\"search_term_string\"}}],\"inLanguage\":\"es-CL\"},{\"@type\":\"Organization\",\"@id\":\"https:\/\/dev.explora.cl\/magallanes\/#organization\",\"name\":\"Magallanes\",\"url\":\"https:\/\/dev.explora.cl\/magallanes\/\",\"logo\":{\"@type\":\"ImageObject\",\"inLanguage\":\"es-CL\",\"@id\":\"https:\/\/dev.explora.cl\/magallanes\/#\/schema\/logo\/image\/\",\"url\":\"https:\/\/dev.explora.cl\/magallanes\/wp-content\/uploads\/sites\/19\/2021\/06\/cropped-ICONO-COLOR-2.jpg\",\"contentUrl\":\"https:\/\/dev.explora.cl\/magallanes\/wp-content\/uploads\/sites\/19\/2021\/06\/cropped-ICONO-COLOR-2.jpg\",\"width\":1181,\"height\":1181,\"caption\":\"Magallanes\"},\"image\":{\"@id\":\"https:\/\/dev.explora.cl\/magallanes\/#\/schema\/logo\/image\/\"}},{\"@type\":\"Person\",\"@id\":\"https:\/\/dev.explora.cl\/magallanes\/#\/schema\/person\/8cc9448cf690297d1abd64d05fa3f09f\",\"name\":\"cgalaz\",\"image\":{\"@type\":\"ImageObject\",\"inLanguage\":\"es-CL\",\"@id\":\"https:\/\/dev.explora.cl\/magallanes\/#\/schema\/person\/image\/\",\"url\":\"https:\/\/secure.gravatar.com\/avatar\/7685b3fe3c7bc60f50658fbf1b7c83f8b28b5cce1eaf63033d32cae8b57fc828?s=96&d=mm&r=g\",\"contentUrl\":\"https:\/\/secure.gravatar.com\/avatar\/7685b3fe3c7bc60f50658fbf1b7c83f8b28b5cce1eaf63033d32cae8b57fc828?s=96&d=mm&r=g\",\"caption\":\"cgalaz\"},\"url\":\"https:\/\/dev.explora.cl\/magallanes\/author\/cgalaz\/\"}]}<\/script>\n<!-- \/ Yoast SEO plugin. -->","yoast_head_json":{"title":"Jornada de Ciencia, Tecnolog\u00eda y Medio Ambiente en Tierra del Fuego - Magallanes","robots":{"index":"index","follow":"follow","max-snippet":"max-snippet:-1","max-image-preview":"max-image-preview:large","max-video-preview":"max-video-preview:-1"},"canonical":"https:\/\/dev.explora.cl\/magallanes\/jornada-ciencia-tecnologia-medio-ambiente-tierra-del-fuego\/","og_locale":"es_ES","og_type":"article","og_title":"Jornada de Ciencia, Tecnolog\u00eda y Medio Ambiente en Tierra del Fuego - Magallanes","og_description":"Ya se acerca una nueva versi\u00f3n de la Jornada de Ciencia, Tecnolog\u00eda y Medio Ambiente en Porvenir, en Tierra del Fuego. Pr\u00f3ximamente estaremos subiendo las bases del evento para que las y los escolares puedan participar \u00a1Atent@s a nuestras redes sociales!","og_url":"https:\/\/dev.explora.cl\/magallanes\/jornada-ciencia-tecnologia-medio-ambiente-tierra-del-fuego\/","og_site_name":"Magallanes","article_published_time":"2019-06-25T19:40:27+00:00","article_modified_time":"2019-10-15T15:41:24+00:00","og_image":[{"width":920,"height":525,"url":"https:\/\/dev.explora.cl\/magallanes\/wp-content\/uploads\/sites\/19\/2019\/06\/BANNER-WEB-18-JUNIO.jpg","type":"image\/jpeg"}],"author":"cgalaz","twitter_card":"summary_large_image","twitter_misc":{"Escrito por":"cgalaz"},"schema":{"@context":"https:\/\/schema.org","@graph":[{"@type":"Article","@id":"https:\/\/dev.explora.cl\/magallanes\/jornada-ciencia-tecnologia-medio-ambiente-tierra-del-fuego\/#article","isPartOf":{"@id":"https:\/\/dev.explora.cl\/magallanes\/jornada-ciencia-tecnologia-medio-ambiente-tierra-del-fuego\/"},"author":{"name":"cgalaz","@id":"https:\/\/dev.explora.cl\/magallanes\/#\/schema\/person\/8cc9448cf690297d1abd64d05fa3f09f"},"headline":"Jornada de Ciencia, Tecnolog\u00eda y Medio Ambiente en Tierra del Fuego","datePublished":"2019-06-25T19:40:27+00:00","dateModified":"2019-10-15T15:41:24+00:00","mainEntityOfPage":{"@id":"https:\/\/dev.explora.cl\/magallanes\/jornada-ciencia-tecnologia-medio-ambiente-tierra-del-fuego\/"},"wordCount":57,"publisher":{"@id":"https:\/\/dev.explora.cl\/magallanes\/#organization"},"image":{"@id":"https:\/\/dev.explora.cl\/magallanes\/jornada-ciencia-tecnologia-medio-ambiente-tierra-del-fuego\/#primaryimage"},"thumbnailUrl":"https:\/\/dev.explora.cl\/magallanes\/wp-content\/uploads\/sites\/19\/2019\/06\/BANNER-WEB-18-JUNIO.jpg","keywords":["ciencia","escolares","Explora Conicyt","feria cientifica porvenir","magallanes","medioambiente","patagonia","porvenir,","tecnolog\u00eda","tierra del fuego"],"articleSection":["Banner"],"inLanguage":"es-CL"},{"@type":"WebPage","@id":"https:\/\/dev.explora.cl\/magallanes\/jornada-ciencia-tecnologia-medio-ambiente-tierra-del-fuego\/","url":"https:\/\/dev.explora.cl\/magallanes\/jornada-ciencia-tecnologia-medio-ambiente-tierra-del-fuego\/","name":"Jornada de Ciencia, Tecnolog\u00eda y Medio Ambiente en Tierra del Fuego - Magallanes","isPartOf":{"@id":"https:\/\/dev.explora.cl\/magallanes\/#website"},"primaryImageOfPage":{"@id":"https:\/\/dev.explora.cl\/magallanes\/jornada-ciencia-tecnologia-medio-ambiente-tierra-del-fuego\/#primaryimage"},"image":{"@id":"https:\/\/dev.explora.cl\/magallanes\/jornada-ciencia-tecnologia-medio-ambiente-tierra-del-fuego\/#primaryimage"},"thumbnailUrl":"https:\/\/dev.explora.cl\/magallanes\/wp-content\/uploads\/sites\/19\/2019\/06\/BANNER-WEB-18-JUNIO.jpg","datePublished":"2019-06-25T19:40:27+00:00","dateModified":"2019-10-15T15:41:24+00:00","breadcrumb":{"@id":"https:\/\/dev.explora.cl\/magallanes\/jornada-ciencia-tecnologia-medio-ambiente-tierra-del-fuego\/#breadcrumb"},"inLanguage":"es-CL","potentialAction":[{"@type":"ReadAction","target":["https:\/\/dev.explora.cl\/magallanes\/jornada-ciencia-tecnologia-medio-ambiente-tierra-del-fuego\/"]}]},{"@type":"ImageObject","inLanguage":"es-CL","@id":"https:\/\/dev.explora.cl\/magallanes\/jornada-ciencia-tecnologia-medio-ambiente-tierra-del-fuego\/#primaryimage","url":"https:\/\/dev.explora.cl\/magallanes\/wp-content\/uploads\/sites\/19\/2019\/06\/BANNER-WEB-18-JUNIO.jpg","contentUrl":"https:\/\/dev.explora.cl\/magallanes\/wp-content\/uploads\/sites\/19\/2019\/06\/BANNER-WEB-18-JUNIO.jpg","width":920,"height":525},{"@type":"BreadcrumbList","@id":"https:\/\/dev.explora.cl\/magallanes\/jornada-ciencia-tecnologia-medio-ambiente-tierra-del-fuego\/#breadcrumb","itemListElement":[{"@type":"ListItem","position":1,"name":"Portada","item":"https:\/\/dev.explora.cl\/magallanes\/"},{"@type":"ListItem","position":2,"name":"Jornada de Ciencia, Tecnolog\u00eda y Medio Ambiente en Tierra del Fuego"}]},{"@type":"WebSite","@id":"https:\/\/dev.explora.cl\/magallanes\/#website","url":"https:\/\/dev.explora.cl\/magallanes\/","name":"Magallanes","description":"Otro sitio m\u00e1s de dev.explora.cl","publisher":{"@id":"https:\/\/dev.explora.cl\/magallanes\/#organization"},"potentialAction":[{"@type":"SearchAction","target":{"@type":"EntryPoint","urlTemplate":"https:\/\/dev.explora.cl\/magallanes\/?s={search_term_string}"},"query-input":{"@type":"PropertyValueSpecification","valueRequired":true,"valueName":"search_term_string"}}],"inLanguage":"es-CL"},{"@type":"Organization","@id":"https:\/\/dev.explora.cl\/magallanes\/#organization","name":"Magallanes","url":"https:\/\/dev.explora.cl\/magallanes\/","logo":{"@type":"ImageObject","inLanguage":"es-CL","@id":"https:\/\/dev.explora.cl\/magallanes\/#\/schema\/logo\/image\/","url":"https:\/\/dev.explora.cl\/magallanes\/wp-content\/uploads\/sites\/19\/2021\/06\/cropped-ICONO-COLOR-2.jpg","contentUrl":"https:\/\/dev.explora.cl\/magallanes\/wp-content\/uploads\/sites\/19\/2021\/06\/cropped-ICONO-COLOR-2.jpg","width":1181,"height":1181,"caption":"Magallanes"},"image":{"@id":"https:\/\/dev.explora.cl\/magallanes\/#\/schema\/logo\/image\/"}},{"@type":"Person","@id":"https:\/\/dev.explora.cl\/magallanes\/#\/schema\/person\/8cc9448cf690297d1abd64d05fa3f09f","name":"cgalaz","image":{"@type":"ImageObject","inLanguage":"es-CL","@id":"https:\/\/dev.explora.cl\/magallanes\/#\/schema\/person\/image\/","url":"https:\/\/secure.gravatar.com\/avatar\/7685b3fe3c7bc60f50658fbf1b7c83f8b28b5cce1eaf63033d32cae8b57fc828?s=96&d=mm&r=g","contentUrl":"https:\/\/secure.gravatar.com\/avatar\/7685b3fe3c7bc60f50658fbf1b7c83f8b28b5cce1eaf63033d32cae8b57fc828?s=96&d=mm&r=g","caption":"cgalaz"},"url":"https:\/\/dev.explora.cl\/magallanes\/author\/cgalaz\/"}]}},"_links":{"self":[{"href":"https:\/\/dev.explora.cl\/magallanes\/wp-json\/wp\/v2\/posts\/38134","targetHints":{"allow":["GET"]}}],"collection":[{"href":"https:\/\/dev.explora.cl\/magallanes\/wp-json\/wp\/v2\/posts"}],"about":[{"href":"https:\/\/dev.explora.cl\/magallanes\/wp-json\/wp\/v2\/types\/post"}],"author":[{"embeddable":true,"href":"https:\/\/dev.explora.cl\/magallanes\/wp-json\/wp\/v2\/users\/38"}],"replies":[{"embeddable":true,"href":"https:\/\/dev.explora.cl\/magallanes\/wp-json\/wp\/v2\/comments?post=38134"}],"version-history":[{"count":1,"href":"https:\/\/dev.explora.cl\/magallanes\/wp-json\/wp\/v2\/posts\/38134\/revisions"}],"predecessor-version":[{"id":38136,"href":"https:\/\/dev.explora.cl\/magallanes\/wp-json\/wp\/v2\/posts\/38134\/revisions\/38136"}],"wp:featuredmedia":[{"embeddable":true,"href":"https:\/\/dev.explora.cl\/magallanes\/wp-json\/wp\/v2\/media\/38189"}],"wp:attachment":[{"href":"https:\/\/dev.explora.cl\/magallanes\/wp-json\/wp\/v2\/media?parent=38134"}],"wp:term":[{"taxonomy":"category","embeddable":true,"href":"https:\/\/dev.explora.cl\/magallanes\/wp-json\/wp\/v2\/categories?post=38134"},{"taxonomy":"post_tag","embeddable":true,"href":"https:\/\/dev.explora.cl\/magallanes\/wp-json\/wp\/v2\/tags?post=38134"}],"curies":[{"name":"wp","href":"https:\/\/api.w.org\/{rel}","templated":true}]}}