{"id":377,"date":"2016-06-10T00:00:00","date_gmt":"2016-06-10T04:00:00","guid":{"rendered":"https:\/\/dev.explora.cl\/magallanes\/blog\/2016\/06\/10\/descarga-aqui-boletin-n-1-de-par-explora-magallanes-y-antartica-chilena\/"},"modified":"2019-05-20T21:38:14","modified_gmt":"2019-05-20T21:38:14","slug":"descarga-aqui-boletin-n-1-de-par-explora-magallanes-y-antartica-chilena","status":"publish","type":"post","link":"https:\/\/dev.explora.cl\/magallanes\/descarga-aqui-boletin-n-1-de-par-explora-magallanes-y-antartica-chilena\/","title":{"rendered":"[DESCARGA AQU\u00cd] Bolet\u00edn N\u00ba1 de PAR Explora Magallanes y Ant\u00e1rtica Chilena"},"content":{"rendered":"<p class=\"MsoListParagraphCxSpMiddle\" style=\"text-align: left\"><img loading=\"lazy\" decoding=\"async\" class=\" alignright size-full wp-image-18054\" style=\"float: right\" src=\"http:\/\/ec2-54-245-22-188.us-west-2.compute.amazonaws.com\/wp-content\/uploads\/2016\/06\/0001.jpg\" alt=\"\" width=\"400\" height=\"614\" \/>En esta edici\u00f3n podr\u00e1n revisar:<\/p>\n<p style=\"text-align: left\">&#8211; Entrevista realizada a Karla Mart\u00ednez y Armando Sep\u00falveda, cient\u00edficos mexicanos que est\u00e1n investigando los ciclos del Metano y el Cambio Clim\u00e1tico.<\/p>\n<p class=\"MsoListParagraphCxSpMiddle\" style=\"text-align: left\">&#8211; Escolares realizan fecundaci\u00f3n in vitro en laboratorios de la UMAG<\/p>\n<p class=\"MsoListParagraphCxSpMiddle\" style=\"text-align: left\">&#8211; Profesores y Educadoras se Capacitan en M\u00e9todo Cient\u00edfico<\/p>\n<p class=\"MsoListParagraphCxSpMiddle\" style=\"text-align: left\">&#8211; Agrupaci\u00f3n Manos de Hermanos Participa en el taller &#8220;Conociendo las Aves de mi Regi\u00f3n&#8221;.<\/p>\n<p class=\"MsoListParagraphCxSpMiddle\" style=\"text-align: left\">&#8211; Estudiantes de la Escuela Pedro Pablo Lemaitre viajan a la Feria de la Ciencia en Sevilla.<\/p>\n<p class=\"MsoListParagraphCxSpMiddle\" style=\"text-align: left\">&#8211; Estudiantes y acad\u00e9micos maravillados con dinosaurios, robots y Biomim\u00e9tica.<\/p>\n<p style=\"text-align: left\">\u00a0\u00a0<\/p>\n<p class=\"MsoListParagraphCxSpLast\" style=\"text-align: left\">Adem\u00e1s podr\u00e1n conocer las actividades programadas para el mes de junio.<\/p>\n<p class=\"MsoListParagraphCxSpLast\" style=\"text-align: justify\">\u00a0<\/p>\n<p class=\"MsoListParagraphCxSpLast\" style=\"text-align: justify\"><a href=\"https:\/\/issuu.com\/parexploramagallanes\/docs\/boletin_n__1_-_par_explora_magallan\" target=\"_blank\" rel=\"noopener noreferrer\">DESCARGA AQU\u00cd la versi\u00f3n en PAPEL DIGITAL<\/a><\/p>\n<p>\u00a0<\/p>\n","protected":false},"excerpt":{"rendered":"<p>En esta edici\u00f3n podr\u00e1n revisar: &#8211; Entrevista realizada a Karla Mart\u00ednez y Armando Sep\u00falveda, cient\u00edficos mexicanos que est\u00e1n investigando los ciclos del Metano y el Cambio Clim\u00e1tico. &#8211; Escolares realizan fecundaci\u00f3n in vitro en laboratorios de la UMAG &#8211; Profesores y Educadoras se Capacitan en M\u00e9todo Cient\u00edfico &#8211; Agrupaci\u00f3n Manos de Hermanos Participa en el [&hellip;]<\/p>\n","protected":false},"author":2,"featured_media":378,"comment_status":"open","ping_status":"open","sticky":false,"template":"","format":"standard","meta":{"_acf_changed":false,"_exactmetrics_skip_tracking":false,"_exactmetrics_sitenote_active":false,"_exactmetrics_sitenote_note":"","_exactmetrics_sitenote_category":0,"footnotes":"","_links_to":"","_links_to_target":""},"categories":[4],"tags":[],"class_list":["post-377","post","type-post","status-publish","format-standard","has-post-thumbnail","hentry","category-noticias"],"acf":[],"yoast_head":"<!-- This site is optimized with the Yoast SEO plugin v26.7 - https:\/\/yoast.com\/wordpress\/plugins\/seo\/ -->\n<title>[DESCARGA AQU\u00cd] Bolet\u00edn N\u00ba1 de PAR Explora Magallanes y Ant\u00e1rtica Chilena - Magallanes<\/title>\n<meta name=\"robots\" content=\"index, follow, max-snippet:-1, max-image-preview:large, max-video-preview:-1\" \/>\n<link rel=\"canonical\" href=\"https:\/\/dev.explora.cl\/magallanes\/descarga-aqui-boletin-n-1-de-par-explora-magallanes-y-antartica-chilena\/\" class=\"yoast-seo-meta-tag\" \/>\n<meta property=\"og:locale\" content=\"es_ES\" class=\"yoast-seo-meta-tag\" \/>\n<meta property=\"og:type\" content=\"article\" class=\"yoast-seo-meta-tag\" \/>\n<meta property=\"og:title\" content=\"[DESCARGA AQU\u00cd] Bolet\u00edn N\u00ba1 de PAR Explora Magallanes y Ant\u00e1rtica Chilena - Magallanes\" class=\"yoast-seo-meta-tag\" \/>\n<meta property=\"og:description\" content=\"En esta edici\u00f3n podr\u00e1n revisar: &#8211; Entrevista realizada a Karla Mart\u00ednez y Armando Sep\u00falveda, cient\u00edficos mexicanos que est\u00e1n investigando los ciclos del Metano y el Cambio Clim\u00e1tico. &#8211; Escolares realizan fecundaci\u00f3n in vitro en laboratorios de la UMAG &#8211; Profesores y Educadoras se Capacitan en M\u00e9todo Cient\u00edfico &#8211; Agrupaci\u00f3n Manos de Hermanos Participa en el [&hellip;]\" class=\"yoast-seo-meta-tag\" \/>\n<meta property=\"og:url\" content=\"https:\/\/dev.explora.cl\/magallanes\/descarga-aqui-boletin-n-1-de-par-explora-magallanes-y-antartica-chilena\/\" class=\"yoast-seo-meta-tag\" \/>\n<meta property=\"og:site_name\" content=\"Magallanes\" class=\"yoast-seo-meta-tag\" \/>\n<meta property=\"article:published_time\" content=\"2016-06-10T04:00:00+00:00\" class=\"yoast-seo-meta-tag\" \/>\n<meta property=\"article:modified_time\" content=\"2019-05-20T21:38:14+00:00\" class=\"yoast-seo-meta-tag\" \/>\n<meta property=\"og:image\" content=\"https:\/\/dev.explora.cl\/magallanes\/wp-content\/uploads\/sites\/19\/2018\/06\/0001.jpg\" class=\"yoast-seo-meta-tag\" \/>\n\t<meta property=\"og:image:width\" content=\"1654\" class=\"yoast-seo-meta-tag\" \/>\n\t<meta property=\"og:image:height\" content=\"2540\" class=\"yoast-seo-meta-tag\" \/>\n\t<meta property=\"og:image:type\" content=\"image\/jpeg\" class=\"yoast-seo-meta-tag\" \/>\n<meta name=\"author\" content=\"webman\" class=\"yoast-seo-meta-tag\" \/>\n<meta name=\"twitter:card\" content=\"summary_large_image\" class=\"yoast-seo-meta-tag\" \/>\n<meta name=\"twitter:label1\" content=\"Escrito por\" class=\"yoast-seo-meta-tag\" \/>\n\t<meta name=\"twitter:data1\" content=\"webman\" class=\"yoast-seo-meta-tag\" \/>\n\t<meta name=\"twitter:label2\" content=\"Tiempo estimado de lectura\" class=\"yoast-seo-meta-tag\" \/>\n\t<meta name=\"twitter:data2\" content=\"1 minuto\" class=\"yoast-seo-meta-tag\" \/>\n<script type=\"application\/ld+json\" class=\"yoast-schema-graph\">{\"@context\":\"https:\/\/schema.org\",\"@graph\":[{\"@type\":\"Article\",\"@id\":\"https:\/\/dev.explora.cl\/magallanes\/descarga-aqui-boletin-n-1-de-par-explora-magallanes-y-antartica-chilena\/#article\",\"isPartOf\":{\"@id\":\"https:\/\/dev.explora.cl\/magallanes\/descarga-aqui-boletin-n-1-de-par-explora-magallanes-y-antartica-chilena\/\"},\"author\":{\"name\":\"webman\",\"@id\":\"https:\/\/dev.explora.cl\/magallanes\/#\/schema\/person\/cb8349c13ea2d324080adf8480d7ba5d\"},\"headline\":\"[DESCARGA AQU\u00cd] Bolet\u00edn N\u00ba1 de PAR Explora Magallanes y Ant\u00e1rtica Chilena\",\"datePublished\":\"2016-06-10T04:00:00+00:00\",\"dateModified\":\"2019-05-20T21:38:14+00:00\",\"mainEntityOfPage\":{\"@id\":\"https:\/\/dev.explora.cl\/magallanes\/descarga-aqui-boletin-n-1-de-par-explora-magallanes-y-antartica-chilena\/\"},\"wordCount\":137,\"commentCount\":0,\"publisher\":{\"@id\":\"https:\/\/dev.explora.cl\/magallanes\/#organization\"},\"image\":{\"@id\":\"https:\/\/dev.explora.cl\/magallanes\/descarga-aqui-boletin-n-1-de-par-explora-magallanes-y-antartica-chilena\/#primaryimage\"},\"thumbnailUrl\":\"https:\/\/dev.explora.cl\/magallanes\/wp-content\/uploads\/sites\/19\/2018\/06\/0001.jpg\",\"articleSection\":[\"Noticias\"],\"inLanguage\":\"es-CL\",\"potentialAction\":[{\"@type\":\"CommentAction\",\"name\":\"Comment\",\"target\":[\"https:\/\/dev.explora.cl\/magallanes\/descarga-aqui-boletin-n-1-de-par-explora-magallanes-y-antartica-chilena\/#respond\"]}]},{\"@type\":\"WebPage\",\"@id\":\"https:\/\/dev.explora.cl\/magallanes\/descarga-aqui-boletin-n-1-de-par-explora-magallanes-y-antartica-chilena\/\",\"url\":\"https:\/\/dev.explora.cl\/magallanes\/descarga-aqui-boletin-n-1-de-par-explora-magallanes-y-antartica-chilena\/\",\"name\":\"[DESCARGA AQU\u00cd] Bolet\u00edn N\u00ba1 de PAR Explora Magallanes y Ant\u00e1rtica Chilena - Magallanes\",\"isPartOf\":{\"@id\":\"https:\/\/dev.explora.cl\/magallanes\/#website\"},\"primaryImageOfPage\":{\"@id\":\"https:\/\/dev.explora.cl\/magallanes\/descarga-aqui-boletin-n-1-de-par-explora-magallanes-y-antartica-chilena\/#primaryimage\"},\"image\":{\"@id\":\"https:\/\/dev.explora.cl\/magallanes\/descarga-aqui-boletin-n-1-de-par-explora-magallanes-y-antartica-chilena\/#primaryimage\"},\"thumbnailUrl\":\"https:\/\/dev.explora.cl\/magallanes\/wp-content\/uploads\/sites\/19\/2018\/06\/0001.jpg\",\"datePublished\":\"2016-06-10T04:00:00+00:00\",\"dateModified\":\"2019-05-20T21:38:14+00:00\",\"breadcrumb\":{\"@id\":\"https:\/\/dev.explora.cl\/magallanes\/descarga-aqui-boletin-n-1-de-par-explora-magallanes-y-antartica-chilena\/#breadcrumb\"},\"inLanguage\":\"es-CL\",\"potentialAction\":[{\"@type\":\"ReadAction\",\"target\":[\"https:\/\/dev.explora.cl\/magallanes\/descarga-aqui-boletin-n-1-de-par-explora-magallanes-y-antartica-chilena\/\"]}]},{\"@type\":\"ImageObject\",\"inLanguage\":\"es-CL\",\"@id\":\"https:\/\/dev.explora.cl\/magallanes\/descarga-aqui-boletin-n-1-de-par-explora-magallanes-y-antartica-chilena\/#primaryimage\",\"url\":\"https:\/\/dev.explora.cl\/magallanes\/wp-content\/uploads\/sites\/19\/2018\/06\/0001.jpg\",\"contentUrl\":\"https:\/\/dev.explora.cl\/magallanes\/wp-content\/uploads\/sites\/19\/2018\/06\/0001.jpg\",\"width\":1654,\"height\":2540},{\"@type\":\"BreadcrumbList\",\"@id\":\"https:\/\/dev.explora.cl\/magallanes\/descarga-aqui-boletin-n-1-de-par-explora-magallanes-y-antartica-chilena\/#breadcrumb\",\"itemListElement\":[{\"@type\":\"ListItem\",\"position\":1,\"name\":\"Portada\",\"item\":\"https:\/\/dev.explora.cl\/magallanes\/\"},{\"@type\":\"ListItem\",\"position\":2,\"name\":\"[DESCARGA AQU\u00cd] Bolet\u00edn N\u00ba1 de PAR Explora Magallanes y Ant\u00e1rtica Chilena\"}]},{\"@type\":\"WebSite\",\"@id\":\"https:\/\/dev.explora.cl\/magallanes\/#website\",\"url\":\"https:\/\/dev.explora.cl\/magallanes\/\",\"name\":\"Magallanes\",\"description\":\"Otro sitio m\u00e1s de dev.explora.cl\",\"publisher\":{\"@id\":\"https:\/\/dev.explora.cl\/magallanes\/#organization\"},\"potentialAction\":[{\"@type\":\"SearchAction\",\"target\":{\"@type\":\"EntryPoint\",\"urlTemplate\":\"https:\/\/dev.explora.cl\/magallanes\/?s={search_term_string}\"},\"query-input\":{\"@type\":\"PropertyValueSpecification\",\"valueRequired\":true,\"valueName\":\"search_term_string\"}}],\"inLanguage\":\"es-CL\"},{\"@type\":\"Organization\",\"@id\":\"https:\/\/dev.explora.cl\/magallanes\/#organization\",\"name\":\"Magallanes\",\"url\":\"https:\/\/dev.explora.cl\/magallanes\/\",\"logo\":{\"@type\":\"ImageObject\",\"inLanguage\":\"es-CL\",\"@id\":\"https:\/\/dev.explora.cl\/magallanes\/#\/schema\/logo\/image\/\",\"url\":\"https:\/\/dev.explora.cl\/magallanes\/wp-content\/uploads\/sites\/19\/2021\/06\/cropped-ICONO-COLOR-2.jpg\",\"contentUrl\":\"https:\/\/dev.explora.cl\/magallanes\/wp-content\/uploads\/sites\/19\/2021\/06\/cropped-ICONO-COLOR-2.jpg\",\"width\":1181,\"height\":1181,\"caption\":\"Magallanes\"},\"image\":{\"@id\":\"https:\/\/dev.explora.cl\/magallanes\/#\/schema\/logo\/image\/\"}},{\"@type\":\"Person\",\"@id\":\"https:\/\/dev.explora.cl\/magallanes\/#\/schema\/person\/cb8349c13ea2d324080adf8480d7ba5d\",\"name\":\"webman\",\"image\":{\"@type\":\"ImageObject\",\"inLanguage\":\"es-CL\",\"@id\":\"https:\/\/dev.explora.cl\/magallanes\/#\/schema\/person\/image\/\",\"url\":\"https:\/\/secure.gravatar.com\/avatar\/eeff3c82f2c02f7177d13663b7e6f890e9a6a0647ce9bb29cae02dcb094c7312?s=96&d=mm&r=g\",\"contentUrl\":\"https:\/\/secure.gravatar.com\/avatar\/eeff3c82f2c02f7177d13663b7e6f890e9a6a0647ce9bb29cae02dcb094c7312?s=96&d=mm&r=g\",\"caption\":\"webman\"},\"url\":\"https:\/\/dev.explora.cl\/magallanes\/author\/webman\/\"}]}<\/script>\n<!-- \/ Yoast SEO plugin. -->","yoast_head_json":{"title":"[DESCARGA AQU\u00cd] Bolet\u00edn N\u00ba1 de PAR Explora Magallanes y Ant\u00e1rtica Chilena - Magallanes","robots":{"index":"index","follow":"follow","max-snippet":"max-snippet:-1","max-image-preview":"max-image-preview:large","max-video-preview":"max-video-preview:-1"},"canonical":"https:\/\/dev.explora.cl\/magallanes\/descarga-aqui-boletin-n-1-de-par-explora-magallanes-y-antartica-chilena\/","og_locale":"es_ES","og_type":"article","og_title":"[DESCARGA AQU\u00cd] Bolet\u00edn N\u00ba1 de PAR Explora Magallanes y Ant\u00e1rtica Chilena - Magallanes","og_description":"En esta edici\u00f3n podr\u00e1n revisar: &#8211; Entrevista realizada a Karla Mart\u00ednez y Armando Sep\u00falveda, cient\u00edficos mexicanos que est\u00e1n investigando los ciclos del Metano y el Cambio Clim\u00e1tico. &#8211; Escolares realizan fecundaci\u00f3n in vitro en laboratorios de la UMAG &#8211; Profesores y Educadoras se Capacitan en M\u00e9todo Cient\u00edfico &#8211; Agrupaci\u00f3n Manos de Hermanos Participa en el [&hellip;]","og_url":"https:\/\/dev.explora.cl\/magallanes\/descarga-aqui-boletin-n-1-de-par-explora-magallanes-y-antartica-chilena\/","og_site_name":"Magallanes","article_published_time":"2016-06-10T04:00:00+00:00","article_modified_time":"2019-05-20T21:38:14+00:00","og_image":[{"width":1654,"height":2540,"url":"https:\/\/dev.explora.cl\/magallanes\/wp-content\/uploads\/sites\/19\/2018\/06\/0001.jpg","type":"image\/jpeg"}],"author":"webman","twitter_card":"summary_large_image","twitter_misc":{"Escrito por":"webman","Tiempo estimado de lectura":"1 minuto"},"schema":{"@context":"https:\/\/schema.org","@graph":[{"@type":"Article","@id":"https:\/\/dev.explora.cl\/magallanes\/descarga-aqui-boletin-n-1-de-par-explora-magallanes-y-antartica-chilena\/#article","isPartOf":{"@id":"https:\/\/dev.explora.cl\/magallanes\/descarga-aqui-boletin-n-1-de-par-explora-magallanes-y-antartica-chilena\/"},"author":{"name":"webman","@id":"https:\/\/dev.explora.cl\/magallanes\/#\/schema\/person\/cb8349c13ea2d324080adf8480d7ba5d"},"headline":"[DESCARGA AQU\u00cd] Bolet\u00edn N\u00ba1 de PAR Explora Magallanes y Ant\u00e1rtica Chilena","datePublished":"2016-06-10T04:00:00+00:00","dateModified":"2019-05-20T21:38:14+00:00","mainEntityOfPage":{"@id":"https:\/\/dev.explora.cl\/magallanes\/descarga-aqui-boletin-n-1-de-par-explora-magallanes-y-antartica-chilena\/"},"wordCount":137,"commentCount":0,"publisher":{"@id":"https:\/\/dev.explora.cl\/magallanes\/#organization"},"image":{"@id":"https:\/\/dev.explora.cl\/magallanes\/descarga-aqui-boletin-n-1-de-par-explora-magallanes-y-antartica-chilena\/#primaryimage"},"thumbnailUrl":"https:\/\/dev.explora.cl\/magallanes\/wp-content\/uploads\/sites\/19\/2018\/06\/0001.jpg","articleSection":["Noticias"],"inLanguage":"es-CL","potentialAction":[{"@type":"CommentAction","name":"Comment","target":["https:\/\/dev.explora.cl\/magallanes\/descarga-aqui-boletin-n-1-de-par-explora-magallanes-y-antartica-chilena\/#respond"]}]},{"@type":"WebPage","@id":"https:\/\/dev.explora.cl\/magallanes\/descarga-aqui-boletin-n-1-de-par-explora-magallanes-y-antartica-chilena\/","url":"https:\/\/dev.explora.cl\/magallanes\/descarga-aqui-boletin-n-1-de-par-explora-magallanes-y-antartica-chilena\/","name":"[DESCARGA AQU\u00cd] Bolet\u00edn N\u00ba1 de PAR Explora Magallanes y Ant\u00e1rtica Chilena - Magallanes","isPartOf":{"@id":"https:\/\/dev.explora.cl\/magallanes\/#website"},"primaryImageOfPage":{"@id":"https:\/\/dev.explora.cl\/magallanes\/descarga-aqui-boletin-n-1-de-par-explora-magallanes-y-antartica-chilena\/#primaryimage"},"image":{"@id":"https:\/\/dev.explora.cl\/magallanes\/descarga-aqui-boletin-n-1-de-par-explora-magallanes-y-antartica-chilena\/#primaryimage"},"thumbnailUrl":"https:\/\/dev.explora.cl\/magallanes\/wp-content\/uploads\/sites\/19\/2018\/06\/0001.jpg","datePublished":"2016-06-10T04:00:00+00:00","dateModified":"2019-05-20T21:38:14+00:00","breadcrumb":{"@id":"https:\/\/dev.explora.cl\/magallanes\/descarga-aqui-boletin-n-1-de-par-explora-magallanes-y-antartica-chilena\/#breadcrumb"},"inLanguage":"es-CL","potentialAction":[{"@type":"ReadAction","target":["https:\/\/dev.explora.cl\/magallanes\/descarga-aqui-boletin-n-1-de-par-explora-magallanes-y-antartica-chilena\/"]}]},{"@type":"ImageObject","inLanguage":"es-CL","@id":"https:\/\/dev.explora.cl\/magallanes\/descarga-aqui-boletin-n-1-de-par-explora-magallanes-y-antartica-chilena\/#primaryimage","url":"https:\/\/dev.explora.cl\/magallanes\/wp-content\/uploads\/sites\/19\/2018\/06\/0001.jpg","contentUrl":"https:\/\/dev.explora.cl\/magallanes\/wp-content\/uploads\/sites\/19\/2018\/06\/0001.jpg","width":1654,"height":2540},{"@type":"BreadcrumbList","@id":"https:\/\/dev.explora.cl\/magallanes\/descarga-aqui-boletin-n-1-de-par-explora-magallanes-y-antartica-chilena\/#breadcrumb","itemListElement":[{"@type":"ListItem","position":1,"name":"Portada","item":"https:\/\/dev.explora.cl\/magallanes\/"},{"@type":"ListItem","position":2,"name":"[DESCARGA AQU\u00cd] Bolet\u00edn N\u00ba1 de PAR Explora Magallanes y Ant\u00e1rtica Chilena"}]},{"@type":"WebSite","@id":"https:\/\/dev.explora.cl\/magallanes\/#website","url":"https:\/\/dev.explora.cl\/magallanes\/","name":"Magallanes","description":"Otro sitio m\u00e1s de dev.explora.cl","publisher":{"@id":"https:\/\/dev.explora.cl\/magallanes\/#organization"},"potentialAction":[{"@type":"SearchAction","target":{"@type":"EntryPoint","urlTemplate":"https:\/\/dev.explora.cl\/magallanes\/?s={search_term_string}"},"query-input":{"@type":"PropertyValueSpecification","valueRequired":true,"valueName":"search_term_string"}}],"inLanguage":"es-CL"},{"@type":"Organization","@id":"https:\/\/dev.explora.cl\/magallanes\/#organization","name":"Magallanes","url":"https:\/\/dev.explora.cl\/magallanes\/","logo":{"@type":"ImageObject","inLanguage":"es-CL","@id":"https:\/\/dev.explora.cl\/magallanes\/#\/schema\/logo\/image\/","url":"https:\/\/dev.explora.cl\/magallanes\/wp-content\/uploads\/sites\/19\/2021\/06\/cropped-ICONO-COLOR-2.jpg","contentUrl":"https:\/\/dev.explora.cl\/magallanes\/wp-content\/uploads\/sites\/19\/2021\/06\/cropped-ICONO-COLOR-2.jpg","width":1181,"height":1181,"caption":"Magallanes"},"image":{"@id":"https:\/\/dev.explora.cl\/magallanes\/#\/schema\/logo\/image\/"}},{"@type":"Person","@id":"https:\/\/dev.explora.cl\/magallanes\/#\/schema\/person\/cb8349c13ea2d324080adf8480d7ba5d","name":"webman","image":{"@type":"ImageObject","inLanguage":"es-CL","@id":"https:\/\/dev.explora.cl\/magallanes\/#\/schema\/person\/image\/","url":"https:\/\/secure.gravatar.com\/avatar\/eeff3c82f2c02f7177d13663b7e6f890e9a6a0647ce9bb29cae02dcb094c7312?s=96&d=mm&r=g","contentUrl":"https:\/\/secure.gravatar.com\/avatar\/eeff3c82f2c02f7177d13663b7e6f890e9a6a0647ce9bb29cae02dcb094c7312?s=96&d=mm&r=g","caption":"webman"},"url":"https:\/\/dev.explora.cl\/magallanes\/author\/webman\/"}]}},"_links":{"self":[{"href":"https:\/\/dev.explora.cl\/magallanes\/wp-json\/wp\/v2\/posts\/377","targetHints":{"allow":["GET"]}}],"collection":[{"href":"https:\/\/dev.explora.cl\/magallanes\/wp-json\/wp\/v2\/posts"}],"about":[{"href":"https:\/\/dev.explora.cl\/magallanes\/wp-json\/wp\/v2\/types\/post"}],"author":[{"embeddable":true,"href":"https:\/\/dev.explora.cl\/magallanes\/wp-json\/wp\/v2\/users\/2"}],"replies":[{"embeddable":true,"href":"https:\/\/dev.explora.cl\/magallanes\/wp-json\/wp\/v2\/comments?post=377"}],"version-history":[{"count":1,"href":"https:\/\/dev.explora.cl\/magallanes\/wp-json\/wp\/v2\/posts\/377\/revisions"}],"predecessor-version":[{"id":37855,"href":"https:\/\/dev.explora.cl\/magallanes\/wp-json\/wp\/v2\/posts\/377\/revisions\/37855"}],"wp:featuredmedia":[{"embeddable":true,"href":"https:\/\/dev.explora.cl\/magallanes\/wp-json\/wp\/v2\/media\/378"}],"wp:attachment":[{"href":"https:\/\/dev.explora.cl\/magallanes\/wp-json\/wp\/v2\/media?parent=377"}],"wp:term":[{"taxonomy":"category","embeddable":true,"href":"https:\/\/dev.explora.cl\/magallanes\/wp-json\/wp\/v2\/categories?post=377"},{"taxonomy":"post_tag","embeddable":true,"href":"https:\/\/dev.explora.cl\/magallanes\/wp-json\/wp\/v2\/tags?post=377"}],"curies":[{"name":"wp","href":"https:\/\/api.w.org\/{rel}","templated":true}]}}