{"id":37562,"date":"2015-01-11T00:00:00","date_gmt":"2015-01-11T04:00:00","guid":{"rendered":"https:\/\/dev.explora.cl\/magallanes\/blog\/2015\/01\/11\/200-personas-participan-en-cicletada-de-explora\/"},"modified":"2019-05-20T21:40:21","modified_gmt":"2019-05-20T21:40:21","slug":"200-personas-participan-en-cicletada-de-explora","status":"publish","type":"post","link":"https:\/\/dev.explora.cl\/magallanes\/200-personas-participan-en-cicletada-de-explora\/","title":{"rendered":"200 personas participan en cicletada de Explora"},"content":{"rendered":"<p><img loading=\"lazy\" decoding=\"async\" class=\" size-full wp-image-8410\" src=\"http:\/\/ec2-34-218-253-251.us-west-2.compute.amazonaws.com\/wp-content\/uploads\/2015\/01\/e2e115291caecd139c30bfc952dfef42.jpg\" alt=\"\" width=\"700\" height=\"619\" \/><\/p>\n<p style=\"text-align: justify\">Pasadas las 11 de la ma\u00f1ana de este s\u00e1bado se dio el vamos a la cicletada organizada por el PAR EXPLORA Magallanes y Ant\u00e1rtica Chilena.<\/p>\n<p style=\"text-align: justify\">El recorrido parti\u00f3 en la Plaza de Armas, baj\u00f3 por calle Roca y continu\u00f3 por la Costanera del Estrecho, para finalizar en la Universidad de Magallanes. Aunque las condiciones clim\u00e1ticas no fueron favorables, en la misma participaron m\u00e1s o menos, 200 personas.<\/p>\n<p style=\"text-align: justify\">Esta fue una de las actividades con las que se dio fin al Campamento Cient\u00edfico Escolar 2015, tras 6 d\u00edas de funcionamiento.<\/p>\n<p style=\"text-align: justify\">Natalia Cabrera fue una de las mam\u00e1s que particip\u00f3 en la cicletada, junto a su hija Camila Valdivia. Para esta ni\u00f1a que a partir de marzo comienza su tercero b\u00e1sico, la actividad de hoy fue la que m\u00e1s le gust\u00f3 de esta semana de aprendizajes. Natalia cree que \u201ces una iniciativa s\u00faper entretenida para los chicos, para que se incentiven a hacer deporte\u201d.<\/p>\n<p style=\"text-align: justify\">Franco Vera es la cuarta vez que participa en la cicletada, pero este a\u00f1o lo hizo junto a sus padres y su hermano menor, Nicol\u00e1s, que a\u00fan no sabe andar en bicicleta, pero que pudo hacer el recorrido gracias al trail gator, un tipo de remolque para ni\u00f1os peque\u00f1os, que permite que monten su bici acoplada a la de un adulto.<\/p>\n<p style=\"text-align: justify\">Yerko Vera, el padre, coment\u00f3 que es primera vez que vienen juntos, y que aunque fue una experiencia dif\u00edcil por las condiciones clim\u00e1ticas, principalmente el viento, \u201ces bueno participar en familia y es buena la convocatoria\u201d.<\/p>\n<p style=\"text-align: justify\">A su llegada a la UMAG los asistentes pudieron ver la exposici\u00f3n de los trabajos finales, en el patio central de la Facultad de Ingenier\u00eda. Tras esto, las actividades se trasladaron al gimnasio.<\/p>\n<p style=\"text-align: justify\">All\u00ed los talleres <em>Explorines<\/em>, <em>Explora con Lupa<\/em> y <em>Teatro y entorno<\/em> hicieron sus presentaciones art\u00edsticas. Los integrantes de este \u00faltimo deleitaron al p\u00fablico presente con el montaje teatral <em>Salvemos nuestras aves<\/em>.<\/p>\n<p style=\"text-align: justify\">Uno de los protagonistas de la obra fue Fabi\u00e1n Morales, que tiene 13 a\u00f1os. \u00c9l participa en el Campamento Cient\u00edfico Escolar desde que ten\u00eda 6 a\u00f1os. Fabi\u00e1n piensa seguir asistiendo a esta instancia las pr\u00f3ximas vacaciones, \u201cporque uno puede tener varias relaciones, varios amigos\u2026 se pasa bien\u201d.<\/p>\n<p style=\"text-align: justify\">Los dos hijos de Patricia Bravo es primera vez que asisten. Ella opina que adem\u00e1s de todo lo que aprendieron \u201cle dio la oportunidad de interactuar con otras personas, con otros ni\u00f1os, de otros colegios, y le sac\u00f3 hartas cosas de su personalidad, que yo no conoc\u00eda; as\u00ed que estoy contenta por todo lo que aprendieron y porque le ayuda en la personalidad\u201d.<\/p>\n<p style=\"text-align: justify\">Para Elena Melo esta es una actividad que siempre agenda en su calendario anual. Su hijo Daniel viene desde hace a\u00f1os a los talleres EXPLORA. \u201cPara \u00e9l ha sido tremendamente significativo estar en este grupo. A m\u00ed me emociona y me llama mucho la atenci\u00f3n que cada a\u00f1o se ha cautivado para venir ac\u00e1\u201d, confes\u00f3.<\/p>\n<p style=\"text-align: justify\">Durante el Campamento Cient\u00edfico Escolar estudiantes de la regi\u00f3n pudieron asistir a una oferta de 17 talleres, en los que participaron 450 ni\u00f1os, desde los 4 y hasta los 17 a\u00f1os.\u00a0<\/p>\n","protected":false},"excerpt":{"rendered":"<p>Pasadas las 11 de la ma\u00f1ana de este s\u00e1bado se dio el vamos a la cicletada organizada por el PAR EXPLORA Magallanes y Ant\u00e1rtica Chilena. El recorrido parti\u00f3 en la Plaza de Armas, baj\u00f3 por calle Roca y continu\u00f3 por la Costanera del Estrecho, para finalizar en la Universidad de Magallanes. Aunque las condiciones clim\u00e1ticas [&hellip;]<\/p>\n","protected":false},"author":2,"featured_media":33794,"comment_status":"open","ping_status":"open","sticky":false,"template":"","format":"standard","meta":{"_acf_changed":false,"_exactmetrics_skip_tracking":false,"_exactmetrics_sitenote_active":false,"_exactmetrics_sitenote_note":"","_exactmetrics_sitenote_category":0,"footnotes":"","_links_to":"","_links_to_target":""},"categories":[4],"tags":[159],"class_list":["post-37562","post","type-post","status-publish","format-standard","has-post-thumbnail","hentry","category-noticias","tag-campamento"],"acf":[],"yoast_head":"<!-- This site is optimized with the Yoast SEO plugin v26.7 - https:\/\/yoast.com\/wordpress\/plugins\/seo\/ -->\n<title>200 personas participan en cicletada de Explora - Magallanes<\/title>\n<meta name=\"robots\" content=\"index, follow, max-snippet:-1, max-image-preview:large, max-video-preview:-1\" \/>\n<link rel=\"canonical\" href=\"https:\/\/dev.explora.cl\/magallanes\/200-personas-participan-en-cicletada-de-explora\/\" class=\"yoast-seo-meta-tag\" \/>\n<meta property=\"og:locale\" content=\"es_ES\" class=\"yoast-seo-meta-tag\" \/>\n<meta property=\"og:type\" content=\"article\" class=\"yoast-seo-meta-tag\" \/>\n<meta property=\"og:title\" content=\"200 personas participan en cicletada de Explora - Magallanes\" class=\"yoast-seo-meta-tag\" \/>\n<meta property=\"og:description\" content=\"Pasadas las 11 de la ma\u00f1ana de este s\u00e1bado se dio el vamos a la cicletada organizada por el PAR EXPLORA Magallanes y Ant\u00e1rtica Chilena. El recorrido parti\u00f3 en la Plaza de Armas, baj\u00f3 por calle Roca y continu\u00f3 por la Costanera del Estrecho, para finalizar en la Universidad de Magallanes. Aunque las condiciones clim\u00e1ticas [&hellip;]\" class=\"yoast-seo-meta-tag\" \/>\n<meta property=\"og:url\" content=\"https:\/\/dev.explora.cl\/magallanes\/200-personas-participan-en-cicletada-de-explora\/\" class=\"yoast-seo-meta-tag\" \/>\n<meta property=\"og:site_name\" content=\"Magallanes\" class=\"yoast-seo-meta-tag\" \/>\n<meta property=\"article:published_time\" content=\"2015-01-11T04:00:00+00:00\" class=\"yoast-seo-meta-tag\" \/>\n<meta property=\"article:modified_time\" content=\"2019-05-20T21:40:21+00:00\" class=\"yoast-seo-meta-tag\" \/>\n<meta property=\"og:image\" content=\"https:\/\/dev.explora.cl\/magallanes\/wp-content\/uploads\/sites\/19\/2018\/06\/e2e115291caecd139c30bfc952dfef42.jpg\" class=\"yoast-seo-meta-tag\" \/>\n\t<meta property=\"og:image:width\" content=\"700\" class=\"yoast-seo-meta-tag\" \/>\n\t<meta property=\"og:image:height\" content=\"619\" class=\"yoast-seo-meta-tag\" \/>\n\t<meta property=\"og:image:type\" content=\"image\/jpeg\" class=\"yoast-seo-meta-tag\" \/>\n<meta name=\"author\" content=\"webman\" class=\"yoast-seo-meta-tag\" \/>\n<meta name=\"twitter:card\" content=\"summary_large_image\" class=\"yoast-seo-meta-tag\" \/>\n<meta name=\"twitter:label1\" content=\"Escrito por\" class=\"yoast-seo-meta-tag\" \/>\n\t<meta name=\"twitter:data1\" content=\"webman\" class=\"yoast-seo-meta-tag\" \/>\n\t<meta name=\"twitter:label2\" content=\"Tiempo estimado de lectura\" class=\"yoast-seo-meta-tag\" \/>\n\t<meta name=\"twitter:data2\" content=\"3 minutos\" class=\"yoast-seo-meta-tag\" \/>\n<script type=\"application\/ld+json\" class=\"yoast-schema-graph\">{\"@context\":\"https:\/\/schema.org\",\"@graph\":[{\"@type\":\"Article\",\"@id\":\"https:\/\/dev.explora.cl\/magallanes\/200-personas-participan-en-cicletada-de-explora\/#article\",\"isPartOf\":{\"@id\":\"https:\/\/dev.explora.cl\/magallanes\/200-personas-participan-en-cicletada-de-explora\/\"},\"author\":{\"name\":\"webman\",\"@id\":\"https:\/\/dev.explora.cl\/magallanes\/#\/schema\/person\/cb8349c13ea2d324080adf8480d7ba5d\"},\"headline\":\"200 personas participan en cicletada de Explora\",\"datePublished\":\"2015-01-11T04:00:00+00:00\",\"dateModified\":\"2019-05-20T21:40:21+00:00\",\"mainEntityOfPage\":{\"@id\":\"https:\/\/dev.explora.cl\/magallanes\/200-personas-participan-en-cicletada-de-explora\/\"},\"wordCount\":545,\"commentCount\":0,\"publisher\":{\"@id\":\"https:\/\/dev.explora.cl\/magallanes\/#organization\"},\"image\":{\"@id\":\"https:\/\/dev.explora.cl\/magallanes\/200-personas-participan-en-cicletada-de-explora\/#primaryimage\"},\"thumbnailUrl\":\"https:\/\/dev.explora.cl\/magallanes\/wp-content\/uploads\/sites\/19\/2018\/06\/e2e115291caecd139c30bfc952dfef42.jpg\",\"keywords\":[\"campamento\"],\"articleSection\":[\"Noticias\"],\"inLanguage\":\"es-CL\",\"potentialAction\":[{\"@type\":\"CommentAction\",\"name\":\"Comment\",\"target\":[\"https:\/\/dev.explora.cl\/magallanes\/200-personas-participan-en-cicletada-de-explora\/#respond\"]}]},{\"@type\":\"WebPage\",\"@id\":\"https:\/\/dev.explora.cl\/magallanes\/200-personas-participan-en-cicletada-de-explora\/\",\"url\":\"https:\/\/dev.explora.cl\/magallanes\/200-personas-participan-en-cicletada-de-explora\/\",\"name\":\"200 personas participan en cicletada de Explora - Magallanes\",\"isPartOf\":{\"@id\":\"https:\/\/dev.explora.cl\/magallanes\/#website\"},\"primaryImageOfPage\":{\"@id\":\"https:\/\/dev.explora.cl\/magallanes\/200-personas-participan-en-cicletada-de-explora\/#primaryimage\"},\"image\":{\"@id\":\"https:\/\/dev.explora.cl\/magallanes\/200-personas-participan-en-cicletada-de-explora\/#primaryimage\"},\"thumbnailUrl\":\"https:\/\/dev.explora.cl\/magallanes\/wp-content\/uploads\/sites\/19\/2018\/06\/e2e115291caecd139c30bfc952dfef42.jpg\",\"datePublished\":\"2015-01-11T04:00:00+00:00\",\"dateModified\":\"2019-05-20T21:40:21+00:00\",\"breadcrumb\":{\"@id\":\"https:\/\/dev.explora.cl\/magallanes\/200-personas-participan-en-cicletada-de-explora\/#breadcrumb\"},\"inLanguage\":\"es-CL\",\"potentialAction\":[{\"@type\":\"ReadAction\",\"target\":[\"https:\/\/dev.explora.cl\/magallanes\/200-personas-participan-en-cicletada-de-explora\/\"]}]},{\"@type\":\"ImageObject\",\"inLanguage\":\"es-CL\",\"@id\":\"https:\/\/dev.explora.cl\/magallanes\/200-personas-participan-en-cicletada-de-explora\/#primaryimage\",\"url\":\"https:\/\/dev.explora.cl\/magallanes\/wp-content\/uploads\/sites\/19\/2018\/06\/e2e115291caecd139c30bfc952dfef42.jpg\",\"contentUrl\":\"https:\/\/dev.explora.cl\/magallanes\/wp-content\/uploads\/sites\/19\/2018\/06\/e2e115291caecd139c30bfc952dfef42.jpg\",\"width\":700,\"height\":619},{\"@type\":\"BreadcrumbList\",\"@id\":\"https:\/\/dev.explora.cl\/magallanes\/200-personas-participan-en-cicletada-de-explora\/#breadcrumb\",\"itemListElement\":[{\"@type\":\"ListItem\",\"position\":1,\"name\":\"Portada\",\"item\":\"https:\/\/dev.explora.cl\/magallanes\/\"},{\"@type\":\"ListItem\",\"position\":2,\"name\":\"200 personas participan en cicletada de Explora\"}]},{\"@type\":\"WebSite\",\"@id\":\"https:\/\/dev.explora.cl\/magallanes\/#website\",\"url\":\"https:\/\/dev.explora.cl\/magallanes\/\",\"name\":\"Magallanes\",\"description\":\"Otro sitio m\u00e1s de dev.explora.cl\",\"publisher\":{\"@id\":\"https:\/\/dev.explora.cl\/magallanes\/#organization\"},\"potentialAction\":[{\"@type\":\"SearchAction\",\"target\":{\"@type\":\"EntryPoint\",\"urlTemplate\":\"https:\/\/dev.explora.cl\/magallanes\/?s={search_term_string}\"},\"query-input\":{\"@type\":\"PropertyValueSpecification\",\"valueRequired\":true,\"valueName\":\"search_term_string\"}}],\"inLanguage\":\"es-CL\"},{\"@type\":\"Organization\",\"@id\":\"https:\/\/dev.explora.cl\/magallanes\/#organization\",\"name\":\"Magallanes\",\"url\":\"https:\/\/dev.explora.cl\/magallanes\/\",\"logo\":{\"@type\":\"ImageObject\",\"inLanguage\":\"es-CL\",\"@id\":\"https:\/\/dev.explora.cl\/magallanes\/#\/schema\/logo\/image\/\",\"url\":\"https:\/\/dev.explora.cl\/magallanes\/wp-content\/uploads\/sites\/19\/2021\/06\/cropped-ICONO-COLOR-2.jpg\",\"contentUrl\":\"https:\/\/dev.explora.cl\/magallanes\/wp-content\/uploads\/sites\/19\/2021\/06\/cropped-ICONO-COLOR-2.jpg\",\"width\":1181,\"height\":1181,\"caption\":\"Magallanes\"},\"image\":{\"@id\":\"https:\/\/dev.explora.cl\/magallanes\/#\/schema\/logo\/image\/\"}},{\"@type\":\"Person\",\"@id\":\"https:\/\/dev.explora.cl\/magallanes\/#\/schema\/person\/cb8349c13ea2d324080adf8480d7ba5d\",\"name\":\"webman\",\"image\":{\"@type\":\"ImageObject\",\"inLanguage\":\"es-CL\",\"@id\":\"https:\/\/dev.explora.cl\/magallanes\/#\/schema\/person\/image\/\",\"url\":\"https:\/\/secure.gravatar.com\/avatar\/eeff3c82f2c02f7177d13663b7e6f890e9a6a0647ce9bb29cae02dcb094c7312?s=96&d=mm&r=g\",\"contentUrl\":\"https:\/\/secure.gravatar.com\/avatar\/eeff3c82f2c02f7177d13663b7e6f890e9a6a0647ce9bb29cae02dcb094c7312?s=96&d=mm&r=g\",\"caption\":\"webman\"},\"url\":\"https:\/\/dev.explora.cl\/magallanes\/author\/webman\/\"}]}<\/script>\n<!-- \/ Yoast SEO plugin. -->","yoast_head_json":{"title":"200 personas participan en cicletada de Explora - Magallanes","robots":{"index":"index","follow":"follow","max-snippet":"max-snippet:-1","max-image-preview":"max-image-preview:large","max-video-preview":"max-video-preview:-1"},"canonical":"https:\/\/dev.explora.cl\/magallanes\/200-personas-participan-en-cicletada-de-explora\/","og_locale":"es_ES","og_type":"article","og_title":"200 personas participan en cicletada de Explora - Magallanes","og_description":"Pasadas las 11 de la ma\u00f1ana de este s\u00e1bado se dio el vamos a la cicletada organizada por el PAR EXPLORA Magallanes y Ant\u00e1rtica Chilena. El recorrido parti\u00f3 en la Plaza de Armas, baj\u00f3 por calle Roca y continu\u00f3 por la Costanera del Estrecho, para finalizar en la Universidad de Magallanes. Aunque las condiciones clim\u00e1ticas [&hellip;]","og_url":"https:\/\/dev.explora.cl\/magallanes\/200-personas-participan-en-cicletada-de-explora\/","og_site_name":"Magallanes","article_published_time":"2015-01-11T04:00:00+00:00","article_modified_time":"2019-05-20T21:40:21+00:00","og_image":[{"width":700,"height":619,"url":"https:\/\/dev.explora.cl\/magallanes\/wp-content\/uploads\/sites\/19\/2018\/06\/e2e115291caecd139c30bfc952dfef42.jpg","type":"image\/jpeg"}],"author":"webman","twitter_card":"summary_large_image","twitter_misc":{"Escrito por":"webman","Tiempo estimado de lectura":"3 minutos"},"schema":{"@context":"https:\/\/schema.org","@graph":[{"@type":"Article","@id":"https:\/\/dev.explora.cl\/magallanes\/200-personas-participan-en-cicletada-de-explora\/#article","isPartOf":{"@id":"https:\/\/dev.explora.cl\/magallanes\/200-personas-participan-en-cicletada-de-explora\/"},"author":{"name":"webman","@id":"https:\/\/dev.explora.cl\/magallanes\/#\/schema\/person\/cb8349c13ea2d324080adf8480d7ba5d"},"headline":"200 personas participan en cicletada de Explora","datePublished":"2015-01-11T04:00:00+00:00","dateModified":"2019-05-20T21:40:21+00:00","mainEntityOfPage":{"@id":"https:\/\/dev.explora.cl\/magallanes\/200-personas-participan-en-cicletada-de-explora\/"},"wordCount":545,"commentCount":0,"publisher":{"@id":"https:\/\/dev.explora.cl\/magallanes\/#organization"},"image":{"@id":"https:\/\/dev.explora.cl\/magallanes\/200-personas-participan-en-cicletada-de-explora\/#primaryimage"},"thumbnailUrl":"https:\/\/dev.explora.cl\/magallanes\/wp-content\/uploads\/sites\/19\/2018\/06\/e2e115291caecd139c30bfc952dfef42.jpg","keywords":["campamento"],"articleSection":["Noticias"],"inLanguage":"es-CL","potentialAction":[{"@type":"CommentAction","name":"Comment","target":["https:\/\/dev.explora.cl\/magallanes\/200-personas-participan-en-cicletada-de-explora\/#respond"]}]},{"@type":"WebPage","@id":"https:\/\/dev.explora.cl\/magallanes\/200-personas-participan-en-cicletada-de-explora\/","url":"https:\/\/dev.explora.cl\/magallanes\/200-personas-participan-en-cicletada-de-explora\/","name":"200 personas participan en cicletada de Explora - Magallanes","isPartOf":{"@id":"https:\/\/dev.explora.cl\/magallanes\/#website"},"primaryImageOfPage":{"@id":"https:\/\/dev.explora.cl\/magallanes\/200-personas-participan-en-cicletada-de-explora\/#primaryimage"},"image":{"@id":"https:\/\/dev.explora.cl\/magallanes\/200-personas-participan-en-cicletada-de-explora\/#primaryimage"},"thumbnailUrl":"https:\/\/dev.explora.cl\/magallanes\/wp-content\/uploads\/sites\/19\/2018\/06\/e2e115291caecd139c30bfc952dfef42.jpg","datePublished":"2015-01-11T04:00:00+00:00","dateModified":"2019-05-20T21:40:21+00:00","breadcrumb":{"@id":"https:\/\/dev.explora.cl\/magallanes\/200-personas-participan-en-cicletada-de-explora\/#breadcrumb"},"inLanguage":"es-CL","potentialAction":[{"@type":"ReadAction","target":["https:\/\/dev.explora.cl\/magallanes\/200-personas-participan-en-cicletada-de-explora\/"]}]},{"@type":"ImageObject","inLanguage":"es-CL","@id":"https:\/\/dev.explora.cl\/magallanes\/200-personas-participan-en-cicletada-de-explora\/#primaryimage","url":"https:\/\/dev.explora.cl\/magallanes\/wp-content\/uploads\/sites\/19\/2018\/06\/e2e115291caecd139c30bfc952dfef42.jpg","contentUrl":"https:\/\/dev.explora.cl\/magallanes\/wp-content\/uploads\/sites\/19\/2018\/06\/e2e115291caecd139c30bfc952dfef42.jpg","width":700,"height":619},{"@type":"BreadcrumbList","@id":"https:\/\/dev.explora.cl\/magallanes\/200-personas-participan-en-cicletada-de-explora\/#breadcrumb","itemListElement":[{"@type":"ListItem","position":1,"name":"Portada","item":"https:\/\/dev.explora.cl\/magallanes\/"},{"@type":"ListItem","position":2,"name":"200 personas participan en cicletada de Explora"}]},{"@type":"WebSite","@id":"https:\/\/dev.explora.cl\/magallanes\/#website","url":"https:\/\/dev.explora.cl\/magallanes\/","name":"Magallanes","description":"Otro sitio m\u00e1s de dev.explora.cl","publisher":{"@id":"https:\/\/dev.explora.cl\/magallanes\/#organization"},"potentialAction":[{"@type":"SearchAction","target":{"@type":"EntryPoint","urlTemplate":"https:\/\/dev.explora.cl\/magallanes\/?s={search_term_string}"},"query-input":{"@type":"PropertyValueSpecification","valueRequired":true,"valueName":"search_term_string"}}],"inLanguage":"es-CL"},{"@type":"Organization","@id":"https:\/\/dev.explora.cl\/magallanes\/#organization","name":"Magallanes","url":"https:\/\/dev.explora.cl\/magallanes\/","logo":{"@type":"ImageObject","inLanguage":"es-CL","@id":"https:\/\/dev.explora.cl\/magallanes\/#\/schema\/logo\/image\/","url":"https:\/\/dev.explora.cl\/magallanes\/wp-content\/uploads\/sites\/19\/2021\/06\/cropped-ICONO-COLOR-2.jpg","contentUrl":"https:\/\/dev.explora.cl\/magallanes\/wp-content\/uploads\/sites\/19\/2021\/06\/cropped-ICONO-COLOR-2.jpg","width":1181,"height":1181,"caption":"Magallanes"},"image":{"@id":"https:\/\/dev.explora.cl\/magallanes\/#\/schema\/logo\/image\/"}},{"@type":"Person","@id":"https:\/\/dev.explora.cl\/magallanes\/#\/schema\/person\/cb8349c13ea2d324080adf8480d7ba5d","name":"webman","image":{"@type":"ImageObject","inLanguage":"es-CL","@id":"https:\/\/dev.explora.cl\/magallanes\/#\/schema\/person\/image\/","url":"https:\/\/secure.gravatar.com\/avatar\/eeff3c82f2c02f7177d13663b7e6f890e9a6a0647ce9bb29cae02dcb094c7312?s=96&d=mm&r=g","contentUrl":"https:\/\/secure.gravatar.com\/avatar\/eeff3c82f2c02f7177d13663b7e6f890e9a6a0647ce9bb29cae02dcb094c7312?s=96&d=mm&r=g","caption":"webman"},"url":"https:\/\/dev.explora.cl\/magallanes\/author\/webman\/"}]}},"_links":{"self":[{"href":"https:\/\/dev.explora.cl\/magallanes\/wp-json\/wp\/v2\/posts\/37562","targetHints":{"allow":["GET"]}}],"collection":[{"href":"https:\/\/dev.explora.cl\/magallanes\/wp-json\/wp\/v2\/posts"}],"about":[{"href":"https:\/\/dev.explora.cl\/magallanes\/wp-json\/wp\/v2\/types\/post"}],"author":[{"embeddable":true,"href":"https:\/\/dev.explora.cl\/magallanes\/wp-json\/wp\/v2\/users\/2"}],"replies":[{"embeddable":true,"href":"https:\/\/dev.explora.cl\/magallanes\/wp-json\/wp\/v2\/comments?post=37562"}],"version-history":[{"count":1,"href":"https:\/\/dev.explora.cl\/magallanes\/wp-json\/wp\/v2\/posts\/37562\/revisions"}],"predecessor-version":[{"id":37948,"href":"https:\/\/dev.explora.cl\/magallanes\/wp-json\/wp\/v2\/posts\/37562\/revisions\/37948"}],"wp:featuredmedia":[{"embeddable":true,"href":"https:\/\/dev.explora.cl\/magallanes\/wp-json\/wp\/v2\/media\/33794"}],"wp:attachment":[{"href":"https:\/\/dev.explora.cl\/magallanes\/wp-json\/wp\/v2\/media?parent=37562"}],"wp:term":[{"taxonomy":"category","embeddable":true,"href":"https:\/\/dev.explora.cl\/magallanes\/wp-json\/wp\/v2\/categories?post=37562"},{"taxonomy":"post_tag","embeddable":true,"href":"https:\/\/dev.explora.cl\/magallanes\/wp-json\/wp\/v2\/tags?post=37562"}],"curies":[{"name":"wp","href":"https:\/\/api.w.org\/{rel}","templated":true}]}}