{"id":37554,"date":"2014-09-29T00:00:00","date_gmt":"2014-09-29T04:00:00","guid":{"rendered":"https:\/\/dev.explora.cl\/magallanes\/blog\/2014\/09\/29\/mira-el-video-del-taller-sobre-biologia-y-fisiologia-del-cerebro\/"},"modified":"2019-05-20T21:40:59","modified_gmt":"2019-05-20T21:40:59","slug":"mira-el-video-del-taller-sobre-biologia-y-fisiologia-del-cerebro","status":"publish","type":"post","link":"https:\/\/dev.explora.cl\/magallanes\/mira-el-video-del-taller-sobre-biologia-y-fisiologia-del-cerebro\/","title":{"rendered":"Mira el video del taller sobre biolog\u00eda y fisiolog\u00eda del cerebro"},"content":{"rendered":"<p><img loading=\"lazy\" decoding=\"async\" class=\" size-full wp-image-5710\" src=\"http:\/\/ec2-34-218-253-251.us-west-2.compute.amazonaws.com\/wp-content\/uploads\/2014\/09\/e4559044766b9b537a51a03a16c9872a.jpg\" alt=\"\" width=\"700\" height=\"393\" \/><\/p>\n<p>En el mes de julio vivimos esta fascinante jornada de aprendizaje de la mano del\u00a0 profesor Eliseo Campos, especialista en Biolog\u00eda Celular de la Pontificia Universidad Cat\u00f3lica de Chile.<\/p>\n<p>El taller congreg\u00f3 a estudiantes que aprendieron los secretos del cerebro con interesantes experiencias en el laboratorio.<\/p>\n<p>El trabajo quedo registrado en un video que puedes conocer haciendo click en el siguiente link: <a href=\"https:\/\/www.youtube.com\/watch?v=7ISGRyuKqKI&amp;list=PL2C8599C11F33C366\">https:\/\/www.youtube.com\/watch?v=7ISGRyuKqKI&amp;list=PL2C8599C11F33C366<\/a><\/p>\n<p>\u00a1Que lo disfrutes!<\/p>\n","protected":false},"excerpt":{"rendered":"<p>En el mes de julio vivimos esta fascinante jornada de aprendizaje de la mano del\u00a0 profesor Eliseo Campos, especialista en Biolog\u00eda Celular de la Pontificia Universidad Cat\u00f3lica de Chile. El taller congreg\u00f3 a estudiantes que aprendieron los secretos del cerebro con interesantes experiencias en el laboratorio. El trabajo quedo registrado en un video que puedes [&hellip;]<\/p>\n","protected":false},"author":2,"featured_media":37555,"comment_status":"open","ping_status":"open","sticky":false,"template":"","format":"standard","meta":{"_acf_changed":false,"_exactmetrics_skip_tracking":false,"_exactmetrics_sitenote_active":false,"_exactmetrics_sitenote_note":"","_exactmetrics_sitenote_category":0,"footnotes":"","_links_to":"","_links_to_target":""},"categories":[4],"tags":[],"class_list":["post-37554","post","type-post","status-publish","format-standard","has-post-thumbnail","hentry","category-noticias"],"acf":[],"yoast_head":"<!-- This site is optimized with the Yoast SEO plugin v26.7 - https:\/\/yoast.com\/wordpress\/plugins\/seo\/ -->\n<title>Mira el video del taller sobre biolog\u00eda y fisiolog\u00eda del cerebro - Magallanes<\/title>\n<meta name=\"robots\" content=\"index, follow, max-snippet:-1, max-image-preview:large, max-video-preview:-1\" \/>\n<link rel=\"canonical\" href=\"https:\/\/dev.explora.cl\/magallanes\/mira-el-video-del-taller-sobre-biologia-y-fisiologia-del-cerebro\/\" class=\"yoast-seo-meta-tag\" \/>\n<meta property=\"og:locale\" content=\"es_ES\" class=\"yoast-seo-meta-tag\" \/>\n<meta property=\"og:type\" content=\"article\" class=\"yoast-seo-meta-tag\" \/>\n<meta property=\"og:title\" content=\"Mira el video del taller sobre biolog\u00eda y fisiolog\u00eda del cerebro - Magallanes\" class=\"yoast-seo-meta-tag\" \/>\n<meta property=\"og:description\" content=\"En el mes de julio vivimos esta fascinante jornada de aprendizaje de la mano del\u00a0 profesor Eliseo Campos, especialista en Biolog\u00eda Celular de la Pontificia Universidad Cat\u00f3lica de Chile. El taller congreg\u00f3 a estudiantes que aprendieron los secretos del cerebro con interesantes experiencias en el laboratorio. El trabajo quedo registrado en un video que puedes [&hellip;]\" class=\"yoast-seo-meta-tag\" \/>\n<meta property=\"og:url\" content=\"https:\/\/dev.explora.cl\/magallanes\/mira-el-video-del-taller-sobre-biologia-y-fisiologia-del-cerebro\/\" class=\"yoast-seo-meta-tag\" \/>\n<meta property=\"og:site_name\" content=\"Magallanes\" class=\"yoast-seo-meta-tag\" \/>\n<meta property=\"article:published_time\" content=\"2014-09-29T04:00:00+00:00\" class=\"yoast-seo-meta-tag\" \/>\n<meta property=\"article:modified_time\" content=\"2019-05-20T21:40:59+00:00\" class=\"yoast-seo-meta-tag\" \/>\n<meta property=\"og:image\" content=\"https:\/\/dev.explora.cl\/magallanes\/wp-content\/uploads\/sites\/19\/2014\/09\/7ISGRyuKqKI.jpg\" class=\"yoast-seo-meta-tag\" \/>\n\t<meta property=\"og:image:width\" content=\"1280\" class=\"yoast-seo-meta-tag\" \/>\n\t<meta property=\"og:image:height\" content=\"720\" class=\"yoast-seo-meta-tag\" \/>\n\t<meta property=\"og:image:type\" content=\"image\/jpeg\" class=\"yoast-seo-meta-tag\" \/>\n<meta name=\"author\" content=\"webman\" class=\"yoast-seo-meta-tag\" \/>\n<meta name=\"twitter:card\" content=\"summary_large_image\" class=\"yoast-seo-meta-tag\" \/>\n<meta name=\"twitter:label1\" content=\"Escrito por\" class=\"yoast-seo-meta-tag\" \/>\n\t<meta name=\"twitter:data1\" content=\"webman\" class=\"yoast-seo-meta-tag\" \/>\n<script type=\"application\/ld+json\" class=\"yoast-schema-graph\">{\"@context\":\"https:\/\/schema.org\",\"@graph\":[{\"@type\":\"Article\",\"@id\":\"https:\/\/dev.explora.cl\/magallanes\/mira-el-video-del-taller-sobre-biologia-y-fisiologia-del-cerebro\/#article\",\"isPartOf\":{\"@id\":\"https:\/\/dev.explora.cl\/magallanes\/mira-el-video-del-taller-sobre-biologia-y-fisiologia-del-cerebro\/\"},\"author\":{\"name\":\"webman\",\"@id\":\"https:\/\/dev.explora.cl\/magallanes\/#\/schema\/person\/cb8349c13ea2d324080adf8480d7ba5d\"},\"headline\":\"Mira el video del taller sobre biolog\u00eda y fisiolog\u00eda del cerebro\",\"datePublished\":\"2014-09-29T04:00:00+00:00\",\"dateModified\":\"2019-05-20T21:40:59+00:00\",\"mainEntityOfPage\":{\"@id\":\"https:\/\/dev.explora.cl\/magallanes\/mira-el-video-del-taller-sobre-biologia-y-fisiologia-del-cerebro\/\"},\"wordCount\":94,\"commentCount\":0,\"publisher\":{\"@id\":\"https:\/\/dev.explora.cl\/magallanes\/#organization\"},\"image\":{\"@id\":\"https:\/\/dev.explora.cl\/magallanes\/mira-el-video-del-taller-sobre-biologia-y-fisiologia-del-cerebro\/#primaryimage\"},\"thumbnailUrl\":\"https:\/\/dev.explora.cl\/magallanes\/wp-content\/uploads\/sites\/19\/2014\/09\/7ISGRyuKqKI.jpg\",\"articleSection\":[\"Noticias\"],\"inLanguage\":\"es-CL\",\"potentialAction\":[{\"@type\":\"CommentAction\",\"name\":\"Comment\",\"target\":[\"https:\/\/dev.explora.cl\/magallanes\/mira-el-video-del-taller-sobre-biologia-y-fisiologia-del-cerebro\/#respond\"]}]},{\"@type\":\"WebPage\",\"@id\":\"https:\/\/dev.explora.cl\/magallanes\/mira-el-video-del-taller-sobre-biologia-y-fisiologia-del-cerebro\/\",\"url\":\"https:\/\/dev.explora.cl\/magallanes\/mira-el-video-del-taller-sobre-biologia-y-fisiologia-del-cerebro\/\",\"name\":\"Mira el video del taller sobre biolog\u00eda y fisiolog\u00eda del cerebro - Magallanes\",\"isPartOf\":{\"@id\":\"https:\/\/dev.explora.cl\/magallanes\/#website\"},\"primaryImageOfPage\":{\"@id\":\"https:\/\/dev.explora.cl\/magallanes\/mira-el-video-del-taller-sobre-biologia-y-fisiologia-del-cerebro\/#primaryimage\"},\"image\":{\"@id\":\"https:\/\/dev.explora.cl\/magallanes\/mira-el-video-del-taller-sobre-biologia-y-fisiologia-del-cerebro\/#primaryimage\"},\"thumbnailUrl\":\"https:\/\/dev.explora.cl\/magallanes\/wp-content\/uploads\/sites\/19\/2014\/09\/7ISGRyuKqKI.jpg\",\"datePublished\":\"2014-09-29T04:00:00+00:00\",\"dateModified\":\"2019-05-20T21:40:59+00:00\",\"breadcrumb\":{\"@id\":\"https:\/\/dev.explora.cl\/magallanes\/mira-el-video-del-taller-sobre-biologia-y-fisiologia-del-cerebro\/#breadcrumb\"},\"inLanguage\":\"es-CL\",\"potentialAction\":[{\"@type\":\"ReadAction\",\"target\":[\"https:\/\/dev.explora.cl\/magallanes\/mira-el-video-del-taller-sobre-biologia-y-fisiologia-del-cerebro\/\"]}]},{\"@type\":\"ImageObject\",\"inLanguage\":\"es-CL\",\"@id\":\"https:\/\/dev.explora.cl\/magallanes\/mira-el-video-del-taller-sobre-biologia-y-fisiologia-del-cerebro\/#primaryimage\",\"url\":\"https:\/\/dev.explora.cl\/magallanes\/wp-content\/uploads\/sites\/19\/2014\/09\/7ISGRyuKqKI.jpg\",\"contentUrl\":\"https:\/\/dev.explora.cl\/magallanes\/wp-content\/uploads\/sites\/19\/2014\/09\/7ISGRyuKqKI.jpg\",\"width\":1280,\"height\":720},{\"@type\":\"BreadcrumbList\",\"@id\":\"https:\/\/dev.explora.cl\/magallanes\/mira-el-video-del-taller-sobre-biologia-y-fisiologia-del-cerebro\/#breadcrumb\",\"itemListElement\":[{\"@type\":\"ListItem\",\"position\":1,\"name\":\"Portada\",\"item\":\"https:\/\/dev.explora.cl\/magallanes\/\"},{\"@type\":\"ListItem\",\"position\":2,\"name\":\"Mira el video del taller sobre biolog\u00eda y fisiolog\u00eda del cerebro\"}]},{\"@type\":\"WebSite\",\"@id\":\"https:\/\/dev.explora.cl\/magallanes\/#website\",\"url\":\"https:\/\/dev.explora.cl\/magallanes\/\",\"name\":\"Magallanes\",\"description\":\"Otro sitio m\u00e1s de dev.explora.cl\",\"publisher\":{\"@id\":\"https:\/\/dev.explora.cl\/magallanes\/#organization\"},\"potentialAction\":[{\"@type\":\"SearchAction\",\"target\":{\"@type\":\"EntryPoint\",\"urlTemplate\":\"https:\/\/dev.explora.cl\/magallanes\/?s={search_term_string}\"},\"query-input\":{\"@type\":\"PropertyValueSpecification\",\"valueRequired\":true,\"valueName\":\"search_term_string\"}}],\"inLanguage\":\"es-CL\"},{\"@type\":\"Organization\",\"@id\":\"https:\/\/dev.explora.cl\/magallanes\/#organization\",\"name\":\"Magallanes\",\"url\":\"https:\/\/dev.explora.cl\/magallanes\/\",\"logo\":{\"@type\":\"ImageObject\",\"inLanguage\":\"es-CL\",\"@id\":\"https:\/\/dev.explora.cl\/magallanes\/#\/schema\/logo\/image\/\",\"url\":\"https:\/\/dev.explora.cl\/magallanes\/wp-content\/uploads\/sites\/19\/2021\/06\/cropped-ICONO-COLOR-2.jpg\",\"contentUrl\":\"https:\/\/dev.explora.cl\/magallanes\/wp-content\/uploads\/sites\/19\/2021\/06\/cropped-ICONO-COLOR-2.jpg\",\"width\":1181,\"height\":1181,\"caption\":\"Magallanes\"},\"image\":{\"@id\":\"https:\/\/dev.explora.cl\/magallanes\/#\/schema\/logo\/image\/\"}},{\"@type\":\"Person\",\"@id\":\"https:\/\/dev.explora.cl\/magallanes\/#\/schema\/person\/cb8349c13ea2d324080adf8480d7ba5d\",\"name\":\"webman\",\"image\":{\"@type\":\"ImageObject\",\"inLanguage\":\"es-CL\",\"@id\":\"https:\/\/dev.explora.cl\/magallanes\/#\/schema\/person\/image\/\",\"url\":\"https:\/\/secure.gravatar.com\/avatar\/eeff3c82f2c02f7177d13663b7e6f890e9a6a0647ce9bb29cae02dcb094c7312?s=96&d=mm&r=g\",\"contentUrl\":\"https:\/\/secure.gravatar.com\/avatar\/eeff3c82f2c02f7177d13663b7e6f890e9a6a0647ce9bb29cae02dcb094c7312?s=96&d=mm&r=g\",\"caption\":\"webman\"},\"url\":\"https:\/\/dev.explora.cl\/magallanes\/author\/webman\/\"}]}<\/script>\n<!-- \/ Yoast SEO plugin. -->","yoast_head_json":{"title":"Mira el video del taller sobre biolog\u00eda y fisiolog\u00eda del cerebro - Magallanes","robots":{"index":"index","follow":"follow","max-snippet":"max-snippet:-1","max-image-preview":"max-image-preview:large","max-video-preview":"max-video-preview:-1"},"canonical":"https:\/\/dev.explora.cl\/magallanes\/mira-el-video-del-taller-sobre-biologia-y-fisiologia-del-cerebro\/","og_locale":"es_ES","og_type":"article","og_title":"Mira el video del taller sobre biolog\u00eda y fisiolog\u00eda del cerebro - Magallanes","og_description":"En el mes de julio vivimos esta fascinante jornada de aprendizaje de la mano del\u00a0 profesor Eliseo Campos, especialista en Biolog\u00eda Celular de la Pontificia Universidad Cat\u00f3lica de Chile. El taller congreg\u00f3 a estudiantes que aprendieron los secretos del cerebro con interesantes experiencias en el laboratorio. El trabajo quedo registrado en un video que puedes [&hellip;]","og_url":"https:\/\/dev.explora.cl\/magallanes\/mira-el-video-del-taller-sobre-biologia-y-fisiologia-del-cerebro\/","og_site_name":"Magallanes","article_published_time":"2014-09-29T04:00:00+00:00","article_modified_time":"2019-05-20T21:40:59+00:00","og_image":[{"width":1280,"height":720,"url":"https:\/\/dev.explora.cl\/magallanes\/wp-content\/uploads\/sites\/19\/2014\/09\/7ISGRyuKqKI.jpg","type":"image\/jpeg"}],"author":"webman","twitter_card":"summary_large_image","twitter_misc":{"Escrito por":"webman"},"schema":{"@context":"https:\/\/schema.org","@graph":[{"@type":"Article","@id":"https:\/\/dev.explora.cl\/magallanes\/mira-el-video-del-taller-sobre-biologia-y-fisiologia-del-cerebro\/#article","isPartOf":{"@id":"https:\/\/dev.explora.cl\/magallanes\/mira-el-video-del-taller-sobre-biologia-y-fisiologia-del-cerebro\/"},"author":{"name":"webman","@id":"https:\/\/dev.explora.cl\/magallanes\/#\/schema\/person\/cb8349c13ea2d324080adf8480d7ba5d"},"headline":"Mira el video del taller sobre biolog\u00eda y fisiolog\u00eda del cerebro","datePublished":"2014-09-29T04:00:00+00:00","dateModified":"2019-05-20T21:40:59+00:00","mainEntityOfPage":{"@id":"https:\/\/dev.explora.cl\/magallanes\/mira-el-video-del-taller-sobre-biologia-y-fisiologia-del-cerebro\/"},"wordCount":94,"commentCount":0,"publisher":{"@id":"https:\/\/dev.explora.cl\/magallanes\/#organization"},"image":{"@id":"https:\/\/dev.explora.cl\/magallanes\/mira-el-video-del-taller-sobre-biologia-y-fisiologia-del-cerebro\/#primaryimage"},"thumbnailUrl":"https:\/\/dev.explora.cl\/magallanes\/wp-content\/uploads\/sites\/19\/2014\/09\/7ISGRyuKqKI.jpg","articleSection":["Noticias"],"inLanguage":"es-CL","potentialAction":[{"@type":"CommentAction","name":"Comment","target":["https:\/\/dev.explora.cl\/magallanes\/mira-el-video-del-taller-sobre-biologia-y-fisiologia-del-cerebro\/#respond"]}]},{"@type":"WebPage","@id":"https:\/\/dev.explora.cl\/magallanes\/mira-el-video-del-taller-sobre-biologia-y-fisiologia-del-cerebro\/","url":"https:\/\/dev.explora.cl\/magallanes\/mira-el-video-del-taller-sobre-biologia-y-fisiologia-del-cerebro\/","name":"Mira el video del taller sobre biolog\u00eda y fisiolog\u00eda del cerebro - Magallanes","isPartOf":{"@id":"https:\/\/dev.explora.cl\/magallanes\/#website"},"primaryImageOfPage":{"@id":"https:\/\/dev.explora.cl\/magallanes\/mira-el-video-del-taller-sobre-biologia-y-fisiologia-del-cerebro\/#primaryimage"},"image":{"@id":"https:\/\/dev.explora.cl\/magallanes\/mira-el-video-del-taller-sobre-biologia-y-fisiologia-del-cerebro\/#primaryimage"},"thumbnailUrl":"https:\/\/dev.explora.cl\/magallanes\/wp-content\/uploads\/sites\/19\/2014\/09\/7ISGRyuKqKI.jpg","datePublished":"2014-09-29T04:00:00+00:00","dateModified":"2019-05-20T21:40:59+00:00","breadcrumb":{"@id":"https:\/\/dev.explora.cl\/magallanes\/mira-el-video-del-taller-sobre-biologia-y-fisiologia-del-cerebro\/#breadcrumb"},"inLanguage":"es-CL","potentialAction":[{"@type":"ReadAction","target":["https:\/\/dev.explora.cl\/magallanes\/mira-el-video-del-taller-sobre-biologia-y-fisiologia-del-cerebro\/"]}]},{"@type":"ImageObject","inLanguage":"es-CL","@id":"https:\/\/dev.explora.cl\/magallanes\/mira-el-video-del-taller-sobre-biologia-y-fisiologia-del-cerebro\/#primaryimage","url":"https:\/\/dev.explora.cl\/magallanes\/wp-content\/uploads\/sites\/19\/2014\/09\/7ISGRyuKqKI.jpg","contentUrl":"https:\/\/dev.explora.cl\/magallanes\/wp-content\/uploads\/sites\/19\/2014\/09\/7ISGRyuKqKI.jpg","width":1280,"height":720},{"@type":"BreadcrumbList","@id":"https:\/\/dev.explora.cl\/magallanes\/mira-el-video-del-taller-sobre-biologia-y-fisiologia-del-cerebro\/#breadcrumb","itemListElement":[{"@type":"ListItem","position":1,"name":"Portada","item":"https:\/\/dev.explora.cl\/magallanes\/"},{"@type":"ListItem","position":2,"name":"Mira el video del taller sobre biolog\u00eda y fisiolog\u00eda del cerebro"}]},{"@type":"WebSite","@id":"https:\/\/dev.explora.cl\/magallanes\/#website","url":"https:\/\/dev.explora.cl\/magallanes\/","name":"Magallanes","description":"Otro sitio m\u00e1s de dev.explora.cl","publisher":{"@id":"https:\/\/dev.explora.cl\/magallanes\/#organization"},"potentialAction":[{"@type":"SearchAction","target":{"@type":"EntryPoint","urlTemplate":"https:\/\/dev.explora.cl\/magallanes\/?s={search_term_string}"},"query-input":{"@type":"PropertyValueSpecification","valueRequired":true,"valueName":"search_term_string"}}],"inLanguage":"es-CL"},{"@type":"Organization","@id":"https:\/\/dev.explora.cl\/magallanes\/#organization","name":"Magallanes","url":"https:\/\/dev.explora.cl\/magallanes\/","logo":{"@type":"ImageObject","inLanguage":"es-CL","@id":"https:\/\/dev.explora.cl\/magallanes\/#\/schema\/logo\/image\/","url":"https:\/\/dev.explora.cl\/magallanes\/wp-content\/uploads\/sites\/19\/2021\/06\/cropped-ICONO-COLOR-2.jpg","contentUrl":"https:\/\/dev.explora.cl\/magallanes\/wp-content\/uploads\/sites\/19\/2021\/06\/cropped-ICONO-COLOR-2.jpg","width":1181,"height":1181,"caption":"Magallanes"},"image":{"@id":"https:\/\/dev.explora.cl\/magallanes\/#\/schema\/logo\/image\/"}},{"@type":"Person","@id":"https:\/\/dev.explora.cl\/magallanes\/#\/schema\/person\/cb8349c13ea2d324080adf8480d7ba5d","name":"webman","image":{"@type":"ImageObject","inLanguage":"es-CL","@id":"https:\/\/dev.explora.cl\/magallanes\/#\/schema\/person\/image\/","url":"https:\/\/secure.gravatar.com\/avatar\/eeff3c82f2c02f7177d13663b7e6f890e9a6a0647ce9bb29cae02dcb094c7312?s=96&d=mm&r=g","contentUrl":"https:\/\/secure.gravatar.com\/avatar\/eeff3c82f2c02f7177d13663b7e6f890e9a6a0647ce9bb29cae02dcb094c7312?s=96&d=mm&r=g","caption":"webman"},"url":"https:\/\/dev.explora.cl\/magallanes\/author\/webman\/"}]}},"_links":{"self":[{"href":"https:\/\/dev.explora.cl\/magallanes\/wp-json\/wp\/v2\/posts\/37554","targetHints":{"allow":["GET"]}}],"collection":[{"href":"https:\/\/dev.explora.cl\/magallanes\/wp-json\/wp\/v2\/posts"}],"about":[{"href":"https:\/\/dev.explora.cl\/magallanes\/wp-json\/wp\/v2\/types\/post"}],"author":[{"embeddable":true,"href":"https:\/\/dev.explora.cl\/magallanes\/wp-json\/wp\/v2\/users\/2"}],"replies":[{"embeddable":true,"href":"https:\/\/dev.explora.cl\/magallanes\/wp-json\/wp\/v2\/comments?post=37554"}],"version-history":[{"count":1,"href":"https:\/\/dev.explora.cl\/magallanes\/wp-json\/wp\/v2\/posts\/37554\/revisions"}],"predecessor-version":[{"id":37977,"href":"https:\/\/dev.explora.cl\/magallanes\/wp-json\/wp\/v2\/posts\/37554\/revisions\/37977"}],"wp:featuredmedia":[{"embeddable":true,"href":"https:\/\/dev.explora.cl\/magallanes\/wp-json\/wp\/v2\/media\/37555"}],"wp:attachment":[{"href":"https:\/\/dev.explora.cl\/magallanes\/wp-json\/wp\/v2\/media?parent=37554"}],"wp:term":[{"taxonomy":"category","embeddable":true,"href":"https:\/\/dev.explora.cl\/magallanes\/wp-json\/wp\/v2\/categories?post=37554"},{"taxonomy":"post_tag","embeddable":true,"href":"https:\/\/dev.explora.cl\/magallanes\/wp-json\/wp\/v2\/tags?post=37554"}],"curies":[{"name":"wp","href":"https:\/\/api.w.org\/{rel}","templated":true}]}}