{"id":37550,"date":"2014-08-31T00:00:00","date_gmt":"2014-08-31T04:00:00","guid":{"rendered":"https:\/\/dev.explora.cl\/magallanes\/blog\/2014\/08\/31\/como-convertir-la-sala-de-clases-en-un-laboratorio\/"},"modified":"2019-05-20T21:41:07","modified_gmt":"2019-05-20T21:41:07","slug":"como-convertir-la-sala-de-clases-en-un-laboratorio","status":"publish","type":"post","link":"https:\/\/dev.explora.cl\/magallanes\/como-convertir-la-sala-de-clases-en-un-laboratorio\/","title":{"rendered":"C\u00f3mo convertir la sala de clases en un laboratorio"},"content":{"rendered":"<p><img loading=\"lazy\" decoding=\"async\" class=\" size-full wp-image-5043\" src=\"http:\/\/ec2-34-218-253-251.us-west-2.compute.amazonaws.com\/wp-content\/uploads\/2014\/08\/dee142320ef3bd972685f97312e47fa8.jpg\" alt=\"\" width=\"800\" height=\"383\" \/><\/p>\n<p>Ense\u00f1ar a hacer ciencias a los m\u00e1s peque\u00f1os fue el foco de un curso que recibieron educadoras de p\u00e1rvulos y docentes de diferentes niveles educacionales de la Regi\u00f3n de Magallanes. El mismo fue organizado por el PAR EXPLORA Magallanes y Ant\u00e1rtica Chilena y la empresa Bioqu\u00edmica.cl.<\/p>\n<p>En total fueron 63 educadoras de p\u00e1rvulos y asistentes de la educaci\u00f3n de Punta Arenas, Puerto Natales, Porvenir y Puerto Williams que participaron del taller \u201cMetodolog\u00eda indagatoria, conceptos generales del m\u00e9todo cient\u00edfico y su aplicaci\u00f3n en el aula\u201d.<\/p>\n<p>Carla Vega, profesora de ense\u00f1anza b\u00e1sica y de los talleres de EXPLORA en la escuela Bernardo O\u00b4Higgins de Porvenir, fue una de las docentes que asisti\u00f3 a esta actividad. Ella considera que \u201cfue un curso muy interesante, muy entretenido, din\u00e1mico y activo\u201d.<\/p>\n<p>Dentro de las tem\u00e1ticas tratadas estuvieron la importancia de la indagaci\u00f3n para las ciencias, las bases del m\u00e9todo cient\u00edfico y su ense\u00f1anza en los niveles iniciales de escolarizaci\u00f3n, en un proceso de aprendizaje que combin\u00f3 teor\u00eda y pr\u00e1ctica.<\/p>\n<p>Seg\u00fan Carla Vega, fue muy provechoso poder trabajar con los materiales para la ense\u00f1anza que posee esta empresa, que tiene entre sus \u00e1reas prioritarias, precisamente, el desarrollo de productos y la ejecuci\u00f3n de servicios para la educaci\u00f3n y\/o divulgaci\u00f3n de las ciencias. Pero ella tambi\u00e9n rescata \u201clos experimentos mostrados, las herramientas para trabajar en grupo\u201d y el poder intercambiar experiencias con los otros educadores que asistieron al taller.<\/p>\n<p>La actividad estuvo a cargo de la doctora en Qu\u00edmica, Ana Mor\u00e1n, y de la educadora diferencial Mar\u00eda Antonieta Rojas, ambas de la empresa Bioquimica.cl.<\/p>\n<p>Seg\u00fan un informe de la Organizaci\u00f3n para la Cooperaci\u00f3n y el Desarrollo Econ\u00f3micos (OCDE), en los \u00faltimos a\u00f1os \u201cChile ha conseguido avances sustanciales en la mejora de los resultados de aprendizaje, en especial en lectura, pero el desempe\u00f1o de los j\u00f3venes chilenos en matem\u00e1ticas y ciencias sigue siendo bajo\u201d. Estudios como este reflejan la importancia de convertir, cada vez m\u00e1s, las salas de clases del pa\u00eds, en un laboratorio.\u00a0<\/p>\n","protected":false},"excerpt":{"rendered":"<p>Ense\u00f1ar a hacer ciencias a los m\u00e1s peque\u00f1os fue el foco de un curso que recibieron educadoras de p\u00e1rvulos y docentes de diferentes niveles educacionales de la Regi\u00f3n de Magallanes. El mismo fue organizado por el PAR EXPLORA Magallanes y Ant\u00e1rtica Chilena y la empresa Bioqu\u00edmica.cl. En total fueron 63 educadoras de p\u00e1rvulos y asistentes [&hellip;]<\/p>\n","protected":false},"author":2,"featured_media":33784,"comment_status":"open","ping_status":"open","sticky":false,"template":"","format":"standard","meta":{"_acf_changed":false,"_exactmetrics_skip_tracking":false,"_exactmetrics_sitenote_active":false,"_exactmetrics_sitenote_note":"","_exactmetrics_sitenote_category":0,"footnotes":"","_links_to":"","_links_to_target":""},"categories":[4],"tags":[],"class_list":["post-37550","post","type-post","status-publish","format-standard","has-post-thumbnail","hentry","category-noticias"],"acf":[],"yoast_head":"<!-- This site is optimized with the Yoast SEO plugin v26.7 - https:\/\/yoast.com\/wordpress\/plugins\/seo\/ -->\n<title>C\u00f3mo convertir la sala de clases en un laboratorio - Magallanes<\/title>\n<meta name=\"robots\" content=\"index, follow, max-snippet:-1, max-image-preview:large, max-video-preview:-1\" \/>\n<link rel=\"canonical\" href=\"https:\/\/dev.explora.cl\/magallanes\/como-convertir-la-sala-de-clases-en-un-laboratorio\/\" class=\"yoast-seo-meta-tag\" \/>\n<meta property=\"og:locale\" content=\"es_ES\" class=\"yoast-seo-meta-tag\" \/>\n<meta property=\"og:type\" content=\"article\" class=\"yoast-seo-meta-tag\" \/>\n<meta property=\"og:title\" content=\"C\u00f3mo convertir la sala de clases en un laboratorio - Magallanes\" class=\"yoast-seo-meta-tag\" \/>\n<meta property=\"og:description\" content=\"Ense\u00f1ar a hacer ciencias a los m\u00e1s peque\u00f1os fue el foco de un curso que recibieron educadoras de p\u00e1rvulos y docentes de diferentes niveles educacionales de la Regi\u00f3n de Magallanes. El mismo fue organizado por el PAR EXPLORA Magallanes y Ant\u00e1rtica Chilena y la empresa Bioqu\u00edmica.cl. En total fueron 63 educadoras de p\u00e1rvulos y asistentes [&hellip;]\" class=\"yoast-seo-meta-tag\" \/>\n<meta property=\"og:url\" content=\"https:\/\/dev.explora.cl\/magallanes\/como-convertir-la-sala-de-clases-en-un-laboratorio\/\" class=\"yoast-seo-meta-tag\" \/>\n<meta property=\"og:site_name\" content=\"Magallanes\" class=\"yoast-seo-meta-tag\" \/>\n<meta property=\"article:published_time\" content=\"2014-08-31T04:00:00+00:00\" class=\"yoast-seo-meta-tag\" \/>\n<meta property=\"article:modified_time\" content=\"2019-05-20T21:41:07+00:00\" class=\"yoast-seo-meta-tag\" \/>\n<meta property=\"og:image\" content=\"https:\/\/dev.explora.cl\/magallanes\/wp-content\/uploads\/sites\/19\/2018\/06\/dee142320ef3bd972685f97312e47fa8.jpg\" class=\"yoast-seo-meta-tag\" \/>\n\t<meta property=\"og:image:width\" content=\"800\" class=\"yoast-seo-meta-tag\" \/>\n\t<meta property=\"og:image:height\" content=\"383\" class=\"yoast-seo-meta-tag\" \/>\n\t<meta property=\"og:image:type\" content=\"image\/jpeg\" class=\"yoast-seo-meta-tag\" \/>\n<meta name=\"author\" content=\"webman\" class=\"yoast-seo-meta-tag\" \/>\n<meta name=\"twitter:card\" content=\"summary_large_image\" class=\"yoast-seo-meta-tag\" \/>\n<meta name=\"twitter:label1\" content=\"Escrito por\" class=\"yoast-seo-meta-tag\" \/>\n\t<meta name=\"twitter:data1\" content=\"webman\" class=\"yoast-seo-meta-tag\" \/>\n\t<meta name=\"twitter:label2\" content=\"Tiempo estimado de lectura\" class=\"yoast-seo-meta-tag\" \/>\n\t<meta name=\"twitter:data2\" content=\"2 minutos\" class=\"yoast-seo-meta-tag\" \/>\n<script type=\"application\/ld+json\" class=\"yoast-schema-graph\">{\"@context\":\"https:\/\/schema.org\",\"@graph\":[{\"@type\":\"Article\",\"@id\":\"https:\/\/dev.explora.cl\/magallanes\/como-convertir-la-sala-de-clases-en-un-laboratorio\/#article\",\"isPartOf\":{\"@id\":\"https:\/\/dev.explora.cl\/magallanes\/como-convertir-la-sala-de-clases-en-un-laboratorio\/\"},\"author\":{\"name\":\"webman\",\"@id\":\"https:\/\/dev.explora.cl\/magallanes\/#\/schema\/person\/cb8349c13ea2d324080adf8480d7ba5d\"},\"headline\":\"C\u00f3mo convertir la sala de clases en un laboratorio\",\"datePublished\":\"2014-08-31T04:00:00+00:00\",\"dateModified\":\"2019-05-20T21:41:07+00:00\",\"mainEntityOfPage\":{\"@id\":\"https:\/\/dev.explora.cl\/magallanes\/como-convertir-la-sala-de-clases-en-un-laboratorio\/\"},\"wordCount\":382,\"commentCount\":0,\"publisher\":{\"@id\":\"https:\/\/dev.explora.cl\/magallanes\/#organization\"},\"image\":{\"@id\":\"https:\/\/dev.explora.cl\/magallanes\/como-convertir-la-sala-de-clases-en-un-laboratorio\/#primaryimage\"},\"thumbnailUrl\":\"https:\/\/dev.explora.cl\/magallanes\/wp-content\/uploads\/sites\/19\/2018\/06\/dee142320ef3bd972685f97312e47fa8.jpg\",\"articleSection\":[\"Noticias\"],\"inLanguage\":\"es-CL\",\"potentialAction\":[{\"@type\":\"CommentAction\",\"name\":\"Comment\",\"target\":[\"https:\/\/dev.explora.cl\/magallanes\/como-convertir-la-sala-de-clases-en-un-laboratorio\/#respond\"]}]},{\"@type\":\"WebPage\",\"@id\":\"https:\/\/dev.explora.cl\/magallanes\/como-convertir-la-sala-de-clases-en-un-laboratorio\/\",\"url\":\"https:\/\/dev.explora.cl\/magallanes\/como-convertir-la-sala-de-clases-en-un-laboratorio\/\",\"name\":\"C\u00f3mo convertir la sala de clases en un laboratorio - Magallanes\",\"isPartOf\":{\"@id\":\"https:\/\/dev.explora.cl\/magallanes\/#website\"},\"primaryImageOfPage\":{\"@id\":\"https:\/\/dev.explora.cl\/magallanes\/como-convertir-la-sala-de-clases-en-un-laboratorio\/#primaryimage\"},\"image\":{\"@id\":\"https:\/\/dev.explora.cl\/magallanes\/como-convertir-la-sala-de-clases-en-un-laboratorio\/#primaryimage\"},\"thumbnailUrl\":\"https:\/\/dev.explora.cl\/magallanes\/wp-content\/uploads\/sites\/19\/2018\/06\/dee142320ef3bd972685f97312e47fa8.jpg\",\"datePublished\":\"2014-08-31T04:00:00+00:00\",\"dateModified\":\"2019-05-20T21:41:07+00:00\",\"breadcrumb\":{\"@id\":\"https:\/\/dev.explora.cl\/magallanes\/como-convertir-la-sala-de-clases-en-un-laboratorio\/#breadcrumb\"},\"inLanguage\":\"es-CL\",\"potentialAction\":[{\"@type\":\"ReadAction\",\"target\":[\"https:\/\/dev.explora.cl\/magallanes\/como-convertir-la-sala-de-clases-en-un-laboratorio\/\"]}]},{\"@type\":\"ImageObject\",\"inLanguage\":\"es-CL\",\"@id\":\"https:\/\/dev.explora.cl\/magallanes\/como-convertir-la-sala-de-clases-en-un-laboratorio\/#primaryimage\",\"url\":\"https:\/\/dev.explora.cl\/magallanes\/wp-content\/uploads\/sites\/19\/2018\/06\/dee142320ef3bd972685f97312e47fa8.jpg\",\"contentUrl\":\"https:\/\/dev.explora.cl\/magallanes\/wp-content\/uploads\/sites\/19\/2018\/06\/dee142320ef3bd972685f97312e47fa8.jpg\",\"width\":800,\"height\":383},{\"@type\":\"BreadcrumbList\",\"@id\":\"https:\/\/dev.explora.cl\/magallanes\/como-convertir-la-sala-de-clases-en-un-laboratorio\/#breadcrumb\",\"itemListElement\":[{\"@type\":\"ListItem\",\"position\":1,\"name\":\"Portada\",\"item\":\"https:\/\/dev.explora.cl\/magallanes\/\"},{\"@type\":\"ListItem\",\"position\":2,\"name\":\"C\u00f3mo convertir la sala de clases en un laboratorio\"}]},{\"@type\":\"WebSite\",\"@id\":\"https:\/\/dev.explora.cl\/magallanes\/#website\",\"url\":\"https:\/\/dev.explora.cl\/magallanes\/\",\"name\":\"Magallanes\",\"description\":\"Otro sitio m\u00e1s de dev.explora.cl\",\"publisher\":{\"@id\":\"https:\/\/dev.explora.cl\/magallanes\/#organization\"},\"potentialAction\":[{\"@type\":\"SearchAction\",\"target\":{\"@type\":\"EntryPoint\",\"urlTemplate\":\"https:\/\/dev.explora.cl\/magallanes\/?s={search_term_string}\"},\"query-input\":{\"@type\":\"PropertyValueSpecification\",\"valueRequired\":true,\"valueName\":\"search_term_string\"}}],\"inLanguage\":\"es-CL\"},{\"@type\":\"Organization\",\"@id\":\"https:\/\/dev.explora.cl\/magallanes\/#organization\",\"name\":\"Magallanes\",\"url\":\"https:\/\/dev.explora.cl\/magallanes\/\",\"logo\":{\"@type\":\"ImageObject\",\"inLanguage\":\"es-CL\",\"@id\":\"https:\/\/dev.explora.cl\/magallanes\/#\/schema\/logo\/image\/\",\"url\":\"https:\/\/dev.explora.cl\/magallanes\/wp-content\/uploads\/sites\/19\/2021\/06\/cropped-ICONO-COLOR-2.jpg\",\"contentUrl\":\"https:\/\/dev.explora.cl\/magallanes\/wp-content\/uploads\/sites\/19\/2021\/06\/cropped-ICONO-COLOR-2.jpg\",\"width\":1181,\"height\":1181,\"caption\":\"Magallanes\"},\"image\":{\"@id\":\"https:\/\/dev.explora.cl\/magallanes\/#\/schema\/logo\/image\/\"}},{\"@type\":\"Person\",\"@id\":\"https:\/\/dev.explora.cl\/magallanes\/#\/schema\/person\/cb8349c13ea2d324080adf8480d7ba5d\",\"name\":\"webman\",\"image\":{\"@type\":\"ImageObject\",\"inLanguage\":\"es-CL\",\"@id\":\"https:\/\/dev.explora.cl\/magallanes\/#\/schema\/person\/image\/\",\"url\":\"https:\/\/secure.gravatar.com\/avatar\/eeff3c82f2c02f7177d13663b7e6f890e9a6a0647ce9bb29cae02dcb094c7312?s=96&d=mm&r=g\",\"contentUrl\":\"https:\/\/secure.gravatar.com\/avatar\/eeff3c82f2c02f7177d13663b7e6f890e9a6a0647ce9bb29cae02dcb094c7312?s=96&d=mm&r=g\",\"caption\":\"webman\"},\"url\":\"https:\/\/dev.explora.cl\/magallanes\/author\/webman\/\"}]}<\/script>\n<!-- \/ Yoast SEO plugin. -->","yoast_head_json":{"title":"C\u00f3mo convertir la sala de clases en un laboratorio - Magallanes","robots":{"index":"index","follow":"follow","max-snippet":"max-snippet:-1","max-image-preview":"max-image-preview:large","max-video-preview":"max-video-preview:-1"},"canonical":"https:\/\/dev.explora.cl\/magallanes\/como-convertir-la-sala-de-clases-en-un-laboratorio\/","og_locale":"es_ES","og_type":"article","og_title":"C\u00f3mo convertir la sala de clases en un laboratorio - Magallanes","og_description":"Ense\u00f1ar a hacer ciencias a los m\u00e1s peque\u00f1os fue el foco de un curso que recibieron educadoras de p\u00e1rvulos y docentes de diferentes niveles educacionales de la Regi\u00f3n de Magallanes. El mismo fue organizado por el PAR EXPLORA Magallanes y Ant\u00e1rtica Chilena y la empresa Bioqu\u00edmica.cl. En total fueron 63 educadoras de p\u00e1rvulos y asistentes [&hellip;]","og_url":"https:\/\/dev.explora.cl\/magallanes\/como-convertir-la-sala-de-clases-en-un-laboratorio\/","og_site_name":"Magallanes","article_published_time":"2014-08-31T04:00:00+00:00","article_modified_time":"2019-05-20T21:41:07+00:00","og_image":[{"width":800,"height":383,"url":"https:\/\/dev.explora.cl\/magallanes\/wp-content\/uploads\/sites\/19\/2018\/06\/dee142320ef3bd972685f97312e47fa8.jpg","type":"image\/jpeg"}],"author":"webman","twitter_card":"summary_large_image","twitter_misc":{"Escrito por":"webman","Tiempo estimado de lectura":"2 minutos"},"schema":{"@context":"https:\/\/schema.org","@graph":[{"@type":"Article","@id":"https:\/\/dev.explora.cl\/magallanes\/como-convertir-la-sala-de-clases-en-un-laboratorio\/#article","isPartOf":{"@id":"https:\/\/dev.explora.cl\/magallanes\/como-convertir-la-sala-de-clases-en-un-laboratorio\/"},"author":{"name":"webman","@id":"https:\/\/dev.explora.cl\/magallanes\/#\/schema\/person\/cb8349c13ea2d324080adf8480d7ba5d"},"headline":"C\u00f3mo convertir la sala de clases en un laboratorio","datePublished":"2014-08-31T04:00:00+00:00","dateModified":"2019-05-20T21:41:07+00:00","mainEntityOfPage":{"@id":"https:\/\/dev.explora.cl\/magallanes\/como-convertir-la-sala-de-clases-en-un-laboratorio\/"},"wordCount":382,"commentCount":0,"publisher":{"@id":"https:\/\/dev.explora.cl\/magallanes\/#organization"},"image":{"@id":"https:\/\/dev.explora.cl\/magallanes\/como-convertir-la-sala-de-clases-en-un-laboratorio\/#primaryimage"},"thumbnailUrl":"https:\/\/dev.explora.cl\/magallanes\/wp-content\/uploads\/sites\/19\/2018\/06\/dee142320ef3bd972685f97312e47fa8.jpg","articleSection":["Noticias"],"inLanguage":"es-CL","potentialAction":[{"@type":"CommentAction","name":"Comment","target":["https:\/\/dev.explora.cl\/magallanes\/como-convertir-la-sala-de-clases-en-un-laboratorio\/#respond"]}]},{"@type":"WebPage","@id":"https:\/\/dev.explora.cl\/magallanes\/como-convertir-la-sala-de-clases-en-un-laboratorio\/","url":"https:\/\/dev.explora.cl\/magallanes\/como-convertir-la-sala-de-clases-en-un-laboratorio\/","name":"C\u00f3mo convertir la sala de clases en un laboratorio - Magallanes","isPartOf":{"@id":"https:\/\/dev.explora.cl\/magallanes\/#website"},"primaryImageOfPage":{"@id":"https:\/\/dev.explora.cl\/magallanes\/como-convertir-la-sala-de-clases-en-un-laboratorio\/#primaryimage"},"image":{"@id":"https:\/\/dev.explora.cl\/magallanes\/como-convertir-la-sala-de-clases-en-un-laboratorio\/#primaryimage"},"thumbnailUrl":"https:\/\/dev.explora.cl\/magallanes\/wp-content\/uploads\/sites\/19\/2018\/06\/dee142320ef3bd972685f97312e47fa8.jpg","datePublished":"2014-08-31T04:00:00+00:00","dateModified":"2019-05-20T21:41:07+00:00","breadcrumb":{"@id":"https:\/\/dev.explora.cl\/magallanes\/como-convertir-la-sala-de-clases-en-un-laboratorio\/#breadcrumb"},"inLanguage":"es-CL","potentialAction":[{"@type":"ReadAction","target":["https:\/\/dev.explora.cl\/magallanes\/como-convertir-la-sala-de-clases-en-un-laboratorio\/"]}]},{"@type":"ImageObject","inLanguage":"es-CL","@id":"https:\/\/dev.explora.cl\/magallanes\/como-convertir-la-sala-de-clases-en-un-laboratorio\/#primaryimage","url":"https:\/\/dev.explora.cl\/magallanes\/wp-content\/uploads\/sites\/19\/2018\/06\/dee142320ef3bd972685f97312e47fa8.jpg","contentUrl":"https:\/\/dev.explora.cl\/magallanes\/wp-content\/uploads\/sites\/19\/2018\/06\/dee142320ef3bd972685f97312e47fa8.jpg","width":800,"height":383},{"@type":"BreadcrumbList","@id":"https:\/\/dev.explora.cl\/magallanes\/como-convertir-la-sala-de-clases-en-un-laboratorio\/#breadcrumb","itemListElement":[{"@type":"ListItem","position":1,"name":"Portada","item":"https:\/\/dev.explora.cl\/magallanes\/"},{"@type":"ListItem","position":2,"name":"C\u00f3mo convertir la sala de clases en un laboratorio"}]},{"@type":"WebSite","@id":"https:\/\/dev.explora.cl\/magallanes\/#website","url":"https:\/\/dev.explora.cl\/magallanes\/","name":"Magallanes","description":"Otro sitio m\u00e1s de dev.explora.cl","publisher":{"@id":"https:\/\/dev.explora.cl\/magallanes\/#organization"},"potentialAction":[{"@type":"SearchAction","target":{"@type":"EntryPoint","urlTemplate":"https:\/\/dev.explora.cl\/magallanes\/?s={search_term_string}"},"query-input":{"@type":"PropertyValueSpecification","valueRequired":true,"valueName":"search_term_string"}}],"inLanguage":"es-CL"},{"@type":"Organization","@id":"https:\/\/dev.explora.cl\/magallanes\/#organization","name":"Magallanes","url":"https:\/\/dev.explora.cl\/magallanes\/","logo":{"@type":"ImageObject","inLanguage":"es-CL","@id":"https:\/\/dev.explora.cl\/magallanes\/#\/schema\/logo\/image\/","url":"https:\/\/dev.explora.cl\/magallanes\/wp-content\/uploads\/sites\/19\/2021\/06\/cropped-ICONO-COLOR-2.jpg","contentUrl":"https:\/\/dev.explora.cl\/magallanes\/wp-content\/uploads\/sites\/19\/2021\/06\/cropped-ICONO-COLOR-2.jpg","width":1181,"height":1181,"caption":"Magallanes"},"image":{"@id":"https:\/\/dev.explora.cl\/magallanes\/#\/schema\/logo\/image\/"}},{"@type":"Person","@id":"https:\/\/dev.explora.cl\/magallanes\/#\/schema\/person\/cb8349c13ea2d324080adf8480d7ba5d","name":"webman","image":{"@type":"ImageObject","inLanguage":"es-CL","@id":"https:\/\/dev.explora.cl\/magallanes\/#\/schema\/person\/image\/","url":"https:\/\/secure.gravatar.com\/avatar\/eeff3c82f2c02f7177d13663b7e6f890e9a6a0647ce9bb29cae02dcb094c7312?s=96&d=mm&r=g","contentUrl":"https:\/\/secure.gravatar.com\/avatar\/eeff3c82f2c02f7177d13663b7e6f890e9a6a0647ce9bb29cae02dcb094c7312?s=96&d=mm&r=g","caption":"webman"},"url":"https:\/\/dev.explora.cl\/magallanes\/author\/webman\/"}]}},"_links":{"self":[{"href":"https:\/\/dev.explora.cl\/magallanes\/wp-json\/wp\/v2\/posts\/37550","targetHints":{"allow":["GET"]}}],"collection":[{"href":"https:\/\/dev.explora.cl\/magallanes\/wp-json\/wp\/v2\/posts"}],"about":[{"href":"https:\/\/dev.explora.cl\/magallanes\/wp-json\/wp\/v2\/types\/post"}],"author":[{"embeddable":true,"href":"https:\/\/dev.explora.cl\/magallanes\/wp-json\/wp\/v2\/users\/2"}],"replies":[{"embeddable":true,"href":"https:\/\/dev.explora.cl\/magallanes\/wp-json\/wp\/v2\/comments?post=37550"}],"version-history":[{"count":1,"href":"https:\/\/dev.explora.cl\/magallanes\/wp-json\/wp\/v2\/posts\/37550\/revisions"}],"predecessor-version":[{"id":37987,"href":"https:\/\/dev.explora.cl\/magallanes\/wp-json\/wp\/v2\/posts\/37550\/revisions\/37987"}],"wp:featuredmedia":[{"embeddable":true,"href":"https:\/\/dev.explora.cl\/magallanes\/wp-json\/wp\/v2\/media\/33784"}],"wp:attachment":[{"href":"https:\/\/dev.explora.cl\/magallanes\/wp-json\/wp\/v2\/media?parent=37550"}],"wp:term":[{"taxonomy":"category","embeddable":true,"href":"https:\/\/dev.explora.cl\/magallanes\/wp-json\/wp\/v2\/categories?post=37550"},{"taxonomy":"post_tag","embeddable":true,"href":"https:\/\/dev.explora.cl\/magallanes\/wp-json\/wp\/v2\/tags?post=37550"}],"curies":[{"name":"wp","href":"https:\/\/api.w.org\/{rel}","templated":true}]}}