{"id":375,"date":"2016-06-09T00:00:00","date_gmt":"2016-06-09T04:00:00","guid":{"rendered":"https:\/\/dev.explora.cl\/magallanes\/blog\/2016\/06\/09\/escolares-celebran-el-dia-mundial-del-medio-ambiente\/"},"modified":"2019-05-20T21:38:16","modified_gmt":"2019-05-20T21:38:16","slug":"escolares-celebran-el-dia-mundial-del-medio-ambiente","status":"publish","type":"post","link":"https:\/\/dev.explora.cl\/magallanes\/escolares-celebran-el-dia-mundial-del-medio-ambiente\/","title":{"rendered":"Escolares Celebran el D\u00eda Mundial del Medio Ambiente"},"content":{"rendered":"<p class=\"MsoNormal\" style=\"text-align: justify\">PAR Explora Magallanes y Ant\u00e1rtica Chilena en conjunto con el Centro Bah\u00eda Lomas celebraron el D\u00eda Mundial del Medio Ambiente con una salida a terreno al Humedal Tres Puentes y al Sendero Ecol\u00f3gico del Parque Cruz de Froward.<\/p>\n<p class=\"MsoNormal\" style=\"text-align: justify\">En la actividad participaron estudiantes de 3\u00ba y 4\u00ba B\u00e1sico de la Escuela Pedro Sarmiento Gamboa y de la Escuela Bernardo O&#8217;higgins, quienes realizaron una caminata en la que pudieron observar distintas especies de aves, como canquenes, bandurrias, pato juarjual, adem\u00e1s de \u00e1rboles nativos como el \u00f1irre, coig\u00fce, entre otros.<\/p>\n<p class=\"MsoNormal\" style=\"text-align: justify\">La actividad fue guiada por la\u00a0 Bi\u00f3loga Marina Jessica Paredes. &#8220;En el D\u00eda Mundial del Medio Ambiente quisimos realizar una caminata con los ni\u00f1os, observando el entorno y la diversidad biol\u00f3gica que nos rodea, adem\u00e1s de conversar sobre la importancia de los Humedales y de cuidar nuestro entorno&#8221;, coment\u00f3 Paredes.<\/p>\n<p class=\"MsoNormal\" style=\"text-align: justify\">\u00a0<\/p>\n","protected":false},"excerpt":{"rendered":"<p>PAR Explora Magallanes y Ant\u00e1rtica Chilena en conjunto con el Centro Bah\u00eda Lomas celebraron el D\u00eda Mundial del Medio Ambiente con una salida a terreno al Humedal Tres Puentes y al Sendero Ecol\u00f3gico del Parque Cruz de Froward. En la actividad participaron estudiantes de 3\u00ba y 4\u00ba B\u00e1sico de la Escuela Pedro Sarmiento Gamboa y [&hellip;]<\/p>\n","protected":false},"author":2,"featured_media":376,"comment_status":"open","ping_status":"open","sticky":false,"template":"","format":"standard","meta":{"_acf_changed":false,"_exactmetrics_skip_tracking":false,"_exactmetrics_sitenote_active":false,"_exactmetrics_sitenote_note":"","_exactmetrics_sitenote_category":0,"footnotes":"","_links_to":"","_links_to_target":""},"categories":[4],"tags":[],"class_list":["post-375","post","type-post","status-publish","format-standard","has-post-thumbnail","hentry","category-noticias"],"acf":[],"yoast_head":"<!-- This site is optimized with the Yoast SEO plugin v26.7 - https:\/\/yoast.com\/wordpress\/plugins\/seo\/ -->\n<title>Escolares Celebran el D\u00eda Mundial del Medio Ambiente - Magallanes<\/title>\n<meta name=\"robots\" content=\"index, follow, max-snippet:-1, max-image-preview:large, max-video-preview:-1\" \/>\n<link rel=\"canonical\" href=\"https:\/\/dev.explora.cl\/magallanes\/escolares-celebran-el-dia-mundial-del-medio-ambiente\/\" class=\"yoast-seo-meta-tag\" \/>\n<meta property=\"og:locale\" content=\"es_ES\" class=\"yoast-seo-meta-tag\" \/>\n<meta property=\"og:type\" content=\"article\" class=\"yoast-seo-meta-tag\" \/>\n<meta property=\"og:title\" content=\"Escolares Celebran el D\u00eda Mundial del Medio Ambiente - Magallanes\" class=\"yoast-seo-meta-tag\" \/>\n<meta property=\"og:description\" content=\"PAR Explora Magallanes y Ant\u00e1rtica Chilena en conjunto con el Centro Bah\u00eda Lomas celebraron el D\u00eda Mundial del Medio Ambiente con una salida a terreno al Humedal Tres Puentes y al Sendero Ecol\u00f3gico del Parque Cruz de Froward. En la actividad participaron estudiantes de 3\u00ba y 4\u00ba B\u00e1sico de la Escuela Pedro Sarmiento Gamboa y [&hellip;]\" class=\"yoast-seo-meta-tag\" \/>\n<meta property=\"og:url\" content=\"https:\/\/dev.explora.cl\/magallanes\/escolares-celebran-el-dia-mundial-del-medio-ambiente\/\" class=\"yoast-seo-meta-tag\" \/>\n<meta property=\"og:site_name\" content=\"Magallanes\" class=\"yoast-seo-meta-tag\" \/>\n<meta property=\"article:published_time\" content=\"2016-06-09T04:00:00+00:00\" class=\"yoast-seo-meta-tag\" \/>\n<meta property=\"article:modified_time\" content=\"2019-05-20T21:38:16+00:00\" class=\"yoast-seo-meta-tag\" \/>\n<meta property=\"og:image\" content=\"https:\/\/dev.explora.cl\/magallanes\/wp-content\/uploads\/sites\/19\/2018\/06\/DSC_0457-1024x678.jpg\" class=\"yoast-seo-meta-tag\" \/>\n\t<meta property=\"og:image:width\" content=\"1024\" class=\"yoast-seo-meta-tag\" \/>\n\t<meta property=\"og:image:height\" content=\"678\" class=\"yoast-seo-meta-tag\" \/>\n\t<meta property=\"og:image:type\" content=\"image\/jpeg\" class=\"yoast-seo-meta-tag\" \/>\n<meta name=\"author\" content=\"webman\" class=\"yoast-seo-meta-tag\" \/>\n<meta name=\"twitter:card\" content=\"summary_large_image\" class=\"yoast-seo-meta-tag\" \/>\n<meta name=\"twitter:label1\" content=\"Escrito por\" class=\"yoast-seo-meta-tag\" \/>\n\t<meta name=\"twitter:data1\" content=\"webman\" class=\"yoast-seo-meta-tag\" \/>\n\t<meta name=\"twitter:label2\" content=\"Tiempo estimado de lectura\" class=\"yoast-seo-meta-tag\" \/>\n\t<meta name=\"twitter:data2\" content=\"1 minuto\" class=\"yoast-seo-meta-tag\" \/>\n<script type=\"application\/ld+json\" class=\"yoast-schema-graph\">{\"@context\":\"https:\/\/schema.org\",\"@graph\":[{\"@type\":\"Article\",\"@id\":\"https:\/\/dev.explora.cl\/magallanes\/escolares-celebran-el-dia-mundial-del-medio-ambiente\/#article\",\"isPartOf\":{\"@id\":\"https:\/\/dev.explora.cl\/magallanes\/escolares-celebran-el-dia-mundial-del-medio-ambiente\/\"},\"author\":{\"name\":\"webman\",\"@id\":\"https:\/\/dev.explora.cl\/magallanes\/#\/schema\/person\/cb8349c13ea2d324080adf8480d7ba5d\"},\"headline\":\"Escolares Celebran el D\u00eda Mundial del Medio Ambiente\",\"datePublished\":\"2016-06-09T04:00:00+00:00\",\"dateModified\":\"2019-05-20T21:38:16+00:00\",\"mainEntityOfPage\":{\"@id\":\"https:\/\/dev.explora.cl\/magallanes\/escolares-celebran-el-dia-mundial-del-medio-ambiente\/\"},\"wordCount\":158,\"commentCount\":0,\"publisher\":{\"@id\":\"https:\/\/dev.explora.cl\/magallanes\/#organization\"},\"image\":{\"@id\":\"https:\/\/dev.explora.cl\/magallanes\/escolares-celebran-el-dia-mundial-del-medio-ambiente\/#primaryimage\"},\"thumbnailUrl\":\"https:\/\/dev.explora.cl\/magallanes\/wp-content\/uploads\/sites\/19\/2018\/06\/DSC_0457.jpg\",\"articleSection\":[\"Noticias\"],\"inLanguage\":\"es-CL\",\"potentialAction\":[{\"@type\":\"CommentAction\",\"name\":\"Comment\",\"target\":[\"https:\/\/dev.explora.cl\/magallanes\/escolares-celebran-el-dia-mundial-del-medio-ambiente\/#respond\"]}]},{\"@type\":\"WebPage\",\"@id\":\"https:\/\/dev.explora.cl\/magallanes\/escolares-celebran-el-dia-mundial-del-medio-ambiente\/\",\"url\":\"https:\/\/dev.explora.cl\/magallanes\/escolares-celebran-el-dia-mundial-del-medio-ambiente\/\",\"name\":\"Escolares Celebran el D\u00eda Mundial del Medio Ambiente - Magallanes\",\"isPartOf\":{\"@id\":\"https:\/\/dev.explora.cl\/magallanes\/#website\"},\"primaryImageOfPage\":{\"@id\":\"https:\/\/dev.explora.cl\/magallanes\/escolares-celebran-el-dia-mundial-del-medio-ambiente\/#primaryimage\"},\"image\":{\"@id\":\"https:\/\/dev.explora.cl\/magallanes\/escolares-celebran-el-dia-mundial-del-medio-ambiente\/#primaryimage\"},\"thumbnailUrl\":\"https:\/\/dev.explora.cl\/magallanes\/wp-content\/uploads\/sites\/19\/2018\/06\/DSC_0457.jpg\",\"datePublished\":\"2016-06-09T04:00:00+00:00\",\"dateModified\":\"2019-05-20T21:38:16+00:00\",\"breadcrumb\":{\"@id\":\"https:\/\/dev.explora.cl\/magallanes\/escolares-celebran-el-dia-mundial-del-medio-ambiente\/#breadcrumb\"},\"inLanguage\":\"es-CL\",\"potentialAction\":[{\"@type\":\"ReadAction\",\"target\":[\"https:\/\/dev.explora.cl\/magallanes\/escolares-celebran-el-dia-mundial-del-medio-ambiente\/\"]}]},{\"@type\":\"ImageObject\",\"inLanguage\":\"es-CL\",\"@id\":\"https:\/\/dev.explora.cl\/magallanes\/escolares-celebran-el-dia-mundial-del-medio-ambiente\/#primaryimage\",\"url\":\"https:\/\/dev.explora.cl\/magallanes\/wp-content\/uploads\/sites\/19\/2018\/06\/DSC_0457.jpg\",\"contentUrl\":\"https:\/\/dev.explora.cl\/magallanes\/wp-content\/uploads\/sites\/19\/2018\/06\/DSC_0457.jpg\",\"width\":4928,\"height\":3264},{\"@type\":\"BreadcrumbList\",\"@id\":\"https:\/\/dev.explora.cl\/magallanes\/escolares-celebran-el-dia-mundial-del-medio-ambiente\/#breadcrumb\",\"itemListElement\":[{\"@type\":\"ListItem\",\"position\":1,\"name\":\"Portada\",\"item\":\"https:\/\/dev.explora.cl\/magallanes\/\"},{\"@type\":\"ListItem\",\"position\":2,\"name\":\"Escolares Celebran el D\u00eda Mundial del Medio Ambiente\"}]},{\"@type\":\"WebSite\",\"@id\":\"https:\/\/dev.explora.cl\/magallanes\/#website\",\"url\":\"https:\/\/dev.explora.cl\/magallanes\/\",\"name\":\"Magallanes\",\"description\":\"Otro sitio m\u00e1s de dev.explora.cl\",\"publisher\":{\"@id\":\"https:\/\/dev.explora.cl\/magallanes\/#organization\"},\"potentialAction\":[{\"@type\":\"SearchAction\",\"target\":{\"@type\":\"EntryPoint\",\"urlTemplate\":\"https:\/\/dev.explora.cl\/magallanes\/?s={search_term_string}\"},\"query-input\":{\"@type\":\"PropertyValueSpecification\",\"valueRequired\":true,\"valueName\":\"search_term_string\"}}],\"inLanguage\":\"es-CL\"},{\"@type\":\"Organization\",\"@id\":\"https:\/\/dev.explora.cl\/magallanes\/#organization\",\"name\":\"Magallanes\",\"url\":\"https:\/\/dev.explora.cl\/magallanes\/\",\"logo\":{\"@type\":\"ImageObject\",\"inLanguage\":\"es-CL\",\"@id\":\"https:\/\/dev.explora.cl\/magallanes\/#\/schema\/logo\/image\/\",\"url\":\"https:\/\/dev.explora.cl\/magallanes\/wp-content\/uploads\/sites\/19\/2021\/06\/cropped-ICONO-COLOR-2.jpg\",\"contentUrl\":\"https:\/\/dev.explora.cl\/magallanes\/wp-content\/uploads\/sites\/19\/2021\/06\/cropped-ICONO-COLOR-2.jpg\",\"width\":1181,\"height\":1181,\"caption\":\"Magallanes\"},\"image\":{\"@id\":\"https:\/\/dev.explora.cl\/magallanes\/#\/schema\/logo\/image\/\"}},{\"@type\":\"Person\",\"@id\":\"https:\/\/dev.explora.cl\/magallanes\/#\/schema\/person\/cb8349c13ea2d324080adf8480d7ba5d\",\"name\":\"webman\",\"image\":{\"@type\":\"ImageObject\",\"inLanguage\":\"es-CL\",\"@id\":\"https:\/\/dev.explora.cl\/magallanes\/#\/schema\/person\/image\/\",\"url\":\"https:\/\/secure.gravatar.com\/avatar\/eeff3c82f2c02f7177d13663b7e6f890e9a6a0647ce9bb29cae02dcb094c7312?s=96&d=mm&r=g\",\"contentUrl\":\"https:\/\/secure.gravatar.com\/avatar\/eeff3c82f2c02f7177d13663b7e6f890e9a6a0647ce9bb29cae02dcb094c7312?s=96&d=mm&r=g\",\"caption\":\"webman\"},\"url\":\"https:\/\/dev.explora.cl\/magallanes\/author\/webman\/\"}]}<\/script>\n<!-- \/ Yoast SEO plugin. -->","yoast_head_json":{"title":"Escolares Celebran el D\u00eda Mundial del Medio Ambiente - Magallanes","robots":{"index":"index","follow":"follow","max-snippet":"max-snippet:-1","max-image-preview":"max-image-preview:large","max-video-preview":"max-video-preview:-1"},"canonical":"https:\/\/dev.explora.cl\/magallanes\/escolares-celebran-el-dia-mundial-del-medio-ambiente\/","og_locale":"es_ES","og_type":"article","og_title":"Escolares Celebran el D\u00eda Mundial del Medio Ambiente - Magallanes","og_description":"PAR Explora Magallanes y Ant\u00e1rtica Chilena en conjunto con el Centro Bah\u00eda Lomas celebraron el D\u00eda Mundial del Medio Ambiente con una salida a terreno al Humedal Tres Puentes y al Sendero Ecol\u00f3gico del Parque Cruz de Froward. En la actividad participaron estudiantes de 3\u00ba y 4\u00ba B\u00e1sico de la Escuela Pedro Sarmiento Gamboa y [&hellip;]","og_url":"https:\/\/dev.explora.cl\/magallanes\/escolares-celebran-el-dia-mundial-del-medio-ambiente\/","og_site_name":"Magallanes","article_published_time":"2016-06-09T04:00:00+00:00","article_modified_time":"2019-05-20T21:38:16+00:00","og_image":[{"width":1024,"height":678,"url":"https:\/\/dev.explora.cl\/magallanes\/wp-content\/uploads\/sites\/19\/2018\/06\/DSC_0457-1024x678.jpg","type":"image\/jpeg"}],"author":"webman","twitter_card":"summary_large_image","twitter_misc":{"Escrito por":"webman","Tiempo estimado de lectura":"1 minuto"},"schema":{"@context":"https:\/\/schema.org","@graph":[{"@type":"Article","@id":"https:\/\/dev.explora.cl\/magallanes\/escolares-celebran-el-dia-mundial-del-medio-ambiente\/#article","isPartOf":{"@id":"https:\/\/dev.explora.cl\/magallanes\/escolares-celebran-el-dia-mundial-del-medio-ambiente\/"},"author":{"name":"webman","@id":"https:\/\/dev.explora.cl\/magallanes\/#\/schema\/person\/cb8349c13ea2d324080adf8480d7ba5d"},"headline":"Escolares Celebran el D\u00eda Mundial del Medio Ambiente","datePublished":"2016-06-09T04:00:00+00:00","dateModified":"2019-05-20T21:38:16+00:00","mainEntityOfPage":{"@id":"https:\/\/dev.explora.cl\/magallanes\/escolares-celebran-el-dia-mundial-del-medio-ambiente\/"},"wordCount":158,"commentCount":0,"publisher":{"@id":"https:\/\/dev.explora.cl\/magallanes\/#organization"},"image":{"@id":"https:\/\/dev.explora.cl\/magallanes\/escolares-celebran-el-dia-mundial-del-medio-ambiente\/#primaryimage"},"thumbnailUrl":"https:\/\/dev.explora.cl\/magallanes\/wp-content\/uploads\/sites\/19\/2018\/06\/DSC_0457.jpg","articleSection":["Noticias"],"inLanguage":"es-CL","potentialAction":[{"@type":"CommentAction","name":"Comment","target":["https:\/\/dev.explora.cl\/magallanes\/escolares-celebran-el-dia-mundial-del-medio-ambiente\/#respond"]}]},{"@type":"WebPage","@id":"https:\/\/dev.explora.cl\/magallanes\/escolares-celebran-el-dia-mundial-del-medio-ambiente\/","url":"https:\/\/dev.explora.cl\/magallanes\/escolares-celebran-el-dia-mundial-del-medio-ambiente\/","name":"Escolares Celebran el D\u00eda Mundial del Medio Ambiente - Magallanes","isPartOf":{"@id":"https:\/\/dev.explora.cl\/magallanes\/#website"},"primaryImageOfPage":{"@id":"https:\/\/dev.explora.cl\/magallanes\/escolares-celebran-el-dia-mundial-del-medio-ambiente\/#primaryimage"},"image":{"@id":"https:\/\/dev.explora.cl\/magallanes\/escolares-celebran-el-dia-mundial-del-medio-ambiente\/#primaryimage"},"thumbnailUrl":"https:\/\/dev.explora.cl\/magallanes\/wp-content\/uploads\/sites\/19\/2018\/06\/DSC_0457.jpg","datePublished":"2016-06-09T04:00:00+00:00","dateModified":"2019-05-20T21:38:16+00:00","breadcrumb":{"@id":"https:\/\/dev.explora.cl\/magallanes\/escolares-celebran-el-dia-mundial-del-medio-ambiente\/#breadcrumb"},"inLanguage":"es-CL","potentialAction":[{"@type":"ReadAction","target":["https:\/\/dev.explora.cl\/magallanes\/escolares-celebran-el-dia-mundial-del-medio-ambiente\/"]}]},{"@type":"ImageObject","inLanguage":"es-CL","@id":"https:\/\/dev.explora.cl\/magallanes\/escolares-celebran-el-dia-mundial-del-medio-ambiente\/#primaryimage","url":"https:\/\/dev.explora.cl\/magallanes\/wp-content\/uploads\/sites\/19\/2018\/06\/DSC_0457.jpg","contentUrl":"https:\/\/dev.explora.cl\/magallanes\/wp-content\/uploads\/sites\/19\/2018\/06\/DSC_0457.jpg","width":4928,"height":3264},{"@type":"BreadcrumbList","@id":"https:\/\/dev.explora.cl\/magallanes\/escolares-celebran-el-dia-mundial-del-medio-ambiente\/#breadcrumb","itemListElement":[{"@type":"ListItem","position":1,"name":"Portada","item":"https:\/\/dev.explora.cl\/magallanes\/"},{"@type":"ListItem","position":2,"name":"Escolares Celebran el D\u00eda Mundial del Medio Ambiente"}]},{"@type":"WebSite","@id":"https:\/\/dev.explora.cl\/magallanes\/#website","url":"https:\/\/dev.explora.cl\/magallanes\/","name":"Magallanes","description":"Otro sitio m\u00e1s de dev.explora.cl","publisher":{"@id":"https:\/\/dev.explora.cl\/magallanes\/#organization"},"potentialAction":[{"@type":"SearchAction","target":{"@type":"EntryPoint","urlTemplate":"https:\/\/dev.explora.cl\/magallanes\/?s={search_term_string}"},"query-input":{"@type":"PropertyValueSpecification","valueRequired":true,"valueName":"search_term_string"}}],"inLanguage":"es-CL"},{"@type":"Organization","@id":"https:\/\/dev.explora.cl\/magallanes\/#organization","name":"Magallanes","url":"https:\/\/dev.explora.cl\/magallanes\/","logo":{"@type":"ImageObject","inLanguage":"es-CL","@id":"https:\/\/dev.explora.cl\/magallanes\/#\/schema\/logo\/image\/","url":"https:\/\/dev.explora.cl\/magallanes\/wp-content\/uploads\/sites\/19\/2021\/06\/cropped-ICONO-COLOR-2.jpg","contentUrl":"https:\/\/dev.explora.cl\/magallanes\/wp-content\/uploads\/sites\/19\/2021\/06\/cropped-ICONO-COLOR-2.jpg","width":1181,"height":1181,"caption":"Magallanes"},"image":{"@id":"https:\/\/dev.explora.cl\/magallanes\/#\/schema\/logo\/image\/"}},{"@type":"Person","@id":"https:\/\/dev.explora.cl\/magallanes\/#\/schema\/person\/cb8349c13ea2d324080adf8480d7ba5d","name":"webman","image":{"@type":"ImageObject","inLanguage":"es-CL","@id":"https:\/\/dev.explora.cl\/magallanes\/#\/schema\/person\/image\/","url":"https:\/\/secure.gravatar.com\/avatar\/eeff3c82f2c02f7177d13663b7e6f890e9a6a0647ce9bb29cae02dcb094c7312?s=96&d=mm&r=g","contentUrl":"https:\/\/secure.gravatar.com\/avatar\/eeff3c82f2c02f7177d13663b7e6f890e9a6a0647ce9bb29cae02dcb094c7312?s=96&d=mm&r=g","caption":"webman"},"url":"https:\/\/dev.explora.cl\/magallanes\/author\/webman\/"}]}},"_links":{"self":[{"href":"https:\/\/dev.explora.cl\/magallanes\/wp-json\/wp\/v2\/posts\/375","targetHints":{"allow":["GET"]}}],"collection":[{"href":"https:\/\/dev.explora.cl\/magallanes\/wp-json\/wp\/v2\/posts"}],"about":[{"href":"https:\/\/dev.explora.cl\/magallanes\/wp-json\/wp\/v2\/types\/post"}],"author":[{"embeddable":true,"href":"https:\/\/dev.explora.cl\/magallanes\/wp-json\/wp\/v2\/users\/2"}],"replies":[{"embeddable":true,"href":"https:\/\/dev.explora.cl\/magallanes\/wp-json\/wp\/v2\/comments?post=375"}],"version-history":[{"count":1,"href":"https:\/\/dev.explora.cl\/magallanes\/wp-json\/wp\/v2\/posts\/375\/revisions"}],"predecessor-version":[{"id":37858,"href":"https:\/\/dev.explora.cl\/magallanes\/wp-json\/wp\/v2\/posts\/375\/revisions\/37858"}],"wp:featuredmedia":[{"embeddable":true,"href":"https:\/\/dev.explora.cl\/magallanes\/wp-json\/wp\/v2\/media\/376"}],"wp:attachment":[{"href":"https:\/\/dev.explora.cl\/magallanes\/wp-json\/wp\/v2\/media?parent=375"}],"wp:term":[{"taxonomy":"category","embeddable":true,"href":"https:\/\/dev.explora.cl\/magallanes\/wp-json\/wp\/v2\/categories?post=375"},{"taxonomy":"post_tag","embeddable":true,"href":"https:\/\/dev.explora.cl\/magallanes\/wp-json\/wp\/v2\/tags?post=375"}],"curies":[{"name":"wp","href":"https:\/\/api.w.org\/{rel}","templated":true}]}}