{"id":37359,"date":"2019-03-08T17:00:47","date_gmt":"2019-03-08T21:00:47","guid":{"rendered":"https:\/\/dev.explora.cl\/magallanes\/?p=37359"},"modified":"2019-05-20T21:34:17","modified_gmt":"2019-05-20T21:34:17","slug":"atencion-profes-ya-estan-abiertas-las-inscripciones-para-caice-2019","status":"publish","type":"post","link":"https:\/\/dev.explora.cl\/magallanes\/atencion-profes-ya-estan-abiertas-las-inscripciones-para-caice-2019\/","title":{"rendered":"\u00a1Atenci\u00f3n profes! Ya est\u00e1n abiertas las inscripciones para CAICE 2019"},"content":{"rendered":"<p>Como cada a\u00f1o, y con el objetivo de fomentar la investigaci\u00f3n cient\u00edfica y el desarrollo de proyectos tecnol\u00f3gicos en los escolares de los distintos establecimientos educacionales de Magallanes, el Programa Explora de CONICYT, a trav\u00e9s del Proyecto Asociativo Regional (PAR) Explora de CONICYT Magallanes y Ant\u00e1rtica Chilena, ejecutado por la Universidad de Magallanes, invitan a los docentes a participar de una nueva versi\u00f3n del Concurso Regional de Clubes de Apoyo a la Investigaci\u00f3n Cient\u00edfica Escolar (CAICE).<br \/>\nEsta iniciativa busca que los profesores descubran nuevas herramientas con las cuales acercar e incentivar a sus estudiantes al mundo de las ciencias en sus distintas ramas como ciencias naturales, sociales, tecnol\u00f3gicas, entre otras. Para ello se implementar\u00e1n investigaciones escolares las que pueden ser continuaci\u00f3n de trabajos o nuevas tem\u00e1ticas a elecci\u00f3n.<br \/>\n&#8220;La ventaja de pertenecer a CAICE es que van a tener aportes de materiales para sus proyectos y el apoyo de nuestros asesores cient\u00edficos en los temas afines a los que van a investigar. Podr\u00e1n conocer tambi\u00e9n sobre otras investigaciones y aprender de conjunto&#8221;, explic\u00f3 Mat\u00edas \u00c1lvarez, encargado de CAICE.<br \/>\nPara participar deber\u00e1n inscribirse en el formulario para ser parte de la capacitaci\u00f3n este pr\u00f3ximo 22 de marzo,\u00a0 desde las 08:00 horas hasta las 18:00, y el 23 desde las 08:00 hasta las 13:00 horas.<br \/>\nDescarga el Formulario de inscripci\u00f3n <a href=\"https:\/\/goo.gl\/forms\/0hQrJNxIRAE15z1R2\" target=\"_blank\" rel=\"noopener noreferrer\">aqu\u00ed<\/a><br \/>\nFormulario de Postulaci\u00f3n aqu\u00ed<br \/>\nDescarga las bases aqu\u00ed<\/p>\n","protected":false},"excerpt":{"rendered":"<p>Como cada a\u00f1o, y con el objetivo de fomentar la investigaci\u00f3n cient\u00edfica y el desarrollo de proyectos tecnol\u00f3gicos en los escolares de los distintos establecimientos educacionales de Magallanes, el Programa Explora de CONICYT, a trav\u00e9s del Proyecto Asociativo Regional (PAR) Explora de CONICYT Magallanes y Ant\u00e1rtica Chilena, ejecutado por la Universidad de Magallanes, invitan a [&hellip;]<\/p>\n","protected":false},"author":2,"featured_media":37360,"comment_status":"closed","ping_status":"open","sticky":false,"template":"","format":"standard","meta":{"_acf_changed":false,"_exactmetrics_skip_tracking":false,"_exactmetrics_sitenote_active":false,"_exactmetrics_sitenote_note":"","_exactmetrics_sitenote_category":0,"footnotes":"","_links_to":"","_links_to_target":""},"categories":[4],"tags":[],"class_list":["post-37359","post","type-post","status-publish","format-standard","has-post-thumbnail","hentry","category-noticias"],"acf":[],"yoast_head":"<!-- This site is optimized with the Yoast SEO plugin v26.7 - https:\/\/yoast.com\/wordpress\/plugins\/seo\/ -->\n<title>\u00a1Atenci\u00f3n profes! Ya est\u00e1n abiertas las inscripciones para CAICE 2019 - Magallanes<\/title>\n<meta name=\"robots\" content=\"index, follow, max-snippet:-1, max-image-preview:large, max-video-preview:-1\" \/>\n<link rel=\"canonical\" href=\"https:\/\/dev.explora.cl\/magallanes\/atencion-profes-ya-estan-abiertas-las-inscripciones-para-caice-2019\/\" class=\"yoast-seo-meta-tag\" \/>\n<meta property=\"og:locale\" content=\"es_ES\" class=\"yoast-seo-meta-tag\" \/>\n<meta property=\"og:type\" content=\"article\" class=\"yoast-seo-meta-tag\" \/>\n<meta property=\"og:title\" content=\"\u00a1Atenci\u00f3n profes! Ya est\u00e1n abiertas las inscripciones para CAICE 2019 - Magallanes\" class=\"yoast-seo-meta-tag\" \/>\n<meta property=\"og:description\" content=\"Como cada a\u00f1o, y con el objetivo de fomentar la investigaci\u00f3n cient\u00edfica y el desarrollo de proyectos tecnol\u00f3gicos en los escolares de los distintos establecimientos educacionales de Magallanes, el Programa Explora de CONICYT, a trav\u00e9s del Proyecto Asociativo Regional (PAR) Explora de CONICYT Magallanes y Ant\u00e1rtica Chilena, ejecutado por la Universidad de Magallanes, invitan a [&hellip;]\" class=\"yoast-seo-meta-tag\" \/>\n<meta property=\"og:url\" content=\"https:\/\/dev.explora.cl\/magallanes\/atencion-profes-ya-estan-abiertas-las-inscripciones-para-caice-2019\/\" class=\"yoast-seo-meta-tag\" \/>\n<meta property=\"og:site_name\" content=\"Magallanes\" class=\"yoast-seo-meta-tag\" \/>\n<meta property=\"article:published_time\" content=\"2019-03-08T21:00:47+00:00\" class=\"yoast-seo-meta-tag\" \/>\n<meta property=\"article:modified_time\" content=\"2019-05-20T21:34:17+00:00\" class=\"yoast-seo-meta-tag\" \/>\n<meta property=\"og:image\" content=\"https:\/\/dev.explora.cl\/magallanes\/wp-content\/uploads\/sites\/19\/2019\/03\/ndice.jpg\" class=\"yoast-seo-meta-tag\" \/>\n\t<meta property=\"og:image:width\" content=\"351\" class=\"yoast-seo-meta-tag\" \/>\n\t<meta property=\"og:image:height\" content=\"144\" class=\"yoast-seo-meta-tag\" \/>\n\t<meta property=\"og:image:type\" content=\"image\/jpeg\" class=\"yoast-seo-meta-tag\" \/>\n<meta name=\"author\" content=\"webman\" class=\"yoast-seo-meta-tag\" \/>\n<meta name=\"twitter:card\" content=\"summary_large_image\" class=\"yoast-seo-meta-tag\" \/>\n<meta name=\"twitter:label1\" content=\"Escrito por\" class=\"yoast-seo-meta-tag\" \/>\n\t<meta name=\"twitter:data1\" content=\"webman\" class=\"yoast-seo-meta-tag\" \/>\n\t<meta name=\"twitter:label2\" content=\"Tiempo estimado de lectura\" class=\"yoast-seo-meta-tag\" \/>\n\t<meta name=\"twitter:data2\" content=\"1 minuto\" class=\"yoast-seo-meta-tag\" \/>\n<script type=\"application\/ld+json\" class=\"yoast-schema-graph\">{\"@context\":\"https:\/\/schema.org\",\"@graph\":[{\"@type\":\"Article\",\"@id\":\"https:\/\/dev.explora.cl\/magallanes\/atencion-profes-ya-estan-abiertas-las-inscripciones-para-caice-2019\/#article\",\"isPartOf\":{\"@id\":\"https:\/\/dev.explora.cl\/magallanes\/atencion-profes-ya-estan-abiertas-las-inscripciones-para-caice-2019\/\"},\"author\":{\"name\":\"webman\",\"@id\":\"https:\/\/dev.explora.cl\/magallanes\/#\/schema\/person\/cb8349c13ea2d324080adf8480d7ba5d\"},\"headline\":\"\u00a1Atenci\u00f3n profes! Ya est\u00e1n abiertas las inscripciones para CAICE 2019\",\"datePublished\":\"2019-03-08T21:00:47+00:00\",\"dateModified\":\"2019-05-20T21:34:17+00:00\",\"mainEntityOfPage\":{\"@id\":\"https:\/\/dev.explora.cl\/magallanes\/atencion-profes-ya-estan-abiertas-las-inscripciones-para-caice-2019\/\"},\"wordCount\":255,\"publisher\":{\"@id\":\"https:\/\/dev.explora.cl\/magallanes\/#organization\"},\"image\":{\"@id\":\"https:\/\/dev.explora.cl\/magallanes\/atencion-profes-ya-estan-abiertas-las-inscripciones-para-caice-2019\/#primaryimage\"},\"thumbnailUrl\":\"https:\/\/dev.explora.cl\/magallanes\/wp-content\/uploads\/sites\/19\/2019\/03\/ndice.jpg\",\"articleSection\":[\"Noticias\"],\"inLanguage\":\"es-CL\"},{\"@type\":\"WebPage\",\"@id\":\"https:\/\/dev.explora.cl\/magallanes\/atencion-profes-ya-estan-abiertas-las-inscripciones-para-caice-2019\/\",\"url\":\"https:\/\/dev.explora.cl\/magallanes\/atencion-profes-ya-estan-abiertas-las-inscripciones-para-caice-2019\/\",\"name\":\"\u00a1Atenci\u00f3n profes! Ya est\u00e1n abiertas las inscripciones para CAICE 2019 - Magallanes\",\"isPartOf\":{\"@id\":\"https:\/\/dev.explora.cl\/magallanes\/#website\"},\"primaryImageOfPage\":{\"@id\":\"https:\/\/dev.explora.cl\/magallanes\/atencion-profes-ya-estan-abiertas-las-inscripciones-para-caice-2019\/#primaryimage\"},\"image\":{\"@id\":\"https:\/\/dev.explora.cl\/magallanes\/atencion-profes-ya-estan-abiertas-las-inscripciones-para-caice-2019\/#primaryimage\"},\"thumbnailUrl\":\"https:\/\/dev.explora.cl\/magallanes\/wp-content\/uploads\/sites\/19\/2019\/03\/ndice.jpg\",\"datePublished\":\"2019-03-08T21:00:47+00:00\",\"dateModified\":\"2019-05-20T21:34:17+00:00\",\"breadcrumb\":{\"@id\":\"https:\/\/dev.explora.cl\/magallanes\/atencion-profes-ya-estan-abiertas-las-inscripciones-para-caice-2019\/#breadcrumb\"},\"inLanguage\":\"es-CL\",\"potentialAction\":[{\"@type\":\"ReadAction\",\"target\":[\"https:\/\/dev.explora.cl\/magallanes\/atencion-profes-ya-estan-abiertas-las-inscripciones-para-caice-2019\/\"]}]},{\"@type\":\"ImageObject\",\"inLanguage\":\"es-CL\",\"@id\":\"https:\/\/dev.explora.cl\/magallanes\/atencion-profes-ya-estan-abiertas-las-inscripciones-para-caice-2019\/#primaryimage\",\"url\":\"https:\/\/dev.explora.cl\/magallanes\/wp-content\/uploads\/sites\/19\/2019\/03\/ndice.jpg\",\"contentUrl\":\"https:\/\/dev.explora.cl\/magallanes\/wp-content\/uploads\/sites\/19\/2019\/03\/ndice.jpg\",\"width\":351,\"height\":144},{\"@type\":\"BreadcrumbList\",\"@id\":\"https:\/\/dev.explora.cl\/magallanes\/atencion-profes-ya-estan-abiertas-las-inscripciones-para-caice-2019\/#breadcrumb\",\"itemListElement\":[{\"@type\":\"ListItem\",\"position\":1,\"name\":\"Portada\",\"item\":\"https:\/\/dev.explora.cl\/magallanes\/\"},{\"@type\":\"ListItem\",\"position\":2,\"name\":\"\u00a1Atenci\u00f3n profes! Ya est\u00e1n abiertas las inscripciones para CAICE 2019\"}]},{\"@type\":\"WebSite\",\"@id\":\"https:\/\/dev.explora.cl\/magallanes\/#website\",\"url\":\"https:\/\/dev.explora.cl\/magallanes\/\",\"name\":\"Magallanes\",\"description\":\"Otro sitio m\u00e1s de dev.explora.cl\",\"publisher\":{\"@id\":\"https:\/\/dev.explora.cl\/magallanes\/#organization\"},\"potentialAction\":[{\"@type\":\"SearchAction\",\"target\":{\"@type\":\"EntryPoint\",\"urlTemplate\":\"https:\/\/dev.explora.cl\/magallanes\/?s={search_term_string}\"},\"query-input\":{\"@type\":\"PropertyValueSpecification\",\"valueRequired\":true,\"valueName\":\"search_term_string\"}}],\"inLanguage\":\"es-CL\"},{\"@type\":\"Organization\",\"@id\":\"https:\/\/dev.explora.cl\/magallanes\/#organization\",\"name\":\"Magallanes\",\"url\":\"https:\/\/dev.explora.cl\/magallanes\/\",\"logo\":{\"@type\":\"ImageObject\",\"inLanguage\":\"es-CL\",\"@id\":\"https:\/\/dev.explora.cl\/magallanes\/#\/schema\/logo\/image\/\",\"url\":\"https:\/\/dev.explora.cl\/magallanes\/wp-content\/uploads\/sites\/19\/2021\/06\/cropped-ICONO-COLOR-2.jpg\",\"contentUrl\":\"https:\/\/dev.explora.cl\/magallanes\/wp-content\/uploads\/sites\/19\/2021\/06\/cropped-ICONO-COLOR-2.jpg\",\"width\":1181,\"height\":1181,\"caption\":\"Magallanes\"},\"image\":{\"@id\":\"https:\/\/dev.explora.cl\/magallanes\/#\/schema\/logo\/image\/\"}},{\"@type\":\"Person\",\"@id\":\"https:\/\/dev.explora.cl\/magallanes\/#\/schema\/person\/cb8349c13ea2d324080adf8480d7ba5d\",\"name\":\"webman\",\"image\":{\"@type\":\"ImageObject\",\"inLanguage\":\"es-CL\",\"@id\":\"https:\/\/dev.explora.cl\/magallanes\/#\/schema\/person\/image\/\",\"url\":\"https:\/\/secure.gravatar.com\/avatar\/eeff3c82f2c02f7177d13663b7e6f890e9a6a0647ce9bb29cae02dcb094c7312?s=96&d=mm&r=g\",\"contentUrl\":\"https:\/\/secure.gravatar.com\/avatar\/eeff3c82f2c02f7177d13663b7e6f890e9a6a0647ce9bb29cae02dcb094c7312?s=96&d=mm&r=g\",\"caption\":\"webman\"},\"url\":\"https:\/\/dev.explora.cl\/magallanes\/author\/webman\/\"}]}<\/script>\n<!-- \/ Yoast SEO plugin. -->","yoast_head_json":{"title":"\u00a1Atenci\u00f3n profes! Ya est\u00e1n abiertas las inscripciones para CAICE 2019 - Magallanes","robots":{"index":"index","follow":"follow","max-snippet":"max-snippet:-1","max-image-preview":"max-image-preview:large","max-video-preview":"max-video-preview:-1"},"canonical":"https:\/\/dev.explora.cl\/magallanes\/atencion-profes-ya-estan-abiertas-las-inscripciones-para-caice-2019\/","og_locale":"es_ES","og_type":"article","og_title":"\u00a1Atenci\u00f3n profes! Ya est\u00e1n abiertas las inscripciones para CAICE 2019 - Magallanes","og_description":"Como cada a\u00f1o, y con el objetivo de fomentar la investigaci\u00f3n cient\u00edfica y el desarrollo de proyectos tecnol\u00f3gicos en los escolares de los distintos establecimientos educacionales de Magallanes, el Programa Explora de CONICYT, a trav\u00e9s del Proyecto Asociativo Regional (PAR) Explora de CONICYT Magallanes y Ant\u00e1rtica Chilena, ejecutado por la Universidad de Magallanes, invitan a [&hellip;]","og_url":"https:\/\/dev.explora.cl\/magallanes\/atencion-profes-ya-estan-abiertas-las-inscripciones-para-caice-2019\/","og_site_name":"Magallanes","article_published_time":"2019-03-08T21:00:47+00:00","article_modified_time":"2019-05-20T21:34:17+00:00","og_image":[{"width":351,"height":144,"url":"https:\/\/dev.explora.cl\/magallanes\/wp-content\/uploads\/sites\/19\/2019\/03\/ndice.jpg","type":"image\/jpeg"}],"author":"webman","twitter_card":"summary_large_image","twitter_misc":{"Escrito por":"webman","Tiempo estimado de lectura":"1 minuto"},"schema":{"@context":"https:\/\/schema.org","@graph":[{"@type":"Article","@id":"https:\/\/dev.explora.cl\/magallanes\/atencion-profes-ya-estan-abiertas-las-inscripciones-para-caice-2019\/#article","isPartOf":{"@id":"https:\/\/dev.explora.cl\/magallanes\/atencion-profes-ya-estan-abiertas-las-inscripciones-para-caice-2019\/"},"author":{"name":"webman","@id":"https:\/\/dev.explora.cl\/magallanes\/#\/schema\/person\/cb8349c13ea2d324080adf8480d7ba5d"},"headline":"\u00a1Atenci\u00f3n profes! Ya est\u00e1n abiertas las inscripciones para CAICE 2019","datePublished":"2019-03-08T21:00:47+00:00","dateModified":"2019-05-20T21:34:17+00:00","mainEntityOfPage":{"@id":"https:\/\/dev.explora.cl\/magallanes\/atencion-profes-ya-estan-abiertas-las-inscripciones-para-caice-2019\/"},"wordCount":255,"publisher":{"@id":"https:\/\/dev.explora.cl\/magallanes\/#organization"},"image":{"@id":"https:\/\/dev.explora.cl\/magallanes\/atencion-profes-ya-estan-abiertas-las-inscripciones-para-caice-2019\/#primaryimage"},"thumbnailUrl":"https:\/\/dev.explora.cl\/magallanes\/wp-content\/uploads\/sites\/19\/2019\/03\/ndice.jpg","articleSection":["Noticias"],"inLanguage":"es-CL"},{"@type":"WebPage","@id":"https:\/\/dev.explora.cl\/magallanes\/atencion-profes-ya-estan-abiertas-las-inscripciones-para-caice-2019\/","url":"https:\/\/dev.explora.cl\/magallanes\/atencion-profes-ya-estan-abiertas-las-inscripciones-para-caice-2019\/","name":"\u00a1Atenci\u00f3n profes! Ya est\u00e1n abiertas las inscripciones para CAICE 2019 - Magallanes","isPartOf":{"@id":"https:\/\/dev.explora.cl\/magallanes\/#website"},"primaryImageOfPage":{"@id":"https:\/\/dev.explora.cl\/magallanes\/atencion-profes-ya-estan-abiertas-las-inscripciones-para-caice-2019\/#primaryimage"},"image":{"@id":"https:\/\/dev.explora.cl\/magallanes\/atencion-profes-ya-estan-abiertas-las-inscripciones-para-caice-2019\/#primaryimage"},"thumbnailUrl":"https:\/\/dev.explora.cl\/magallanes\/wp-content\/uploads\/sites\/19\/2019\/03\/ndice.jpg","datePublished":"2019-03-08T21:00:47+00:00","dateModified":"2019-05-20T21:34:17+00:00","breadcrumb":{"@id":"https:\/\/dev.explora.cl\/magallanes\/atencion-profes-ya-estan-abiertas-las-inscripciones-para-caice-2019\/#breadcrumb"},"inLanguage":"es-CL","potentialAction":[{"@type":"ReadAction","target":["https:\/\/dev.explora.cl\/magallanes\/atencion-profes-ya-estan-abiertas-las-inscripciones-para-caice-2019\/"]}]},{"@type":"ImageObject","inLanguage":"es-CL","@id":"https:\/\/dev.explora.cl\/magallanes\/atencion-profes-ya-estan-abiertas-las-inscripciones-para-caice-2019\/#primaryimage","url":"https:\/\/dev.explora.cl\/magallanes\/wp-content\/uploads\/sites\/19\/2019\/03\/ndice.jpg","contentUrl":"https:\/\/dev.explora.cl\/magallanes\/wp-content\/uploads\/sites\/19\/2019\/03\/ndice.jpg","width":351,"height":144},{"@type":"BreadcrumbList","@id":"https:\/\/dev.explora.cl\/magallanes\/atencion-profes-ya-estan-abiertas-las-inscripciones-para-caice-2019\/#breadcrumb","itemListElement":[{"@type":"ListItem","position":1,"name":"Portada","item":"https:\/\/dev.explora.cl\/magallanes\/"},{"@type":"ListItem","position":2,"name":"\u00a1Atenci\u00f3n profes! Ya est\u00e1n abiertas las inscripciones para CAICE 2019"}]},{"@type":"WebSite","@id":"https:\/\/dev.explora.cl\/magallanes\/#website","url":"https:\/\/dev.explora.cl\/magallanes\/","name":"Magallanes","description":"Otro sitio m\u00e1s de dev.explora.cl","publisher":{"@id":"https:\/\/dev.explora.cl\/magallanes\/#organization"},"potentialAction":[{"@type":"SearchAction","target":{"@type":"EntryPoint","urlTemplate":"https:\/\/dev.explora.cl\/magallanes\/?s={search_term_string}"},"query-input":{"@type":"PropertyValueSpecification","valueRequired":true,"valueName":"search_term_string"}}],"inLanguage":"es-CL"},{"@type":"Organization","@id":"https:\/\/dev.explora.cl\/magallanes\/#organization","name":"Magallanes","url":"https:\/\/dev.explora.cl\/magallanes\/","logo":{"@type":"ImageObject","inLanguage":"es-CL","@id":"https:\/\/dev.explora.cl\/magallanes\/#\/schema\/logo\/image\/","url":"https:\/\/dev.explora.cl\/magallanes\/wp-content\/uploads\/sites\/19\/2021\/06\/cropped-ICONO-COLOR-2.jpg","contentUrl":"https:\/\/dev.explora.cl\/magallanes\/wp-content\/uploads\/sites\/19\/2021\/06\/cropped-ICONO-COLOR-2.jpg","width":1181,"height":1181,"caption":"Magallanes"},"image":{"@id":"https:\/\/dev.explora.cl\/magallanes\/#\/schema\/logo\/image\/"}},{"@type":"Person","@id":"https:\/\/dev.explora.cl\/magallanes\/#\/schema\/person\/cb8349c13ea2d324080adf8480d7ba5d","name":"webman","image":{"@type":"ImageObject","inLanguage":"es-CL","@id":"https:\/\/dev.explora.cl\/magallanes\/#\/schema\/person\/image\/","url":"https:\/\/secure.gravatar.com\/avatar\/eeff3c82f2c02f7177d13663b7e6f890e9a6a0647ce9bb29cae02dcb094c7312?s=96&d=mm&r=g","contentUrl":"https:\/\/secure.gravatar.com\/avatar\/eeff3c82f2c02f7177d13663b7e6f890e9a6a0647ce9bb29cae02dcb094c7312?s=96&d=mm&r=g","caption":"webman"},"url":"https:\/\/dev.explora.cl\/magallanes\/author\/webman\/"}]}},"_links":{"self":[{"href":"https:\/\/dev.explora.cl\/magallanes\/wp-json\/wp\/v2\/posts\/37359","targetHints":{"allow":["GET"]}}],"collection":[{"href":"https:\/\/dev.explora.cl\/magallanes\/wp-json\/wp\/v2\/posts"}],"about":[{"href":"https:\/\/dev.explora.cl\/magallanes\/wp-json\/wp\/v2\/types\/post"}],"author":[{"embeddable":true,"href":"https:\/\/dev.explora.cl\/magallanes\/wp-json\/wp\/v2\/users\/2"}],"replies":[{"embeddable":true,"href":"https:\/\/dev.explora.cl\/magallanes\/wp-json\/wp\/v2\/comments?post=37359"}],"version-history":[{"count":1,"href":"https:\/\/dev.explora.cl\/magallanes\/wp-json\/wp\/v2\/posts\/37359\/revisions"}],"predecessor-version":[{"id":37573,"href":"https:\/\/dev.explora.cl\/magallanes\/wp-json\/wp\/v2\/posts\/37359\/revisions\/37573"}],"wp:featuredmedia":[{"embeddable":true,"href":"https:\/\/dev.explora.cl\/magallanes\/wp-json\/wp\/v2\/media\/37360"}],"wp:attachment":[{"href":"https:\/\/dev.explora.cl\/magallanes\/wp-json\/wp\/v2\/media?parent=37359"}],"wp:term":[{"taxonomy":"category","embeddable":true,"href":"https:\/\/dev.explora.cl\/magallanes\/wp-json\/wp\/v2\/categories?post=37359"},{"taxonomy":"post_tag","embeddable":true,"href":"https:\/\/dev.explora.cl\/magallanes\/wp-json\/wp\/v2\/tags?post=37359"}],"curies":[{"name":"wp","href":"https:\/\/api.w.org\/{rel}","templated":true}]}}