{"id":37294,"date":"2019-01-07T19:12:21","date_gmt":"2019-01-07T23:12:21","guid":{"rendered":"https:\/\/dev.explora.cl\/magallanes\/?p=37294"},"modified":"2019-05-20T21:34:17","modified_gmt":"2019-05-20T21:34:17","slug":"par-explora-magallanes-estara-presente-en-congreso-del-futuro-2019","status":"publish","type":"post","link":"https:\/\/dev.explora.cl\/magallanes\/par-explora-magallanes-estara-presente-en-congreso-del-futuro-2019\/","title":{"rendered":"PAR Explora Magallanes estar\u00e1 presente en Congreso del Futuro 2019"},"content":{"rendered":"<h5><img loading=\"lazy\" decoding=\"async\" class=\"alignleft wp-image-37295\" src=\"https:\/\/dev.explora.cl\/magallanes\/wp-content\/uploads\/sites\/19\/2019\/01\/Congreso-Futuro-19.jpeg\" alt=\"\" width=\"1386\" height=\"1386\" srcset=\"https:\/\/dev.explora.cl\/magallanes\/wp-content\/uploads\/sites\/19\/2019\/01\/Congreso-Futuro-19.jpeg 1280w, https:\/\/dev.explora.cl\/magallanes\/wp-content\/uploads\/sites\/19\/2019\/01\/Congreso-Futuro-19-150x150.jpeg 150w, https:\/\/dev.explora.cl\/magallanes\/wp-content\/uploads\/sites\/19\/2019\/01\/Congreso-Futuro-19-300x300.jpeg 300w, https:\/\/dev.explora.cl\/magallanes\/wp-content\/uploads\/sites\/19\/2019\/01\/Congreso-Futuro-19-768x768.jpeg 768w, https:\/\/dev.explora.cl\/magallanes\/wp-content\/uploads\/sites\/19\/2019\/01\/Congreso-Futuro-19-1024x1024.jpeg 1024w, https:\/\/dev.explora.cl\/magallanes\/wp-content\/uploads\/sites\/19\/2019\/01\/Congreso-Futuro-19-60x60.jpeg 60w\" sizes=\"auto, (max-width: 1386px) 100vw, 1386px\" \/><\/h5>\n<h4><\/h4>\n<h4><\/h4>\n<h4><\/h4>\n<h4><strong>Por segundo a\u00f1o consecutivo, el Proyecto Asociativo Regional ejecutado por la Universidad de Magallanes ser\u00e1 parte de la programaci\u00f3n del Congreso del Futuro que este a\u00f1o tiene como interrogante \u00bfQu\u00e9 especie queremos ser?<\/strong><\/h4>\n<p>Este pr\u00f3ximo lunes 14 de enero se vivir\u00e1 una nueva versi\u00f3n del Congreso del Futuro en la Regi\u00f3n de Magallanes. La actividad busca generar un espacio de conversaci\u00f3n entre destacados cient\u00edficos de renombre mundial y la comunidad magall\u00e1nica. A trav\u00e9s del sitio web <strong><a href=\"https:\/\/www.congresofuturo.cl\/\" target=\"_blank\" rel=\"noopener noreferrer\">www.congresofuturo.cl<\/a><\/strong> quienes deseen participar podr\u00e1n <a href=\"https:\/\/www.congresofuturo.cl\/user\/login?destination=node\/662\" target=\"_blank\" rel=\"noopener noreferrer\">inscribirse<\/a> sin costo alguno y disfrutar de la interesante <a href=\"https:\/\/www.congresofuturo.cl\/proximos-eventos\/cf-regiones-magallanes-2019\" target=\"_blank\" rel=\"noopener noreferrer\">programaci\u00f3n<\/a> de este a\u00f1o.<br \/>\nLa iniciativa organizada por la Intendencia de Magallanes, Gobierno Regional, Instituto Ant\u00e1rtico Chileno, y la <strong>Universidad de Magallanes<\/strong>, contar\u00e1 con temas relacionados con la biomedicina, Ant\u00e1rtica, Neurociencia, Tecnolog\u00eda de la Informaci\u00f3n y Conservaci\u00f3n de la biodiversidad y la naturaleza. A trav\u00e9s de foros se pretende que los m\u00e1s j\u00f3venes se cuestionen sobre el entorno en el que viven y las proyecciones que se tienen de \u00e9l.<\/p>\n<h3><strong>Congreso Junior<\/strong><\/h3>\n<p>J\u00f3venes magall\u00e1nicos tendr\u00e1n la opci\u00f3n de conversar con los cient\u00edficos de nivel mundial que estar\u00e1n presentes en la nueva versi\u00f3n de este certamen. Thomas Malone (director del Centro de Inteligencia Colectiva del MIT), Cassandra Brooks (especialista en ciencias marinas, pol\u00edticas ambientales y comunicaci\u00f3n cient\u00edfica) y Rob Knight (director del Centro para la Innovaci\u00f3n de la Demencia del Reino Unido), son s\u00f3lo algunos de los expositores en esta oportunidad.<br \/>\nA trav\u00e9s de diversas interrogantes e hip\u00f3tesis j\u00f3venes y cient\u00edficos intentar\u00e1n llegar a un consenso en lo que se refiere a la pregunta del a\u00f1o: \u00bfQu\u00e9 especie queremos ser? Esta actividad, paralela al <strong><a href=\"https:\/\/dev.explora.cl\/magallanes\/blog\/2018\/12\/10\/punta-arenas-tenemos-talleres-para-este-verano-y-aqui-te-contamos-cuales-son\/\" target=\"_blank\" rel=\"noopener noreferrer\">Campamento Cient\u00edfico Escolar<\/a> <\/strong>tambi\u00e9n desarrollado por <strong>PAR Explora Magallanes<\/strong>,\u00a0 comenzar\u00e1 a las 16:00 horas en la Sala Terra, ubicada en el edificio de Rector\u00eda de la Universidad de Magallanes.<\/p>\n","protected":false},"excerpt":{"rendered":"<p>Por segundo a\u00f1o consecutivo, el Proyecto Asociativo Regional ejecutado por la Universidad de Magallanes ser\u00e1 parte de la programaci\u00f3n del Congreso del Futuro que este a\u00f1o tiene como interrogante \u00bfQu\u00e9 especie queremos ser? Este pr\u00f3ximo lunes 14 de enero se vivir\u00e1 una nueva versi\u00f3n del Congreso del Futuro en la Regi\u00f3n de Magallanes. La actividad [&hellip;]<\/p>\n","protected":false},"author":2,"featured_media":37295,"comment_status":"closed","ping_status":"open","sticky":false,"template":"","format":"standard","meta":{"_acf_changed":false,"_exactmetrics_skip_tracking":false,"_exactmetrics_sitenote_active":false,"_exactmetrics_sitenote_note":"","_exactmetrics_sitenote_category":0,"footnotes":"","_links_to":"","_links_to_target":""},"categories":[4],"tags":[182,199,266,267,107,211,268,207,197,105,186,269,189,223,262,236,241,76],"class_list":["post-37294","post","type-post","status-publish","format-standard","has-post-thumbnail","hentry","category-noticias","tag-antartica","tag-biodiversidad-y-medio-ambiente","tag-biomedicina","tag-cfmagallanes","tag-ciencia","tag-congreso","tag-congreso-del-futuro","tag-congresos","tag-ecosistema","tag-educacion","tag-exposiciones","tag-informatica","tag-medio-ambiente","tag-neurociencia","tag-panoramas","tag-par-explora-magallanes","tag-punta-arenas","tag-tecnologia"],"acf":[],"yoast_head":"<!-- This site is optimized with the Yoast SEO plugin v26.7 - https:\/\/yoast.com\/wordpress\/plugins\/seo\/ -->\n<title>PAR Explora Magallanes estar\u00e1 presente en Congreso del Futuro 2019 - Magallanes<\/title>\n<meta name=\"robots\" content=\"index, follow, max-snippet:-1, max-image-preview:large, max-video-preview:-1\" \/>\n<link rel=\"canonical\" href=\"https:\/\/dev.explora.cl\/magallanes\/par-explora-magallanes-estara-presente-en-congreso-del-futuro-2019\/\" class=\"yoast-seo-meta-tag\" \/>\n<meta property=\"og:locale\" content=\"es_ES\" class=\"yoast-seo-meta-tag\" \/>\n<meta property=\"og:type\" content=\"article\" class=\"yoast-seo-meta-tag\" \/>\n<meta property=\"og:title\" content=\"PAR Explora Magallanes estar\u00e1 presente en Congreso del Futuro 2019 - Magallanes\" class=\"yoast-seo-meta-tag\" \/>\n<meta property=\"og:description\" content=\"Por segundo a\u00f1o consecutivo, el Proyecto Asociativo Regional ejecutado por la Universidad de Magallanes ser\u00e1 parte de la programaci\u00f3n del Congreso del Futuro que este a\u00f1o tiene como interrogante \u00bfQu\u00e9 especie queremos ser? Este pr\u00f3ximo lunes 14 de enero se vivir\u00e1 una nueva versi\u00f3n del Congreso del Futuro en la Regi\u00f3n de Magallanes. La actividad [&hellip;]\" class=\"yoast-seo-meta-tag\" \/>\n<meta property=\"og:url\" content=\"https:\/\/dev.explora.cl\/magallanes\/par-explora-magallanes-estara-presente-en-congreso-del-futuro-2019\/\" class=\"yoast-seo-meta-tag\" \/>\n<meta property=\"og:site_name\" content=\"Magallanes\" class=\"yoast-seo-meta-tag\" \/>\n<meta property=\"article:published_time\" content=\"2019-01-07T23:12:21+00:00\" class=\"yoast-seo-meta-tag\" \/>\n<meta property=\"article:modified_time\" content=\"2019-05-20T21:34:17+00:00\" class=\"yoast-seo-meta-tag\" \/>\n<meta property=\"og:image\" content=\"https:\/\/dev.explora.cl\/magallanes\/wp-content\/uploads\/sites\/19\/2019\/01\/Congreso-Futuro-19.jpeg\" class=\"yoast-seo-meta-tag\" \/>\n\t<meta property=\"og:image:width\" content=\"1280\" class=\"yoast-seo-meta-tag\" \/>\n\t<meta property=\"og:image:height\" content=\"1280\" class=\"yoast-seo-meta-tag\" \/>\n\t<meta property=\"og:image:type\" content=\"image\/jpeg\" class=\"yoast-seo-meta-tag\" \/>\n<meta name=\"author\" content=\"webman\" class=\"yoast-seo-meta-tag\" \/>\n<meta name=\"twitter:card\" content=\"summary_large_image\" class=\"yoast-seo-meta-tag\" \/>\n<meta name=\"twitter:label1\" content=\"Escrito por\" class=\"yoast-seo-meta-tag\" \/>\n\t<meta name=\"twitter:data1\" content=\"webman\" class=\"yoast-seo-meta-tag\" \/>\n\t<meta name=\"twitter:label2\" content=\"Tiempo estimado de lectura\" class=\"yoast-seo-meta-tag\" \/>\n\t<meta name=\"twitter:data2\" content=\"2 minutos\" class=\"yoast-seo-meta-tag\" \/>\n<script type=\"application\/ld+json\" class=\"yoast-schema-graph\">{\"@context\":\"https:\/\/schema.org\",\"@graph\":[{\"@type\":\"Article\",\"@id\":\"https:\/\/dev.explora.cl\/magallanes\/par-explora-magallanes-estara-presente-en-congreso-del-futuro-2019\/#article\",\"isPartOf\":{\"@id\":\"https:\/\/dev.explora.cl\/magallanes\/par-explora-magallanes-estara-presente-en-congreso-del-futuro-2019\/\"},\"author\":{\"name\":\"webman\",\"@id\":\"https:\/\/dev.explora.cl\/magallanes\/#\/schema\/person\/cb8349c13ea2d324080adf8480d7ba5d\"},\"headline\":\"PAR Explora Magallanes estar\u00e1 presente en Congreso del Futuro 2019\",\"datePublished\":\"2019-01-07T23:12:21+00:00\",\"dateModified\":\"2019-05-20T21:34:17+00:00\",\"mainEntityOfPage\":{\"@id\":\"https:\/\/dev.explora.cl\/magallanes\/par-explora-magallanes-estara-presente-en-congreso-del-futuro-2019\/\"},\"wordCount\":343,\"publisher\":{\"@id\":\"https:\/\/dev.explora.cl\/magallanes\/#organization\"},\"image\":{\"@id\":\"https:\/\/dev.explora.cl\/magallanes\/par-explora-magallanes-estara-presente-en-congreso-del-futuro-2019\/#primaryimage\"},\"thumbnailUrl\":\"https:\/\/dev.explora.cl\/magallanes\/wp-content\/uploads\/sites\/19\/2019\/01\/Congreso-Futuro-19.jpeg\",\"keywords\":[\"Antartica\",\"Biodiversidad y Medio Ambiente\",\"biomedicina\",\"CFMagallanes\",\"ciencia\",\"congreso\",\"congreso del futuro\",\"CONGRESOS\",\"ecosistema\",\"educaci\u00f3n\",\"exposiciones\",\"inform\u00e1tica\",\"medio ambiente\",\"neurociencia\",\"panoramas\",\"par explora magallanes,\",\"punta arenas\",\"tecnolog\u00eda\"],\"articleSection\":[\"Noticias\"],\"inLanguage\":\"es-CL\"},{\"@type\":\"WebPage\",\"@id\":\"https:\/\/dev.explora.cl\/magallanes\/par-explora-magallanes-estara-presente-en-congreso-del-futuro-2019\/\",\"url\":\"https:\/\/dev.explora.cl\/magallanes\/par-explora-magallanes-estara-presente-en-congreso-del-futuro-2019\/\",\"name\":\"PAR Explora Magallanes estar\u00e1 presente en Congreso del Futuro 2019 - Magallanes\",\"isPartOf\":{\"@id\":\"https:\/\/dev.explora.cl\/magallanes\/#website\"},\"primaryImageOfPage\":{\"@id\":\"https:\/\/dev.explora.cl\/magallanes\/par-explora-magallanes-estara-presente-en-congreso-del-futuro-2019\/#primaryimage\"},\"image\":{\"@id\":\"https:\/\/dev.explora.cl\/magallanes\/par-explora-magallanes-estara-presente-en-congreso-del-futuro-2019\/#primaryimage\"},\"thumbnailUrl\":\"https:\/\/dev.explora.cl\/magallanes\/wp-content\/uploads\/sites\/19\/2019\/01\/Congreso-Futuro-19.jpeg\",\"datePublished\":\"2019-01-07T23:12:21+00:00\",\"dateModified\":\"2019-05-20T21:34:17+00:00\",\"breadcrumb\":{\"@id\":\"https:\/\/dev.explora.cl\/magallanes\/par-explora-magallanes-estara-presente-en-congreso-del-futuro-2019\/#breadcrumb\"},\"inLanguage\":\"es-CL\",\"potentialAction\":[{\"@type\":\"ReadAction\",\"target\":[\"https:\/\/dev.explora.cl\/magallanes\/par-explora-magallanes-estara-presente-en-congreso-del-futuro-2019\/\"]}]},{\"@type\":\"ImageObject\",\"inLanguage\":\"es-CL\",\"@id\":\"https:\/\/dev.explora.cl\/magallanes\/par-explora-magallanes-estara-presente-en-congreso-del-futuro-2019\/#primaryimage\",\"url\":\"https:\/\/dev.explora.cl\/magallanes\/wp-content\/uploads\/sites\/19\/2019\/01\/Congreso-Futuro-19.jpeg\",\"contentUrl\":\"https:\/\/dev.explora.cl\/magallanes\/wp-content\/uploads\/sites\/19\/2019\/01\/Congreso-Futuro-19.jpeg\",\"width\":1280,\"height\":1280},{\"@type\":\"BreadcrumbList\",\"@id\":\"https:\/\/dev.explora.cl\/magallanes\/par-explora-magallanes-estara-presente-en-congreso-del-futuro-2019\/#breadcrumb\",\"itemListElement\":[{\"@type\":\"ListItem\",\"position\":1,\"name\":\"Portada\",\"item\":\"https:\/\/dev.explora.cl\/magallanes\/\"},{\"@type\":\"ListItem\",\"position\":2,\"name\":\"PAR Explora Magallanes estar\u00e1 presente en Congreso del Futuro 2019\"}]},{\"@type\":\"WebSite\",\"@id\":\"https:\/\/dev.explora.cl\/magallanes\/#website\",\"url\":\"https:\/\/dev.explora.cl\/magallanes\/\",\"name\":\"Magallanes\",\"description\":\"Otro sitio m\u00e1s de dev.explora.cl\",\"publisher\":{\"@id\":\"https:\/\/dev.explora.cl\/magallanes\/#organization\"},\"potentialAction\":[{\"@type\":\"SearchAction\",\"target\":{\"@type\":\"EntryPoint\",\"urlTemplate\":\"https:\/\/dev.explora.cl\/magallanes\/?s={search_term_string}\"},\"query-input\":{\"@type\":\"PropertyValueSpecification\",\"valueRequired\":true,\"valueName\":\"search_term_string\"}}],\"inLanguage\":\"es-CL\"},{\"@type\":\"Organization\",\"@id\":\"https:\/\/dev.explora.cl\/magallanes\/#organization\",\"name\":\"Magallanes\",\"url\":\"https:\/\/dev.explora.cl\/magallanes\/\",\"logo\":{\"@type\":\"ImageObject\",\"inLanguage\":\"es-CL\",\"@id\":\"https:\/\/dev.explora.cl\/magallanes\/#\/schema\/logo\/image\/\",\"url\":\"https:\/\/dev.explora.cl\/magallanes\/wp-content\/uploads\/sites\/19\/2021\/06\/cropped-ICONO-COLOR-2.jpg\",\"contentUrl\":\"https:\/\/dev.explora.cl\/magallanes\/wp-content\/uploads\/sites\/19\/2021\/06\/cropped-ICONO-COLOR-2.jpg\",\"width\":1181,\"height\":1181,\"caption\":\"Magallanes\"},\"image\":{\"@id\":\"https:\/\/dev.explora.cl\/magallanes\/#\/schema\/logo\/image\/\"}},{\"@type\":\"Person\",\"@id\":\"https:\/\/dev.explora.cl\/magallanes\/#\/schema\/person\/cb8349c13ea2d324080adf8480d7ba5d\",\"name\":\"webman\",\"image\":{\"@type\":\"ImageObject\",\"inLanguage\":\"es-CL\",\"@id\":\"https:\/\/dev.explora.cl\/magallanes\/#\/schema\/person\/image\/\",\"url\":\"https:\/\/secure.gravatar.com\/avatar\/eeff3c82f2c02f7177d13663b7e6f890e9a6a0647ce9bb29cae02dcb094c7312?s=96&d=mm&r=g\",\"contentUrl\":\"https:\/\/secure.gravatar.com\/avatar\/eeff3c82f2c02f7177d13663b7e6f890e9a6a0647ce9bb29cae02dcb094c7312?s=96&d=mm&r=g\",\"caption\":\"webman\"},\"url\":\"https:\/\/dev.explora.cl\/magallanes\/author\/webman\/\"}]}<\/script>\n<!-- \/ Yoast SEO plugin. -->","yoast_head_json":{"title":"PAR Explora Magallanes estar\u00e1 presente en Congreso del Futuro 2019 - Magallanes","robots":{"index":"index","follow":"follow","max-snippet":"max-snippet:-1","max-image-preview":"max-image-preview:large","max-video-preview":"max-video-preview:-1"},"canonical":"https:\/\/dev.explora.cl\/magallanes\/par-explora-magallanes-estara-presente-en-congreso-del-futuro-2019\/","og_locale":"es_ES","og_type":"article","og_title":"PAR Explora Magallanes estar\u00e1 presente en Congreso del Futuro 2019 - Magallanes","og_description":"Por segundo a\u00f1o consecutivo, el Proyecto Asociativo Regional ejecutado por la Universidad de Magallanes ser\u00e1 parte de la programaci\u00f3n del Congreso del Futuro que este a\u00f1o tiene como interrogante \u00bfQu\u00e9 especie queremos ser? Este pr\u00f3ximo lunes 14 de enero se vivir\u00e1 una nueva versi\u00f3n del Congreso del Futuro en la Regi\u00f3n de Magallanes. La actividad [&hellip;]","og_url":"https:\/\/dev.explora.cl\/magallanes\/par-explora-magallanes-estara-presente-en-congreso-del-futuro-2019\/","og_site_name":"Magallanes","article_published_time":"2019-01-07T23:12:21+00:00","article_modified_time":"2019-05-20T21:34:17+00:00","og_image":[{"width":1280,"height":1280,"url":"https:\/\/dev.explora.cl\/magallanes\/wp-content\/uploads\/sites\/19\/2019\/01\/Congreso-Futuro-19.jpeg","type":"image\/jpeg"}],"author":"webman","twitter_card":"summary_large_image","twitter_misc":{"Escrito por":"webman","Tiempo estimado de lectura":"2 minutos"},"schema":{"@context":"https:\/\/schema.org","@graph":[{"@type":"Article","@id":"https:\/\/dev.explora.cl\/magallanes\/par-explora-magallanes-estara-presente-en-congreso-del-futuro-2019\/#article","isPartOf":{"@id":"https:\/\/dev.explora.cl\/magallanes\/par-explora-magallanes-estara-presente-en-congreso-del-futuro-2019\/"},"author":{"name":"webman","@id":"https:\/\/dev.explora.cl\/magallanes\/#\/schema\/person\/cb8349c13ea2d324080adf8480d7ba5d"},"headline":"PAR Explora Magallanes estar\u00e1 presente en Congreso del Futuro 2019","datePublished":"2019-01-07T23:12:21+00:00","dateModified":"2019-05-20T21:34:17+00:00","mainEntityOfPage":{"@id":"https:\/\/dev.explora.cl\/magallanes\/par-explora-magallanes-estara-presente-en-congreso-del-futuro-2019\/"},"wordCount":343,"publisher":{"@id":"https:\/\/dev.explora.cl\/magallanes\/#organization"},"image":{"@id":"https:\/\/dev.explora.cl\/magallanes\/par-explora-magallanes-estara-presente-en-congreso-del-futuro-2019\/#primaryimage"},"thumbnailUrl":"https:\/\/dev.explora.cl\/magallanes\/wp-content\/uploads\/sites\/19\/2019\/01\/Congreso-Futuro-19.jpeg","keywords":["Antartica","Biodiversidad y Medio Ambiente","biomedicina","CFMagallanes","ciencia","congreso","congreso del futuro","CONGRESOS","ecosistema","educaci\u00f3n","exposiciones","inform\u00e1tica","medio ambiente","neurociencia","panoramas","par explora magallanes,","punta arenas","tecnolog\u00eda"],"articleSection":["Noticias"],"inLanguage":"es-CL"},{"@type":"WebPage","@id":"https:\/\/dev.explora.cl\/magallanes\/par-explora-magallanes-estara-presente-en-congreso-del-futuro-2019\/","url":"https:\/\/dev.explora.cl\/magallanes\/par-explora-magallanes-estara-presente-en-congreso-del-futuro-2019\/","name":"PAR Explora Magallanes estar\u00e1 presente en Congreso del Futuro 2019 - Magallanes","isPartOf":{"@id":"https:\/\/dev.explora.cl\/magallanes\/#website"},"primaryImageOfPage":{"@id":"https:\/\/dev.explora.cl\/magallanes\/par-explora-magallanes-estara-presente-en-congreso-del-futuro-2019\/#primaryimage"},"image":{"@id":"https:\/\/dev.explora.cl\/magallanes\/par-explora-magallanes-estara-presente-en-congreso-del-futuro-2019\/#primaryimage"},"thumbnailUrl":"https:\/\/dev.explora.cl\/magallanes\/wp-content\/uploads\/sites\/19\/2019\/01\/Congreso-Futuro-19.jpeg","datePublished":"2019-01-07T23:12:21+00:00","dateModified":"2019-05-20T21:34:17+00:00","breadcrumb":{"@id":"https:\/\/dev.explora.cl\/magallanes\/par-explora-magallanes-estara-presente-en-congreso-del-futuro-2019\/#breadcrumb"},"inLanguage":"es-CL","potentialAction":[{"@type":"ReadAction","target":["https:\/\/dev.explora.cl\/magallanes\/par-explora-magallanes-estara-presente-en-congreso-del-futuro-2019\/"]}]},{"@type":"ImageObject","inLanguage":"es-CL","@id":"https:\/\/dev.explora.cl\/magallanes\/par-explora-magallanes-estara-presente-en-congreso-del-futuro-2019\/#primaryimage","url":"https:\/\/dev.explora.cl\/magallanes\/wp-content\/uploads\/sites\/19\/2019\/01\/Congreso-Futuro-19.jpeg","contentUrl":"https:\/\/dev.explora.cl\/magallanes\/wp-content\/uploads\/sites\/19\/2019\/01\/Congreso-Futuro-19.jpeg","width":1280,"height":1280},{"@type":"BreadcrumbList","@id":"https:\/\/dev.explora.cl\/magallanes\/par-explora-magallanes-estara-presente-en-congreso-del-futuro-2019\/#breadcrumb","itemListElement":[{"@type":"ListItem","position":1,"name":"Portada","item":"https:\/\/dev.explora.cl\/magallanes\/"},{"@type":"ListItem","position":2,"name":"PAR Explora Magallanes estar\u00e1 presente en Congreso del Futuro 2019"}]},{"@type":"WebSite","@id":"https:\/\/dev.explora.cl\/magallanes\/#website","url":"https:\/\/dev.explora.cl\/magallanes\/","name":"Magallanes","description":"Otro sitio m\u00e1s de dev.explora.cl","publisher":{"@id":"https:\/\/dev.explora.cl\/magallanes\/#organization"},"potentialAction":[{"@type":"SearchAction","target":{"@type":"EntryPoint","urlTemplate":"https:\/\/dev.explora.cl\/magallanes\/?s={search_term_string}"},"query-input":{"@type":"PropertyValueSpecification","valueRequired":true,"valueName":"search_term_string"}}],"inLanguage":"es-CL"},{"@type":"Organization","@id":"https:\/\/dev.explora.cl\/magallanes\/#organization","name":"Magallanes","url":"https:\/\/dev.explora.cl\/magallanes\/","logo":{"@type":"ImageObject","inLanguage":"es-CL","@id":"https:\/\/dev.explora.cl\/magallanes\/#\/schema\/logo\/image\/","url":"https:\/\/dev.explora.cl\/magallanes\/wp-content\/uploads\/sites\/19\/2021\/06\/cropped-ICONO-COLOR-2.jpg","contentUrl":"https:\/\/dev.explora.cl\/magallanes\/wp-content\/uploads\/sites\/19\/2021\/06\/cropped-ICONO-COLOR-2.jpg","width":1181,"height":1181,"caption":"Magallanes"},"image":{"@id":"https:\/\/dev.explora.cl\/magallanes\/#\/schema\/logo\/image\/"}},{"@type":"Person","@id":"https:\/\/dev.explora.cl\/magallanes\/#\/schema\/person\/cb8349c13ea2d324080adf8480d7ba5d","name":"webman","image":{"@type":"ImageObject","inLanguage":"es-CL","@id":"https:\/\/dev.explora.cl\/magallanes\/#\/schema\/person\/image\/","url":"https:\/\/secure.gravatar.com\/avatar\/eeff3c82f2c02f7177d13663b7e6f890e9a6a0647ce9bb29cae02dcb094c7312?s=96&d=mm&r=g","contentUrl":"https:\/\/secure.gravatar.com\/avatar\/eeff3c82f2c02f7177d13663b7e6f890e9a6a0647ce9bb29cae02dcb094c7312?s=96&d=mm&r=g","caption":"webman"},"url":"https:\/\/dev.explora.cl\/magallanes\/author\/webman\/"}]}},"_links":{"self":[{"href":"https:\/\/dev.explora.cl\/magallanes\/wp-json\/wp\/v2\/posts\/37294","targetHints":{"allow":["GET"]}}],"collection":[{"href":"https:\/\/dev.explora.cl\/magallanes\/wp-json\/wp\/v2\/posts"}],"about":[{"href":"https:\/\/dev.explora.cl\/magallanes\/wp-json\/wp\/v2\/types\/post"}],"author":[{"embeddable":true,"href":"https:\/\/dev.explora.cl\/magallanes\/wp-json\/wp\/v2\/users\/2"}],"replies":[{"embeddable":true,"href":"https:\/\/dev.explora.cl\/magallanes\/wp-json\/wp\/v2\/comments?post=37294"}],"version-history":[{"count":1,"href":"https:\/\/dev.explora.cl\/magallanes\/wp-json\/wp\/v2\/posts\/37294\/revisions"}],"predecessor-version":[{"id":37575,"href":"https:\/\/dev.explora.cl\/magallanes\/wp-json\/wp\/v2\/posts\/37294\/revisions\/37575"}],"wp:featuredmedia":[{"embeddable":true,"href":"https:\/\/dev.explora.cl\/magallanes\/wp-json\/wp\/v2\/media\/37295"}],"wp:attachment":[{"href":"https:\/\/dev.explora.cl\/magallanes\/wp-json\/wp\/v2\/media?parent=37294"}],"wp:term":[{"taxonomy":"category","embeddable":true,"href":"https:\/\/dev.explora.cl\/magallanes\/wp-json\/wp\/v2\/categories?post=37294"},{"taxonomy":"post_tag","embeddable":true,"href":"https:\/\/dev.explora.cl\/magallanes\/wp-json\/wp\/v2\/tags?post=37294"}],"curies":[{"name":"wp","href":"https:\/\/api.w.org\/{rel}","templated":true}]}}