{"id":37242,"date":"2018-12-10T21:03:41","date_gmt":"2018-12-11T01:03:41","guid":{"rendered":"https:\/\/dev.explora.cl\/magallanes\/?p=37242"},"modified":"2019-05-20T21:34:19","modified_gmt":"2019-05-20T21:34:19","slug":"punta-arenas-tenemos-talleres-para-este-verano-y-aqui-te-contamos-cuales-son","status":"publish","type":"post","link":"https:\/\/dev.explora.cl\/magallanes\/punta-arenas-tenemos-talleres-para-este-verano-y-aqui-te-contamos-cuales-son\/","title":{"rendered":"[PUNTA ARENAS] \u00a1Tenemos talleres para este verano y aqu\u00ed te contamos cu\u00e1les son!"},"content":{"rendered":"<h4><\/h4>\n<h4><img loading=\"lazy\" decoding=\"async\" class=\"alignleft size-full wp-image-37251\" src=\"https:\/\/dev.explora.cl\/magallanes\/wp-content\/uploads\/sites\/19\/2018\/12\/foto-campamento.jpg\" alt=\"\" width=\"960\" height=\"640\" srcset=\"https:\/\/dev.explora.cl\/magallanes\/wp-content\/uploads\/sites\/19\/2018\/12\/foto-campamento.jpg 960w, https:\/\/dev.explora.cl\/magallanes\/wp-content\/uploads\/sites\/19\/2018\/12\/foto-campamento-300x200.jpg 300w, https:\/\/dev.explora.cl\/magallanes\/wp-content\/uploads\/sites\/19\/2018\/12\/foto-campamento-768x512.jpg 768w\" sizes=\"auto, (max-width: 960px) 100vw, 960px\" \/><\/h4>\n<h4><strong>M\u00e1s de 20 talleres disponibles para la nueva edici\u00f3n del Campamento Cient\u00edfico Escolar, en Punta Arenas.<\/strong><\/h4>\n<p>Este <strong>martes 11 de diciembre<\/strong> comienza oficialmente el periodo de<strong><a href=\"https:\/\/dev.explora.cl\/magallanes\/blog\/2018\/12\/11\/convocatoria-abierta-inscribete-aqui-para-el-campamento-cientifico-escolar\/\" target=\"_blank\" rel=\"noopener noreferrer\"> inscripci\u00f3n para participar del Campamento Cient\u00edfico Escolar<\/a><\/strong>, que se realiza como cada a\u00f1o en Punta Arenas, Regi\u00f3n de Magallanes. En esta oportunidad ser\u00e1n cerca de 20 talleres disponibles para ni\u00f1os, ni\u00f1as y j\u00f3venes, entre los cuatro y los 17 a\u00f1os.<br \/>\nTe invitamos a revisar el listado completo de los talleres disponibles para este verano 2019:<\/p>\n<ul>\n<li><strong>La Geolog\u00eda que nos rodea (11 a 15 a\u00f1os)<br \/>\n<\/strong><\/li>\n<\/ul>\n<p>\u00bfPor qu\u00e9 existen las monta\u00f1as? \u00bfDe qu\u00e9 se compone nuestro planeta? En este taller aprender\u00e1s conceptos de geolog\u00eda que te ayudar\u00e1n a comprender tu entorno, su forma y su origen, todo acompa\u00f1ado de salidas practicas.<\/p>\n<ul>\n<li><strong>Teatro cient\u00edfico (10 a 14 a\u00f1os)<br \/>\n<\/strong><\/li>\n<\/ul>\n<p>\u00a1Aprende de ciencias mientras participas en una obra de teatro! Disfruta junto a tu grupo de trabajo y crea tu historia de manera l\u00fadica y entretenida, desarrollando tu imaginaci\u00f3n y habilidades art\u00edsticas.<\/p>\n<ul>\n<li><strong>Miniaturas del bosque y turberas de Magallanes (9 a 12 a\u00f1os)<br \/>\n<\/strong><\/li>\n<\/ul>\n<p>\u00bfSab\u00edas que existe un bosque dentro de los bosques? \u00a1Pero en miniatura! Aprende acerca de musgos y l\u00edquenes, y su importancia en el medio ambiente, a trav\u00e9s de personas expertas y divertidas salidas a terreno donde conocer\u00e1s todo acerca de este ecosistema.<\/p>\n<ul>\n<li><strong>F\u00e1rmacos desde la naturaleza (9 a 13 a\u00f1os)<br \/>\n<\/strong><\/li>\n<\/ul>\n<p>\u00bfTe has preguntado como se hacen los medicamentos que normalmente consumes? Este taller te ense\u00f1ar\u00e1 el origen de ellos a trav\u00e9s del trabajo en laboratorio, recolectando flores y plantas y de esta forma podr\u00e1s crear tus propias sustancias.\u00a0 Prueba si atacan a las bacterias \u00a1Como si fueras un farmac\u00e9utico!<\/p>\n<ul>\n<li><strong>Los Microcazadores de luz (8 a 12 a\u00f1os)<br \/>\n<\/strong><\/li>\n<\/ul>\n<p>\u00bfConoces las microalgas? Estos peque\u00f1os seres vivos se encuentran en el agua\u00a0 \u00a1y son un mundo que debes conocer! V\u00edstete de cient\u00edfico y acomp\u00e1\u00f1anos a conocer distintos grupos de microalgas, recolectarlas en diversas salidas a terreno, y observarlas a trav\u00e9s de equipos tecnol\u00f3gicos sofisticados.<\/p>\n<ul>\n<li><strong>Primeros auxilios b\u00e1sicos para ni\u00f1@s (10 a 14 a\u00f1os)<br \/>\n<\/strong><\/li>\n<\/ul>\n<p>Aprende a detectar y reaccionar a situaciones de salud que requieran ayuda, conociendo junto a un grupo de enfermer@s cu\u00e1les son las complicaciones que pueden ocurrir en el diario vivir y c\u00f3mo solucionarlas con conocimiento en primeros auxilios.<\/p>\n<ul>\n<li><strong>Detectives de la ciencia (12 a 14 a\u00f1os)<br \/>\n<\/strong><\/li>\n<\/ul>\n<p>Aprende a resolver enigmas junto al m\u00e9todo cient\u00edfico, desarrolla tus capacidades de indagaci\u00f3n, observaci\u00f3n, toma de datos y pistas en cada caso \u00a1Como si fueras un detective famoso!<\/p>\n<ul>\n<li><strong>Pajareando por Magallanes (8 a 12 a\u00f1os)<br \/>\n<\/strong><\/li>\n<\/ul>\n<p>Aprende sobre los grupos de aves que viven en nuestro entrono, sal a terreno a practicar la observaci\u00f3n de aves mientras compartes con tu grupo de trabajo y valoran el patrimonio natural de tu regi\u00f3n.<\/p>\n<ul>\n<li><strong>Peque\u00f1os Exploradores (5 a 7 a\u00f1os)<br \/>\n<\/strong><\/li>\n<\/ul>\n<p>Aprende de las distintas ramas de la ciencia junto a tus compa\u00f1eros. Este taller Busca acercar a los participantes mas peque\u00f1os a la ciencia, mientras juegan junto a ni\u00f1os de su rango etario.<\/p>\n<ul>\n<li><strong>Aqua-vita (12\u00a0 a 16 a\u00f1os)<br \/>\n<\/strong><\/li>\n<\/ul>\n<p>\u00bfHas escuchado de la contaminaci\u00f3n y c\u00f3mo nos afecta? Aqu\u00ed aprender\u00e1s los diferentes focos que contaminan nuestro ambiente y c\u00f3mo podemos contribuir para tener un medioambiente m\u00e1s limpio y sano.<\/p>\n<ul>\n<li><strong>Conociendo el patrimonio cultural de mi ciudad (4 a 6 a\u00f1os)<br \/>\n<\/strong><\/li>\n<\/ul>\n<p>Aprende sobre el patrimonio cultural que te envuelve mientras desarrollas actividades de expresi\u00f3n art\u00edstica. \u00a1Viaja por tu ciudad mientras descubres tu patrimonio!<\/p>\n<ul>\n<li><strong>Pensamiento L\u00fadico (14 a 18 a\u00f1os)<br \/>\n<\/strong><\/li>\n<\/ul>\n<p>Desarrolla habilidades como la estrategia, la imaginaci\u00f3n, personificaci\u00f3n y el trabajo en equipo, entre muchas otras, todo esto mientras usas distintos juegos de mesa.<\/p>\n<ul>\n<li><strong>Bajo la ola (6 a 10 a\u00f1os)<br \/>\n<\/strong><\/li>\n<\/ul>\n<p>Aprende sobre los organismos marinos de nuestra regi\u00f3n de un modo diferente, trabaja en el laboratorio, sal a terreno y crea tu propia intervenci\u00f3n urbana<\/p>\n<ul>\n<li><strong>Rob\u00f3tica &#8220;Construyendo un humanoide&#8221;\u00a0 (11 a 14 a\u00f1os)<br \/>\n<\/strong><\/li>\n<\/ul>\n<p>\u00a1Construye tu propio Robot Humanoide! Aprende a crear tus piezas con impresoras 3D, y las distintas t\u00e9cnicas para programar y a armar un robot.<\/p>\n<ul>\n<li><strong>\u00bfLocura o genialidad? \u00a1Vicociencia! (12 a 15 a\u00f1os)<br \/>\n<\/strong><\/li>\n<\/ul>\n<p>Observa tu vida cotidiana desde los ojos de un cient\u00edfico, acomp\u00e1\u00f1anos en este viaje por las ramas de la biolog\u00eda, f\u00edsica y qu\u00edmica, que te ayudar\u00e1n a comprender los misterios que se esconden detr\u00e1s de los fen\u00f3menos que participan en tu entorno.<\/p>\n<ul>\n<li><strong>Cient\u00edficos en terreno (8 a 12 a\u00f1os)<br \/>\n<\/strong><\/li>\n<\/ul>\n<p>\u00bfSabes c\u00f3mo es la biodiversidad que te rodea? Conoce los ecosistemas costeros, de bosque y estepa en divertidas salidas a terreno.<\/p>\n<ul>\n<li><strong>Newton te llama (13 a 16 a\u00f1os)<br \/>\n<\/strong><\/li>\n<\/ul>\n<p>\u00bfConoces la f\u00edsica? Esta curiosa rama de a ciencia est\u00e1 presente en todos los sucesos que acompa\u00f1an tu vida cotidiana, aprende sobre las leyes de Newton y crea tus propios objetos f\u00edsicos.<\/p>\n<ul>\n<li><strong>Bajo la ola, vida marina (6 a 10 a\u00f1os)<br \/>\n<\/strong><\/li>\n<\/ul>\n<p>Aprende sobre los organismos marinos de nuestra regi\u00f3n de un modo diferente, trabaja en el laboratorio, sal a terreno y crea tu propia intervenci\u00f3n urbana.<\/p>\n<ul>\n<li><strong>Explorines (5 a 7 a\u00f1os)<br \/>\n<\/strong><\/li>\n<\/ul>\n<p>Desarrolla en los m\u00e1s peque\u00f1os el gusto por indagar diferentes acontecimientos que se desarrollan en su entorno, a trav\u00e9s de experimentos e investigaciones sencillas. Con esto podr\u00e1n desarrollar diferentes habilidades y aptitudes.<\/p>\n<ul>\n<li><strong>Jugando con las matem\u00e1ticas (5 a 6 a\u00f1os)<br \/>\n<\/strong><\/li>\n<\/ul>\n<p>Desarrolla tu psicomotricidad a trav\u00e9s de juegos individuales y colectivos que unidos a las matem\u00e1ticas te ayudaran a resolver problemas.<\/p>\n<ul>\n<li><strong>Cine ambiental y reutilizaci\u00f3n (9 a 12 a\u00f1os)<br \/>\n<\/strong><\/li>\n<\/ul>\n<p>\u00a1Utiliza la herramienta de <em>stop motion<\/em> para crear tu propio corto! En este taller podr\u00e1s aprender t\u00e9cnicas de esta materia utilizando materiales reciclados, cuidando de esta forma el medio ambiente.<\/p>\n","protected":false},"excerpt":{"rendered":"<p>M\u00e1s de 20 talleres disponibles para la nueva edici\u00f3n del Campamento Cient\u00edfico Escolar, en Punta Arenas. Este martes 11 de diciembre comienza oficialmente el periodo de inscripci\u00f3n para participar del Campamento Cient\u00edfico Escolar, que se realiza como cada a\u00f1o en Punta Arenas, Regi\u00f3n de Magallanes. En esta oportunidad ser\u00e1n cerca de 20 talleres disponibles para [&hellip;]<\/p>\n","protected":false},"author":2,"featured_media":37251,"comment_status":"closed","ping_status":"open","sticky":false,"template":"","format":"standard","meta":{"_acf_changed":false,"_exactmetrics_skip_tracking":false,"_exactmetrics_sitenote_active":false,"_exactmetrics_sitenote_note":"","_exactmetrics_sitenote_category":0,"footnotes":"","_links_to":"","_links_to_target":""},"categories":[4],"tags":[162,199,109,159,107,166,197,105,164,240,189,262,241,158,264,76,265],"class_list":["post-37242","post","type-post","status-publish","format-standard","has-post-thumbnail","hentry","category-noticias","tag-aves","tag-biodiversidad-y-medio-ambiente","tag-biologia","tag-campamento","tag-ciencia","tag-cientificos","tag-ecosistema","tag-educacion","tag-escolares","tag-magallanes","tag-medio-ambiente","tag-panoramas","tag-punta-arenas","tag-taller","tag-talleres","tag-tecnologia","tag-verano"],"acf":[],"yoast_head":"<!-- This site is optimized with the Yoast SEO plugin v26.7 - https:\/\/yoast.com\/wordpress\/plugins\/seo\/ -->\n<title>[PUNTA ARENAS] \u00a1Tenemos talleres para este verano y aqu\u00ed te contamos cu\u00e1les son! - Magallanes<\/title>\n<meta name=\"robots\" content=\"index, follow, max-snippet:-1, max-image-preview:large, max-video-preview:-1\" \/>\n<link rel=\"canonical\" href=\"https:\/\/dev.explora.cl\/magallanes\/punta-arenas-tenemos-talleres-para-este-verano-y-aqui-te-contamos-cuales-son\/\" class=\"yoast-seo-meta-tag\" \/>\n<meta property=\"og:locale\" content=\"es_ES\" class=\"yoast-seo-meta-tag\" \/>\n<meta property=\"og:type\" content=\"article\" class=\"yoast-seo-meta-tag\" \/>\n<meta property=\"og:title\" content=\"[PUNTA ARENAS] \u00a1Tenemos talleres para este verano y aqu\u00ed te contamos cu\u00e1les son! - Magallanes\" class=\"yoast-seo-meta-tag\" \/>\n<meta property=\"og:description\" content=\"M\u00e1s de 20 talleres disponibles para la nueva edici\u00f3n del Campamento Cient\u00edfico Escolar, en Punta Arenas. Este martes 11 de diciembre comienza oficialmente el periodo de inscripci\u00f3n para participar del Campamento Cient\u00edfico Escolar, que se realiza como cada a\u00f1o en Punta Arenas, Regi\u00f3n de Magallanes. En esta oportunidad ser\u00e1n cerca de 20 talleres disponibles para [&hellip;]\" class=\"yoast-seo-meta-tag\" \/>\n<meta property=\"og:url\" content=\"https:\/\/dev.explora.cl\/magallanes\/punta-arenas-tenemos-talleres-para-este-verano-y-aqui-te-contamos-cuales-son\/\" class=\"yoast-seo-meta-tag\" \/>\n<meta property=\"og:site_name\" content=\"Magallanes\" class=\"yoast-seo-meta-tag\" \/>\n<meta property=\"article:published_time\" content=\"2018-12-11T01:03:41+00:00\" class=\"yoast-seo-meta-tag\" \/>\n<meta property=\"article:modified_time\" content=\"2019-05-20T21:34:19+00:00\" class=\"yoast-seo-meta-tag\" \/>\n<meta property=\"og:image\" content=\"https:\/\/dev.explora.cl\/magallanes\/wp-content\/uploads\/sites\/19\/2018\/12\/foto-campamento.jpg\" class=\"yoast-seo-meta-tag\" \/>\n\t<meta property=\"og:image:width\" content=\"960\" class=\"yoast-seo-meta-tag\" \/>\n\t<meta property=\"og:image:height\" content=\"640\" class=\"yoast-seo-meta-tag\" \/>\n\t<meta property=\"og:image:type\" content=\"image\/jpeg\" class=\"yoast-seo-meta-tag\" \/>\n<meta name=\"author\" content=\"webman\" class=\"yoast-seo-meta-tag\" \/>\n<meta name=\"twitter:card\" content=\"summary_large_image\" class=\"yoast-seo-meta-tag\" \/>\n<meta name=\"twitter:label1\" content=\"Escrito por\" class=\"yoast-seo-meta-tag\" \/>\n\t<meta name=\"twitter:data1\" content=\"webman\" class=\"yoast-seo-meta-tag\" \/>\n\t<meta name=\"twitter:label2\" content=\"Tiempo estimado de lectura\" class=\"yoast-seo-meta-tag\" \/>\n\t<meta name=\"twitter:data2\" content=\"5 minutos\" class=\"yoast-seo-meta-tag\" \/>\n<script type=\"application\/ld+json\" class=\"yoast-schema-graph\">{\"@context\":\"https:\/\/schema.org\",\"@graph\":[{\"@type\":\"Article\",\"@id\":\"https:\/\/dev.explora.cl\/magallanes\/punta-arenas-tenemos-talleres-para-este-verano-y-aqui-te-contamos-cuales-son\/#article\",\"isPartOf\":{\"@id\":\"https:\/\/dev.explora.cl\/magallanes\/punta-arenas-tenemos-talleres-para-este-verano-y-aqui-te-contamos-cuales-son\/\"},\"author\":{\"name\":\"webman\",\"@id\":\"https:\/\/dev.explora.cl\/magallanes\/#\/schema\/person\/cb8349c13ea2d324080adf8480d7ba5d\"},\"headline\":\"[PUNTA ARENAS] \u00a1Tenemos talleres para este verano y aqu\u00ed te contamos cu\u00e1les son!\",\"datePublished\":\"2018-12-11T01:03:41+00:00\",\"dateModified\":\"2019-05-20T21:34:19+00:00\",\"mainEntityOfPage\":{\"@id\":\"https:\/\/dev.explora.cl\/magallanes\/punta-arenas-tenemos-talleres-para-este-verano-y-aqui-te-contamos-cuales-son\/\"},\"wordCount\":984,\"publisher\":{\"@id\":\"https:\/\/dev.explora.cl\/magallanes\/#organization\"},\"image\":{\"@id\":\"https:\/\/dev.explora.cl\/magallanes\/punta-arenas-tenemos-talleres-para-este-verano-y-aqui-te-contamos-cuales-son\/#primaryimage\"},\"thumbnailUrl\":\"https:\/\/dev.explora.cl\/magallanes\/wp-content\/uploads\/sites\/19\/2018\/12\/foto-campamento.jpg\",\"keywords\":[\"aves\",\"Biodiversidad y Medio Ambiente\",\"biolog\u00eda\",\"campamento\",\"ciencia\",\"cient\u00edficos\",\"ecosistema\",\"educaci\u00f3n\",\"escolares\",\"magallanes,\",\"medio ambiente\",\"panoramas\",\"punta arenas\",\"taller\",\"talleres\",\"tecnolog\u00eda\",\"verano\"],\"articleSection\":[\"Noticias\"],\"inLanguage\":\"es-CL\"},{\"@type\":\"WebPage\",\"@id\":\"https:\/\/dev.explora.cl\/magallanes\/punta-arenas-tenemos-talleres-para-este-verano-y-aqui-te-contamos-cuales-son\/\",\"url\":\"https:\/\/dev.explora.cl\/magallanes\/punta-arenas-tenemos-talleres-para-este-verano-y-aqui-te-contamos-cuales-son\/\",\"name\":\"[PUNTA ARENAS] \u00a1Tenemos talleres para este verano y aqu\u00ed te contamos cu\u00e1les son! - Magallanes\",\"isPartOf\":{\"@id\":\"https:\/\/dev.explora.cl\/magallanes\/#website\"},\"primaryImageOfPage\":{\"@id\":\"https:\/\/dev.explora.cl\/magallanes\/punta-arenas-tenemos-talleres-para-este-verano-y-aqui-te-contamos-cuales-son\/#primaryimage\"},\"image\":{\"@id\":\"https:\/\/dev.explora.cl\/magallanes\/punta-arenas-tenemos-talleres-para-este-verano-y-aqui-te-contamos-cuales-son\/#primaryimage\"},\"thumbnailUrl\":\"https:\/\/dev.explora.cl\/magallanes\/wp-content\/uploads\/sites\/19\/2018\/12\/foto-campamento.jpg\",\"datePublished\":\"2018-12-11T01:03:41+00:00\",\"dateModified\":\"2019-05-20T21:34:19+00:00\",\"breadcrumb\":{\"@id\":\"https:\/\/dev.explora.cl\/magallanes\/punta-arenas-tenemos-talleres-para-este-verano-y-aqui-te-contamos-cuales-son\/#breadcrumb\"},\"inLanguage\":\"es-CL\",\"potentialAction\":[{\"@type\":\"ReadAction\",\"target\":[\"https:\/\/dev.explora.cl\/magallanes\/punta-arenas-tenemos-talleres-para-este-verano-y-aqui-te-contamos-cuales-son\/\"]}]},{\"@type\":\"ImageObject\",\"inLanguage\":\"es-CL\",\"@id\":\"https:\/\/dev.explora.cl\/magallanes\/punta-arenas-tenemos-talleres-para-este-verano-y-aqui-te-contamos-cuales-son\/#primaryimage\",\"url\":\"https:\/\/dev.explora.cl\/magallanes\/wp-content\/uploads\/sites\/19\/2018\/12\/foto-campamento.jpg\",\"contentUrl\":\"https:\/\/dev.explora.cl\/magallanes\/wp-content\/uploads\/sites\/19\/2018\/12\/foto-campamento.jpg\",\"width\":960,\"height\":640},{\"@type\":\"BreadcrumbList\",\"@id\":\"https:\/\/dev.explora.cl\/magallanes\/punta-arenas-tenemos-talleres-para-este-verano-y-aqui-te-contamos-cuales-son\/#breadcrumb\",\"itemListElement\":[{\"@type\":\"ListItem\",\"position\":1,\"name\":\"Portada\",\"item\":\"https:\/\/dev.explora.cl\/magallanes\/\"},{\"@type\":\"ListItem\",\"position\":2,\"name\":\"[PUNTA ARENAS] \u00a1Tenemos talleres para este verano y aqu\u00ed te contamos cu\u00e1les son!\"}]},{\"@type\":\"WebSite\",\"@id\":\"https:\/\/dev.explora.cl\/magallanes\/#website\",\"url\":\"https:\/\/dev.explora.cl\/magallanes\/\",\"name\":\"Magallanes\",\"description\":\"Otro sitio m\u00e1s de dev.explora.cl\",\"publisher\":{\"@id\":\"https:\/\/dev.explora.cl\/magallanes\/#organization\"},\"potentialAction\":[{\"@type\":\"SearchAction\",\"target\":{\"@type\":\"EntryPoint\",\"urlTemplate\":\"https:\/\/dev.explora.cl\/magallanes\/?s={search_term_string}\"},\"query-input\":{\"@type\":\"PropertyValueSpecification\",\"valueRequired\":true,\"valueName\":\"search_term_string\"}}],\"inLanguage\":\"es-CL\"},{\"@type\":\"Organization\",\"@id\":\"https:\/\/dev.explora.cl\/magallanes\/#organization\",\"name\":\"Magallanes\",\"url\":\"https:\/\/dev.explora.cl\/magallanes\/\",\"logo\":{\"@type\":\"ImageObject\",\"inLanguage\":\"es-CL\",\"@id\":\"https:\/\/dev.explora.cl\/magallanes\/#\/schema\/logo\/image\/\",\"url\":\"https:\/\/dev.explora.cl\/magallanes\/wp-content\/uploads\/sites\/19\/2021\/06\/cropped-ICONO-COLOR-2.jpg\",\"contentUrl\":\"https:\/\/dev.explora.cl\/magallanes\/wp-content\/uploads\/sites\/19\/2021\/06\/cropped-ICONO-COLOR-2.jpg\",\"width\":1181,\"height\":1181,\"caption\":\"Magallanes\"},\"image\":{\"@id\":\"https:\/\/dev.explora.cl\/magallanes\/#\/schema\/logo\/image\/\"}},{\"@type\":\"Person\",\"@id\":\"https:\/\/dev.explora.cl\/magallanes\/#\/schema\/person\/cb8349c13ea2d324080adf8480d7ba5d\",\"name\":\"webman\",\"image\":{\"@type\":\"ImageObject\",\"inLanguage\":\"es-CL\",\"@id\":\"https:\/\/dev.explora.cl\/magallanes\/#\/schema\/person\/image\/\",\"url\":\"https:\/\/secure.gravatar.com\/avatar\/eeff3c82f2c02f7177d13663b7e6f890e9a6a0647ce9bb29cae02dcb094c7312?s=96&d=mm&r=g\",\"contentUrl\":\"https:\/\/secure.gravatar.com\/avatar\/eeff3c82f2c02f7177d13663b7e6f890e9a6a0647ce9bb29cae02dcb094c7312?s=96&d=mm&r=g\",\"caption\":\"webman\"},\"url\":\"https:\/\/dev.explora.cl\/magallanes\/author\/webman\/\"}]}<\/script>\n<!-- \/ Yoast SEO plugin. -->","yoast_head_json":{"title":"[PUNTA ARENAS] \u00a1Tenemos talleres para este verano y aqu\u00ed te contamos cu\u00e1les son! - Magallanes","robots":{"index":"index","follow":"follow","max-snippet":"max-snippet:-1","max-image-preview":"max-image-preview:large","max-video-preview":"max-video-preview:-1"},"canonical":"https:\/\/dev.explora.cl\/magallanes\/punta-arenas-tenemos-talleres-para-este-verano-y-aqui-te-contamos-cuales-son\/","og_locale":"es_ES","og_type":"article","og_title":"[PUNTA ARENAS] \u00a1Tenemos talleres para este verano y aqu\u00ed te contamos cu\u00e1les son! - Magallanes","og_description":"M\u00e1s de 20 talleres disponibles para la nueva edici\u00f3n del Campamento Cient\u00edfico Escolar, en Punta Arenas. Este martes 11 de diciembre comienza oficialmente el periodo de inscripci\u00f3n para participar del Campamento Cient\u00edfico Escolar, que se realiza como cada a\u00f1o en Punta Arenas, Regi\u00f3n de Magallanes. En esta oportunidad ser\u00e1n cerca de 20 talleres disponibles para [&hellip;]","og_url":"https:\/\/dev.explora.cl\/magallanes\/punta-arenas-tenemos-talleres-para-este-verano-y-aqui-te-contamos-cuales-son\/","og_site_name":"Magallanes","article_published_time":"2018-12-11T01:03:41+00:00","article_modified_time":"2019-05-20T21:34:19+00:00","og_image":[{"width":960,"height":640,"url":"https:\/\/dev.explora.cl\/magallanes\/wp-content\/uploads\/sites\/19\/2018\/12\/foto-campamento.jpg","type":"image\/jpeg"}],"author":"webman","twitter_card":"summary_large_image","twitter_misc":{"Escrito por":"webman","Tiempo estimado de lectura":"5 minutos"},"schema":{"@context":"https:\/\/schema.org","@graph":[{"@type":"Article","@id":"https:\/\/dev.explora.cl\/magallanes\/punta-arenas-tenemos-talleres-para-este-verano-y-aqui-te-contamos-cuales-son\/#article","isPartOf":{"@id":"https:\/\/dev.explora.cl\/magallanes\/punta-arenas-tenemos-talleres-para-este-verano-y-aqui-te-contamos-cuales-son\/"},"author":{"name":"webman","@id":"https:\/\/dev.explora.cl\/magallanes\/#\/schema\/person\/cb8349c13ea2d324080adf8480d7ba5d"},"headline":"[PUNTA ARENAS] \u00a1Tenemos talleres para este verano y aqu\u00ed te contamos cu\u00e1les son!","datePublished":"2018-12-11T01:03:41+00:00","dateModified":"2019-05-20T21:34:19+00:00","mainEntityOfPage":{"@id":"https:\/\/dev.explora.cl\/magallanes\/punta-arenas-tenemos-talleres-para-este-verano-y-aqui-te-contamos-cuales-son\/"},"wordCount":984,"publisher":{"@id":"https:\/\/dev.explora.cl\/magallanes\/#organization"},"image":{"@id":"https:\/\/dev.explora.cl\/magallanes\/punta-arenas-tenemos-talleres-para-este-verano-y-aqui-te-contamos-cuales-son\/#primaryimage"},"thumbnailUrl":"https:\/\/dev.explora.cl\/magallanes\/wp-content\/uploads\/sites\/19\/2018\/12\/foto-campamento.jpg","keywords":["aves","Biodiversidad y Medio Ambiente","biolog\u00eda","campamento","ciencia","cient\u00edficos","ecosistema","educaci\u00f3n","escolares","magallanes,","medio ambiente","panoramas","punta arenas","taller","talleres","tecnolog\u00eda","verano"],"articleSection":["Noticias"],"inLanguage":"es-CL"},{"@type":"WebPage","@id":"https:\/\/dev.explora.cl\/magallanes\/punta-arenas-tenemos-talleres-para-este-verano-y-aqui-te-contamos-cuales-son\/","url":"https:\/\/dev.explora.cl\/magallanes\/punta-arenas-tenemos-talleres-para-este-verano-y-aqui-te-contamos-cuales-son\/","name":"[PUNTA ARENAS] \u00a1Tenemos talleres para este verano y aqu\u00ed te contamos cu\u00e1les son! - Magallanes","isPartOf":{"@id":"https:\/\/dev.explora.cl\/magallanes\/#website"},"primaryImageOfPage":{"@id":"https:\/\/dev.explora.cl\/magallanes\/punta-arenas-tenemos-talleres-para-este-verano-y-aqui-te-contamos-cuales-son\/#primaryimage"},"image":{"@id":"https:\/\/dev.explora.cl\/magallanes\/punta-arenas-tenemos-talleres-para-este-verano-y-aqui-te-contamos-cuales-son\/#primaryimage"},"thumbnailUrl":"https:\/\/dev.explora.cl\/magallanes\/wp-content\/uploads\/sites\/19\/2018\/12\/foto-campamento.jpg","datePublished":"2018-12-11T01:03:41+00:00","dateModified":"2019-05-20T21:34:19+00:00","breadcrumb":{"@id":"https:\/\/dev.explora.cl\/magallanes\/punta-arenas-tenemos-talleres-para-este-verano-y-aqui-te-contamos-cuales-son\/#breadcrumb"},"inLanguage":"es-CL","potentialAction":[{"@type":"ReadAction","target":["https:\/\/dev.explora.cl\/magallanes\/punta-arenas-tenemos-talleres-para-este-verano-y-aqui-te-contamos-cuales-son\/"]}]},{"@type":"ImageObject","inLanguage":"es-CL","@id":"https:\/\/dev.explora.cl\/magallanes\/punta-arenas-tenemos-talleres-para-este-verano-y-aqui-te-contamos-cuales-son\/#primaryimage","url":"https:\/\/dev.explora.cl\/magallanes\/wp-content\/uploads\/sites\/19\/2018\/12\/foto-campamento.jpg","contentUrl":"https:\/\/dev.explora.cl\/magallanes\/wp-content\/uploads\/sites\/19\/2018\/12\/foto-campamento.jpg","width":960,"height":640},{"@type":"BreadcrumbList","@id":"https:\/\/dev.explora.cl\/magallanes\/punta-arenas-tenemos-talleres-para-este-verano-y-aqui-te-contamos-cuales-son\/#breadcrumb","itemListElement":[{"@type":"ListItem","position":1,"name":"Portada","item":"https:\/\/dev.explora.cl\/magallanes\/"},{"@type":"ListItem","position":2,"name":"[PUNTA ARENAS] \u00a1Tenemos talleres para este verano y aqu\u00ed te contamos cu\u00e1les son!"}]},{"@type":"WebSite","@id":"https:\/\/dev.explora.cl\/magallanes\/#website","url":"https:\/\/dev.explora.cl\/magallanes\/","name":"Magallanes","description":"Otro sitio m\u00e1s de dev.explora.cl","publisher":{"@id":"https:\/\/dev.explora.cl\/magallanes\/#organization"},"potentialAction":[{"@type":"SearchAction","target":{"@type":"EntryPoint","urlTemplate":"https:\/\/dev.explora.cl\/magallanes\/?s={search_term_string}"},"query-input":{"@type":"PropertyValueSpecification","valueRequired":true,"valueName":"search_term_string"}}],"inLanguage":"es-CL"},{"@type":"Organization","@id":"https:\/\/dev.explora.cl\/magallanes\/#organization","name":"Magallanes","url":"https:\/\/dev.explora.cl\/magallanes\/","logo":{"@type":"ImageObject","inLanguage":"es-CL","@id":"https:\/\/dev.explora.cl\/magallanes\/#\/schema\/logo\/image\/","url":"https:\/\/dev.explora.cl\/magallanes\/wp-content\/uploads\/sites\/19\/2021\/06\/cropped-ICONO-COLOR-2.jpg","contentUrl":"https:\/\/dev.explora.cl\/magallanes\/wp-content\/uploads\/sites\/19\/2021\/06\/cropped-ICONO-COLOR-2.jpg","width":1181,"height":1181,"caption":"Magallanes"},"image":{"@id":"https:\/\/dev.explora.cl\/magallanes\/#\/schema\/logo\/image\/"}},{"@type":"Person","@id":"https:\/\/dev.explora.cl\/magallanes\/#\/schema\/person\/cb8349c13ea2d324080adf8480d7ba5d","name":"webman","image":{"@type":"ImageObject","inLanguage":"es-CL","@id":"https:\/\/dev.explora.cl\/magallanes\/#\/schema\/person\/image\/","url":"https:\/\/secure.gravatar.com\/avatar\/eeff3c82f2c02f7177d13663b7e6f890e9a6a0647ce9bb29cae02dcb094c7312?s=96&d=mm&r=g","contentUrl":"https:\/\/secure.gravatar.com\/avatar\/eeff3c82f2c02f7177d13663b7e6f890e9a6a0647ce9bb29cae02dcb094c7312?s=96&d=mm&r=g","caption":"webman"},"url":"https:\/\/dev.explora.cl\/magallanes\/author\/webman\/"}]}},"_links":{"self":[{"href":"https:\/\/dev.explora.cl\/magallanes\/wp-json\/wp\/v2\/posts\/37242","targetHints":{"allow":["GET"]}}],"collection":[{"href":"https:\/\/dev.explora.cl\/magallanes\/wp-json\/wp\/v2\/posts"}],"about":[{"href":"https:\/\/dev.explora.cl\/magallanes\/wp-json\/wp\/v2\/types\/post"}],"author":[{"embeddable":true,"href":"https:\/\/dev.explora.cl\/magallanes\/wp-json\/wp\/v2\/users\/2"}],"replies":[{"embeddable":true,"href":"https:\/\/dev.explora.cl\/magallanes\/wp-json\/wp\/v2\/comments?post=37242"}],"version-history":[{"count":1,"href":"https:\/\/dev.explora.cl\/magallanes\/wp-json\/wp\/v2\/posts\/37242\/revisions"}],"predecessor-version":[{"id":37577,"href":"https:\/\/dev.explora.cl\/magallanes\/wp-json\/wp\/v2\/posts\/37242\/revisions\/37577"}],"wp:featuredmedia":[{"embeddable":true,"href":"https:\/\/dev.explora.cl\/magallanes\/wp-json\/wp\/v2\/media\/37251"}],"wp:attachment":[{"href":"https:\/\/dev.explora.cl\/magallanes\/wp-json\/wp\/v2\/media?parent=37242"}],"wp:term":[{"taxonomy":"category","embeddable":true,"href":"https:\/\/dev.explora.cl\/magallanes\/wp-json\/wp\/v2\/categories?post=37242"},{"taxonomy":"post_tag","embeddable":true,"href":"https:\/\/dev.explora.cl\/magallanes\/wp-json\/wp\/v2\/tags?post=37242"}],"curies":[{"name":"wp","href":"https:\/\/api.w.org\/{rel}","templated":true}]}}