{"id":337,"date":"2015-10-17T00:00:00","date_gmt":"2015-10-17T04:00:00","guid":{"rendered":"https:\/\/dev.explora.cl\/magallanes\/blog\/2015\/10\/17\/estreno-del-documental-el-huemul-la-sombra-de-una-especie\/"},"modified":"2019-05-20T21:39:39","modified_gmt":"2019-05-20T21:39:39","slug":"estreno-del-documental-el-huemul-la-sombra-de-una-especie","status":"publish","type":"post","link":"https:\/\/dev.explora.cl\/magallanes\/estreno-del-documental-el-huemul-la-sombra-de-una-especie\/","title":{"rendered":"Estreno del documental: El Huemul, la sombra de una especie"},"content":{"rendered":"<p><img loading=\"lazy\" decoding=\"async\" class=\" size-full wp-image-15799\" src=\"http:\/\/ec2-54-245-22-188.us-west-2.compute.amazonaws.com\/wp-content\/uploads\/2015\/10\/209e1cb0e70e800c32e7eb319f48aa54.jpg\" alt=\"\" width=\"593\" height=\"311\" \/><\/p>\n<p style=\"text-align: justify\">PAR Explora Magallanes y la WCS invitan a la comunidad al estreno en Punta Arenas del documental El Huemul, la sombra de una especie de Diego Canut.<\/p>\n<p style=\"text-align: justify\">&nbsp;<\/p>\n<p style=\"text-align: justify\">Este documental fue desarrollado por la ONG Chilena Aumen y la productora Argentina Angelito\/Cruz\/Diablo, quienes desarrollaron esta producci\u00f3n audiovisual con fines educativos y de divulgaci\u00f3n cient\u00edfica. El Huemul es una especie en peligro de extinci\u00f3n y varias organizaciones est\u00e1n trabajando para preservar su h\u00e1bitat.<\/p>\n<p style=\"text-align: justify\">&nbsp;<\/p>\n<p style=\"text-align: justify\">Las funciones se realizar\u00e1n el 23 de octubre en el Cine Estrella en los siguientes horarios: 10:00, 11:30, 14:00 y 15:30hrs. Para asistir se debe enviar un correo electr\u00f3nico a <a>magallanes.explora@gmail.com<\/a><\/p>\n","protected":false},"excerpt":{"rendered":"<p>PAR Explora Magallanes y la WCS invitan a la comunidad al estreno en Punta Arenas del documental El Huemul, la sombra de una especie de Diego Canut. &nbsp; Este documental fue desarrollado por la ONG Chilena Aumen y la productora Argentina Angelito\/Cruz\/Diablo, quienes desarrollaron esta producci\u00f3n audiovisual con fines educativos y de divulgaci\u00f3n cient\u00edfica. El [&hellip;]<\/p>\n","protected":false},"author":2,"featured_media":338,"comment_status":"open","ping_status":"open","sticky":false,"template":"","format":"standard","meta":{"_acf_changed":false,"_exactmetrics_skip_tracking":false,"_exactmetrics_sitenote_active":false,"_exactmetrics_sitenote_note":"","_exactmetrics_sitenote_category":0,"footnotes":"","_links_to":"","_links_to_target":""},"categories":[4],"tags":[221],"class_list":["post-337","post","type-post","status-publish","format-standard","has-post-thumbnail","hentry","category-noticias","tag-documental"],"acf":[],"yoast_head":"<!-- This site is optimized with the Yoast SEO plugin v26.7 - https:\/\/yoast.com\/wordpress\/plugins\/seo\/ -->\n<title>Estreno del documental: El Huemul, la sombra de una especie - Magallanes<\/title>\n<meta name=\"robots\" content=\"index, follow, max-snippet:-1, max-image-preview:large, max-video-preview:-1\" \/>\n<link rel=\"canonical\" href=\"https:\/\/dev.explora.cl\/magallanes\/estreno-del-documental-el-huemul-la-sombra-de-una-especie\/\" class=\"yoast-seo-meta-tag\" \/>\n<meta property=\"og:locale\" content=\"es_ES\" class=\"yoast-seo-meta-tag\" \/>\n<meta property=\"og:type\" content=\"article\" class=\"yoast-seo-meta-tag\" \/>\n<meta property=\"og:title\" content=\"Estreno del documental: El Huemul, la sombra de una especie - Magallanes\" class=\"yoast-seo-meta-tag\" \/>\n<meta property=\"og:description\" content=\"PAR Explora Magallanes y la WCS invitan a la comunidad al estreno en Punta Arenas del documental El Huemul, la sombra de una especie de Diego Canut. &nbsp; Este documental fue desarrollado por la ONG Chilena Aumen y la productora Argentina Angelito\/Cruz\/Diablo, quienes desarrollaron esta producci\u00f3n audiovisual con fines educativos y de divulgaci\u00f3n cient\u00edfica. El [&hellip;]\" class=\"yoast-seo-meta-tag\" \/>\n<meta property=\"og:url\" content=\"https:\/\/dev.explora.cl\/magallanes\/estreno-del-documental-el-huemul-la-sombra-de-una-especie\/\" class=\"yoast-seo-meta-tag\" \/>\n<meta property=\"og:site_name\" content=\"Magallanes\" class=\"yoast-seo-meta-tag\" \/>\n<meta property=\"article:published_time\" content=\"2015-10-17T04:00:00+00:00\" class=\"yoast-seo-meta-tag\" \/>\n<meta property=\"article:modified_time\" content=\"2019-05-20T21:39:39+00:00\" class=\"yoast-seo-meta-tag\" \/>\n<meta property=\"og:image\" content=\"https:\/\/dev.explora.cl\/magallanes\/wp-content\/uploads\/sites\/19\/2018\/06\/209e1cb0e70e800c32e7eb319f48aa54.jpg\" class=\"yoast-seo-meta-tag\" \/>\n\t<meta property=\"og:image:width\" content=\"593\" class=\"yoast-seo-meta-tag\" \/>\n\t<meta property=\"og:image:height\" content=\"311\" class=\"yoast-seo-meta-tag\" \/>\n\t<meta property=\"og:image:type\" content=\"image\/jpeg\" class=\"yoast-seo-meta-tag\" \/>\n<meta name=\"author\" content=\"webman\" class=\"yoast-seo-meta-tag\" \/>\n<meta name=\"twitter:card\" content=\"summary_large_image\" class=\"yoast-seo-meta-tag\" \/>\n<meta name=\"twitter:label1\" content=\"Escrito por\" class=\"yoast-seo-meta-tag\" \/>\n\t<meta name=\"twitter:data1\" content=\"webman\" class=\"yoast-seo-meta-tag\" \/>\n\t<meta name=\"twitter:label2\" content=\"Tiempo estimado de lectura\" class=\"yoast-seo-meta-tag\" \/>\n\t<meta name=\"twitter:data2\" content=\"1 minuto\" class=\"yoast-seo-meta-tag\" \/>\n<script type=\"application\/ld+json\" class=\"yoast-schema-graph\">{\"@context\":\"https:\/\/schema.org\",\"@graph\":[{\"@type\":\"Article\",\"@id\":\"https:\/\/dev.explora.cl\/magallanes\/estreno-del-documental-el-huemul-la-sombra-de-una-especie\/#article\",\"isPartOf\":{\"@id\":\"https:\/\/dev.explora.cl\/magallanes\/estreno-del-documental-el-huemul-la-sombra-de-una-especie\/\"},\"author\":{\"name\":\"webman\",\"@id\":\"https:\/\/dev.explora.cl\/magallanes\/#\/schema\/person\/cb8349c13ea2d324080adf8480d7ba5d\"},\"headline\":\"Estreno del documental: El Huemul, la sombra de una especie\",\"datePublished\":\"2015-10-17T04:00:00+00:00\",\"dateModified\":\"2019-05-20T21:39:39+00:00\",\"mainEntityOfPage\":{\"@id\":\"https:\/\/dev.explora.cl\/magallanes\/estreno-del-documental-el-huemul-la-sombra-de-una-especie\/\"},\"wordCount\":123,\"commentCount\":0,\"publisher\":{\"@id\":\"https:\/\/dev.explora.cl\/magallanes\/#organization\"},\"image\":{\"@id\":\"https:\/\/dev.explora.cl\/magallanes\/estreno-del-documental-el-huemul-la-sombra-de-una-especie\/#primaryimage\"},\"thumbnailUrl\":\"https:\/\/dev.explora.cl\/magallanes\/wp-content\/uploads\/sites\/19\/2018\/06\/209e1cb0e70e800c32e7eb319f48aa54.jpg\",\"keywords\":[\"documental\"],\"articleSection\":[\"Noticias\"],\"inLanguage\":\"es-CL\",\"potentialAction\":[{\"@type\":\"CommentAction\",\"name\":\"Comment\",\"target\":[\"https:\/\/dev.explora.cl\/magallanes\/estreno-del-documental-el-huemul-la-sombra-de-una-especie\/#respond\"]}]},{\"@type\":\"WebPage\",\"@id\":\"https:\/\/dev.explora.cl\/magallanes\/estreno-del-documental-el-huemul-la-sombra-de-una-especie\/\",\"url\":\"https:\/\/dev.explora.cl\/magallanes\/estreno-del-documental-el-huemul-la-sombra-de-una-especie\/\",\"name\":\"Estreno del documental: El Huemul, la sombra de una especie - Magallanes\",\"isPartOf\":{\"@id\":\"https:\/\/dev.explora.cl\/magallanes\/#website\"},\"primaryImageOfPage\":{\"@id\":\"https:\/\/dev.explora.cl\/magallanes\/estreno-del-documental-el-huemul-la-sombra-de-una-especie\/#primaryimage\"},\"image\":{\"@id\":\"https:\/\/dev.explora.cl\/magallanes\/estreno-del-documental-el-huemul-la-sombra-de-una-especie\/#primaryimage\"},\"thumbnailUrl\":\"https:\/\/dev.explora.cl\/magallanes\/wp-content\/uploads\/sites\/19\/2018\/06\/209e1cb0e70e800c32e7eb319f48aa54.jpg\",\"datePublished\":\"2015-10-17T04:00:00+00:00\",\"dateModified\":\"2019-05-20T21:39:39+00:00\",\"breadcrumb\":{\"@id\":\"https:\/\/dev.explora.cl\/magallanes\/estreno-del-documental-el-huemul-la-sombra-de-una-especie\/#breadcrumb\"},\"inLanguage\":\"es-CL\",\"potentialAction\":[{\"@type\":\"ReadAction\",\"target\":[\"https:\/\/dev.explora.cl\/magallanes\/estreno-del-documental-el-huemul-la-sombra-de-una-especie\/\"]}]},{\"@type\":\"ImageObject\",\"inLanguage\":\"es-CL\",\"@id\":\"https:\/\/dev.explora.cl\/magallanes\/estreno-del-documental-el-huemul-la-sombra-de-una-especie\/#primaryimage\",\"url\":\"https:\/\/dev.explora.cl\/magallanes\/wp-content\/uploads\/sites\/19\/2018\/06\/209e1cb0e70e800c32e7eb319f48aa54.jpg\",\"contentUrl\":\"https:\/\/dev.explora.cl\/magallanes\/wp-content\/uploads\/sites\/19\/2018\/06\/209e1cb0e70e800c32e7eb319f48aa54.jpg\",\"width\":593,\"height\":311},{\"@type\":\"BreadcrumbList\",\"@id\":\"https:\/\/dev.explora.cl\/magallanes\/estreno-del-documental-el-huemul-la-sombra-de-una-especie\/#breadcrumb\",\"itemListElement\":[{\"@type\":\"ListItem\",\"position\":1,\"name\":\"Portada\",\"item\":\"https:\/\/dev.explora.cl\/magallanes\/\"},{\"@type\":\"ListItem\",\"position\":2,\"name\":\"Estreno del documental: El Huemul, la sombra de una especie\"}]},{\"@type\":\"WebSite\",\"@id\":\"https:\/\/dev.explora.cl\/magallanes\/#website\",\"url\":\"https:\/\/dev.explora.cl\/magallanes\/\",\"name\":\"Magallanes\",\"description\":\"Otro sitio m\u00e1s de dev.explora.cl\",\"publisher\":{\"@id\":\"https:\/\/dev.explora.cl\/magallanes\/#organization\"},\"potentialAction\":[{\"@type\":\"SearchAction\",\"target\":{\"@type\":\"EntryPoint\",\"urlTemplate\":\"https:\/\/dev.explora.cl\/magallanes\/?s={search_term_string}\"},\"query-input\":{\"@type\":\"PropertyValueSpecification\",\"valueRequired\":true,\"valueName\":\"search_term_string\"}}],\"inLanguage\":\"es-CL\"},{\"@type\":\"Organization\",\"@id\":\"https:\/\/dev.explora.cl\/magallanes\/#organization\",\"name\":\"Magallanes\",\"url\":\"https:\/\/dev.explora.cl\/magallanes\/\",\"logo\":{\"@type\":\"ImageObject\",\"inLanguage\":\"es-CL\",\"@id\":\"https:\/\/dev.explora.cl\/magallanes\/#\/schema\/logo\/image\/\",\"url\":\"https:\/\/dev.explora.cl\/magallanes\/wp-content\/uploads\/sites\/19\/2021\/06\/cropped-ICONO-COLOR-2.jpg\",\"contentUrl\":\"https:\/\/dev.explora.cl\/magallanes\/wp-content\/uploads\/sites\/19\/2021\/06\/cropped-ICONO-COLOR-2.jpg\",\"width\":1181,\"height\":1181,\"caption\":\"Magallanes\"},\"image\":{\"@id\":\"https:\/\/dev.explora.cl\/magallanes\/#\/schema\/logo\/image\/\"}},{\"@type\":\"Person\",\"@id\":\"https:\/\/dev.explora.cl\/magallanes\/#\/schema\/person\/cb8349c13ea2d324080adf8480d7ba5d\",\"name\":\"webman\",\"image\":{\"@type\":\"ImageObject\",\"inLanguage\":\"es-CL\",\"@id\":\"https:\/\/dev.explora.cl\/magallanes\/#\/schema\/person\/image\/\",\"url\":\"https:\/\/secure.gravatar.com\/avatar\/eeff3c82f2c02f7177d13663b7e6f890e9a6a0647ce9bb29cae02dcb094c7312?s=96&d=mm&r=g\",\"contentUrl\":\"https:\/\/secure.gravatar.com\/avatar\/eeff3c82f2c02f7177d13663b7e6f890e9a6a0647ce9bb29cae02dcb094c7312?s=96&d=mm&r=g\",\"caption\":\"webman\"},\"url\":\"https:\/\/dev.explora.cl\/magallanes\/author\/webman\/\"}]}<\/script>\n<!-- \/ Yoast SEO plugin. -->","yoast_head_json":{"title":"Estreno del documental: El Huemul, la sombra de una especie - Magallanes","robots":{"index":"index","follow":"follow","max-snippet":"max-snippet:-1","max-image-preview":"max-image-preview:large","max-video-preview":"max-video-preview:-1"},"canonical":"https:\/\/dev.explora.cl\/magallanes\/estreno-del-documental-el-huemul-la-sombra-de-una-especie\/","og_locale":"es_ES","og_type":"article","og_title":"Estreno del documental: El Huemul, la sombra de una especie - Magallanes","og_description":"PAR Explora Magallanes y la WCS invitan a la comunidad al estreno en Punta Arenas del documental El Huemul, la sombra de una especie de Diego Canut. &nbsp; Este documental fue desarrollado por la ONG Chilena Aumen y la productora Argentina Angelito\/Cruz\/Diablo, quienes desarrollaron esta producci\u00f3n audiovisual con fines educativos y de divulgaci\u00f3n cient\u00edfica. El [&hellip;]","og_url":"https:\/\/dev.explora.cl\/magallanes\/estreno-del-documental-el-huemul-la-sombra-de-una-especie\/","og_site_name":"Magallanes","article_published_time":"2015-10-17T04:00:00+00:00","article_modified_time":"2019-05-20T21:39:39+00:00","og_image":[{"width":593,"height":311,"url":"https:\/\/dev.explora.cl\/magallanes\/wp-content\/uploads\/sites\/19\/2018\/06\/209e1cb0e70e800c32e7eb319f48aa54.jpg","type":"image\/jpeg"}],"author":"webman","twitter_card":"summary_large_image","twitter_misc":{"Escrito por":"webman","Tiempo estimado de lectura":"1 minuto"},"schema":{"@context":"https:\/\/schema.org","@graph":[{"@type":"Article","@id":"https:\/\/dev.explora.cl\/magallanes\/estreno-del-documental-el-huemul-la-sombra-de-una-especie\/#article","isPartOf":{"@id":"https:\/\/dev.explora.cl\/magallanes\/estreno-del-documental-el-huemul-la-sombra-de-una-especie\/"},"author":{"name":"webman","@id":"https:\/\/dev.explora.cl\/magallanes\/#\/schema\/person\/cb8349c13ea2d324080adf8480d7ba5d"},"headline":"Estreno del documental: El Huemul, la sombra de una especie","datePublished":"2015-10-17T04:00:00+00:00","dateModified":"2019-05-20T21:39:39+00:00","mainEntityOfPage":{"@id":"https:\/\/dev.explora.cl\/magallanes\/estreno-del-documental-el-huemul-la-sombra-de-una-especie\/"},"wordCount":123,"commentCount":0,"publisher":{"@id":"https:\/\/dev.explora.cl\/magallanes\/#organization"},"image":{"@id":"https:\/\/dev.explora.cl\/magallanes\/estreno-del-documental-el-huemul-la-sombra-de-una-especie\/#primaryimage"},"thumbnailUrl":"https:\/\/dev.explora.cl\/magallanes\/wp-content\/uploads\/sites\/19\/2018\/06\/209e1cb0e70e800c32e7eb319f48aa54.jpg","keywords":["documental"],"articleSection":["Noticias"],"inLanguage":"es-CL","potentialAction":[{"@type":"CommentAction","name":"Comment","target":["https:\/\/dev.explora.cl\/magallanes\/estreno-del-documental-el-huemul-la-sombra-de-una-especie\/#respond"]}]},{"@type":"WebPage","@id":"https:\/\/dev.explora.cl\/magallanes\/estreno-del-documental-el-huemul-la-sombra-de-una-especie\/","url":"https:\/\/dev.explora.cl\/magallanes\/estreno-del-documental-el-huemul-la-sombra-de-una-especie\/","name":"Estreno del documental: El Huemul, la sombra de una especie - Magallanes","isPartOf":{"@id":"https:\/\/dev.explora.cl\/magallanes\/#website"},"primaryImageOfPage":{"@id":"https:\/\/dev.explora.cl\/magallanes\/estreno-del-documental-el-huemul-la-sombra-de-una-especie\/#primaryimage"},"image":{"@id":"https:\/\/dev.explora.cl\/magallanes\/estreno-del-documental-el-huemul-la-sombra-de-una-especie\/#primaryimage"},"thumbnailUrl":"https:\/\/dev.explora.cl\/magallanes\/wp-content\/uploads\/sites\/19\/2018\/06\/209e1cb0e70e800c32e7eb319f48aa54.jpg","datePublished":"2015-10-17T04:00:00+00:00","dateModified":"2019-05-20T21:39:39+00:00","breadcrumb":{"@id":"https:\/\/dev.explora.cl\/magallanes\/estreno-del-documental-el-huemul-la-sombra-de-una-especie\/#breadcrumb"},"inLanguage":"es-CL","potentialAction":[{"@type":"ReadAction","target":["https:\/\/dev.explora.cl\/magallanes\/estreno-del-documental-el-huemul-la-sombra-de-una-especie\/"]}]},{"@type":"ImageObject","inLanguage":"es-CL","@id":"https:\/\/dev.explora.cl\/magallanes\/estreno-del-documental-el-huemul-la-sombra-de-una-especie\/#primaryimage","url":"https:\/\/dev.explora.cl\/magallanes\/wp-content\/uploads\/sites\/19\/2018\/06\/209e1cb0e70e800c32e7eb319f48aa54.jpg","contentUrl":"https:\/\/dev.explora.cl\/magallanes\/wp-content\/uploads\/sites\/19\/2018\/06\/209e1cb0e70e800c32e7eb319f48aa54.jpg","width":593,"height":311},{"@type":"BreadcrumbList","@id":"https:\/\/dev.explora.cl\/magallanes\/estreno-del-documental-el-huemul-la-sombra-de-una-especie\/#breadcrumb","itemListElement":[{"@type":"ListItem","position":1,"name":"Portada","item":"https:\/\/dev.explora.cl\/magallanes\/"},{"@type":"ListItem","position":2,"name":"Estreno del documental: El Huemul, la sombra de una especie"}]},{"@type":"WebSite","@id":"https:\/\/dev.explora.cl\/magallanes\/#website","url":"https:\/\/dev.explora.cl\/magallanes\/","name":"Magallanes","description":"Otro sitio m\u00e1s de dev.explora.cl","publisher":{"@id":"https:\/\/dev.explora.cl\/magallanes\/#organization"},"potentialAction":[{"@type":"SearchAction","target":{"@type":"EntryPoint","urlTemplate":"https:\/\/dev.explora.cl\/magallanes\/?s={search_term_string}"},"query-input":{"@type":"PropertyValueSpecification","valueRequired":true,"valueName":"search_term_string"}}],"inLanguage":"es-CL"},{"@type":"Organization","@id":"https:\/\/dev.explora.cl\/magallanes\/#organization","name":"Magallanes","url":"https:\/\/dev.explora.cl\/magallanes\/","logo":{"@type":"ImageObject","inLanguage":"es-CL","@id":"https:\/\/dev.explora.cl\/magallanes\/#\/schema\/logo\/image\/","url":"https:\/\/dev.explora.cl\/magallanes\/wp-content\/uploads\/sites\/19\/2021\/06\/cropped-ICONO-COLOR-2.jpg","contentUrl":"https:\/\/dev.explora.cl\/magallanes\/wp-content\/uploads\/sites\/19\/2021\/06\/cropped-ICONO-COLOR-2.jpg","width":1181,"height":1181,"caption":"Magallanes"},"image":{"@id":"https:\/\/dev.explora.cl\/magallanes\/#\/schema\/logo\/image\/"}},{"@type":"Person","@id":"https:\/\/dev.explora.cl\/magallanes\/#\/schema\/person\/cb8349c13ea2d324080adf8480d7ba5d","name":"webman","image":{"@type":"ImageObject","inLanguage":"es-CL","@id":"https:\/\/dev.explora.cl\/magallanes\/#\/schema\/person\/image\/","url":"https:\/\/secure.gravatar.com\/avatar\/eeff3c82f2c02f7177d13663b7e6f890e9a6a0647ce9bb29cae02dcb094c7312?s=96&d=mm&r=g","contentUrl":"https:\/\/secure.gravatar.com\/avatar\/eeff3c82f2c02f7177d13663b7e6f890e9a6a0647ce9bb29cae02dcb094c7312?s=96&d=mm&r=g","caption":"webman"},"url":"https:\/\/dev.explora.cl\/magallanes\/author\/webman\/"}]}},"_links":{"self":[{"href":"https:\/\/dev.explora.cl\/magallanes\/wp-json\/wp\/v2\/posts\/337","targetHints":{"allow":["GET"]}}],"collection":[{"href":"https:\/\/dev.explora.cl\/magallanes\/wp-json\/wp\/v2\/posts"}],"about":[{"href":"https:\/\/dev.explora.cl\/magallanes\/wp-json\/wp\/v2\/types\/post"}],"author":[{"embeddable":true,"href":"https:\/\/dev.explora.cl\/magallanes\/wp-json\/wp\/v2\/users\/2"}],"replies":[{"embeddable":true,"href":"https:\/\/dev.explora.cl\/magallanes\/wp-json\/wp\/v2\/comments?post=337"}],"version-history":[{"count":1,"href":"https:\/\/dev.explora.cl\/magallanes\/wp-json\/wp\/v2\/posts\/337\/revisions"}],"predecessor-version":[{"id":37881,"href":"https:\/\/dev.explora.cl\/magallanes\/wp-json\/wp\/v2\/posts\/337\/revisions\/37881"}],"wp:featuredmedia":[{"embeddable":true,"href":"https:\/\/dev.explora.cl\/magallanes\/wp-json\/wp\/v2\/media\/338"}],"wp:attachment":[{"href":"https:\/\/dev.explora.cl\/magallanes\/wp-json\/wp\/v2\/media?parent=337"}],"wp:term":[{"taxonomy":"category","embeddable":true,"href":"https:\/\/dev.explora.cl\/magallanes\/wp-json\/wp\/v2\/categories?post=337"},{"taxonomy":"post_tag","embeddable":true,"href":"https:\/\/dev.explora.cl\/magallanes\/wp-json\/wp\/v2\/tags?post=337"}],"curies":[{"name":"wp","href":"https:\/\/api.w.org\/{rel}","templated":true}]}}