{"id":329,"date":"2015-10-02T00:00:00","date_gmt":"2015-10-02T04:00:00","guid":{"rendered":"https:\/\/dev.explora.cl\/magallanes\/blog\/2015\/10\/02\/esc-18-de-septiembre-participo-en-taller-conociendo-las-aves-de-mi-region\/"},"modified":"2019-05-20T21:39:41","modified_gmt":"2019-05-20T21:39:41","slug":"esc-18-de-septiembre-participo-en-taller-conociendo-las-aves-de-mi-region","status":"publish","type":"post","link":"https:\/\/dev.explora.cl\/magallanes\/esc-18-de-septiembre-participo-en-taller-conociendo-las-aves-de-mi-region\/","title":{"rendered":"Esc. 18 de Septiembre particip\u00f3 en taller &quot;conociendo las aves de mi regi\u00f3n&quot;"},"content":{"rendered":"<p><img loading=\"lazy\" decoding=\"async\" class=\" size-full wp-image-15474\" src=\"http:\/\/ec2-54-245-22-188.us-west-2.compute.amazonaws.com\/wp-content\/uploads\/2015\/10\/08188b9944fe420019b658d989ff2760.jpg\" alt=\"\" width=\"1089\" height=\"722\" \/><\/p>\n<p style=\"text-align: justify\">El pasado jueves 1 de octubre PAR Explora Magallanes, en conjunto con el Centro Bah\u00eda Lomas realiz\u00f3 la primera sesi\u00f3n del taller Conociendo las Aves de mi Regi\u00f3n. En esta actividad participaron alumnos de prekinder, kinder y primero b\u00e1sico de la Escuela Dieciocho de Septiembre, quienes en conjunto con sus profesoras se trasladaron al Parque Mar\u00eda Behety.<\/p>\n<p style=\"text-align: justify\">El avistamiento de aves fue guiado por la Bi\u00f3loga Marina del Centro Bah\u00eda Lomas Jessica Paredes, qui\u00e9n coment\u00f3 la importancia de la Educaci\u00f3n Ambiental y que los ni\u00f1os desde peque\u00f1os aprendan a identificar las especies de la Regi\u00f3n de Magallanes y Ant\u00e1rtica Chilena. &#8220;Creo que es importante que los ni\u00f1os aprendan a valorar su entorno natural y la mejor forma de lograrlo es sac\u00e1ndolos de la escuela y las casas, que sean capaces de vivir y experimentar en la naturaleza. Siempre con el debido respeto, hay cosas m\u00ednimas que podemos ense\u00f1arles como: caminar por los senderos, no tirar basura, ser silenciosos para no asustar a los animalitos, etc.&#8221;, coment\u00f3.<\/p>\n<p style=\"text-align: justify\">Por su parte, Mar\u00eda Ang\u00e9lica Andrade, Coordinadora de PreB\u00e1sica de la Escuela Dieciocho de Septiembre agradeci\u00f3 la invitaci\u00f3n de PAR Explora Magallanes, se\u00f1alando &#8220;fue una actividad bastante interesante y pudimos ver a los ni\u00f1os muy motivados. Adem\u00e1s, para ellos es una experiencia nueva reconocer el canto de las aves y poder interactuar en otro contexto con sus compa\u00f1eros&#8221;.<\/p>\n<p style=\"text-align: justify\">Para inscribir un curso y participar de este taller escribir a magallanes.explora@gmail.com<\/p>\n","protected":false},"excerpt":{"rendered":"<p>El pasado jueves 1 de octubre PAR Explora Magallanes, en conjunto con el Centro Bah\u00eda Lomas realiz\u00f3 la primera sesi\u00f3n del taller Conociendo las Aves de mi Regi\u00f3n. En esta actividad participaron alumnos de prekinder, kinder y primero b\u00e1sico de la Escuela Dieciocho de Septiembre, quienes en conjunto con sus profesoras se trasladaron al Parque [&hellip;]<\/p>\n","protected":false},"author":2,"featured_media":330,"comment_status":"open","ping_status":"open","sticky":false,"template":"","format":"standard","meta":{"_acf_changed":false,"_exactmetrics_skip_tracking":false,"_exactmetrics_sitenote_active":false,"_exactmetrics_sitenote_note":"","_exactmetrics_sitenote_category":0,"footnotes":"","_links_to":"","_links_to_target":""},"categories":[4],"tags":[162],"class_list":["post-329","post","type-post","status-publish","format-standard","has-post-thumbnail","hentry","category-noticias","tag-aves"],"acf":[],"yoast_head":"<!-- This site is optimized with the Yoast SEO plugin v26.7 - https:\/\/yoast.com\/wordpress\/plugins\/seo\/ -->\n<title>Esc. 18 de Septiembre particip\u00f3 en taller &quot;conociendo las aves de mi regi\u00f3n&quot; - Magallanes<\/title>\n<meta name=\"robots\" content=\"index, follow, max-snippet:-1, max-image-preview:large, max-video-preview:-1\" \/>\n<link rel=\"canonical\" href=\"https:\/\/dev.explora.cl\/magallanes\/esc-18-de-septiembre-participo-en-taller-conociendo-las-aves-de-mi-region\/\" class=\"yoast-seo-meta-tag\" \/>\n<meta property=\"og:locale\" content=\"es_ES\" class=\"yoast-seo-meta-tag\" \/>\n<meta property=\"og:type\" content=\"article\" class=\"yoast-seo-meta-tag\" \/>\n<meta property=\"og:title\" content=\"Esc. 18 de Septiembre particip\u00f3 en taller &quot;conociendo las aves de mi regi\u00f3n&quot; - Magallanes\" class=\"yoast-seo-meta-tag\" \/>\n<meta property=\"og:description\" content=\"El pasado jueves 1 de octubre PAR Explora Magallanes, en conjunto con el Centro Bah\u00eda Lomas realiz\u00f3 la primera sesi\u00f3n del taller Conociendo las Aves de mi Regi\u00f3n. En esta actividad participaron alumnos de prekinder, kinder y primero b\u00e1sico de la Escuela Dieciocho de Septiembre, quienes en conjunto con sus profesoras se trasladaron al Parque [&hellip;]\" class=\"yoast-seo-meta-tag\" \/>\n<meta property=\"og:url\" content=\"https:\/\/dev.explora.cl\/magallanes\/esc-18-de-septiembre-participo-en-taller-conociendo-las-aves-de-mi-region\/\" class=\"yoast-seo-meta-tag\" \/>\n<meta property=\"og:site_name\" content=\"Magallanes\" class=\"yoast-seo-meta-tag\" \/>\n<meta property=\"article:published_time\" content=\"2015-10-02T04:00:00+00:00\" class=\"yoast-seo-meta-tag\" \/>\n<meta property=\"article:modified_time\" content=\"2019-05-20T21:39:41+00:00\" class=\"yoast-seo-meta-tag\" \/>\n<meta property=\"og:image\" content=\"https:\/\/dev.explora.cl\/magallanes\/wp-content\/uploads\/sites\/19\/2018\/06\/08188b9944fe420019b658d989ff2760.jpg\" class=\"yoast-seo-meta-tag\" \/>\n\t<meta property=\"og:image:width\" content=\"1089\" class=\"yoast-seo-meta-tag\" \/>\n\t<meta property=\"og:image:height\" content=\"722\" class=\"yoast-seo-meta-tag\" \/>\n\t<meta property=\"og:image:type\" content=\"image\/jpeg\" class=\"yoast-seo-meta-tag\" \/>\n<meta name=\"author\" content=\"webman\" class=\"yoast-seo-meta-tag\" \/>\n<meta name=\"twitter:card\" content=\"summary_large_image\" class=\"yoast-seo-meta-tag\" \/>\n<meta name=\"twitter:label1\" content=\"Escrito por\" class=\"yoast-seo-meta-tag\" \/>\n\t<meta name=\"twitter:data1\" content=\"webman\" class=\"yoast-seo-meta-tag\" \/>\n\t<meta name=\"twitter:label2\" content=\"Tiempo estimado de lectura\" class=\"yoast-seo-meta-tag\" \/>\n\t<meta name=\"twitter:data2\" content=\"1 minuto\" class=\"yoast-seo-meta-tag\" \/>\n<script type=\"application\/ld+json\" class=\"yoast-schema-graph\">{\"@context\":\"https:\/\/schema.org\",\"@graph\":[{\"@type\":\"Article\",\"@id\":\"https:\/\/dev.explora.cl\/magallanes\/esc-18-de-septiembre-participo-en-taller-conociendo-las-aves-de-mi-region\/#article\",\"isPartOf\":{\"@id\":\"https:\/\/dev.explora.cl\/magallanes\/esc-18-de-septiembre-participo-en-taller-conociendo-las-aves-de-mi-region\/\"},\"author\":{\"name\":\"webman\",\"@id\":\"https:\/\/dev.explora.cl\/magallanes\/#\/schema\/person\/cb8349c13ea2d324080adf8480d7ba5d\"},\"headline\":\"Esc. 18 de Septiembre particip\u00f3 en taller &quot;conociendo las aves de mi regi\u00f3n&quot;\",\"datePublished\":\"2015-10-02T04:00:00+00:00\",\"dateModified\":\"2019-05-20T21:39:41+00:00\",\"mainEntityOfPage\":{\"@id\":\"https:\/\/dev.explora.cl\/magallanes\/esc-18-de-septiembre-participo-en-taller-conociendo-las-aves-de-mi-region\/\"},\"wordCount\":278,\"commentCount\":0,\"publisher\":{\"@id\":\"https:\/\/dev.explora.cl\/magallanes\/#organization\"},\"image\":{\"@id\":\"https:\/\/dev.explora.cl\/magallanes\/esc-18-de-septiembre-participo-en-taller-conociendo-las-aves-de-mi-region\/#primaryimage\"},\"thumbnailUrl\":\"https:\/\/dev.explora.cl\/magallanes\/wp-content\/uploads\/sites\/19\/2018\/06\/08188b9944fe420019b658d989ff2760.jpg\",\"keywords\":[\"aves\"],\"articleSection\":[\"Noticias\"],\"inLanguage\":\"es-CL\",\"potentialAction\":[{\"@type\":\"CommentAction\",\"name\":\"Comment\",\"target\":[\"https:\/\/dev.explora.cl\/magallanes\/esc-18-de-septiembre-participo-en-taller-conociendo-las-aves-de-mi-region\/#respond\"]}]},{\"@type\":\"WebPage\",\"@id\":\"https:\/\/dev.explora.cl\/magallanes\/esc-18-de-septiembre-participo-en-taller-conociendo-las-aves-de-mi-region\/\",\"url\":\"https:\/\/dev.explora.cl\/magallanes\/esc-18-de-septiembre-participo-en-taller-conociendo-las-aves-de-mi-region\/\",\"name\":\"Esc. 18 de Septiembre particip\u00f3 en taller &quot;conociendo las aves de mi regi\u00f3n&quot; - Magallanes\",\"isPartOf\":{\"@id\":\"https:\/\/dev.explora.cl\/magallanes\/#website\"},\"primaryImageOfPage\":{\"@id\":\"https:\/\/dev.explora.cl\/magallanes\/esc-18-de-septiembre-participo-en-taller-conociendo-las-aves-de-mi-region\/#primaryimage\"},\"image\":{\"@id\":\"https:\/\/dev.explora.cl\/magallanes\/esc-18-de-septiembre-participo-en-taller-conociendo-las-aves-de-mi-region\/#primaryimage\"},\"thumbnailUrl\":\"https:\/\/dev.explora.cl\/magallanes\/wp-content\/uploads\/sites\/19\/2018\/06\/08188b9944fe420019b658d989ff2760.jpg\",\"datePublished\":\"2015-10-02T04:00:00+00:00\",\"dateModified\":\"2019-05-20T21:39:41+00:00\",\"breadcrumb\":{\"@id\":\"https:\/\/dev.explora.cl\/magallanes\/esc-18-de-septiembre-participo-en-taller-conociendo-las-aves-de-mi-region\/#breadcrumb\"},\"inLanguage\":\"es-CL\",\"potentialAction\":[{\"@type\":\"ReadAction\",\"target\":[\"https:\/\/dev.explora.cl\/magallanes\/esc-18-de-septiembre-participo-en-taller-conociendo-las-aves-de-mi-region\/\"]}]},{\"@type\":\"ImageObject\",\"inLanguage\":\"es-CL\",\"@id\":\"https:\/\/dev.explora.cl\/magallanes\/esc-18-de-septiembre-participo-en-taller-conociendo-las-aves-de-mi-region\/#primaryimage\",\"url\":\"https:\/\/dev.explora.cl\/magallanes\/wp-content\/uploads\/sites\/19\/2018\/06\/08188b9944fe420019b658d989ff2760.jpg\",\"contentUrl\":\"https:\/\/dev.explora.cl\/magallanes\/wp-content\/uploads\/sites\/19\/2018\/06\/08188b9944fe420019b658d989ff2760.jpg\",\"width\":1089,\"height\":722},{\"@type\":\"BreadcrumbList\",\"@id\":\"https:\/\/dev.explora.cl\/magallanes\/esc-18-de-septiembre-participo-en-taller-conociendo-las-aves-de-mi-region\/#breadcrumb\",\"itemListElement\":[{\"@type\":\"ListItem\",\"position\":1,\"name\":\"Portada\",\"item\":\"https:\/\/dev.explora.cl\/magallanes\/\"},{\"@type\":\"ListItem\",\"position\":2,\"name\":\"Esc. 18 de Septiembre particip\u00f3 en taller &quot;conociendo las aves de mi regi\u00f3n&quot;\"}]},{\"@type\":\"WebSite\",\"@id\":\"https:\/\/dev.explora.cl\/magallanes\/#website\",\"url\":\"https:\/\/dev.explora.cl\/magallanes\/\",\"name\":\"Magallanes\",\"description\":\"Otro sitio m\u00e1s de dev.explora.cl\",\"publisher\":{\"@id\":\"https:\/\/dev.explora.cl\/magallanes\/#organization\"},\"potentialAction\":[{\"@type\":\"SearchAction\",\"target\":{\"@type\":\"EntryPoint\",\"urlTemplate\":\"https:\/\/dev.explora.cl\/magallanes\/?s={search_term_string}\"},\"query-input\":{\"@type\":\"PropertyValueSpecification\",\"valueRequired\":true,\"valueName\":\"search_term_string\"}}],\"inLanguage\":\"es-CL\"},{\"@type\":\"Organization\",\"@id\":\"https:\/\/dev.explora.cl\/magallanes\/#organization\",\"name\":\"Magallanes\",\"url\":\"https:\/\/dev.explora.cl\/magallanes\/\",\"logo\":{\"@type\":\"ImageObject\",\"inLanguage\":\"es-CL\",\"@id\":\"https:\/\/dev.explora.cl\/magallanes\/#\/schema\/logo\/image\/\",\"url\":\"https:\/\/dev.explora.cl\/magallanes\/wp-content\/uploads\/sites\/19\/2021\/06\/cropped-ICONO-COLOR-2.jpg\",\"contentUrl\":\"https:\/\/dev.explora.cl\/magallanes\/wp-content\/uploads\/sites\/19\/2021\/06\/cropped-ICONO-COLOR-2.jpg\",\"width\":1181,\"height\":1181,\"caption\":\"Magallanes\"},\"image\":{\"@id\":\"https:\/\/dev.explora.cl\/magallanes\/#\/schema\/logo\/image\/\"}},{\"@type\":\"Person\",\"@id\":\"https:\/\/dev.explora.cl\/magallanes\/#\/schema\/person\/cb8349c13ea2d324080adf8480d7ba5d\",\"name\":\"webman\",\"image\":{\"@type\":\"ImageObject\",\"inLanguage\":\"es-CL\",\"@id\":\"https:\/\/dev.explora.cl\/magallanes\/#\/schema\/person\/image\/\",\"url\":\"https:\/\/secure.gravatar.com\/avatar\/eeff3c82f2c02f7177d13663b7e6f890e9a6a0647ce9bb29cae02dcb094c7312?s=96&d=mm&r=g\",\"contentUrl\":\"https:\/\/secure.gravatar.com\/avatar\/eeff3c82f2c02f7177d13663b7e6f890e9a6a0647ce9bb29cae02dcb094c7312?s=96&d=mm&r=g\",\"caption\":\"webman\"},\"url\":\"https:\/\/dev.explora.cl\/magallanes\/author\/webman\/\"}]}<\/script>\n<!-- \/ Yoast SEO plugin. -->","yoast_head_json":{"title":"Esc. 18 de Septiembre particip\u00f3 en taller &quot;conociendo las aves de mi regi\u00f3n&quot; - Magallanes","robots":{"index":"index","follow":"follow","max-snippet":"max-snippet:-1","max-image-preview":"max-image-preview:large","max-video-preview":"max-video-preview:-1"},"canonical":"https:\/\/dev.explora.cl\/magallanes\/esc-18-de-septiembre-participo-en-taller-conociendo-las-aves-de-mi-region\/","og_locale":"es_ES","og_type":"article","og_title":"Esc. 18 de Septiembre particip\u00f3 en taller &quot;conociendo las aves de mi regi\u00f3n&quot; - Magallanes","og_description":"El pasado jueves 1 de octubre PAR Explora Magallanes, en conjunto con el Centro Bah\u00eda Lomas realiz\u00f3 la primera sesi\u00f3n del taller Conociendo las Aves de mi Regi\u00f3n. En esta actividad participaron alumnos de prekinder, kinder y primero b\u00e1sico de la Escuela Dieciocho de Septiembre, quienes en conjunto con sus profesoras se trasladaron al Parque [&hellip;]","og_url":"https:\/\/dev.explora.cl\/magallanes\/esc-18-de-septiembre-participo-en-taller-conociendo-las-aves-de-mi-region\/","og_site_name":"Magallanes","article_published_time":"2015-10-02T04:00:00+00:00","article_modified_time":"2019-05-20T21:39:41+00:00","og_image":[{"width":1089,"height":722,"url":"https:\/\/dev.explora.cl\/magallanes\/wp-content\/uploads\/sites\/19\/2018\/06\/08188b9944fe420019b658d989ff2760.jpg","type":"image\/jpeg"}],"author":"webman","twitter_card":"summary_large_image","twitter_misc":{"Escrito por":"webman","Tiempo estimado de lectura":"1 minuto"},"schema":{"@context":"https:\/\/schema.org","@graph":[{"@type":"Article","@id":"https:\/\/dev.explora.cl\/magallanes\/esc-18-de-septiembre-participo-en-taller-conociendo-las-aves-de-mi-region\/#article","isPartOf":{"@id":"https:\/\/dev.explora.cl\/magallanes\/esc-18-de-septiembre-participo-en-taller-conociendo-las-aves-de-mi-region\/"},"author":{"name":"webman","@id":"https:\/\/dev.explora.cl\/magallanes\/#\/schema\/person\/cb8349c13ea2d324080adf8480d7ba5d"},"headline":"Esc. 18 de Septiembre particip\u00f3 en taller &quot;conociendo las aves de mi regi\u00f3n&quot;","datePublished":"2015-10-02T04:00:00+00:00","dateModified":"2019-05-20T21:39:41+00:00","mainEntityOfPage":{"@id":"https:\/\/dev.explora.cl\/magallanes\/esc-18-de-septiembre-participo-en-taller-conociendo-las-aves-de-mi-region\/"},"wordCount":278,"commentCount":0,"publisher":{"@id":"https:\/\/dev.explora.cl\/magallanes\/#organization"},"image":{"@id":"https:\/\/dev.explora.cl\/magallanes\/esc-18-de-septiembre-participo-en-taller-conociendo-las-aves-de-mi-region\/#primaryimage"},"thumbnailUrl":"https:\/\/dev.explora.cl\/magallanes\/wp-content\/uploads\/sites\/19\/2018\/06\/08188b9944fe420019b658d989ff2760.jpg","keywords":["aves"],"articleSection":["Noticias"],"inLanguage":"es-CL","potentialAction":[{"@type":"CommentAction","name":"Comment","target":["https:\/\/dev.explora.cl\/magallanes\/esc-18-de-septiembre-participo-en-taller-conociendo-las-aves-de-mi-region\/#respond"]}]},{"@type":"WebPage","@id":"https:\/\/dev.explora.cl\/magallanes\/esc-18-de-septiembre-participo-en-taller-conociendo-las-aves-de-mi-region\/","url":"https:\/\/dev.explora.cl\/magallanes\/esc-18-de-septiembre-participo-en-taller-conociendo-las-aves-de-mi-region\/","name":"Esc. 18 de Septiembre particip\u00f3 en taller &quot;conociendo las aves de mi regi\u00f3n&quot; - Magallanes","isPartOf":{"@id":"https:\/\/dev.explora.cl\/magallanes\/#website"},"primaryImageOfPage":{"@id":"https:\/\/dev.explora.cl\/magallanes\/esc-18-de-septiembre-participo-en-taller-conociendo-las-aves-de-mi-region\/#primaryimage"},"image":{"@id":"https:\/\/dev.explora.cl\/magallanes\/esc-18-de-septiembre-participo-en-taller-conociendo-las-aves-de-mi-region\/#primaryimage"},"thumbnailUrl":"https:\/\/dev.explora.cl\/magallanes\/wp-content\/uploads\/sites\/19\/2018\/06\/08188b9944fe420019b658d989ff2760.jpg","datePublished":"2015-10-02T04:00:00+00:00","dateModified":"2019-05-20T21:39:41+00:00","breadcrumb":{"@id":"https:\/\/dev.explora.cl\/magallanes\/esc-18-de-septiembre-participo-en-taller-conociendo-las-aves-de-mi-region\/#breadcrumb"},"inLanguage":"es-CL","potentialAction":[{"@type":"ReadAction","target":["https:\/\/dev.explora.cl\/magallanes\/esc-18-de-septiembre-participo-en-taller-conociendo-las-aves-de-mi-region\/"]}]},{"@type":"ImageObject","inLanguage":"es-CL","@id":"https:\/\/dev.explora.cl\/magallanes\/esc-18-de-septiembre-participo-en-taller-conociendo-las-aves-de-mi-region\/#primaryimage","url":"https:\/\/dev.explora.cl\/magallanes\/wp-content\/uploads\/sites\/19\/2018\/06\/08188b9944fe420019b658d989ff2760.jpg","contentUrl":"https:\/\/dev.explora.cl\/magallanes\/wp-content\/uploads\/sites\/19\/2018\/06\/08188b9944fe420019b658d989ff2760.jpg","width":1089,"height":722},{"@type":"BreadcrumbList","@id":"https:\/\/dev.explora.cl\/magallanes\/esc-18-de-septiembre-participo-en-taller-conociendo-las-aves-de-mi-region\/#breadcrumb","itemListElement":[{"@type":"ListItem","position":1,"name":"Portada","item":"https:\/\/dev.explora.cl\/magallanes\/"},{"@type":"ListItem","position":2,"name":"Esc. 18 de Septiembre particip\u00f3 en taller &quot;conociendo las aves de mi regi\u00f3n&quot;"}]},{"@type":"WebSite","@id":"https:\/\/dev.explora.cl\/magallanes\/#website","url":"https:\/\/dev.explora.cl\/magallanes\/","name":"Magallanes","description":"Otro sitio m\u00e1s de dev.explora.cl","publisher":{"@id":"https:\/\/dev.explora.cl\/magallanes\/#organization"},"potentialAction":[{"@type":"SearchAction","target":{"@type":"EntryPoint","urlTemplate":"https:\/\/dev.explora.cl\/magallanes\/?s={search_term_string}"},"query-input":{"@type":"PropertyValueSpecification","valueRequired":true,"valueName":"search_term_string"}}],"inLanguage":"es-CL"},{"@type":"Organization","@id":"https:\/\/dev.explora.cl\/magallanes\/#organization","name":"Magallanes","url":"https:\/\/dev.explora.cl\/magallanes\/","logo":{"@type":"ImageObject","inLanguage":"es-CL","@id":"https:\/\/dev.explora.cl\/magallanes\/#\/schema\/logo\/image\/","url":"https:\/\/dev.explora.cl\/magallanes\/wp-content\/uploads\/sites\/19\/2021\/06\/cropped-ICONO-COLOR-2.jpg","contentUrl":"https:\/\/dev.explora.cl\/magallanes\/wp-content\/uploads\/sites\/19\/2021\/06\/cropped-ICONO-COLOR-2.jpg","width":1181,"height":1181,"caption":"Magallanes"},"image":{"@id":"https:\/\/dev.explora.cl\/magallanes\/#\/schema\/logo\/image\/"}},{"@type":"Person","@id":"https:\/\/dev.explora.cl\/magallanes\/#\/schema\/person\/cb8349c13ea2d324080adf8480d7ba5d","name":"webman","image":{"@type":"ImageObject","inLanguage":"es-CL","@id":"https:\/\/dev.explora.cl\/magallanes\/#\/schema\/person\/image\/","url":"https:\/\/secure.gravatar.com\/avatar\/eeff3c82f2c02f7177d13663b7e6f890e9a6a0647ce9bb29cae02dcb094c7312?s=96&d=mm&r=g","contentUrl":"https:\/\/secure.gravatar.com\/avatar\/eeff3c82f2c02f7177d13663b7e6f890e9a6a0647ce9bb29cae02dcb094c7312?s=96&d=mm&r=g","caption":"webman"},"url":"https:\/\/dev.explora.cl\/magallanes\/author\/webman\/"}]}},"_links":{"self":[{"href":"https:\/\/dev.explora.cl\/magallanes\/wp-json\/wp\/v2\/posts\/329","targetHints":{"allow":["GET"]}}],"collection":[{"href":"https:\/\/dev.explora.cl\/magallanes\/wp-json\/wp\/v2\/posts"}],"about":[{"href":"https:\/\/dev.explora.cl\/magallanes\/wp-json\/wp\/v2\/types\/post"}],"author":[{"embeddable":true,"href":"https:\/\/dev.explora.cl\/magallanes\/wp-json\/wp\/v2\/users\/2"}],"replies":[{"embeddable":true,"href":"https:\/\/dev.explora.cl\/magallanes\/wp-json\/wp\/v2\/comments?post=329"}],"version-history":[{"count":1,"href":"https:\/\/dev.explora.cl\/magallanes\/wp-json\/wp\/v2\/posts\/329\/revisions"}],"predecessor-version":[{"id":37887,"href":"https:\/\/dev.explora.cl\/magallanes\/wp-json\/wp\/v2\/posts\/329\/revisions\/37887"}],"wp:featuredmedia":[{"embeddable":true,"href":"https:\/\/dev.explora.cl\/magallanes\/wp-json\/wp\/v2\/media\/330"}],"wp:attachment":[{"href":"https:\/\/dev.explora.cl\/magallanes\/wp-json\/wp\/v2\/media?parent=329"}],"wp:term":[{"taxonomy":"category","embeddable":true,"href":"https:\/\/dev.explora.cl\/magallanes\/wp-json\/wp\/v2\/categories?post=329"},{"taxonomy":"post_tag","embeddable":true,"href":"https:\/\/dev.explora.cl\/magallanes\/wp-json\/wp\/v2\/tags?post=329"}],"curies":[{"name":"wp","href":"https:\/\/api.w.org\/{rel}","templated":true}]}}