{"id":299,"date":"2015-08-27T00:00:00","date_gmt":"2015-08-27T04:00:00","guid":{"rendered":"https:\/\/dev.explora.cl\/magallanes\/blog\/2015\/08\/27\/34-proyectos-se-presentan-en-la-xv-feria-cientifica-de-porvenir\/"},"modified":"2019-05-20T21:39:49","modified_gmt":"2019-05-20T21:39:49","slug":"34-proyectos-se-presentan-en-la-xv-feria-cientifica-de-porvenir","status":"publish","type":"post","link":"https:\/\/dev.explora.cl\/magallanes\/34-proyectos-se-presentan-en-la-xv-feria-cientifica-de-porvenir\/","title":{"rendered":"34 proyectos se presentan en la XV Feria Cient\u00edfica de Porvenir"},"content":{"rendered":"<p><img loading=\"lazy\" decoding=\"async\" class=\" size-full wp-image-14229\" src=\"http:\/\/ec2-54-245-22-188.us-west-2.compute.amazonaws.com\/wp-content\/uploads\/2015\/08\/d52db21c8b73dfa7443cd2f08e42db28.jpg\" alt=\"\" width=\"1089\" height=\"722\" \/><\/p>\n<p>&nbsp;<\/p>\n<p style=\"text-align: justify\">Este jueves 27 de agosto se realiz\u00f3 la inauguraci\u00f3n de la XV Feria Cient\u00edfica de Porvenir, organizada por PAR Explora Magallanes, el Liceo Polivalente Hernando de Magallanes y la Escuela Bernardo O\u2019higgins.<\/p>\n<p style=\"text-align: justify\">En la actividad est\u00e1n participando m\u00e1s de 60 j\u00f3venes de establecimientos educacionales de Punta Arenas, Puerto Natales y Porvenir, quienes desde comienzos del 2015 que est\u00e1n preparando sus proyectos cient\u00edficos para presentarlos en distintas ferias y congresos cient\u00edficos de todo el pa\u00eds.<\/p>\n<p style=\"text-align: justify\">Adem\u00e1s, en esta oportunidad se cuenta con exposiciones del Jard\u00edn Infantil Papelucho y Jard\u00edn Infantil Arcoiris, quienes tienen stand sobre la contaminaci\u00f3n ant\u00e1rtica y plantas de la comuna, respectivamente.<\/p>\n<p style=\"text-align: justify\">\u201cEn primer lugar, quiero agradecer a Explora, porque creo que son un elemento fundamental a la hora de fomentar la investigaci\u00f3n cient\u00edfica en los ni\u00f1os y en los colegios. Adem\u00e1s, el que se realice la decimoquinta Feria Cient\u00edfica ac\u00e1 en Porvenir demuestra la descentralizaci\u00f3n por la que tanto peleamos nosotros, porque a veces todo se concentra en Punta Arenas. Hoy no s\u00f3lo vemos a j\u00f3venes en esta actividad, tambi\u00e9n ni\u00f1os de los jardines infantiles est\u00e1n participando y este tipo de ferias despierta la curiosidad y el desarrollo de otras habilidades\u201d, expres\u00f3 Marisol Andrade, Alcaldesa de Porvenir.<\/p>\n<p style=\"text-align: justify\">\u201cNosotros quisimos participar de la Feria Cient\u00edfica porque adem\u00e1s de aprender mucho, nos entretenemos con los proyectos. Nuestro stand se llama \u2018La Tecnolog\u00eda al Servicio de la Ciencia\u2019 y me gusta la parte en la que a los asistentes se les paran los pelos producto de la energ\u00eda est\u00e1tica\u201d, coment\u00f3 Luis Aguilera, del Liceo Polivalente Hernando de Magallanes.<\/p>\n<p style=\"text-align: justify\">Los 36 proyectos presentados est\u00e1n siendo evaluados por la Doctora en Ciencias Biol\u00f3gicas Gloria S\u00e1nchez y el Doctor en Oceanograf\u00eda Javier D\u00edaz Ochoa, ambos acad\u00e9micos de la Universidad de Magallanes, quienes destacaron la participaci\u00f3n de los estudiantes en esta feria cient\u00edfica.<span>rtica Chilena.s y Anteria cientifica ts destacaron la participacieernando de Magallanes.ilidades.nes y la Escuela Bernardo O&#8217;<\/span><\/p>\n<p style=\"text-align: justify\">La XV Feria Cient\u00edfica de Porvenir terminar\u00e1 ma\u00f1ana a las 10:00hrs. con una premiaci\u00f3n de los mejores proyectos y una distinci\u00f3n para participar en el XVIII Congreso Regional Cient\u00edfico Escolar de la Regi\u00f3n de Magallanes y Ant\u00e1rtica Chilena.<\/p>\n<p style=\"text-align: justify\"><br data-mce-bogus=\"1\" \/>Revisa la <strong>Galer\u00eda Fotogr\u00e1fica <a href=\"https:\/\/www.facebook.com\/media\/set\/?set=a.1676545875915592.1073741895.1447439915492857&amp;type=3\">AC\u00c1<\/a><\/strong><\/p>\n<p>&nbsp;<\/p>\n","protected":false},"excerpt":{"rendered":"<p>&nbsp; Este jueves 27 de agosto se realiz\u00f3 la inauguraci\u00f3n de la XV Feria Cient\u00edfica de Porvenir, organizada por PAR Explora Magallanes, el Liceo Polivalente Hernando de Magallanes y la Escuela Bernardo O\u2019higgins. En la actividad est\u00e1n participando m\u00e1s de 60 j\u00f3venes de establecimientos educacionales de Punta Arenas, Puerto Natales y Porvenir, quienes desde comienzos [&hellip;]<\/p>\n","protected":false},"author":2,"featured_media":300,"comment_status":"open","ping_status":"open","sticky":false,"template":"","format":"standard","meta":{"_acf_changed":false,"_exactmetrics_skip_tracking":false,"_exactmetrics_sitenote_active":false,"_exactmetrics_sitenote_note":"","_exactmetrics_sitenote_category":0,"footnotes":"","_links_to":"","_links_to_target":""},"categories":[4],"tags":[207,102,47,208],"class_list":["post-299","post","type-post","status-publish","format-standard","has-post-thumbnail","hentry","category-noticias","tag-congresos","tag-feria-cientifica","tag-feria-de-la-tecnologia","tag-ferias-cientificas"],"acf":[],"yoast_head":"<!-- This site is optimized with the Yoast SEO plugin v26.7 - https:\/\/yoast.com\/wordpress\/plugins\/seo\/ -->\n<title>34 proyectos se presentan en la XV Feria Cient\u00edfica de Porvenir - Magallanes<\/title>\n<meta name=\"robots\" content=\"index, follow, max-snippet:-1, max-image-preview:large, max-video-preview:-1\" \/>\n<link rel=\"canonical\" href=\"https:\/\/dev.explora.cl\/magallanes\/34-proyectos-se-presentan-en-la-xv-feria-cientifica-de-porvenir\/\" class=\"yoast-seo-meta-tag\" \/>\n<meta property=\"og:locale\" content=\"es_ES\" class=\"yoast-seo-meta-tag\" \/>\n<meta property=\"og:type\" content=\"article\" class=\"yoast-seo-meta-tag\" \/>\n<meta property=\"og:title\" content=\"34 proyectos se presentan en la XV Feria Cient\u00edfica de Porvenir - Magallanes\" class=\"yoast-seo-meta-tag\" \/>\n<meta property=\"og:description\" content=\"&nbsp; Este jueves 27 de agosto se realiz\u00f3 la inauguraci\u00f3n de la XV Feria Cient\u00edfica de Porvenir, organizada por PAR Explora Magallanes, el Liceo Polivalente Hernando de Magallanes y la Escuela Bernardo O\u2019higgins. En la actividad est\u00e1n participando m\u00e1s de 60 j\u00f3venes de establecimientos educacionales de Punta Arenas, Puerto Natales y Porvenir, quienes desde comienzos [&hellip;]\" class=\"yoast-seo-meta-tag\" \/>\n<meta property=\"og:url\" content=\"https:\/\/dev.explora.cl\/magallanes\/34-proyectos-se-presentan-en-la-xv-feria-cientifica-de-porvenir\/\" class=\"yoast-seo-meta-tag\" \/>\n<meta property=\"og:site_name\" content=\"Magallanes\" class=\"yoast-seo-meta-tag\" \/>\n<meta property=\"article:published_time\" content=\"2015-08-27T04:00:00+00:00\" class=\"yoast-seo-meta-tag\" \/>\n<meta property=\"article:modified_time\" content=\"2019-05-20T21:39:49+00:00\" class=\"yoast-seo-meta-tag\" \/>\n<meta property=\"og:image\" content=\"https:\/\/dev.explora.cl\/magallanes\/wp-content\/uploads\/sites\/19\/2018\/06\/d52db21c8b73dfa7443cd2f08e42db28.jpg\" class=\"yoast-seo-meta-tag\" \/>\n\t<meta property=\"og:image:width\" content=\"1089\" class=\"yoast-seo-meta-tag\" \/>\n\t<meta property=\"og:image:height\" content=\"722\" class=\"yoast-seo-meta-tag\" \/>\n\t<meta property=\"og:image:type\" content=\"image\/jpeg\" class=\"yoast-seo-meta-tag\" \/>\n<meta name=\"author\" content=\"webman\" class=\"yoast-seo-meta-tag\" \/>\n<meta name=\"twitter:card\" content=\"summary_large_image\" class=\"yoast-seo-meta-tag\" \/>\n<meta name=\"twitter:label1\" content=\"Escrito por\" class=\"yoast-seo-meta-tag\" \/>\n\t<meta name=\"twitter:data1\" content=\"webman\" class=\"yoast-seo-meta-tag\" \/>\n\t<meta name=\"twitter:label2\" content=\"Tiempo estimado de lectura\" class=\"yoast-seo-meta-tag\" \/>\n\t<meta name=\"twitter:data2\" content=\"2 minutos\" class=\"yoast-seo-meta-tag\" \/>\n<script type=\"application\/ld+json\" class=\"yoast-schema-graph\">{\"@context\":\"https:\/\/schema.org\",\"@graph\":[{\"@type\":\"Article\",\"@id\":\"https:\/\/dev.explora.cl\/magallanes\/34-proyectos-se-presentan-en-la-xv-feria-cientifica-de-porvenir\/#article\",\"isPartOf\":{\"@id\":\"https:\/\/dev.explora.cl\/magallanes\/34-proyectos-se-presentan-en-la-xv-feria-cientifica-de-porvenir\/\"},\"author\":{\"name\":\"webman\",\"@id\":\"https:\/\/dev.explora.cl\/magallanes\/#\/schema\/person\/cb8349c13ea2d324080adf8480d7ba5d\"},\"headline\":\"34 proyectos se presentan en la XV Feria Cient\u00edfica de Porvenir\",\"datePublished\":\"2015-08-27T04:00:00+00:00\",\"dateModified\":\"2019-05-20T21:39:49+00:00\",\"mainEntityOfPage\":{\"@id\":\"https:\/\/dev.explora.cl\/magallanes\/34-proyectos-se-presentan-en-la-xv-feria-cientifica-de-porvenir\/\"},\"wordCount\":417,\"commentCount\":0,\"publisher\":{\"@id\":\"https:\/\/dev.explora.cl\/magallanes\/#organization\"},\"image\":{\"@id\":\"https:\/\/dev.explora.cl\/magallanes\/34-proyectos-se-presentan-en-la-xv-feria-cientifica-de-porvenir\/#primaryimage\"},\"thumbnailUrl\":\"https:\/\/dev.explora.cl\/magallanes\/wp-content\/uploads\/sites\/19\/2018\/06\/d52db21c8b73dfa7443cd2f08e42db28.jpg\",\"keywords\":[\"CONGRESOS\",\"Feria Cient\u00edfica\",\"feria de la tecnolog\u00eda\",\"Ferias Cientificas\"],\"articleSection\":[\"Noticias\"],\"inLanguage\":\"es-CL\",\"potentialAction\":[{\"@type\":\"CommentAction\",\"name\":\"Comment\",\"target\":[\"https:\/\/dev.explora.cl\/magallanes\/34-proyectos-se-presentan-en-la-xv-feria-cientifica-de-porvenir\/#respond\"]}]},{\"@type\":\"WebPage\",\"@id\":\"https:\/\/dev.explora.cl\/magallanes\/34-proyectos-se-presentan-en-la-xv-feria-cientifica-de-porvenir\/\",\"url\":\"https:\/\/dev.explora.cl\/magallanes\/34-proyectos-se-presentan-en-la-xv-feria-cientifica-de-porvenir\/\",\"name\":\"34 proyectos se presentan en la XV Feria Cient\u00edfica de Porvenir - Magallanes\",\"isPartOf\":{\"@id\":\"https:\/\/dev.explora.cl\/magallanes\/#website\"},\"primaryImageOfPage\":{\"@id\":\"https:\/\/dev.explora.cl\/magallanes\/34-proyectos-se-presentan-en-la-xv-feria-cientifica-de-porvenir\/#primaryimage\"},\"image\":{\"@id\":\"https:\/\/dev.explora.cl\/magallanes\/34-proyectos-se-presentan-en-la-xv-feria-cientifica-de-porvenir\/#primaryimage\"},\"thumbnailUrl\":\"https:\/\/dev.explora.cl\/magallanes\/wp-content\/uploads\/sites\/19\/2018\/06\/d52db21c8b73dfa7443cd2f08e42db28.jpg\",\"datePublished\":\"2015-08-27T04:00:00+00:00\",\"dateModified\":\"2019-05-20T21:39:49+00:00\",\"breadcrumb\":{\"@id\":\"https:\/\/dev.explora.cl\/magallanes\/34-proyectos-se-presentan-en-la-xv-feria-cientifica-de-porvenir\/#breadcrumb\"},\"inLanguage\":\"es-CL\",\"potentialAction\":[{\"@type\":\"ReadAction\",\"target\":[\"https:\/\/dev.explora.cl\/magallanes\/34-proyectos-se-presentan-en-la-xv-feria-cientifica-de-porvenir\/\"]}]},{\"@type\":\"ImageObject\",\"inLanguage\":\"es-CL\",\"@id\":\"https:\/\/dev.explora.cl\/magallanes\/34-proyectos-se-presentan-en-la-xv-feria-cientifica-de-porvenir\/#primaryimage\",\"url\":\"https:\/\/dev.explora.cl\/magallanes\/wp-content\/uploads\/sites\/19\/2018\/06\/d52db21c8b73dfa7443cd2f08e42db28.jpg\",\"contentUrl\":\"https:\/\/dev.explora.cl\/magallanes\/wp-content\/uploads\/sites\/19\/2018\/06\/d52db21c8b73dfa7443cd2f08e42db28.jpg\",\"width\":1089,\"height\":722},{\"@type\":\"BreadcrumbList\",\"@id\":\"https:\/\/dev.explora.cl\/magallanes\/34-proyectos-se-presentan-en-la-xv-feria-cientifica-de-porvenir\/#breadcrumb\",\"itemListElement\":[{\"@type\":\"ListItem\",\"position\":1,\"name\":\"Portada\",\"item\":\"https:\/\/dev.explora.cl\/magallanes\/\"},{\"@type\":\"ListItem\",\"position\":2,\"name\":\"34 proyectos se presentan en la XV Feria Cient\u00edfica de Porvenir\"}]},{\"@type\":\"WebSite\",\"@id\":\"https:\/\/dev.explora.cl\/magallanes\/#website\",\"url\":\"https:\/\/dev.explora.cl\/magallanes\/\",\"name\":\"Magallanes\",\"description\":\"Otro sitio m\u00e1s de dev.explora.cl\",\"publisher\":{\"@id\":\"https:\/\/dev.explora.cl\/magallanes\/#organization\"},\"potentialAction\":[{\"@type\":\"SearchAction\",\"target\":{\"@type\":\"EntryPoint\",\"urlTemplate\":\"https:\/\/dev.explora.cl\/magallanes\/?s={search_term_string}\"},\"query-input\":{\"@type\":\"PropertyValueSpecification\",\"valueRequired\":true,\"valueName\":\"search_term_string\"}}],\"inLanguage\":\"es-CL\"},{\"@type\":\"Organization\",\"@id\":\"https:\/\/dev.explora.cl\/magallanes\/#organization\",\"name\":\"Magallanes\",\"url\":\"https:\/\/dev.explora.cl\/magallanes\/\",\"logo\":{\"@type\":\"ImageObject\",\"inLanguage\":\"es-CL\",\"@id\":\"https:\/\/dev.explora.cl\/magallanes\/#\/schema\/logo\/image\/\",\"url\":\"https:\/\/dev.explora.cl\/magallanes\/wp-content\/uploads\/sites\/19\/2021\/06\/cropped-ICONO-COLOR-2.jpg\",\"contentUrl\":\"https:\/\/dev.explora.cl\/magallanes\/wp-content\/uploads\/sites\/19\/2021\/06\/cropped-ICONO-COLOR-2.jpg\",\"width\":1181,\"height\":1181,\"caption\":\"Magallanes\"},\"image\":{\"@id\":\"https:\/\/dev.explora.cl\/magallanes\/#\/schema\/logo\/image\/\"}},{\"@type\":\"Person\",\"@id\":\"https:\/\/dev.explora.cl\/magallanes\/#\/schema\/person\/cb8349c13ea2d324080adf8480d7ba5d\",\"name\":\"webman\",\"image\":{\"@type\":\"ImageObject\",\"inLanguage\":\"es-CL\",\"@id\":\"https:\/\/dev.explora.cl\/magallanes\/#\/schema\/person\/image\/\",\"url\":\"https:\/\/secure.gravatar.com\/avatar\/eeff3c82f2c02f7177d13663b7e6f890e9a6a0647ce9bb29cae02dcb094c7312?s=96&d=mm&r=g\",\"contentUrl\":\"https:\/\/secure.gravatar.com\/avatar\/eeff3c82f2c02f7177d13663b7e6f890e9a6a0647ce9bb29cae02dcb094c7312?s=96&d=mm&r=g\",\"caption\":\"webman\"},\"url\":\"https:\/\/dev.explora.cl\/magallanes\/author\/webman\/\"}]}<\/script>\n<!-- \/ Yoast SEO plugin. -->","yoast_head_json":{"title":"34 proyectos se presentan en la XV Feria Cient\u00edfica de Porvenir - Magallanes","robots":{"index":"index","follow":"follow","max-snippet":"max-snippet:-1","max-image-preview":"max-image-preview:large","max-video-preview":"max-video-preview:-1"},"canonical":"https:\/\/dev.explora.cl\/magallanes\/34-proyectos-se-presentan-en-la-xv-feria-cientifica-de-porvenir\/","og_locale":"es_ES","og_type":"article","og_title":"34 proyectos se presentan en la XV Feria Cient\u00edfica de Porvenir - Magallanes","og_description":"&nbsp; Este jueves 27 de agosto se realiz\u00f3 la inauguraci\u00f3n de la XV Feria Cient\u00edfica de Porvenir, organizada por PAR Explora Magallanes, el Liceo Polivalente Hernando de Magallanes y la Escuela Bernardo O\u2019higgins. En la actividad est\u00e1n participando m\u00e1s de 60 j\u00f3venes de establecimientos educacionales de Punta Arenas, Puerto Natales y Porvenir, quienes desde comienzos [&hellip;]","og_url":"https:\/\/dev.explora.cl\/magallanes\/34-proyectos-se-presentan-en-la-xv-feria-cientifica-de-porvenir\/","og_site_name":"Magallanes","article_published_time":"2015-08-27T04:00:00+00:00","article_modified_time":"2019-05-20T21:39:49+00:00","og_image":[{"width":1089,"height":722,"url":"https:\/\/dev.explora.cl\/magallanes\/wp-content\/uploads\/sites\/19\/2018\/06\/d52db21c8b73dfa7443cd2f08e42db28.jpg","type":"image\/jpeg"}],"author":"webman","twitter_card":"summary_large_image","twitter_misc":{"Escrito por":"webman","Tiempo estimado de lectura":"2 minutos"},"schema":{"@context":"https:\/\/schema.org","@graph":[{"@type":"Article","@id":"https:\/\/dev.explora.cl\/magallanes\/34-proyectos-se-presentan-en-la-xv-feria-cientifica-de-porvenir\/#article","isPartOf":{"@id":"https:\/\/dev.explora.cl\/magallanes\/34-proyectos-se-presentan-en-la-xv-feria-cientifica-de-porvenir\/"},"author":{"name":"webman","@id":"https:\/\/dev.explora.cl\/magallanes\/#\/schema\/person\/cb8349c13ea2d324080adf8480d7ba5d"},"headline":"34 proyectos se presentan en la XV Feria Cient\u00edfica de Porvenir","datePublished":"2015-08-27T04:00:00+00:00","dateModified":"2019-05-20T21:39:49+00:00","mainEntityOfPage":{"@id":"https:\/\/dev.explora.cl\/magallanes\/34-proyectos-se-presentan-en-la-xv-feria-cientifica-de-porvenir\/"},"wordCount":417,"commentCount":0,"publisher":{"@id":"https:\/\/dev.explora.cl\/magallanes\/#organization"},"image":{"@id":"https:\/\/dev.explora.cl\/magallanes\/34-proyectos-se-presentan-en-la-xv-feria-cientifica-de-porvenir\/#primaryimage"},"thumbnailUrl":"https:\/\/dev.explora.cl\/magallanes\/wp-content\/uploads\/sites\/19\/2018\/06\/d52db21c8b73dfa7443cd2f08e42db28.jpg","keywords":["CONGRESOS","Feria Cient\u00edfica","feria de la tecnolog\u00eda","Ferias Cientificas"],"articleSection":["Noticias"],"inLanguage":"es-CL","potentialAction":[{"@type":"CommentAction","name":"Comment","target":["https:\/\/dev.explora.cl\/magallanes\/34-proyectos-se-presentan-en-la-xv-feria-cientifica-de-porvenir\/#respond"]}]},{"@type":"WebPage","@id":"https:\/\/dev.explora.cl\/magallanes\/34-proyectos-se-presentan-en-la-xv-feria-cientifica-de-porvenir\/","url":"https:\/\/dev.explora.cl\/magallanes\/34-proyectos-se-presentan-en-la-xv-feria-cientifica-de-porvenir\/","name":"34 proyectos se presentan en la XV Feria Cient\u00edfica de Porvenir - Magallanes","isPartOf":{"@id":"https:\/\/dev.explora.cl\/magallanes\/#website"},"primaryImageOfPage":{"@id":"https:\/\/dev.explora.cl\/magallanes\/34-proyectos-se-presentan-en-la-xv-feria-cientifica-de-porvenir\/#primaryimage"},"image":{"@id":"https:\/\/dev.explora.cl\/magallanes\/34-proyectos-se-presentan-en-la-xv-feria-cientifica-de-porvenir\/#primaryimage"},"thumbnailUrl":"https:\/\/dev.explora.cl\/magallanes\/wp-content\/uploads\/sites\/19\/2018\/06\/d52db21c8b73dfa7443cd2f08e42db28.jpg","datePublished":"2015-08-27T04:00:00+00:00","dateModified":"2019-05-20T21:39:49+00:00","breadcrumb":{"@id":"https:\/\/dev.explora.cl\/magallanes\/34-proyectos-se-presentan-en-la-xv-feria-cientifica-de-porvenir\/#breadcrumb"},"inLanguage":"es-CL","potentialAction":[{"@type":"ReadAction","target":["https:\/\/dev.explora.cl\/magallanes\/34-proyectos-se-presentan-en-la-xv-feria-cientifica-de-porvenir\/"]}]},{"@type":"ImageObject","inLanguage":"es-CL","@id":"https:\/\/dev.explora.cl\/magallanes\/34-proyectos-se-presentan-en-la-xv-feria-cientifica-de-porvenir\/#primaryimage","url":"https:\/\/dev.explora.cl\/magallanes\/wp-content\/uploads\/sites\/19\/2018\/06\/d52db21c8b73dfa7443cd2f08e42db28.jpg","contentUrl":"https:\/\/dev.explora.cl\/magallanes\/wp-content\/uploads\/sites\/19\/2018\/06\/d52db21c8b73dfa7443cd2f08e42db28.jpg","width":1089,"height":722},{"@type":"BreadcrumbList","@id":"https:\/\/dev.explora.cl\/magallanes\/34-proyectos-se-presentan-en-la-xv-feria-cientifica-de-porvenir\/#breadcrumb","itemListElement":[{"@type":"ListItem","position":1,"name":"Portada","item":"https:\/\/dev.explora.cl\/magallanes\/"},{"@type":"ListItem","position":2,"name":"34 proyectos se presentan en la XV Feria Cient\u00edfica de Porvenir"}]},{"@type":"WebSite","@id":"https:\/\/dev.explora.cl\/magallanes\/#website","url":"https:\/\/dev.explora.cl\/magallanes\/","name":"Magallanes","description":"Otro sitio m\u00e1s de dev.explora.cl","publisher":{"@id":"https:\/\/dev.explora.cl\/magallanes\/#organization"},"potentialAction":[{"@type":"SearchAction","target":{"@type":"EntryPoint","urlTemplate":"https:\/\/dev.explora.cl\/magallanes\/?s={search_term_string}"},"query-input":{"@type":"PropertyValueSpecification","valueRequired":true,"valueName":"search_term_string"}}],"inLanguage":"es-CL"},{"@type":"Organization","@id":"https:\/\/dev.explora.cl\/magallanes\/#organization","name":"Magallanes","url":"https:\/\/dev.explora.cl\/magallanes\/","logo":{"@type":"ImageObject","inLanguage":"es-CL","@id":"https:\/\/dev.explora.cl\/magallanes\/#\/schema\/logo\/image\/","url":"https:\/\/dev.explora.cl\/magallanes\/wp-content\/uploads\/sites\/19\/2021\/06\/cropped-ICONO-COLOR-2.jpg","contentUrl":"https:\/\/dev.explora.cl\/magallanes\/wp-content\/uploads\/sites\/19\/2021\/06\/cropped-ICONO-COLOR-2.jpg","width":1181,"height":1181,"caption":"Magallanes"},"image":{"@id":"https:\/\/dev.explora.cl\/magallanes\/#\/schema\/logo\/image\/"}},{"@type":"Person","@id":"https:\/\/dev.explora.cl\/magallanes\/#\/schema\/person\/cb8349c13ea2d324080adf8480d7ba5d","name":"webman","image":{"@type":"ImageObject","inLanguage":"es-CL","@id":"https:\/\/dev.explora.cl\/magallanes\/#\/schema\/person\/image\/","url":"https:\/\/secure.gravatar.com\/avatar\/eeff3c82f2c02f7177d13663b7e6f890e9a6a0647ce9bb29cae02dcb094c7312?s=96&d=mm&r=g","contentUrl":"https:\/\/secure.gravatar.com\/avatar\/eeff3c82f2c02f7177d13663b7e6f890e9a6a0647ce9bb29cae02dcb094c7312?s=96&d=mm&r=g","caption":"webman"},"url":"https:\/\/dev.explora.cl\/magallanes\/author\/webman\/"}]}},"_links":{"self":[{"href":"https:\/\/dev.explora.cl\/magallanes\/wp-json\/wp\/v2\/posts\/299","targetHints":{"allow":["GET"]}}],"collection":[{"href":"https:\/\/dev.explora.cl\/magallanes\/wp-json\/wp\/v2\/posts"}],"about":[{"href":"https:\/\/dev.explora.cl\/magallanes\/wp-json\/wp\/v2\/types\/post"}],"author":[{"embeddable":true,"href":"https:\/\/dev.explora.cl\/magallanes\/wp-json\/wp\/v2\/users\/2"}],"replies":[{"embeddable":true,"href":"https:\/\/dev.explora.cl\/magallanes\/wp-json\/wp\/v2\/comments?post=299"}],"version-history":[{"count":1,"href":"https:\/\/dev.explora.cl\/magallanes\/wp-json\/wp\/v2\/posts\/299\/revisions"}],"predecessor-version":[{"id":37899,"href":"https:\/\/dev.explora.cl\/magallanes\/wp-json\/wp\/v2\/posts\/299\/revisions\/37899"}],"wp:featuredmedia":[{"embeddable":true,"href":"https:\/\/dev.explora.cl\/magallanes\/wp-json\/wp\/v2\/media\/300"}],"wp:attachment":[{"href":"https:\/\/dev.explora.cl\/magallanes\/wp-json\/wp\/v2\/media?parent=299"}],"wp:term":[{"taxonomy":"category","embeddable":true,"href":"https:\/\/dev.explora.cl\/magallanes\/wp-json\/wp\/v2\/categories?post=299"},{"taxonomy":"post_tag","embeddable":true,"href":"https:\/\/dev.explora.cl\/magallanes\/wp-json\/wp\/v2\/tags?post=299"}],"curies":[{"name":"wp","href":"https:\/\/api.w.org\/{rel}","templated":true}]}}