{"id":291,"date":"2015-08-24T00:00:00","date_gmt":"2015-08-24T04:00:00","guid":{"rendered":"https:\/\/dev.explora.cl\/magallanes\/blog\/2015\/08\/24\/comenzo-ciclo-de-cine-medioambiental-en-pobl-archipielago-de-chiloe\/"},"modified":"2019-05-20T21:39:51","modified_gmt":"2019-05-20T21:39:51","slug":"comenzo-ciclo-de-cine-medioambiental-en-pobl-archipielago-de-chiloe","status":"publish","type":"post","link":"https:\/\/dev.explora.cl\/magallanes\/comenzo-ciclo-de-cine-medioambiental-en-pobl-archipielago-de-chiloe\/","title":{"rendered":"Comenz\u00f3 ciclo de cine Medioambiental en Pobl. Archipi\u00e9lago de Chilo\u00e9"},"content":{"rendered":"<p><img loading=\"lazy\" decoding=\"async\" class=\" size-full wp-image-14084\" src=\"http:\/\/ec2-54-245-22-188.us-west-2.compute.amazonaws.com\/wp-content\/uploads\/2015\/08\/cc8d229f210a7a83f4e2ff5a85616516.jpg\" alt=\"\" width=\"5184\" height=\"3456\" \/><\/p>\n<p>Este domingo comenz\u00f3 el Ciclo de Cine Medioambiental en la Poblaci\u00f3n Archipi\u00e9lago de Chilo\u00e9. La actividad fue organizada por PAR Explora Magallanes y Servicio Pa\u00eds, adem\u00e1s de contar con la colaboraci\u00f3n de la Seremi de Medio Ambiente y la ong WCS, quienes facilitaron los cortos animados para ser exhibidos en la poblaci\u00f3n.<\/p>\n<p>&#8220;Nuestro objetivo al trabajar ac\u00e1 es aprovechar los espacios del barrio para hacer actividades culturales y educativas que sean un beneficio para la comunidad, sobre todo para los ni\u00f1os&#8221;, se\u00f1al\u00f3 Paulina Rojas, Profesional Servicio Pa\u00eds. <\/p>\n<p>A la actividad asistieron una decena de ni\u00f1os, quienes pudieron entretenerse con las historias de Jackson, el elefante Marino del Sur de Chile, Turberas en Acci\u00f3n, El Huemul, El Guanaco y el Reallity 3R del Ministerio del Medio Ambiente.<\/p>\n<p>El pr\u00f3ximo domingo a las 16:00hrs. se realizar\u00e1 una segunda funci\u00f3n en la Sede Vecinal Goleta Ancud, ubicada al final de calle Castro.<\/p>\n","protected":false},"excerpt":{"rendered":"<p>Este domingo comenz\u00f3 el Ciclo de Cine Medioambiental en la Poblaci\u00f3n Archipi\u00e9lago de Chilo\u00e9. La actividad fue organizada por PAR Explora Magallanes y Servicio Pa\u00eds, adem\u00e1s de contar con la colaboraci\u00f3n de la Seremi de Medio Ambiente y la ong WCS, quienes facilitaron los cortos animados para ser exhibidos en la poblaci\u00f3n. &#8220;Nuestro objetivo al [&hellip;]<\/p>\n","protected":false},"author":2,"featured_media":292,"comment_status":"open","ping_status":"open","sticky":false,"template":"","format":"standard","meta":{"_acf_changed":false,"_exactmetrics_skip_tracking":false,"_exactmetrics_sitenote_active":false,"_exactmetrics_sitenote_note":"","_exactmetrics_sitenote_category":0,"footnotes":"","_links_to":"","_links_to_target":""},"categories":[4],"tags":[187,189],"class_list":["post-291","post","type-post","status-publish","format-standard","has-post-thumbnail","hentry","category-noticias","tag-cine","tag-medio-ambiente"],"acf":[],"yoast_head":"<!-- This site is optimized with the Yoast SEO plugin v26.7 - https:\/\/yoast.com\/wordpress\/plugins\/seo\/ -->\n<title>Comenz\u00f3 ciclo de cine Medioambiental en Pobl. Archipi\u00e9lago de Chilo\u00e9 - Magallanes<\/title>\n<meta name=\"robots\" content=\"index, follow, max-snippet:-1, max-image-preview:large, max-video-preview:-1\" \/>\n<link rel=\"canonical\" href=\"https:\/\/dev.explora.cl\/magallanes\/comenzo-ciclo-de-cine-medioambiental-en-pobl-archipielago-de-chiloe\/\" class=\"yoast-seo-meta-tag\" \/>\n<meta property=\"og:locale\" content=\"es_ES\" class=\"yoast-seo-meta-tag\" \/>\n<meta property=\"og:type\" content=\"article\" class=\"yoast-seo-meta-tag\" \/>\n<meta property=\"og:title\" content=\"Comenz\u00f3 ciclo de cine Medioambiental en Pobl. Archipi\u00e9lago de Chilo\u00e9 - Magallanes\" class=\"yoast-seo-meta-tag\" \/>\n<meta property=\"og:description\" content=\"Este domingo comenz\u00f3 el Ciclo de Cine Medioambiental en la Poblaci\u00f3n Archipi\u00e9lago de Chilo\u00e9. La actividad fue organizada por PAR Explora Magallanes y Servicio Pa\u00eds, adem\u00e1s de contar con la colaboraci\u00f3n de la Seremi de Medio Ambiente y la ong WCS, quienes facilitaron los cortos animados para ser exhibidos en la poblaci\u00f3n. &#8220;Nuestro objetivo al [&hellip;]\" class=\"yoast-seo-meta-tag\" \/>\n<meta property=\"og:url\" content=\"https:\/\/dev.explora.cl\/magallanes\/comenzo-ciclo-de-cine-medioambiental-en-pobl-archipielago-de-chiloe\/\" class=\"yoast-seo-meta-tag\" \/>\n<meta property=\"og:site_name\" content=\"Magallanes\" class=\"yoast-seo-meta-tag\" \/>\n<meta property=\"article:published_time\" content=\"2015-08-24T04:00:00+00:00\" class=\"yoast-seo-meta-tag\" \/>\n<meta property=\"article:modified_time\" content=\"2019-05-20T21:39:51+00:00\" class=\"yoast-seo-meta-tag\" \/>\n<meta property=\"og:image\" content=\"https:\/\/dev.explora.cl\/magallanes\/wp-content\/uploads\/sites\/19\/2018\/06\/cc8d229f210a7a83f4e2ff5a85616516-1024x683.jpg\" class=\"yoast-seo-meta-tag\" \/>\n\t<meta property=\"og:image:width\" content=\"1024\" class=\"yoast-seo-meta-tag\" \/>\n\t<meta property=\"og:image:height\" content=\"683\" class=\"yoast-seo-meta-tag\" \/>\n\t<meta property=\"og:image:type\" content=\"image\/jpeg\" class=\"yoast-seo-meta-tag\" \/>\n<meta name=\"author\" content=\"webman\" class=\"yoast-seo-meta-tag\" \/>\n<meta name=\"twitter:card\" content=\"summary_large_image\" class=\"yoast-seo-meta-tag\" \/>\n<meta name=\"twitter:label1\" content=\"Escrito por\" class=\"yoast-seo-meta-tag\" \/>\n\t<meta name=\"twitter:data1\" content=\"webman\" class=\"yoast-seo-meta-tag\" \/>\n\t<meta name=\"twitter:label2\" content=\"Tiempo estimado de lectura\" class=\"yoast-seo-meta-tag\" \/>\n\t<meta name=\"twitter:data2\" content=\"1 minuto\" class=\"yoast-seo-meta-tag\" \/>\n<script type=\"application\/ld+json\" class=\"yoast-schema-graph\">{\"@context\":\"https:\/\/schema.org\",\"@graph\":[{\"@type\":\"Article\",\"@id\":\"https:\/\/dev.explora.cl\/magallanes\/comenzo-ciclo-de-cine-medioambiental-en-pobl-archipielago-de-chiloe\/#article\",\"isPartOf\":{\"@id\":\"https:\/\/dev.explora.cl\/magallanes\/comenzo-ciclo-de-cine-medioambiental-en-pobl-archipielago-de-chiloe\/\"},\"author\":{\"name\":\"webman\",\"@id\":\"https:\/\/dev.explora.cl\/magallanes\/#\/schema\/person\/cb8349c13ea2d324080adf8480d7ba5d\"},\"headline\":\"Comenz\u00f3 ciclo de cine Medioambiental en Pobl. Archipi\u00e9lago de Chilo\u00e9\",\"datePublished\":\"2015-08-24T04:00:00+00:00\",\"dateModified\":\"2019-05-20T21:39:51+00:00\",\"mainEntityOfPage\":{\"@id\":\"https:\/\/dev.explora.cl\/magallanes\/comenzo-ciclo-de-cine-medioambiental-en-pobl-archipielago-de-chiloe\/\"},\"wordCount\":173,\"commentCount\":0,\"publisher\":{\"@id\":\"https:\/\/dev.explora.cl\/magallanes\/#organization\"},\"image\":{\"@id\":\"https:\/\/dev.explora.cl\/magallanes\/comenzo-ciclo-de-cine-medioambiental-en-pobl-archipielago-de-chiloe\/#primaryimage\"},\"thumbnailUrl\":\"https:\/\/dev.explora.cl\/magallanes\/wp-content\/uploads\/sites\/19\/2018\/06\/cc8d229f210a7a83f4e2ff5a85616516.jpg\",\"keywords\":[\"Cine\",\"medio ambiente\"],\"articleSection\":[\"Noticias\"],\"inLanguage\":\"es-CL\",\"potentialAction\":[{\"@type\":\"CommentAction\",\"name\":\"Comment\",\"target\":[\"https:\/\/dev.explora.cl\/magallanes\/comenzo-ciclo-de-cine-medioambiental-en-pobl-archipielago-de-chiloe\/#respond\"]}]},{\"@type\":\"WebPage\",\"@id\":\"https:\/\/dev.explora.cl\/magallanes\/comenzo-ciclo-de-cine-medioambiental-en-pobl-archipielago-de-chiloe\/\",\"url\":\"https:\/\/dev.explora.cl\/magallanes\/comenzo-ciclo-de-cine-medioambiental-en-pobl-archipielago-de-chiloe\/\",\"name\":\"Comenz\u00f3 ciclo de cine Medioambiental en Pobl. Archipi\u00e9lago de Chilo\u00e9 - Magallanes\",\"isPartOf\":{\"@id\":\"https:\/\/dev.explora.cl\/magallanes\/#website\"},\"primaryImageOfPage\":{\"@id\":\"https:\/\/dev.explora.cl\/magallanes\/comenzo-ciclo-de-cine-medioambiental-en-pobl-archipielago-de-chiloe\/#primaryimage\"},\"image\":{\"@id\":\"https:\/\/dev.explora.cl\/magallanes\/comenzo-ciclo-de-cine-medioambiental-en-pobl-archipielago-de-chiloe\/#primaryimage\"},\"thumbnailUrl\":\"https:\/\/dev.explora.cl\/magallanes\/wp-content\/uploads\/sites\/19\/2018\/06\/cc8d229f210a7a83f4e2ff5a85616516.jpg\",\"datePublished\":\"2015-08-24T04:00:00+00:00\",\"dateModified\":\"2019-05-20T21:39:51+00:00\",\"breadcrumb\":{\"@id\":\"https:\/\/dev.explora.cl\/magallanes\/comenzo-ciclo-de-cine-medioambiental-en-pobl-archipielago-de-chiloe\/#breadcrumb\"},\"inLanguage\":\"es-CL\",\"potentialAction\":[{\"@type\":\"ReadAction\",\"target\":[\"https:\/\/dev.explora.cl\/magallanes\/comenzo-ciclo-de-cine-medioambiental-en-pobl-archipielago-de-chiloe\/\"]}]},{\"@type\":\"ImageObject\",\"inLanguage\":\"es-CL\",\"@id\":\"https:\/\/dev.explora.cl\/magallanes\/comenzo-ciclo-de-cine-medioambiental-en-pobl-archipielago-de-chiloe\/#primaryimage\",\"url\":\"https:\/\/dev.explora.cl\/magallanes\/wp-content\/uploads\/sites\/19\/2018\/06\/cc8d229f210a7a83f4e2ff5a85616516.jpg\",\"contentUrl\":\"https:\/\/dev.explora.cl\/magallanes\/wp-content\/uploads\/sites\/19\/2018\/06\/cc8d229f210a7a83f4e2ff5a85616516.jpg\",\"width\":5184,\"height\":3456},{\"@type\":\"BreadcrumbList\",\"@id\":\"https:\/\/dev.explora.cl\/magallanes\/comenzo-ciclo-de-cine-medioambiental-en-pobl-archipielago-de-chiloe\/#breadcrumb\",\"itemListElement\":[{\"@type\":\"ListItem\",\"position\":1,\"name\":\"Portada\",\"item\":\"https:\/\/dev.explora.cl\/magallanes\/\"},{\"@type\":\"ListItem\",\"position\":2,\"name\":\"Comenz\u00f3 ciclo de cine Medioambiental en Pobl. Archipi\u00e9lago de Chilo\u00e9\"}]},{\"@type\":\"WebSite\",\"@id\":\"https:\/\/dev.explora.cl\/magallanes\/#website\",\"url\":\"https:\/\/dev.explora.cl\/magallanes\/\",\"name\":\"Magallanes\",\"description\":\"Otro sitio m\u00e1s de dev.explora.cl\",\"publisher\":{\"@id\":\"https:\/\/dev.explora.cl\/magallanes\/#organization\"},\"potentialAction\":[{\"@type\":\"SearchAction\",\"target\":{\"@type\":\"EntryPoint\",\"urlTemplate\":\"https:\/\/dev.explora.cl\/magallanes\/?s={search_term_string}\"},\"query-input\":{\"@type\":\"PropertyValueSpecification\",\"valueRequired\":true,\"valueName\":\"search_term_string\"}}],\"inLanguage\":\"es-CL\"},{\"@type\":\"Organization\",\"@id\":\"https:\/\/dev.explora.cl\/magallanes\/#organization\",\"name\":\"Magallanes\",\"url\":\"https:\/\/dev.explora.cl\/magallanes\/\",\"logo\":{\"@type\":\"ImageObject\",\"inLanguage\":\"es-CL\",\"@id\":\"https:\/\/dev.explora.cl\/magallanes\/#\/schema\/logo\/image\/\",\"url\":\"https:\/\/dev.explora.cl\/magallanes\/wp-content\/uploads\/sites\/19\/2021\/06\/cropped-ICONO-COLOR-2.jpg\",\"contentUrl\":\"https:\/\/dev.explora.cl\/magallanes\/wp-content\/uploads\/sites\/19\/2021\/06\/cropped-ICONO-COLOR-2.jpg\",\"width\":1181,\"height\":1181,\"caption\":\"Magallanes\"},\"image\":{\"@id\":\"https:\/\/dev.explora.cl\/magallanes\/#\/schema\/logo\/image\/\"}},{\"@type\":\"Person\",\"@id\":\"https:\/\/dev.explora.cl\/magallanes\/#\/schema\/person\/cb8349c13ea2d324080adf8480d7ba5d\",\"name\":\"webman\",\"image\":{\"@type\":\"ImageObject\",\"inLanguage\":\"es-CL\",\"@id\":\"https:\/\/dev.explora.cl\/magallanes\/#\/schema\/person\/image\/\",\"url\":\"https:\/\/secure.gravatar.com\/avatar\/eeff3c82f2c02f7177d13663b7e6f890e9a6a0647ce9bb29cae02dcb094c7312?s=96&d=mm&r=g\",\"contentUrl\":\"https:\/\/secure.gravatar.com\/avatar\/eeff3c82f2c02f7177d13663b7e6f890e9a6a0647ce9bb29cae02dcb094c7312?s=96&d=mm&r=g\",\"caption\":\"webman\"},\"url\":\"https:\/\/dev.explora.cl\/magallanes\/author\/webman\/\"}]}<\/script>\n<!-- \/ Yoast SEO plugin. -->","yoast_head_json":{"title":"Comenz\u00f3 ciclo de cine Medioambiental en Pobl. Archipi\u00e9lago de Chilo\u00e9 - Magallanes","robots":{"index":"index","follow":"follow","max-snippet":"max-snippet:-1","max-image-preview":"max-image-preview:large","max-video-preview":"max-video-preview:-1"},"canonical":"https:\/\/dev.explora.cl\/magallanes\/comenzo-ciclo-de-cine-medioambiental-en-pobl-archipielago-de-chiloe\/","og_locale":"es_ES","og_type":"article","og_title":"Comenz\u00f3 ciclo de cine Medioambiental en Pobl. Archipi\u00e9lago de Chilo\u00e9 - Magallanes","og_description":"Este domingo comenz\u00f3 el Ciclo de Cine Medioambiental en la Poblaci\u00f3n Archipi\u00e9lago de Chilo\u00e9. La actividad fue organizada por PAR Explora Magallanes y Servicio Pa\u00eds, adem\u00e1s de contar con la colaboraci\u00f3n de la Seremi de Medio Ambiente y la ong WCS, quienes facilitaron los cortos animados para ser exhibidos en la poblaci\u00f3n. &#8220;Nuestro objetivo al [&hellip;]","og_url":"https:\/\/dev.explora.cl\/magallanes\/comenzo-ciclo-de-cine-medioambiental-en-pobl-archipielago-de-chiloe\/","og_site_name":"Magallanes","article_published_time":"2015-08-24T04:00:00+00:00","article_modified_time":"2019-05-20T21:39:51+00:00","og_image":[{"width":1024,"height":683,"url":"https:\/\/dev.explora.cl\/magallanes\/wp-content\/uploads\/sites\/19\/2018\/06\/cc8d229f210a7a83f4e2ff5a85616516-1024x683.jpg","type":"image\/jpeg"}],"author":"webman","twitter_card":"summary_large_image","twitter_misc":{"Escrito por":"webman","Tiempo estimado de lectura":"1 minuto"},"schema":{"@context":"https:\/\/schema.org","@graph":[{"@type":"Article","@id":"https:\/\/dev.explora.cl\/magallanes\/comenzo-ciclo-de-cine-medioambiental-en-pobl-archipielago-de-chiloe\/#article","isPartOf":{"@id":"https:\/\/dev.explora.cl\/magallanes\/comenzo-ciclo-de-cine-medioambiental-en-pobl-archipielago-de-chiloe\/"},"author":{"name":"webman","@id":"https:\/\/dev.explora.cl\/magallanes\/#\/schema\/person\/cb8349c13ea2d324080adf8480d7ba5d"},"headline":"Comenz\u00f3 ciclo de cine Medioambiental en Pobl. Archipi\u00e9lago de Chilo\u00e9","datePublished":"2015-08-24T04:00:00+00:00","dateModified":"2019-05-20T21:39:51+00:00","mainEntityOfPage":{"@id":"https:\/\/dev.explora.cl\/magallanes\/comenzo-ciclo-de-cine-medioambiental-en-pobl-archipielago-de-chiloe\/"},"wordCount":173,"commentCount":0,"publisher":{"@id":"https:\/\/dev.explora.cl\/magallanes\/#organization"},"image":{"@id":"https:\/\/dev.explora.cl\/magallanes\/comenzo-ciclo-de-cine-medioambiental-en-pobl-archipielago-de-chiloe\/#primaryimage"},"thumbnailUrl":"https:\/\/dev.explora.cl\/magallanes\/wp-content\/uploads\/sites\/19\/2018\/06\/cc8d229f210a7a83f4e2ff5a85616516.jpg","keywords":["Cine","medio ambiente"],"articleSection":["Noticias"],"inLanguage":"es-CL","potentialAction":[{"@type":"CommentAction","name":"Comment","target":["https:\/\/dev.explora.cl\/magallanes\/comenzo-ciclo-de-cine-medioambiental-en-pobl-archipielago-de-chiloe\/#respond"]}]},{"@type":"WebPage","@id":"https:\/\/dev.explora.cl\/magallanes\/comenzo-ciclo-de-cine-medioambiental-en-pobl-archipielago-de-chiloe\/","url":"https:\/\/dev.explora.cl\/magallanes\/comenzo-ciclo-de-cine-medioambiental-en-pobl-archipielago-de-chiloe\/","name":"Comenz\u00f3 ciclo de cine Medioambiental en Pobl. Archipi\u00e9lago de Chilo\u00e9 - Magallanes","isPartOf":{"@id":"https:\/\/dev.explora.cl\/magallanes\/#website"},"primaryImageOfPage":{"@id":"https:\/\/dev.explora.cl\/magallanes\/comenzo-ciclo-de-cine-medioambiental-en-pobl-archipielago-de-chiloe\/#primaryimage"},"image":{"@id":"https:\/\/dev.explora.cl\/magallanes\/comenzo-ciclo-de-cine-medioambiental-en-pobl-archipielago-de-chiloe\/#primaryimage"},"thumbnailUrl":"https:\/\/dev.explora.cl\/magallanes\/wp-content\/uploads\/sites\/19\/2018\/06\/cc8d229f210a7a83f4e2ff5a85616516.jpg","datePublished":"2015-08-24T04:00:00+00:00","dateModified":"2019-05-20T21:39:51+00:00","breadcrumb":{"@id":"https:\/\/dev.explora.cl\/magallanes\/comenzo-ciclo-de-cine-medioambiental-en-pobl-archipielago-de-chiloe\/#breadcrumb"},"inLanguage":"es-CL","potentialAction":[{"@type":"ReadAction","target":["https:\/\/dev.explora.cl\/magallanes\/comenzo-ciclo-de-cine-medioambiental-en-pobl-archipielago-de-chiloe\/"]}]},{"@type":"ImageObject","inLanguage":"es-CL","@id":"https:\/\/dev.explora.cl\/magallanes\/comenzo-ciclo-de-cine-medioambiental-en-pobl-archipielago-de-chiloe\/#primaryimage","url":"https:\/\/dev.explora.cl\/magallanes\/wp-content\/uploads\/sites\/19\/2018\/06\/cc8d229f210a7a83f4e2ff5a85616516.jpg","contentUrl":"https:\/\/dev.explora.cl\/magallanes\/wp-content\/uploads\/sites\/19\/2018\/06\/cc8d229f210a7a83f4e2ff5a85616516.jpg","width":5184,"height":3456},{"@type":"BreadcrumbList","@id":"https:\/\/dev.explora.cl\/magallanes\/comenzo-ciclo-de-cine-medioambiental-en-pobl-archipielago-de-chiloe\/#breadcrumb","itemListElement":[{"@type":"ListItem","position":1,"name":"Portada","item":"https:\/\/dev.explora.cl\/magallanes\/"},{"@type":"ListItem","position":2,"name":"Comenz\u00f3 ciclo de cine Medioambiental en Pobl. Archipi\u00e9lago de Chilo\u00e9"}]},{"@type":"WebSite","@id":"https:\/\/dev.explora.cl\/magallanes\/#website","url":"https:\/\/dev.explora.cl\/magallanes\/","name":"Magallanes","description":"Otro sitio m\u00e1s de dev.explora.cl","publisher":{"@id":"https:\/\/dev.explora.cl\/magallanes\/#organization"},"potentialAction":[{"@type":"SearchAction","target":{"@type":"EntryPoint","urlTemplate":"https:\/\/dev.explora.cl\/magallanes\/?s={search_term_string}"},"query-input":{"@type":"PropertyValueSpecification","valueRequired":true,"valueName":"search_term_string"}}],"inLanguage":"es-CL"},{"@type":"Organization","@id":"https:\/\/dev.explora.cl\/magallanes\/#organization","name":"Magallanes","url":"https:\/\/dev.explora.cl\/magallanes\/","logo":{"@type":"ImageObject","inLanguage":"es-CL","@id":"https:\/\/dev.explora.cl\/magallanes\/#\/schema\/logo\/image\/","url":"https:\/\/dev.explora.cl\/magallanes\/wp-content\/uploads\/sites\/19\/2021\/06\/cropped-ICONO-COLOR-2.jpg","contentUrl":"https:\/\/dev.explora.cl\/magallanes\/wp-content\/uploads\/sites\/19\/2021\/06\/cropped-ICONO-COLOR-2.jpg","width":1181,"height":1181,"caption":"Magallanes"},"image":{"@id":"https:\/\/dev.explora.cl\/magallanes\/#\/schema\/logo\/image\/"}},{"@type":"Person","@id":"https:\/\/dev.explora.cl\/magallanes\/#\/schema\/person\/cb8349c13ea2d324080adf8480d7ba5d","name":"webman","image":{"@type":"ImageObject","inLanguage":"es-CL","@id":"https:\/\/dev.explora.cl\/magallanes\/#\/schema\/person\/image\/","url":"https:\/\/secure.gravatar.com\/avatar\/eeff3c82f2c02f7177d13663b7e6f890e9a6a0647ce9bb29cae02dcb094c7312?s=96&d=mm&r=g","contentUrl":"https:\/\/secure.gravatar.com\/avatar\/eeff3c82f2c02f7177d13663b7e6f890e9a6a0647ce9bb29cae02dcb094c7312?s=96&d=mm&r=g","caption":"webman"},"url":"https:\/\/dev.explora.cl\/magallanes\/author\/webman\/"}]}},"_links":{"self":[{"href":"https:\/\/dev.explora.cl\/magallanes\/wp-json\/wp\/v2\/posts\/291","targetHints":{"allow":["GET"]}}],"collection":[{"href":"https:\/\/dev.explora.cl\/magallanes\/wp-json\/wp\/v2\/posts"}],"about":[{"href":"https:\/\/dev.explora.cl\/magallanes\/wp-json\/wp\/v2\/types\/post"}],"author":[{"embeddable":true,"href":"https:\/\/dev.explora.cl\/magallanes\/wp-json\/wp\/v2\/users\/2"}],"replies":[{"embeddable":true,"href":"https:\/\/dev.explora.cl\/magallanes\/wp-json\/wp\/v2\/comments?post=291"}],"version-history":[{"count":1,"href":"https:\/\/dev.explora.cl\/magallanes\/wp-json\/wp\/v2\/posts\/291\/revisions"}],"predecessor-version":[{"id":37902,"href":"https:\/\/dev.explora.cl\/magallanes\/wp-json\/wp\/v2\/posts\/291\/revisions\/37902"}],"wp:featuredmedia":[{"embeddable":true,"href":"https:\/\/dev.explora.cl\/magallanes\/wp-json\/wp\/v2\/media\/292"}],"wp:attachment":[{"href":"https:\/\/dev.explora.cl\/magallanes\/wp-json\/wp\/v2\/media?parent=291"}],"wp:term":[{"taxonomy":"category","embeddable":true,"href":"https:\/\/dev.explora.cl\/magallanes\/wp-json\/wp\/v2\/categories?post=291"},{"taxonomy":"post_tag","embeddable":true,"href":"https:\/\/dev.explora.cl\/magallanes\/wp-json\/wp\/v2\/tags?post=291"}],"curies":[{"name":"wp","href":"https:\/\/api.w.org\/{rel}","templated":true}]}}