{"id":249,"date":"2015-06-13T00:00:00","date_gmt":"2015-06-13T04:00:00","guid":{"rendered":"https:\/\/dev.explora.cl\/magallanes\/blog\/2015\/06\/13\/participa-en-la-feria-antartica-escolar\/"},"modified":"2019-05-20T21:40:03","modified_gmt":"2019-05-20T21:40:03","slug":"participa-en-la-feria-antartica-escolar","status":"publish","type":"post","link":"https:\/\/dev.explora.cl\/magallanes\/participa-en-la-feria-antartica-escolar\/","title":{"rendered":"Participa en la Feria Ant\u00e1rtica Escolar"},"content":{"rendered":"<p><img loading=\"lazy\" decoding=\"async\" class=\" size-full wp-image-12157\" src=\"http:\/\/ec2-34-218-253-251.us-west-2.compute.amazonaws.com\/wp-content\/uploads\/2015\/06\/41906b6135338dfc4eaef88f99636113.jpg\" alt=\"\" width=\"1327\" height=\"2048\" \/><\/p>\n<p style=\"text-align: justify\">El pr\u00f3ximo jueves 18 de junio ser\u00e1 el lanzamiento de la Feria Ant\u00e1rtica Escolar. La actividad se realizar\u00e1 en el Auditorio Ernesto Livacic de la Universidad de Magallanes y contar\u00e1 con la participaci\u00f3n de Anelio Aguayo (INACH) y Alfredo Soto (Universidad de Magallanes), quienes expondr\u00e1n de &#8220;Mamiferos marinos Ant\u00e1rticos&#8221; y &#8220;Los conquistadores de los Polos&#8221;, respectivamente.<\/p>\n<p style=\"text-align: justify\">Cada a\u00f1o el Instituto Ant\u00e1rtico Chileno (INACH) convoca a estudiantes de ense\u00f1anza media del pa\u00eds a postular proyectos de investigaci\u00f3n cient\u00edfica de nivel escolar y participar de la Feria Ant\u00e1rtica Escolar, un evento \u00fanico en su clase en el mundo que se lanza el pr\u00f3ximo jueves. A trav\u00e9s de este concurso, j\u00f3venes estudiantes desarrollan sus habilidades en el uso del m\u00e9todo cient\u00edfico para encontrar respuestas a los enigmas que a\u00fan guarda el Continente Blanco. De esta manera, la FAE promueve el conocimiento y valoraci\u00f3n de la Ant\u00e1rtica en los j\u00f3venes de Chile.<\/p>\n<p style=\"text-align: justify\">La feria posee tres etapas:<\/p>\n<p style=\"text-align: justify\">I ETAPA. Concurso nacional juvenil de trabajos de investigaci\u00f3n ant\u00e1rtica.<\/p>\n<p style=\"text-align: justify\">II ETAPA. Encuentro nacional juvenil \u201cFeria Ant\u00e1rtica Escolar\u201d.<\/p>\n<p style=\"text-align: justify\">III ETAPA. Experiencia educativa en terreno \u201cExpedici\u00f3n Ant\u00e1rtica Escolar\u201d.<\/p>\n<p>\u00a0<\/p>\n<p>Para m\u00e1s informaci\u00f3n visita el sitio web de <span style=\"text-decoration: underline\"><a href=\"http:\/\/www.inach.cl\/fae\/participa\">INACH http:\/\/www.inach.cl\/fae\/participa<\/a><\/span><\/p>\n","protected":false},"excerpt":{"rendered":"<p>El pr\u00f3ximo jueves 18 de junio ser\u00e1 el lanzamiento de la Feria Ant\u00e1rtica Escolar. La actividad se realizar\u00e1 en el Auditorio Ernesto Livacic de la Universidad de Magallanes y contar\u00e1 con la participaci\u00f3n de Anelio Aguayo (INACH) y Alfredo Soto (Universidad de Magallanes), quienes expondr\u00e1n de &#8220;Mamiferos marinos Ant\u00e1rticos&#8221; y &#8220;Los conquistadores de los Polos&#8221;, [&hellip;]<\/p>\n","protected":false},"author":2,"featured_media":250,"comment_status":"open","ping_status":"open","sticky":false,"template":"","format":"standard","meta":{"_acf_changed":false,"_exactmetrics_skip_tracking":false,"_exactmetrics_sitenote_active":false,"_exactmetrics_sitenote_note":"","_exactmetrics_sitenote_category":0,"footnotes":"","_links_to":"","_links_to_target":""},"categories":[4],"tags":[182,186,195],"class_list":["post-249","post","type-post","status-publish","format-standard","has-post-thumbnail","hentry","category-noticias","tag-antartica","tag-exposiciones","tag-fae"],"acf":[],"yoast_head":"<!-- This site is optimized with the Yoast SEO plugin v26.7 - https:\/\/yoast.com\/wordpress\/plugins\/seo\/ -->\n<title>Participa en la Feria Ant\u00e1rtica Escolar - Magallanes<\/title>\n<meta name=\"robots\" content=\"index, follow, max-snippet:-1, max-image-preview:large, max-video-preview:-1\" \/>\n<link rel=\"canonical\" href=\"https:\/\/dev.explora.cl\/magallanes\/participa-en-la-feria-antartica-escolar\/\" class=\"yoast-seo-meta-tag\" \/>\n<meta property=\"og:locale\" content=\"es_ES\" class=\"yoast-seo-meta-tag\" \/>\n<meta property=\"og:type\" content=\"article\" class=\"yoast-seo-meta-tag\" \/>\n<meta property=\"og:title\" content=\"Participa en la Feria Ant\u00e1rtica Escolar - Magallanes\" class=\"yoast-seo-meta-tag\" \/>\n<meta property=\"og:description\" content=\"El pr\u00f3ximo jueves 18 de junio ser\u00e1 el lanzamiento de la Feria Ant\u00e1rtica Escolar. La actividad se realizar\u00e1 en el Auditorio Ernesto Livacic de la Universidad de Magallanes y contar\u00e1 con la participaci\u00f3n de Anelio Aguayo (INACH) y Alfredo Soto (Universidad de Magallanes), quienes expondr\u00e1n de &#8220;Mamiferos marinos Ant\u00e1rticos&#8221; y &#8220;Los conquistadores de los Polos&#8221;, [&hellip;]\" class=\"yoast-seo-meta-tag\" \/>\n<meta property=\"og:url\" content=\"https:\/\/dev.explora.cl\/magallanes\/participa-en-la-feria-antartica-escolar\/\" class=\"yoast-seo-meta-tag\" \/>\n<meta property=\"og:site_name\" content=\"Magallanes\" class=\"yoast-seo-meta-tag\" \/>\n<meta property=\"article:published_time\" content=\"2015-06-13T04:00:00+00:00\" class=\"yoast-seo-meta-tag\" \/>\n<meta property=\"article:modified_time\" content=\"2019-05-20T21:40:03+00:00\" class=\"yoast-seo-meta-tag\" \/>\n<meta property=\"og:image\" content=\"https:\/\/dev.explora.cl\/magallanes\/wp-content\/uploads\/sites\/19\/2018\/06\/41906b6135338dfc4eaef88f99636113.jpg\" class=\"yoast-seo-meta-tag\" \/>\n\t<meta property=\"og:image:width\" content=\"1327\" class=\"yoast-seo-meta-tag\" \/>\n\t<meta property=\"og:image:height\" content=\"2048\" class=\"yoast-seo-meta-tag\" \/>\n\t<meta property=\"og:image:type\" content=\"image\/jpeg\" class=\"yoast-seo-meta-tag\" \/>\n<meta name=\"author\" content=\"webman\" class=\"yoast-seo-meta-tag\" \/>\n<meta name=\"twitter:card\" content=\"summary_large_image\" class=\"yoast-seo-meta-tag\" \/>\n<meta name=\"twitter:label1\" content=\"Escrito por\" class=\"yoast-seo-meta-tag\" \/>\n\t<meta name=\"twitter:data1\" content=\"webman\" class=\"yoast-seo-meta-tag\" \/>\n\t<meta name=\"twitter:label2\" content=\"Tiempo estimado de lectura\" class=\"yoast-seo-meta-tag\" \/>\n\t<meta name=\"twitter:data2\" content=\"1 minuto\" class=\"yoast-seo-meta-tag\" \/>\n<script type=\"application\/ld+json\" class=\"yoast-schema-graph\">{\"@context\":\"https:\/\/schema.org\",\"@graph\":[{\"@type\":\"Article\",\"@id\":\"https:\/\/dev.explora.cl\/magallanes\/participa-en-la-feria-antartica-escolar\/#article\",\"isPartOf\":{\"@id\":\"https:\/\/dev.explora.cl\/magallanes\/participa-en-la-feria-antartica-escolar\/\"},\"author\":{\"name\":\"webman\",\"@id\":\"https:\/\/dev.explora.cl\/magallanes\/#\/schema\/person\/cb8349c13ea2d324080adf8480d7ba5d\"},\"headline\":\"Participa en la Feria Ant\u00e1rtica Escolar\",\"datePublished\":\"2015-06-13T04:00:00+00:00\",\"dateModified\":\"2019-05-20T21:40:03+00:00\",\"mainEntityOfPage\":{\"@id\":\"https:\/\/dev.explora.cl\/magallanes\/participa-en-la-feria-antartica-escolar\/\"},\"wordCount\":229,\"commentCount\":0,\"publisher\":{\"@id\":\"https:\/\/dev.explora.cl\/magallanes\/#organization\"},\"image\":{\"@id\":\"https:\/\/dev.explora.cl\/magallanes\/participa-en-la-feria-antartica-escolar\/#primaryimage\"},\"thumbnailUrl\":\"https:\/\/dev.explora.cl\/magallanes\/wp-content\/uploads\/sites\/19\/2018\/06\/41906b6135338dfc4eaef88f99636113.jpg\",\"keywords\":[\"Antartica\",\"exposiciones\",\"FAE\"],\"articleSection\":[\"Noticias\"],\"inLanguage\":\"es-CL\",\"potentialAction\":[{\"@type\":\"CommentAction\",\"name\":\"Comment\",\"target\":[\"https:\/\/dev.explora.cl\/magallanes\/participa-en-la-feria-antartica-escolar\/#respond\"]}]},{\"@type\":\"WebPage\",\"@id\":\"https:\/\/dev.explora.cl\/magallanes\/participa-en-la-feria-antartica-escolar\/\",\"url\":\"https:\/\/dev.explora.cl\/magallanes\/participa-en-la-feria-antartica-escolar\/\",\"name\":\"Participa en la Feria Ant\u00e1rtica Escolar - Magallanes\",\"isPartOf\":{\"@id\":\"https:\/\/dev.explora.cl\/magallanes\/#website\"},\"primaryImageOfPage\":{\"@id\":\"https:\/\/dev.explora.cl\/magallanes\/participa-en-la-feria-antartica-escolar\/#primaryimage\"},\"image\":{\"@id\":\"https:\/\/dev.explora.cl\/magallanes\/participa-en-la-feria-antartica-escolar\/#primaryimage\"},\"thumbnailUrl\":\"https:\/\/dev.explora.cl\/magallanes\/wp-content\/uploads\/sites\/19\/2018\/06\/41906b6135338dfc4eaef88f99636113.jpg\",\"datePublished\":\"2015-06-13T04:00:00+00:00\",\"dateModified\":\"2019-05-20T21:40:03+00:00\",\"breadcrumb\":{\"@id\":\"https:\/\/dev.explora.cl\/magallanes\/participa-en-la-feria-antartica-escolar\/#breadcrumb\"},\"inLanguage\":\"es-CL\",\"potentialAction\":[{\"@type\":\"ReadAction\",\"target\":[\"https:\/\/dev.explora.cl\/magallanes\/participa-en-la-feria-antartica-escolar\/\"]}]},{\"@type\":\"ImageObject\",\"inLanguage\":\"es-CL\",\"@id\":\"https:\/\/dev.explora.cl\/magallanes\/participa-en-la-feria-antartica-escolar\/#primaryimage\",\"url\":\"https:\/\/dev.explora.cl\/magallanes\/wp-content\/uploads\/sites\/19\/2018\/06\/41906b6135338dfc4eaef88f99636113.jpg\",\"contentUrl\":\"https:\/\/dev.explora.cl\/magallanes\/wp-content\/uploads\/sites\/19\/2018\/06\/41906b6135338dfc4eaef88f99636113.jpg\",\"width\":1327,\"height\":2048},{\"@type\":\"BreadcrumbList\",\"@id\":\"https:\/\/dev.explora.cl\/magallanes\/participa-en-la-feria-antartica-escolar\/#breadcrumb\",\"itemListElement\":[{\"@type\":\"ListItem\",\"position\":1,\"name\":\"Portada\",\"item\":\"https:\/\/dev.explora.cl\/magallanes\/\"},{\"@type\":\"ListItem\",\"position\":2,\"name\":\"Participa en la Feria Ant\u00e1rtica Escolar\"}]},{\"@type\":\"WebSite\",\"@id\":\"https:\/\/dev.explora.cl\/magallanes\/#website\",\"url\":\"https:\/\/dev.explora.cl\/magallanes\/\",\"name\":\"Magallanes\",\"description\":\"Otro sitio m\u00e1s de dev.explora.cl\",\"publisher\":{\"@id\":\"https:\/\/dev.explora.cl\/magallanes\/#organization\"},\"potentialAction\":[{\"@type\":\"SearchAction\",\"target\":{\"@type\":\"EntryPoint\",\"urlTemplate\":\"https:\/\/dev.explora.cl\/magallanes\/?s={search_term_string}\"},\"query-input\":{\"@type\":\"PropertyValueSpecification\",\"valueRequired\":true,\"valueName\":\"search_term_string\"}}],\"inLanguage\":\"es-CL\"},{\"@type\":\"Organization\",\"@id\":\"https:\/\/dev.explora.cl\/magallanes\/#organization\",\"name\":\"Magallanes\",\"url\":\"https:\/\/dev.explora.cl\/magallanes\/\",\"logo\":{\"@type\":\"ImageObject\",\"inLanguage\":\"es-CL\",\"@id\":\"https:\/\/dev.explora.cl\/magallanes\/#\/schema\/logo\/image\/\",\"url\":\"https:\/\/dev.explora.cl\/magallanes\/wp-content\/uploads\/sites\/19\/2021\/06\/cropped-ICONO-COLOR-2.jpg\",\"contentUrl\":\"https:\/\/dev.explora.cl\/magallanes\/wp-content\/uploads\/sites\/19\/2021\/06\/cropped-ICONO-COLOR-2.jpg\",\"width\":1181,\"height\":1181,\"caption\":\"Magallanes\"},\"image\":{\"@id\":\"https:\/\/dev.explora.cl\/magallanes\/#\/schema\/logo\/image\/\"}},{\"@type\":\"Person\",\"@id\":\"https:\/\/dev.explora.cl\/magallanes\/#\/schema\/person\/cb8349c13ea2d324080adf8480d7ba5d\",\"name\":\"webman\",\"image\":{\"@type\":\"ImageObject\",\"inLanguage\":\"es-CL\",\"@id\":\"https:\/\/dev.explora.cl\/magallanes\/#\/schema\/person\/image\/\",\"url\":\"https:\/\/secure.gravatar.com\/avatar\/eeff3c82f2c02f7177d13663b7e6f890e9a6a0647ce9bb29cae02dcb094c7312?s=96&d=mm&r=g\",\"contentUrl\":\"https:\/\/secure.gravatar.com\/avatar\/eeff3c82f2c02f7177d13663b7e6f890e9a6a0647ce9bb29cae02dcb094c7312?s=96&d=mm&r=g\",\"caption\":\"webman\"},\"url\":\"https:\/\/dev.explora.cl\/magallanes\/author\/webman\/\"}]}<\/script>\n<!-- \/ Yoast SEO plugin. -->","yoast_head_json":{"title":"Participa en la Feria Ant\u00e1rtica Escolar - Magallanes","robots":{"index":"index","follow":"follow","max-snippet":"max-snippet:-1","max-image-preview":"max-image-preview:large","max-video-preview":"max-video-preview:-1"},"canonical":"https:\/\/dev.explora.cl\/magallanes\/participa-en-la-feria-antartica-escolar\/","og_locale":"es_ES","og_type":"article","og_title":"Participa en la Feria Ant\u00e1rtica Escolar - Magallanes","og_description":"El pr\u00f3ximo jueves 18 de junio ser\u00e1 el lanzamiento de la Feria Ant\u00e1rtica Escolar. La actividad se realizar\u00e1 en el Auditorio Ernesto Livacic de la Universidad de Magallanes y contar\u00e1 con la participaci\u00f3n de Anelio Aguayo (INACH) y Alfredo Soto (Universidad de Magallanes), quienes expondr\u00e1n de &#8220;Mamiferos marinos Ant\u00e1rticos&#8221; y &#8220;Los conquistadores de los Polos&#8221;, [&hellip;]","og_url":"https:\/\/dev.explora.cl\/magallanes\/participa-en-la-feria-antartica-escolar\/","og_site_name":"Magallanes","article_published_time":"2015-06-13T04:00:00+00:00","article_modified_time":"2019-05-20T21:40:03+00:00","og_image":[{"width":1327,"height":2048,"url":"https:\/\/dev.explora.cl\/magallanes\/wp-content\/uploads\/sites\/19\/2018\/06\/41906b6135338dfc4eaef88f99636113.jpg","type":"image\/jpeg"}],"author":"webman","twitter_card":"summary_large_image","twitter_misc":{"Escrito por":"webman","Tiempo estimado de lectura":"1 minuto"},"schema":{"@context":"https:\/\/schema.org","@graph":[{"@type":"Article","@id":"https:\/\/dev.explora.cl\/magallanes\/participa-en-la-feria-antartica-escolar\/#article","isPartOf":{"@id":"https:\/\/dev.explora.cl\/magallanes\/participa-en-la-feria-antartica-escolar\/"},"author":{"name":"webman","@id":"https:\/\/dev.explora.cl\/magallanes\/#\/schema\/person\/cb8349c13ea2d324080adf8480d7ba5d"},"headline":"Participa en la Feria Ant\u00e1rtica Escolar","datePublished":"2015-06-13T04:00:00+00:00","dateModified":"2019-05-20T21:40:03+00:00","mainEntityOfPage":{"@id":"https:\/\/dev.explora.cl\/magallanes\/participa-en-la-feria-antartica-escolar\/"},"wordCount":229,"commentCount":0,"publisher":{"@id":"https:\/\/dev.explora.cl\/magallanes\/#organization"},"image":{"@id":"https:\/\/dev.explora.cl\/magallanes\/participa-en-la-feria-antartica-escolar\/#primaryimage"},"thumbnailUrl":"https:\/\/dev.explora.cl\/magallanes\/wp-content\/uploads\/sites\/19\/2018\/06\/41906b6135338dfc4eaef88f99636113.jpg","keywords":["Antartica","exposiciones","FAE"],"articleSection":["Noticias"],"inLanguage":"es-CL","potentialAction":[{"@type":"CommentAction","name":"Comment","target":["https:\/\/dev.explora.cl\/magallanes\/participa-en-la-feria-antartica-escolar\/#respond"]}]},{"@type":"WebPage","@id":"https:\/\/dev.explora.cl\/magallanes\/participa-en-la-feria-antartica-escolar\/","url":"https:\/\/dev.explora.cl\/magallanes\/participa-en-la-feria-antartica-escolar\/","name":"Participa en la Feria Ant\u00e1rtica Escolar - Magallanes","isPartOf":{"@id":"https:\/\/dev.explora.cl\/magallanes\/#website"},"primaryImageOfPage":{"@id":"https:\/\/dev.explora.cl\/magallanes\/participa-en-la-feria-antartica-escolar\/#primaryimage"},"image":{"@id":"https:\/\/dev.explora.cl\/magallanes\/participa-en-la-feria-antartica-escolar\/#primaryimage"},"thumbnailUrl":"https:\/\/dev.explora.cl\/magallanes\/wp-content\/uploads\/sites\/19\/2018\/06\/41906b6135338dfc4eaef88f99636113.jpg","datePublished":"2015-06-13T04:00:00+00:00","dateModified":"2019-05-20T21:40:03+00:00","breadcrumb":{"@id":"https:\/\/dev.explora.cl\/magallanes\/participa-en-la-feria-antartica-escolar\/#breadcrumb"},"inLanguage":"es-CL","potentialAction":[{"@type":"ReadAction","target":["https:\/\/dev.explora.cl\/magallanes\/participa-en-la-feria-antartica-escolar\/"]}]},{"@type":"ImageObject","inLanguage":"es-CL","@id":"https:\/\/dev.explora.cl\/magallanes\/participa-en-la-feria-antartica-escolar\/#primaryimage","url":"https:\/\/dev.explora.cl\/magallanes\/wp-content\/uploads\/sites\/19\/2018\/06\/41906b6135338dfc4eaef88f99636113.jpg","contentUrl":"https:\/\/dev.explora.cl\/magallanes\/wp-content\/uploads\/sites\/19\/2018\/06\/41906b6135338dfc4eaef88f99636113.jpg","width":1327,"height":2048},{"@type":"BreadcrumbList","@id":"https:\/\/dev.explora.cl\/magallanes\/participa-en-la-feria-antartica-escolar\/#breadcrumb","itemListElement":[{"@type":"ListItem","position":1,"name":"Portada","item":"https:\/\/dev.explora.cl\/magallanes\/"},{"@type":"ListItem","position":2,"name":"Participa en la Feria Ant\u00e1rtica Escolar"}]},{"@type":"WebSite","@id":"https:\/\/dev.explora.cl\/magallanes\/#website","url":"https:\/\/dev.explora.cl\/magallanes\/","name":"Magallanes","description":"Otro sitio m\u00e1s de dev.explora.cl","publisher":{"@id":"https:\/\/dev.explora.cl\/magallanes\/#organization"},"potentialAction":[{"@type":"SearchAction","target":{"@type":"EntryPoint","urlTemplate":"https:\/\/dev.explora.cl\/magallanes\/?s={search_term_string}"},"query-input":{"@type":"PropertyValueSpecification","valueRequired":true,"valueName":"search_term_string"}}],"inLanguage":"es-CL"},{"@type":"Organization","@id":"https:\/\/dev.explora.cl\/magallanes\/#organization","name":"Magallanes","url":"https:\/\/dev.explora.cl\/magallanes\/","logo":{"@type":"ImageObject","inLanguage":"es-CL","@id":"https:\/\/dev.explora.cl\/magallanes\/#\/schema\/logo\/image\/","url":"https:\/\/dev.explora.cl\/magallanes\/wp-content\/uploads\/sites\/19\/2021\/06\/cropped-ICONO-COLOR-2.jpg","contentUrl":"https:\/\/dev.explora.cl\/magallanes\/wp-content\/uploads\/sites\/19\/2021\/06\/cropped-ICONO-COLOR-2.jpg","width":1181,"height":1181,"caption":"Magallanes"},"image":{"@id":"https:\/\/dev.explora.cl\/magallanes\/#\/schema\/logo\/image\/"}},{"@type":"Person","@id":"https:\/\/dev.explora.cl\/magallanes\/#\/schema\/person\/cb8349c13ea2d324080adf8480d7ba5d","name":"webman","image":{"@type":"ImageObject","inLanguage":"es-CL","@id":"https:\/\/dev.explora.cl\/magallanes\/#\/schema\/person\/image\/","url":"https:\/\/secure.gravatar.com\/avatar\/eeff3c82f2c02f7177d13663b7e6f890e9a6a0647ce9bb29cae02dcb094c7312?s=96&d=mm&r=g","contentUrl":"https:\/\/secure.gravatar.com\/avatar\/eeff3c82f2c02f7177d13663b7e6f890e9a6a0647ce9bb29cae02dcb094c7312?s=96&d=mm&r=g","caption":"webman"},"url":"https:\/\/dev.explora.cl\/magallanes\/author\/webman\/"}]}},"_links":{"self":[{"href":"https:\/\/dev.explora.cl\/magallanes\/wp-json\/wp\/v2\/posts\/249","targetHints":{"allow":["GET"]}}],"collection":[{"href":"https:\/\/dev.explora.cl\/magallanes\/wp-json\/wp\/v2\/posts"}],"about":[{"href":"https:\/\/dev.explora.cl\/magallanes\/wp-json\/wp\/v2\/types\/post"}],"author":[{"embeddable":true,"href":"https:\/\/dev.explora.cl\/magallanes\/wp-json\/wp\/v2\/users\/2"}],"replies":[{"embeddable":true,"href":"https:\/\/dev.explora.cl\/magallanes\/wp-json\/wp\/v2\/comments?post=249"}],"version-history":[{"count":1,"href":"https:\/\/dev.explora.cl\/magallanes\/wp-json\/wp\/v2\/posts\/249\/revisions"}],"predecessor-version":[{"id":37921,"href":"https:\/\/dev.explora.cl\/magallanes\/wp-json\/wp\/v2\/posts\/249\/revisions\/37921"}],"wp:featuredmedia":[{"embeddable":true,"href":"https:\/\/dev.explora.cl\/magallanes\/wp-json\/wp\/v2\/media\/250"}],"wp:attachment":[{"href":"https:\/\/dev.explora.cl\/magallanes\/wp-json\/wp\/v2\/media?parent=249"}],"wp:term":[{"taxonomy":"category","embeddable":true,"href":"https:\/\/dev.explora.cl\/magallanes\/wp-json\/wp\/v2\/categories?post=249"},{"taxonomy":"post_tag","embeddable":true,"href":"https:\/\/dev.explora.cl\/magallanes\/wp-json\/wp\/v2\/tags?post=249"}],"curies":[{"name":"wp","href":"https:\/\/api.w.org\/{rel}","templated":true}]}}