{"id":219,"date":"2015-04-30T00:00:00","date_gmt":"2015-04-30T04:00:00","guid":{"rendered":"https:\/\/dev.explora.cl\/magallanes\/blog\/2015\/04\/30\/dia-de-la-fascinacion-por-las-plantas\/"},"modified":"2019-05-20T21:40:11","modified_gmt":"2019-05-20T21:40:11","slug":"dia-de-la-fascinacion-por-las-plantas","status":"publish","type":"post","link":"https:\/\/dev.explora.cl\/magallanes\/dia-de-la-fascinacion-por-las-plantas\/","title":{"rendered":"D\u00eda de la Fascinaci\u00f3n por las Plantas"},"content":{"rendered":"<p><img loading=\"lazy\" decoding=\"async\" class=\" size-full wp-image-10587\" src=\"http:\/\/ec2-34-218-253-251.us-west-2.compute.amazonaws.com\/wp-content\/uploads\/2015\/04\/de0f35b52d3302946ab2bac4ac1069ae.jpg\" alt=\"\" width=\"533\" height=\"192\" \/><\/p>\n<p style=\"text-align: justify\">El pr\u00f3ximo 15 de mayo se conmemora el D\u00eda Internacional de la Fascinaci\u00f3n por las Plantas, instancia en la que PAR Explora Regi\u00f3n de Magallanes en conjunto con Agronom\u00eda de la Universidad de Magallanes realizar\u00e1n un taller para estudiantes de la comuna. Con esta actividad se espera concientizar a las futuras generaciones sobre la importancia de la investigaci\u00f3n de las plantas, su cuidado y su conservaci\u00f3n.<\/p>\n<p style=\"text-align: justify\">El D\u00eda Internacional de la fascinaci\u00f3n por las plantas surge el a\u00f1o 2012 y es una iniciativa promovida por la Organizaci\u00f3n Europea para las Ciencias de las Plantas; el objetivo que se persigue es plantar semillas que germinen en la mente colectiva de los ciudadanos y que recuerden que la investigaci\u00f3n de las plantas tiene una importancia para la sociedad, el medio ambiente y la econom\u00eda.<\/p>\n","protected":false},"excerpt":{"rendered":"<p>El pr\u00f3ximo 15 de mayo se conmemora el D\u00eda Internacional de la Fascinaci\u00f3n por las Plantas, instancia en la que PAR Explora Regi\u00f3n de Magallanes en conjunto con Agronom\u00eda de la Universidad de Magallanes realizar\u00e1n un taller para estudiantes de la comuna. Con esta actividad se espera concientizar a las futuras generaciones sobre la importancia [&hellip;]<\/p>\n","protected":false},"author":2,"featured_media":220,"comment_status":"open","ping_status":"open","sticky":false,"template":"","format":"standard","meta":{"_acf_changed":false,"_exactmetrics_skip_tracking":false,"_exactmetrics_sitenote_active":false,"_exactmetrics_sitenote_note":"","_exactmetrics_sitenote_category":0,"footnotes":"","_links_to":"","_links_to_target":""},"categories":[4],"tags":[168,169,170,171],"class_list":["post-219","post","type-post","status-publish","format-standard","has-post-thumbnail","hentry","category-noticias","tag-flora-y-fauna","tag-plantas","tag-plantas-medicinales-endemicas","tag-vegetacion"],"acf":[],"yoast_head":"<!-- This site is optimized with the Yoast SEO plugin v26.7 - https:\/\/yoast.com\/wordpress\/plugins\/seo\/ -->\n<title>D\u00eda de la Fascinaci\u00f3n por las Plantas - Magallanes<\/title>\n<meta name=\"robots\" content=\"index, follow, max-snippet:-1, max-image-preview:large, max-video-preview:-1\" \/>\n<link rel=\"canonical\" href=\"https:\/\/dev.explora.cl\/magallanes\/dia-de-la-fascinacion-por-las-plantas\/\" class=\"yoast-seo-meta-tag\" \/>\n<meta property=\"og:locale\" content=\"es_ES\" class=\"yoast-seo-meta-tag\" \/>\n<meta property=\"og:type\" content=\"article\" class=\"yoast-seo-meta-tag\" \/>\n<meta property=\"og:title\" content=\"D\u00eda de la Fascinaci\u00f3n por las Plantas - Magallanes\" class=\"yoast-seo-meta-tag\" \/>\n<meta property=\"og:description\" content=\"El pr\u00f3ximo 15 de mayo se conmemora el D\u00eda Internacional de la Fascinaci\u00f3n por las Plantas, instancia en la que PAR Explora Regi\u00f3n de Magallanes en conjunto con Agronom\u00eda de la Universidad de Magallanes realizar\u00e1n un taller para estudiantes de la comuna. Con esta actividad se espera concientizar a las futuras generaciones sobre la importancia [&hellip;]\" class=\"yoast-seo-meta-tag\" \/>\n<meta property=\"og:url\" content=\"https:\/\/dev.explora.cl\/magallanes\/dia-de-la-fascinacion-por-las-plantas\/\" class=\"yoast-seo-meta-tag\" \/>\n<meta property=\"og:site_name\" content=\"Magallanes\" class=\"yoast-seo-meta-tag\" \/>\n<meta property=\"article:published_time\" content=\"2015-04-30T04:00:00+00:00\" class=\"yoast-seo-meta-tag\" \/>\n<meta property=\"article:modified_time\" content=\"2019-05-20T21:40:11+00:00\" class=\"yoast-seo-meta-tag\" \/>\n<meta property=\"og:image\" content=\"https:\/\/dev.explora.cl\/magallanes\/wp-content\/uploads\/sites\/19\/2018\/06\/de0f35b52d3302946ab2bac4ac1069ae.jpg\" class=\"yoast-seo-meta-tag\" \/>\n\t<meta property=\"og:image:width\" content=\"533\" class=\"yoast-seo-meta-tag\" \/>\n\t<meta property=\"og:image:height\" content=\"192\" class=\"yoast-seo-meta-tag\" \/>\n\t<meta property=\"og:image:type\" content=\"image\/jpeg\" class=\"yoast-seo-meta-tag\" \/>\n<meta name=\"author\" content=\"webman\" class=\"yoast-seo-meta-tag\" \/>\n<meta name=\"twitter:card\" content=\"summary_large_image\" class=\"yoast-seo-meta-tag\" \/>\n<meta name=\"twitter:label1\" content=\"Escrito por\" class=\"yoast-seo-meta-tag\" \/>\n\t<meta name=\"twitter:data1\" content=\"webman\" class=\"yoast-seo-meta-tag\" \/>\n\t<meta name=\"twitter:label2\" content=\"Tiempo estimado de lectura\" class=\"yoast-seo-meta-tag\" \/>\n\t<meta name=\"twitter:data2\" content=\"1 minuto\" class=\"yoast-seo-meta-tag\" \/>\n<script type=\"application\/ld+json\" class=\"yoast-schema-graph\">{\"@context\":\"https:\/\/schema.org\",\"@graph\":[{\"@type\":\"Article\",\"@id\":\"https:\/\/dev.explora.cl\/magallanes\/dia-de-la-fascinacion-por-las-plantas\/#article\",\"isPartOf\":{\"@id\":\"https:\/\/dev.explora.cl\/magallanes\/dia-de-la-fascinacion-por-las-plantas\/\"},\"author\":{\"name\":\"webman\",\"@id\":\"https:\/\/dev.explora.cl\/magallanes\/#\/schema\/person\/cb8349c13ea2d324080adf8480d7ba5d\"},\"headline\":\"D\u00eda de la Fascinaci\u00f3n por las Plantas\",\"datePublished\":\"2015-04-30T04:00:00+00:00\",\"dateModified\":\"2019-05-20T21:40:11+00:00\",\"mainEntityOfPage\":{\"@id\":\"https:\/\/dev.explora.cl\/magallanes\/dia-de-la-fascinacion-por-las-plantas\/\"},\"wordCount\":153,\"commentCount\":0,\"publisher\":{\"@id\":\"https:\/\/dev.explora.cl\/magallanes\/#organization\"},\"image\":{\"@id\":\"https:\/\/dev.explora.cl\/magallanes\/dia-de-la-fascinacion-por-las-plantas\/#primaryimage\"},\"thumbnailUrl\":\"https:\/\/dev.explora.cl\/magallanes\/wp-content\/uploads\/sites\/19\/2018\/06\/de0f35b52d3302946ab2bac4ac1069ae.jpg\",\"keywords\":[\"flora y fauna\",\"plantas\",\"Plantas medicinales end\u00e9micas\",\"vegetaci\u00f3n\"],\"articleSection\":[\"Noticias\"],\"inLanguage\":\"es-CL\",\"potentialAction\":[{\"@type\":\"CommentAction\",\"name\":\"Comment\",\"target\":[\"https:\/\/dev.explora.cl\/magallanes\/dia-de-la-fascinacion-por-las-plantas\/#respond\"]}]},{\"@type\":\"WebPage\",\"@id\":\"https:\/\/dev.explora.cl\/magallanes\/dia-de-la-fascinacion-por-las-plantas\/\",\"url\":\"https:\/\/dev.explora.cl\/magallanes\/dia-de-la-fascinacion-por-las-plantas\/\",\"name\":\"D\u00eda de la Fascinaci\u00f3n por las Plantas - Magallanes\",\"isPartOf\":{\"@id\":\"https:\/\/dev.explora.cl\/magallanes\/#website\"},\"primaryImageOfPage\":{\"@id\":\"https:\/\/dev.explora.cl\/magallanes\/dia-de-la-fascinacion-por-las-plantas\/#primaryimage\"},\"image\":{\"@id\":\"https:\/\/dev.explora.cl\/magallanes\/dia-de-la-fascinacion-por-las-plantas\/#primaryimage\"},\"thumbnailUrl\":\"https:\/\/dev.explora.cl\/magallanes\/wp-content\/uploads\/sites\/19\/2018\/06\/de0f35b52d3302946ab2bac4ac1069ae.jpg\",\"datePublished\":\"2015-04-30T04:00:00+00:00\",\"dateModified\":\"2019-05-20T21:40:11+00:00\",\"breadcrumb\":{\"@id\":\"https:\/\/dev.explora.cl\/magallanes\/dia-de-la-fascinacion-por-las-plantas\/#breadcrumb\"},\"inLanguage\":\"es-CL\",\"potentialAction\":[{\"@type\":\"ReadAction\",\"target\":[\"https:\/\/dev.explora.cl\/magallanes\/dia-de-la-fascinacion-por-las-plantas\/\"]}]},{\"@type\":\"ImageObject\",\"inLanguage\":\"es-CL\",\"@id\":\"https:\/\/dev.explora.cl\/magallanes\/dia-de-la-fascinacion-por-las-plantas\/#primaryimage\",\"url\":\"https:\/\/dev.explora.cl\/magallanes\/wp-content\/uploads\/sites\/19\/2018\/06\/de0f35b52d3302946ab2bac4ac1069ae.jpg\",\"contentUrl\":\"https:\/\/dev.explora.cl\/magallanes\/wp-content\/uploads\/sites\/19\/2018\/06\/de0f35b52d3302946ab2bac4ac1069ae.jpg\",\"width\":533,\"height\":192},{\"@type\":\"BreadcrumbList\",\"@id\":\"https:\/\/dev.explora.cl\/magallanes\/dia-de-la-fascinacion-por-las-plantas\/#breadcrumb\",\"itemListElement\":[{\"@type\":\"ListItem\",\"position\":1,\"name\":\"Portada\",\"item\":\"https:\/\/dev.explora.cl\/magallanes\/\"},{\"@type\":\"ListItem\",\"position\":2,\"name\":\"D\u00eda de la Fascinaci\u00f3n por las Plantas\"}]},{\"@type\":\"WebSite\",\"@id\":\"https:\/\/dev.explora.cl\/magallanes\/#website\",\"url\":\"https:\/\/dev.explora.cl\/magallanes\/\",\"name\":\"Magallanes\",\"description\":\"Otro sitio m\u00e1s de dev.explora.cl\",\"publisher\":{\"@id\":\"https:\/\/dev.explora.cl\/magallanes\/#organization\"},\"potentialAction\":[{\"@type\":\"SearchAction\",\"target\":{\"@type\":\"EntryPoint\",\"urlTemplate\":\"https:\/\/dev.explora.cl\/magallanes\/?s={search_term_string}\"},\"query-input\":{\"@type\":\"PropertyValueSpecification\",\"valueRequired\":true,\"valueName\":\"search_term_string\"}}],\"inLanguage\":\"es-CL\"},{\"@type\":\"Organization\",\"@id\":\"https:\/\/dev.explora.cl\/magallanes\/#organization\",\"name\":\"Magallanes\",\"url\":\"https:\/\/dev.explora.cl\/magallanes\/\",\"logo\":{\"@type\":\"ImageObject\",\"inLanguage\":\"es-CL\",\"@id\":\"https:\/\/dev.explora.cl\/magallanes\/#\/schema\/logo\/image\/\",\"url\":\"https:\/\/dev.explora.cl\/magallanes\/wp-content\/uploads\/sites\/19\/2021\/06\/cropped-ICONO-COLOR-2.jpg\",\"contentUrl\":\"https:\/\/dev.explora.cl\/magallanes\/wp-content\/uploads\/sites\/19\/2021\/06\/cropped-ICONO-COLOR-2.jpg\",\"width\":1181,\"height\":1181,\"caption\":\"Magallanes\"},\"image\":{\"@id\":\"https:\/\/dev.explora.cl\/magallanes\/#\/schema\/logo\/image\/\"}},{\"@type\":\"Person\",\"@id\":\"https:\/\/dev.explora.cl\/magallanes\/#\/schema\/person\/cb8349c13ea2d324080adf8480d7ba5d\",\"name\":\"webman\",\"image\":{\"@type\":\"ImageObject\",\"inLanguage\":\"es-CL\",\"@id\":\"https:\/\/dev.explora.cl\/magallanes\/#\/schema\/person\/image\/\",\"url\":\"https:\/\/secure.gravatar.com\/avatar\/eeff3c82f2c02f7177d13663b7e6f890e9a6a0647ce9bb29cae02dcb094c7312?s=96&d=mm&r=g\",\"contentUrl\":\"https:\/\/secure.gravatar.com\/avatar\/eeff3c82f2c02f7177d13663b7e6f890e9a6a0647ce9bb29cae02dcb094c7312?s=96&d=mm&r=g\",\"caption\":\"webman\"},\"url\":\"https:\/\/dev.explora.cl\/magallanes\/author\/webman\/\"}]}<\/script>\n<!-- \/ Yoast SEO plugin. -->","yoast_head_json":{"title":"D\u00eda de la Fascinaci\u00f3n por las Plantas - Magallanes","robots":{"index":"index","follow":"follow","max-snippet":"max-snippet:-1","max-image-preview":"max-image-preview:large","max-video-preview":"max-video-preview:-1"},"canonical":"https:\/\/dev.explora.cl\/magallanes\/dia-de-la-fascinacion-por-las-plantas\/","og_locale":"es_ES","og_type":"article","og_title":"D\u00eda de la Fascinaci\u00f3n por las Plantas - Magallanes","og_description":"El pr\u00f3ximo 15 de mayo se conmemora el D\u00eda Internacional de la Fascinaci\u00f3n por las Plantas, instancia en la que PAR Explora Regi\u00f3n de Magallanes en conjunto con Agronom\u00eda de la Universidad de Magallanes realizar\u00e1n un taller para estudiantes de la comuna. Con esta actividad se espera concientizar a las futuras generaciones sobre la importancia [&hellip;]","og_url":"https:\/\/dev.explora.cl\/magallanes\/dia-de-la-fascinacion-por-las-plantas\/","og_site_name":"Magallanes","article_published_time":"2015-04-30T04:00:00+00:00","article_modified_time":"2019-05-20T21:40:11+00:00","og_image":[{"width":533,"height":192,"url":"https:\/\/dev.explora.cl\/magallanes\/wp-content\/uploads\/sites\/19\/2018\/06\/de0f35b52d3302946ab2bac4ac1069ae.jpg","type":"image\/jpeg"}],"author":"webman","twitter_card":"summary_large_image","twitter_misc":{"Escrito por":"webman","Tiempo estimado de lectura":"1 minuto"},"schema":{"@context":"https:\/\/schema.org","@graph":[{"@type":"Article","@id":"https:\/\/dev.explora.cl\/magallanes\/dia-de-la-fascinacion-por-las-plantas\/#article","isPartOf":{"@id":"https:\/\/dev.explora.cl\/magallanes\/dia-de-la-fascinacion-por-las-plantas\/"},"author":{"name":"webman","@id":"https:\/\/dev.explora.cl\/magallanes\/#\/schema\/person\/cb8349c13ea2d324080adf8480d7ba5d"},"headline":"D\u00eda de la Fascinaci\u00f3n por las Plantas","datePublished":"2015-04-30T04:00:00+00:00","dateModified":"2019-05-20T21:40:11+00:00","mainEntityOfPage":{"@id":"https:\/\/dev.explora.cl\/magallanes\/dia-de-la-fascinacion-por-las-plantas\/"},"wordCount":153,"commentCount":0,"publisher":{"@id":"https:\/\/dev.explora.cl\/magallanes\/#organization"},"image":{"@id":"https:\/\/dev.explora.cl\/magallanes\/dia-de-la-fascinacion-por-las-plantas\/#primaryimage"},"thumbnailUrl":"https:\/\/dev.explora.cl\/magallanes\/wp-content\/uploads\/sites\/19\/2018\/06\/de0f35b52d3302946ab2bac4ac1069ae.jpg","keywords":["flora y fauna","plantas","Plantas medicinales end\u00e9micas","vegetaci\u00f3n"],"articleSection":["Noticias"],"inLanguage":"es-CL","potentialAction":[{"@type":"CommentAction","name":"Comment","target":["https:\/\/dev.explora.cl\/magallanes\/dia-de-la-fascinacion-por-las-plantas\/#respond"]}]},{"@type":"WebPage","@id":"https:\/\/dev.explora.cl\/magallanes\/dia-de-la-fascinacion-por-las-plantas\/","url":"https:\/\/dev.explora.cl\/magallanes\/dia-de-la-fascinacion-por-las-plantas\/","name":"D\u00eda de la Fascinaci\u00f3n por las Plantas - Magallanes","isPartOf":{"@id":"https:\/\/dev.explora.cl\/magallanes\/#website"},"primaryImageOfPage":{"@id":"https:\/\/dev.explora.cl\/magallanes\/dia-de-la-fascinacion-por-las-plantas\/#primaryimage"},"image":{"@id":"https:\/\/dev.explora.cl\/magallanes\/dia-de-la-fascinacion-por-las-plantas\/#primaryimage"},"thumbnailUrl":"https:\/\/dev.explora.cl\/magallanes\/wp-content\/uploads\/sites\/19\/2018\/06\/de0f35b52d3302946ab2bac4ac1069ae.jpg","datePublished":"2015-04-30T04:00:00+00:00","dateModified":"2019-05-20T21:40:11+00:00","breadcrumb":{"@id":"https:\/\/dev.explora.cl\/magallanes\/dia-de-la-fascinacion-por-las-plantas\/#breadcrumb"},"inLanguage":"es-CL","potentialAction":[{"@type":"ReadAction","target":["https:\/\/dev.explora.cl\/magallanes\/dia-de-la-fascinacion-por-las-plantas\/"]}]},{"@type":"ImageObject","inLanguage":"es-CL","@id":"https:\/\/dev.explora.cl\/magallanes\/dia-de-la-fascinacion-por-las-plantas\/#primaryimage","url":"https:\/\/dev.explora.cl\/magallanes\/wp-content\/uploads\/sites\/19\/2018\/06\/de0f35b52d3302946ab2bac4ac1069ae.jpg","contentUrl":"https:\/\/dev.explora.cl\/magallanes\/wp-content\/uploads\/sites\/19\/2018\/06\/de0f35b52d3302946ab2bac4ac1069ae.jpg","width":533,"height":192},{"@type":"BreadcrumbList","@id":"https:\/\/dev.explora.cl\/magallanes\/dia-de-la-fascinacion-por-las-plantas\/#breadcrumb","itemListElement":[{"@type":"ListItem","position":1,"name":"Portada","item":"https:\/\/dev.explora.cl\/magallanes\/"},{"@type":"ListItem","position":2,"name":"D\u00eda de la Fascinaci\u00f3n por las Plantas"}]},{"@type":"WebSite","@id":"https:\/\/dev.explora.cl\/magallanes\/#website","url":"https:\/\/dev.explora.cl\/magallanes\/","name":"Magallanes","description":"Otro sitio m\u00e1s de dev.explora.cl","publisher":{"@id":"https:\/\/dev.explora.cl\/magallanes\/#organization"},"potentialAction":[{"@type":"SearchAction","target":{"@type":"EntryPoint","urlTemplate":"https:\/\/dev.explora.cl\/magallanes\/?s={search_term_string}"},"query-input":{"@type":"PropertyValueSpecification","valueRequired":true,"valueName":"search_term_string"}}],"inLanguage":"es-CL"},{"@type":"Organization","@id":"https:\/\/dev.explora.cl\/magallanes\/#organization","name":"Magallanes","url":"https:\/\/dev.explora.cl\/magallanes\/","logo":{"@type":"ImageObject","inLanguage":"es-CL","@id":"https:\/\/dev.explora.cl\/magallanes\/#\/schema\/logo\/image\/","url":"https:\/\/dev.explora.cl\/magallanes\/wp-content\/uploads\/sites\/19\/2021\/06\/cropped-ICONO-COLOR-2.jpg","contentUrl":"https:\/\/dev.explora.cl\/magallanes\/wp-content\/uploads\/sites\/19\/2021\/06\/cropped-ICONO-COLOR-2.jpg","width":1181,"height":1181,"caption":"Magallanes"},"image":{"@id":"https:\/\/dev.explora.cl\/magallanes\/#\/schema\/logo\/image\/"}},{"@type":"Person","@id":"https:\/\/dev.explora.cl\/magallanes\/#\/schema\/person\/cb8349c13ea2d324080adf8480d7ba5d","name":"webman","image":{"@type":"ImageObject","inLanguage":"es-CL","@id":"https:\/\/dev.explora.cl\/magallanes\/#\/schema\/person\/image\/","url":"https:\/\/secure.gravatar.com\/avatar\/eeff3c82f2c02f7177d13663b7e6f890e9a6a0647ce9bb29cae02dcb094c7312?s=96&d=mm&r=g","contentUrl":"https:\/\/secure.gravatar.com\/avatar\/eeff3c82f2c02f7177d13663b7e6f890e9a6a0647ce9bb29cae02dcb094c7312?s=96&d=mm&r=g","caption":"webman"},"url":"https:\/\/dev.explora.cl\/magallanes\/author\/webman\/"}]}},"_links":{"self":[{"href":"https:\/\/dev.explora.cl\/magallanes\/wp-json\/wp\/v2\/posts\/219","targetHints":{"allow":["GET"]}}],"collection":[{"href":"https:\/\/dev.explora.cl\/magallanes\/wp-json\/wp\/v2\/posts"}],"about":[{"href":"https:\/\/dev.explora.cl\/magallanes\/wp-json\/wp\/v2\/types\/post"}],"author":[{"embeddable":true,"href":"https:\/\/dev.explora.cl\/magallanes\/wp-json\/wp\/v2\/users\/2"}],"replies":[{"embeddable":true,"href":"https:\/\/dev.explora.cl\/magallanes\/wp-json\/wp\/v2\/comments?post=219"}],"version-history":[{"count":1,"href":"https:\/\/dev.explora.cl\/magallanes\/wp-json\/wp\/v2\/posts\/219\/revisions"}],"predecessor-version":[{"id":37935,"href":"https:\/\/dev.explora.cl\/magallanes\/wp-json\/wp\/v2\/posts\/219\/revisions\/37935"}],"wp:featuredmedia":[{"embeddable":true,"href":"https:\/\/dev.explora.cl\/magallanes\/wp-json\/wp\/v2\/media\/220"}],"wp:attachment":[{"href":"https:\/\/dev.explora.cl\/magallanes\/wp-json\/wp\/v2\/media?parent=219"}],"wp:term":[{"taxonomy":"category","embeddable":true,"href":"https:\/\/dev.explora.cl\/magallanes\/wp-json\/wp\/v2\/categories?post=219"},{"taxonomy":"post_tag","embeddable":true,"href":"https:\/\/dev.explora.cl\/magallanes\/wp-json\/wp\/v2\/tags?post=219"}],"curies":[{"name":"wp","href":"https:\/\/api.w.org\/{rel}","templated":true}]}}