{"id":215,"date":"2015-04-22T00:00:00","date_gmt":"2015-04-22T04:00:00","guid":{"rendered":"https:\/\/dev.explora.cl\/magallanes\/blog\/2015\/04\/22\/futuros-profesores-de-biologia-y-educacion-basica-de-la-universidad-de-magallanes-se-capacitaron-en-tus-competencias-en-ciencias-del-programa-explora-conicyt\/"},"modified":"2019-05-20T21:40:13","modified_gmt":"2019-05-20T21:40:13","slug":"futuros-profesores-de-biologia-y-educacion-basica-de-la-universidad-de-magallanes-se-capacitaron-en-tus-competencias-en-ciencias-del-programa-explora-conicyt","status":"publish","type":"post","link":"https:\/\/dev.explora.cl\/magallanes\/futuros-profesores-de-biologia-y-educacion-basica-de-la-universidad-de-magallanes-se-capacitaron-en-tus-competencias-en-ciencias-del-programa-explora-conicyt\/","title":{"rendered":"Estudiantes de Pedagog\u00eda participaron en Taller Tus Competencias en Ciencias"},"content":{"rendered":"<p><img loading=\"lazy\" decoding=\"async\" class=\" size-full wp-image-10383\" src=\"http:\/\/ec2-34-218-253-251.us-west-2.compute.amazonaws.com\/wp-content\/uploads\/2015\/04\/4180d33a119d90ad5085cf1a9dd7670f.jpg\" alt=\"\" width=\"3696\" height=\"2448\" \/><\/p>\n<p style=\"text-align: justify\">Veintisiete estudiantes de pedagog\u00eda asistieron los d\u00edas 17 y 18 de abril a las dependencias de la Universidad de Magallanes donde realizaron actividades te\u00f3ricas y pr\u00e1cticas destinadas a fomentar el desarrollo de competencias para la valoraci\u00f3n de la ciencia y tecnolog\u00eda en el mundo escolar.<\/p>\n<p style=\"text-align: justify\">El programa estuvo a cargo de las docentes Hilda Carrera Figueroa y Jimena Scarich Lineros, quienes compartieron con los estudiantes esta metodolog\u00eda que pretende que los escolares valoren la ciencia, la tecnolog\u00eda y la innovaci\u00f3n.<\/p>\n<p style=\"text-align: justify\">&#8220;Ahora todo el curr\u00edculum educacional est\u00e1 apuntando al desarrollo de competencias, entonces es importante para el estudiante que est\u00e1 saliendo de la universidad que llegue con claridad de lo que implica el trabajo en un modelo basado en competencias, aplicarlas en su curr\u00edculum y, al momento de egresar, aplicarla en sus mismas metodolog\u00edas con sus estudiantes&#8221;, se\u00f1al\u00f3 Hilda Carrera, profesora de Biolog\u00eda y Qu\u00edmica y formadora de facilitadores en Tus Competencias en Ciencias.<\/p>\n<p style=\"text-align: justify\">Los profesores en un futuro ser\u00e1n facilitadores del aprendizaje en sus aulas, donde sus estudiantes podr\u00e1n desarrollar desde el comienzo de su vida escolar habilidades cient\u00edficas para explorar hechos y fen\u00f3menos; analizar problemas, recoger y analizar informaci\u00f3n relevante; utilizar diferentes m\u00e9todos de an\u00e1lisis, evaluar los m\u00e9todos y compartir los resultados.<\/p>\n<p style=\"text-align: justify\">&#8220;Se lo recomiendo a los profesores, porque es una metodolog\u00eda muy pr\u00e1ctica y porque ac\u00e1 estamos trabajando para la innovaci\u00f3n. La idea es incentivar al alumno a desarrollar su pensamiento cient\u00edfico, a incentivar la observaci\u00f3n, la curiosidad, querer saber por qu\u00e9 pasan las cosas. Yo creo que este curso sirve harto, a los profesores que llevan m\u00e1s a\u00f1os para renovar metodolog\u00edas de ense\u00f1anza, as\u00ed como a los estudiantes que pronto se integrar\u00e1n al mundo laboral&#8221;, se\u00f1al\u00f3 Daniela Campos, estudiante de Pedagog\u00eda en Biolog\u00eda y Ciencias Naturales de la UMAG.<\/p>\n<p style=\"text-align: justify\">Este Taller continuar\u00e1 el pr\u00f3ximo 7 y 8 de mayo con una feria pr\u00e1ctica en la que asistir\u00e1n estudiantes de la comuna.<\/p>\n<p style=\"text-align: justify\">\u00a0<\/p>\n<p style=\"text-align: justify\">*Revisa las fotograf\u00edas de la actividad <a href=\"https:\/\/www.facebook.com\/media\/set\/?set=a.1632736556963191.1073741875.1447439915492857&amp;type=1\">aqu\u00ed<\/a><\/p>\n<p style=\"text-align: justify\">\u00a0<\/p>\n","protected":false},"excerpt":{"rendered":"<p>Veintisiete estudiantes de pedagog\u00eda asistieron los d\u00edas 17 y 18 de abril a las dependencias de la Universidad de Magallanes donde realizaron actividades te\u00f3ricas y pr\u00e1cticas destinadas a fomentar el desarrollo de competencias para la valoraci\u00f3n de la ciencia y tecnolog\u00eda en el mundo escolar. El programa estuvo a cargo de las docentes Hilda Carrera [&hellip;]<\/p>\n","protected":false},"author":2,"featured_media":216,"comment_status":"open","ping_status":"open","sticky":false,"template":"","format":"standard","meta":{"_acf_changed":false,"_exactmetrics_skip_tracking":false,"_exactmetrics_sitenote_active":false,"_exactmetrics_sitenote_note":"","_exactmetrics_sitenote_category":0,"footnotes":"","_links_to":"","_links_to_target":""},"categories":[4],"tags":[105,164,165],"class_list":["post-215","post","type-post","status-publish","format-standard","has-post-thumbnail","hentry","category-noticias","tag-educacion","tag-escolares","tag-tus-competencias-en-ciencias"],"acf":[],"yoast_head":"<!-- This site is optimized with the Yoast SEO plugin v26.7 - https:\/\/yoast.com\/wordpress\/plugins\/seo\/ -->\n<title>Estudiantes de Pedagog\u00eda participaron en Taller Tus Competencias en Ciencias - Magallanes<\/title>\n<meta name=\"robots\" content=\"index, follow, max-snippet:-1, max-image-preview:large, max-video-preview:-1\" \/>\n<link rel=\"canonical\" href=\"https:\/\/dev.explora.cl\/magallanes\/futuros-profesores-de-biologia-y-educacion-basica-de-la-universidad-de-magallanes-se-capacitaron-en-tus-competencias-en-ciencias-del-programa-explora-conicyt\/\" class=\"yoast-seo-meta-tag\" \/>\n<meta property=\"og:locale\" content=\"es_ES\" class=\"yoast-seo-meta-tag\" \/>\n<meta property=\"og:type\" content=\"article\" class=\"yoast-seo-meta-tag\" \/>\n<meta property=\"og:title\" content=\"Estudiantes de Pedagog\u00eda participaron en Taller Tus Competencias en Ciencias - Magallanes\" class=\"yoast-seo-meta-tag\" \/>\n<meta property=\"og:description\" content=\"Veintisiete estudiantes de pedagog\u00eda asistieron los d\u00edas 17 y 18 de abril a las dependencias de la Universidad de Magallanes donde realizaron actividades te\u00f3ricas y pr\u00e1cticas destinadas a fomentar el desarrollo de competencias para la valoraci\u00f3n de la ciencia y tecnolog\u00eda en el mundo escolar. El programa estuvo a cargo de las docentes Hilda Carrera [&hellip;]\" class=\"yoast-seo-meta-tag\" \/>\n<meta property=\"og:url\" content=\"https:\/\/dev.explora.cl\/magallanes\/futuros-profesores-de-biologia-y-educacion-basica-de-la-universidad-de-magallanes-se-capacitaron-en-tus-competencias-en-ciencias-del-programa-explora-conicyt\/\" class=\"yoast-seo-meta-tag\" \/>\n<meta property=\"og:site_name\" content=\"Magallanes\" class=\"yoast-seo-meta-tag\" \/>\n<meta property=\"article:published_time\" content=\"2015-04-22T04:00:00+00:00\" class=\"yoast-seo-meta-tag\" \/>\n<meta property=\"article:modified_time\" content=\"2019-05-20T21:40:13+00:00\" class=\"yoast-seo-meta-tag\" \/>\n<meta property=\"og:image\" content=\"https:\/\/dev.explora.cl\/magallanes\/wp-content\/uploads\/sites\/19\/2018\/06\/4180d33a119d90ad5085cf1a9dd7670f-1024x678.jpg\" class=\"yoast-seo-meta-tag\" \/>\n\t<meta property=\"og:image:width\" content=\"1024\" class=\"yoast-seo-meta-tag\" \/>\n\t<meta property=\"og:image:height\" content=\"678\" class=\"yoast-seo-meta-tag\" \/>\n\t<meta property=\"og:image:type\" content=\"image\/jpeg\" class=\"yoast-seo-meta-tag\" \/>\n<meta name=\"author\" content=\"webman\" class=\"yoast-seo-meta-tag\" \/>\n<meta name=\"twitter:card\" content=\"summary_large_image\" class=\"yoast-seo-meta-tag\" \/>\n<meta name=\"twitter:label1\" content=\"Escrito por\" class=\"yoast-seo-meta-tag\" \/>\n\t<meta name=\"twitter:data1\" content=\"webman\" class=\"yoast-seo-meta-tag\" \/>\n\t<meta name=\"twitter:label2\" content=\"Tiempo estimado de lectura\" class=\"yoast-seo-meta-tag\" \/>\n\t<meta name=\"twitter:data2\" content=\"2 minutos\" class=\"yoast-seo-meta-tag\" \/>\n<script type=\"application\/ld+json\" class=\"yoast-schema-graph\">{\"@context\":\"https:\/\/schema.org\",\"@graph\":[{\"@type\":\"Article\",\"@id\":\"https:\/\/dev.explora.cl\/magallanes\/futuros-profesores-de-biologia-y-educacion-basica-de-la-universidad-de-magallanes-se-capacitaron-en-tus-competencias-en-ciencias-del-programa-explora-conicyt\/#article\",\"isPartOf\":{\"@id\":\"https:\/\/dev.explora.cl\/magallanes\/futuros-profesores-de-biologia-y-educacion-basica-de-la-universidad-de-magallanes-se-capacitaron-en-tus-competencias-en-ciencias-del-programa-explora-conicyt\/\"},\"author\":{\"name\":\"webman\",\"@id\":\"https:\/\/dev.explora.cl\/magallanes\/#\/schema\/person\/cb8349c13ea2d324080adf8480d7ba5d\"},\"headline\":\"Estudiantes de Pedagog\u00eda participaron en Taller Tus Competencias en Ciencias\",\"datePublished\":\"2015-04-22T04:00:00+00:00\",\"dateModified\":\"2019-05-20T21:40:13+00:00\",\"mainEntityOfPage\":{\"@id\":\"https:\/\/dev.explora.cl\/magallanes\/futuros-profesores-de-biologia-y-educacion-basica-de-la-universidad-de-magallanes-se-capacitaron-en-tus-competencias-en-ciencias-del-programa-explora-conicyt\/\"},\"wordCount\":368,\"commentCount\":0,\"publisher\":{\"@id\":\"https:\/\/dev.explora.cl\/magallanes\/#organization\"},\"image\":{\"@id\":\"https:\/\/dev.explora.cl\/magallanes\/futuros-profesores-de-biologia-y-educacion-basica-de-la-universidad-de-magallanes-se-capacitaron-en-tus-competencias-en-ciencias-del-programa-explora-conicyt\/#primaryimage\"},\"thumbnailUrl\":\"https:\/\/dev.explora.cl\/magallanes\/wp-content\/uploads\/sites\/19\/2018\/06\/4180d33a119d90ad5085cf1a9dd7670f.jpg\",\"keywords\":[\"educaci\u00f3n\",\"escolares\",\"Tus Competencias en Ciencias\"],\"articleSection\":[\"Noticias\"],\"inLanguage\":\"es-CL\",\"potentialAction\":[{\"@type\":\"CommentAction\",\"name\":\"Comment\",\"target\":[\"https:\/\/dev.explora.cl\/magallanes\/futuros-profesores-de-biologia-y-educacion-basica-de-la-universidad-de-magallanes-se-capacitaron-en-tus-competencias-en-ciencias-del-programa-explora-conicyt\/#respond\"]}]},{\"@type\":\"WebPage\",\"@id\":\"https:\/\/dev.explora.cl\/magallanes\/futuros-profesores-de-biologia-y-educacion-basica-de-la-universidad-de-magallanes-se-capacitaron-en-tus-competencias-en-ciencias-del-programa-explora-conicyt\/\",\"url\":\"https:\/\/dev.explora.cl\/magallanes\/futuros-profesores-de-biologia-y-educacion-basica-de-la-universidad-de-magallanes-se-capacitaron-en-tus-competencias-en-ciencias-del-programa-explora-conicyt\/\",\"name\":\"Estudiantes de Pedagog\u00eda participaron en Taller Tus Competencias en Ciencias - Magallanes\",\"isPartOf\":{\"@id\":\"https:\/\/dev.explora.cl\/magallanes\/#website\"},\"primaryImageOfPage\":{\"@id\":\"https:\/\/dev.explora.cl\/magallanes\/futuros-profesores-de-biologia-y-educacion-basica-de-la-universidad-de-magallanes-se-capacitaron-en-tus-competencias-en-ciencias-del-programa-explora-conicyt\/#primaryimage\"},\"image\":{\"@id\":\"https:\/\/dev.explora.cl\/magallanes\/futuros-profesores-de-biologia-y-educacion-basica-de-la-universidad-de-magallanes-se-capacitaron-en-tus-competencias-en-ciencias-del-programa-explora-conicyt\/#primaryimage\"},\"thumbnailUrl\":\"https:\/\/dev.explora.cl\/magallanes\/wp-content\/uploads\/sites\/19\/2018\/06\/4180d33a119d90ad5085cf1a9dd7670f.jpg\",\"datePublished\":\"2015-04-22T04:00:00+00:00\",\"dateModified\":\"2019-05-20T21:40:13+00:00\",\"breadcrumb\":{\"@id\":\"https:\/\/dev.explora.cl\/magallanes\/futuros-profesores-de-biologia-y-educacion-basica-de-la-universidad-de-magallanes-se-capacitaron-en-tus-competencias-en-ciencias-del-programa-explora-conicyt\/#breadcrumb\"},\"inLanguage\":\"es-CL\",\"potentialAction\":[{\"@type\":\"ReadAction\",\"target\":[\"https:\/\/dev.explora.cl\/magallanes\/futuros-profesores-de-biologia-y-educacion-basica-de-la-universidad-de-magallanes-se-capacitaron-en-tus-competencias-en-ciencias-del-programa-explora-conicyt\/\"]}]},{\"@type\":\"ImageObject\",\"inLanguage\":\"es-CL\",\"@id\":\"https:\/\/dev.explora.cl\/magallanes\/futuros-profesores-de-biologia-y-educacion-basica-de-la-universidad-de-magallanes-se-capacitaron-en-tus-competencias-en-ciencias-del-programa-explora-conicyt\/#primaryimage\",\"url\":\"https:\/\/dev.explora.cl\/magallanes\/wp-content\/uploads\/sites\/19\/2018\/06\/4180d33a119d90ad5085cf1a9dd7670f.jpg\",\"contentUrl\":\"https:\/\/dev.explora.cl\/magallanes\/wp-content\/uploads\/sites\/19\/2018\/06\/4180d33a119d90ad5085cf1a9dd7670f.jpg\",\"width\":3696,\"height\":2448},{\"@type\":\"BreadcrumbList\",\"@id\":\"https:\/\/dev.explora.cl\/magallanes\/futuros-profesores-de-biologia-y-educacion-basica-de-la-universidad-de-magallanes-se-capacitaron-en-tus-competencias-en-ciencias-del-programa-explora-conicyt\/#breadcrumb\",\"itemListElement\":[{\"@type\":\"ListItem\",\"position\":1,\"name\":\"Portada\",\"item\":\"https:\/\/dev.explora.cl\/magallanes\/\"},{\"@type\":\"ListItem\",\"position\":2,\"name\":\"Estudiantes de Pedagog\u00eda participaron en Taller Tus Competencias en Ciencias\"}]},{\"@type\":\"WebSite\",\"@id\":\"https:\/\/dev.explora.cl\/magallanes\/#website\",\"url\":\"https:\/\/dev.explora.cl\/magallanes\/\",\"name\":\"Magallanes\",\"description\":\"Otro sitio m\u00e1s de dev.explora.cl\",\"publisher\":{\"@id\":\"https:\/\/dev.explora.cl\/magallanes\/#organization\"},\"potentialAction\":[{\"@type\":\"SearchAction\",\"target\":{\"@type\":\"EntryPoint\",\"urlTemplate\":\"https:\/\/dev.explora.cl\/magallanes\/?s={search_term_string}\"},\"query-input\":{\"@type\":\"PropertyValueSpecification\",\"valueRequired\":true,\"valueName\":\"search_term_string\"}}],\"inLanguage\":\"es-CL\"},{\"@type\":\"Organization\",\"@id\":\"https:\/\/dev.explora.cl\/magallanes\/#organization\",\"name\":\"Magallanes\",\"url\":\"https:\/\/dev.explora.cl\/magallanes\/\",\"logo\":{\"@type\":\"ImageObject\",\"inLanguage\":\"es-CL\",\"@id\":\"https:\/\/dev.explora.cl\/magallanes\/#\/schema\/logo\/image\/\",\"url\":\"https:\/\/dev.explora.cl\/magallanes\/wp-content\/uploads\/sites\/19\/2021\/06\/cropped-ICONO-COLOR-2.jpg\",\"contentUrl\":\"https:\/\/dev.explora.cl\/magallanes\/wp-content\/uploads\/sites\/19\/2021\/06\/cropped-ICONO-COLOR-2.jpg\",\"width\":1181,\"height\":1181,\"caption\":\"Magallanes\"},\"image\":{\"@id\":\"https:\/\/dev.explora.cl\/magallanes\/#\/schema\/logo\/image\/\"}},{\"@type\":\"Person\",\"@id\":\"https:\/\/dev.explora.cl\/magallanes\/#\/schema\/person\/cb8349c13ea2d324080adf8480d7ba5d\",\"name\":\"webman\",\"image\":{\"@type\":\"ImageObject\",\"inLanguage\":\"es-CL\",\"@id\":\"https:\/\/dev.explora.cl\/magallanes\/#\/schema\/person\/image\/\",\"url\":\"https:\/\/secure.gravatar.com\/avatar\/eeff3c82f2c02f7177d13663b7e6f890e9a6a0647ce9bb29cae02dcb094c7312?s=96&d=mm&r=g\",\"contentUrl\":\"https:\/\/secure.gravatar.com\/avatar\/eeff3c82f2c02f7177d13663b7e6f890e9a6a0647ce9bb29cae02dcb094c7312?s=96&d=mm&r=g\",\"caption\":\"webman\"},\"url\":\"https:\/\/dev.explora.cl\/magallanes\/author\/webman\/\"}]}<\/script>\n<!-- \/ Yoast SEO plugin. -->","yoast_head_json":{"title":"Estudiantes de Pedagog\u00eda participaron en Taller Tus Competencias en Ciencias - Magallanes","robots":{"index":"index","follow":"follow","max-snippet":"max-snippet:-1","max-image-preview":"max-image-preview:large","max-video-preview":"max-video-preview:-1"},"canonical":"https:\/\/dev.explora.cl\/magallanes\/futuros-profesores-de-biologia-y-educacion-basica-de-la-universidad-de-magallanes-se-capacitaron-en-tus-competencias-en-ciencias-del-programa-explora-conicyt\/","og_locale":"es_ES","og_type":"article","og_title":"Estudiantes de Pedagog\u00eda participaron en Taller Tus Competencias en Ciencias - Magallanes","og_description":"Veintisiete estudiantes de pedagog\u00eda asistieron los d\u00edas 17 y 18 de abril a las dependencias de la Universidad de Magallanes donde realizaron actividades te\u00f3ricas y pr\u00e1cticas destinadas a fomentar el desarrollo de competencias para la valoraci\u00f3n de la ciencia y tecnolog\u00eda en el mundo escolar. El programa estuvo a cargo de las docentes Hilda Carrera [&hellip;]","og_url":"https:\/\/dev.explora.cl\/magallanes\/futuros-profesores-de-biologia-y-educacion-basica-de-la-universidad-de-magallanes-se-capacitaron-en-tus-competencias-en-ciencias-del-programa-explora-conicyt\/","og_site_name":"Magallanes","article_published_time":"2015-04-22T04:00:00+00:00","article_modified_time":"2019-05-20T21:40:13+00:00","og_image":[{"width":1024,"height":678,"url":"https:\/\/dev.explora.cl\/magallanes\/wp-content\/uploads\/sites\/19\/2018\/06\/4180d33a119d90ad5085cf1a9dd7670f-1024x678.jpg","type":"image\/jpeg"}],"author":"webman","twitter_card":"summary_large_image","twitter_misc":{"Escrito por":"webman","Tiempo estimado de lectura":"2 minutos"},"schema":{"@context":"https:\/\/schema.org","@graph":[{"@type":"Article","@id":"https:\/\/dev.explora.cl\/magallanes\/futuros-profesores-de-biologia-y-educacion-basica-de-la-universidad-de-magallanes-se-capacitaron-en-tus-competencias-en-ciencias-del-programa-explora-conicyt\/#article","isPartOf":{"@id":"https:\/\/dev.explora.cl\/magallanes\/futuros-profesores-de-biologia-y-educacion-basica-de-la-universidad-de-magallanes-se-capacitaron-en-tus-competencias-en-ciencias-del-programa-explora-conicyt\/"},"author":{"name":"webman","@id":"https:\/\/dev.explora.cl\/magallanes\/#\/schema\/person\/cb8349c13ea2d324080adf8480d7ba5d"},"headline":"Estudiantes de Pedagog\u00eda participaron en Taller Tus Competencias en Ciencias","datePublished":"2015-04-22T04:00:00+00:00","dateModified":"2019-05-20T21:40:13+00:00","mainEntityOfPage":{"@id":"https:\/\/dev.explora.cl\/magallanes\/futuros-profesores-de-biologia-y-educacion-basica-de-la-universidad-de-magallanes-se-capacitaron-en-tus-competencias-en-ciencias-del-programa-explora-conicyt\/"},"wordCount":368,"commentCount":0,"publisher":{"@id":"https:\/\/dev.explora.cl\/magallanes\/#organization"},"image":{"@id":"https:\/\/dev.explora.cl\/magallanes\/futuros-profesores-de-biologia-y-educacion-basica-de-la-universidad-de-magallanes-se-capacitaron-en-tus-competencias-en-ciencias-del-programa-explora-conicyt\/#primaryimage"},"thumbnailUrl":"https:\/\/dev.explora.cl\/magallanes\/wp-content\/uploads\/sites\/19\/2018\/06\/4180d33a119d90ad5085cf1a9dd7670f.jpg","keywords":["educaci\u00f3n","escolares","Tus Competencias en Ciencias"],"articleSection":["Noticias"],"inLanguage":"es-CL","potentialAction":[{"@type":"CommentAction","name":"Comment","target":["https:\/\/dev.explora.cl\/magallanes\/futuros-profesores-de-biologia-y-educacion-basica-de-la-universidad-de-magallanes-se-capacitaron-en-tus-competencias-en-ciencias-del-programa-explora-conicyt\/#respond"]}]},{"@type":"WebPage","@id":"https:\/\/dev.explora.cl\/magallanes\/futuros-profesores-de-biologia-y-educacion-basica-de-la-universidad-de-magallanes-se-capacitaron-en-tus-competencias-en-ciencias-del-programa-explora-conicyt\/","url":"https:\/\/dev.explora.cl\/magallanes\/futuros-profesores-de-biologia-y-educacion-basica-de-la-universidad-de-magallanes-se-capacitaron-en-tus-competencias-en-ciencias-del-programa-explora-conicyt\/","name":"Estudiantes de Pedagog\u00eda participaron en Taller Tus Competencias en Ciencias - Magallanes","isPartOf":{"@id":"https:\/\/dev.explora.cl\/magallanes\/#website"},"primaryImageOfPage":{"@id":"https:\/\/dev.explora.cl\/magallanes\/futuros-profesores-de-biologia-y-educacion-basica-de-la-universidad-de-magallanes-se-capacitaron-en-tus-competencias-en-ciencias-del-programa-explora-conicyt\/#primaryimage"},"image":{"@id":"https:\/\/dev.explora.cl\/magallanes\/futuros-profesores-de-biologia-y-educacion-basica-de-la-universidad-de-magallanes-se-capacitaron-en-tus-competencias-en-ciencias-del-programa-explora-conicyt\/#primaryimage"},"thumbnailUrl":"https:\/\/dev.explora.cl\/magallanes\/wp-content\/uploads\/sites\/19\/2018\/06\/4180d33a119d90ad5085cf1a9dd7670f.jpg","datePublished":"2015-04-22T04:00:00+00:00","dateModified":"2019-05-20T21:40:13+00:00","breadcrumb":{"@id":"https:\/\/dev.explora.cl\/magallanes\/futuros-profesores-de-biologia-y-educacion-basica-de-la-universidad-de-magallanes-se-capacitaron-en-tus-competencias-en-ciencias-del-programa-explora-conicyt\/#breadcrumb"},"inLanguage":"es-CL","potentialAction":[{"@type":"ReadAction","target":["https:\/\/dev.explora.cl\/magallanes\/futuros-profesores-de-biologia-y-educacion-basica-de-la-universidad-de-magallanes-se-capacitaron-en-tus-competencias-en-ciencias-del-programa-explora-conicyt\/"]}]},{"@type":"ImageObject","inLanguage":"es-CL","@id":"https:\/\/dev.explora.cl\/magallanes\/futuros-profesores-de-biologia-y-educacion-basica-de-la-universidad-de-magallanes-se-capacitaron-en-tus-competencias-en-ciencias-del-programa-explora-conicyt\/#primaryimage","url":"https:\/\/dev.explora.cl\/magallanes\/wp-content\/uploads\/sites\/19\/2018\/06\/4180d33a119d90ad5085cf1a9dd7670f.jpg","contentUrl":"https:\/\/dev.explora.cl\/magallanes\/wp-content\/uploads\/sites\/19\/2018\/06\/4180d33a119d90ad5085cf1a9dd7670f.jpg","width":3696,"height":2448},{"@type":"BreadcrumbList","@id":"https:\/\/dev.explora.cl\/magallanes\/futuros-profesores-de-biologia-y-educacion-basica-de-la-universidad-de-magallanes-se-capacitaron-en-tus-competencias-en-ciencias-del-programa-explora-conicyt\/#breadcrumb","itemListElement":[{"@type":"ListItem","position":1,"name":"Portada","item":"https:\/\/dev.explora.cl\/magallanes\/"},{"@type":"ListItem","position":2,"name":"Estudiantes de Pedagog\u00eda participaron en Taller Tus Competencias en Ciencias"}]},{"@type":"WebSite","@id":"https:\/\/dev.explora.cl\/magallanes\/#website","url":"https:\/\/dev.explora.cl\/magallanes\/","name":"Magallanes","description":"Otro sitio m\u00e1s de dev.explora.cl","publisher":{"@id":"https:\/\/dev.explora.cl\/magallanes\/#organization"},"potentialAction":[{"@type":"SearchAction","target":{"@type":"EntryPoint","urlTemplate":"https:\/\/dev.explora.cl\/magallanes\/?s={search_term_string}"},"query-input":{"@type":"PropertyValueSpecification","valueRequired":true,"valueName":"search_term_string"}}],"inLanguage":"es-CL"},{"@type":"Organization","@id":"https:\/\/dev.explora.cl\/magallanes\/#organization","name":"Magallanes","url":"https:\/\/dev.explora.cl\/magallanes\/","logo":{"@type":"ImageObject","inLanguage":"es-CL","@id":"https:\/\/dev.explora.cl\/magallanes\/#\/schema\/logo\/image\/","url":"https:\/\/dev.explora.cl\/magallanes\/wp-content\/uploads\/sites\/19\/2021\/06\/cropped-ICONO-COLOR-2.jpg","contentUrl":"https:\/\/dev.explora.cl\/magallanes\/wp-content\/uploads\/sites\/19\/2021\/06\/cropped-ICONO-COLOR-2.jpg","width":1181,"height":1181,"caption":"Magallanes"},"image":{"@id":"https:\/\/dev.explora.cl\/magallanes\/#\/schema\/logo\/image\/"}},{"@type":"Person","@id":"https:\/\/dev.explora.cl\/magallanes\/#\/schema\/person\/cb8349c13ea2d324080adf8480d7ba5d","name":"webman","image":{"@type":"ImageObject","inLanguage":"es-CL","@id":"https:\/\/dev.explora.cl\/magallanes\/#\/schema\/person\/image\/","url":"https:\/\/secure.gravatar.com\/avatar\/eeff3c82f2c02f7177d13663b7e6f890e9a6a0647ce9bb29cae02dcb094c7312?s=96&d=mm&r=g","contentUrl":"https:\/\/secure.gravatar.com\/avatar\/eeff3c82f2c02f7177d13663b7e6f890e9a6a0647ce9bb29cae02dcb094c7312?s=96&d=mm&r=g","caption":"webman"},"url":"https:\/\/dev.explora.cl\/magallanes\/author\/webman\/"}]}},"_links":{"self":[{"href":"https:\/\/dev.explora.cl\/magallanes\/wp-json\/wp\/v2\/posts\/215","targetHints":{"allow":["GET"]}}],"collection":[{"href":"https:\/\/dev.explora.cl\/magallanes\/wp-json\/wp\/v2\/posts"}],"about":[{"href":"https:\/\/dev.explora.cl\/magallanes\/wp-json\/wp\/v2\/types\/post"}],"author":[{"embeddable":true,"href":"https:\/\/dev.explora.cl\/magallanes\/wp-json\/wp\/v2\/users\/2"}],"replies":[{"embeddable":true,"href":"https:\/\/dev.explora.cl\/magallanes\/wp-json\/wp\/v2\/comments?post=215"}],"version-history":[{"count":1,"href":"https:\/\/dev.explora.cl\/magallanes\/wp-json\/wp\/v2\/posts\/215\/revisions"}],"predecessor-version":[{"id":37938,"href":"https:\/\/dev.explora.cl\/magallanes\/wp-json\/wp\/v2\/posts\/215\/revisions\/37938"}],"wp:featuredmedia":[{"embeddable":true,"href":"https:\/\/dev.explora.cl\/magallanes\/wp-json\/wp\/v2\/media\/216"}],"wp:attachment":[{"href":"https:\/\/dev.explora.cl\/magallanes\/wp-json\/wp\/v2\/media?parent=215"}],"wp:term":[{"taxonomy":"category","embeddable":true,"href":"https:\/\/dev.explora.cl\/magallanes\/wp-json\/wp\/v2\/categories?post=215"},{"taxonomy":"post_tag","embeddable":true,"href":"https:\/\/dev.explora.cl\/magallanes\/wp-json\/wp\/v2\/tags?post=215"}],"curies":[{"name":"wp","href":"https:\/\/api.w.org\/{rel}","templated":true}]}}