{"id":211,"date":"2015-04-15T00:00:00","date_gmt":"2015-04-15T04:00:00","guid":{"rendered":"https:\/\/dev.explora.cl\/magallanes\/blog\/2015\/04\/15\/se-inicia-convocatoria-para-cursos-de-perfeccionamiento-gratuitos-para-profesores-de-ciencias\/"},"modified":"2019-05-20T21:40:14","modified_gmt":"2019-05-20T21:40:14","slug":"se-inicia-convocatoria-para-cursos-de-perfeccionamiento-gratuitos-para-profesores-de-ciencias","status":"publish","type":"post","link":"https:\/\/dev.explora.cl\/magallanes\/se-inicia-convocatoria-para-cursos-de-perfeccionamiento-gratuitos-para-profesores-de-ciencias\/","title":{"rendered":"Se inicia convocatoria para cursos de perfeccionamiento gratuitos para profesores de ciencias"},"content":{"rendered":"<p><img loading=\"lazy\" decoding=\"async\" class=\" size-full wp-image-10158\" src=\"http:\/\/ec2-34-218-253-251.us-west-2.compute.amazonaws.com\/wp-content\/uploads\/2015\/04\/fc65c6b87ec376ce35ae46bc617ba779.jpg\" alt=\"\" width=\"1550\" height=\"1842\" \/><\/p>\n<p>Con el objetivo de desarrollar conocimientos y habilidades en tem\u00e1tica de investigaci\u00f3n cient\u00edfica escolar en profesores\/as de ciencias, se invita a docentes de ciencias de todo el pa\u00eds a participar de las jornadas de perfeccionamiento \u201dProyectos Cient\u00edficos Escolares\u201d enmarcadas en el concurso cient\u00edfico escolar \u201cSoluciones para el futuro\u201d.<\/p>\n<p>\u00a0<\/p>\n<p>Samsung Electronics Chile y la Pontificia Universidad Cat\u00f3lica de Valpara\u00edso, en conjunto con Fundaci\u00f3n Ciencia Joven, abren su convocatoria a docentes de todo el pa\u00eds dedicados a las ciencias a participar de las\u00a0 jornadas de perfeccionamiento docente \u201dProyectos Cient\u00edficos Escolares\u201d.<\/p>\n<p>\u00a0<\/p>\n<p>Las capacitaciones se realizar\u00e1n el martes 21 de abril desde las 09:00 a 18:00 hrs. en la Universidad de Magallanes, Punta Arenas, para desarrollar conocimientos y habilidades en tem\u00e1tica de investigaci\u00f3n cient\u00edfica escolar en profesores\/as de ciencias, a trav\u00e9s de talleres desarrollados con did\u00e1ctica indagatoria en ciencias.<\/p>\n<p>\u00a0<\/p>\n<p>Germ\u00e1n S\u00e1enz, Gerente Senior de Ciudadan\u00eda y Comunicaciones Corporativas de Samsung Electronics Chile Ltda. Coment\u00f3 que \u201cEn Samsung apostamos por la innovaci\u00f3n, pues estamos convencidos que es la mejor manera para resolver los problemas. El concurso Soluciones para el Futuro es nuestra manera de contribuir a la formaci\u00f3n cient\u00edfica de los j\u00f3venes chilenos, con la esperanza que ellos sean en el futuro quienes lideren la investigaci\u00f3n y desarrollo de nuevas soluciones para Chile y el mundo. Las jornadas de perfeccionamiento que haremos con profesores en las diferentes regiones de Chile son una parte clave del proceso, y esperamos poder entregarles herramientas utiles y concretas para facilitar su labor y ayudarles a motivar a los alumnos a explorar el mundo de las ciencias.\u201d<\/p>\n<p>\u00a0<\/p>\n<p>Para inscribirse, el profesor debe ingresar a http:\/\/www.solucionesparaelfuturo.cl\/ dirigirse la pesta\u00f1a \u201cProfesores\u201d, hacer click en \u201cTalleres\u201d y completar el formulario Si desean m\u00e1s informaci\u00f3n, deben escribir a eguzman@cienciajoven.cl<\/p>\n<p>\u00a0<\/p>\n<p>Concurso cient\u00edfico escolar \u201cSoluciones para el futuro\u201d<\/p>\n<p>\u00a0<\/p>\n<p>\u00a0El concurso est\u00e1 dirigido a estudiantes de s\u00e9ptimo b\u00e1sico a tercero medio y busca contribuir a la calidad de la educaci\u00f3n de ni\u00f1as, ni\u00f1os y j\u00f3venes chilenos, por medio de su participaci\u00f3n en proyectos cient\u00edficos escolares.<\/p>\n<p>\u00a0<\/p>\n<p>Los participantes deber\u00e1n formar grupos de tres a cinco estudiantes, guiados por un profesor y responder al desaf\u00edo de mostrar c\u00f3mo la ciencia y la tecnolog\u00eda pueden ser aplicadas para mejorar su comunidad<\/p>\n<p>\u00a0<\/p>\n<p>De los proyectos que postulen, se seleccionar\u00e1n 20 que pasar\u00e1n a una segunda etapa, durante la cual deber\u00e1n poner en pr\u00e1ctica el proyecto y documentar su implementaci\u00f3n a trav\u00e9s de un video y un reporte escrito. Los 20 videos, ser\u00e1n subidos\u00a0 y publicados en la p\u00e1gina web del concurso para que el p\u00fablico vote por su favorito.<\/p>\n<p>\u00a0<\/p>\n<p>Finalmente,\u00a0 un jurado compuesto por personas de reconocido prestigio en el \u00e1mbito cient\u00edfico, evaluar\u00e1 los proyectos y escoger\u00e1 a los mejores cinco proyectos quienes ganar\u00e1n premios como una sala interactiva Samsung, tablets y la oportunidad de asistir a campamentos cient\u00edficos.<\/p>\n<p>\u00a0<\/p>\n<p>\u00a0Quienes deseen postular, ya pueden hacerlo a trav\u00e9s de la web del concurso http:\/\/www.solucionesparaelfuturo.cl\/<\/p>\n","protected":false},"excerpt":{"rendered":"<p>Con el objetivo de desarrollar conocimientos y habilidades en tem\u00e1tica de investigaci\u00f3n cient\u00edfica escolar en profesores\/as de ciencias, se invita a docentes de ciencias de todo el pa\u00eds a participar de las jornadas de perfeccionamiento \u201dProyectos Cient\u00edficos Escolares\u201d enmarcadas en el concurso cient\u00edfico escolar \u201cSoluciones para el futuro\u201d. \u00a0 Samsung Electronics Chile y la Pontificia [&hellip;]<\/p>\n","protected":false},"author":2,"featured_media":212,"comment_status":"open","ping_status":"open","sticky":false,"template":"","format":"standard","meta":{"_acf_changed":false,"_exactmetrics_skip_tracking":false,"_exactmetrics_sitenote_active":false,"_exactmetrics_sitenote_note":"","_exactmetrics_sitenote_category":0,"footnotes":"","_links_to":"","_links_to_target":""},"categories":[4],"tags":[107,163],"class_list":["post-211","post","type-post","status-publish","format-standard","has-post-thumbnail","hentry","category-noticias","tag-ciencia","tag-creatividad"],"acf":[],"yoast_head":"<!-- This site is optimized with the Yoast SEO plugin v26.7 - https:\/\/yoast.com\/wordpress\/plugins\/seo\/ -->\n<title>Se inicia convocatoria para cursos de perfeccionamiento gratuitos para profesores de ciencias - Magallanes<\/title>\n<meta name=\"robots\" content=\"index, follow, max-snippet:-1, max-image-preview:large, max-video-preview:-1\" \/>\n<link rel=\"canonical\" href=\"https:\/\/dev.explora.cl\/magallanes\/se-inicia-convocatoria-para-cursos-de-perfeccionamiento-gratuitos-para-profesores-de-ciencias\/\" class=\"yoast-seo-meta-tag\" \/>\n<meta property=\"og:locale\" content=\"es_ES\" class=\"yoast-seo-meta-tag\" \/>\n<meta property=\"og:type\" content=\"article\" class=\"yoast-seo-meta-tag\" \/>\n<meta property=\"og:title\" content=\"Se inicia convocatoria para cursos de perfeccionamiento gratuitos para profesores de ciencias - Magallanes\" class=\"yoast-seo-meta-tag\" \/>\n<meta property=\"og:description\" content=\"Con el objetivo de desarrollar conocimientos y habilidades en tem\u00e1tica de investigaci\u00f3n cient\u00edfica escolar en profesores\/as de ciencias, se invita a docentes de ciencias de todo el pa\u00eds a participar de las jornadas de perfeccionamiento \u201dProyectos Cient\u00edficos Escolares\u201d enmarcadas en el concurso cient\u00edfico escolar \u201cSoluciones para el futuro\u201d. \u00a0 Samsung Electronics Chile y la Pontificia [&hellip;]\" class=\"yoast-seo-meta-tag\" \/>\n<meta property=\"og:url\" content=\"https:\/\/dev.explora.cl\/magallanes\/se-inicia-convocatoria-para-cursos-de-perfeccionamiento-gratuitos-para-profesores-de-ciencias\/\" class=\"yoast-seo-meta-tag\" \/>\n<meta property=\"og:site_name\" content=\"Magallanes\" class=\"yoast-seo-meta-tag\" \/>\n<meta property=\"article:published_time\" content=\"2015-04-15T04:00:00+00:00\" class=\"yoast-seo-meta-tag\" \/>\n<meta property=\"article:modified_time\" content=\"2019-05-20T21:40:14+00:00\" class=\"yoast-seo-meta-tag\" \/>\n<meta property=\"og:image\" content=\"https:\/\/dev.explora.cl\/magallanes\/wp-content\/uploads\/sites\/19\/2018\/06\/fc65c6b87ec376ce35ae46bc617ba779.jpg\" class=\"yoast-seo-meta-tag\" \/>\n\t<meta property=\"og:image:width\" content=\"1550\" class=\"yoast-seo-meta-tag\" \/>\n\t<meta property=\"og:image:height\" content=\"1842\" class=\"yoast-seo-meta-tag\" \/>\n\t<meta property=\"og:image:type\" content=\"image\/jpeg\" class=\"yoast-seo-meta-tag\" \/>\n<meta name=\"author\" content=\"webman\" class=\"yoast-seo-meta-tag\" \/>\n<meta name=\"twitter:card\" content=\"summary_large_image\" class=\"yoast-seo-meta-tag\" \/>\n<meta name=\"twitter:label1\" content=\"Escrito por\" class=\"yoast-seo-meta-tag\" \/>\n\t<meta name=\"twitter:data1\" content=\"webman\" class=\"yoast-seo-meta-tag\" \/>\n\t<meta name=\"twitter:label2\" content=\"Tiempo estimado de lectura\" class=\"yoast-seo-meta-tag\" \/>\n\t<meta name=\"twitter:data2\" content=\"3 minutos\" class=\"yoast-seo-meta-tag\" \/>\n<script type=\"application\/ld+json\" class=\"yoast-schema-graph\">{\"@context\":\"https:\/\/schema.org\",\"@graph\":[{\"@type\":\"Article\",\"@id\":\"https:\/\/dev.explora.cl\/magallanes\/se-inicia-convocatoria-para-cursos-de-perfeccionamiento-gratuitos-para-profesores-de-ciencias\/#article\",\"isPartOf\":{\"@id\":\"https:\/\/dev.explora.cl\/magallanes\/se-inicia-convocatoria-para-cursos-de-perfeccionamiento-gratuitos-para-profesores-de-ciencias\/\"},\"author\":{\"name\":\"webman\",\"@id\":\"https:\/\/dev.explora.cl\/magallanes\/#\/schema\/person\/cb8349c13ea2d324080adf8480d7ba5d\"},\"headline\":\"Se inicia convocatoria para cursos de perfeccionamiento gratuitos para profesores de ciencias\",\"datePublished\":\"2015-04-15T04:00:00+00:00\",\"dateModified\":\"2019-05-20T21:40:14+00:00\",\"mainEntityOfPage\":{\"@id\":\"https:\/\/dev.explora.cl\/magallanes\/se-inicia-convocatoria-para-cursos-de-perfeccionamiento-gratuitos-para-profesores-de-ciencias\/\"},\"wordCount\":543,\"commentCount\":0,\"publisher\":{\"@id\":\"https:\/\/dev.explora.cl\/magallanes\/#organization\"},\"image\":{\"@id\":\"https:\/\/dev.explora.cl\/magallanes\/se-inicia-convocatoria-para-cursos-de-perfeccionamiento-gratuitos-para-profesores-de-ciencias\/#primaryimage\"},\"thumbnailUrl\":\"https:\/\/dev.explora.cl\/magallanes\/wp-content\/uploads\/sites\/19\/2018\/06\/fc65c6b87ec376ce35ae46bc617ba779.jpg\",\"keywords\":[\"ciencia\",\"creatividad\"],\"articleSection\":[\"Noticias\"],\"inLanguage\":\"es-CL\",\"potentialAction\":[{\"@type\":\"CommentAction\",\"name\":\"Comment\",\"target\":[\"https:\/\/dev.explora.cl\/magallanes\/se-inicia-convocatoria-para-cursos-de-perfeccionamiento-gratuitos-para-profesores-de-ciencias\/#respond\"]}]},{\"@type\":\"WebPage\",\"@id\":\"https:\/\/dev.explora.cl\/magallanes\/se-inicia-convocatoria-para-cursos-de-perfeccionamiento-gratuitos-para-profesores-de-ciencias\/\",\"url\":\"https:\/\/dev.explora.cl\/magallanes\/se-inicia-convocatoria-para-cursos-de-perfeccionamiento-gratuitos-para-profesores-de-ciencias\/\",\"name\":\"Se inicia convocatoria para cursos de perfeccionamiento gratuitos para profesores de ciencias - Magallanes\",\"isPartOf\":{\"@id\":\"https:\/\/dev.explora.cl\/magallanes\/#website\"},\"primaryImageOfPage\":{\"@id\":\"https:\/\/dev.explora.cl\/magallanes\/se-inicia-convocatoria-para-cursos-de-perfeccionamiento-gratuitos-para-profesores-de-ciencias\/#primaryimage\"},\"image\":{\"@id\":\"https:\/\/dev.explora.cl\/magallanes\/se-inicia-convocatoria-para-cursos-de-perfeccionamiento-gratuitos-para-profesores-de-ciencias\/#primaryimage\"},\"thumbnailUrl\":\"https:\/\/dev.explora.cl\/magallanes\/wp-content\/uploads\/sites\/19\/2018\/06\/fc65c6b87ec376ce35ae46bc617ba779.jpg\",\"datePublished\":\"2015-04-15T04:00:00+00:00\",\"dateModified\":\"2019-05-20T21:40:14+00:00\",\"breadcrumb\":{\"@id\":\"https:\/\/dev.explora.cl\/magallanes\/se-inicia-convocatoria-para-cursos-de-perfeccionamiento-gratuitos-para-profesores-de-ciencias\/#breadcrumb\"},\"inLanguage\":\"es-CL\",\"potentialAction\":[{\"@type\":\"ReadAction\",\"target\":[\"https:\/\/dev.explora.cl\/magallanes\/se-inicia-convocatoria-para-cursos-de-perfeccionamiento-gratuitos-para-profesores-de-ciencias\/\"]}]},{\"@type\":\"ImageObject\",\"inLanguage\":\"es-CL\",\"@id\":\"https:\/\/dev.explora.cl\/magallanes\/se-inicia-convocatoria-para-cursos-de-perfeccionamiento-gratuitos-para-profesores-de-ciencias\/#primaryimage\",\"url\":\"https:\/\/dev.explora.cl\/magallanes\/wp-content\/uploads\/sites\/19\/2018\/06\/fc65c6b87ec376ce35ae46bc617ba779.jpg\",\"contentUrl\":\"https:\/\/dev.explora.cl\/magallanes\/wp-content\/uploads\/sites\/19\/2018\/06\/fc65c6b87ec376ce35ae46bc617ba779.jpg\",\"width\":1550,\"height\":1842},{\"@type\":\"BreadcrumbList\",\"@id\":\"https:\/\/dev.explora.cl\/magallanes\/se-inicia-convocatoria-para-cursos-de-perfeccionamiento-gratuitos-para-profesores-de-ciencias\/#breadcrumb\",\"itemListElement\":[{\"@type\":\"ListItem\",\"position\":1,\"name\":\"Portada\",\"item\":\"https:\/\/dev.explora.cl\/magallanes\/\"},{\"@type\":\"ListItem\",\"position\":2,\"name\":\"Se inicia convocatoria para cursos de perfeccionamiento gratuitos para profesores de ciencias\"}]},{\"@type\":\"WebSite\",\"@id\":\"https:\/\/dev.explora.cl\/magallanes\/#website\",\"url\":\"https:\/\/dev.explora.cl\/magallanes\/\",\"name\":\"Magallanes\",\"description\":\"Otro sitio m\u00e1s de dev.explora.cl\",\"publisher\":{\"@id\":\"https:\/\/dev.explora.cl\/magallanes\/#organization\"},\"potentialAction\":[{\"@type\":\"SearchAction\",\"target\":{\"@type\":\"EntryPoint\",\"urlTemplate\":\"https:\/\/dev.explora.cl\/magallanes\/?s={search_term_string}\"},\"query-input\":{\"@type\":\"PropertyValueSpecification\",\"valueRequired\":true,\"valueName\":\"search_term_string\"}}],\"inLanguage\":\"es-CL\"},{\"@type\":\"Organization\",\"@id\":\"https:\/\/dev.explora.cl\/magallanes\/#organization\",\"name\":\"Magallanes\",\"url\":\"https:\/\/dev.explora.cl\/magallanes\/\",\"logo\":{\"@type\":\"ImageObject\",\"inLanguage\":\"es-CL\",\"@id\":\"https:\/\/dev.explora.cl\/magallanes\/#\/schema\/logo\/image\/\",\"url\":\"https:\/\/dev.explora.cl\/magallanes\/wp-content\/uploads\/sites\/19\/2021\/06\/cropped-ICONO-COLOR-2.jpg\",\"contentUrl\":\"https:\/\/dev.explora.cl\/magallanes\/wp-content\/uploads\/sites\/19\/2021\/06\/cropped-ICONO-COLOR-2.jpg\",\"width\":1181,\"height\":1181,\"caption\":\"Magallanes\"},\"image\":{\"@id\":\"https:\/\/dev.explora.cl\/magallanes\/#\/schema\/logo\/image\/\"}},{\"@type\":\"Person\",\"@id\":\"https:\/\/dev.explora.cl\/magallanes\/#\/schema\/person\/cb8349c13ea2d324080adf8480d7ba5d\",\"name\":\"webman\",\"image\":{\"@type\":\"ImageObject\",\"inLanguage\":\"es-CL\",\"@id\":\"https:\/\/dev.explora.cl\/magallanes\/#\/schema\/person\/image\/\",\"url\":\"https:\/\/secure.gravatar.com\/avatar\/eeff3c82f2c02f7177d13663b7e6f890e9a6a0647ce9bb29cae02dcb094c7312?s=96&d=mm&r=g\",\"contentUrl\":\"https:\/\/secure.gravatar.com\/avatar\/eeff3c82f2c02f7177d13663b7e6f890e9a6a0647ce9bb29cae02dcb094c7312?s=96&d=mm&r=g\",\"caption\":\"webman\"},\"url\":\"https:\/\/dev.explora.cl\/magallanes\/author\/webman\/\"}]}<\/script>\n<!-- \/ Yoast SEO plugin. -->","yoast_head_json":{"title":"Se inicia convocatoria para cursos de perfeccionamiento gratuitos para profesores de ciencias - Magallanes","robots":{"index":"index","follow":"follow","max-snippet":"max-snippet:-1","max-image-preview":"max-image-preview:large","max-video-preview":"max-video-preview:-1"},"canonical":"https:\/\/dev.explora.cl\/magallanes\/se-inicia-convocatoria-para-cursos-de-perfeccionamiento-gratuitos-para-profesores-de-ciencias\/","og_locale":"es_ES","og_type":"article","og_title":"Se inicia convocatoria para cursos de perfeccionamiento gratuitos para profesores de ciencias - Magallanes","og_description":"Con el objetivo de desarrollar conocimientos y habilidades en tem\u00e1tica de investigaci\u00f3n cient\u00edfica escolar en profesores\/as de ciencias, se invita a docentes de ciencias de todo el pa\u00eds a participar de las jornadas de perfeccionamiento \u201dProyectos Cient\u00edficos Escolares\u201d enmarcadas en el concurso cient\u00edfico escolar \u201cSoluciones para el futuro\u201d. \u00a0 Samsung Electronics Chile y la Pontificia [&hellip;]","og_url":"https:\/\/dev.explora.cl\/magallanes\/se-inicia-convocatoria-para-cursos-de-perfeccionamiento-gratuitos-para-profesores-de-ciencias\/","og_site_name":"Magallanes","article_published_time":"2015-04-15T04:00:00+00:00","article_modified_time":"2019-05-20T21:40:14+00:00","og_image":[{"width":1550,"height":1842,"url":"https:\/\/dev.explora.cl\/magallanes\/wp-content\/uploads\/sites\/19\/2018\/06\/fc65c6b87ec376ce35ae46bc617ba779.jpg","type":"image\/jpeg"}],"author":"webman","twitter_card":"summary_large_image","twitter_misc":{"Escrito por":"webman","Tiempo estimado de lectura":"3 minutos"},"schema":{"@context":"https:\/\/schema.org","@graph":[{"@type":"Article","@id":"https:\/\/dev.explora.cl\/magallanes\/se-inicia-convocatoria-para-cursos-de-perfeccionamiento-gratuitos-para-profesores-de-ciencias\/#article","isPartOf":{"@id":"https:\/\/dev.explora.cl\/magallanes\/se-inicia-convocatoria-para-cursos-de-perfeccionamiento-gratuitos-para-profesores-de-ciencias\/"},"author":{"name":"webman","@id":"https:\/\/dev.explora.cl\/magallanes\/#\/schema\/person\/cb8349c13ea2d324080adf8480d7ba5d"},"headline":"Se inicia convocatoria para cursos de perfeccionamiento gratuitos para profesores de ciencias","datePublished":"2015-04-15T04:00:00+00:00","dateModified":"2019-05-20T21:40:14+00:00","mainEntityOfPage":{"@id":"https:\/\/dev.explora.cl\/magallanes\/se-inicia-convocatoria-para-cursos-de-perfeccionamiento-gratuitos-para-profesores-de-ciencias\/"},"wordCount":543,"commentCount":0,"publisher":{"@id":"https:\/\/dev.explora.cl\/magallanes\/#organization"},"image":{"@id":"https:\/\/dev.explora.cl\/magallanes\/se-inicia-convocatoria-para-cursos-de-perfeccionamiento-gratuitos-para-profesores-de-ciencias\/#primaryimage"},"thumbnailUrl":"https:\/\/dev.explora.cl\/magallanes\/wp-content\/uploads\/sites\/19\/2018\/06\/fc65c6b87ec376ce35ae46bc617ba779.jpg","keywords":["ciencia","creatividad"],"articleSection":["Noticias"],"inLanguage":"es-CL","potentialAction":[{"@type":"CommentAction","name":"Comment","target":["https:\/\/dev.explora.cl\/magallanes\/se-inicia-convocatoria-para-cursos-de-perfeccionamiento-gratuitos-para-profesores-de-ciencias\/#respond"]}]},{"@type":"WebPage","@id":"https:\/\/dev.explora.cl\/magallanes\/se-inicia-convocatoria-para-cursos-de-perfeccionamiento-gratuitos-para-profesores-de-ciencias\/","url":"https:\/\/dev.explora.cl\/magallanes\/se-inicia-convocatoria-para-cursos-de-perfeccionamiento-gratuitos-para-profesores-de-ciencias\/","name":"Se inicia convocatoria para cursos de perfeccionamiento gratuitos para profesores de ciencias - Magallanes","isPartOf":{"@id":"https:\/\/dev.explora.cl\/magallanes\/#website"},"primaryImageOfPage":{"@id":"https:\/\/dev.explora.cl\/magallanes\/se-inicia-convocatoria-para-cursos-de-perfeccionamiento-gratuitos-para-profesores-de-ciencias\/#primaryimage"},"image":{"@id":"https:\/\/dev.explora.cl\/magallanes\/se-inicia-convocatoria-para-cursos-de-perfeccionamiento-gratuitos-para-profesores-de-ciencias\/#primaryimage"},"thumbnailUrl":"https:\/\/dev.explora.cl\/magallanes\/wp-content\/uploads\/sites\/19\/2018\/06\/fc65c6b87ec376ce35ae46bc617ba779.jpg","datePublished":"2015-04-15T04:00:00+00:00","dateModified":"2019-05-20T21:40:14+00:00","breadcrumb":{"@id":"https:\/\/dev.explora.cl\/magallanes\/se-inicia-convocatoria-para-cursos-de-perfeccionamiento-gratuitos-para-profesores-de-ciencias\/#breadcrumb"},"inLanguage":"es-CL","potentialAction":[{"@type":"ReadAction","target":["https:\/\/dev.explora.cl\/magallanes\/se-inicia-convocatoria-para-cursos-de-perfeccionamiento-gratuitos-para-profesores-de-ciencias\/"]}]},{"@type":"ImageObject","inLanguage":"es-CL","@id":"https:\/\/dev.explora.cl\/magallanes\/se-inicia-convocatoria-para-cursos-de-perfeccionamiento-gratuitos-para-profesores-de-ciencias\/#primaryimage","url":"https:\/\/dev.explora.cl\/magallanes\/wp-content\/uploads\/sites\/19\/2018\/06\/fc65c6b87ec376ce35ae46bc617ba779.jpg","contentUrl":"https:\/\/dev.explora.cl\/magallanes\/wp-content\/uploads\/sites\/19\/2018\/06\/fc65c6b87ec376ce35ae46bc617ba779.jpg","width":1550,"height":1842},{"@type":"BreadcrumbList","@id":"https:\/\/dev.explora.cl\/magallanes\/se-inicia-convocatoria-para-cursos-de-perfeccionamiento-gratuitos-para-profesores-de-ciencias\/#breadcrumb","itemListElement":[{"@type":"ListItem","position":1,"name":"Portada","item":"https:\/\/dev.explora.cl\/magallanes\/"},{"@type":"ListItem","position":2,"name":"Se inicia convocatoria para cursos de perfeccionamiento gratuitos para profesores de ciencias"}]},{"@type":"WebSite","@id":"https:\/\/dev.explora.cl\/magallanes\/#website","url":"https:\/\/dev.explora.cl\/magallanes\/","name":"Magallanes","description":"Otro sitio m\u00e1s de dev.explora.cl","publisher":{"@id":"https:\/\/dev.explora.cl\/magallanes\/#organization"},"potentialAction":[{"@type":"SearchAction","target":{"@type":"EntryPoint","urlTemplate":"https:\/\/dev.explora.cl\/magallanes\/?s={search_term_string}"},"query-input":{"@type":"PropertyValueSpecification","valueRequired":true,"valueName":"search_term_string"}}],"inLanguage":"es-CL"},{"@type":"Organization","@id":"https:\/\/dev.explora.cl\/magallanes\/#organization","name":"Magallanes","url":"https:\/\/dev.explora.cl\/magallanes\/","logo":{"@type":"ImageObject","inLanguage":"es-CL","@id":"https:\/\/dev.explora.cl\/magallanes\/#\/schema\/logo\/image\/","url":"https:\/\/dev.explora.cl\/magallanes\/wp-content\/uploads\/sites\/19\/2021\/06\/cropped-ICONO-COLOR-2.jpg","contentUrl":"https:\/\/dev.explora.cl\/magallanes\/wp-content\/uploads\/sites\/19\/2021\/06\/cropped-ICONO-COLOR-2.jpg","width":1181,"height":1181,"caption":"Magallanes"},"image":{"@id":"https:\/\/dev.explora.cl\/magallanes\/#\/schema\/logo\/image\/"}},{"@type":"Person","@id":"https:\/\/dev.explora.cl\/magallanes\/#\/schema\/person\/cb8349c13ea2d324080adf8480d7ba5d","name":"webman","image":{"@type":"ImageObject","inLanguage":"es-CL","@id":"https:\/\/dev.explora.cl\/magallanes\/#\/schema\/person\/image\/","url":"https:\/\/secure.gravatar.com\/avatar\/eeff3c82f2c02f7177d13663b7e6f890e9a6a0647ce9bb29cae02dcb094c7312?s=96&d=mm&r=g","contentUrl":"https:\/\/secure.gravatar.com\/avatar\/eeff3c82f2c02f7177d13663b7e6f890e9a6a0647ce9bb29cae02dcb094c7312?s=96&d=mm&r=g","caption":"webman"},"url":"https:\/\/dev.explora.cl\/magallanes\/author\/webman\/"}]}},"_links":{"self":[{"href":"https:\/\/dev.explora.cl\/magallanes\/wp-json\/wp\/v2\/posts\/211","targetHints":{"allow":["GET"]}}],"collection":[{"href":"https:\/\/dev.explora.cl\/magallanes\/wp-json\/wp\/v2\/posts"}],"about":[{"href":"https:\/\/dev.explora.cl\/magallanes\/wp-json\/wp\/v2\/types\/post"}],"author":[{"embeddable":true,"href":"https:\/\/dev.explora.cl\/magallanes\/wp-json\/wp\/v2\/users\/2"}],"replies":[{"embeddable":true,"href":"https:\/\/dev.explora.cl\/magallanes\/wp-json\/wp\/v2\/comments?post=211"}],"version-history":[{"count":1,"href":"https:\/\/dev.explora.cl\/magallanes\/wp-json\/wp\/v2\/posts\/211\/revisions"}],"predecessor-version":[{"id":37940,"href":"https:\/\/dev.explora.cl\/magallanes\/wp-json\/wp\/v2\/posts\/211\/revisions\/37940"}],"wp:featuredmedia":[{"embeddable":true,"href":"https:\/\/dev.explora.cl\/magallanes\/wp-json\/wp\/v2\/media\/212"}],"wp:attachment":[{"href":"https:\/\/dev.explora.cl\/magallanes\/wp-json\/wp\/v2\/media?parent=211"}],"wp:term":[{"taxonomy":"category","embeddable":true,"href":"https:\/\/dev.explora.cl\/magallanes\/wp-json\/wp\/v2\/categories?post=211"},{"taxonomy":"post_tag","embeddable":true,"href":"https:\/\/dev.explora.cl\/magallanes\/wp-json\/wp\/v2\/tags?post=211"}],"curies":[{"name":"wp","href":"https:\/\/api.w.org\/{rel}","templated":true}]}}