{"id":197,"date":"2015-01-13T00:00:00","date_gmt":"2015-01-13T04:00:00","guid":{"rendered":"https:\/\/dev.explora.cl\/magallanes\/blog\/2015\/01\/13\/presidenta-bachelet-inauguro-congreso-cientifico-en-puerto-williams\/"},"modified":"2019-05-20T21:40:20","modified_gmt":"2019-05-20T21:40:20","slug":"presidenta-bachelet-inauguro-congreso-cientifico-en-puerto-williams","status":"publish","type":"post","link":"https:\/\/dev.explora.cl\/magallanes\/presidenta-bachelet-inauguro-congreso-cientifico-en-puerto-williams\/","title":{"rendered":"Presidenta Bachelet inaugur\u00f3 congreso cient\u00edfico en Puerto Williams"},"content":{"rendered":"<p><img loading=\"lazy\" decoding=\"async\" class=\" size-full wp-image-8442\" src=\"http:\/\/ec2-34-218-253-251.us-west-2.compute.amazonaws.com\/wp-content\/uploads\/2015\/01\/dd886e4f987341406a37615b626f6f3b.jpg\" alt=\"\" width=\"600\" height=\"416\" \/><\/p>\n<p style=\"text-align: justify\">En la inauguraci\u00f3n del Congreso de la Asociaci\u00f3n Internacional de Briolog\u00eda 2015, la Jefa de Estado destac\u00f3 el gran potencial cient\u00edfico de la zona. Adem\u00e1s, destac\u00f3 los aportes del programa de Conservaci\u00f3n Biocultural Subant\u00e1rtico iniciado en 2001 y la construcci\u00f3n del Centro Subant\u00e1rtico Cabo de Horno.<\/p>\n<p style=\"text-align: justify\">Hasta Puerto Williams, Regi\u00f3n de Magallanes, lleg\u00f3 la Presidenta de la Rep\u00fablica, Michelle Bachelet, acompa\u00f1ada por los ministros de Medio Ambiente, Pablo Badenier; de Vivienda y Urbanismo, Paulina Saball; y de Obras P\u00fablicas, Alberto Undurraga, para inaugurar una nueva versi\u00f3n del Congreso de la Asociaci\u00f3n Internacional de Briolog\u00eda 2015.<\/p>\n<p style=\"text-align: justify\">\u201cLos ojos del mundo est\u00e1n puestos en este territorio, un lugar que conserva una enorme biodiversidad, pero que abre tambi\u00e9n una oportunidad fant\u00e1stica para la educaci\u00f3n ambiental y la aplicaci\u00f3n de pol\u00edticas de conservaci\u00f3n. Y que buena esta imagen integrada de ciencia, con educaci\u00f3n, con comunidad\u201d, se\u00f1al\u00f3 la m\u00e1xima autoridad del pa\u00eds.<\/p>\n<p style=\"text-align: justify\">De acuerdo a los estudios,\u00a0en el extremo austral de Am\u00e9rica existe una alt\u00edsima riqueza de especies de musgos y hep\u00e1ticas (briofitas) y de l\u00edquenes. M\u00e1s del 5% de todas las especies de briofitas del mundo se encuentra en menos del 0,01% de la superficie del planeta en la Ecorregi\u00f3n Subant\u00e1rtica de Magallanes.<\/p>\n<p style=\"text-align: justify\">\u201cHoy se iniciar\u00e1n jornadas de intercambio cient\u00edfico y nuestro pa\u00eds va a estar haciendo una contribuci\u00f3n para comprender y promover ese tesoro que son las casi 5 millones de hect\u00e1reas en que se integran los ecosistemas\u201d, agreg\u00f3 la Mandataria.<\/p>\n<p style=\"text-align: justify\">Durante su discurso, la Jefe de Estado aprovech\u00f3 de destacar los enormes avances en materia investiga que se remontan desde la creaci\u00f3n del Programa de Conservaci\u00f3n Biocultural Subant\u00e1rtico del 2001.<\/p>\n<p style=\"text-align: justify\">Esta iniciativa ha convocado los talentos y capacidades\u00a0 de la Universidad de Magallanes, del Instituto de Ecolog\u00eda y Biodiversidad de la Universidad de Chile, la Fundaci\u00f3n Omora y la Universidad de North Texas. Y la verdad que hemos sido sucesivos los Gobiernos que hemos ido apoyando la consolidaci\u00f3n del proyecto con el programa Cient\u00edfica Milenio, luego en mi Gobierno anterior con el Financiamiento Basal\u201d, asever\u00f3.<\/p>\n<p style=\"text-align: justify\">Asimismo, la Presidenta asegur\u00f3 que el trabajo cient\u00edfico seguir\u00e1 fortaleci\u00e9ndose con la construcci\u00f3n del Centro Subant\u00e1rtico Cabo de Horno.<\/p>\n<p style=\"text-align: justify\">\u201cLa regi\u00f3n ya cuenta con los recursos para el dise\u00f1o del Centro, m\u00e1s de 230 millones de pesos definidos por los habitantes de este territorio.\u00a0 Y qu\u00e9 importante que iniciativas de este tipo tengan y consideren una mirada regional desde su inicio\u201d, dijo.<\/p>\n<p style=\"text-align: justify\">Y agreg\u00f3: \u201cEste edificio va a permitir trabajar en distintas l\u00edneas de acci\u00f3n que recogen justamente esta mirada de interacci\u00f3n con la comunidad local y los visitantes. Este centro tendr\u00e1 auditorio para exposiciones, proyecciones audiovisuales, biblioteca, cafeter\u00eda, galer\u00eda, el Centro de Educaci\u00f3n, con salas de clases, con salas de profesores, salas de estudio, con todos los trabajos en terreno en la Reserva de Bi\u00f3sfera Cabo de Hornos\u201d.<\/p>\n<p style=\"text-align: justify\">Al finalizar, la Mandataria se\u00f1al\u00f3 que hoy \u201cno s\u00f3lo estamos inaugurando un encuentro internacional, tambi\u00e9n estamos contribuyendo a que nuestras sociedades asuman un mayor compromiso con el medio ambiente, que conozcan la enorme riqueza que les rodea y que nos pertenece a todos\u201d.<\/p>\n","protected":false},"excerpt":{"rendered":"<p>En la inauguraci\u00f3n del Congreso de la Asociaci\u00f3n Internacional de Briolog\u00eda 2015, la Jefa de Estado destac\u00f3 el gran potencial cient\u00edfico de la zona. Adem\u00e1s, destac\u00f3 los aportes del programa de Conservaci\u00f3n Biocultural Subant\u00e1rtico iniciado en 2001 y la construcci\u00f3n del Centro Subant\u00e1rtico Cabo de Horno. Hasta Puerto Williams, Regi\u00f3n de Magallanes, lleg\u00f3 la Presidenta [&hellip;]<\/p>\n","protected":false},"author":2,"featured_media":198,"comment_status":"open","ping_status":"open","sticky":false,"template":"","format":"standard","meta":{"_acf_changed":false,"_exactmetrics_skip_tracking":false,"_exactmetrics_sitenote_active":false,"_exactmetrics_sitenote_note":"","_exactmetrics_sitenote_category":0,"footnotes":"","_links_to":"","_links_to_target":""},"categories":[4],"tags":[],"class_list":["post-197","post","type-post","status-publish","format-standard","has-post-thumbnail","hentry","category-noticias"],"acf":[],"yoast_head":"<!-- This site is optimized with the Yoast SEO plugin v26.7 - https:\/\/yoast.com\/wordpress\/plugins\/seo\/ -->\n<title>Presidenta Bachelet inaugur\u00f3 congreso cient\u00edfico en Puerto Williams - Magallanes<\/title>\n<meta name=\"robots\" content=\"index, follow, max-snippet:-1, max-image-preview:large, max-video-preview:-1\" \/>\n<link rel=\"canonical\" href=\"https:\/\/dev.explora.cl\/magallanes\/presidenta-bachelet-inauguro-congreso-cientifico-en-puerto-williams\/\" class=\"yoast-seo-meta-tag\" \/>\n<meta property=\"og:locale\" content=\"es_ES\" class=\"yoast-seo-meta-tag\" \/>\n<meta property=\"og:type\" content=\"article\" class=\"yoast-seo-meta-tag\" \/>\n<meta property=\"og:title\" content=\"Presidenta Bachelet inaugur\u00f3 congreso cient\u00edfico en Puerto Williams - Magallanes\" class=\"yoast-seo-meta-tag\" \/>\n<meta property=\"og:description\" content=\"En la inauguraci\u00f3n del Congreso de la Asociaci\u00f3n Internacional de Briolog\u00eda 2015, la Jefa de Estado destac\u00f3 el gran potencial cient\u00edfico de la zona. Adem\u00e1s, destac\u00f3 los aportes del programa de Conservaci\u00f3n Biocultural Subant\u00e1rtico iniciado en 2001 y la construcci\u00f3n del Centro Subant\u00e1rtico Cabo de Horno. Hasta Puerto Williams, Regi\u00f3n de Magallanes, lleg\u00f3 la Presidenta [&hellip;]\" class=\"yoast-seo-meta-tag\" \/>\n<meta property=\"og:url\" content=\"https:\/\/dev.explora.cl\/magallanes\/presidenta-bachelet-inauguro-congreso-cientifico-en-puerto-williams\/\" class=\"yoast-seo-meta-tag\" \/>\n<meta property=\"og:site_name\" content=\"Magallanes\" class=\"yoast-seo-meta-tag\" \/>\n<meta property=\"article:published_time\" content=\"2015-01-13T04:00:00+00:00\" class=\"yoast-seo-meta-tag\" \/>\n<meta property=\"article:modified_time\" content=\"2019-05-20T21:40:20+00:00\" class=\"yoast-seo-meta-tag\" \/>\n<meta property=\"og:image\" content=\"https:\/\/dev.explora.cl\/magallanes\/wp-content\/uploads\/sites\/19\/2018\/06\/dd886e4f987341406a37615b626f6f3b.jpg\" class=\"yoast-seo-meta-tag\" \/>\n\t<meta property=\"og:image:width\" content=\"600\" class=\"yoast-seo-meta-tag\" \/>\n\t<meta property=\"og:image:height\" content=\"416\" class=\"yoast-seo-meta-tag\" \/>\n\t<meta property=\"og:image:type\" content=\"image\/jpeg\" class=\"yoast-seo-meta-tag\" \/>\n<meta name=\"author\" content=\"webman\" class=\"yoast-seo-meta-tag\" \/>\n<meta name=\"twitter:card\" content=\"summary_large_image\" class=\"yoast-seo-meta-tag\" \/>\n<meta name=\"twitter:label1\" content=\"Escrito por\" class=\"yoast-seo-meta-tag\" \/>\n\t<meta name=\"twitter:data1\" content=\"webman\" class=\"yoast-seo-meta-tag\" \/>\n\t<meta name=\"twitter:label2\" content=\"Tiempo estimado de lectura\" class=\"yoast-seo-meta-tag\" \/>\n\t<meta name=\"twitter:data2\" content=\"3 minutos\" class=\"yoast-seo-meta-tag\" \/>\n<script type=\"application\/ld+json\" class=\"yoast-schema-graph\">{\"@context\":\"https:\/\/schema.org\",\"@graph\":[{\"@type\":\"Article\",\"@id\":\"https:\/\/dev.explora.cl\/magallanes\/presidenta-bachelet-inauguro-congreso-cientifico-en-puerto-williams\/#article\",\"isPartOf\":{\"@id\":\"https:\/\/dev.explora.cl\/magallanes\/presidenta-bachelet-inauguro-congreso-cientifico-en-puerto-williams\/\"},\"author\":{\"name\":\"webman\",\"@id\":\"https:\/\/dev.explora.cl\/magallanes\/#\/schema\/person\/cb8349c13ea2d324080adf8480d7ba5d\"},\"headline\":\"Presidenta Bachelet inaugur\u00f3 congreso cient\u00edfico en Puerto Williams\",\"datePublished\":\"2015-01-13T04:00:00+00:00\",\"dateModified\":\"2019-05-20T21:40:20+00:00\",\"mainEntityOfPage\":{\"@id\":\"https:\/\/dev.explora.cl\/magallanes\/presidenta-bachelet-inauguro-congreso-cientifico-en-puerto-williams\/\"},\"wordCount\":570,\"commentCount\":0,\"publisher\":{\"@id\":\"https:\/\/dev.explora.cl\/magallanes\/#organization\"},\"image\":{\"@id\":\"https:\/\/dev.explora.cl\/magallanes\/presidenta-bachelet-inauguro-congreso-cientifico-en-puerto-williams\/#primaryimage\"},\"thumbnailUrl\":\"https:\/\/dev.explora.cl\/magallanes\/wp-content\/uploads\/sites\/19\/2018\/06\/dd886e4f987341406a37615b626f6f3b.jpg\",\"articleSection\":[\"Noticias\"],\"inLanguage\":\"es-CL\",\"potentialAction\":[{\"@type\":\"CommentAction\",\"name\":\"Comment\",\"target\":[\"https:\/\/dev.explora.cl\/magallanes\/presidenta-bachelet-inauguro-congreso-cientifico-en-puerto-williams\/#respond\"]}]},{\"@type\":\"WebPage\",\"@id\":\"https:\/\/dev.explora.cl\/magallanes\/presidenta-bachelet-inauguro-congreso-cientifico-en-puerto-williams\/\",\"url\":\"https:\/\/dev.explora.cl\/magallanes\/presidenta-bachelet-inauguro-congreso-cientifico-en-puerto-williams\/\",\"name\":\"Presidenta Bachelet inaugur\u00f3 congreso cient\u00edfico en Puerto Williams - Magallanes\",\"isPartOf\":{\"@id\":\"https:\/\/dev.explora.cl\/magallanes\/#website\"},\"primaryImageOfPage\":{\"@id\":\"https:\/\/dev.explora.cl\/magallanes\/presidenta-bachelet-inauguro-congreso-cientifico-en-puerto-williams\/#primaryimage\"},\"image\":{\"@id\":\"https:\/\/dev.explora.cl\/magallanes\/presidenta-bachelet-inauguro-congreso-cientifico-en-puerto-williams\/#primaryimage\"},\"thumbnailUrl\":\"https:\/\/dev.explora.cl\/magallanes\/wp-content\/uploads\/sites\/19\/2018\/06\/dd886e4f987341406a37615b626f6f3b.jpg\",\"datePublished\":\"2015-01-13T04:00:00+00:00\",\"dateModified\":\"2019-05-20T21:40:20+00:00\",\"breadcrumb\":{\"@id\":\"https:\/\/dev.explora.cl\/magallanes\/presidenta-bachelet-inauguro-congreso-cientifico-en-puerto-williams\/#breadcrumb\"},\"inLanguage\":\"es-CL\",\"potentialAction\":[{\"@type\":\"ReadAction\",\"target\":[\"https:\/\/dev.explora.cl\/magallanes\/presidenta-bachelet-inauguro-congreso-cientifico-en-puerto-williams\/\"]}]},{\"@type\":\"ImageObject\",\"inLanguage\":\"es-CL\",\"@id\":\"https:\/\/dev.explora.cl\/magallanes\/presidenta-bachelet-inauguro-congreso-cientifico-en-puerto-williams\/#primaryimage\",\"url\":\"https:\/\/dev.explora.cl\/magallanes\/wp-content\/uploads\/sites\/19\/2018\/06\/dd886e4f987341406a37615b626f6f3b.jpg\",\"contentUrl\":\"https:\/\/dev.explora.cl\/magallanes\/wp-content\/uploads\/sites\/19\/2018\/06\/dd886e4f987341406a37615b626f6f3b.jpg\",\"width\":600,\"height\":416},{\"@type\":\"BreadcrumbList\",\"@id\":\"https:\/\/dev.explora.cl\/magallanes\/presidenta-bachelet-inauguro-congreso-cientifico-en-puerto-williams\/#breadcrumb\",\"itemListElement\":[{\"@type\":\"ListItem\",\"position\":1,\"name\":\"Portada\",\"item\":\"https:\/\/dev.explora.cl\/magallanes\/\"},{\"@type\":\"ListItem\",\"position\":2,\"name\":\"Presidenta Bachelet inaugur\u00f3 congreso cient\u00edfico en Puerto Williams\"}]},{\"@type\":\"WebSite\",\"@id\":\"https:\/\/dev.explora.cl\/magallanes\/#website\",\"url\":\"https:\/\/dev.explora.cl\/magallanes\/\",\"name\":\"Magallanes\",\"description\":\"Otro sitio m\u00e1s de dev.explora.cl\",\"publisher\":{\"@id\":\"https:\/\/dev.explora.cl\/magallanes\/#organization\"},\"potentialAction\":[{\"@type\":\"SearchAction\",\"target\":{\"@type\":\"EntryPoint\",\"urlTemplate\":\"https:\/\/dev.explora.cl\/magallanes\/?s={search_term_string}\"},\"query-input\":{\"@type\":\"PropertyValueSpecification\",\"valueRequired\":true,\"valueName\":\"search_term_string\"}}],\"inLanguage\":\"es-CL\"},{\"@type\":\"Organization\",\"@id\":\"https:\/\/dev.explora.cl\/magallanes\/#organization\",\"name\":\"Magallanes\",\"url\":\"https:\/\/dev.explora.cl\/magallanes\/\",\"logo\":{\"@type\":\"ImageObject\",\"inLanguage\":\"es-CL\",\"@id\":\"https:\/\/dev.explora.cl\/magallanes\/#\/schema\/logo\/image\/\",\"url\":\"https:\/\/dev.explora.cl\/magallanes\/wp-content\/uploads\/sites\/19\/2021\/06\/cropped-ICONO-COLOR-2.jpg\",\"contentUrl\":\"https:\/\/dev.explora.cl\/magallanes\/wp-content\/uploads\/sites\/19\/2021\/06\/cropped-ICONO-COLOR-2.jpg\",\"width\":1181,\"height\":1181,\"caption\":\"Magallanes\"},\"image\":{\"@id\":\"https:\/\/dev.explora.cl\/magallanes\/#\/schema\/logo\/image\/\"}},{\"@type\":\"Person\",\"@id\":\"https:\/\/dev.explora.cl\/magallanes\/#\/schema\/person\/cb8349c13ea2d324080adf8480d7ba5d\",\"name\":\"webman\",\"image\":{\"@type\":\"ImageObject\",\"inLanguage\":\"es-CL\",\"@id\":\"https:\/\/dev.explora.cl\/magallanes\/#\/schema\/person\/image\/\",\"url\":\"https:\/\/secure.gravatar.com\/avatar\/eeff3c82f2c02f7177d13663b7e6f890e9a6a0647ce9bb29cae02dcb094c7312?s=96&d=mm&r=g\",\"contentUrl\":\"https:\/\/secure.gravatar.com\/avatar\/eeff3c82f2c02f7177d13663b7e6f890e9a6a0647ce9bb29cae02dcb094c7312?s=96&d=mm&r=g\",\"caption\":\"webman\"},\"url\":\"https:\/\/dev.explora.cl\/magallanes\/author\/webman\/\"}]}<\/script>\n<!-- \/ Yoast SEO plugin. -->","yoast_head_json":{"title":"Presidenta Bachelet inaugur\u00f3 congreso cient\u00edfico en Puerto Williams - Magallanes","robots":{"index":"index","follow":"follow","max-snippet":"max-snippet:-1","max-image-preview":"max-image-preview:large","max-video-preview":"max-video-preview:-1"},"canonical":"https:\/\/dev.explora.cl\/magallanes\/presidenta-bachelet-inauguro-congreso-cientifico-en-puerto-williams\/","og_locale":"es_ES","og_type":"article","og_title":"Presidenta Bachelet inaugur\u00f3 congreso cient\u00edfico en Puerto Williams - Magallanes","og_description":"En la inauguraci\u00f3n del Congreso de la Asociaci\u00f3n Internacional de Briolog\u00eda 2015, la Jefa de Estado destac\u00f3 el gran potencial cient\u00edfico de la zona. Adem\u00e1s, destac\u00f3 los aportes del programa de Conservaci\u00f3n Biocultural Subant\u00e1rtico iniciado en 2001 y la construcci\u00f3n del Centro Subant\u00e1rtico Cabo de Horno. Hasta Puerto Williams, Regi\u00f3n de Magallanes, lleg\u00f3 la Presidenta [&hellip;]","og_url":"https:\/\/dev.explora.cl\/magallanes\/presidenta-bachelet-inauguro-congreso-cientifico-en-puerto-williams\/","og_site_name":"Magallanes","article_published_time":"2015-01-13T04:00:00+00:00","article_modified_time":"2019-05-20T21:40:20+00:00","og_image":[{"width":600,"height":416,"url":"https:\/\/dev.explora.cl\/magallanes\/wp-content\/uploads\/sites\/19\/2018\/06\/dd886e4f987341406a37615b626f6f3b.jpg","type":"image\/jpeg"}],"author":"webman","twitter_card":"summary_large_image","twitter_misc":{"Escrito por":"webman","Tiempo estimado de lectura":"3 minutos"},"schema":{"@context":"https:\/\/schema.org","@graph":[{"@type":"Article","@id":"https:\/\/dev.explora.cl\/magallanes\/presidenta-bachelet-inauguro-congreso-cientifico-en-puerto-williams\/#article","isPartOf":{"@id":"https:\/\/dev.explora.cl\/magallanes\/presidenta-bachelet-inauguro-congreso-cientifico-en-puerto-williams\/"},"author":{"name":"webman","@id":"https:\/\/dev.explora.cl\/magallanes\/#\/schema\/person\/cb8349c13ea2d324080adf8480d7ba5d"},"headline":"Presidenta Bachelet inaugur\u00f3 congreso cient\u00edfico en Puerto Williams","datePublished":"2015-01-13T04:00:00+00:00","dateModified":"2019-05-20T21:40:20+00:00","mainEntityOfPage":{"@id":"https:\/\/dev.explora.cl\/magallanes\/presidenta-bachelet-inauguro-congreso-cientifico-en-puerto-williams\/"},"wordCount":570,"commentCount":0,"publisher":{"@id":"https:\/\/dev.explora.cl\/magallanes\/#organization"},"image":{"@id":"https:\/\/dev.explora.cl\/magallanes\/presidenta-bachelet-inauguro-congreso-cientifico-en-puerto-williams\/#primaryimage"},"thumbnailUrl":"https:\/\/dev.explora.cl\/magallanes\/wp-content\/uploads\/sites\/19\/2018\/06\/dd886e4f987341406a37615b626f6f3b.jpg","articleSection":["Noticias"],"inLanguage":"es-CL","potentialAction":[{"@type":"CommentAction","name":"Comment","target":["https:\/\/dev.explora.cl\/magallanes\/presidenta-bachelet-inauguro-congreso-cientifico-en-puerto-williams\/#respond"]}]},{"@type":"WebPage","@id":"https:\/\/dev.explora.cl\/magallanes\/presidenta-bachelet-inauguro-congreso-cientifico-en-puerto-williams\/","url":"https:\/\/dev.explora.cl\/magallanes\/presidenta-bachelet-inauguro-congreso-cientifico-en-puerto-williams\/","name":"Presidenta Bachelet inaugur\u00f3 congreso cient\u00edfico en Puerto Williams - Magallanes","isPartOf":{"@id":"https:\/\/dev.explora.cl\/magallanes\/#website"},"primaryImageOfPage":{"@id":"https:\/\/dev.explora.cl\/magallanes\/presidenta-bachelet-inauguro-congreso-cientifico-en-puerto-williams\/#primaryimage"},"image":{"@id":"https:\/\/dev.explora.cl\/magallanes\/presidenta-bachelet-inauguro-congreso-cientifico-en-puerto-williams\/#primaryimage"},"thumbnailUrl":"https:\/\/dev.explora.cl\/magallanes\/wp-content\/uploads\/sites\/19\/2018\/06\/dd886e4f987341406a37615b626f6f3b.jpg","datePublished":"2015-01-13T04:00:00+00:00","dateModified":"2019-05-20T21:40:20+00:00","breadcrumb":{"@id":"https:\/\/dev.explora.cl\/magallanes\/presidenta-bachelet-inauguro-congreso-cientifico-en-puerto-williams\/#breadcrumb"},"inLanguage":"es-CL","potentialAction":[{"@type":"ReadAction","target":["https:\/\/dev.explora.cl\/magallanes\/presidenta-bachelet-inauguro-congreso-cientifico-en-puerto-williams\/"]}]},{"@type":"ImageObject","inLanguage":"es-CL","@id":"https:\/\/dev.explora.cl\/magallanes\/presidenta-bachelet-inauguro-congreso-cientifico-en-puerto-williams\/#primaryimage","url":"https:\/\/dev.explora.cl\/magallanes\/wp-content\/uploads\/sites\/19\/2018\/06\/dd886e4f987341406a37615b626f6f3b.jpg","contentUrl":"https:\/\/dev.explora.cl\/magallanes\/wp-content\/uploads\/sites\/19\/2018\/06\/dd886e4f987341406a37615b626f6f3b.jpg","width":600,"height":416},{"@type":"BreadcrumbList","@id":"https:\/\/dev.explora.cl\/magallanes\/presidenta-bachelet-inauguro-congreso-cientifico-en-puerto-williams\/#breadcrumb","itemListElement":[{"@type":"ListItem","position":1,"name":"Portada","item":"https:\/\/dev.explora.cl\/magallanes\/"},{"@type":"ListItem","position":2,"name":"Presidenta Bachelet inaugur\u00f3 congreso cient\u00edfico en Puerto Williams"}]},{"@type":"WebSite","@id":"https:\/\/dev.explora.cl\/magallanes\/#website","url":"https:\/\/dev.explora.cl\/magallanes\/","name":"Magallanes","description":"Otro sitio m\u00e1s de dev.explora.cl","publisher":{"@id":"https:\/\/dev.explora.cl\/magallanes\/#organization"},"potentialAction":[{"@type":"SearchAction","target":{"@type":"EntryPoint","urlTemplate":"https:\/\/dev.explora.cl\/magallanes\/?s={search_term_string}"},"query-input":{"@type":"PropertyValueSpecification","valueRequired":true,"valueName":"search_term_string"}}],"inLanguage":"es-CL"},{"@type":"Organization","@id":"https:\/\/dev.explora.cl\/magallanes\/#organization","name":"Magallanes","url":"https:\/\/dev.explora.cl\/magallanes\/","logo":{"@type":"ImageObject","inLanguage":"es-CL","@id":"https:\/\/dev.explora.cl\/magallanes\/#\/schema\/logo\/image\/","url":"https:\/\/dev.explora.cl\/magallanes\/wp-content\/uploads\/sites\/19\/2021\/06\/cropped-ICONO-COLOR-2.jpg","contentUrl":"https:\/\/dev.explora.cl\/magallanes\/wp-content\/uploads\/sites\/19\/2021\/06\/cropped-ICONO-COLOR-2.jpg","width":1181,"height":1181,"caption":"Magallanes"},"image":{"@id":"https:\/\/dev.explora.cl\/magallanes\/#\/schema\/logo\/image\/"}},{"@type":"Person","@id":"https:\/\/dev.explora.cl\/magallanes\/#\/schema\/person\/cb8349c13ea2d324080adf8480d7ba5d","name":"webman","image":{"@type":"ImageObject","inLanguage":"es-CL","@id":"https:\/\/dev.explora.cl\/magallanes\/#\/schema\/person\/image\/","url":"https:\/\/secure.gravatar.com\/avatar\/eeff3c82f2c02f7177d13663b7e6f890e9a6a0647ce9bb29cae02dcb094c7312?s=96&d=mm&r=g","contentUrl":"https:\/\/secure.gravatar.com\/avatar\/eeff3c82f2c02f7177d13663b7e6f890e9a6a0647ce9bb29cae02dcb094c7312?s=96&d=mm&r=g","caption":"webman"},"url":"https:\/\/dev.explora.cl\/magallanes\/author\/webman\/"}]}},"_links":{"self":[{"href":"https:\/\/dev.explora.cl\/magallanes\/wp-json\/wp\/v2\/posts\/197","targetHints":{"allow":["GET"]}}],"collection":[{"href":"https:\/\/dev.explora.cl\/magallanes\/wp-json\/wp\/v2\/posts"}],"about":[{"href":"https:\/\/dev.explora.cl\/magallanes\/wp-json\/wp\/v2\/types\/post"}],"author":[{"embeddable":true,"href":"https:\/\/dev.explora.cl\/magallanes\/wp-json\/wp\/v2\/users\/2"}],"replies":[{"embeddable":true,"href":"https:\/\/dev.explora.cl\/magallanes\/wp-json\/wp\/v2\/comments?post=197"}],"version-history":[{"count":1,"href":"https:\/\/dev.explora.cl\/magallanes\/wp-json\/wp\/v2\/posts\/197\/revisions"}],"predecessor-version":[{"id":37947,"href":"https:\/\/dev.explora.cl\/magallanes\/wp-json\/wp\/v2\/posts\/197\/revisions\/37947"}],"wp:featuredmedia":[{"embeddable":true,"href":"https:\/\/dev.explora.cl\/magallanes\/wp-json\/wp\/v2\/media\/198"}],"wp:attachment":[{"href":"https:\/\/dev.explora.cl\/magallanes\/wp-json\/wp\/v2\/media?parent=197"}],"wp:term":[{"taxonomy":"category","embeddable":true,"href":"https:\/\/dev.explora.cl\/magallanes\/wp-json\/wp\/v2\/categories?post=197"},{"taxonomy":"post_tag","embeddable":true,"href":"https:\/\/dev.explora.cl\/magallanes\/wp-json\/wp\/v2\/tags?post=197"}],"curies":[{"name":"wp","href":"https:\/\/api.w.org\/{rel}","templated":true}]}}