{"id":169,"date":"2014-11-16T00:00:00","date_gmt":"2014-11-16T04:00:00","guid":{"rendered":"https:\/\/dev.explora.cl\/magallanes\/blog\/2014\/11\/16\/primera-feria-subantartica-del-libro\/"},"modified":"2019-05-20T21:40:27","modified_gmt":"2019-05-20T21:40:27","slug":"primera-feria-subantartica-del-libro","status":"publish","type":"post","link":"https:\/\/dev.explora.cl\/magallanes\/primera-feria-subantartica-del-libro\/","title":{"rendered":"Se acerca la primera Feria Subant\u00e1rtica del Libro"},"content":{"rendered":"<p><img loading=\"lazy\" decoding=\"async\" class=\" size-full wp-image-7292\" src=\"http:\/\/ec2-34-218-253-251.us-west-2.compute.amazonaws.com\/wp-content\/uploads\/2014\/11\/dfd4b90a4a0d4b699e28ddc27224a498.jpg\" alt=\"\" width=\"700\" height=\"466\" \/><\/p>\n<p style=\"text-align: justify\"><span style=\"font-family: arial, helvetica, sans-serif;font-size: small\">El 22 de noviembre, en el patio techado de la Facultad de Ingenier\u00eda de la Universidad de Magallanes, se dar\u00e1 inicio a la Primera Feria Subant\u00e1rtica del Libro, impulsada por un grupo de magall\u00e1nicos que encabeza el presidente de la Sociedad de Escritores, acad\u00e9mico y escritor, \u00d3scar Barrientos Bradasic.<\/span><\/p>\n<p style=\"text-align: justify\"><span style=\"font-family: arial, helvetica, sans-serif;font-size: small\">La instancia busca promover la lectura y el libro entre los habitantes de la regi\u00f3n austral; fomentar el intercambio entre las editoriales de la C\u00e1mara Chilena del Libro, la Asociaci\u00f3n de Editores Independientes y la Furia del Libro, y los representantes de librer\u00edas y bibliotecas regionales; permitir un mejor acceso a las tendencias literarias que marcan la pauta en el pa\u00eds, y abrir las puertas de la casa de estudios superiores a la comunidad regional.<\/span><\/p>\n<p style=\"text-align: justify\"><span style=\"font-family: arial, helvetica, sans-serif;font-size: small\">Todo, a trav\u00e9s de una feria de acceso gratuito, en la que participar\u00e1n empresas de gran tama\u00f1o junto a otras independientes y emergentes.<\/span><\/p>\n<p style=\"text-align: justify\"><span style=\"font-family: arial, helvetica, sans-serif;font-size: small\">Dado que el esp\u00edritu de la iniciativa es generar un movimiento cultural en la Regi\u00f3n de Magallanes y Ant\u00e1rtica Chilena, se ha planificado un atractivo programa de actividades abiertas a toda la familia, que realizar\u00e1 paralelo a la exhibici\u00f3n y venta de libros.<\/span><\/p>\n<p style=\"text-align: justify\"><span style=\"font-family: arial, helvetica, sans-serif;font-size: small\">&#8220;Habitamos un territorio Subant\u00e1rtico que nos inspira y distingue en el mundo, y queremos difundir esa identidad entre la comunidad regional y nacional &#8220;, afirm\u00f3 \u00d3scar Barrientos.<\/span><\/p>\n<p style=\"text-align: justify\"><span style=\"font-family: arial, helvetica, sans-serif;font-size: small\">Agreg\u00f3 que \u201cdebi\u00e9ramos tener un p\u00fablico masivo que asista a las conferencias de los escritores, a los talleres de la Fundaci\u00f3n Pablo Neruda, a la muestra de las editoriales y a todo, porque nuestra Universidad de Magallanes quiere hacer participar en las artes y la cultura a todos los habitantes de la regi\u00f3n\u201d.<\/span><\/p>\n<p style=\"text-align: justify\"><span style=\"font-family: arial, helvetica, sans-serif;font-size: small\">Entre los autores que estar\u00e1n presentes en esta primera edici\u00f3n de la Feria Subant\u00e1rtica del Libro, destacan los periodistas Patricio Ba\u00f1ados, con su obra autobiogr\u00e1fica \u201cMemorias de un Locutor\u201d y Nancy Guzm\u00e1n con el libro &#8220;Ingrid Olderock: La Mujer de los Perros&#8221;, investigaci\u00f3n que aborda el rol de las mujeres torturadoras.<\/span><\/p>\n<p style=\"text-align: justify\"><span style=\"font-family: arial, helvetica, sans-serif;font-size: small\">A ellos se suma el destacado autor regional Ram\u00f3n D\u00edaz Eterovic, cuya obra ha sido editada ampliamente tanto en el pa\u00eds como en el extranjero.<\/span><\/p>\n<p style=\"text-align: justify\"><span style=\"font-family: arial, helvetica, sans-serif;font-size: small\">En el \u00e1mbito literario se realizar\u00e1n, entre otras actividades, una Mesa Regional de Lectura integrada por Pavel Oyarz\u00fan, V\u00edctor Hern\u00e1ndez y Niki Kuscevic; la presentaci\u00f3n del proyecto Hidropo\u00e9tica del Colectivo \u00daltima Esperanza; la presentaci\u00f3n de &#8220;Poemas&#8221; de E.E. Cummings, traducido por AlejandraMancilla y Tom\u00e1s Browne; un taller literario abierto a j\u00f3venes a cargo de los becarios de la Fundaci\u00f3n Pablo Neruda; y lecturas de destacados autores como Ronald Kay, Floridor P\u00e9rez y Jaime Quezada.<\/span><\/p>\n<p style=\"text-align: justify\"><span style=\"font-family: arial, helvetica, sans-serif;font-size: small\">Dada la tem\u00e1tica Subant\u00e1rtica que define el perfil de esta feria, el Programa Cultural incluir\u00e1 atractivas conferencias.<\/span><\/p>\n<p style=\"text-align: justify\"><span style=\"font-family: arial, helvetica, sans-serif;font-size: small\">Destaca la presentaci\u00f3n del Dr. Ricardo Rozzi acerca del estudio que ha hecho de las aves durante una d\u00e9cada, en el Parque Etnobot\u00e1nico Omora, isla Navarino. Dicha investigaci\u00f3n se plasm\u00f3 en una publicaci\u00f3n destinada a la divulgaci\u00f3n cient\u00edfica con una mirada de conservaci\u00f3n.<\/span><\/p>\n<p style=\"text-align: justify\"><span style=\"font-family: arial, helvetica, sans-serif;font-size: small\">En esta l\u00ednea se cuentan tambi\u00e9n el conversatorio sobre literatura y viajes encabezado por Alfredo Prieto; la presentaci\u00f3n \u201cSiguiendo la Huella de la Historia Natural de las Macroalgas Subant\u00e1rticas y Ant\u00e1rticas\u201d, del Dr. Andr\u00e9s Mansilla, Jaime Ojeda y Sebasti\u00e1n Rosenfeld, que incorpora una perspectiva gastron\u00f3mica para la utilizaci\u00f3n de este recurso marino; las charlas \u201cAvistamiento de delfines y ballenas en aguas del Estrecho de Magallanes y Adyacentes\u201d del Dr. Anelio Aguayo y la presentaci\u00f3n del libro \u201cHombres y cet\u00e1ceos&#8221; a cargo del Dr. Jorge Gibbons, uno de sus autores.<\/span><\/p>\n<p style=\"text-align: justify\"><span style=\"font-family: arial, helvetica, sans-serif;font-size: small\">Tambi\u00e9n se presentar\u00e1 el Proyecto Museo de R\u00edo Seco, un cruce efectivo entre arte y ciencia: \u201cEsqueletos Emplumados\u201d, de Miguel C\u00e1ceres y Benjam\u00edn C\u00e1ceres.<\/span><\/p>\n<p style=\"text-align: justify\"><span style=\"font-family: arial, helvetica, sans-serif;font-size: small\">La identidad que mueve y convoca a los magall\u00e1nicos estar\u00e1 presente en el seminario \u201cPasado, identidad y Patrimonio en Chile\u201d de la Dra. Flavia Morello. Pero adem\u00e1s, la Feria ser\u00e1 el escenario para escuchar a dos Premios Nacionales de Historial, los doctores Mateo Martinic y Jorge Hidalgo, quienes participar\u00e1n en el ciclo \u201cPasado, identidad y Patrimonio en Chile\u201d.<\/span><\/p>\n<p style=\"text-align: justify\"><span style=\"font-family: arial, helvetica, sans-serif;font-size: small\">Nuestro patrimonio natural estar\u00e1 representado en stands de instituciones vinculadas a la educaci\u00f3n ambiental que entregar\u00e1n material informativo y did\u00e1ctico especialmente a los m\u00e1s peque\u00f1os. Han confirmado su presencia Inach, Cequa y Conaf.<\/span><\/p>\n<p style=\"text-align: justify\"><span style=\"font-family: arial, helvetica, sans-serif;font-size: small\">Tambi\u00e9n habr\u00e1 espacio para la m\u00fasica, a trav\u00e9s del concierto con im\u00e1genes \u201cAntartandes\u201d de Sergio P\u00e9rez Bontes, la presentaci\u00f3n de m\u00fasica electr\u00f3nica a cargo del d\u00fao Lluvia \u00c1cida, el jazz fusi\u00f3n a cargo de Ensamble Punta Arenas de V\u00edctor D\u00edaz, y la participaci\u00f3n de Karina Contreras y grupo.<\/span><\/p>\n<p style=\"text-align: justify\"><span style=\"font-family: arial, helvetica, sans-serif;font-size: small\">El Conservatorio de la Universidad de Magallanes se har\u00e1 presente a trav\u00e9s de conciertos did\u00e1cticos y la actuaci\u00f3n de su Orquesta de C\u00e1mara, a cargo del maestro Ricardo Colima.<\/span><\/p>\n<p style=\"text-align: justify\"><span style=\"font-family: arial, helvetica, sans-serif;font-size: small\">La Primera Feria Subant\u00e1rtica del Libro estar\u00e1 abierta al p\u00fablico de lunes a viernes, entre 11:00 y 13:00, y entre 14:30 y 20:00 horas. S\u00e1bado, de 11:00 a 13:00 y de 14:30 a 21:00 horas. Domingo, entre 11:00 y 13:00, y entre 14:30 y 20:00 horas.<\/span><\/p>\n","protected":false},"excerpt":{"rendered":"<p>El 22 de noviembre, en el patio techado de la Facultad de Ingenier\u00eda de la Universidad de Magallanes, se dar\u00e1 inicio a la Primera Feria Subant\u00e1rtica del Libro, impulsada por un grupo de magall\u00e1nicos que encabeza el presidente de la Sociedad de Escritores, acad\u00e9mico y escritor, \u00d3scar Barrientos Bradasic. La instancia busca promover la lectura [&hellip;]<\/p>\n","protected":false},"author":2,"featured_media":170,"comment_status":"open","ping_status":"open","sticky":false,"template":"","format":"standard","meta":{"_acf_changed":false,"_exactmetrics_skip_tracking":false,"_exactmetrics_sitenote_active":false,"_exactmetrics_sitenote_note":"","_exactmetrics_sitenote_category":0,"footnotes":"","_links_to":"","_links_to_target":""},"categories":[4],"tags":[156],"class_list":["post-169","post","type-post","status-publish","format-standard","has-post-thumbnail","hentry","category-noticias","tag-libros"],"acf":[],"yoast_head":"<!-- This site is optimized with the Yoast SEO plugin v26.7 - https:\/\/yoast.com\/wordpress\/plugins\/seo\/ -->\n<title>Se acerca la primera Feria Subant\u00e1rtica del Libro - Magallanes<\/title>\n<meta name=\"robots\" content=\"index, follow, max-snippet:-1, max-image-preview:large, max-video-preview:-1\" \/>\n<link rel=\"canonical\" href=\"https:\/\/dev.explora.cl\/magallanes\/primera-feria-subantartica-del-libro\/\" class=\"yoast-seo-meta-tag\" \/>\n<meta property=\"og:locale\" content=\"es_ES\" class=\"yoast-seo-meta-tag\" \/>\n<meta property=\"og:type\" content=\"article\" class=\"yoast-seo-meta-tag\" \/>\n<meta property=\"og:title\" content=\"Se acerca la primera Feria Subant\u00e1rtica del Libro - Magallanes\" class=\"yoast-seo-meta-tag\" \/>\n<meta property=\"og:description\" content=\"El 22 de noviembre, en el patio techado de la Facultad de Ingenier\u00eda de la Universidad de Magallanes, se dar\u00e1 inicio a la Primera Feria Subant\u00e1rtica del Libro, impulsada por un grupo de magall\u00e1nicos que encabeza el presidente de la Sociedad de Escritores, acad\u00e9mico y escritor, \u00d3scar Barrientos Bradasic. La instancia busca promover la lectura [&hellip;]\" class=\"yoast-seo-meta-tag\" \/>\n<meta property=\"og:url\" content=\"https:\/\/dev.explora.cl\/magallanes\/primera-feria-subantartica-del-libro\/\" class=\"yoast-seo-meta-tag\" \/>\n<meta property=\"og:site_name\" content=\"Magallanes\" class=\"yoast-seo-meta-tag\" \/>\n<meta property=\"article:published_time\" content=\"2014-11-16T04:00:00+00:00\" class=\"yoast-seo-meta-tag\" \/>\n<meta property=\"article:modified_time\" content=\"2019-05-20T21:40:27+00:00\" class=\"yoast-seo-meta-tag\" \/>\n<meta property=\"og:image\" content=\"https:\/\/dev.explora.cl\/magallanes\/wp-content\/uploads\/sites\/19\/2018\/06\/dfd4b90a4a0d4b699e28ddc27224a498.jpg\" class=\"yoast-seo-meta-tag\" \/>\n\t<meta property=\"og:image:width\" content=\"700\" class=\"yoast-seo-meta-tag\" \/>\n\t<meta property=\"og:image:height\" content=\"466\" class=\"yoast-seo-meta-tag\" \/>\n\t<meta property=\"og:image:type\" content=\"image\/jpeg\" class=\"yoast-seo-meta-tag\" \/>\n<meta name=\"author\" content=\"webman\" class=\"yoast-seo-meta-tag\" \/>\n<meta name=\"twitter:card\" content=\"summary_large_image\" class=\"yoast-seo-meta-tag\" \/>\n<meta name=\"twitter:label1\" content=\"Escrito por\" class=\"yoast-seo-meta-tag\" \/>\n\t<meta name=\"twitter:data1\" content=\"webman\" class=\"yoast-seo-meta-tag\" \/>\n\t<meta name=\"twitter:label2\" content=\"Tiempo estimado de lectura\" class=\"yoast-seo-meta-tag\" \/>\n\t<meta name=\"twitter:data2\" content=\"4 minutos\" class=\"yoast-seo-meta-tag\" \/>\n<script type=\"application\/ld+json\" class=\"yoast-schema-graph\">{\"@context\":\"https:\/\/schema.org\",\"@graph\":[{\"@type\":\"Article\",\"@id\":\"https:\/\/dev.explora.cl\/magallanes\/primera-feria-subantartica-del-libro\/#article\",\"isPartOf\":{\"@id\":\"https:\/\/dev.explora.cl\/magallanes\/primera-feria-subantartica-del-libro\/\"},\"author\":{\"name\":\"webman\",\"@id\":\"https:\/\/dev.explora.cl\/magallanes\/#\/schema\/person\/cb8349c13ea2d324080adf8480d7ba5d\"},\"headline\":\"Se acerca la primera Feria Subant\u00e1rtica del Libro\",\"datePublished\":\"2014-11-16T04:00:00+00:00\",\"dateModified\":\"2019-05-20T21:40:27+00:00\",\"mainEntityOfPage\":{\"@id\":\"https:\/\/dev.explora.cl\/magallanes\/primera-feria-subantartica-del-libro\/\"},\"wordCount\":899,\"commentCount\":0,\"publisher\":{\"@id\":\"https:\/\/dev.explora.cl\/magallanes\/#organization\"},\"image\":{\"@id\":\"https:\/\/dev.explora.cl\/magallanes\/primera-feria-subantartica-del-libro\/#primaryimage\"},\"thumbnailUrl\":\"https:\/\/dev.explora.cl\/magallanes\/wp-content\/uploads\/sites\/19\/2018\/06\/dfd4b90a4a0d4b699e28ddc27224a498.jpg\",\"keywords\":[\"libros\"],\"articleSection\":[\"Noticias\"],\"inLanguage\":\"es-CL\",\"potentialAction\":[{\"@type\":\"CommentAction\",\"name\":\"Comment\",\"target\":[\"https:\/\/dev.explora.cl\/magallanes\/primera-feria-subantartica-del-libro\/#respond\"]}]},{\"@type\":\"WebPage\",\"@id\":\"https:\/\/dev.explora.cl\/magallanes\/primera-feria-subantartica-del-libro\/\",\"url\":\"https:\/\/dev.explora.cl\/magallanes\/primera-feria-subantartica-del-libro\/\",\"name\":\"Se acerca la primera Feria Subant\u00e1rtica del Libro - Magallanes\",\"isPartOf\":{\"@id\":\"https:\/\/dev.explora.cl\/magallanes\/#website\"},\"primaryImageOfPage\":{\"@id\":\"https:\/\/dev.explora.cl\/magallanes\/primera-feria-subantartica-del-libro\/#primaryimage\"},\"image\":{\"@id\":\"https:\/\/dev.explora.cl\/magallanes\/primera-feria-subantartica-del-libro\/#primaryimage\"},\"thumbnailUrl\":\"https:\/\/dev.explora.cl\/magallanes\/wp-content\/uploads\/sites\/19\/2018\/06\/dfd4b90a4a0d4b699e28ddc27224a498.jpg\",\"datePublished\":\"2014-11-16T04:00:00+00:00\",\"dateModified\":\"2019-05-20T21:40:27+00:00\",\"breadcrumb\":{\"@id\":\"https:\/\/dev.explora.cl\/magallanes\/primera-feria-subantartica-del-libro\/#breadcrumb\"},\"inLanguage\":\"es-CL\",\"potentialAction\":[{\"@type\":\"ReadAction\",\"target\":[\"https:\/\/dev.explora.cl\/magallanes\/primera-feria-subantartica-del-libro\/\"]}]},{\"@type\":\"ImageObject\",\"inLanguage\":\"es-CL\",\"@id\":\"https:\/\/dev.explora.cl\/magallanes\/primera-feria-subantartica-del-libro\/#primaryimage\",\"url\":\"https:\/\/dev.explora.cl\/magallanes\/wp-content\/uploads\/sites\/19\/2018\/06\/dfd4b90a4a0d4b699e28ddc27224a498.jpg\",\"contentUrl\":\"https:\/\/dev.explora.cl\/magallanes\/wp-content\/uploads\/sites\/19\/2018\/06\/dfd4b90a4a0d4b699e28ddc27224a498.jpg\",\"width\":700,\"height\":466},{\"@type\":\"BreadcrumbList\",\"@id\":\"https:\/\/dev.explora.cl\/magallanes\/primera-feria-subantartica-del-libro\/#breadcrumb\",\"itemListElement\":[{\"@type\":\"ListItem\",\"position\":1,\"name\":\"Portada\",\"item\":\"https:\/\/dev.explora.cl\/magallanes\/\"},{\"@type\":\"ListItem\",\"position\":2,\"name\":\"Se acerca la primera Feria Subant\u00e1rtica del Libro\"}]},{\"@type\":\"WebSite\",\"@id\":\"https:\/\/dev.explora.cl\/magallanes\/#website\",\"url\":\"https:\/\/dev.explora.cl\/magallanes\/\",\"name\":\"Magallanes\",\"description\":\"Otro sitio m\u00e1s de dev.explora.cl\",\"publisher\":{\"@id\":\"https:\/\/dev.explora.cl\/magallanes\/#organization\"},\"potentialAction\":[{\"@type\":\"SearchAction\",\"target\":{\"@type\":\"EntryPoint\",\"urlTemplate\":\"https:\/\/dev.explora.cl\/magallanes\/?s={search_term_string}\"},\"query-input\":{\"@type\":\"PropertyValueSpecification\",\"valueRequired\":true,\"valueName\":\"search_term_string\"}}],\"inLanguage\":\"es-CL\"},{\"@type\":\"Organization\",\"@id\":\"https:\/\/dev.explora.cl\/magallanes\/#organization\",\"name\":\"Magallanes\",\"url\":\"https:\/\/dev.explora.cl\/magallanes\/\",\"logo\":{\"@type\":\"ImageObject\",\"inLanguage\":\"es-CL\",\"@id\":\"https:\/\/dev.explora.cl\/magallanes\/#\/schema\/logo\/image\/\",\"url\":\"https:\/\/dev.explora.cl\/magallanes\/wp-content\/uploads\/sites\/19\/2021\/06\/cropped-ICONO-COLOR-2.jpg\",\"contentUrl\":\"https:\/\/dev.explora.cl\/magallanes\/wp-content\/uploads\/sites\/19\/2021\/06\/cropped-ICONO-COLOR-2.jpg\",\"width\":1181,\"height\":1181,\"caption\":\"Magallanes\"},\"image\":{\"@id\":\"https:\/\/dev.explora.cl\/magallanes\/#\/schema\/logo\/image\/\"}},{\"@type\":\"Person\",\"@id\":\"https:\/\/dev.explora.cl\/magallanes\/#\/schema\/person\/cb8349c13ea2d324080adf8480d7ba5d\",\"name\":\"webman\",\"image\":{\"@type\":\"ImageObject\",\"inLanguage\":\"es-CL\",\"@id\":\"https:\/\/dev.explora.cl\/magallanes\/#\/schema\/person\/image\/\",\"url\":\"https:\/\/secure.gravatar.com\/avatar\/eeff3c82f2c02f7177d13663b7e6f890e9a6a0647ce9bb29cae02dcb094c7312?s=96&d=mm&r=g\",\"contentUrl\":\"https:\/\/secure.gravatar.com\/avatar\/eeff3c82f2c02f7177d13663b7e6f890e9a6a0647ce9bb29cae02dcb094c7312?s=96&d=mm&r=g\",\"caption\":\"webman\"},\"url\":\"https:\/\/dev.explora.cl\/magallanes\/author\/webman\/\"}]}<\/script>\n<!-- \/ Yoast SEO plugin. -->","yoast_head_json":{"title":"Se acerca la primera Feria Subant\u00e1rtica del Libro - Magallanes","robots":{"index":"index","follow":"follow","max-snippet":"max-snippet:-1","max-image-preview":"max-image-preview:large","max-video-preview":"max-video-preview:-1"},"canonical":"https:\/\/dev.explora.cl\/magallanes\/primera-feria-subantartica-del-libro\/","og_locale":"es_ES","og_type":"article","og_title":"Se acerca la primera Feria Subant\u00e1rtica del Libro - Magallanes","og_description":"El 22 de noviembre, en el patio techado de la Facultad de Ingenier\u00eda de la Universidad de Magallanes, se dar\u00e1 inicio a la Primera Feria Subant\u00e1rtica del Libro, impulsada por un grupo de magall\u00e1nicos que encabeza el presidente de la Sociedad de Escritores, acad\u00e9mico y escritor, \u00d3scar Barrientos Bradasic. La instancia busca promover la lectura [&hellip;]","og_url":"https:\/\/dev.explora.cl\/magallanes\/primera-feria-subantartica-del-libro\/","og_site_name":"Magallanes","article_published_time":"2014-11-16T04:00:00+00:00","article_modified_time":"2019-05-20T21:40:27+00:00","og_image":[{"width":700,"height":466,"url":"https:\/\/dev.explora.cl\/magallanes\/wp-content\/uploads\/sites\/19\/2018\/06\/dfd4b90a4a0d4b699e28ddc27224a498.jpg","type":"image\/jpeg"}],"author":"webman","twitter_card":"summary_large_image","twitter_misc":{"Escrito por":"webman","Tiempo estimado de lectura":"4 minutos"},"schema":{"@context":"https:\/\/schema.org","@graph":[{"@type":"Article","@id":"https:\/\/dev.explora.cl\/magallanes\/primera-feria-subantartica-del-libro\/#article","isPartOf":{"@id":"https:\/\/dev.explora.cl\/magallanes\/primera-feria-subantartica-del-libro\/"},"author":{"name":"webman","@id":"https:\/\/dev.explora.cl\/magallanes\/#\/schema\/person\/cb8349c13ea2d324080adf8480d7ba5d"},"headline":"Se acerca la primera Feria Subant\u00e1rtica del Libro","datePublished":"2014-11-16T04:00:00+00:00","dateModified":"2019-05-20T21:40:27+00:00","mainEntityOfPage":{"@id":"https:\/\/dev.explora.cl\/magallanes\/primera-feria-subantartica-del-libro\/"},"wordCount":899,"commentCount":0,"publisher":{"@id":"https:\/\/dev.explora.cl\/magallanes\/#organization"},"image":{"@id":"https:\/\/dev.explora.cl\/magallanes\/primera-feria-subantartica-del-libro\/#primaryimage"},"thumbnailUrl":"https:\/\/dev.explora.cl\/magallanes\/wp-content\/uploads\/sites\/19\/2018\/06\/dfd4b90a4a0d4b699e28ddc27224a498.jpg","keywords":["libros"],"articleSection":["Noticias"],"inLanguage":"es-CL","potentialAction":[{"@type":"CommentAction","name":"Comment","target":["https:\/\/dev.explora.cl\/magallanes\/primera-feria-subantartica-del-libro\/#respond"]}]},{"@type":"WebPage","@id":"https:\/\/dev.explora.cl\/magallanes\/primera-feria-subantartica-del-libro\/","url":"https:\/\/dev.explora.cl\/magallanes\/primera-feria-subantartica-del-libro\/","name":"Se acerca la primera Feria Subant\u00e1rtica del Libro - Magallanes","isPartOf":{"@id":"https:\/\/dev.explora.cl\/magallanes\/#website"},"primaryImageOfPage":{"@id":"https:\/\/dev.explora.cl\/magallanes\/primera-feria-subantartica-del-libro\/#primaryimage"},"image":{"@id":"https:\/\/dev.explora.cl\/magallanes\/primera-feria-subantartica-del-libro\/#primaryimage"},"thumbnailUrl":"https:\/\/dev.explora.cl\/magallanes\/wp-content\/uploads\/sites\/19\/2018\/06\/dfd4b90a4a0d4b699e28ddc27224a498.jpg","datePublished":"2014-11-16T04:00:00+00:00","dateModified":"2019-05-20T21:40:27+00:00","breadcrumb":{"@id":"https:\/\/dev.explora.cl\/magallanes\/primera-feria-subantartica-del-libro\/#breadcrumb"},"inLanguage":"es-CL","potentialAction":[{"@type":"ReadAction","target":["https:\/\/dev.explora.cl\/magallanes\/primera-feria-subantartica-del-libro\/"]}]},{"@type":"ImageObject","inLanguage":"es-CL","@id":"https:\/\/dev.explora.cl\/magallanes\/primera-feria-subantartica-del-libro\/#primaryimage","url":"https:\/\/dev.explora.cl\/magallanes\/wp-content\/uploads\/sites\/19\/2018\/06\/dfd4b90a4a0d4b699e28ddc27224a498.jpg","contentUrl":"https:\/\/dev.explora.cl\/magallanes\/wp-content\/uploads\/sites\/19\/2018\/06\/dfd4b90a4a0d4b699e28ddc27224a498.jpg","width":700,"height":466},{"@type":"BreadcrumbList","@id":"https:\/\/dev.explora.cl\/magallanes\/primera-feria-subantartica-del-libro\/#breadcrumb","itemListElement":[{"@type":"ListItem","position":1,"name":"Portada","item":"https:\/\/dev.explora.cl\/magallanes\/"},{"@type":"ListItem","position":2,"name":"Se acerca la primera Feria Subant\u00e1rtica del Libro"}]},{"@type":"WebSite","@id":"https:\/\/dev.explora.cl\/magallanes\/#website","url":"https:\/\/dev.explora.cl\/magallanes\/","name":"Magallanes","description":"Otro sitio m\u00e1s de dev.explora.cl","publisher":{"@id":"https:\/\/dev.explora.cl\/magallanes\/#organization"},"potentialAction":[{"@type":"SearchAction","target":{"@type":"EntryPoint","urlTemplate":"https:\/\/dev.explora.cl\/magallanes\/?s={search_term_string}"},"query-input":{"@type":"PropertyValueSpecification","valueRequired":true,"valueName":"search_term_string"}}],"inLanguage":"es-CL"},{"@type":"Organization","@id":"https:\/\/dev.explora.cl\/magallanes\/#organization","name":"Magallanes","url":"https:\/\/dev.explora.cl\/magallanes\/","logo":{"@type":"ImageObject","inLanguage":"es-CL","@id":"https:\/\/dev.explora.cl\/magallanes\/#\/schema\/logo\/image\/","url":"https:\/\/dev.explora.cl\/magallanes\/wp-content\/uploads\/sites\/19\/2021\/06\/cropped-ICONO-COLOR-2.jpg","contentUrl":"https:\/\/dev.explora.cl\/magallanes\/wp-content\/uploads\/sites\/19\/2021\/06\/cropped-ICONO-COLOR-2.jpg","width":1181,"height":1181,"caption":"Magallanes"},"image":{"@id":"https:\/\/dev.explora.cl\/magallanes\/#\/schema\/logo\/image\/"}},{"@type":"Person","@id":"https:\/\/dev.explora.cl\/magallanes\/#\/schema\/person\/cb8349c13ea2d324080adf8480d7ba5d","name":"webman","image":{"@type":"ImageObject","inLanguage":"es-CL","@id":"https:\/\/dev.explora.cl\/magallanes\/#\/schema\/person\/image\/","url":"https:\/\/secure.gravatar.com\/avatar\/eeff3c82f2c02f7177d13663b7e6f890e9a6a0647ce9bb29cae02dcb094c7312?s=96&d=mm&r=g","contentUrl":"https:\/\/secure.gravatar.com\/avatar\/eeff3c82f2c02f7177d13663b7e6f890e9a6a0647ce9bb29cae02dcb094c7312?s=96&d=mm&r=g","caption":"webman"},"url":"https:\/\/dev.explora.cl\/magallanes\/author\/webman\/"}]}},"_links":{"self":[{"href":"https:\/\/dev.explora.cl\/magallanes\/wp-json\/wp\/v2\/posts\/169","targetHints":{"allow":["GET"]}}],"collection":[{"href":"https:\/\/dev.explora.cl\/magallanes\/wp-json\/wp\/v2\/posts"}],"about":[{"href":"https:\/\/dev.explora.cl\/magallanes\/wp-json\/wp\/v2\/types\/post"}],"author":[{"embeddable":true,"href":"https:\/\/dev.explora.cl\/magallanes\/wp-json\/wp\/v2\/users\/2"}],"replies":[{"embeddable":true,"href":"https:\/\/dev.explora.cl\/magallanes\/wp-json\/wp\/v2\/comments?post=169"}],"version-history":[{"count":1,"href":"https:\/\/dev.explora.cl\/magallanes\/wp-json\/wp\/v2\/posts\/169\/revisions"}],"predecessor-version":[{"id":37959,"href":"https:\/\/dev.explora.cl\/magallanes\/wp-json\/wp\/v2\/posts\/169\/revisions\/37959"}],"wp:featuredmedia":[{"embeddable":true,"href":"https:\/\/dev.explora.cl\/magallanes\/wp-json\/wp\/v2\/media\/170"}],"wp:attachment":[{"href":"https:\/\/dev.explora.cl\/magallanes\/wp-json\/wp\/v2\/media?parent=169"}],"wp:term":[{"taxonomy":"category","embeddable":true,"href":"https:\/\/dev.explora.cl\/magallanes\/wp-json\/wp\/v2\/categories?post=169"},{"taxonomy":"post_tag","embeddable":true,"href":"https:\/\/dev.explora.cl\/magallanes\/wp-json\/wp\/v2\/tags?post=169"}],"curies":[{"name":"wp","href":"https:\/\/api.w.org\/{rel}","templated":true}]}}