{"id":163,"date":"2014-11-04T00:00:00","date_gmt":"2014-11-04T04:00:00","guid":{"rendered":"https:\/\/dev.explora.cl\/magallanes\/blog\/2014\/11\/04\/promueven-ornamentacion-con-plantas-endemicas-de-patagonia\/"},"modified":"2019-05-20T21:40:33","modified_gmt":"2019-05-20T21:40:33","slug":"promueven-ornamentacion-con-plantas-endemicas-de-patagonia","status":"publish","type":"post","link":"https:\/\/dev.explora.cl\/magallanes\/promueven-ornamentacion-con-plantas-endemicas-de-patagonia\/","title":{"rendered":"Promueven ornamentaci\u00f3n con plantas end\u00e9micas de Patagonia"},"content":{"rendered":"<p><img loading=\"lazy\" decoding=\"async\" class=\" size-full wp-image-6878\" src=\"http:\/\/ec2-34-218-253-251.us-west-2.compute.amazonaws.com\/wp-content\/uploads\/2014\/11\/61833fbba6189a3a415b47d89bae5973.jpg\" alt=\"\" width=\"600\" height=\"522\" \/><\/p>\n<p style=\"text-align: justify\"><span style=\"font-family: arial, helvetica, sans-serif;font-size: small\">En el marco del XVII Congreso Regional Cient\u00edfico Escolar 2014 organizado por PAR EXPLORA Magallanes y Ant\u00e1rtica Chilena en Punta Arenas, alumnos ense\u00f1anza b\u00e1sica y media de Puerto Natales, Puerto Williams, Porvenir y de la capital regional presentaron m\u00e1s de 30 proyectos cient\u00edficos sobre los m\u00e1s variados temas como reciclaje, biodiversidad de la regi\u00f3n y fuentes de energ\u00eda renovable.<\/span><\/p>\n<p style=\"text-align: justify\"><span style=\"font-family: arial, helvetica, sans-serif;font-size: small\">Es aqu\u00ed donde un grupo de alumnas y alumnos de entre quinto y octavo b\u00e1sico del Colegio Brit\u00e1nico acompa\u00f1ados de la docente Daniela Vargas llegaron para exponer el trabajo denominado \u201cGerminando semillas de especies end\u00e9micas de la Patagonia\u201d, proyecto asesorado durante todo su desarrollo, por el profesional a cargo del Banco de Germoplasma del Laboratorio Regional del Servicio Agr\u00edcola y Ganadero, Roberto Niculcar.<\/span><\/p>\n<p style=\"text-align: justify\"><span style=\"font-family: arial, helvetica, sans-serif;font-size: small\">El trabajo se realiz\u00f3 con semillas de dos especies end\u00e9micas de la regi\u00f3n: <em>Adesmia boronioides, <\/em>conocida com\u00fanmente como \u201cParam\u00e9la\u201d\u00a0 y con <em>Junellia tridens<\/em>\u00a0 o \u201cMata negra\u201d,\u00a0 ambas posibles de encontrar en suelos con caracter\u00edsticas salinas como los de\u00a0 Lago Sarmiento en Torres del Paine y en el sector de Pali Aike en la comuna de San Gregorio.<\/span><\/p>\n<p style=\"text-align: justify\"><span style=\"font-family: arial, helvetica, sans-serif;font-size: small\">El proyecto tuvo por objetivo generar informaci\u00f3n relevante para el desarrollo de un protocolo de germinaci\u00f3n de semillas de estas especies nativas, que tienen propiedades curativas que ya eran conocidas y utilizadas por los primeros habitantes de las regiones australes.<\/span><\/p>\n<p style=\"text-align: justify\"><span style=\"font-family: arial, helvetica, sans-serif;font-size: small\">Rosario Vald\u00e9s, alumna de octavo b\u00e1sico se\u00f1alo: \u201cQuisi\u00e9ramos que este trabajo permitiera a la poblaci\u00f3n de Magallanes, valorar las propiedades curativas de nuestras especies end\u00e9micas y adem\u00e1s, que fomente la utilizaci\u00f3n de estas especies para la ornamentaci\u00f3n de los espacios p\u00fablicos de la ciudad, donde muchas veces s\u00f3lo vemos especies que no son propias de nuestra regi\u00f3n\u201d<span style=\"line-height: 1.3em\">\u00a0<\/span><\/span><\/p>\n<p style=\"text-align: justify\"><span style=\"font-family: arial, helvetica, sans-serif;font-size: small\">Tom\u00e1s Carrasco, alumno de s\u00e9ptimo b\u00e1sico agreg\u00f3: \u201cAprendimos much\u00edsimo con esta investigaci\u00f3n. Trabajamos durante varios meses con los profesionales del SAG quienes, adem\u00e1s de orientarnos en los procesos propios de nuestro trabajo como germinar, desinfectar y plantar las semillas, nos ense\u00f1aron a trabajar en un laboratorio real, preparando soluciones, utilizando pipetas y modernos equipos\u201d.<\/span><\/p>\n<p style=\"text-align: justify\"><span style=\"font-size: small;line-height: 1.3em;font-family: arial, helvetica, sans-serif\">Por su parte la profesora de ciencias y biolog\u00eda del British School, Daniela Vargas, agradeci\u00f3 la buena disposici\u00f3n de los profesionales del Laboratorio del SAG y destac\u00f3 la modernidad de la infraestructura donde los alumnos pudieron trabajar y aprender actividades que muchas veces s\u00f3lo pueden desarrollar en niveles superiores de la malla curricular.<\/span><\/p>\n<p style=\"text-align: justify\"><span style=\"font-family: arial, helvetica, sans-serif;font-size: small\">En la cita, las 24 delegaciones seleccionadas, conformadas por 2 estudiantes y su profesor, expusieron durante dos d\u00edas sobre las diversas tem\u00e1ticas investigadas, a trav\u00e9s de la exhibici\u00f3n en\u00a0 stands y exposiciones orales, as\u00ed como tambi\u00e9n, pudieron compartir sus experiencias y recibir los conocimientos de reconocidos investigadores a trav\u00e9s de la actividad denominada \u201cConversando con Cient\u00edficos\u201d.<\/span><\/p>\n<p style=\"text-align: justify\"><span style=\"font-size: small;line-height: 1.3em;font-family: arial, helvetica, sans-serif\">Los ganadores representaran a la regi\u00f3n en el XV Congreso Nacional Cient\u00edfico Escolar, que se celebrar\u00e1 del 25 al 27 de noviembre, en Santiago.<\/span><\/p>\n","protected":false},"excerpt":{"rendered":"<p>En el marco del XVII Congreso Regional Cient\u00edfico Escolar 2014 organizado por PAR EXPLORA Magallanes y Ant\u00e1rtica Chilena en Punta Arenas, alumnos ense\u00f1anza b\u00e1sica y media de Puerto Natales, Puerto Williams, Porvenir y de la capital regional presentaron m\u00e1s de 30 proyectos cient\u00edficos sobre los m\u00e1s variados temas como reciclaje, biodiversidad de la regi\u00f3n y [&hellip;]<\/p>\n","protected":false},"author":2,"featured_media":164,"comment_status":"open","ping_status":"open","sticky":false,"template":"","format":"standard","meta":{"_acf_changed":false,"_exactmetrics_skip_tracking":false,"_exactmetrics_sitenote_active":false,"_exactmetrics_sitenote_note":"","_exactmetrics_sitenote_category":0,"footnotes":"","_links_to":"","_links_to_target":""},"categories":[4],"tags":[],"class_list":["post-163","post","type-post","status-publish","format-standard","has-post-thumbnail","hentry","category-noticias"],"acf":[],"yoast_head":"<!-- This site is optimized with the Yoast SEO plugin v26.7 - https:\/\/yoast.com\/wordpress\/plugins\/seo\/ -->\n<title>Promueven ornamentaci\u00f3n con plantas end\u00e9micas de Patagonia - Magallanes<\/title>\n<meta name=\"robots\" content=\"index, follow, max-snippet:-1, max-image-preview:large, max-video-preview:-1\" \/>\n<link rel=\"canonical\" href=\"https:\/\/dev.explora.cl\/magallanes\/promueven-ornamentacion-con-plantas-endemicas-de-patagonia\/\" class=\"yoast-seo-meta-tag\" \/>\n<meta property=\"og:locale\" content=\"es_ES\" class=\"yoast-seo-meta-tag\" \/>\n<meta property=\"og:type\" content=\"article\" class=\"yoast-seo-meta-tag\" \/>\n<meta property=\"og:title\" content=\"Promueven ornamentaci\u00f3n con plantas end\u00e9micas de Patagonia - Magallanes\" class=\"yoast-seo-meta-tag\" \/>\n<meta property=\"og:description\" content=\"En el marco del XVII Congreso Regional Cient\u00edfico Escolar 2014 organizado por PAR EXPLORA Magallanes y Ant\u00e1rtica Chilena en Punta Arenas, alumnos ense\u00f1anza b\u00e1sica y media de Puerto Natales, Puerto Williams, Porvenir y de la capital regional presentaron m\u00e1s de 30 proyectos cient\u00edficos sobre los m\u00e1s variados temas como reciclaje, biodiversidad de la regi\u00f3n y [&hellip;]\" class=\"yoast-seo-meta-tag\" \/>\n<meta property=\"og:url\" content=\"https:\/\/dev.explora.cl\/magallanes\/promueven-ornamentacion-con-plantas-endemicas-de-patagonia\/\" class=\"yoast-seo-meta-tag\" \/>\n<meta property=\"og:site_name\" content=\"Magallanes\" class=\"yoast-seo-meta-tag\" \/>\n<meta property=\"article:published_time\" content=\"2014-11-04T04:00:00+00:00\" class=\"yoast-seo-meta-tag\" \/>\n<meta property=\"article:modified_time\" content=\"2019-05-20T21:40:33+00:00\" class=\"yoast-seo-meta-tag\" \/>\n<meta property=\"og:image\" content=\"https:\/\/dev.explora.cl\/magallanes\/wp-content\/uploads\/sites\/19\/2018\/06\/61833fbba6189a3a415b47d89bae5973.jpg\" class=\"yoast-seo-meta-tag\" \/>\n\t<meta property=\"og:image:width\" content=\"600\" class=\"yoast-seo-meta-tag\" \/>\n\t<meta property=\"og:image:height\" content=\"522\" class=\"yoast-seo-meta-tag\" \/>\n\t<meta property=\"og:image:type\" content=\"image\/jpeg\" class=\"yoast-seo-meta-tag\" \/>\n<meta name=\"author\" content=\"webman\" class=\"yoast-seo-meta-tag\" \/>\n<meta name=\"twitter:card\" content=\"summary_large_image\" class=\"yoast-seo-meta-tag\" \/>\n<meta name=\"twitter:label1\" content=\"Escrito por\" class=\"yoast-seo-meta-tag\" \/>\n\t<meta name=\"twitter:data1\" content=\"webman\" class=\"yoast-seo-meta-tag\" \/>\n\t<meta name=\"twitter:label2\" content=\"Tiempo estimado de lectura\" class=\"yoast-seo-meta-tag\" \/>\n\t<meta name=\"twitter:data2\" content=\"3 minutos\" class=\"yoast-seo-meta-tag\" \/>\n<script type=\"application\/ld+json\" class=\"yoast-schema-graph\">{\"@context\":\"https:\/\/schema.org\",\"@graph\":[{\"@type\":\"Article\",\"@id\":\"https:\/\/dev.explora.cl\/magallanes\/promueven-ornamentacion-con-plantas-endemicas-de-patagonia\/#article\",\"isPartOf\":{\"@id\":\"https:\/\/dev.explora.cl\/magallanes\/promueven-ornamentacion-con-plantas-endemicas-de-patagonia\/\"},\"author\":{\"name\":\"webman\",\"@id\":\"https:\/\/dev.explora.cl\/magallanes\/#\/schema\/person\/cb8349c13ea2d324080adf8480d7ba5d\"},\"headline\":\"Promueven ornamentaci\u00f3n con plantas end\u00e9micas de Patagonia\",\"datePublished\":\"2014-11-04T04:00:00+00:00\",\"dateModified\":\"2019-05-20T21:40:33+00:00\",\"mainEntityOfPage\":{\"@id\":\"https:\/\/dev.explora.cl\/magallanes\/promueven-ornamentacion-con-plantas-endemicas-de-patagonia\/\"},\"wordCount\":518,\"commentCount\":0,\"publisher\":{\"@id\":\"https:\/\/dev.explora.cl\/magallanes\/#organization\"},\"image\":{\"@id\":\"https:\/\/dev.explora.cl\/magallanes\/promueven-ornamentacion-con-plantas-endemicas-de-patagonia\/#primaryimage\"},\"thumbnailUrl\":\"https:\/\/dev.explora.cl\/magallanes\/wp-content\/uploads\/sites\/19\/2018\/06\/61833fbba6189a3a415b47d89bae5973.jpg\",\"articleSection\":[\"Noticias\"],\"inLanguage\":\"es-CL\",\"potentialAction\":[{\"@type\":\"CommentAction\",\"name\":\"Comment\",\"target\":[\"https:\/\/dev.explora.cl\/magallanes\/promueven-ornamentacion-con-plantas-endemicas-de-patagonia\/#respond\"]}]},{\"@type\":\"WebPage\",\"@id\":\"https:\/\/dev.explora.cl\/magallanes\/promueven-ornamentacion-con-plantas-endemicas-de-patagonia\/\",\"url\":\"https:\/\/dev.explora.cl\/magallanes\/promueven-ornamentacion-con-plantas-endemicas-de-patagonia\/\",\"name\":\"Promueven ornamentaci\u00f3n con plantas end\u00e9micas de Patagonia - Magallanes\",\"isPartOf\":{\"@id\":\"https:\/\/dev.explora.cl\/magallanes\/#website\"},\"primaryImageOfPage\":{\"@id\":\"https:\/\/dev.explora.cl\/magallanes\/promueven-ornamentacion-con-plantas-endemicas-de-patagonia\/#primaryimage\"},\"image\":{\"@id\":\"https:\/\/dev.explora.cl\/magallanes\/promueven-ornamentacion-con-plantas-endemicas-de-patagonia\/#primaryimage\"},\"thumbnailUrl\":\"https:\/\/dev.explora.cl\/magallanes\/wp-content\/uploads\/sites\/19\/2018\/06\/61833fbba6189a3a415b47d89bae5973.jpg\",\"datePublished\":\"2014-11-04T04:00:00+00:00\",\"dateModified\":\"2019-05-20T21:40:33+00:00\",\"breadcrumb\":{\"@id\":\"https:\/\/dev.explora.cl\/magallanes\/promueven-ornamentacion-con-plantas-endemicas-de-patagonia\/#breadcrumb\"},\"inLanguage\":\"es-CL\",\"potentialAction\":[{\"@type\":\"ReadAction\",\"target\":[\"https:\/\/dev.explora.cl\/magallanes\/promueven-ornamentacion-con-plantas-endemicas-de-patagonia\/\"]}]},{\"@type\":\"ImageObject\",\"inLanguage\":\"es-CL\",\"@id\":\"https:\/\/dev.explora.cl\/magallanes\/promueven-ornamentacion-con-plantas-endemicas-de-patagonia\/#primaryimage\",\"url\":\"https:\/\/dev.explora.cl\/magallanes\/wp-content\/uploads\/sites\/19\/2018\/06\/61833fbba6189a3a415b47d89bae5973.jpg\",\"contentUrl\":\"https:\/\/dev.explora.cl\/magallanes\/wp-content\/uploads\/sites\/19\/2018\/06\/61833fbba6189a3a415b47d89bae5973.jpg\",\"width\":600,\"height\":522},{\"@type\":\"BreadcrumbList\",\"@id\":\"https:\/\/dev.explora.cl\/magallanes\/promueven-ornamentacion-con-plantas-endemicas-de-patagonia\/#breadcrumb\",\"itemListElement\":[{\"@type\":\"ListItem\",\"position\":1,\"name\":\"Portada\",\"item\":\"https:\/\/dev.explora.cl\/magallanes\/\"},{\"@type\":\"ListItem\",\"position\":2,\"name\":\"Promueven ornamentaci\u00f3n con plantas end\u00e9micas de Patagonia\"}]},{\"@type\":\"WebSite\",\"@id\":\"https:\/\/dev.explora.cl\/magallanes\/#website\",\"url\":\"https:\/\/dev.explora.cl\/magallanes\/\",\"name\":\"Magallanes\",\"description\":\"Otro sitio m\u00e1s de dev.explora.cl\",\"publisher\":{\"@id\":\"https:\/\/dev.explora.cl\/magallanes\/#organization\"},\"potentialAction\":[{\"@type\":\"SearchAction\",\"target\":{\"@type\":\"EntryPoint\",\"urlTemplate\":\"https:\/\/dev.explora.cl\/magallanes\/?s={search_term_string}\"},\"query-input\":{\"@type\":\"PropertyValueSpecification\",\"valueRequired\":true,\"valueName\":\"search_term_string\"}}],\"inLanguage\":\"es-CL\"},{\"@type\":\"Organization\",\"@id\":\"https:\/\/dev.explora.cl\/magallanes\/#organization\",\"name\":\"Magallanes\",\"url\":\"https:\/\/dev.explora.cl\/magallanes\/\",\"logo\":{\"@type\":\"ImageObject\",\"inLanguage\":\"es-CL\",\"@id\":\"https:\/\/dev.explora.cl\/magallanes\/#\/schema\/logo\/image\/\",\"url\":\"https:\/\/dev.explora.cl\/magallanes\/wp-content\/uploads\/sites\/19\/2021\/06\/cropped-ICONO-COLOR-2.jpg\",\"contentUrl\":\"https:\/\/dev.explora.cl\/magallanes\/wp-content\/uploads\/sites\/19\/2021\/06\/cropped-ICONO-COLOR-2.jpg\",\"width\":1181,\"height\":1181,\"caption\":\"Magallanes\"},\"image\":{\"@id\":\"https:\/\/dev.explora.cl\/magallanes\/#\/schema\/logo\/image\/\"}},{\"@type\":\"Person\",\"@id\":\"https:\/\/dev.explora.cl\/magallanes\/#\/schema\/person\/cb8349c13ea2d324080adf8480d7ba5d\",\"name\":\"webman\",\"image\":{\"@type\":\"ImageObject\",\"inLanguage\":\"es-CL\",\"@id\":\"https:\/\/dev.explora.cl\/magallanes\/#\/schema\/person\/image\/\",\"url\":\"https:\/\/secure.gravatar.com\/avatar\/eeff3c82f2c02f7177d13663b7e6f890e9a6a0647ce9bb29cae02dcb094c7312?s=96&d=mm&r=g\",\"contentUrl\":\"https:\/\/secure.gravatar.com\/avatar\/eeff3c82f2c02f7177d13663b7e6f890e9a6a0647ce9bb29cae02dcb094c7312?s=96&d=mm&r=g\",\"caption\":\"webman\"},\"url\":\"https:\/\/dev.explora.cl\/magallanes\/author\/webman\/\"}]}<\/script>\n<!-- \/ Yoast SEO plugin. -->","yoast_head_json":{"title":"Promueven ornamentaci\u00f3n con plantas end\u00e9micas de Patagonia - Magallanes","robots":{"index":"index","follow":"follow","max-snippet":"max-snippet:-1","max-image-preview":"max-image-preview:large","max-video-preview":"max-video-preview:-1"},"canonical":"https:\/\/dev.explora.cl\/magallanes\/promueven-ornamentacion-con-plantas-endemicas-de-patagonia\/","og_locale":"es_ES","og_type":"article","og_title":"Promueven ornamentaci\u00f3n con plantas end\u00e9micas de Patagonia - Magallanes","og_description":"En el marco del XVII Congreso Regional Cient\u00edfico Escolar 2014 organizado por PAR EXPLORA Magallanes y Ant\u00e1rtica Chilena en Punta Arenas, alumnos ense\u00f1anza b\u00e1sica y media de Puerto Natales, Puerto Williams, Porvenir y de la capital regional presentaron m\u00e1s de 30 proyectos cient\u00edficos sobre los m\u00e1s variados temas como reciclaje, biodiversidad de la regi\u00f3n y [&hellip;]","og_url":"https:\/\/dev.explora.cl\/magallanes\/promueven-ornamentacion-con-plantas-endemicas-de-patagonia\/","og_site_name":"Magallanes","article_published_time":"2014-11-04T04:00:00+00:00","article_modified_time":"2019-05-20T21:40:33+00:00","og_image":[{"width":600,"height":522,"url":"https:\/\/dev.explora.cl\/magallanes\/wp-content\/uploads\/sites\/19\/2018\/06\/61833fbba6189a3a415b47d89bae5973.jpg","type":"image\/jpeg"}],"author":"webman","twitter_card":"summary_large_image","twitter_misc":{"Escrito por":"webman","Tiempo estimado de lectura":"3 minutos"},"schema":{"@context":"https:\/\/schema.org","@graph":[{"@type":"Article","@id":"https:\/\/dev.explora.cl\/magallanes\/promueven-ornamentacion-con-plantas-endemicas-de-patagonia\/#article","isPartOf":{"@id":"https:\/\/dev.explora.cl\/magallanes\/promueven-ornamentacion-con-plantas-endemicas-de-patagonia\/"},"author":{"name":"webman","@id":"https:\/\/dev.explora.cl\/magallanes\/#\/schema\/person\/cb8349c13ea2d324080adf8480d7ba5d"},"headline":"Promueven ornamentaci\u00f3n con plantas end\u00e9micas de Patagonia","datePublished":"2014-11-04T04:00:00+00:00","dateModified":"2019-05-20T21:40:33+00:00","mainEntityOfPage":{"@id":"https:\/\/dev.explora.cl\/magallanes\/promueven-ornamentacion-con-plantas-endemicas-de-patagonia\/"},"wordCount":518,"commentCount":0,"publisher":{"@id":"https:\/\/dev.explora.cl\/magallanes\/#organization"},"image":{"@id":"https:\/\/dev.explora.cl\/magallanes\/promueven-ornamentacion-con-plantas-endemicas-de-patagonia\/#primaryimage"},"thumbnailUrl":"https:\/\/dev.explora.cl\/magallanes\/wp-content\/uploads\/sites\/19\/2018\/06\/61833fbba6189a3a415b47d89bae5973.jpg","articleSection":["Noticias"],"inLanguage":"es-CL","potentialAction":[{"@type":"CommentAction","name":"Comment","target":["https:\/\/dev.explora.cl\/magallanes\/promueven-ornamentacion-con-plantas-endemicas-de-patagonia\/#respond"]}]},{"@type":"WebPage","@id":"https:\/\/dev.explora.cl\/magallanes\/promueven-ornamentacion-con-plantas-endemicas-de-patagonia\/","url":"https:\/\/dev.explora.cl\/magallanes\/promueven-ornamentacion-con-plantas-endemicas-de-patagonia\/","name":"Promueven ornamentaci\u00f3n con plantas end\u00e9micas de Patagonia - Magallanes","isPartOf":{"@id":"https:\/\/dev.explora.cl\/magallanes\/#website"},"primaryImageOfPage":{"@id":"https:\/\/dev.explora.cl\/magallanes\/promueven-ornamentacion-con-plantas-endemicas-de-patagonia\/#primaryimage"},"image":{"@id":"https:\/\/dev.explora.cl\/magallanes\/promueven-ornamentacion-con-plantas-endemicas-de-patagonia\/#primaryimage"},"thumbnailUrl":"https:\/\/dev.explora.cl\/magallanes\/wp-content\/uploads\/sites\/19\/2018\/06\/61833fbba6189a3a415b47d89bae5973.jpg","datePublished":"2014-11-04T04:00:00+00:00","dateModified":"2019-05-20T21:40:33+00:00","breadcrumb":{"@id":"https:\/\/dev.explora.cl\/magallanes\/promueven-ornamentacion-con-plantas-endemicas-de-patagonia\/#breadcrumb"},"inLanguage":"es-CL","potentialAction":[{"@type":"ReadAction","target":["https:\/\/dev.explora.cl\/magallanes\/promueven-ornamentacion-con-plantas-endemicas-de-patagonia\/"]}]},{"@type":"ImageObject","inLanguage":"es-CL","@id":"https:\/\/dev.explora.cl\/magallanes\/promueven-ornamentacion-con-plantas-endemicas-de-patagonia\/#primaryimage","url":"https:\/\/dev.explora.cl\/magallanes\/wp-content\/uploads\/sites\/19\/2018\/06\/61833fbba6189a3a415b47d89bae5973.jpg","contentUrl":"https:\/\/dev.explora.cl\/magallanes\/wp-content\/uploads\/sites\/19\/2018\/06\/61833fbba6189a3a415b47d89bae5973.jpg","width":600,"height":522},{"@type":"BreadcrumbList","@id":"https:\/\/dev.explora.cl\/magallanes\/promueven-ornamentacion-con-plantas-endemicas-de-patagonia\/#breadcrumb","itemListElement":[{"@type":"ListItem","position":1,"name":"Portada","item":"https:\/\/dev.explora.cl\/magallanes\/"},{"@type":"ListItem","position":2,"name":"Promueven ornamentaci\u00f3n con plantas end\u00e9micas de Patagonia"}]},{"@type":"WebSite","@id":"https:\/\/dev.explora.cl\/magallanes\/#website","url":"https:\/\/dev.explora.cl\/magallanes\/","name":"Magallanes","description":"Otro sitio m\u00e1s de dev.explora.cl","publisher":{"@id":"https:\/\/dev.explora.cl\/magallanes\/#organization"},"potentialAction":[{"@type":"SearchAction","target":{"@type":"EntryPoint","urlTemplate":"https:\/\/dev.explora.cl\/magallanes\/?s={search_term_string}"},"query-input":{"@type":"PropertyValueSpecification","valueRequired":true,"valueName":"search_term_string"}}],"inLanguage":"es-CL"},{"@type":"Organization","@id":"https:\/\/dev.explora.cl\/magallanes\/#organization","name":"Magallanes","url":"https:\/\/dev.explora.cl\/magallanes\/","logo":{"@type":"ImageObject","inLanguage":"es-CL","@id":"https:\/\/dev.explora.cl\/magallanes\/#\/schema\/logo\/image\/","url":"https:\/\/dev.explora.cl\/magallanes\/wp-content\/uploads\/sites\/19\/2021\/06\/cropped-ICONO-COLOR-2.jpg","contentUrl":"https:\/\/dev.explora.cl\/magallanes\/wp-content\/uploads\/sites\/19\/2021\/06\/cropped-ICONO-COLOR-2.jpg","width":1181,"height":1181,"caption":"Magallanes"},"image":{"@id":"https:\/\/dev.explora.cl\/magallanes\/#\/schema\/logo\/image\/"}},{"@type":"Person","@id":"https:\/\/dev.explora.cl\/magallanes\/#\/schema\/person\/cb8349c13ea2d324080adf8480d7ba5d","name":"webman","image":{"@type":"ImageObject","inLanguage":"es-CL","@id":"https:\/\/dev.explora.cl\/magallanes\/#\/schema\/person\/image\/","url":"https:\/\/secure.gravatar.com\/avatar\/eeff3c82f2c02f7177d13663b7e6f890e9a6a0647ce9bb29cae02dcb094c7312?s=96&d=mm&r=g","contentUrl":"https:\/\/secure.gravatar.com\/avatar\/eeff3c82f2c02f7177d13663b7e6f890e9a6a0647ce9bb29cae02dcb094c7312?s=96&d=mm&r=g","caption":"webman"},"url":"https:\/\/dev.explora.cl\/magallanes\/author\/webman\/"}]}},"_links":{"self":[{"href":"https:\/\/dev.explora.cl\/magallanes\/wp-json\/wp\/v2\/posts\/163","targetHints":{"allow":["GET"]}}],"collection":[{"href":"https:\/\/dev.explora.cl\/magallanes\/wp-json\/wp\/v2\/posts"}],"about":[{"href":"https:\/\/dev.explora.cl\/magallanes\/wp-json\/wp\/v2\/types\/post"}],"author":[{"embeddable":true,"href":"https:\/\/dev.explora.cl\/magallanes\/wp-json\/wp\/v2\/users\/2"}],"replies":[{"embeddable":true,"href":"https:\/\/dev.explora.cl\/magallanes\/wp-json\/wp\/v2\/comments?post=163"}],"version-history":[{"count":1,"href":"https:\/\/dev.explora.cl\/magallanes\/wp-json\/wp\/v2\/posts\/163\/revisions"}],"predecessor-version":[{"id":37963,"href":"https:\/\/dev.explora.cl\/magallanes\/wp-json\/wp\/v2\/posts\/163\/revisions\/37963"}],"wp:featuredmedia":[{"embeddable":true,"href":"https:\/\/dev.explora.cl\/magallanes\/wp-json\/wp\/v2\/media\/164"}],"wp:attachment":[{"href":"https:\/\/dev.explora.cl\/magallanes\/wp-json\/wp\/v2\/media?parent=163"}],"wp:term":[{"taxonomy":"category","embeddable":true,"href":"https:\/\/dev.explora.cl\/magallanes\/wp-json\/wp\/v2\/categories?post=163"},{"taxonomy":"post_tag","embeddable":true,"href":"https:\/\/dev.explora.cl\/magallanes\/wp-json\/wp\/v2\/tags?post=163"}],"curies":[{"name":"wp","href":"https:\/\/api.w.org\/{rel}","templated":true}]}}