{"id":151,"date":"2014-10-28T00:00:00","date_gmt":"2014-10-28T04:00:00","guid":{"rendered":"https:\/\/dev.explora.cl\/magallanes\/blog\/2014\/10\/28\/taller-sobre-depresion-en-la-adolescencia\/"},"modified":"2019-05-20T21:40:48","modified_gmt":"2019-05-20T21:40:48","slug":"taller-sobre-depresion-en-la-adolescencia","status":"publish","type":"post","link":"https:\/\/dev.explora.cl\/magallanes\/taller-sobre-depresion-en-la-adolescencia\/","title":{"rendered":"Dictan taller sobre depresi\u00f3n en la adolescencia a escolares y docentes"},"content":{"rendered":"<p><img loading=\"lazy\" decoding=\"async\" class=\" size-full wp-image-6641\" src=\"http:\/\/ec2-34-218-253-251.us-west-2.compute.amazonaws.com\/wp-content\/uploads\/2014\/10\/a47b4bd3e8160b0f6296df9d0c8d14a5.jpg\" alt=\"\" width=\"700\" height=\"525\" \/><\/p>\n<p style=\"text-align: justify\">Profesionales del N\u00facleo Milenio Intervenci\u00f3n Psicol\u00f3gica y Cambio en Depresi\u00f3n realizaron un taller educativo dedicado a la depresi\u00f3n en la adolescencia.<\/p>\n<p style=\"text-align: justify\">En su organizaci\u00f3n colabor\u00f3 el PAR EXPLORA Magallanes y Ant\u00e1rtica Chilena. La actividad tuvo lugar en la sala Terra Australis e la Universidad de Magallanes con una sesi\u00f3n de ma\u00f1ana dedicada a docentes, psic\u00f3logos, orientadores y asistentes sociales, vinculados con la ense\u00f1anza; y una en la tarde, cuyo foco fueron los estudiantes de ense\u00f1anza media.<\/p>\n<p style=\"text-align: justify\">Como primera actividad se dict\u00f3 una conferencia a cargo de Vania Rodr\u00edguez, m\u00e9dico psiquiatra infantil y del adolescente y doctora en Psicoterapia de la Pontificia Universidad Cat\u00f3lica de Chile, y en Medicina, en el Programa Internacional de Doctorado en Psicoterapia, de la Universidad de Heidelberg, en Alemania.<\/p>\n<p style=\"text-align: justify\">A ella le sigui\u00f3 la intervenci\u00f3n de Daniel Espinosa, psic\u00f3logo de la Universidad de Antioquia, Colombia, y doctorado en Psicoterapia de la Pontificia Universidad Cat\u00f3lica de Chile y de la Universidad de Chile.<\/p>\n<p style=\"text-align: justify\">Seg\u00fan explic\u00f3 Espinosa, se aclararon algunos mitos acerca de la depresi\u00f3n, se entregaron datos epidemiol\u00f3gicos, se mencionaron cu\u00e1les son sus causas, sus principales s\u00edntomas, y su tratamiento.<\/p>\n<p style=\"text-align: justify\">\u201cLo m\u00e1s importante es que los colegios deben saber que la depresi\u00f3n es una enfermedad y que debe ser tratada, y por eso una de las funciones claras del colegio es identificar los adolescentes que tienen depresi\u00f3n, y decirle a los padres que lleven a los adolescentes a los servicios de atenci\u00f3n\u201d, se\u00f1al\u00f3.<\/p>\n<p style=\"text-align: justify\">Adem\u00e1s, se record\u00f3 que los establecimientos educativos pueden ser una importante red de apoyo para los adolescentes que est\u00e1n sufriendo alg\u00fan problema. Tambi\u00e9n se resalt\u00f3 la trascendencia que tiene la alianza terap\u00e9utica entre los colegios, la familia y el equipo de salud tratante para el logro de resultados.<\/p>\n<p style=\"text-align: justify\">La segunda parte de este taller se dedic\u00f3 a ense\u00f1ar y aplicar una t\u00e9cnica de resoluci\u00f3n de problemas, que ellos pueden replicar con sus estudiantes, porque \u201cgeneralmente las personas que tienen depresi\u00f3n son pesimistas, tienen pensamientos negativos, y se abruman con los problemas; no saben resolverlos\u201d, explic\u00f3 Espinosa.<\/p>\n<p style=\"text-align: justify\">En la tarde fue el turno de los estudiantes. Ellos participaron de un taller reflexivo, donde tambi\u00e9n se les ense\u00f1\u00f3 la t\u00e9cnica de resoluci\u00f3n de problemas, ya que, seg\u00fan coment\u00f3 este psic\u00f3logo \u201cnos parec\u00eda muy importante complementar la actividad, utilizando algunos adolescentes l\u00edderes, que puedan conocer la t\u00e9cnica, y luego que vean el lugar importante de ellos como l\u00edderes, y c\u00f3mo pueden compartir con otros compa\u00f1eros del aula este tipo de t\u00e9cnicas\u201d<\/p>\n<p style=\"text-align: justify\">Se busc\u00f3 as\u00ed que los adolescentes que participaron se conviertan en monitores, con la capacidad de apoyar a los profesores en la aplicaci\u00f3n de la t\u00e9cnica de resoluci\u00f3n de problemas.<\/p>\n<p style=\"text-align: justify\">En esta parte del taller particip\u00f3 tambi\u00e9n Adriana G\u00f3mez, mag\u00edster en Psicolog\u00eda Cl\u00ednica de la Universidad Cat\u00f3lica.<\/p>\n<p style=\"text-align: justify\">Los tres profesionales que tuvieron a cargo la actividad son integrantes del N\u00facleo Milenio Intervenci\u00f3n Psicol\u00f3gica y Cambio en Depresi\u00f3n, el \u00fanico, de los que existen, dedicado a la salud mental y que est\u00e1 conformado por investigadores de la Pontificia Universidad Cat\u00f3lica, la Universidad de Chile y la Universidad de la Frontera.<\/p>\n","protected":false},"excerpt":{"rendered":"<p>Profesionales del N\u00facleo Milenio Intervenci\u00f3n Psicol\u00f3gica y Cambio en Depresi\u00f3n realizaron un taller educativo dedicado a la depresi\u00f3n en la adolescencia. En su organizaci\u00f3n colabor\u00f3 el PAR EXPLORA Magallanes y Ant\u00e1rtica Chilena. La actividad tuvo lugar en la sala Terra Australis e la Universidad de Magallanes con una sesi\u00f3n de ma\u00f1ana dedicada a docentes, psic\u00f3logos, [&hellip;]<\/p>\n","protected":false},"author":2,"featured_media":152,"comment_status":"open","ping_status":"open","sticky":false,"template":"","format":"standard","meta":{"_acf_changed":false,"_exactmetrics_skip_tracking":false,"_exactmetrics_sitenote_active":false,"_exactmetrics_sitenote_note":"","_exactmetrics_sitenote_category":0,"footnotes":"","_links_to":"","_links_to_target":""},"categories":[4],"tags":[],"class_list":["post-151","post","type-post","status-publish","format-standard","has-post-thumbnail","hentry","category-noticias"],"acf":[],"yoast_head":"<!-- This site is optimized with the Yoast SEO plugin v26.7 - https:\/\/yoast.com\/wordpress\/plugins\/seo\/ -->\n<title>Dictan taller sobre depresi\u00f3n en la adolescencia a escolares y docentes - Magallanes<\/title>\n<meta name=\"robots\" content=\"index, follow, max-snippet:-1, max-image-preview:large, max-video-preview:-1\" \/>\n<link rel=\"canonical\" href=\"https:\/\/dev.explora.cl\/magallanes\/taller-sobre-depresion-en-la-adolescencia\/\" class=\"yoast-seo-meta-tag\" \/>\n<meta property=\"og:locale\" content=\"es_ES\" class=\"yoast-seo-meta-tag\" \/>\n<meta property=\"og:type\" content=\"article\" class=\"yoast-seo-meta-tag\" \/>\n<meta property=\"og:title\" content=\"Dictan taller sobre depresi\u00f3n en la adolescencia a escolares y docentes - Magallanes\" class=\"yoast-seo-meta-tag\" \/>\n<meta property=\"og:description\" content=\"Profesionales del N\u00facleo Milenio Intervenci\u00f3n Psicol\u00f3gica y Cambio en Depresi\u00f3n realizaron un taller educativo dedicado a la depresi\u00f3n en la adolescencia. En su organizaci\u00f3n colabor\u00f3 el PAR EXPLORA Magallanes y Ant\u00e1rtica Chilena. La actividad tuvo lugar en la sala Terra Australis e la Universidad de Magallanes con una sesi\u00f3n de ma\u00f1ana dedicada a docentes, psic\u00f3logos, [&hellip;]\" class=\"yoast-seo-meta-tag\" \/>\n<meta property=\"og:url\" content=\"https:\/\/dev.explora.cl\/magallanes\/taller-sobre-depresion-en-la-adolescencia\/\" class=\"yoast-seo-meta-tag\" \/>\n<meta property=\"og:site_name\" content=\"Magallanes\" class=\"yoast-seo-meta-tag\" \/>\n<meta property=\"article:published_time\" content=\"2014-10-28T04:00:00+00:00\" class=\"yoast-seo-meta-tag\" \/>\n<meta property=\"article:modified_time\" content=\"2019-05-20T21:40:48+00:00\" class=\"yoast-seo-meta-tag\" \/>\n<meta property=\"og:image\" content=\"https:\/\/dev.explora.cl\/magallanes\/wp-content\/uploads\/sites\/19\/2018\/06\/a47b4bd3e8160b0f6296df9d0c8d14a5.jpg\" class=\"yoast-seo-meta-tag\" \/>\n\t<meta property=\"og:image:width\" content=\"700\" class=\"yoast-seo-meta-tag\" \/>\n\t<meta property=\"og:image:height\" content=\"525\" class=\"yoast-seo-meta-tag\" \/>\n\t<meta property=\"og:image:type\" content=\"image\/jpeg\" class=\"yoast-seo-meta-tag\" \/>\n<meta name=\"author\" content=\"webman\" class=\"yoast-seo-meta-tag\" \/>\n<meta name=\"twitter:card\" content=\"summary_large_image\" class=\"yoast-seo-meta-tag\" \/>\n<meta name=\"twitter:label1\" content=\"Escrito por\" class=\"yoast-seo-meta-tag\" \/>\n\t<meta name=\"twitter:data1\" content=\"webman\" class=\"yoast-seo-meta-tag\" \/>\n\t<meta name=\"twitter:label2\" content=\"Tiempo estimado de lectura\" class=\"yoast-seo-meta-tag\" \/>\n\t<meta name=\"twitter:data2\" content=\"3 minutos\" class=\"yoast-seo-meta-tag\" \/>\n<script type=\"application\/ld+json\" class=\"yoast-schema-graph\">{\"@context\":\"https:\/\/schema.org\",\"@graph\":[{\"@type\":\"Article\",\"@id\":\"https:\/\/dev.explora.cl\/magallanes\/taller-sobre-depresion-en-la-adolescencia\/#article\",\"isPartOf\":{\"@id\":\"https:\/\/dev.explora.cl\/magallanes\/taller-sobre-depresion-en-la-adolescencia\/\"},\"author\":{\"name\":\"webman\",\"@id\":\"https:\/\/dev.explora.cl\/magallanes\/#\/schema\/person\/cb8349c13ea2d324080adf8480d7ba5d\"},\"headline\":\"Dictan taller sobre depresi\u00f3n en la adolescencia a escolares y docentes\",\"datePublished\":\"2014-10-28T04:00:00+00:00\",\"dateModified\":\"2019-05-20T21:40:48+00:00\",\"mainEntityOfPage\":{\"@id\":\"https:\/\/dev.explora.cl\/magallanes\/taller-sobre-depresion-en-la-adolescencia\/\"},\"wordCount\":578,\"commentCount\":0,\"publisher\":{\"@id\":\"https:\/\/dev.explora.cl\/magallanes\/#organization\"},\"image\":{\"@id\":\"https:\/\/dev.explora.cl\/magallanes\/taller-sobre-depresion-en-la-adolescencia\/#primaryimage\"},\"thumbnailUrl\":\"https:\/\/dev.explora.cl\/magallanes\/wp-content\/uploads\/sites\/19\/2018\/06\/a47b4bd3e8160b0f6296df9d0c8d14a5.jpg\",\"articleSection\":[\"Noticias\"],\"inLanguage\":\"es-CL\",\"potentialAction\":[{\"@type\":\"CommentAction\",\"name\":\"Comment\",\"target\":[\"https:\/\/dev.explora.cl\/magallanes\/taller-sobre-depresion-en-la-adolescencia\/#respond\"]}]},{\"@type\":\"WebPage\",\"@id\":\"https:\/\/dev.explora.cl\/magallanes\/taller-sobre-depresion-en-la-adolescencia\/\",\"url\":\"https:\/\/dev.explora.cl\/magallanes\/taller-sobre-depresion-en-la-adolescencia\/\",\"name\":\"Dictan taller sobre depresi\u00f3n en la adolescencia a escolares y docentes - Magallanes\",\"isPartOf\":{\"@id\":\"https:\/\/dev.explora.cl\/magallanes\/#website\"},\"primaryImageOfPage\":{\"@id\":\"https:\/\/dev.explora.cl\/magallanes\/taller-sobre-depresion-en-la-adolescencia\/#primaryimage\"},\"image\":{\"@id\":\"https:\/\/dev.explora.cl\/magallanes\/taller-sobre-depresion-en-la-adolescencia\/#primaryimage\"},\"thumbnailUrl\":\"https:\/\/dev.explora.cl\/magallanes\/wp-content\/uploads\/sites\/19\/2018\/06\/a47b4bd3e8160b0f6296df9d0c8d14a5.jpg\",\"datePublished\":\"2014-10-28T04:00:00+00:00\",\"dateModified\":\"2019-05-20T21:40:48+00:00\",\"breadcrumb\":{\"@id\":\"https:\/\/dev.explora.cl\/magallanes\/taller-sobre-depresion-en-la-adolescencia\/#breadcrumb\"},\"inLanguage\":\"es-CL\",\"potentialAction\":[{\"@type\":\"ReadAction\",\"target\":[\"https:\/\/dev.explora.cl\/magallanes\/taller-sobre-depresion-en-la-adolescencia\/\"]}]},{\"@type\":\"ImageObject\",\"inLanguage\":\"es-CL\",\"@id\":\"https:\/\/dev.explora.cl\/magallanes\/taller-sobre-depresion-en-la-adolescencia\/#primaryimage\",\"url\":\"https:\/\/dev.explora.cl\/magallanes\/wp-content\/uploads\/sites\/19\/2018\/06\/a47b4bd3e8160b0f6296df9d0c8d14a5.jpg\",\"contentUrl\":\"https:\/\/dev.explora.cl\/magallanes\/wp-content\/uploads\/sites\/19\/2018\/06\/a47b4bd3e8160b0f6296df9d0c8d14a5.jpg\",\"width\":700,\"height\":525},{\"@type\":\"BreadcrumbList\",\"@id\":\"https:\/\/dev.explora.cl\/magallanes\/taller-sobre-depresion-en-la-adolescencia\/#breadcrumb\",\"itemListElement\":[{\"@type\":\"ListItem\",\"position\":1,\"name\":\"Portada\",\"item\":\"https:\/\/dev.explora.cl\/magallanes\/\"},{\"@type\":\"ListItem\",\"position\":2,\"name\":\"Dictan taller sobre depresi\u00f3n en la adolescencia a escolares y docentes\"}]},{\"@type\":\"WebSite\",\"@id\":\"https:\/\/dev.explora.cl\/magallanes\/#website\",\"url\":\"https:\/\/dev.explora.cl\/magallanes\/\",\"name\":\"Magallanes\",\"description\":\"Otro sitio m\u00e1s de dev.explora.cl\",\"publisher\":{\"@id\":\"https:\/\/dev.explora.cl\/magallanes\/#organization\"},\"potentialAction\":[{\"@type\":\"SearchAction\",\"target\":{\"@type\":\"EntryPoint\",\"urlTemplate\":\"https:\/\/dev.explora.cl\/magallanes\/?s={search_term_string}\"},\"query-input\":{\"@type\":\"PropertyValueSpecification\",\"valueRequired\":true,\"valueName\":\"search_term_string\"}}],\"inLanguage\":\"es-CL\"},{\"@type\":\"Organization\",\"@id\":\"https:\/\/dev.explora.cl\/magallanes\/#organization\",\"name\":\"Magallanes\",\"url\":\"https:\/\/dev.explora.cl\/magallanes\/\",\"logo\":{\"@type\":\"ImageObject\",\"inLanguage\":\"es-CL\",\"@id\":\"https:\/\/dev.explora.cl\/magallanes\/#\/schema\/logo\/image\/\",\"url\":\"https:\/\/dev.explora.cl\/magallanes\/wp-content\/uploads\/sites\/19\/2021\/06\/cropped-ICONO-COLOR-2.jpg\",\"contentUrl\":\"https:\/\/dev.explora.cl\/magallanes\/wp-content\/uploads\/sites\/19\/2021\/06\/cropped-ICONO-COLOR-2.jpg\",\"width\":1181,\"height\":1181,\"caption\":\"Magallanes\"},\"image\":{\"@id\":\"https:\/\/dev.explora.cl\/magallanes\/#\/schema\/logo\/image\/\"}},{\"@type\":\"Person\",\"@id\":\"https:\/\/dev.explora.cl\/magallanes\/#\/schema\/person\/cb8349c13ea2d324080adf8480d7ba5d\",\"name\":\"webman\",\"image\":{\"@type\":\"ImageObject\",\"inLanguage\":\"es-CL\",\"@id\":\"https:\/\/dev.explora.cl\/magallanes\/#\/schema\/person\/image\/\",\"url\":\"https:\/\/secure.gravatar.com\/avatar\/eeff3c82f2c02f7177d13663b7e6f890e9a6a0647ce9bb29cae02dcb094c7312?s=96&d=mm&r=g\",\"contentUrl\":\"https:\/\/secure.gravatar.com\/avatar\/eeff3c82f2c02f7177d13663b7e6f890e9a6a0647ce9bb29cae02dcb094c7312?s=96&d=mm&r=g\",\"caption\":\"webman\"},\"url\":\"https:\/\/dev.explora.cl\/magallanes\/author\/webman\/\"}]}<\/script>\n<!-- \/ Yoast SEO plugin. -->","yoast_head_json":{"title":"Dictan taller sobre depresi\u00f3n en la adolescencia a escolares y docentes - Magallanes","robots":{"index":"index","follow":"follow","max-snippet":"max-snippet:-1","max-image-preview":"max-image-preview:large","max-video-preview":"max-video-preview:-1"},"canonical":"https:\/\/dev.explora.cl\/magallanes\/taller-sobre-depresion-en-la-adolescencia\/","og_locale":"es_ES","og_type":"article","og_title":"Dictan taller sobre depresi\u00f3n en la adolescencia a escolares y docentes - Magallanes","og_description":"Profesionales del N\u00facleo Milenio Intervenci\u00f3n Psicol\u00f3gica y Cambio en Depresi\u00f3n realizaron un taller educativo dedicado a la depresi\u00f3n en la adolescencia. En su organizaci\u00f3n colabor\u00f3 el PAR EXPLORA Magallanes y Ant\u00e1rtica Chilena. La actividad tuvo lugar en la sala Terra Australis e la Universidad de Magallanes con una sesi\u00f3n de ma\u00f1ana dedicada a docentes, psic\u00f3logos, [&hellip;]","og_url":"https:\/\/dev.explora.cl\/magallanes\/taller-sobre-depresion-en-la-adolescencia\/","og_site_name":"Magallanes","article_published_time":"2014-10-28T04:00:00+00:00","article_modified_time":"2019-05-20T21:40:48+00:00","og_image":[{"width":700,"height":525,"url":"https:\/\/dev.explora.cl\/magallanes\/wp-content\/uploads\/sites\/19\/2018\/06\/a47b4bd3e8160b0f6296df9d0c8d14a5.jpg","type":"image\/jpeg"}],"author":"webman","twitter_card":"summary_large_image","twitter_misc":{"Escrito por":"webman","Tiempo estimado de lectura":"3 minutos"},"schema":{"@context":"https:\/\/schema.org","@graph":[{"@type":"Article","@id":"https:\/\/dev.explora.cl\/magallanes\/taller-sobre-depresion-en-la-adolescencia\/#article","isPartOf":{"@id":"https:\/\/dev.explora.cl\/magallanes\/taller-sobre-depresion-en-la-adolescencia\/"},"author":{"name":"webman","@id":"https:\/\/dev.explora.cl\/magallanes\/#\/schema\/person\/cb8349c13ea2d324080adf8480d7ba5d"},"headline":"Dictan taller sobre depresi\u00f3n en la adolescencia a escolares y docentes","datePublished":"2014-10-28T04:00:00+00:00","dateModified":"2019-05-20T21:40:48+00:00","mainEntityOfPage":{"@id":"https:\/\/dev.explora.cl\/magallanes\/taller-sobre-depresion-en-la-adolescencia\/"},"wordCount":578,"commentCount":0,"publisher":{"@id":"https:\/\/dev.explora.cl\/magallanes\/#organization"},"image":{"@id":"https:\/\/dev.explora.cl\/magallanes\/taller-sobre-depresion-en-la-adolescencia\/#primaryimage"},"thumbnailUrl":"https:\/\/dev.explora.cl\/magallanes\/wp-content\/uploads\/sites\/19\/2018\/06\/a47b4bd3e8160b0f6296df9d0c8d14a5.jpg","articleSection":["Noticias"],"inLanguage":"es-CL","potentialAction":[{"@type":"CommentAction","name":"Comment","target":["https:\/\/dev.explora.cl\/magallanes\/taller-sobre-depresion-en-la-adolescencia\/#respond"]}]},{"@type":"WebPage","@id":"https:\/\/dev.explora.cl\/magallanes\/taller-sobre-depresion-en-la-adolescencia\/","url":"https:\/\/dev.explora.cl\/magallanes\/taller-sobre-depresion-en-la-adolescencia\/","name":"Dictan taller sobre depresi\u00f3n en la adolescencia a escolares y docentes - Magallanes","isPartOf":{"@id":"https:\/\/dev.explora.cl\/magallanes\/#website"},"primaryImageOfPage":{"@id":"https:\/\/dev.explora.cl\/magallanes\/taller-sobre-depresion-en-la-adolescencia\/#primaryimage"},"image":{"@id":"https:\/\/dev.explora.cl\/magallanes\/taller-sobre-depresion-en-la-adolescencia\/#primaryimage"},"thumbnailUrl":"https:\/\/dev.explora.cl\/magallanes\/wp-content\/uploads\/sites\/19\/2018\/06\/a47b4bd3e8160b0f6296df9d0c8d14a5.jpg","datePublished":"2014-10-28T04:00:00+00:00","dateModified":"2019-05-20T21:40:48+00:00","breadcrumb":{"@id":"https:\/\/dev.explora.cl\/magallanes\/taller-sobre-depresion-en-la-adolescencia\/#breadcrumb"},"inLanguage":"es-CL","potentialAction":[{"@type":"ReadAction","target":["https:\/\/dev.explora.cl\/magallanes\/taller-sobre-depresion-en-la-adolescencia\/"]}]},{"@type":"ImageObject","inLanguage":"es-CL","@id":"https:\/\/dev.explora.cl\/magallanes\/taller-sobre-depresion-en-la-adolescencia\/#primaryimage","url":"https:\/\/dev.explora.cl\/magallanes\/wp-content\/uploads\/sites\/19\/2018\/06\/a47b4bd3e8160b0f6296df9d0c8d14a5.jpg","contentUrl":"https:\/\/dev.explora.cl\/magallanes\/wp-content\/uploads\/sites\/19\/2018\/06\/a47b4bd3e8160b0f6296df9d0c8d14a5.jpg","width":700,"height":525},{"@type":"BreadcrumbList","@id":"https:\/\/dev.explora.cl\/magallanes\/taller-sobre-depresion-en-la-adolescencia\/#breadcrumb","itemListElement":[{"@type":"ListItem","position":1,"name":"Portada","item":"https:\/\/dev.explora.cl\/magallanes\/"},{"@type":"ListItem","position":2,"name":"Dictan taller sobre depresi\u00f3n en la adolescencia a escolares y docentes"}]},{"@type":"WebSite","@id":"https:\/\/dev.explora.cl\/magallanes\/#website","url":"https:\/\/dev.explora.cl\/magallanes\/","name":"Magallanes","description":"Otro sitio m\u00e1s de dev.explora.cl","publisher":{"@id":"https:\/\/dev.explora.cl\/magallanes\/#organization"},"potentialAction":[{"@type":"SearchAction","target":{"@type":"EntryPoint","urlTemplate":"https:\/\/dev.explora.cl\/magallanes\/?s={search_term_string}"},"query-input":{"@type":"PropertyValueSpecification","valueRequired":true,"valueName":"search_term_string"}}],"inLanguage":"es-CL"},{"@type":"Organization","@id":"https:\/\/dev.explora.cl\/magallanes\/#organization","name":"Magallanes","url":"https:\/\/dev.explora.cl\/magallanes\/","logo":{"@type":"ImageObject","inLanguage":"es-CL","@id":"https:\/\/dev.explora.cl\/magallanes\/#\/schema\/logo\/image\/","url":"https:\/\/dev.explora.cl\/magallanes\/wp-content\/uploads\/sites\/19\/2021\/06\/cropped-ICONO-COLOR-2.jpg","contentUrl":"https:\/\/dev.explora.cl\/magallanes\/wp-content\/uploads\/sites\/19\/2021\/06\/cropped-ICONO-COLOR-2.jpg","width":1181,"height":1181,"caption":"Magallanes"},"image":{"@id":"https:\/\/dev.explora.cl\/magallanes\/#\/schema\/logo\/image\/"}},{"@type":"Person","@id":"https:\/\/dev.explora.cl\/magallanes\/#\/schema\/person\/cb8349c13ea2d324080adf8480d7ba5d","name":"webman","image":{"@type":"ImageObject","inLanguage":"es-CL","@id":"https:\/\/dev.explora.cl\/magallanes\/#\/schema\/person\/image\/","url":"https:\/\/secure.gravatar.com\/avatar\/eeff3c82f2c02f7177d13663b7e6f890e9a6a0647ce9bb29cae02dcb094c7312?s=96&d=mm&r=g","contentUrl":"https:\/\/secure.gravatar.com\/avatar\/eeff3c82f2c02f7177d13663b7e6f890e9a6a0647ce9bb29cae02dcb094c7312?s=96&d=mm&r=g","caption":"webman"},"url":"https:\/\/dev.explora.cl\/magallanes\/author\/webman\/"}]}},"_links":{"self":[{"href":"https:\/\/dev.explora.cl\/magallanes\/wp-json\/wp\/v2\/posts\/151","targetHints":{"allow":["GET"]}}],"collection":[{"href":"https:\/\/dev.explora.cl\/magallanes\/wp-json\/wp\/v2\/posts"}],"about":[{"href":"https:\/\/dev.explora.cl\/magallanes\/wp-json\/wp\/v2\/types\/post"}],"author":[{"embeddable":true,"href":"https:\/\/dev.explora.cl\/magallanes\/wp-json\/wp\/v2\/users\/2"}],"replies":[{"embeddable":true,"href":"https:\/\/dev.explora.cl\/magallanes\/wp-json\/wp\/v2\/comments?post=151"}],"version-history":[{"count":1,"href":"https:\/\/dev.explora.cl\/magallanes\/wp-json\/wp\/v2\/posts\/151\/revisions"}],"predecessor-version":[{"id":37967,"href":"https:\/\/dev.explora.cl\/magallanes\/wp-json\/wp\/v2\/posts\/151\/revisions\/37967"}],"wp:featuredmedia":[{"embeddable":true,"href":"https:\/\/dev.explora.cl\/magallanes\/wp-json\/wp\/v2\/media\/152"}],"wp:attachment":[{"href":"https:\/\/dev.explora.cl\/magallanes\/wp-json\/wp\/v2\/media?parent=151"}],"wp:term":[{"taxonomy":"category","embeddable":true,"href":"https:\/\/dev.explora.cl\/magallanes\/wp-json\/wp\/v2\/categories?post=151"},{"taxonomy":"post_tag","embeddable":true,"href":"https:\/\/dev.explora.cl\/magallanes\/wp-json\/wp\/v2\/tags?post=151"}],"curies":[{"name":"wp","href":"https:\/\/api.w.org\/{rel}","templated":true}]}}