{"id":41629,"date":"2024-06-07T17:00:42","date_gmt":"2024-06-07T21:00:42","guid":{"rendered":"https:\/\/dev.explora.cl\/lagos\/?p=41629"},"modified":"2024-08-23T18:53:32","modified_gmt":"2024-08-23T22:53:32","slug":"estudiantes-de-provincias-de-chiloe-osorno-y-llanquihue-iniciaron-recorridos-del-programa-de-educacion-al-aire-libre","status":"publish","type":"post","link":"https:\/\/dev.explora.cl\/lagos\/estudiantes-de-provincias-de-chiloe-osorno-y-llanquihue-iniciaron-recorridos-del-programa-de-educacion-al-aire-libre\/","title":{"rendered":"Estudiantes de provincias de Chilo\u00e9, Osorno y Llanquihue iniciaron recorridos del Programa de Educaci\u00f3n al Aire Libre"},"content":{"rendered":"<p>[vc_row][vc_column][vc_column_text]<\/p>\n<ul>\n<li>Ni\u00f1as, ni\u00f1os y adolescentes de Dalcahue, Calbuco, Los Muermos y Osorno iniciaron las salidas del Programa de Educaci\u00f3n al Aire Libre, una de las iniciativas regionales del PAR Explora Los Lagos.<\/li>\n<\/ul>\n<p>Con la salida de m\u00e1s de un centenar de estudiantes comenz\u00f3 esta semana la ejecuci\u00f3n del Programa de Educaci\u00f3n al Aire Libre (PEAL), del Programa Asociativo Regional (PAR) Explora Los Lagos, del ministerio de Ciencia, Tecnolog\u00eda, Conocimiento e Innovaci\u00f3n y que ejecuta la Universidad Austral de Chile Sede Puerto Montt. Se trata de grupos de cinco establecimientos de diferentes comunas y provincias de la regi\u00f3n, que recorrieron cuatro de los circuitos ofrecidos<\/p>\n<p>Coincidentemente con la reciente conmemoraci\u00f3n del D\u00eda del Medio Ambiente, 28 estudiantes de la Escuela B\u00e1sica Dalcahue, 35 ni\u00f1as y ni\u00f1os de la Escuela Rural Alonso de Ercilla de Calbuco, 35 j\u00f3venes del Liceo Punta de Rieles de Los Muermos y 35 estudiantes del Liceo Industrial Osorno participaron esta semana en las salidas a los circuitos Turberas en el Humedal de P\u00falpito, del Agua en la ciudad de Llanquihue, Patrimonial en Puerto Varas y Laboratorios Abiertos en la UACh Puerto Montt.<\/p>\n<p>El Programa de Educaci\u00f3n al Aire Libre, PEAL, consiste en caminatas guiadas en las que se abordar\u00e1n diversas tem\u00e1ticas sobre el patrimonio natural y cultural de nuestra regi\u00f3n y est\u00e1 orientado hacia el conocimiento de t\u00e9cnicas de senderismo en espacios naturales, con apoyo de un gui\u00f3n interpretativo en relaci\u00f3n con la puesta en valor de la Biodiversidad de nuestro territorio.<\/p>\n<p>\u201cEl enfoque de fomentar en la ciudadan\u00eda en general y en ni\u00f1as, ni\u00f1os y j\u00f3venes en particular el razonamiento cr\u00edtico, reflexivo y la comprensi\u00f3n del entorno, de forma experiencial y desarrollando actividades de educaci\u00f3n cient\u00edfica y tecnol\u00f3gica al aire libre, con pertinencia territorial y competencias ambientales, es una de las caracter\u00edsticas de nuestro proyecto, lo que explica el alto nivel de inter\u00e9s que despiertan las actividades del PEAL\u201d subray\u00f3 Gabriela Navarro Manzanal, directora del PAR Explora Los Lagos.<\/p>\n<p>Los establecimientos educacionales de la regi\u00f3n participaron en la convocatoria que estuvo abierta entre el 15 de abril y el 3 de mayo, luego de lo que se realiz\u00f3 la selecci\u00f3n para cada circuito de acuerdo con el puntaje obtenido tras la evaluaci\u00f3n de sus antecedentes.<\/p>\n<p><strong>Circuitos y nivel educativo preferente de los recorridos<\/strong><\/p>\n<p>La encargada de la iniciativa por parte del PAR Explora Los Lagos, Javiera Barr\u00eda explic\u00f3 detalles de los circuitos que, durante los pr\u00f3ximos meses, recorrer\u00e1n m\u00e1s de mil estudiantes de una treintena de establecimientos educacionales, de 14 comunas de la regi\u00f3n.<\/p>\n<p>En el caso del <u>Sendero de los Sentidos en el Monumento Natural Lahuen \u00d1adi<\/u>, se realiza en el \u00faltimo relicto de bosque de Alerce del Valle Central, con estaciones preestablecidas bajo el nombre de cada sentido. Se relevan temas como la biodiversidad de los bosques siempreverdes, especies nativas y ex\u00f3ticas, importancia del Alerce, servicios ecosist\u00e9micos y la actividad est\u00e1 orientada a estudiantes de Educaci\u00f3n Parvularia y primer ciclo de ense\u00f1anza b\u00e1sica.<\/p>\n<p>El <u>C<\/u><u>ircuito del agua<\/u>, ubicado en Llanquihue, consiste en un recorrido por la ciudad con diversas estaciones en cuerpos de agua, como el Lago Llanquihue, r\u00edo Maull\u00edn, el humedal de las ranas, de los helechos y la laguna de los lotos. En esas locaciones las y los estudiantes aprenden cobre el ciclo del agua, sus usos, los servicios ecosist\u00e9micos relacionados con el agua dulce y la biodiversidad asociada. Est\u00e1 orientado a Segundo ciclo y ense\u00f1anza media.<\/p>\n<p>Otro recorrido corresponde al <u>Circuito Patrimonial de Puerto Varas<\/u>, que se trata de la historia de la ciudad y sus habitantes, con un acercamiento a algunas de sus casas patrimoniales para hacer una lectura desde la arquitectura urbana sobre la Colonizaci\u00f3n Alemana. Este programa est\u00e1 orientado a estudiantes de Segundo ciclo y Ense\u00f1anza media.<\/p>\n<p>El Sendero <u>El Solitario, Volc\u00e1n Osorno, Parque Nacional Vicente P\u00e9rez Rosales<\/u> ofrece un acercamiento a los fen\u00f3menos volc\u00e1nicos que muestran las huellas de los \u00faltimos procesos eruptivos del Volc\u00e1n Osorno. Es una actividad orientada a Segundo ciclo y Ense\u00f1anza media.<\/p>\n<figure id=\"attachment_41632\" aria-describedby=\"caption-attachment-41632\" style=\"width: 286px\" class=\"wp-caption aligncenter\"><img loading=\"lazy\" decoding=\"async\" class=\"wp-image-41632 size-medium\" src=\"https:\/\/dev.explora.cl\/lagos\/wp-content\/uploads\/sites\/17\/2024\/06\/PEAL-LAV-UACh-e1717790607588-286x300.jpeg\" alt=\"Estudiantes del Liceo Industrial de Osorno.\" width=\"286\" height=\"300\" srcset=\"https:\/\/dev.explora.cl\/lagos\/wp-content\/uploads\/sites\/17\/2024\/06\/PEAL-LAV-UACh-e1717790607588-286x300.jpeg 286w, https:\/\/dev.explora.cl\/lagos\/wp-content\/uploads\/sites\/17\/2024\/06\/PEAL-LAV-UACh-e1717790607588-768x806.jpeg 768w, https:\/\/dev.explora.cl\/lagos\/wp-content\/uploads\/sites\/17\/2024\/06\/PEAL-LAV-UACh-e1717790607588-975x1024.jpeg 975w, https:\/\/dev.explora.cl\/lagos\/wp-content\/uploads\/sites\/17\/2024\/06\/PEAL-LAV-UACh-e1717790607588.jpeg 1204w\" sizes=\"auto, (max-width: 286px) 100vw, 286px\" \/><figcaption id=\"caption-attachment-41632\" class=\"wp-caption-text\">Estudiantes del Liceo Industrial de Osorno<\/figcaption><\/figure>\n<p>En la Provincia de Chilo\u00e9 contamos con el circuito <u>Turbera y Pomp\u00f3n en el humedal de Aucar<\/u>, ubicado en la comuna de Quemchi. La salida tiene el fin de reforzar los conocimientos respecto a los servicios ecosist\u00e9micos de las turberas, identificaci\u00f3n de especies a trav\u00e9s de un juego de pistas y est\u00e1 dirigido a estudiantes de Segundo ciclo y Ense\u00f1anza media.<\/p>\n<p>El PEAL tambi\u00e9n considera como circuito la visita al <u>Laboratorio de Energ\u00edas Renovables no convencionales del Centro de Docencia Superior en Ciencias B\u00e1sicas y Taller de Rob\u00f3tica Educativa de la Fundaci\u00f3n de Mustakis<\/u>, que se desarrolla en laboratorios de investigaci\u00f3n de la Universidad Austral de Chile Sede Puerto Montt y est\u00e1 dirigido a Segundo ciclo y Ense\u00f1anza media.<\/p>\n<p>Adem\u00e1s, este a\u00f1o contamos con un nuevo recorrido, en el sector de Anticura del Parque Nacional Puyehue, en la provincia de Osorno, lugar en el que las y los participantes pueden conectar con el patrimonio Natural. Est\u00e1 destinado a cursos de segundo ciclo y Educaci\u00f3n Media\u201d.[\/vc_column_text][\/vc_column][\/vc_row]<\/p>\n","protected":false},"excerpt":{"rendered":"<p>M\u00e1s detalles, aqu\u00ed<\/p>\n","protected":false},"author":36,"featured_media":41635,"comment_status":"open","ping_status":"open","sticky":false,"template":"","format":"standard","meta":{"_acf_changed":false,"_exactmetrics_skip_tracking":false,"_exactmetrics_sitenote_active":false,"_exactmetrics_sitenote_note":"","_exactmetrics_sitenote_category":0,"footnotes":"","_links_to":"","_links_to_target":""},"categories":[151,4],"tags":[228,367],"class_list":["post-41629","post","type-post","status-publish","format-standard","has-post-thumbnail","hentry","category-banner","category-noticias","tag-peal","tag-programa-de-educacion-al-aire-libre"],"acf":[],"yoast_head":"<!-- This site is optimized with the Yoast SEO plugin v26.7 - https:\/\/yoast.com\/wordpress\/plugins\/seo\/ -->\n<title>Estudiantes de provincias de Chilo\u00e9, Osorno y Llanquihue iniciaron recorridos del Programa de Educaci\u00f3n al Aire Libre - Los Lagos<\/title>\n<meta name=\"robots\" content=\"index, follow, max-snippet:-1, max-image-preview:large, max-video-preview:-1\" \/>\n<link rel=\"canonical\" href=\"https:\/\/dev.explora.cl\/lagos\/estudiantes-de-provincias-de-chiloe-osorno-y-llanquihue-iniciaron-recorridos-del-programa-de-educacion-al-aire-libre\/\" class=\"yoast-seo-meta-tag\" \/>\n<meta property=\"og:locale\" content=\"es_ES\" class=\"yoast-seo-meta-tag\" \/>\n<meta property=\"og:type\" content=\"article\" class=\"yoast-seo-meta-tag\" \/>\n<meta property=\"og:title\" content=\"Estudiantes de provincias de Chilo\u00e9, Osorno y Llanquihue iniciaron recorridos del Programa de Educaci\u00f3n al Aire Libre - Los Lagos\" class=\"yoast-seo-meta-tag\" \/>\n<meta property=\"og:description\" content=\"M\u00e1s detalles, aqu\u00ed\" class=\"yoast-seo-meta-tag\" \/>\n<meta property=\"og:url\" content=\"https:\/\/dev.explora.cl\/lagos\/estudiantes-de-provincias-de-chiloe-osorno-y-llanquihue-iniciaron-recorridos-del-programa-de-educacion-al-aire-libre\/\" class=\"yoast-seo-meta-tag\" \/>\n<meta property=\"og:site_name\" content=\"Los Lagos\" class=\"yoast-seo-meta-tag\" \/>\n<meta property=\"article:published_time\" content=\"2024-06-07T21:00:42+00:00\" class=\"yoast-seo-meta-tag\" \/>\n<meta property=\"article:modified_time\" content=\"2024-08-23T22:53:32+00:00\" class=\"yoast-seo-meta-tag\" \/>\n<meta property=\"og:image\" content=\"https:\/\/dev.explora.cl\/lagos\/wp-content\/uploads\/sites\/17\/2024\/06\/WhatsApp-Image-2024-06-07-at-13.49.34.jpeg\" class=\"yoast-seo-meta-tag\" \/>\n\t<meta property=\"og:image:width\" content=\"1600\" class=\"yoast-seo-meta-tag\" \/>\n\t<meta property=\"og:image:height\" content=\"1204\" class=\"yoast-seo-meta-tag\" \/>\n\t<meta property=\"og:image:type\" content=\"image\/jpeg\" class=\"yoast-seo-meta-tag\" \/>\n<meta name=\"author\" content=\"jvargas\" class=\"yoast-seo-meta-tag\" \/>\n<meta name=\"twitter:card\" content=\"summary_large_image\" class=\"yoast-seo-meta-tag\" \/>\n<meta name=\"twitter:label1\" content=\"Escrito por\" class=\"yoast-seo-meta-tag\" \/>\n\t<meta name=\"twitter:data1\" content=\"jvargas\" class=\"yoast-seo-meta-tag\" \/>\n\t<meta name=\"twitter:label2\" content=\"Tiempo de lectura\" class=\"yoast-seo-meta-tag\" \/>\n\t<meta name=\"twitter:data2\" content=\"5 minutos\" class=\"yoast-seo-meta-tag\" \/>\n<script type=\"application\/ld+json\" class=\"yoast-schema-graph\">{\"@context\":\"https:\/\/schema.org\",\"@graph\":[{\"@type\":\"Article\",\"@id\":\"https:\/\/dev.explora.cl\/lagos\/estudiantes-de-provincias-de-chiloe-osorno-y-llanquihue-iniciaron-recorridos-del-programa-de-educacion-al-aire-libre\/#article\",\"isPartOf\":{\"@id\":\"https:\/\/dev.explora.cl\/lagos\/estudiantes-de-provincias-de-chiloe-osorno-y-llanquihue-iniciaron-recorridos-del-programa-de-educacion-al-aire-libre\/\"},\"author\":{\"name\":\"jvargas\",\"@id\":\"https:\/\/dev.explora.cl\/lagos\/#\/schema\/person\/6608d3ee9ea0b0daeaf12289528fc582\"},\"headline\":\"Estudiantes de provincias de Chilo\u00e9, Osorno y Llanquihue iniciaron recorridos del Programa de Educaci\u00f3n al Aire Libre\",\"datePublished\":\"2024-06-07T21:00:42+00:00\",\"dateModified\":\"2024-08-23T22:53:32+00:00\",\"mainEntityOfPage\":{\"@id\":\"https:\/\/dev.explora.cl\/lagos\/estudiantes-de-provincias-de-chiloe-osorno-y-llanquihue-iniciaron-recorridos-del-programa-de-educacion-al-aire-libre\/\"},\"wordCount\":936,\"commentCount\":0,\"image\":{\"@id\":\"https:\/\/dev.explora.cl\/lagos\/estudiantes-de-provincias-de-chiloe-osorno-y-llanquihue-iniciaron-recorridos-del-programa-de-educacion-al-aire-libre\/#primaryimage\"},\"thumbnailUrl\":\"https:\/\/dev.explora.cl\/lagos\/wp-content\/uploads\/sites\/17\/2024\/06\/WhatsApp-Image-2024-06-07-at-13.49.34.jpeg\",\"keywords\":[\"PEAL\",\"Programa de Educaci\u00f3n al Aire Libre\"],\"articleSection\":[\"Banner\",\"Noticias\"],\"inLanguage\":\"es\",\"potentialAction\":[{\"@type\":\"CommentAction\",\"name\":\"Comment\",\"target\":[\"https:\/\/dev.explora.cl\/lagos\/estudiantes-de-provincias-de-chiloe-osorno-y-llanquihue-iniciaron-recorridos-del-programa-de-educacion-al-aire-libre\/#respond\"]}]},{\"@type\":\"WebPage\",\"@id\":\"https:\/\/dev.explora.cl\/lagos\/estudiantes-de-provincias-de-chiloe-osorno-y-llanquihue-iniciaron-recorridos-del-programa-de-educacion-al-aire-libre\/\",\"url\":\"https:\/\/dev.explora.cl\/lagos\/estudiantes-de-provincias-de-chiloe-osorno-y-llanquihue-iniciaron-recorridos-del-programa-de-educacion-al-aire-libre\/\",\"name\":\"Estudiantes de provincias de Chilo\u00e9, Osorno y Llanquihue iniciaron recorridos del Programa de Educaci\u00f3n al Aire Libre - Los Lagos\",\"isPartOf\":{\"@id\":\"https:\/\/dev.explora.cl\/lagos\/#website\"},\"primaryImageOfPage\":{\"@id\":\"https:\/\/dev.explora.cl\/lagos\/estudiantes-de-provincias-de-chiloe-osorno-y-llanquihue-iniciaron-recorridos-del-programa-de-educacion-al-aire-libre\/#primaryimage\"},\"image\":{\"@id\":\"https:\/\/dev.explora.cl\/lagos\/estudiantes-de-provincias-de-chiloe-osorno-y-llanquihue-iniciaron-recorridos-del-programa-de-educacion-al-aire-libre\/#primaryimage\"},\"thumbnailUrl\":\"https:\/\/dev.explora.cl\/lagos\/wp-content\/uploads\/sites\/17\/2024\/06\/WhatsApp-Image-2024-06-07-at-13.49.34.jpeg\",\"datePublished\":\"2024-06-07T21:00:42+00:00\",\"dateModified\":\"2024-08-23T22:53:32+00:00\",\"author\":{\"@id\":\"https:\/\/dev.explora.cl\/lagos\/#\/schema\/person\/6608d3ee9ea0b0daeaf12289528fc582\"},\"breadcrumb\":{\"@id\":\"https:\/\/dev.explora.cl\/lagos\/estudiantes-de-provincias-de-chiloe-osorno-y-llanquihue-iniciaron-recorridos-del-programa-de-educacion-al-aire-libre\/#breadcrumb\"},\"inLanguage\":\"es\",\"potentialAction\":[{\"@type\":\"ReadAction\",\"target\":[\"https:\/\/dev.explora.cl\/lagos\/estudiantes-de-provincias-de-chiloe-osorno-y-llanquihue-iniciaron-recorridos-del-programa-de-educacion-al-aire-libre\/\"]}]},{\"@type\":\"ImageObject\",\"inLanguage\":\"es\",\"@id\":\"https:\/\/dev.explora.cl\/lagos\/estudiantes-de-provincias-de-chiloe-osorno-y-llanquihue-iniciaron-recorridos-del-programa-de-educacion-al-aire-libre\/#primaryimage\",\"url\":\"https:\/\/dev.explora.cl\/lagos\/wp-content\/uploads\/sites\/17\/2024\/06\/WhatsApp-Image-2024-06-07-at-13.49.34.jpeg\",\"contentUrl\":\"https:\/\/dev.explora.cl\/lagos\/wp-content\/uploads\/sites\/17\/2024\/06\/WhatsApp-Image-2024-06-07-at-13.49.34.jpeg\",\"width\":1600,\"height\":1204},{\"@type\":\"BreadcrumbList\",\"@id\":\"https:\/\/dev.explora.cl\/lagos\/estudiantes-de-provincias-de-chiloe-osorno-y-llanquihue-iniciaron-recorridos-del-programa-de-educacion-al-aire-libre\/#breadcrumb\",\"itemListElement\":[{\"@type\":\"ListItem\",\"position\":1,\"name\":\"Portada\",\"item\":\"https:\/\/dev.explora.cl\/lagos\/\"},{\"@type\":\"ListItem\",\"position\":2,\"name\":\"Estudiantes de provincias de Chilo\u00e9, Osorno y Llanquihue iniciaron recorridos del Programa de Educaci\u00f3n al Aire Libre\"}]},{\"@type\":\"WebSite\",\"@id\":\"https:\/\/dev.explora.cl\/lagos\/#website\",\"url\":\"https:\/\/dev.explora.cl\/lagos\/\",\"name\":\"Los Lagos\",\"description\":\"Otro sitio m\u00e1s de dev.explora.cl\",\"potentialAction\":[{\"@type\":\"SearchAction\",\"target\":{\"@type\":\"EntryPoint\",\"urlTemplate\":\"https:\/\/dev.explora.cl\/lagos\/?s={search_term_string}\"},\"query-input\":{\"@type\":\"PropertyValueSpecification\",\"valueRequired\":true,\"valueName\":\"search_term_string\"}}],\"inLanguage\":\"es\"},{\"@type\":\"Person\",\"@id\":\"https:\/\/dev.explora.cl\/lagos\/#\/schema\/person\/6608d3ee9ea0b0daeaf12289528fc582\",\"name\":\"jvargas\",\"image\":{\"@type\":\"ImageObject\",\"inLanguage\":\"es\",\"@id\":\"https:\/\/dev.explora.cl\/lagos\/#\/schema\/person\/image\/\",\"url\":\"https:\/\/secure.gravatar.com\/avatar\/8a6892fbfb002ef173a244b534b4bbcea4c183fc3fbf7732e64ac89b1d22d482?s=96&d=mm&r=g\",\"contentUrl\":\"https:\/\/secure.gravatar.com\/avatar\/8a6892fbfb002ef173a244b534b4bbcea4c183fc3fbf7732e64ac89b1d22d482?s=96&d=mm&r=g\",\"caption\":\"jvargas\"},\"url\":\"https:\/\/dev.explora.cl\/lagos\/author\/jvargas\/\"}]}<\/script>\n<!-- \/ Yoast SEO plugin. -->","yoast_head_json":{"title":"Estudiantes de provincias de Chilo\u00e9, Osorno y Llanquihue iniciaron recorridos del Programa de Educaci\u00f3n al Aire Libre - Los Lagos","robots":{"index":"index","follow":"follow","max-snippet":"max-snippet:-1","max-image-preview":"max-image-preview:large","max-video-preview":"max-video-preview:-1"},"canonical":"https:\/\/dev.explora.cl\/lagos\/estudiantes-de-provincias-de-chiloe-osorno-y-llanquihue-iniciaron-recorridos-del-programa-de-educacion-al-aire-libre\/","og_locale":"es_ES","og_type":"article","og_title":"Estudiantes de provincias de Chilo\u00e9, Osorno y Llanquihue iniciaron recorridos del Programa de Educaci\u00f3n al Aire Libre - Los Lagos","og_description":"M\u00e1s detalles, aqu\u00ed","og_url":"https:\/\/dev.explora.cl\/lagos\/estudiantes-de-provincias-de-chiloe-osorno-y-llanquihue-iniciaron-recorridos-del-programa-de-educacion-al-aire-libre\/","og_site_name":"Los Lagos","article_published_time":"2024-06-07T21:00:42+00:00","article_modified_time":"2024-08-23T22:53:32+00:00","og_image":[{"width":1600,"height":1204,"url":"https:\/\/dev.explora.cl\/lagos\/wp-content\/uploads\/sites\/17\/2024\/06\/WhatsApp-Image-2024-06-07-at-13.49.34.jpeg","type":"image\/jpeg"}],"author":"jvargas","twitter_card":"summary_large_image","twitter_misc":{"Escrito por":"jvargas","Tiempo de lectura":"5 minutos"},"schema":{"@context":"https:\/\/schema.org","@graph":[{"@type":"Article","@id":"https:\/\/dev.explora.cl\/lagos\/estudiantes-de-provincias-de-chiloe-osorno-y-llanquihue-iniciaron-recorridos-del-programa-de-educacion-al-aire-libre\/#article","isPartOf":{"@id":"https:\/\/dev.explora.cl\/lagos\/estudiantes-de-provincias-de-chiloe-osorno-y-llanquihue-iniciaron-recorridos-del-programa-de-educacion-al-aire-libre\/"},"author":{"name":"jvargas","@id":"https:\/\/dev.explora.cl\/lagos\/#\/schema\/person\/6608d3ee9ea0b0daeaf12289528fc582"},"headline":"Estudiantes de provincias de Chilo\u00e9, Osorno y Llanquihue iniciaron recorridos del Programa de Educaci\u00f3n al Aire Libre","datePublished":"2024-06-07T21:00:42+00:00","dateModified":"2024-08-23T22:53:32+00:00","mainEntityOfPage":{"@id":"https:\/\/dev.explora.cl\/lagos\/estudiantes-de-provincias-de-chiloe-osorno-y-llanquihue-iniciaron-recorridos-del-programa-de-educacion-al-aire-libre\/"},"wordCount":936,"commentCount":0,"image":{"@id":"https:\/\/dev.explora.cl\/lagos\/estudiantes-de-provincias-de-chiloe-osorno-y-llanquihue-iniciaron-recorridos-del-programa-de-educacion-al-aire-libre\/#primaryimage"},"thumbnailUrl":"https:\/\/dev.explora.cl\/lagos\/wp-content\/uploads\/sites\/17\/2024\/06\/WhatsApp-Image-2024-06-07-at-13.49.34.jpeg","keywords":["PEAL","Programa de Educaci\u00f3n al Aire Libre"],"articleSection":["Banner","Noticias"],"inLanguage":"es","potentialAction":[{"@type":"CommentAction","name":"Comment","target":["https:\/\/dev.explora.cl\/lagos\/estudiantes-de-provincias-de-chiloe-osorno-y-llanquihue-iniciaron-recorridos-del-programa-de-educacion-al-aire-libre\/#respond"]}]},{"@type":"WebPage","@id":"https:\/\/dev.explora.cl\/lagos\/estudiantes-de-provincias-de-chiloe-osorno-y-llanquihue-iniciaron-recorridos-del-programa-de-educacion-al-aire-libre\/","url":"https:\/\/dev.explora.cl\/lagos\/estudiantes-de-provincias-de-chiloe-osorno-y-llanquihue-iniciaron-recorridos-del-programa-de-educacion-al-aire-libre\/","name":"Estudiantes de provincias de Chilo\u00e9, Osorno y Llanquihue iniciaron recorridos del Programa de Educaci\u00f3n al Aire Libre - Los Lagos","isPartOf":{"@id":"https:\/\/dev.explora.cl\/lagos\/#website"},"primaryImageOfPage":{"@id":"https:\/\/dev.explora.cl\/lagos\/estudiantes-de-provincias-de-chiloe-osorno-y-llanquihue-iniciaron-recorridos-del-programa-de-educacion-al-aire-libre\/#primaryimage"},"image":{"@id":"https:\/\/dev.explora.cl\/lagos\/estudiantes-de-provincias-de-chiloe-osorno-y-llanquihue-iniciaron-recorridos-del-programa-de-educacion-al-aire-libre\/#primaryimage"},"thumbnailUrl":"https:\/\/dev.explora.cl\/lagos\/wp-content\/uploads\/sites\/17\/2024\/06\/WhatsApp-Image-2024-06-07-at-13.49.34.jpeg","datePublished":"2024-06-07T21:00:42+00:00","dateModified":"2024-08-23T22:53:32+00:00","author":{"@id":"https:\/\/dev.explora.cl\/lagos\/#\/schema\/person\/6608d3ee9ea0b0daeaf12289528fc582"},"breadcrumb":{"@id":"https:\/\/dev.explora.cl\/lagos\/estudiantes-de-provincias-de-chiloe-osorno-y-llanquihue-iniciaron-recorridos-del-programa-de-educacion-al-aire-libre\/#breadcrumb"},"inLanguage":"es","potentialAction":[{"@type":"ReadAction","target":["https:\/\/dev.explora.cl\/lagos\/estudiantes-de-provincias-de-chiloe-osorno-y-llanquihue-iniciaron-recorridos-del-programa-de-educacion-al-aire-libre\/"]}]},{"@type":"ImageObject","inLanguage":"es","@id":"https:\/\/dev.explora.cl\/lagos\/estudiantes-de-provincias-de-chiloe-osorno-y-llanquihue-iniciaron-recorridos-del-programa-de-educacion-al-aire-libre\/#primaryimage","url":"https:\/\/dev.explora.cl\/lagos\/wp-content\/uploads\/sites\/17\/2024\/06\/WhatsApp-Image-2024-06-07-at-13.49.34.jpeg","contentUrl":"https:\/\/dev.explora.cl\/lagos\/wp-content\/uploads\/sites\/17\/2024\/06\/WhatsApp-Image-2024-06-07-at-13.49.34.jpeg","width":1600,"height":1204},{"@type":"BreadcrumbList","@id":"https:\/\/dev.explora.cl\/lagos\/estudiantes-de-provincias-de-chiloe-osorno-y-llanquihue-iniciaron-recorridos-del-programa-de-educacion-al-aire-libre\/#breadcrumb","itemListElement":[{"@type":"ListItem","position":1,"name":"Portada","item":"https:\/\/dev.explora.cl\/lagos\/"},{"@type":"ListItem","position":2,"name":"Estudiantes de provincias de Chilo\u00e9, Osorno y Llanquihue iniciaron recorridos del Programa de Educaci\u00f3n al Aire Libre"}]},{"@type":"WebSite","@id":"https:\/\/dev.explora.cl\/lagos\/#website","url":"https:\/\/dev.explora.cl\/lagos\/","name":"Los Lagos","description":"Otro sitio m\u00e1s de dev.explora.cl","potentialAction":[{"@type":"SearchAction","target":{"@type":"EntryPoint","urlTemplate":"https:\/\/dev.explora.cl\/lagos\/?s={search_term_string}"},"query-input":{"@type":"PropertyValueSpecification","valueRequired":true,"valueName":"search_term_string"}}],"inLanguage":"es"},{"@type":"Person","@id":"https:\/\/dev.explora.cl\/lagos\/#\/schema\/person\/6608d3ee9ea0b0daeaf12289528fc582","name":"jvargas","image":{"@type":"ImageObject","inLanguage":"es","@id":"https:\/\/dev.explora.cl\/lagos\/#\/schema\/person\/image\/","url":"https:\/\/secure.gravatar.com\/avatar\/8a6892fbfb002ef173a244b534b4bbcea4c183fc3fbf7732e64ac89b1d22d482?s=96&d=mm&r=g","contentUrl":"https:\/\/secure.gravatar.com\/avatar\/8a6892fbfb002ef173a244b534b4bbcea4c183fc3fbf7732e64ac89b1d22d482?s=96&d=mm&r=g","caption":"jvargas"},"url":"https:\/\/dev.explora.cl\/lagos\/author\/jvargas\/"}]}},"_links":{"self":[{"href":"https:\/\/dev.explora.cl\/lagos\/wp-json\/wp\/v2\/posts\/41629","targetHints":{"allow":["GET"]}}],"collection":[{"href":"https:\/\/dev.explora.cl\/lagos\/wp-json\/wp\/v2\/posts"}],"about":[{"href":"https:\/\/dev.explora.cl\/lagos\/wp-json\/wp\/v2\/types\/post"}],"author":[{"embeddable":true,"href":"https:\/\/dev.explora.cl\/lagos\/wp-json\/wp\/v2\/users\/36"}],"replies":[{"embeddable":true,"href":"https:\/\/dev.explora.cl\/lagos\/wp-json\/wp\/v2\/comments?post=41629"}],"version-history":[{"count":3,"href":"https:\/\/dev.explora.cl\/lagos\/wp-json\/wp\/v2\/posts\/41629\/revisions"}],"predecessor-version":[{"id":41634,"href":"https:\/\/dev.explora.cl\/lagos\/wp-json\/wp\/v2\/posts\/41629\/revisions\/41634"}],"wp:featuredmedia":[{"embeddable":true,"href":"https:\/\/dev.explora.cl\/lagos\/wp-json\/wp\/v2\/media\/41635"}],"wp:attachment":[{"href":"https:\/\/dev.explora.cl\/lagos\/wp-json\/wp\/v2\/media?parent=41629"}],"wp:term":[{"taxonomy":"category","embeddable":true,"href":"https:\/\/dev.explora.cl\/lagos\/wp-json\/wp\/v2\/categories?post=41629"},{"taxonomy":"post_tag","embeddable":true,"href":"https:\/\/dev.explora.cl\/lagos\/wp-json\/wp\/v2\/tags?post=41629"}],"curies":[{"name":"wp","href":"https:\/\/api.w.org\/{rel}","templated":true}]}}