{"id":41589,"date":"2024-05-27T09:13:32","date_gmt":"2024-05-27T13:13:32","guid":{"rendered":"https:\/\/dev.explora.cl\/lagos\/?p=41589"},"modified":"2024-08-01T10:57:49","modified_gmt":"2024-08-01T14:57:49","slug":"equipos-de-educacion-parvularia-de-pipe-2024-tuvieron-jornada-de-capacitacion-en-puerto-montt","status":"publish","type":"post","link":"https:\/\/dev.explora.cl\/lagos\/equipos-de-educacion-parvularia-de-pipe-2024-tuvieron-jornada-de-capacitacion-en-puerto-montt\/","title":{"rendered":"Equipos de educaci\u00f3n Parvularia de PIPE 2024 tuvieron jornada de capacitaci\u00f3n en Puerto Montt"},"content":{"rendered":"<p>[vc_row][vc_column][vc_column_text]Educadoras y asistentes de educaci\u00f3n Parvularia de toda la regi\u00f3n participaron activamente en la Jornada de Capacitaci\u00f3n que prepar\u00f3 el equipo de profesionales del Proyecto Asociativo Regional Explora Los Lagos, en el marco de las acciones del Programa de Indagaci\u00f3n para Primeras Edades PIPE.<\/p>\n<p>Durante una jornada, las integrantes de los equipos de educaci\u00f3n Parvularia de 11 comunas (Osorno, Puerto Octay, Llanquihue, Puerto Montt, Calbuco, Cocham\u00f3, Ancud,\u00a0Dalcahue,\u00a0Castro,\u00a0Puqueld\u00f3n y Chait\u00e9n) recibieron los kit de trabajo y capacitaci\u00f3n en temas como la educaci\u00f3n en primera infancia y el desarrollo del pensamiento cient\u00edfico e indagaci\u00f3n como herramienta metodol\u00f3gica para la educaci\u00f3n en la primera infancia. Todas trabajaron activamente para profundizar sus competencias en diferentes \u00e1reas de la ciencia, el conocimiento, la tecnolog\u00eda y la innovaci\u00f3n, con el prop\u00f3sito de trabajar en sus comunidades.<\/p>\n<p>La directora del PAR Explora Los Lagos, Gabriela Navarro Manzanal, dio la bienvenida a las participantes de la capacitaci\u00f3n, oportunidad en la que destac\u00f3 la participaci\u00f3n hist\u00f3rica de algunos equipos y la llegada de nuevos establecimientos y profesionales que este a\u00f1o ejecutan PIPE en sus comunidades. \u201cPara nuestro equipo es muy motivante observar c\u00f3mo, todos los a\u00f1os ampliamos nuestro trabajo, especialmente en esta iniciativa que busca fortalecer las competencias necesarias para que ni\u00f1as y ni\u00f1os conozcan y comprendan el entorno desde la primera infancia\u201d, dijo.<\/p>\n<p>Navarro destac\u00f3 la realizaci\u00f3n de la jornada de capacitaci\u00f3n en dependencias de la misma Universidad Austral de Chile Sede Puerto Montt, entidad ejecutora del Proyecto Asociativo Regional Explora Los Lagos porque \u201cnos permite hacer un ejercicio de retroalimentaci\u00f3n con las educadoras y asistentes que este a\u00f1o ejecutar\u00e1n el m\u00f3dulo de Ciencias Sociales del Programa de Indagaci\u00f3n para Primeras Edades, con m\u00e1s de 800 ni\u00f1as y ni\u00f1os\u201d.<\/p>\n<p>Por otra parte, la educadora de p\u00e1rvulos y profesional de la Unidad de Gesti\u00f3n Territorial regi\u00f3n de Los Lagos, de la Divisi\u00f3n de Pol\u00edticas Educativas de la Subsecretar\u00eda de Educaci\u00f3n Parvularia, Paola Higuieras Sandoval, se refiri\u00f3 al desarrollo del pensamiento cient\u00edfico con una mirada en la primera infancia, adem\u00e1s de desarrollar el contexto normativo del trabajo de las y los profesionales que trabajan con la primera infancia.<\/p>\n<p>Adem\u00e1s, y en aspectos formativos, la jornada de capacitaci\u00f3n se desarroll\u00f3 con el apoyo de Cristian Guti\u00e9rrez Zamorano, encargado de muestras e interactividades del Centro Interactivo de Ciencias, Artes y tecnolog\u00edas, CICAT, y coautor de los cuadernillos del PIPE, especialmente en la elaboraci\u00f3n de los talleres y actividades que le dan forma a esta iniciativa.<\/p>\n<p>La jornada cont\u00f3 tambi\u00e9n con la asistencia de una representante de la direcci\u00f3n regional de la Junta Nacional de Jardines Infantiles (JUNJI), Rosa Moraga Bravo, quien destac\u00f3 que para la JUNJI \u201ccobra una importancia relevante que, a trav\u00e9s del trabajo intersectorial de vinculaci\u00f3n con la Universidad, se puedan dar esta posibilidad\u201d de que las educadoras y asistentes adquieran este tipo de competencias y desarrollarlas despu\u00e9s en sus proyectos innovadores en los jardines infantiles\u201d, dijo. Y agreg\u00f3 que es importante fortalecer competencias para la valoraci\u00f3n por la tecnolog\u00eda, la ciencia y por todo los que ellos puedan proyectar en las trayectorias educativas, para su desarrollo y, por qu\u00e9 no, del pa\u00eds, cuando sean m\u00e1s grandes.<\/p>\n<p><strong>PIPE 2024<\/strong><\/p>\n<p>Antes de la capacitaci\u00f3n para los equipos, ya hab\u00eda iniciado las actividades del programa, con encuentros (virtuales) de bienvenida para las educadoras y asistentes de Educaci\u00f3n Parvularia y de socializaci\u00f3n con las familias de ni\u00f1as y ni\u00f1os que este a\u00f1o participan en esta iniciativa, para explicar los detalles del Programa de Indagaci\u00f3n para Primeras Edades (PIPE) 2024.<\/p>\n<p>El Programa de Indagaci\u00f3n para Primeras Edades (PIPE) es una iniciativa impulsada por el Programa Asociativo Regional Explora Los Lagos, del Ministerio de Ciencia, Tecnolog\u00eda, Conocimiento e Innovaci\u00f3n y ejecuta la Universidad Austral de Chile Sede Puerto Montt, que tiene por objetivo promover la socializaci\u00f3n del conocimiento dentro de la comunidad educativa, contribuyendo al desarrollo de competencias en las distintas \u00e1reas del conocimiento, la tecnolog\u00eda y la innovaci\u00f3n.<\/p>\n<p>En esta nueva versi\u00f3n de PIPE, 59 profesionales y asistentes de 29 establecimientos de todas las provincias de la regi\u00f3n de Los Lagos trabajar\u00e1n en el fortalecimiento de las competencias cient\u00edficas de los equipos pedag\u00f3gicos de Educaci\u00f3n Parvularia y en el desarrollo de las competencias necesarias para que m\u00e1s de 800 p\u00e1rvulos (403 ni\u00f1as y 428 ni\u00f1os) conozcan y comprendan el mundo que los rodea, a trav\u00e9s de la realizaci\u00f3n de actividades de los m\u00f3dulos de Ciencias Sociales, denominados Beetour: Recolectando Paisajes (Nivel Medio) y Una ciudad en mi jard\u00edn (Nivel transici\u00f3n), explic\u00f3 Javiera Barr\u00eda, encargada de instrumentos.[\/vc_column_text][\/vc_column][\/vc_row]<\/p>\n","protected":false},"excerpt":{"rendered":"<p>Educadoras y asistentes de Educaci\u00f3n Parvularia tuvieron jornada de capacitaci\u00f3n<\/p>\n","protected":false},"author":36,"featured_media":41592,"comment_status":"open","ping_status":"open","sticky":false,"template":"","format":"standard","meta":{"_acf_changed":false,"_exactmetrics_skip_tracking":false,"_exactmetrics_sitenote_active":false,"_exactmetrics_sitenote_note":"","_exactmetrics_sitenote_category":0,"footnotes":"","_links_to":"","_links_to_target":""},"categories":[151,4],"tags":[422,421,336],"class_list":["post-41589","post","type-post","status-publish","format-standard","has-post-thumbnail","hentry","category-banner","category-noticias","tag-educacion-parvularia","tag-pipe","tag-programa-de-indagacion-para-primeras-edades"],"acf":[],"yoast_head":"<!-- This site is optimized with the Yoast SEO plugin v26.7 - https:\/\/yoast.com\/wordpress\/plugins\/seo\/ -->\n<title>Equipos de educaci\u00f3n Parvularia de PIPE 2024 tuvieron jornada de capacitaci\u00f3n en Puerto Montt - Los Lagos<\/title>\n<meta name=\"robots\" content=\"index, follow, max-snippet:-1, max-image-preview:large, max-video-preview:-1\" \/>\n<link rel=\"canonical\" href=\"https:\/\/dev.explora.cl\/lagos\/equipos-de-educacion-parvularia-de-pipe-2024-tuvieron-jornada-de-capacitacion-en-puerto-montt\/\" class=\"yoast-seo-meta-tag\" \/>\n<meta property=\"og:locale\" content=\"es_ES\" class=\"yoast-seo-meta-tag\" \/>\n<meta property=\"og:type\" content=\"article\" class=\"yoast-seo-meta-tag\" \/>\n<meta property=\"og:title\" content=\"Equipos de educaci\u00f3n Parvularia de PIPE 2024 tuvieron jornada de capacitaci\u00f3n en Puerto Montt - Los Lagos\" class=\"yoast-seo-meta-tag\" \/>\n<meta property=\"og:description\" content=\"Educadoras y asistentes de Educaci\u00f3n Parvularia tuvieron jornada de capacitaci\u00f3n\" class=\"yoast-seo-meta-tag\" \/>\n<meta property=\"og:url\" content=\"https:\/\/dev.explora.cl\/lagos\/equipos-de-educacion-parvularia-de-pipe-2024-tuvieron-jornada-de-capacitacion-en-puerto-montt\/\" class=\"yoast-seo-meta-tag\" \/>\n<meta property=\"og:site_name\" content=\"Los Lagos\" class=\"yoast-seo-meta-tag\" \/>\n<meta property=\"article:published_time\" content=\"2024-05-27T13:13:32+00:00\" class=\"yoast-seo-meta-tag\" \/>\n<meta property=\"article:modified_time\" content=\"2024-08-01T14:57:49+00:00\" class=\"yoast-seo-meta-tag\" \/>\n<meta property=\"og:image\" content=\"https:\/\/dev.explora.cl\/lagos\/wp-content\/uploads\/sites\/17\/2024\/05\/Jornada-capacitaci\u00f3n_todas-1024x683.jpg\" class=\"yoast-seo-meta-tag\" \/>\n\t<meta property=\"og:image:width\" content=\"1024\" class=\"yoast-seo-meta-tag\" \/>\n\t<meta property=\"og:image:height\" content=\"683\" class=\"yoast-seo-meta-tag\" \/>\n\t<meta property=\"og:image:type\" content=\"image\/jpeg\" class=\"yoast-seo-meta-tag\" \/>\n<meta name=\"author\" content=\"jvargas\" class=\"yoast-seo-meta-tag\" \/>\n<meta name=\"twitter:card\" content=\"summary_large_image\" class=\"yoast-seo-meta-tag\" \/>\n<meta name=\"twitter:label1\" content=\"Escrito por\" class=\"yoast-seo-meta-tag\" \/>\n\t<meta name=\"twitter:data1\" content=\"jvargas\" class=\"yoast-seo-meta-tag\" \/>\n\t<meta name=\"twitter:label2\" content=\"Tiempo de lectura\" class=\"yoast-seo-meta-tag\" \/>\n\t<meta name=\"twitter:data2\" content=\"4 minutos\" class=\"yoast-seo-meta-tag\" \/>\n<script type=\"application\/ld+json\" class=\"yoast-schema-graph\">{\"@context\":\"https:\/\/schema.org\",\"@graph\":[{\"@type\":\"Article\",\"@id\":\"https:\/\/dev.explora.cl\/lagos\/equipos-de-educacion-parvularia-de-pipe-2024-tuvieron-jornada-de-capacitacion-en-puerto-montt\/#article\",\"isPartOf\":{\"@id\":\"https:\/\/dev.explora.cl\/lagos\/equipos-de-educacion-parvularia-de-pipe-2024-tuvieron-jornada-de-capacitacion-en-puerto-montt\/\"},\"author\":{\"name\":\"jvargas\",\"@id\":\"https:\/\/dev.explora.cl\/lagos\/#\/schema\/person\/6608d3ee9ea0b0daeaf12289528fc582\"},\"headline\":\"Equipos de educaci\u00f3n Parvularia de PIPE 2024 tuvieron jornada de capacitaci\u00f3n en Puerto Montt\",\"datePublished\":\"2024-05-27T13:13:32+00:00\",\"dateModified\":\"2024-08-01T14:57:49+00:00\",\"mainEntityOfPage\":{\"@id\":\"https:\/\/dev.explora.cl\/lagos\/equipos-de-educacion-parvularia-de-pipe-2024-tuvieron-jornada-de-capacitacion-en-puerto-montt\/\"},\"wordCount\":852,\"commentCount\":0,\"image\":{\"@id\":\"https:\/\/dev.explora.cl\/lagos\/equipos-de-educacion-parvularia-de-pipe-2024-tuvieron-jornada-de-capacitacion-en-puerto-montt\/#primaryimage\"},\"thumbnailUrl\":\"https:\/\/dev.explora.cl\/lagos\/wp-content\/uploads\/sites\/17\/2024\/05\/Jornada-capacitaci\u00f3n_todas.jpg\",\"keywords\":[\"educacion parvularia\",\"PIPE\",\"Programa de Indagaci\u00f3n para Primeras Edades\"],\"articleSection\":[\"Banner\",\"Noticias\"],\"inLanguage\":\"es\",\"potentialAction\":[{\"@type\":\"CommentAction\",\"name\":\"Comment\",\"target\":[\"https:\/\/dev.explora.cl\/lagos\/equipos-de-educacion-parvularia-de-pipe-2024-tuvieron-jornada-de-capacitacion-en-puerto-montt\/#respond\"]}]},{\"@type\":\"WebPage\",\"@id\":\"https:\/\/dev.explora.cl\/lagos\/equipos-de-educacion-parvularia-de-pipe-2024-tuvieron-jornada-de-capacitacion-en-puerto-montt\/\",\"url\":\"https:\/\/dev.explora.cl\/lagos\/equipos-de-educacion-parvularia-de-pipe-2024-tuvieron-jornada-de-capacitacion-en-puerto-montt\/\",\"name\":\"Equipos de educaci\u00f3n Parvularia de PIPE 2024 tuvieron jornada de capacitaci\u00f3n en Puerto Montt - Los Lagos\",\"isPartOf\":{\"@id\":\"https:\/\/dev.explora.cl\/lagos\/#website\"},\"primaryImageOfPage\":{\"@id\":\"https:\/\/dev.explora.cl\/lagos\/equipos-de-educacion-parvularia-de-pipe-2024-tuvieron-jornada-de-capacitacion-en-puerto-montt\/#primaryimage\"},\"image\":{\"@id\":\"https:\/\/dev.explora.cl\/lagos\/equipos-de-educacion-parvularia-de-pipe-2024-tuvieron-jornada-de-capacitacion-en-puerto-montt\/#primaryimage\"},\"thumbnailUrl\":\"https:\/\/dev.explora.cl\/lagos\/wp-content\/uploads\/sites\/17\/2024\/05\/Jornada-capacitaci\u00f3n_todas.jpg\",\"datePublished\":\"2024-05-27T13:13:32+00:00\",\"dateModified\":\"2024-08-01T14:57:49+00:00\",\"author\":{\"@id\":\"https:\/\/dev.explora.cl\/lagos\/#\/schema\/person\/6608d3ee9ea0b0daeaf12289528fc582\"},\"breadcrumb\":{\"@id\":\"https:\/\/dev.explora.cl\/lagos\/equipos-de-educacion-parvularia-de-pipe-2024-tuvieron-jornada-de-capacitacion-en-puerto-montt\/#breadcrumb\"},\"inLanguage\":\"es\",\"potentialAction\":[{\"@type\":\"ReadAction\",\"target\":[\"https:\/\/dev.explora.cl\/lagos\/equipos-de-educacion-parvularia-de-pipe-2024-tuvieron-jornada-de-capacitacion-en-puerto-montt\/\"]}]},{\"@type\":\"ImageObject\",\"inLanguage\":\"es\",\"@id\":\"https:\/\/dev.explora.cl\/lagos\/equipos-de-educacion-parvularia-de-pipe-2024-tuvieron-jornada-de-capacitacion-en-puerto-montt\/#primaryimage\",\"url\":\"https:\/\/dev.explora.cl\/lagos\/wp-content\/uploads\/sites\/17\/2024\/05\/Jornada-capacitaci\u00f3n_todas.jpg\",\"contentUrl\":\"https:\/\/dev.explora.cl\/lagos\/wp-content\/uploads\/sites\/17\/2024\/05\/Jornada-capacitaci\u00f3n_todas.jpg\",\"width\":5184,\"height\":3456},{\"@type\":\"BreadcrumbList\",\"@id\":\"https:\/\/dev.explora.cl\/lagos\/equipos-de-educacion-parvularia-de-pipe-2024-tuvieron-jornada-de-capacitacion-en-puerto-montt\/#breadcrumb\",\"itemListElement\":[{\"@type\":\"ListItem\",\"position\":1,\"name\":\"Portada\",\"item\":\"https:\/\/dev.explora.cl\/lagos\/\"},{\"@type\":\"ListItem\",\"position\":2,\"name\":\"Equipos de educaci\u00f3n Parvularia de PIPE 2024 tuvieron jornada de capacitaci\u00f3n en Puerto Montt\"}]},{\"@type\":\"WebSite\",\"@id\":\"https:\/\/dev.explora.cl\/lagos\/#website\",\"url\":\"https:\/\/dev.explora.cl\/lagos\/\",\"name\":\"Los Lagos\",\"description\":\"Otro sitio m\u00e1s de dev.explora.cl\",\"potentialAction\":[{\"@type\":\"SearchAction\",\"target\":{\"@type\":\"EntryPoint\",\"urlTemplate\":\"https:\/\/dev.explora.cl\/lagos\/?s={search_term_string}\"},\"query-input\":{\"@type\":\"PropertyValueSpecification\",\"valueRequired\":true,\"valueName\":\"search_term_string\"}}],\"inLanguage\":\"es\"},{\"@type\":\"Person\",\"@id\":\"https:\/\/dev.explora.cl\/lagos\/#\/schema\/person\/6608d3ee9ea0b0daeaf12289528fc582\",\"name\":\"jvargas\",\"image\":{\"@type\":\"ImageObject\",\"inLanguage\":\"es\",\"@id\":\"https:\/\/dev.explora.cl\/lagos\/#\/schema\/person\/image\/\",\"url\":\"https:\/\/secure.gravatar.com\/avatar\/8a6892fbfb002ef173a244b534b4bbcea4c183fc3fbf7732e64ac89b1d22d482?s=96&d=mm&r=g\",\"contentUrl\":\"https:\/\/secure.gravatar.com\/avatar\/8a6892fbfb002ef173a244b534b4bbcea4c183fc3fbf7732e64ac89b1d22d482?s=96&d=mm&r=g\",\"caption\":\"jvargas\"},\"url\":\"https:\/\/dev.explora.cl\/lagos\/author\/jvargas\/\"}]}<\/script>\n<!-- \/ Yoast SEO plugin. -->","yoast_head_json":{"title":"Equipos de educaci\u00f3n Parvularia de PIPE 2024 tuvieron jornada de capacitaci\u00f3n en Puerto Montt - Los Lagos","robots":{"index":"index","follow":"follow","max-snippet":"max-snippet:-1","max-image-preview":"max-image-preview:large","max-video-preview":"max-video-preview:-1"},"canonical":"https:\/\/dev.explora.cl\/lagos\/equipos-de-educacion-parvularia-de-pipe-2024-tuvieron-jornada-de-capacitacion-en-puerto-montt\/","og_locale":"es_ES","og_type":"article","og_title":"Equipos de educaci\u00f3n Parvularia de PIPE 2024 tuvieron jornada de capacitaci\u00f3n en Puerto Montt - Los Lagos","og_description":"Educadoras y asistentes de Educaci\u00f3n Parvularia tuvieron jornada de capacitaci\u00f3n","og_url":"https:\/\/dev.explora.cl\/lagos\/equipos-de-educacion-parvularia-de-pipe-2024-tuvieron-jornada-de-capacitacion-en-puerto-montt\/","og_site_name":"Los Lagos","article_published_time":"2024-05-27T13:13:32+00:00","article_modified_time":"2024-08-01T14:57:49+00:00","og_image":[{"width":1024,"height":683,"url":"https:\/\/dev.explora.cl\/lagos\/wp-content\/uploads\/sites\/17\/2024\/05\/Jornada-capacitaci\u00f3n_todas-1024x683.jpg","type":"image\/jpeg"}],"author":"jvargas","twitter_card":"summary_large_image","twitter_misc":{"Escrito por":"jvargas","Tiempo de lectura":"4 minutos"},"schema":{"@context":"https:\/\/schema.org","@graph":[{"@type":"Article","@id":"https:\/\/dev.explora.cl\/lagos\/equipos-de-educacion-parvularia-de-pipe-2024-tuvieron-jornada-de-capacitacion-en-puerto-montt\/#article","isPartOf":{"@id":"https:\/\/dev.explora.cl\/lagos\/equipos-de-educacion-parvularia-de-pipe-2024-tuvieron-jornada-de-capacitacion-en-puerto-montt\/"},"author":{"name":"jvargas","@id":"https:\/\/dev.explora.cl\/lagos\/#\/schema\/person\/6608d3ee9ea0b0daeaf12289528fc582"},"headline":"Equipos de educaci\u00f3n Parvularia de PIPE 2024 tuvieron jornada de capacitaci\u00f3n en Puerto Montt","datePublished":"2024-05-27T13:13:32+00:00","dateModified":"2024-08-01T14:57:49+00:00","mainEntityOfPage":{"@id":"https:\/\/dev.explora.cl\/lagos\/equipos-de-educacion-parvularia-de-pipe-2024-tuvieron-jornada-de-capacitacion-en-puerto-montt\/"},"wordCount":852,"commentCount":0,"image":{"@id":"https:\/\/dev.explora.cl\/lagos\/equipos-de-educacion-parvularia-de-pipe-2024-tuvieron-jornada-de-capacitacion-en-puerto-montt\/#primaryimage"},"thumbnailUrl":"https:\/\/dev.explora.cl\/lagos\/wp-content\/uploads\/sites\/17\/2024\/05\/Jornada-capacitaci\u00f3n_todas.jpg","keywords":["educacion parvularia","PIPE","Programa de Indagaci\u00f3n para Primeras Edades"],"articleSection":["Banner","Noticias"],"inLanguage":"es","potentialAction":[{"@type":"CommentAction","name":"Comment","target":["https:\/\/dev.explora.cl\/lagos\/equipos-de-educacion-parvularia-de-pipe-2024-tuvieron-jornada-de-capacitacion-en-puerto-montt\/#respond"]}]},{"@type":"WebPage","@id":"https:\/\/dev.explora.cl\/lagos\/equipos-de-educacion-parvularia-de-pipe-2024-tuvieron-jornada-de-capacitacion-en-puerto-montt\/","url":"https:\/\/dev.explora.cl\/lagos\/equipos-de-educacion-parvularia-de-pipe-2024-tuvieron-jornada-de-capacitacion-en-puerto-montt\/","name":"Equipos de educaci\u00f3n Parvularia de PIPE 2024 tuvieron jornada de capacitaci\u00f3n en Puerto Montt - Los Lagos","isPartOf":{"@id":"https:\/\/dev.explora.cl\/lagos\/#website"},"primaryImageOfPage":{"@id":"https:\/\/dev.explora.cl\/lagos\/equipos-de-educacion-parvularia-de-pipe-2024-tuvieron-jornada-de-capacitacion-en-puerto-montt\/#primaryimage"},"image":{"@id":"https:\/\/dev.explora.cl\/lagos\/equipos-de-educacion-parvularia-de-pipe-2024-tuvieron-jornada-de-capacitacion-en-puerto-montt\/#primaryimage"},"thumbnailUrl":"https:\/\/dev.explora.cl\/lagos\/wp-content\/uploads\/sites\/17\/2024\/05\/Jornada-capacitaci\u00f3n_todas.jpg","datePublished":"2024-05-27T13:13:32+00:00","dateModified":"2024-08-01T14:57:49+00:00","author":{"@id":"https:\/\/dev.explora.cl\/lagos\/#\/schema\/person\/6608d3ee9ea0b0daeaf12289528fc582"},"breadcrumb":{"@id":"https:\/\/dev.explora.cl\/lagos\/equipos-de-educacion-parvularia-de-pipe-2024-tuvieron-jornada-de-capacitacion-en-puerto-montt\/#breadcrumb"},"inLanguage":"es","potentialAction":[{"@type":"ReadAction","target":["https:\/\/dev.explora.cl\/lagos\/equipos-de-educacion-parvularia-de-pipe-2024-tuvieron-jornada-de-capacitacion-en-puerto-montt\/"]}]},{"@type":"ImageObject","inLanguage":"es","@id":"https:\/\/dev.explora.cl\/lagos\/equipos-de-educacion-parvularia-de-pipe-2024-tuvieron-jornada-de-capacitacion-en-puerto-montt\/#primaryimage","url":"https:\/\/dev.explora.cl\/lagos\/wp-content\/uploads\/sites\/17\/2024\/05\/Jornada-capacitaci\u00f3n_todas.jpg","contentUrl":"https:\/\/dev.explora.cl\/lagos\/wp-content\/uploads\/sites\/17\/2024\/05\/Jornada-capacitaci\u00f3n_todas.jpg","width":5184,"height":3456},{"@type":"BreadcrumbList","@id":"https:\/\/dev.explora.cl\/lagos\/equipos-de-educacion-parvularia-de-pipe-2024-tuvieron-jornada-de-capacitacion-en-puerto-montt\/#breadcrumb","itemListElement":[{"@type":"ListItem","position":1,"name":"Portada","item":"https:\/\/dev.explora.cl\/lagos\/"},{"@type":"ListItem","position":2,"name":"Equipos de educaci\u00f3n Parvularia de PIPE 2024 tuvieron jornada de capacitaci\u00f3n en Puerto Montt"}]},{"@type":"WebSite","@id":"https:\/\/dev.explora.cl\/lagos\/#website","url":"https:\/\/dev.explora.cl\/lagos\/","name":"Los Lagos","description":"Otro sitio m\u00e1s de dev.explora.cl","potentialAction":[{"@type":"SearchAction","target":{"@type":"EntryPoint","urlTemplate":"https:\/\/dev.explora.cl\/lagos\/?s={search_term_string}"},"query-input":{"@type":"PropertyValueSpecification","valueRequired":true,"valueName":"search_term_string"}}],"inLanguage":"es"},{"@type":"Person","@id":"https:\/\/dev.explora.cl\/lagos\/#\/schema\/person\/6608d3ee9ea0b0daeaf12289528fc582","name":"jvargas","image":{"@type":"ImageObject","inLanguage":"es","@id":"https:\/\/dev.explora.cl\/lagos\/#\/schema\/person\/image\/","url":"https:\/\/secure.gravatar.com\/avatar\/8a6892fbfb002ef173a244b534b4bbcea4c183fc3fbf7732e64ac89b1d22d482?s=96&d=mm&r=g","contentUrl":"https:\/\/secure.gravatar.com\/avatar\/8a6892fbfb002ef173a244b534b4bbcea4c183fc3fbf7732e64ac89b1d22d482?s=96&d=mm&r=g","caption":"jvargas"},"url":"https:\/\/dev.explora.cl\/lagos\/author\/jvargas\/"}]}},"_links":{"self":[{"href":"https:\/\/dev.explora.cl\/lagos\/wp-json\/wp\/v2\/posts\/41589","targetHints":{"allow":["GET"]}}],"collection":[{"href":"https:\/\/dev.explora.cl\/lagos\/wp-json\/wp\/v2\/posts"}],"about":[{"href":"https:\/\/dev.explora.cl\/lagos\/wp-json\/wp\/v2\/types\/post"}],"author":[{"embeddable":true,"href":"https:\/\/dev.explora.cl\/lagos\/wp-json\/wp\/v2\/users\/36"}],"replies":[{"embeddable":true,"href":"https:\/\/dev.explora.cl\/lagos\/wp-json\/wp\/v2\/comments?post=41589"}],"version-history":[{"count":6,"href":"https:\/\/dev.explora.cl\/lagos\/wp-json\/wp\/v2\/posts\/41589\/revisions"}],"predecessor-version":[{"id":41597,"href":"https:\/\/dev.explora.cl\/lagos\/wp-json\/wp\/v2\/posts\/41589\/revisions\/41597"}],"wp:featuredmedia":[{"embeddable":true,"href":"https:\/\/dev.explora.cl\/lagos\/wp-json\/wp\/v2\/media\/41592"}],"wp:attachment":[{"href":"https:\/\/dev.explora.cl\/lagos\/wp-json\/wp\/v2\/media?parent=41589"}],"wp:term":[{"taxonomy":"category","embeddable":true,"href":"https:\/\/dev.explora.cl\/lagos\/wp-json\/wp\/v2\/categories?post=41589"},{"taxonomy":"post_tag","embeddable":true,"href":"https:\/\/dev.explora.cl\/lagos\/wp-json\/wp\/v2\/tags?post=41589"}],"curies":[{"name":"wp","href":"https:\/\/api.w.org\/{rel}","templated":true}]}}