{"id":41570,"date":"2024-05-14T12:40:00","date_gmt":"2024-05-14T16:40:00","guid":{"rendered":"https:\/\/dev.explora.cl\/lagos\/?p=41570"},"modified":"2024-07-09T11:45:32","modified_gmt":"2024-07-09T15:45:32","slug":"arqueologia-y-antropologia-del-bordemar-del-reloncavi-fue-la-tematica-que-se-abordo-con-en-el-segundo-cafe-cientifico-de-puerto-montt","status":"publish","type":"post","link":"https:\/\/dev.explora.cl\/lagos\/arqueologia-y-antropologia-del-bordemar-del-reloncavi-fue-la-tematica-que-se-abordo-con-en-el-segundo-cafe-cientifico-de-puerto-montt\/","title":{"rendered":"\u00abArqueolog\u00eda y Antropolog\u00eda del Bordemar del Reloncav\u00ed\u201d fue la tem\u00e1tica que se abord\u00f3 con en el segundo Caf\u00e9 Cient\u00edfico de Puerto Montt"},"content":{"rendered":"<p>[vc_row][vc_column][vc_column_text]Una masiva asistencia tuvo la charla \u00abHabitar el bordemar del Reloncav\u00ed. Arqueolog\u00eda y antropolog\u00eda de los canoeros australes\u00bb con Arturo S\u00e1ez y Sim\u00f3n Sierralta, docentes de la Escuela de Arqueolog\u00eda de la Universidad Austral de Chile Sede Puerto Montt, en el marco del segundo Caf\u00e9 Cient\u00edfico de este a\u00f1o y que organiza el Proyecto Asociativo Regional PAR Explora Los Lagos.<\/p>\n<p>Durante casi dos horas, m\u00e1s de 60 personas conocieron detalles relacionados con sitios arqueol\u00f3gicos con importante evidencia, como conchales y corrales de pesca, para explorar la historia de formas de vivir orientadas hacia el mar y sus recursos, la navegaci\u00f3n y la convivencia con el bosque. Dado que el litoral de los archipi\u00e9lagos australes ha sido habitado por seres humanos durante los \u00faltimos 6.500 a\u00f1os. La exposici\u00f3n de S\u00e1ez y Sierralta ense\u00f1\u00f3 la arqueolog\u00eda de un proceso que contin\u00faa incluso hasta la actualidad, a trav\u00e9s de la construcci\u00f3n de una sociedad bordemarina.<\/p>\n<p>Luego de exponer una serie de datos y pormenores de las investigaciones efectuadas en sectores del Seno del Reloncav\u00ed y tambi\u00e9n en Chilo\u00e9, los docentes de la Escuela de Arqueolog\u00eda de la UACh, S\u00e1ez y Sierralta establecieron un di\u00e1logo con parte de las y los asistentes que no dudaron en plantear interesantes preguntas.<\/p>\n<p>HISTORA E IMPORTANCIA<\/p>\n<p>La Unidad de Vinculaci\u00f3n y Comunicaci\u00f3n de las Ciencias, a trav\u00e9s del Proyecto Asociativo Regional PAR Explora Los Lagos,\u00a0organiza mes a mes el Caf\u00e9 Cient\u00edfico de Puerto Montt, con una invitaci\u00f3n abierta a la comunidad que pueda estar interesada en la tem\u00e1tica que se aborda cada vez o que asiste frecuentemente, como una forma de valorar el trabajo para disponer un espacio de divulgaci\u00f3n m\u00e1s informal y cercano.<\/p>\n<p>En su origen, en la \u00faltima d\u00e9cada del siglo XX, el fil\u00f3sofo Mar Sautet gener\u00f3 un espacio para difundir y discutir temas relacionados con la filosof\u00eda, en Paris, Francia. Posteriormente, el ingl\u00e9s Duncan Dallas adopt\u00f3 este modelo de encuentro para hacer divulgaci\u00f3n cient\u00edfica y ah\u00ed tom\u00f3 mayor fuerza y pas\u00f3 a denominarse Caf\u00e9 Cient\u00edfico.<\/p>\n<p>En nuestro pa\u00eds tambi\u00e9n se realiza en ciudades como Concepci\u00f3n, Coquimbo, Punta Arenas y Santiago, mientras que la UACh lo desarrolla desde fines del 2011.<\/p>\n<p>Arturo S\u00e1ez, Licenciado en Antropolog\u00eda con menci\u00f3n en Antropolog\u00eda F\u00edsica\u00a0y Master en Biolog\u00eda Humana\u00a0de la Universidad de Chile, coment\u00f3 acerca de la importancia de actividades como el Caf\u00e9 Cient\u00edfico, porque \u201ces fundamental para disminuir la distancia que tiene la gente con este tipo de preguntas de temas que pueden ser complicados\u201d, destac\u00f3. Tambi\u00e9n indic\u00f3 que la idea es que con Sim\u00f3n mostremos c\u00f3mo hacemos nuestro trabajo, a qu\u00e9 informaci\u00f3n podemos llegar y esta cercan\u00eda, la del Caf\u00e9 Cient\u00edfico, es fundamental\u201d, indic\u00f3.<\/p>\n<p>Por otra parte, Sim\u00f3n Sierralta, Arque\u00f3logo de la Universidad de Chile y doctorante en la Universidad del Centro de la Provincia de Buenos Aires, Argentina, coment\u00f3 que actividades como el Caf\u00e9 Cient\u00edfico son una oportunidad porque tiene una regularidad que permite estar con gente con la que a lo mejor nosotros no nos vinculamos cotidianamente porque \u201caqu\u00ed llegan otras personas, p\u00fablico que a lo mejor tiene intereses distintos y eso nos sirve. Yo vengo con esa expectativa, a lo mejor que me hagan preguntas a las que no est\u00e9 acostumbrado\u201d, dijo.[\/vc_column_text][\/vc_column][\/vc_row]<\/p>\n","protected":false},"excerpt":{"rendered":"<p>M\u00e1s informaci\u00f3n aqu\u00ed.<\/p>\n","protected":false},"author":36,"featured_media":41572,"comment_status":"open","ping_status":"open","sticky":false,"template":"","format":"standard","meta":{"_acf_changed":false,"_exactmetrics_skip_tracking":false,"_exactmetrics_sitenote_active":false,"_exactmetrics_sitenote_note":"","_exactmetrics_sitenote_category":0,"footnotes":"","_links_to":"","_links_to_target":""},"categories":[151,4],"tags":[535,536,365,534,332],"class_list":["post-41570","post","type-post","status-publish","format-standard","has-post-thumbnail","hentry","category-banner","category-noticias","tag-antropologia","tag-aqueologia","tag-cafe-cientifico","tag-escuela-de-arqueologia-uach","tag-uach-sede-puerto-montt"],"acf":[],"yoast_head":"<!-- This site is optimized with the Yoast SEO plugin v26.7 - https:\/\/yoast.com\/wordpress\/plugins\/seo\/ -->\n<title>&quot;Arqueolog\u00eda y Antropolog\u00eda del Bordemar del Reloncav\u00ed\u201d fue la tem\u00e1tica que se abord\u00f3 con en el segundo Caf\u00e9 Cient\u00edfico de Puerto Montt - Los Lagos<\/title>\n<meta name=\"robots\" content=\"index, follow, max-snippet:-1, max-image-preview:large, max-video-preview:-1\" \/>\n<link rel=\"canonical\" href=\"https:\/\/dev.explora.cl\/lagos\/arqueologia-y-antropologia-del-bordemar-del-reloncavi-fue-la-tematica-que-se-abordo-con-en-el-segundo-cafe-cientifico-de-puerto-montt\/\" class=\"yoast-seo-meta-tag\" \/>\n<meta property=\"og:locale\" content=\"es_ES\" class=\"yoast-seo-meta-tag\" \/>\n<meta property=\"og:type\" content=\"article\" class=\"yoast-seo-meta-tag\" \/>\n<meta property=\"og:title\" content=\"&quot;Arqueolog\u00eda y Antropolog\u00eda del Bordemar del Reloncav\u00ed\u201d fue la tem\u00e1tica que se abord\u00f3 con en el segundo Caf\u00e9 Cient\u00edfico de Puerto Montt - Los Lagos\" class=\"yoast-seo-meta-tag\" \/>\n<meta property=\"og:description\" content=\"M\u00e1s informaci\u00f3n aqu\u00ed.\" class=\"yoast-seo-meta-tag\" \/>\n<meta property=\"og:url\" content=\"https:\/\/dev.explora.cl\/lagos\/arqueologia-y-antropologia-del-bordemar-del-reloncavi-fue-la-tematica-que-se-abordo-con-en-el-segundo-cafe-cientifico-de-puerto-montt\/\" class=\"yoast-seo-meta-tag\" \/>\n<meta property=\"og:site_name\" content=\"Los Lagos\" class=\"yoast-seo-meta-tag\" \/>\n<meta property=\"article:published_time\" content=\"2024-05-14T16:40:00+00:00\" class=\"yoast-seo-meta-tag\" \/>\n<meta property=\"article:modified_time\" content=\"2024-07-09T15:45:32+00:00\" class=\"yoast-seo-meta-tag\" \/>\n<meta property=\"og:image\" content=\"https:\/\/dev.explora.cl\/lagos\/wp-content\/uploads\/sites\/17\/2024\/05\/IMG_1555-1024x683.jpg\" class=\"yoast-seo-meta-tag\" \/>\n\t<meta property=\"og:image:width\" content=\"1024\" class=\"yoast-seo-meta-tag\" \/>\n\t<meta property=\"og:image:height\" content=\"683\" class=\"yoast-seo-meta-tag\" \/>\n\t<meta property=\"og:image:type\" content=\"image\/jpeg\" class=\"yoast-seo-meta-tag\" \/>\n<meta name=\"author\" content=\"jvargas\" class=\"yoast-seo-meta-tag\" \/>\n<meta name=\"twitter:card\" content=\"summary_large_image\" class=\"yoast-seo-meta-tag\" \/>\n<meta name=\"twitter:label1\" content=\"Escrito por\" class=\"yoast-seo-meta-tag\" \/>\n\t<meta name=\"twitter:data1\" content=\"jvargas\" class=\"yoast-seo-meta-tag\" \/>\n\t<meta name=\"twitter:label2\" content=\"Tiempo de lectura\" class=\"yoast-seo-meta-tag\" \/>\n\t<meta name=\"twitter:data2\" content=\"3 minutos\" class=\"yoast-seo-meta-tag\" \/>\n<script type=\"application\/ld+json\" class=\"yoast-schema-graph\">{\"@context\":\"https:\/\/schema.org\",\"@graph\":[{\"@type\":\"Article\",\"@id\":\"https:\/\/dev.explora.cl\/lagos\/arqueologia-y-antropologia-del-bordemar-del-reloncavi-fue-la-tematica-que-se-abordo-con-en-el-segundo-cafe-cientifico-de-puerto-montt\/#article\",\"isPartOf\":{\"@id\":\"https:\/\/dev.explora.cl\/lagos\/arqueologia-y-antropologia-del-bordemar-del-reloncavi-fue-la-tematica-que-se-abordo-con-en-el-segundo-cafe-cientifico-de-puerto-montt\/\"},\"author\":{\"name\":\"jvargas\",\"@id\":\"https:\/\/dev.explora.cl\/lagos\/#\/schema\/person\/6608d3ee9ea0b0daeaf12289528fc582\"},\"headline\":\"\u00abArqueolog\u00eda y Antropolog\u00eda del Bordemar del Reloncav\u00ed\u201d fue la tem\u00e1tica que se abord\u00f3 con en el segundo Caf\u00e9 Cient\u00edfico de Puerto Montt\",\"datePublished\":\"2024-05-14T16:40:00+00:00\",\"dateModified\":\"2024-07-09T15:45:32+00:00\",\"mainEntityOfPage\":{\"@id\":\"https:\/\/dev.explora.cl\/lagos\/arqueologia-y-antropologia-del-bordemar-del-reloncavi-fue-la-tematica-que-se-abordo-con-en-el-segundo-cafe-cientifico-de-puerto-montt\/\"},\"wordCount\":624,\"commentCount\":0,\"image\":{\"@id\":\"https:\/\/dev.explora.cl\/lagos\/arqueologia-y-antropologia-del-bordemar-del-reloncavi-fue-la-tematica-que-se-abordo-con-en-el-segundo-cafe-cientifico-de-puerto-montt\/#primaryimage\"},\"thumbnailUrl\":\"https:\/\/dev.explora.cl\/lagos\/wp-content\/uploads\/sites\/17\/2024\/05\/IMG_1555.jpg\",\"keywords\":[\"antropolog\u00eda\",\"aqueolog\u00eda\",\"Caf\u00e9 Cient\u00edfico\",\"Escuela de Arqueolog\u00eda UACh\",\"UACh Sede Puerto Montt\"],\"articleSection\":[\"Banner\",\"Noticias\"],\"inLanguage\":\"es\",\"potentialAction\":[{\"@type\":\"CommentAction\",\"name\":\"Comment\",\"target\":[\"https:\/\/dev.explora.cl\/lagos\/arqueologia-y-antropologia-del-bordemar-del-reloncavi-fue-la-tematica-que-se-abordo-con-en-el-segundo-cafe-cientifico-de-puerto-montt\/#respond\"]}]},{\"@type\":\"WebPage\",\"@id\":\"https:\/\/dev.explora.cl\/lagos\/arqueologia-y-antropologia-del-bordemar-del-reloncavi-fue-la-tematica-que-se-abordo-con-en-el-segundo-cafe-cientifico-de-puerto-montt\/\",\"url\":\"https:\/\/dev.explora.cl\/lagos\/arqueologia-y-antropologia-del-bordemar-del-reloncavi-fue-la-tematica-que-se-abordo-con-en-el-segundo-cafe-cientifico-de-puerto-montt\/\",\"name\":\"\\\"Arqueolog\u00eda y Antropolog\u00eda del Bordemar del Reloncav\u00ed\u201d fue la tem\u00e1tica que se abord\u00f3 con en el segundo Caf\u00e9 Cient\u00edfico de Puerto Montt - Los Lagos\",\"isPartOf\":{\"@id\":\"https:\/\/dev.explora.cl\/lagos\/#website\"},\"primaryImageOfPage\":{\"@id\":\"https:\/\/dev.explora.cl\/lagos\/arqueologia-y-antropologia-del-bordemar-del-reloncavi-fue-la-tematica-que-se-abordo-con-en-el-segundo-cafe-cientifico-de-puerto-montt\/#primaryimage\"},\"image\":{\"@id\":\"https:\/\/dev.explora.cl\/lagos\/arqueologia-y-antropologia-del-bordemar-del-reloncavi-fue-la-tematica-que-se-abordo-con-en-el-segundo-cafe-cientifico-de-puerto-montt\/#primaryimage\"},\"thumbnailUrl\":\"https:\/\/dev.explora.cl\/lagos\/wp-content\/uploads\/sites\/17\/2024\/05\/IMG_1555.jpg\",\"datePublished\":\"2024-05-14T16:40:00+00:00\",\"dateModified\":\"2024-07-09T15:45:32+00:00\",\"author\":{\"@id\":\"https:\/\/dev.explora.cl\/lagos\/#\/schema\/person\/6608d3ee9ea0b0daeaf12289528fc582\"},\"breadcrumb\":{\"@id\":\"https:\/\/dev.explora.cl\/lagos\/arqueologia-y-antropologia-del-bordemar-del-reloncavi-fue-la-tematica-que-se-abordo-con-en-el-segundo-cafe-cientifico-de-puerto-montt\/#breadcrumb\"},\"inLanguage\":\"es\",\"potentialAction\":[{\"@type\":\"ReadAction\",\"target\":[\"https:\/\/dev.explora.cl\/lagos\/arqueologia-y-antropologia-del-bordemar-del-reloncavi-fue-la-tematica-que-se-abordo-con-en-el-segundo-cafe-cientifico-de-puerto-montt\/\"]}]},{\"@type\":\"ImageObject\",\"inLanguage\":\"es\",\"@id\":\"https:\/\/dev.explora.cl\/lagos\/arqueologia-y-antropologia-del-bordemar-del-reloncavi-fue-la-tematica-que-se-abordo-con-en-el-segundo-cafe-cientifico-de-puerto-montt\/#primaryimage\",\"url\":\"https:\/\/dev.explora.cl\/lagos\/wp-content\/uploads\/sites\/17\/2024\/05\/IMG_1555.jpg\",\"contentUrl\":\"https:\/\/dev.explora.cl\/lagos\/wp-content\/uploads\/sites\/17\/2024\/05\/IMG_1555.jpg\",\"width\":5184,\"height\":3456},{\"@type\":\"BreadcrumbList\",\"@id\":\"https:\/\/dev.explora.cl\/lagos\/arqueologia-y-antropologia-del-bordemar-del-reloncavi-fue-la-tematica-que-se-abordo-con-en-el-segundo-cafe-cientifico-de-puerto-montt\/#breadcrumb\",\"itemListElement\":[{\"@type\":\"ListItem\",\"position\":1,\"name\":\"Portada\",\"item\":\"https:\/\/dev.explora.cl\/lagos\/\"},{\"@type\":\"ListItem\",\"position\":2,\"name\":\"\u00abArqueolog\u00eda y Antropolog\u00eda del Bordemar del Reloncav\u00ed\u201d fue la tem\u00e1tica que se abord\u00f3 con en el segundo Caf\u00e9 Cient\u00edfico de Puerto Montt\"}]},{\"@type\":\"WebSite\",\"@id\":\"https:\/\/dev.explora.cl\/lagos\/#website\",\"url\":\"https:\/\/dev.explora.cl\/lagos\/\",\"name\":\"Los Lagos\",\"description\":\"Otro sitio m\u00e1s de dev.explora.cl\",\"potentialAction\":[{\"@type\":\"SearchAction\",\"target\":{\"@type\":\"EntryPoint\",\"urlTemplate\":\"https:\/\/dev.explora.cl\/lagos\/?s={search_term_string}\"},\"query-input\":{\"@type\":\"PropertyValueSpecification\",\"valueRequired\":true,\"valueName\":\"search_term_string\"}}],\"inLanguage\":\"es\"},{\"@type\":\"Person\",\"@id\":\"https:\/\/dev.explora.cl\/lagos\/#\/schema\/person\/6608d3ee9ea0b0daeaf12289528fc582\",\"name\":\"jvargas\",\"image\":{\"@type\":\"ImageObject\",\"inLanguage\":\"es\",\"@id\":\"https:\/\/dev.explora.cl\/lagos\/#\/schema\/person\/image\/\",\"url\":\"https:\/\/secure.gravatar.com\/avatar\/8a6892fbfb002ef173a244b534b4bbcea4c183fc3fbf7732e64ac89b1d22d482?s=96&d=mm&r=g\",\"contentUrl\":\"https:\/\/secure.gravatar.com\/avatar\/8a6892fbfb002ef173a244b534b4bbcea4c183fc3fbf7732e64ac89b1d22d482?s=96&d=mm&r=g\",\"caption\":\"jvargas\"},\"url\":\"https:\/\/dev.explora.cl\/lagos\/author\/jvargas\/\"}]}<\/script>\n<!-- \/ Yoast SEO plugin. -->","yoast_head_json":{"title":"\"Arqueolog\u00eda y Antropolog\u00eda del Bordemar del Reloncav\u00ed\u201d fue la tem\u00e1tica que se abord\u00f3 con en el segundo Caf\u00e9 Cient\u00edfico de Puerto Montt - Los Lagos","robots":{"index":"index","follow":"follow","max-snippet":"max-snippet:-1","max-image-preview":"max-image-preview:large","max-video-preview":"max-video-preview:-1"},"canonical":"https:\/\/dev.explora.cl\/lagos\/arqueologia-y-antropologia-del-bordemar-del-reloncavi-fue-la-tematica-que-se-abordo-con-en-el-segundo-cafe-cientifico-de-puerto-montt\/","og_locale":"es_ES","og_type":"article","og_title":"\"Arqueolog\u00eda y Antropolog\u00eda del Bordemar del Reloncav\u00ed\u201d fue la tem\u00e1tica que se abord\u00f3 con en el segundo Caf\u00e9 Cient\u00edfico de Puerto Montt - Los Lagos","og_description":"M\u00e1s informaci\u00f3n aqu\u00ed.","og_url":"https:\/\/dev.explora.cl\/lagos\/arqueologia-y-antropologia-del-bordemar-del-reloncavi-fue-la-tematica-que-se-abordo-con-en-el-segundo-cafe-cientifico-de-puerto-montt\/","og_site_name":"Los Lagos","article_published_time":"2024-05-14T16:40:00+00:00","article_modified_time":"2024-07-09T15:45:32+00:00","og_image":[{"width":1024,"height":683,"url":"https:\/\/dev.explora.cl\/lagos\/wp-content\/uploads\/sites\/17\/2024\/05\/IMG_1555-1024x683.jpg","type":"image\/jpeg"}],"author":"jvargas","twitter_card":"summary_large_image","twitter_misc":{"Escrito por":"jvargas","Tiempo de lectura":"3 minutos"},"schema":{"@context":"https:\/\/schema.org","@graph":[{"@type":"Article","@id":"https:\/\/dev.explora.cl\/lagos\/arqueologia-y-antropologia-del-bordemar-del-reloncavi-fue-la-tematica-que-se-abordo-con-en-el-segundo-cafe-cientifico-de-puerto-montt\/#article","isPartOf":{"@id":"https:\/\/dev.explora.cl\/lagos\/arqueologia-y-antropologia-del-bordemar-del-reloncavi-fue-la-tematica-que-se-abordo-con-en-el-segundo-cafe-cientifico-de-puerto-montt\/"},"author":{"name":"jvargas","@id":"https:\/\/dev.explora.cl\/lagos\/#\/schema\/person\/6608d3ee9ea0b0daeaf12289528fc582"},"headline":"\u00abArqueolog\u00eda y Antropolog\u00eda del Bordemar del Reloncav\u00ed\u201d fue la tem\u00e1tica que se abord\u00f3 con en el segundo Caf\u00e9 Cient\u00edfico de Puerto Montt","datePublished":"2024-05-14T16:40:00+00:00","dateModified":"2024-07-09T15:45:32+00:00","mainEntityOfPage":{"@id":"https:\/\/dev.explora.cl\/lagos\/arqueologia-y-antropologia-del-bordemar-del-reloncavi-fue-la-tematica-que-se-abordo-con-en-el-segundo-cafe-cientifico-de-puerto-montt\/"},"wordCount":624,"commentCount":0,"image":{"@id":"https:\/\/dev.explora.cl\/lagos\/arqueologia-y-antropologia-del-bordemar-del-reloncavi-fue-la-tematica-que-se-abordo-con-en-el-segundo-cafe-cientifico-de-puerto-montt\/#primaryimage"},"thumbnailUrl":"https:\/\/dev.explora.cl\/lagos\/wp-content\/uploads\/sites\/17\/2024\/05\/IMG_1555.jpg","keywords":["antropolog\u00eda","aqueolog\u00eda","Caf\u00e9 Cient\u00edfico","Escuela de Arqueolog\u00eda UACh","UACh Sede Puerto Montt"],"articleSection":["Banner","Noticias"],"inLanguage":"es","potentialAction":[{"@type":"CommentAction","name":"Comment","target":["https:\/\/dev.explora.cl\/lagos\/arqueologia-y-antropologia-del-bordemar-del-reloncavi-fue-la-tematica-que-se-abordo-con-en-el-segundo-cafe-cientifico-de-puerto-montt\/#respond"]}]},{"@type":"WebPage","@id":"https:\/\/dev.explora.cl\/lagos\/arqueologia-y-antropologia-del-bordemar-del-reloncavi-fue-la-tematica-que-se-abordo-con-en-el-segundo-cafe-cientifico-de-puerto-montt\/","url":"https:\/\/dev.explora.cl\/lagos\/arqueologia-y-antropologia-del-bordemar-del-reloncavi-fue-la-tematica-que-se-abordo-con-en-el-segundo-cafe-cientifico-de-puerto-montt\/","name":"\"Arqueolog\u00eda y Antropolog\u00eda del Bordemar del Reloncav\u00ed\u201d fue la tem\u00e1tica que se abord\u00f3 con en el segundo Caf\u00e9 Cient\u00edfico de Puerto Montt - Los Lagos","isPartOf":{"@id":"https:\/\/dev.explora.cl\/lagos\/#website"},"primaryImageOfPage":{"@id":"https:\/\/dev.explora.cl\/lagos\/arqueologia-y-antropologia-del-bordemar-del-reloncavi-fue-la-tematica-que-se-abordo-con-en-el-segundo-cafe-cientifico-de-puerto-montt\/#primaryimage"},"image":{"@id":"https:\/\/dev.explora.cl\/lagos\/arqueologia-y-antropologia-del-bordemar-del-reloncavi-fue-la-tematica-que-se-abordo-con-en-el-segundo-cafe-cientifico-de-puerto-montt\/#primaryimage"},"thumbnailUrl":"https:\/\/dev.explora.cl\/lagos\/wp-content\/uploads\/sites\/17\/2024\/05\/IMG_1555.jpg","datePublished":"2024-05-14T16:40:00+00:00","dateModified":"2024-07-09T15:45:32+00:00","author":{"@id":"https:\/\/dev.explora.cl\/lagos\/#\/schema\/person\/6608d3ee9ea0b0daeaf12289528fc582"},"breadcrumb":{"@id":"https:\/\/dev.explora.cl\/lagos\/arqueologia-y-antropologia-del-bordemar-del-reloncavi-fue-la-tematica-que-se-abordo-con-en-el-segundo-cafe-cientifico-de-puerto-montt\/#breadcrumb"},"inLanguage":"es","potentialAction":[{"@type":"ReadAction","target":["https:\/\/dev.explora.cl\/lagos\/arqueologia-y-antropologia-del-bordemar-del-reloncavi-fue-la-tematica-que-se-abordo-con-en-el-segundo-cafe-cientifico-de-puerto-montt\/"]}]},{"@type":"ImageObject","inLanguage":"es","@id":"https:\/\/dev.explora.cl\/lagos\/arqueologia-y-antropologia-del-bordemar-del-reloncavi-fue-la-tematica-que-se-abordo-con-en-el-segundo-cafe-cientifico-de-puerto-montt\/#primaryimage","url":"https:\/\/dev.explora.cl\/lagos\/wp-content\/uploads\/sites\/17\/2024\/05\/IMG_1555.jpg","contentUrl":"https:\/\/dev.explora.cl\/lagos\/wp-content\/uploads\/sites\/17\/2024\/05\/IMG_1555.jpg","width":5184,"height":3456},{"@type":"BreadcrumbList","@id":"https:\/\/dev.explora.cl\/lagos\/arqueologia-y-antropologia-del-bordemar-del-reloncavi-fue-la-tematica-que-se-abordo-con-en-el-segundo-cafe-cientifico-de-puerto-montt\/#breadcrumb","itemListElement":[{"@type":"ListItem","position":1,"name":"Portada","item":"https:\/\/dev.explora.cl\/lagos\/"},{"@type":"ListItem","position":2,"name":"\u00abArqueolog\u00eda y Antropolog\u00eda del Bordemar del Reloncav\u00ed\u201d fue la tem\u00e1tica que se abord\u00f3 con en el segundo Caf\u00e9 Cient\u00edfico de Puerto Montt"}]},{"@type":"WebSite","@id":"https:\/\/dev.explora.cl\/lagos\/#website","url":"https:\/\/dev.explora.cl\/lagos\/","name":"Los Lagos","description":"Otro sitio m\u00e1s de dev.explora.cl","potentialAction":[{"@type":"SearchAction","target":{"@type":"EntryPoint","urlTemplate":"https:\/\/dev.explora.cl\/lagos\/?s={search_term_string}"},"query-input":{"@type":"PropertyValueSpecification","valueRequired":true,"valueName":"search_term_string"}}],"inLanguage":"es"},{"@type":"Person","@id":"https:\/\/dev.explora.cl\/lagos\/#\/schema\/person\/6608d3ee9ea0b0daeaf12289528fc582","name":"jvargas","image":{"@type":"ImageObject","inLanguage":"es","@id":"https:\/\/dev.explora.cl\/lagos\/#\/schema\/person\/image\/","url":"https:\/\/secure.gravatar.com\/avatar\/8a6892fbfb002ef173a244b534b4bbcea4c183fc3fbf7732e64ac89b1d22d482?s=96&d=mm&r=g","contentUrl":"https:\/\/secure.gravatar.com\/avatar\/8a6892fbfb002ef173a244b534b4bbcea4c183fc3fbf7732e64ac89b1d22d482?s=96&d=mm&r=g","caption":"jvargas"},"url":"https:\/\/dev.explora.cl\/lagos\/author\/jvargas\/"}]}},"_links":{"self":[{"href":"https:\/\/dev.explora.cl\/lagos\/wp-json\/wp\/v2\/posts\/41570","targetHints":{"allow":["GET"]}}],"collection":[{"href":"https:\/\/dev.explora.cl\/lagos\/wp-json\/wp\/v2\/posts"}],"about":[{"href":"https:\/\/dev.explora.cl\/lagos\/wp-json\/wp\/v2\/types\/post"}],"author":[{"embeddable":true,"href":"https:\/\/dev.explora.cl\/lagos\/wp-json\/wp\/v2\/users\/36"}],"replies":[{"embeddable":true,"href":"https:\/\/dev.explora.cl\/lagos\/wp-json\/wp\/v2\/comments?post=41570"}],"version-history":[{"count":1,"href":"https:\/\/dev.explora.cl\/lagos\/wp-json\/wp\/v2\/posts\/41570\/revisions"}],"predecessor-version":[{"id":41571,"href":"https:\/\/dev.explora.cl\/lagos\/wp-json\/wp\/v2\/posts\/41570\/revisions\/41571"}],"wp:featuredmedia":[{"embeddable":true,"href":"https:\/\/dev.explora.cl\/lagos\/wp-json\/wp\/v2\/media\/41572"}],"wp:attachment":[{"href":"https:\/\/dev.explora.cl\/lagos\/wp-json\/wp\/v2\/media?parent=41570"}],"wp:term":[{"taxonomy":"category","embeddable":true,"href":"https:\/\/dev.explora.cl\/lagos\/wp-json\/wp\/v2\/categories?post=41570"},{"taxonomy":"post_tag","embeddable":true,"href":"https:\/\/dev.explora.cl\/lagos\/wp-json\/wp\/v2\/tags?post=41570"}],"curies":[{"name":"wp","href":"https:\/\/api.w.org\/{rel}","templated":true}]}}