{"id":41533,"date":"2024-04-23T12:28:07","date_gmt":"2024-04-23T16:28:07","guid":{"rendered":"https:\/\/dev.explora.cl\/lagos\/?p=41533"},"modified":"2024-06-06T11:23:21","modified_gmt":"2024-06-06T15:23:21","slug":"programa-de-investigacion-e-innovacion-escolar-inicio-trabajo-con-docentes-seleccionados","status":"publish","type":"post","link":"https:\/\/dev.explora.cl\/lagos\/programa-de-investigacion-e-innovacion-escolar-inicio-trabajo-con-docentes-seleccionados\/","title":{"rendered":"Programa de Investigaci\u00f3n e Innovaci\u00f3n Escolar inici\u00f3 trabajo con docentes seleccionados"},"content":{"rendered":"<p>[vc_row][vc_column][vc_column_text]<\/p>\n<ul>\n<li>M\u00e1s de 500 estudiantes, de 20 comunas de todas las provincias de la regi\u00f3n, efectuar\u00e1n trabajos en ciencias sociales, ciencias naturales y medio ambiente.<\/li>\n<\/ul>\n<p>La totalidad de docentes seleccionados para participar con sus equipos en el <strong>Programa de Investigaci\u00f3n e Innovaci\u00f3n Escolar<\/strong> (<strong>IIE)<\/strong> del Proyecto Asociativo Regional Explora Los Lagos, del ministerio de Ciencia, Tecnolog\u00eda, Conocimiento e Innovaci\u00f3n, ejecutado por la universidad Austral de Chile Sede Puerto Montt, particip\u00f3 en la reuni\u00f3n virtual de inducci\u00f3n, para conocer los detalles del desarrollo de la iniciativa durante los pr\u00f3ximos meses.<\/p>\n<p>Como el hito previo al lanzamiento, que se realizar\u00e1 a fin de mes y en el que participan adem\u00e1s estudiantes que representan a sus equipos de investigaci\u00f3n, ayer las y los docentes seleccionados y la directora y profesionales del PAR Explora Los Lagos revisaron detalles operativos del programa IIE, para el buen desarrollo de la experiencia de esta iniciativa.<\/p>\n<p>Gabriela Navarro Manzanal, directora del PAR Explora Los Lagos, dio la bienvenida a las profesoras y profesores de los 36 equipos que forman parte de la iniciativa. \u201cEs muy satisfactorio para nuestro proyecto ver caras de docentes que ya han participado en a\u00f1os anteriores, pero tambi\u00e9n nos inyecta energ\u00eda saber que se incorporan nuevas y nuevos docentes y establecimientos, porque la idea es que, cada vez m\u00e1s comunidades educativas aprovechen espacios que buscan promover la socializaci\u00f3n del conocimiento y el desarrollo de competencias en diferentes \u00e1reas del conocimiento, la tecnolog\u00eda y la innovaci\u00f3n\u201d, coment\u00f3.<\/p>\n<p>En la oportunidad adem\u00e1s Carolina Martin Bohle, Tecn\u00f3loga M\u00e9dica, Magister en Ciencias menci\u00f3n Ciencias, Doctorado en Cs. Menci\u00f3n Biolog\u00eda Celular y Molecular, Diplomado en \u00c9tica de la Investigaci\u00f3n, realiz\u00f3 una presentaci\u00f3n de las Normativas de Seguridad y Bio\u00e9tica, ya que son aspectos que deben tener en cuenta los equipos al realizar los trabajos de investigaci\u00f3n o innovaci\u00f3n. \u201cEs muy importante que quienes participan de los trabajos del Programa IIE conozcan la normativa que se aplica en estos casos porque el prop\u00f3sito es resguardar el bienestar de todos los sujetos que participar\u00e1n de la investigaci\u00f3n\u201d, explic\u00f3 la profesional.<\/p>\n<p><strong>IIE 2024<\/strong><\/p>\n<p>El <strong>Programa de Investigaci\u00f3n e Innovaci\u00f3n Escolar (IIE) 2024<\/strong> contar\u00e1 en con <strong>36 equipos<\/strong> y un total de <strong>591 estudiantes<\/strong>, quienes junto a <strong>36 profesoras y profesores<\/strong>, realizar\u00e1n trabajos de investigaci\u00f3n y\/o innovaci\u00f3n en ciencias naturales, ciencias sociales y medio ambiente en <strong>20 comunas<\/strong> de la regi\u00f3n de Los Lagos: Puyehue, Puerto Octay, San Juan de la Costa, Osorno, Llanquihue, Puerto Varas, Puerto Montt, Calbuco, Maull\u00edn, Los Muermos, Chait\u00e9n, Palena, Futaleuf\u00fa, Puqueld\u00f3n, Castro, Ancud, Dalcahue, Quinchao, Chonchi y Quell\u00f3n.<\/p>\n<p>[\/vc_column_text][\/vc_column][\/vc_row]<\/p>\n","protected":false},"excerpt":{"rendered":"<p>Revisa detalles aqu\u00ed<\/p>\n","protected":false},"author":36,"featured_media":41536,"comment_status":"open","ping_status":"open","sticky":false,"template":"","format":"standard","meta":{"_acf_changed":false,"_exactmetrics_skip_tracking":false,"_exactmetrics_sitenote_active":false,"_exactmetrics_sitenote_note":"","_exactmetrics_sitenote_category":0,"footnotes":"","_links_to":"","_links_to_target":""},"categories":[151,4],"tags":[527,338,532,332],"class_list":["post-41533","post","type-post","status-publish","format-standard","has-post-thumbnail","hentry","category-banner","category-noticias","tag-iie-2024","tag-investigacion-e-innovacion-escolar","tag-normas-de-bioetica","tag-uach-sede-puerto-montt"],"acf":[],"yoast_head":"<!-- This site is optimized with the Yoast SEO plugin v26.7 - https:\/\/yoast.com\/wordpress\/plugins\/seo\/ -->\n<title>Programa de Investigaci\u00f3n e Innovaci\u00f3n Escolar inici\u00f3 trabajo con docentes seleccionados - Los Lagos<\/title>\n<meta name=\"robots\" content=\"index, follow, max-snippet:-1, max-image-preview:large, max-video-preview:-1\" \/>\n<link rel=\"canonical\" href=\"https:\/\/dev.explora.cl\/lagos\/programa-de-investigacion-e-innovacion-escolar-inicio-trabajo-con-docentes-seleccionados\/\" class=\"yoast-seo-meta-tag\" \/>\n<meta property=\"og:locale\" content=\"es_ES\" class=\"yoast-seo-meta-tag\" \/>\n<meta property=\"og:type\" content=\"article\" class=\"yoast-seo-meta-tag\" \/>\n<meta property=\"og:title\" content=\"Programa de Investigaci\u00f3n e Innovaci\u00f3n Escolar inici\u00f3 trabajo con docentes seleccionados - Los Lagos\" class=\"yoast-seo-meta-tag\" \/>\n<meta property=\"og:description\" content=\"Revisa detalles aqu\u00ed\" class=\"yoast-seo-meta-tag\" \/>\n<meta property=\"og:url\" content=\"https:\/\/dev.explora.cl\/lagos\/programa-de-investigacion-e-innovacion-escolar-inicio-trabajo-con-docentes-seleccionados\/\" class=\"yoast-seo-meta-tag\" \/>\n<meta property=\"og:site_name\" content=\"Los Lagos\" class=\"yoast-seo-meta-tag\" \/>\n<meta property=\"article:published_time\" content=\"2024-04-23T16:28:07+00:00\" class=\"yoast-seo-meta-tag\" \/>\n<meta property=\"article:modified_time\" content=\"2024-06-06T15:23:21+00:00\" class=\"yoast-seo-meta-tag\" \/>\n<meta property=\"og:image\" content=\"https:\/\/dev.explora.cl\/lagos\/wp-content\/uploads\/sites\/17\/2024\/04\/Collage-IIE_inducci\u00f3n-17-4-2024-1024x585.jpg\" class=\"yoast-seo-meta-tag\" \/>\n\t<meta property=\"og:image:width\" content=\"1024\" class=\"yoast-seo-meta-tag\" \/>\n\t<meta property=\"og:image:height\" content=\"585\" class=\"yoast-seo-meta-tag\" \/>\n\t<meta property=\"og:image:type\" content=\"image\/jpeg\" class=\"yoast-seo-meta-tag\" \/>\n<meta name=\"author\" content=\"jvargas\" class=\"yoast-seo-meta-tag\" \/>\n<meta name=\"twitter:card\" content=\"summary_large_image\" class=\"yoast-seo-meta-tag\" \/>\n<meta name=\"twitter:label1\" content=\"Escrito por\" class=\"yoast-seo-meta-tag\" \/>\n\t<meta name=\"twitter:data1\" content=\"jvargas\" class=\"yoast-seo-meta-tag\" \/>\n\t<meta name=\"twitter:label2\" content=\"Tiempo de lectura\" class=\"yoast-seo-meta-tag\" \/>\n\t<meta name=\"twitter:data2\" content=\"2 minutos\" class=\"yoast-seo-meta-tag\" \/>\n<script type=\"application\/ld+json\" class=\"yoast-schema-graph\">{\"@context\":\"https:\/\/schema.org\",\"@graph\":[{\"@type\":\"Article\",\"@id\":\"https:\/\/dev.explora.cl\/lagos\/programa-de-investigacion-e-innovacion-escolar-inicio-trabajo-con-docentes-seleccionados\/#article\",\"isPartOf\":{\"@id\":\"https:\/\/dev.explora.cl\/lagos\/programa-de-investigacion-e-innovacion-escolar-inicio-trabajo-con-docentes-seleccionados\/\"},\"author\":{\"name\":\"jvargas\",\"@id\":\"https:\/\/dev.explora.cl\/lagos\/#\/schema\/person\/6608d3ee9ea0b0daeaf12289528fc582\"},\"headline\":\"Programa de Investigaci\u00f3n e Innovaci\u00f3n Escolar inici\u00f3 trabajo con docentes seleccionados\",\"datePublished\":\"2024-04-23T16:28:07+00:00\",\"dateModified\":\"2024-06-06T15:23:21+00:00\",\"mainEntityOfPage\":{\"@id\":\"https:\/\/dev.explora.cl\/lagos\/programa-de-investigacion-e-innovacion-escolar-inicio-trabajo-con-docentes-seleccionados\/\"},\"wordCount\":481,\"commentCount\":0,\"image\":{\"@id\":\"https:\/\/dev.explora.cl\/lagos\/programa-de-investigacion-e-innovacion-escolar-inicio-trabajo-con-docentes-seleccionados\/#primaryimage\"},\"thumbnailUrl\":\"https:\/\/dev.explora.cl\/lagos\/wp-content\/uploads\/sites\/17\/2024\/04\/Collage-IIE_inducci\u00f3n-17-4-2024.jpg\",\"keywords\":[\"IIE 2024\",\"Investigaci\u00f3n e Innovaci\u00f3n Escolar\",\"Normas de Bio\u00e9tica\",\"UACh Sede Puerto Montt\"],\"articleSection\":[\"Banner\",\"Noticias\"],\"inLanguage\":\"es\",\"potentialAction\":[{\"@type\":\"CommentAction\",\"name\":\"Comment\",\"target\":[\"https:\/\/dev.explora.cl\/lagos\/programa-de-investigacion-e-innovacion-escolar-inicio-trabajo-con-docentes-seleccionados\/#respond\"]}]},{\"@type\":\"WebPage\",\"@id\":\"https:\/\/dev.explora.cl\/lagos\/programa-de-investigacion-e-innovacion-escolar-inicio-trabajo-con-docentes-seleccionados\/\",\"url\":\"https:\/\/dev.explora.cl\/lagos\/programa-de-investigacion-e-innovacion-escolar-inicio-trabajo-con-docentes-seleccionados\/\",\"name\":\"Programa de Investigaci\u00f3n e Innovaci\u00f3n Escolar inici\u00f3 trabajo con docentes seleccionados - Los Lagos\",\"isPartOf\":{\"@id\":\"https:\/\/dev.explora.cl\/lagos\/#website\"},\"primaryImageOfPage\":{\"@id\":\"https:\/\/dev.explora.cl\/lagos\/programa-de-investigacion-e-innovacion-escolar-inicio-trabajo-con-docentes-seleccionados\/#primaryimage\"},\"image\":{\"@id\":\"https:\/\/dev.explora.cl\/lagos\/programa-de-investigacion-e-innovacion-escolar-inicio-trabajo-con-docentes-seleccionados\/#primaryimage\"},\"thumbnailUrl\":\"https:\/\/dev.explora.cl\/lagos\/wp-content\/uploads\/sites\/17\/2024\/04\/Collage-IIE_inducci\u00f3n-17-4-2024.jpg\",\"datePublished\":\"2024-04-23T16:28:07+00:00\",\"dateModified\":\"2024-06-06T15:23:21+00:00\",\"author\":{\"@id\":\"https:\/\/dev.explora.cl\/lagos\/#\/schema\/person\/6608d3ee9ea0b0daeaf12289528fc582\"},\"breadcrumb\":{\"@id\":\"https:\/\/dev.explora.cl\/lagos\/programa-de-investigacion-e-innovacion-escolar-inicio-trabajo-con-docentes-seleccionados\/#breadcrumb\"},\"inLanguage\":\"es\",\"potentialAction\":[{\"@type\":\"ReadAction\",\"target\":[\"https:\/\/dev.explora.cl\/lagos\/programa-de-investigacion-e-innovacion-escolar-inicio-trabajo-con-docentes-seleccionados\/\"]}]},{\"@type\":\"ImageObject\",\"inLanguage\":\"es\",\"@id\":\"https:\/\/dev.explora.cl\/lagos\/programa-de-investigacion-e-innovacion-escolar-inicio-trabajo-con-docentes-seleccionados\/#primaryimage\",\"url\":\"https:\/\/dev.explora.cl\/lagos\/wp-content\/uploads\/sites\/17\/2024\/04\/Collage-IIE_inducci\u00f3n-17-4-2024.jpg\",\"contentUrl\":\"https:\/\/dev.explora.cl\/lagos\/wp-content\/uploads\/sites\/17\/2024\/04\/Collage-IIE_inducci\u00f3n-17-4-2024.jpg\",\"width\":3069,\"height\":1754},{\"@type\":\"BreadcrumbList\",\"@id\":\"https:\/\/dev.explora.cl\/lagos\/programa-de-investigacion-e-innovacion-escolar-inicio-trabajo-con-docentes-seleccionados\/#breadcrumb\",\"itemListElement\":[{\"@type\":\"ListItem\",\"position\":1,\"name\":\"Portada\",\"item\":\"https:\/\/dev.explora.cl\/lagos\/\"},{\"@type\":\"ListItem\",\"position\":2,\"name\":\"Programa de Investigaci\u00f3n e Innovaci\u00f3n Escolar inici\u00f3 trabajo con docentes seleccionados\"}]},{\"@type\":\"WebSite\",\"@id\":\"https:\/\/dev.explora.cl\/lagos\/#website\",\"url\":\"https:\/\/dev.explora.cl\/lagos\/\",\"name\":\"Los Lagos\",\"description\":\"Otro sitio m\u00e1s de dev.explora.cl\",\"potentialAction\":[{\"@type\":\"SearchAction\",\"target\":{\"@type\":\"EntryPoint\",\"urlTemplate\":\"https:\/\/dev.explora.cl\/lagos\/?s={search_term_string}\"},\"query-input\":{\"@type\":\"PropertyValueSpecification\",\"valueRequired\":true,\"valueName\":\"search_term_string\"}}],\"inLanguage\":\"es\"},{\"@type\":\"Person\",\"@id\":\"https:\/\/dev.explora.cl\/lagos\/#\/schema\/person\/6608d3ee9ea0b0daeaf12289528fc582\",\"name\":\"jvargas\",\"image\":{\"@type\":\"ImageObject\",\"inLanguage\":\"es\",\"@id\":\"https:\/\/dev.explora.cl\/lagos\/#\/schema\/person\/image\/\",\"url\":\"https:\/\/secure.gravatar.com\/avatar\/8a6892fbfb002ef173a244b534b4bbcea4c183fc3fbf7732e64ac89b1d22d482?s=96&d=mm&r=g\",\"contentUrl\":\"https:\/\/secure.gravatar.com\/avatar\/8a6892fbfb002ef173a244b534b4bbcea4c183fc3fbf7732e64ac89b1d22d482?s=96&d=mm&r=g\",\"caption\":\"jvargas\"},\"url\":\"https:\/\/dev.explora.cl\/lagos\/author\/jvargas\/\"}]}<\/script>\n<!-- \/ Yoast SEO plugin. -->","yoast_head_json":{"title":"Programa de Investigaci\u00f3n e Innovaci\u00f3n Escolar inici\u00f3 trabajo con docentes seleccionados - Los Lagos","robots":{"index":"index","follow":"follow","max-snippet":"max-snippet:-1","max-image-preview":"max-image-preview:large","max-video-preview":"max-video-preview:-1"},"canonical":"https:\/\/dev.explora.cl\/lagos\/programa-de-investigacion-e-innovacion-escolar-inicio-trabajo-con-docentes-seleccionados\/","og_locale":"es_ES","og_type":"article","og_title":"Programa de Investigaci\u00f3n e Innovaci\u00f3n Escolar inici\u00f3 trabajo con docentes seleccionados - Los Lagos","og_description":"Revisa detalles aqu\u00ed","og_url":"https:\/\/dev.explora.cl\/lagos\/programa-de-investigacion-e-innovacion-escolar-inicio-trabajo-con-docentes-seleccionados\/","og_site_name":"Los Lagos","article_published_time":"2024-04-23T16:28:07+00:00","article_modified_time":"2024-06-06T15:23:21+00:00","og_image":[{"width":1024,"height":585,"url":"https:\/\/dev.explora.cl\/lagos\/wp-content\/uploads\/sites\/17\/2024\/04\/Collage-IIE_inducci\u00f3n-17-4-2024-1024x585.jpg","type":"image\/jpeg"}],"author":"jvargas","twitter_card":"summary_large_image","twitter_misc":{"Escrito por":"jvargas","Tiempo de lectura":"2 minutos"},"schema":{"@context":"https:\/\/schema.org","@graph":[{"@type":"Article","@id":"https:\/\/dev.explora.cl\/lagos\/programa-de-investigacion-e-innovacion-escolar-inicio-trabajo-con-docentes-seleccionados\/#article","isPartOf":{"@id":"https:\/\/dev.explora.cl\/lagos\/programa-de-investigacion-e-innovacion-escolar-inicio-trabajo-con-docentes-seleccionados\/"},"author":{"name":"jvargas","@id":"https:\/\/dev.explora.cl\/lagos\/#\/schema\/person\/6608d3ee9ea0b0daeaf12289528fc582"},"headline":"Programa de Investigaci\u00f3n e Innovaci\u00f3n Escolar inici\u00f3 trabajo con docentes seleccionados","datePublished":"2024-04-23T16:28:07+00:00","dateModified":"2024-06-06T15:23:21+00:00","mainEntityOfPage":{"@id":"https:\/\/dev.explora.cl\/lagos\/programa-de-investigacion-e-innovacion-escolar-inicio-trabajo-con-docentes-seleccionados\/"},"wordCount":481,"commentCount":0,"image":{"@id":"https:\/\/dev.explora.cl\/lagos\/programa-de-investigacion-e-innovacion-escolar-inicio-trabajo-con-docentes-seleccionados\/#primaryimage"},"thumbnailUrl":"https:\/\/dev.explora.cl\/lagos\/wp-content\/uploads\/sites\/17\/2024\/04\/Collage-IIE_inducci\u00f3n-17-4-2024.jpg","keywords":["IIE 2024","Investigaci\u00f3n e Innovaci\u00f3n Escolar","Normas de Bio\u00e9tica","UACh Sede Puerto Montt"],"articleSection":["Banner","Noticias"],"inLanguage":"es","potentialAction":[{"@type":"CommentAction","name":"Comment","target":["https:\/\/dev.explora.cl\/lagos\/programa-de-investigacion-e-innovacion-escolar-inicio-trabajo-con-docentes-seleccionados\/#respond"]}]},{"@type":"WebPage","@id":"https:\/\/dev.explora.cl\/lagos\/programa-de-investigacion-e-innovacion-escolar-inicio-trabajo-con-docentes-seleccionados\/","url":"https:\/\/dev.explora.cl\/lagos\/programa-de-investigacion-e-innovacion-escolar-inicio-trabajo-con-docentes-seleccionados\/","name":"Programa de Investigaci\u00f3n e Innovaci\u00f3n Escolar inici\u00f3 trabajo con docentes seleccionados - Los Lagos","isPartOf":{"@id":"https:\/\/dev.explora.cl\/lagos\/#website"},"primaryImageOfPage":{"@id":"https:\/\/dev.explora.cl\/lagos\/programa-de-investigacion-e-innovacion-escolar-inicio-trabajo-con-docentes-seleccionados\/#primaryimage"},"image":{"@id":"https:\/\/dev.explora.cl\/lagos\/programa-de-investigacion-e-innovacion-escolar-inicio-trabajo-con-docentes-seleccionados\/#primaryimage"},"thumbnailUrl":"https:\/\/dev.explora.cl\/lagos\/wp-content\/uploads\/sites\/17\/2024\/04\/Collage-IIE_inducci\u00f3n-17-4-2024.jpg","datePublished":"2024-04-23T16:28:07+00:00","dateModified":"2024-06-06T15:23:21+00:00","author":{"@id":"https:\/\/dev.explora.cl\/lagos\/#\/schema\/person\/6608d3ee9ea0b0daeaf12289528fc582"},"breadcrumb":{"@id":"https:\/\/dev.explora.cl\/lagos\/programa-de-investigacion-e-innovacion-escolar-inicio-trabajo-con-docentes-seleccionados\/#breadcrumb"},"inLanguage":"es","potentialAction":[{"@type":"ReadAction","target":["https:\/\/dev.explora.cl\/lagos\/programa-de-investigacion-e-innovacion-escolar-inicio-trabajo-con-docentes-seleccionados\/"]}]},{"@type":"ImageObject","inLanguage":"es","@id":"https:\/\/dev.explora.cl\/lagos\/programa-de-investigacion-e-innovacion-escolar-inicio-trabajo-con-docentes-seleccionados\/#primaryimage","url":"https:\/\/dev.explora.cl\/lagos\/wp-content\/uploads\/sites\/17\/2024\/04\/Collage-IIE_inducci\u00f3n-17-4-2024.jpg","contentUrl":"https:\/\/dev.explora.cl\/lagos\/wp-content\/uploads\/sites\/17\/2024\/04\/Collage-IIE_inducci\u00f3n-17-4-2024.jpg","width":3069,"height":1754},{"@type":"BreadcrumbList","@id":"https:\/\/dev.explora.cl\/lagos\/programa-de-investigacion-e-innovacion-escolar-inicio-trabajo-con-docentes-seleccionados\/#breadcrumb","itemListElement":[{"@type":"ListItem","position":1,"name":"Portada","item":"https:\/\/dev.explora.cl\/lagos\/"},{"@type":"ListItem","position":2,"name":"Programa de Investigaci\u00f3n e Innovaci\u00f3n Escolar inici\u00f3 trabajo con docentes seleccionados"}]},{"@type":"WebSite","@id":"https:\/\/dev.explora.cl\/lagos\/#website","url":"https:\/\/dev.explora.cl\/lagos\/","name":"Los Lagos","description":"Otro sitio m\u00e1s de dev.explora.cl","potentialAction":[{"@type":"SearchAction","target":{"@type":"EntryPoint","urlTemplate":"https:\/\/dev.explora.cl\/lagos\/?s={search_term_string}"},"query-input":{"@type":"PropertyValueSpecification","valueRequired":true,"valueName":"search_term_string"}}],"inLanguage":"es"},{"@type":"Person","@id":"https:\/\/dev.explora.cl\/lagos\/#\/schema\/person\/6608d3ee9ea0b0daeaf12289528fc582","name":"jvargas","image":{"@type":"ImageObject","inLanguage":"es","@id":"https:\/\/dev.explora.cl\/lagos\/#\/schema\/person\/image\/","url":"https:\/\/secure.gravatar.com\/avatar\/8a6892fbfb002ef173a244b534b4bbcea4c183fc3fbf7732e64ac89b1d22d482?s=96&d=mm&r=g","contentUrl":"https:\/\/secure.gravatar.com\/avatar\/8a6892fbfb002ef173a244b534b4bbcea4c183fc3fbf7732e64ac89b1d22d482?s=96&d=mm&r=g","caption":"jvargas"},"url":"https:\/\/dev.explora.cl\/lagos\/author\/jvargas\/"}]}},"_links":{"self":[{"href":"https:\/\/dev.explora.cl\/lagos\/wp-json\/wp\/v2\/posts\/41533","targetHints":{"allow":["GET"]}}],"collection":[{"href":"https:\/\/dev.explora.cl\/lagos\/wp-json\/wp\/v2\/posts"}],"about":[{"href":"https:\/\/dev.explora.cl\/lagos\/wp-json\/wp\/v2\/types\/post"}],"author":[{"embeddable":true,"href":"https:\/\/dev.explora.cl\/lagos\/wp-json\/wp\/v2\/users\/36"}],"replies":[{"embeddable":true,"href":"https:\/\/dev.explora.cl\/lagos\/wp-json\/wp\/v2\/comments?post=41533"}],"version-history":[{"count":2,"href":"https:\/\/dev.explora.cl\/lagos\/wp-json\/wp\/v2\/posts\/41533\/revisions"}],"predecessor-version":[{"id":41535,"href":"https:\/\/dev.explora.cl\/lagos\/wp-json\/wp\/v2\/posts\/41533\/revisions\/41535"}],"wp:featuredmedia":[{"embeddable":true,"href":"https:\/\/dev.explora.cl\/lagos\/wp-json\/wp\/v2\/media\/41536"}],"wp:attachment":[{"href":"https:\/\/dev.explora.cl\/lagos\/wp-json\/wp\/v2\/media?parent=41533"}],"wp:term":[{"taxonomy":"category","embeddable":true,"href":"https:\/\/dev.explora.cl\/lagos\/wp-json\/wp\/v2\/categories?post=41533"},{"taxonomy":"post_tag","embeddable":true,"href":"https:\/\/dev.explora.cl\/lagos\/wp-json\/wp\/v2\/tags?post=41533"}],"curies":[{"name":"wp","href":"https:\/\/api.w.org\/{rel}","templated":true}]}}