{"id":41490,"date":"2024-04-08T16:36:12","date_gmt":"2024-04-08T20:36:12","guid":{"rendered":"https:\/\/dev.explora.cl\/lagos\/?p=41490"},"modified":"2024-09-24T15:50:57","modified_gmt":"2024-09-24T18:50:57","slug":"seleccionados-iie-2024","status":"publish","type":"post","link":"https:\/\/dev.explora.cl\/lagos\/seleccionados-iie-2024\/","title":{"rendered":"Seleccionados IIE 2024"},"content":{"rendered":"<p>[vc_row][vc_column][vc_column_text]El PAR Explora Los Lagos informa los establecimientos y docentes seleccionados para el Programa de Investigaci\u00f3n e Innovaci\u00f3n Escolar (IIE) 2024.<\/p>\n<p>En esta edici\u00f3n de IIE participar\u00e1n equipos de 20 comunas, de todas las provincias de la regi\u00f3n: Osorno, San Juan de la Costa, Puyehue, Puerto Octay, Llanquihue, Puerto Varas, Los Muermos, Puerto Montt, Maull\u00edn, Calbuco, Ancud, Dalcahue, Quinchao, Castro, Chonchi, Puqueld\u00f3n, Quell\u00f3n, Chait\u00e9n, Futaleuf\u00fa y Palena.<\/p>\n<p><strong>Las y los docentes seleccionados recibir\u00e1n carta de notificaci\u00f3n, v\u00eda correo electr\u00f3nico, durante la jornada<\/strong>.<\/p>\n<table width=\"751\">\n<tbody>\n<tr>\n<td width=\"361\">Establecimiento Educacional<\/td>\n<td width=\"142\">Comuna<\/td>\n<td width=\"248\">Nombre del Docente<\/td>\n<\/tr>\n<tr>\n<td width=\"361\">Colegio Bicentenario de Difusi\u00f3n Art\u00edstica Los Ulmos<\/td>\n<td width=\"142\">Los Muermos<\/td>\n<td width=\"248\">Jos\u00e9 De Los Cobos Alonso<\/td>\n<\/tr>\n<tr>\n<td width=\"361\">Colegio Mirador Del Lago<\/td>\n<td width=\"142\">Puerto Varas<\/td>\n<td width=\"248\">Antonio Vera C\u00e1rdenas<\/td>\n<\/tr>\n<tr>\n<td width=\"361\">Escuela B\u00e1sica Dalcahue<\/td>\n<td width=\"142\">Dalcahue<\/td>\n<td width=\"248\">Margarita Barria Oyarzun<\/td>\n<\/tr>\n<tr>\n<td width=\"361\">Escuela B\u00e1sica Santa In\u00e9s<\/td>\n<td width=\"142\">Puerto Montt<\/td>\n<td width=\"248\">Alejandra Rain Rain<\/td>\n<\/tr>\n<tr>\n<td width=\"361\">Escuela B\u00e1sica Santa In\u00e9s<\/td>\n<td width=\"142\">Puerto Montt<\/td>\n<td width=\"248\">Paulina Sobarzo Riveras<\/td>\n<\/tr>\n<tr>\n<td width=\"361\">Escuela Dorila \u00c1guila Aguilar<\/td>\n<td width=\"142\">Maull\u00edn<\/td>\n<td width=\"248\">Carmen Hern\u00e1ndez Alvarado<\/td>\n<\/tr>\n<tr>\n<td width=\"361\">Escuela Jos\u00e9 Manuel Balmaceda<\/td>\n<td width=\"142\">Calbuco<\/td>\n<td width=\"248\">Mar\u00eda Ruiz Guerrero<\/td>\n<\/tr>\n<tr>\n<td width=\"361\">Escuela Luis Uribe Diaz<\/td>\n<td width=\"142\">Castro<\/td>\n<td width=\"248\">Katherine Mu\u00f1oz Haro<\/td>\n<\/tr>\n<tr>\n<td width=\"361\">Escuela Rotario Pedro Avelino Bravo<\/td>\n<td width=\"142\">Puerto Montt<\/td>\n<td width=\"248\">Francis Jipoulou Ruiz<\/td>\n<\/tr>\n<tr>\n<td width=\"361\">Escuela Rural Bah\u00eda Mansa<\/td>\n<td width=\"142\">San Juan de la Costa<\/td>\n<td width=\"248\">Jenny Ovando Crist\u00f3bal<\/td>\n<\/tr>\n<tr>\n<td width=\"361\">Escuela Rural Colegual<\/td>\n<td width=\"142\">Llanquihue<\/td>\n<td width=\"248\">Paz Oyarz\u00fan Mu\u00f1oz<\/td>\n<\/tr>\n<tr>\n<td width=\"361\">Escuela Rural De Quilquico<\/td>\n<td width=\"142\">Castro<\/td>\n<td width=\"248\">Mabelyne Oyarzo Valdivia<\/td>\n<\/tr>\n<tr>\n<td width=\"361\">Escuela Rural Detif<\/td>\n<td width=\"142\">Puqueld\u00f3n<\/td>\n<td width=\"248\">Isabel Reyes Gonz\u00e1lez<\/td>\n<\/tr>\n<tr>\n<td width=\"361\">Escuela Rural El Islote Rupanco<\/td>\n<td width=\"142\">Puerto Octay<\/td>\n<td width=\"248\">Yasna Ramos Lienlaf<\/td>\n<\/tr>\n<tr>\n<td width=\"361\">Escuela Rural El Islote Rupanco<\/td>\n<td width=\"142\">Puerto Octay<\/td>\n<td width=\"248\">Fresia N\u00fa\u00f1ez Villarroel<\/td>\n<\/tr>\n<tr>\n<td width=\"361\">Escuela Rural El Palomar<\/td>\n<td width=\"142\">Ancud<\/td>\n<td width=\"248\">Alejandra Campos Antecao<\/td>\n<\/tr>\n<tr>\n<td width=\"361\">Escuela Rural El Rosario Calbuco<\/td>\n<td width=\"142\">Calbuco<\/td>\n<td width=\"248\">Ivonne Vel\u00e1squez Y\u00e1\u00f1ez<\/td>\n<\/tr>\n<tr>\n<td width=\"361\">Escuela Rural Hueque<\/td>\n<td width=\"142\">Chait\u00e9n<\/td>\n<td width=\"248\">Cecilia Montecinos Ulloa<\/td>\n<\/tr>\n<tr>\n<td width=\"361\">Escuela Rural La Cascada<\/td>\n<td width=\"142\">Palena<\/td>\n<td width=\"248\">Ana Mancilla Cea<\/td>\n<\/tr>\n<tr>\n<td width=\"361\">Escuela Rural Las Cascadas<\/td>\n<td width=\"142\">Puerto Octay<\/td>\n<td width=\"248\">Mar\u00eda Francisca Fern\u00e1ndez Gajardo<\/td>\n<\/tr>\n<tr>\n<td width=\"361\">Escuela Rural Las Escalas<\/td>\n<td width=\"142\">Futaleuf\u00fa<\/td>\n<td width=\"248\">Alejandra Soto Seguel<\/td>\n<\/tr>\n<tr>\n<td width=\"361\">Escuela Rural Los \u00c1ngeles<\/td>\n<td width=\"142\">Castro<\/td>\n<td width=\"248\">Norma Bustos Lara<\/td>\n<\/tr>\n<tr>\n<td width=\"361\">Escuela Rural Puten\u00edo<\/td>\n<td width=\"142\">Calbuco<\/td>\n<td width=\"248\">Claudia N\u00fa\u00f1ez Ag\u00fcero<\/td>\n<\/tr>\n<tr>\n<td width=\"361\">Escuela Rural San Jos\u00e9<\/td>\n<td width=\"142\">Calbuco<\/td>\n<td width=\"248\">Cecilia Torres Gonz\u00e1lez<\/td>\n<\/tr>\n<tr>\n<td width=\"361\">Instituto Bicentenario de Excelencia Comercial Osorno.<\/td>\n<td width=\"142\">Osorno<\/td>\n<td width=\"248\">Javier Figueroa Elgueta<\/td>\n<\/tr>\n<tr>\n<td width=\"361\">Liceo Bicentenario Insular Achao<\/td>\n<td width=\"142\">Quinchao<\/td>\n<td width=\"248\">Claudia Oyarz\u00fan Hormaz\u00e1bal<\/td>\n<\/tr>\n<tr>\n<td width=\"361\">Liceo Bicentenario Manuel Jes\u00fas Andrade B\u00f3rquez<\/td>\n<td width=\"142\">Chonchi<\/td>\n<td width=\"248\">Fernando Cheuquepil Chiguay<\/td>\n<\/tr>\n<tr>\n<td width=\"361\">Liceo Bicentenario Paulo Freire<\/td>\n<td width=\"142\">Quell\u00f3n<\/td>\n<td width=\"248\">Eduardo Olivares Contreras<\/td>\n<\/tr>\n<tr>\n<td width=\"361\">Liceo Bicentenario Polit\u00e9cnico Holanda<\/td>\n<td width=\"142\">Llanquihue<\/td>\n<td width=\"248\">Juan Cort\u00e9s Almonacid<\/td>\n<\/tr>\n<tr>\n<td width=\"361\">Liceo Bicentenario Polit\u00e9cnico Holanda<\/td>\n<td width=\"142\">Llanquihue<\/td>\n<td width=\"248\">Elizabeth Albornoz Paredes<\/td>\n<\/tr>\n<tr>\n<td width=\"361\">Liceo Francisco Vidal Gormaz De Maull\u00edn<\/td>\n<td width=\"142\">Maull\u00edn<\/td>\n<td width=\"248\">Sisilia Ferreira Gonz\u00e1lez<\/td>\n<\/tr>\n<tr>\n<td width=\"361\">Liceo Las Am\u00e9ricas<\/td>\n<td width=\"142\">Puyehue<\/td>\n<td width=\"248\">Pablo Alvarado N\u00fa\u00f1ez<\/td>\n<\/tr>\n<tr>\n<td width=\"361\">Liceo Peninsular Ayacara<\/td>\n<td width=\"142\">Chait\u00e9n<\/td>\n<td width=\"248\">Paula Schocken Becerra<\/td>\n<\/tr>\n<tr>\n<td width=\"361\">Liceo Peninsular Ayacara<\/td>\n<td width=\"142\">Chait\u00e9n<\/td>\n<td width=\"248\">Galo Gallardo Contreras<\/td>\n<\/tr>\n<tr>\n<td width=\"361\">Liceo Polit\u00e9cnico de Calbuco<\/td>\n<td width=\"142\">Calbuco<\/td>\n<td width=\"248\">Victoria Villarroel Rosas<\/td>\n<\/tr>\n<tr>\n<td width=\"361\">Liceo Polit\u00e9cnico de Calbuco<\/td>\n<td width=\"142\">Calbuco<\/td>\n<td width=\"248\">Judith Navarro Silva<\/td>\n<\/tr>\n<\/tbody>\n<\/table>\n<p>[\/vc_column_text][\/vc_column][\/vc_row]<\/p>\n","protected":false},"excerpt":{"rendered":"<p>Aqu\u00ed, n\u00f3mina de establecimientos seleccionados.<\/p>\n","protected":false},"author":36,"featured_media":41494,"comment_status":"open","ping_status":"open","sticky":false,"template":"","format":"standard","meta":{"_acf_changed":false,"_exactmetrics_skip_tracking":false,"_exactmetrics_sitenote_active":false,"_exactmetrics_sitenote_note":"","_exactmetrics_sitenote_category":0,"footnotes":"","_links_to":"","_links_to_target":""},"categories":[151,4],"tags":[526,527,338],"class_list":["post-41490","post","type-post","status-publish","format-standard","has-post-thumbnail","hentry","category-banner","category-noticias","tag-iie","tag-iie-2024","tag-investigacion-e-innovacion-escolar"],"acf":[],"yoast_head":"<!-- This site is optimized with the Yoast SEO plugin v26.7 - https:\/\/yoast.com\/wordpress\/plugins\/seo\/ -->\n<title>Seleccionados IIE 2024 - Los Lagos<\/title>\n<meta name=\"robots\" content=\"index, follow, max-snippet:-1, max-image-preview:large, max-video-preview:-1\" \/>\n<link rel=\"canonical\" href=\"https:\/\/dev.explora.cl\/lagos\/seleccionados-iie-2024\/\" class=\"yoast-seo-meta-tag\" \/>\n<meta property=\"og:locale\" content=\"es_ES\" class=\"yoast-seo-meta-tag\" \/>\n<meta property=\"og:type\" content=\"article\" class=\"yoast-seo-meta-tag\" \/>\n<meta property=\"og:title\" content=\"Seleccionados IIE 2024 - Los Lagos\" class=\"yoast-seo-meta-tag\" \/>\n<meta property=\"og:description\" content=\"Aqu\u00ed, n\u00f3mina de establecimientos seleccionados.\" class=\"yoast-seo-meta-tag\" \/>\n<meta property=\"og:url\" content=\"https:\/\/dev.explora.cl\/lagos\/seleccionados-iie-2024\/\" class=\"yoast-seo-meta-tag\" \/>\n<meta property=\"og:site_name\" content=\"Los Lagos\" class=\"yoast-seo-meta-tag\" \/>\n<meta property=\"article:published_time\" content=\"2024-04-08T20:36:12+00:00\" class=\"yoast-seo-meta-tag\" \/>\n<meta property=\"article:modified_time\" content=\"2024-09-24T18:50:57+00:00\" class=\"yoast-seo-meta-tag\" \/>\n<meta property=\"og:image\" content=\"https:\/\/dev.explora.cl\/lagos\/wp-content\/uploads\/sites\/17\/2024\/04\/BANNER-WEB-EXPLORA-IIE-SELEC-01-1024x585.jpg\" class=\"yoast-seo-meta-tag\" \/>\n\t<meta property=\"og:image:width\" content=\"1024\" class=\"yoast-seo-meta-tag\" \/>\n\t<meta property=\"og:image:height\" content=\"585\" class=\"yoast-seo-meta-tag\" \/>\n\t<meta property=\"og:image:type\" content=\"image\/jpeg\" class=\"yoast-seo-meta-tag\" \/>\n<meta name=\"author\" content=\"jvargas\" class=\"yoast-seo-meta-tag\" \/>\n<meta name=\"twitter:card\" content=\"summary_large_image\" class=\"yoast-seo-meta-tag\" \/>\n<meta name=\"twitter:label1\" content=\"Escrito por\" class=\"yoast-seo-meta-tag\" \/>\n\t<meta name=\"twitter:data1\" content=\"jvargas\" class=\"yoast-seo-meta-tag\" \/>\n\t<meta name=\"twitter:label2\" content=\"Tiempo de lectura\" class=\"yoast-seo-meta-tag\" \/>\n\t<meta name=\"twitter:data2\" content=\"3 minutos\" class=\"yoast-seo-meta-tag\" \/>\n<script type=\"application\/ld+json\" class=\"yoast-schema-graph\">{\"@context\":\"https:\/\/schema.org\",\"@graph\":[{\"@type\":\"Article\",\"@id\":\"https:\/\/dev.explora.cl\/lagos\/seleccionados-iie-2024\/#article\",\"isPartOf\":{\"@id\":\"https:\/\/dev.explora.cl\/lagos\/seleccionados-iie-2024\/\"},\"author\":{\"name\":\"jvargas\",\"@id\":\"https:\/\/dev.explora.cl\/lagos\/#\/schema\/person\/6608d3ee9ea0b0daeaf12289528fc582\"},\"headline\":\"Seleccionados IIE 2024\",\"datePublished\":\"2024-04-08T20:36:12+00:00\",\"dateModified\":\"2024-09-24T18:50:57+00:00\",\"mainEntityOfPage\":{\"@id\":\"https:\/\/dev.explora.cl\/lagos\/seleccionados-iie-2024\/\"},\"wordCount\":468,\"commentCount\":0,\"image\":{\"@id\":\"https:\/\/dev.explora.cl\/lagos\/seleccionados-iie-2024\/#primaryimage\"},\"thumbnailUrl\":\"https:\/\/dev.explora.cl\/lagos\/wp-content\/uploads\/sites\/17\/2024\/04\/BANNER-WEB-EXPLORA-IIE-SELEC-01.jpg\",\"keywords\":[\"IIE\",\"IIE 2024\",\"Investigaci\u00f3n e Innovaci\u00f3n Escolar\"],\"articleSection\":[\"Banner\",\"Noticias\"],\"inLanguage\":\"es\",\"potentialAction\":[{\"@type\":\"CommentAction\",\"name\":\"Comment\",\"target\":[\"https:\/\/dev.explora.cl\/lagos\/seleccionados-iie-2024\/#respond\"]}]},{\"@type\":\"WebPage\",\"@id\":\"https:\/\/dev.explora.cl\/lagos\/seleccionados-iie-2024\/\",\"url\":\"https:\/\/dev.explora.cl\/lagos\/seleccionados-iie-2024\/\",\"name\":\"Seleccionados IIE 2024 - Los Lagos\",\"isPartOf\":{\"@id\":\"https:\/\/dev.explora.cl\/lagos\/#website\"},\"primaryImageOfPage\":{\"@id\":\"https:\/\/dev.explora.cl\/lagos\/seleccionados-iie-2024\/#primaryimage\"},\"image\":{\"@id\":\"https:\/\/dev.explora.cl\/lagos\/seleccionados-iie-2024\/#primaryimage\"},\"thumbnailUrl\":\"https:\/\/dev.explora.cl\/lagos\/wp-content\/uploads\/sites\/17\/2024\/04\/BANNER-WEB-EXPLORA-IIE-SELEC-01.jpg\",\"datePublished\":\"2024-04-08T20:36:12+00:00\",\"dateModified\":\"2024-09-24T18:50:57+00:00\",\"author\":{\"@id\":\"https:\/\/dev.explora.cl\/lagos\/#\/schema\/person\/6608d3ee9ea0b0daeaf12289528fc582\"},\"breadcrumb\":{\"@id\":\"https:\/\/dev.explora.cl\/lagos\/seleccionados-iie-2024\/#breadcrumb\"},\"inLanguage\":\"es\",\"potentialAction\":[{\"@type\":\"ReadAction\",\"target\":[\"https:\/\/dev.explora.cl\/lagos\/seleccionados-iie-2024\/\"]}]},{\"@type\":\"ImageObject\",\"inLanguage\":\"es\",\"@id\":\"https:\/\/dev.explora.cl\/lagos\/seleccionados-iie-2024\/#primaryimage\",\"url\":\"https:\/\/dev.explora.cl\/lagos\/wp-content\/uploads\/sites\/17\/2024\/04\/BANNER-WEB-EXPLORA-IIE-SELEC-01.jpg\",\"contentUrl\":\"https:\/\/dev.explora.cl\/lagos\/wp-content\/uploads\/sites\/17\/2024\/04\/BANNER-WEB-EXPLORA-IIE-SELEC-01.jpg\",\"width\":3069,\"height\":1754},{\"@type\":\"BreadcrumbList\",\"@id\":\"https:\/\/dev.explora.cl\/lagos\/seleccionados-iie-2024\/#breadcrumb\",\"itemListElement\":[{\"@type\":\"ListItem\",\"position\":1,\"name\":\"Portada\",\"item\":\"https:\/\/dev.explora.cl\/lagos\/\"},{\"@type\":\"ListItem\",\"position\":2,\"name\":\"Seleccionados IIE 2024\"}]},{\"@type\":\"WebSite\",\"@id\":\"https:\/\/dev.explora.cl\/lagos\/#website\",\"url\":\"https:\/\/dev.explora.cl\/lagos\/\",\"name\":\"Los Lagos\",\"description\":\"Otro sitio m\u00e1s de dev.explora.cl\",\"potentialAction\":[{\"@type\":\"SearchAction\",\"target\":{\"@type\":\"EntryPoint\",\"urlTemplate\":\"https:\/\/dev.explora.cl\/lagos\/?s={search_term_string}\"},\"query-input\":{\"@type\":\"PropertyValueSpecification\",\"valueRequired\":true,\"valueName\":\"search_term_string\"}}],\"inLanguage\":\"es\"},{\"@type\":\"Person\",\"@id\":\"https:\/\/dev.explora.cl\/lagos\/#\/schema\/person\/6608d3ee9ea0b0daeaf12289528fc582\",\"name\":\"jvargas\",\"image\":{\"@type\":\"ImageObject\",\"inLanguage\":\"es\",\"@id\":\"https:\/\/dev.explora.cl\/lagos\/#\/schema\/person\/image\/\",\"url\":\"https:\/\/secure.gravatar.com\/avatar\/8a6892fbfb002ef173a244b534b4bbcea4c183fc3fbf7732e64ac89b1d22d482?s=96&d=mm&r=g\",\"contentUrl\":\"https:\/\/secure.gravatar.com\/avatar\/8a6892fbfb002ef173a244b534b4bbcea4c183fc3fbf7732e64ac89b1d22d482?s=96&d=mm&r=g\",\"caption\":\"jvargas\"},\"url\":\"https:\/\/dev.explora.cl\/lagos\/author\/jvargas\/\"}]}<\/script>\n<!-- \/ Yoast SEO plugin. -->","yoast_head_json":{"title":"Seleccionados IIE 2024 - Los Lagos","robots":{"index":"index","follow":"follow","max-snippet":"max-snippet:-1","max-image-preview":"max-image-preview:large","max-video-preview":"max-video-preview:-1"},"canonical":"https:\/\/dev.explora.cl\/lagos\/seleccionados-iie-2024\/","og_locale":"es_ES","og_type":"article","og_title":"Seleccionados IIE 2024 - Los Lagos","og_description":"Aqu\u00ed, n\u00f3mina de establecimientos seleccionados.","og_url":"https:\/\/dev.explora.cl\/lagos\/seleccionados-iie-2024\/","og_site_name":"Los Lagos","article_published_time":"2024-04-08T20:36:12+00:00","article_modified_time":"2024-09-24T18:50:57+00:00","og_image":[{"width":1024,"height":585,"url":"https:\/\/dev.explora.cl\/lagos\/wp-content\/uploads\/sites\/17\/2024\/04\/BANNER-WEB-EXPLORA-IIE-SELEC-01-1024x585.jpg","type":"image\/jpeg"}],"author":"jvargas","twitter_card":"summary_large_image","twitter_misc":{"Escrito por":"jvargas","Tiempo de lectura":"3 minutos"},"schema":{"@context":"https:\/\/schema.org","@graph":[{"@type":"Article","@id":"https:\/\/dev.explora.cl\/lagos\/seleccionados-iie-2024\/#article","isPartOf":{"@id":"https:\/\/dev.explora.cl\/lagos\/seleccionados-iie-2024\/"},"author":{"name":"jvargas","@id":"https:\/\/dev.explora.cl\/lagos\/#\/schema\/person\/6608d3ee9ea0b0daeaf12289528fc582"},"headline":"Seleccionados IIE 2024","datePublished":"2024-04-08T20:36:12+00:00","dateModified":"2024-09-24T18:50:57+00:00","mainEntityOfPage":{"@id":"https:\/\/dev.explora.cl\/lagos\/seleccionados-iie-2024\/"},"wordCount":468,"commentCount":0,"image":{"@id":"https:\/\/dev.explora.cl\/lagos\/seleccionados-iie-2024\/#primaryimage"},"thumbnailUrl":"https:\/\/dev.explora.cl\/lagos\/wp-content\/uploads\/sites\/17\/2024\/04\/BANNER-WEB-EXPLORA-IIE-SELEC-01.jpg","keywords":["IIE","IIE 2024","Investigaci\u00f3n e Innovaci\u00f3n Escolar"],"articleSection":["Banner","Noticias"],"inLanguage":"es","potentialAction":[{"@type":"CommentAction","name":"Comment","target":["https:\/\/dev.explora.cl\/lagos\/seleccionados-iie-2024\/#respond"]}]},{"@type":"WebPage","@id":"https:\/\/dev.explora.cl\/lagos\/seleccionados-iie-2024\/","url":"https:\/\/dev.explora.cl\/lagos\/seleccionados-iie-2024\/","name":"Seleccionados IIE 2024 - Los Lagos","isPartOf":{"@id":"https:\/\/dev.explora.cl\/lagos\/#website"},"primaryImageOfPage":{"@id":"https:\/\/dev.explora.cl\/lagos\/seleccionados-iie-2024\/#primaryimage"},"image":{"@id":"https:\/\/dev.explora.cl\/lagos\/seleccionados-iie-2024\/#primaryimage"},"thumbnailUrl":"https:\/\/dev.explora.cl\/lagos\/wp-content\/uploads\/sites\/17\/2024\/04\/BANNER-WEB-EXPLORA-IIE-SELEC-01.jpg","datePublished":"2024-04-08T20:36:12+00:00","dateModified":"2024-09-24T18:50:57+00:00","author":{"@id":"https:\/\/dev.explora.cl\/lagos\/#\/schema\/person\/6608d3ee9ea0b0daeaf12289528fc582"},"breadcrumb":{"@id":"https:\/\/dev.explora.cl\/lagos\/seleccionados-iie-2024\/#breadcrumb"},"inLanguage":"es","potentialAction":[{"@type":"ReadAction","target":["https:\/\/dev.explora.cl\/lagos\/seleccionados-iie-2024\/"]}]},{"@type":"ImageObject","inLanguage":"es","@id":"https:\/\/dev.explora.cl\/lagos\/seleccionados-iie-2024\/#primaryimage","url":"https:\/\/dev.explora.cl\/lagos\/wp-content\/uploads\/sites\/17\/2024\/04\/BANNER-WEB-EXPLORA-IIE-SELEC-01.jpg","contentUrl":"https:\/\/dev.explora.cl\/lagos\/wp-content\/uploads\/sites\/17\/2024\/04\/BANNER-WEB-EXPLORA-IIE-SELEC-01.jpg","width":3069,"height":1754},{"@type":"BreadcrumbList","@id":"https:\/\/dev.explora.cl\/lagos\/seleccionados-iie-2024\/#breadcrumb","itemListElement":[{"@type":"ListItem","position":1,"name":"Portada","item":"https:\/\/dev.explora.cl\/lagos\/"},{"@type":"ListItem","position":2,"name":"Seleccionados IIE 2024"}]},{"@type":"WebSite","@id":"https:\/\/dev.explora.cl\/lagos\/#website","url":"https:\/\/dev.explora.cl\/lagos\/","name":"Los Lagos","description":"Otro sitio m\u00e1s de dev.explora.cl","potentialAction":[{"@type":"SearchAction","target":{"@type":"EntryPoint","urlTemplate":"https:\/\/dev.explora.cl\/lagos\/?s={search_term_string}"},"query-input":{"@type":"PropertyValueSpecification","valueRequired":true,"valueName":"search_term_string"}}],"inLanguage":"es"},{"@type":"Person","@id":"https:\/\/dev.explora.cl\/lagos\/#\/schema\/person\/6608d3ee9ea0b0daeaf12289528fc582","name":"jvargas","image":{"@type":"ImageObject","inLanguage":"es","@id":"https:\/\/dev.explora.cl\/lagos\/#\/schema\/person\/image\/","url":"https:\/\/secure.gravatar.com\/avatar\/8a6892fbfb002ef173a244b534b4bbcea4c183fc3fbf7732e64ac89b1d22d482?s=96&d=mm&r=g","contentUrl":"https:\/\/secure.gravatar.com\/avatar\/8a6892fbfb002ef173a244b534b4bbcea4c183fc3fbf7732e64ac89b1d22d482?s=96&d=mm&r=g","caption":"jvargas"},"url":"https:\/\/dev.explora.cl\/lagos\/author\/jvargas\/"}]}},"_links":{"self":[{"href":"https:\/\/dev.explora.cl\/lagos\/wp-json\/wp\/v2\/posts\/41490","targetHints":{"allow":["GET"]}}],"collection":[{"href":"https:\/\/dev.explora.cl\/lagos\/wp-json\/wp\/v2\/posts"}],"about":[{"href":"https:\/\/dev.explora.cl\/lagos\/wp-json\/wp\/v2\/types\/post"}],"author":[{"embeddable":true,"href":"https:\/\/dev.explora.cl\/lagos\/wp-json\/wp\/v2\/users\/36"}],"replies":[{"embeddable":true,"href":"https:\/\/dev.explora.cl\/lagos\/wp-json\/wp\/v2\/comments?post=41490"}],"version-history":[{"count":6,"href":"https:\/\/dev.explora.cl\/lagos\/wp-json\/wp\/v2\/posts\/41490\/revisions"}],"predecessor-version":[{"id":41801,"href":"https:\/\/dev.explora.cl\/lagos\/wp-json\/wp\/v2\/posts\/41490\/revisions\/41801"}],"wp:featuredmedia":[{"embeddable":true,"href":"https:\/\/dev.explora.cl\/lagos\/wp-json\/wp\/v2\/media\/41494"}],"wp:attachment":[{"href":"https:\/\/dev.explora.cl\/lagos\/wp-json\/wp\/v2\/media?parent=41490"}],"wp:term":[{"taxonomy":"category","embeddable":true,"href":"https:\/\/dev.explora.cl\/lagos\/wp-json\/wp\/v2\/categories?post=41490"},{"taxonomy":"post_tag","embeddable":true,"href":"https:\/\/dev.explora.cl\/lagos\/wp-json\/wp\/v2\/tags?post=41490"}],"curies":[{"name":"wp","href":"https:\/\/api.w.org\/{rel}","templated":true}]}}