{"id":41473,"date":"2024-03-26T12:18:22","date_gmt":"2024-03-26T15:18:22","guid":{"rendered":"https:\/\/dev.explora.cl\/lagos\/?p=41473"},"modified":"2024-05-14T12:43:46","modified_gmt":"2024-05-14T16:43:46","slug":"celebremos-el-dia-de-la-astronomia-con-un-nuevo-cafe-cientifico-de-puerto-montt-y-la-charla-el-impacto-del-observatorio-vera-rubin-en-la-investigacion-astronomica","status":"publish","type":"post","link":"https:\/\/dev.explora.cl\/lagos\/celebremos-el-dia-de-la-astronomia-con-un-nuevo-cafe-cientifico-de-puerto-montt-y-la-charla-el-impacto-del-observatorio-vera-rubin-en-la-investigacion-astronomica\/","title":{"rendered":"Celebremos el D\u00eda de la Astronom\u00eda con un nuevo Caf\u00e9 Cient\u00edfico de Puerto Montt y la charla: \u201cEl impacto del observatorio Vera Rubin en la investigaci\u00f3n astron\u00f3mica\u201d"},"content":{"rendered":"<p>[vc_row][vc_column][vc_column_text]El equipo del Proyecto Asociativo Regional PAR Explora Los Lagos tiene el agrado de invitarles a encontrarnos nuevamente en el <strong>Caf\u00e9 Cient\u00edfico de Puerto Montt<\/strong>, que en esta oportunidad ser\u00e1 una conversaci\u00f3n con el Doctor en Astrof\u00edsica de la Universidad de Valpara\u00edso, <strong>CLAUDIO NAVARRO MOLINA<\/strong>, qui\u00e9n realizar\u00e1 la charla \u201c<strong>El impacto del observatorio Vera Rubin en la investigaci\u00f3n astron\u00f3mica<\/strong>\u201d.<\/p>\n<p>La actividad se efectuar\u00e1 el\u00a0<strong>jueves<\/strong>\u00a0<strong>4 de abril<\/strong>, a partir de las\u00a0<strong>18:30 horas<\/strong>, en el\u00a0<strong>restaurante Toco Madera<\/strong>, ubicado en Avenida Jos\u00e9 Soler Manfredini esquina Liborio Guerrero, sector Pelluco, Puerto Montt.<\/p>\n<p>Navarro Molina, que tambi\u00e9n es Magister en Astrof\u00edsica de la Pontificia Universidad Cat\u00f3lica de Chile, actualmente se desempe\u00f1a como acad\u00e9mico del <strong>Centro de Docencia Superior en Ciencias B\u00e1sicas de la Universidad Austral de Chile Sede Puerto Montt<\/strong> y sus l\u00edneas de investigaci\u00f3n son las estrellas variables y los objetos estelares j\u00f3venes.<\/p>\n<p>Esta charla se enmarca en las actividades del D\u00eda de la astronom\u00eda, cuya celebraci\u00f3n es el d\u00eda del equinoccio de oto\u00f1o. El 21 de marzo del a\u00f1o 2014, el programa Explora -en ese entonces parte de la Comisi\u00f3n Nacional de Investigaci\u00f3n Cient\u00edfica y Tecnol\u00f3gica y hoy de la Divisi\u00f3n Ciencia y Sociedad del Ministerio de Ciencia, Tecnolog\u00eda, Conocimiento e Innovaci\u00f3n- firm\u00f3 un acuerdo con la Fundaci\u00f3n Planetario de la Universidad de Santiago de Chile y la Sociedad Chilena de Astronom\u00eda (SOCHIAS), que instaur\u00f3 el \u201cD\u00eda de la astronom\u00eda\u201d.<\/p>\n<p>El <strong>Caf\u00e9 Cient\u00edfico de Puerto Montt<\/strong> es una actividad que realiza el PAR Explora Lagos en conjunto con la Unidad de Vinculaci\u00f3n Cient\u00edfico Acad\u00e9mica de la Direcci\u00f3n de Investigaci\u00f3n, de la Universidad Austral de Chile Sede Puerto Montt con el apoyo del Restaurante Toco Madera.<\/p>\n<p>Inscripciones <strong><a href=\"https:\/\/forms.gle\/XoHQDqsJoBe9VX7q9\">AQU\u00cd<\/a><\/strong>.<\/p>\n<p><strong>\u00a1Les esperamos el jueves 4 de abril!<\/strong><\/p>\n<p>*Se entregar\u00e1 caf\u00e9 de cortes\u00eda a las 20 primeras personas en llegar al local.<\/p>\n<p>M\u00e1s informaci\u00f3n y consultas al correo:\u00a0<a href=\"mailto:daniela.pradenas@uach.cl\">daniela.pradenas@uach.cl<\/a>[\/vc_column_text][\/vc_column][\/vc_row]<\/p>\n","protected":false},"excerpt":{"rendered":"<p>M\u00e1s informaci\u00f3n, aqu\u00ed.<\/p>\n","protected":false},"author":36,"featured_media":41476,"comment_status":"open","ping_status":"open","sticky":false,"template":"","format":"standard","meta":{"_acf_changed":false,"_exactmetrics_skip_tracking":false,"_exactmetrics_sitenote_active":false,"_exactmetrics_sitenote_note":"","_exactmetrics_sitenote_category":0,"footnotes":"","_links_to":"","_links_to_target":""},"categories":[151,4],"tags":[],"class_list":["post-41473","post","type-post","status-publish","format-standard","has-post-thumbnail","hentry","category-banner","category-noticias"],"acf":[],"yoast_head":"<!-- This site is optimized with the Yoast SEO plugin v26.7 - https:\/\/yoast.com\/wordpress\/plugins\/seo\/ -->\n<title>Celebremos el D\u00eda de la Astronom\u00eda con un nuevo Caf\u00e9 Cient\u00edfico de Puerto Montt y la charla: \u201cEl impacto del observatorio Vera Rubin en la investigaci\u00f3n astron\u00f3mica\u201d - Los Lagos<\/title>\n<meta name=\"robots\" content=\"index, follow, max-snippet:-1, max-image-preview:large, max-video-preview:-1\" \/>\n<link rel=\"canonical\" href=\"https:\/\/dev.explora.cl\/lagos\/celebremos-el-dia-de-la-astronomia-con-un-nuevo-cafe-cientifico-de-puerto-montt-y-la-charla-el-impacto-del-observatorio-vera-rubin-en-la-investigacion-astronomica\/\" class=\"yoast-seo-meta-tag\" \/>\n<meta property=\"og:locale\" content=\"es_ES\" class=\"yoast-seo-meta-tag\" \/>\n<meta property=\"og:type\" content=\"article\" class=\"yoast-seo-meta-tag\" \/>\n<meta property=\"og:title\" content=\"Celebremos el D\u00eda de la Astronom\u00eda con un nuevo Caf\u00e9 Cient\u00edfico de Puerto Montt y la charla: \u201cEl impacto del observatorio Vera Rubin en la investigaci\u00f3n astron\u00f3mica\u201d - Los Lagos\" class=\"yoast-seo-meta-tag\" \/>\n<meta property=\"og:description\" content=\"M\u00e1s informaci\u00f3n, aqu\u00ed.\" class=\"yoast-seo-meta-tag\" \/>\n<meta property=\"og:url\" content=\"https:\/\/dev.explora.cl\/lagos\/celebremos-el-dia-de-la-astronomia-con-un-nuevo-cafe-cientifico-de-puerto-montt-y-la-charla-el-impacto-del-observatorio-vera-rubin-en-la-investigacion-astronomica\/\" class=\"yoast-seo-meta-tag\" \/>\n<meta property=\"og:site_name\" content=\"Los Lagos\" class=\"yoast-seo-meta-tag\" \/>\n<meta property=\"article:published_time\" content=\"2024-03-26T15:18:22+00:00\" class=\"yoast-seo-meta-tag\" \/>\n<meta property=\"article:modified_time\" content=\"2024-05-14T16:43:46+00:00\" class=\"yoast-seo-meta-tag\" \/>\n<meta property=\"og:image\" content=\"https:\/\/dev.explora.cl\/lagos\/wp-content\/uploads\/sites\/17\/2024\/03\/BANNER-WEB-EXPLORA-CAFE-CIENTIFICO-4-abril-01.jpg\" class=\"yoast-seo-meta-tag\" \/>\n\t<meta property=\"og:image:width\" content=\"3069\" class=\"yoast-seo-meta-tag\" \/>\n\t<meta property=\"og:image:height\" content=\"1754\" class=\"yoast-seo-meta-tag\" \/>\n\t<meta property=\"og:image:type\" content=\"image\/jpeg\" class=\"yoast-seo-meta-tag\" \/>\n<meta name=\"author\" content=\"jvargas\" class=\"yoast-seo-meta-tag\" \/>\n<meta name=\"twitter:card\" content=\"summary_large_image\" class=\"yoast-seo-meta-tag\" \/>\n<meta name=\"twitter:label1\" content=\"Escrito por\" class=\"yoast-seo-meta-tag\" \/>\n\t<meta name=\"twitter:data1\" content=\"jvargas\" class=\"yoast-seo-meta-tag\" \/>\n\t<meta name=\"twitter:label2\" content=\"Tiempo de lectura\" class=\"yoast-seo-meta-tag\" \/>\n\t<meta name=\"twitter:data2\" content=\"2 minutos\" class=\"yoast-seo-meta-tag\" \/>\n<script type=\"application\/ld+json\" class=\"yoast-schema-graph\">{\"@context\":\"https:\/\/schema.org\",\"@graph\":[{\"@type\":\"Article\",\"@id\":\"https:\/\/dev.explora.cl\/lagos\/celebremos-el-dia-de-la-astronomia-con-un-nuevo-cafe-cientifico-de-puerto-montt-y-la-charla-el-impacto-del-observatorio-vera-rubin-en-la-investigacion-astronomica\/#article\",\"isPartOf\":{\"@id\":\"https:\/\/dev.explora.cl\/lagos\/celebremos-el-dia-de-la-astronomia-con-un-nuevo-cafe-cientifico-de-puerto-montt-y-la-charla-el-impacto-del-observatorio-vera-rubin-en-la-investigacion-astronomica\/\"},\"author\":{\"name\":\"jvargas\",\"@id\":\"https:\/\/dev.explora.cl\/lagos\/#\/schema\/person\/6608d3ee9ea0b0daeaf12289528fc582\"},\"headline\":\"Celebremos el D\u00eda de la Astronom\u00eda con un nuevo Caf\u00e9 Cient\u00edfico de Puerto Montt y la charla: \u201cEl impacto del observatorio Vera Rubin en la investigaci\u00f3n astron\u00f3mica\u201d\",\"datePublished\":\"2024-03-26T15:18:22+00:00\",\"dateModified\":\"2024-05-14T16:43:46+00:00\",\"mainEntityOfPage\":{\"@id\":\"https:\/\/dev.explora.cl\/lagos\/celebremos-el-dia-de-la-astronomia-con-un-nuevo-cafe-cientifico-de-puerto-montt-y-la-charla-el-impacto-del-observatorio-vera-rubin-en-la-investigacion-astronomica\/\"},\"wordCount\":391,\"commentCount\":0,\"image\":{\"@id\":\"https:\/\/dev.explora.cl\/lagos\/celebremos-el-dia-de-la-astronomia-con-un-nuevo-cafe-cientifico-de-puerto-montt-y-la-charla-el-impacto-del-observatorio-vera-rubin-en-la-investigacion-astronomica\/#primaryimage\"},\"thumbnailUrl\":\"https:\/\/dev.explora.cl\/lagos\/wp-content\/uploads\/sites\/17\/2024\/03\/BANNER-WEB-EXPLORA-CAFE-CIENTIFICO-4-abril-01.jpg\",\"articleSection\":[\"Banner\",\"Noticias\"],\"inLanguage\":\"es\",\"potentialAction\":[{\"@type\":\"CommentAction\",\"name\":\"Comment\",\"target\":[\"https:\/\/dev.explora.cl\/lagos\/celebremos-el-dia-de-la-astronomia-con-un-nuevo-cafe-cientifico-de-puerto-montt-y-la-charla-el-impacto-del-observatorio-vera-rubin-en-la-investigacion-astronomica\/#respond\"]}]},{\"@type\":\"WebPage\",\"@id\":\"https:\/\/dev.explora.cl\/lagos\/celebremos-el-dia-de-la-astronomia-con-un-nuevo-cafe-cientifico-de-puerto-montt-y-la-charla-el-impacto-del-observatorio-vera-rubin-en-la-investigacion-astronomica\/\",\"url\":\"https:\/\/dev.explora.cl\/lagos\/celebremos-el-dia-de-la-astronomia-con-un-nuevo-cafe-cientifico-de-puerto-montt-y-la-charla-el-impacto-del-observatorio-vera-rubin-en-la-investigacion-astronomica\/\",\"name\":\"Celebremos el D\u00eda de la Astronom\u00eda con un nuevo Caf\u00e9 Cient\u00edfico de Puerto Montt y la charla: \u201cEl impacto del observatorio Vera Rubin en la investigaci\u00f3n astron\u00f3mica\u201d - Los Lagos\",\"isPartOf\":{\"@id\":\"https:\/\/dev.explora.cl\/lagos\/#website\"},\"primaryImageOfPage\":{\"@id\":\"https:\/\/dev.explora.cl\/lagos\/celebremos-el-dia-de-la-astronomia-con-un-nuevo-cafe-cientifico-de-puerto-montt-y-la-charla-el-impacto-del-observatorio-vera-rubin-en-la-investigacion-astronomica\/#primaryimage\"},\"image\":{\"@id\":\"https:\/\/dev.explora.cl\/lagos\/celebremos-el-dia-de-la-astronomia-con-un-nuevo-cafe-cientifico-de-puerto-montt-y-la-charla-el-impacto-del-observatorio-vera-rubin-en-la-investigacion-astronomica\/#primaryimage\"},\"thumbnailUrl\":\"https:\/\/dev.explora.cl\/lagos\/wp-content\/uploads\/sites\/17\/2024\/03\/BANNER-WEB-EXPLORA-CAFE-CIENTIFICO-4-abril-01.jpg\",\"datePublished\":\"2024-03-26T15:18:22+00:00\",\"dateModified\":\"2024-05-14T16:43:46+00:00\",\"author\":{\"@id\":\"https:\/\/dev.explora.cl\/lagos\/#\/schema\/person\/6608d3ee9ea0b0daeaf12289528fc582\"},\"breadcrumb\":{\"@id\":\"https:\/\/dev.explora.cl\/lagos\/celebremos-el-dia-de-la-astronomia-con-un-nuevo-cafe-cientifico-de-puerto-montt-y-la-charla-el-impacto-del-observatorio-vera-rubin-en-la-investigacion-astronomica\/#breadcrumb\"},\"inLanguage\":\"es\",\"potentialAction\":[{\"@type\":\"ReadAction\",\"target\":[\"https:\/\/dev.explora.cl\/lagos\/celebremos-el-dia-de-la-astronomia-con-un-nuevo-cafe-cientifico-de-puerto-montt-y-la-charla-el-impacto-del-observatorio-vera-rubin-en-la-investigacion-astronomica\/\"]}]},{\"@type\":\"ImageObject\",\"inLanguage\":\"es\",\"@id\":\"https:\/\/dev.explora.cl\/lagos\/celebremos-el-dia-de-la-astronomia-con-un-nuevo-cafe-cientifico-de-puerto-montt-y-la-charla-el-impacto-del-observatorio-vera-rubin-en-la-investigacion-astronomica\/#primaryimage\",\"url\":\"https:\/\/dev.explora.cl\/lagos\/wp-content\/uploads\/sites\/17\/2024\/03\/BANNER-WEB-EXPLORA-CAFE-CIENTIFICO-4-abril-01.jpg\",\"contentUrl\":\"https:\/\/dev.explora.cl\/lagos\/wp-content\/uploads\/sites\/17\/2024\/03\/BANNER-WEB-EXPLORA-CAFE-CIENTIFICO-4-abril-01.jpg\",\"width\":3069,\"height\":1754},{\"@type\":\"BreadcrumbList\",\"@id\":\"https:\/\/dev.explora.cl\/lagos\/celebremos-el-dia-de-la-astronomia-con-un-nuevo-cafe-cientifico-de-puerto-montt-y-la-charla-el-impacto-del-observatorio-vera-rubin-en-la-investigacion-astronomica\/#breadcrumb\",\"itemListElement\":[{\"@type\":\"ListItem\",\"position\":1,\"name\":\"Portada\",\"item\":\"https:\/\/dev.explora.cl\/lagos\/\"},{\"@type\":\"ListItem\",\"position\":2,\"name\":\"Celebremos el D\u00eda de la Astronom\u00eda con un nuevo Caf\u00e9 Cient\u00edfico de Puerto Montt y la charla: \u201cEl impacto del observatorio Vera Rubin en la investigaci\u00f3n astron\u00f3mica\u201d\"}]},{\"@type\":\"WebSite\",\"@id\":\"https:\/\/dev.explora.cl\/lagos\/#website\",\"url\":\"https:\/\/dev.explora.cl\/lagos\/\",\"name\":\"Los Lagos\",\"description\":\"Otro sitio m\u00e1s de dev.explora.cl\",\"potentialAction\":[{\"@type\":\"SearchAction\",\"target\":{\"@type\":\"EntryPoint\",\"urlTemplate\":\"https:\/\/dev.explora.cl\/lagos\/?s={search_term_string}\"},\"query-input\":{\"@type\":\"PropertyValueSpecification\",\"valueRequired\":true,\"valueName\":\"search_term_string\"}}],\"inLanguage\":\"es\"},{\"@type\":\"Person\",\"@id\":\"https:\/\/dev.explora.cl\/lagos\/#\/schema\/person\/6608d3ee9ea0b0daeaf12289528fc582\",\"name\":\"jvargas\",\"image\":{\"@type\":\"ImageObject\",\"inLanguage\":\"es\",\"@id\":\"https:\/\/dev.explora.cl\/lagos\/#\/schema\/person\/image\/\",\"url\":\"https:\/\/secure.gravatar.com\/avatar\/8a6892fbfb002ef173a244b534b4bbcea4c183fc3fbf7732e64ac89b1d22d482?s=96&d=mm&r=g\",\"contentUrl\":\"https:\/\/secure.gravatar.com\/avatar\/8a6892fbfb002ef173a244b534b4bbcea4c183fc3fbf7732e64ac89b1d22d482?s=96&d=mm&r=g\",\"caption\":\"jvargas\"},\"url\":\"https:\/\/dev.explora.cl\/lagos\/author\/jvargas\/\"}]}<\/script>\n<!-- \/ Yoast SEO plugin. -->","yoast_head_json":{"title":"Celebremos el D\u00eda de la Astronom\u00eda con un nuevo Caf\u00e9 Cient\u00edfico de Puerto Montt y la charla: \u201cEl impacto del observatorio Vera Rubin en la investigaci\u00f3n astron\u00f3mica\u201d - Los Lagos","robots":{"index":"index","follow":"follow","max-snippet":"max-snippet:-1","max-image-preview":"max-image-preview:large","max-video-preview":"max-video-preview:-1"},"canonical":"https:\/\/dev.explora.cl\/lagos\/celebremos-el-dia-de-la-astronomia-con-un-nuevo-cafe-cientifico-de-puerto-montt-y-la-charla-el-impacto-del-observatorio-vera-rubin-en-la-investigacion-astronomica\/","og_locale":"es_ES","og_type":"article","og_title":"Celebremos el D\u00eda de la Astronom\u00eda con un nuevo Caf\u00e9 Cient\u00edfico de Puerto Montt y la charla: \u201cEl impacto del observatorio Vera Rubin en la investigaci\u00f3n astron\u00f3mica\u201d - Los Lagos","og_description":"M\u00e1s informaci\u00f3n, aqu\u00ed.","og_url":"https:\/\/dev.explora.cl\/lagos\/celebremos-el-dia-de-la-astronomia-con-un-nuevo-cafe-cientifico-de-puerto-montt-y-la-charla-el-impacto-del-observatorio-vera-rubin-en-la-investigacion-astronomica\/","og_site_name":"Los Lagos","article_published_time":"2024-03-26T15:18:22+00:00","article_modified_time":"2024-05-14T16:43:46+00:00","og_image":[{"width":3069,"height":1754,"url":"https:\/\/dev.explora.cl\/lagos\/wp-content\/uploads\/sites\/17\/2024\/03\/BANNER-WEB-EXPLORA-CAFE-CIENTIFICO-4-abril-01.jpg","type":"image\/jpeg"}],"author":"jvargas","twitter_card":"summary_large_image","twitter_misc":{"Escrito por":"jvargas","Tiempo de lectura":"2 minutos"},"schema":{"@context":"https:\/\/schema.org","@graph":[{"@type":"Article","@id":"https:\/\/dev.explora.cl\/lagos\/celebremos-el-dia-de-la-astronomia-con-un-nuevo-cafe-cientifico-de-puerto-montt-y-la-charla-el-impacto-del-observatorio-vera-rubin-en-la-investigacion-astronomica\/#article","isPartOf":{"@id":"https:\/\/dev.explora.cl\/lagos\/celebremos-el-dia-de-la-astronomia-con-un-nuevo-cafe-cientifico-de-puerto-montt-y-la-charla-el-impacto-del-observatorio-vera-rubin-en-la-investigacion-astronomica\/"},"author":{"name":"jvargas","@id":"https:\/\/dev.explora.cl\/lagos\/#\/schema\/person\/6608d3ee9ea0b0daeaf12289528fc582"},"headline":"Celebremos el D\u00eda de la Astronom\u00eda con un nuevo Caf\u00e9 Cient\u00edfico de Puerto Montt y la charla: \u201cEl impacto del observatorio Vera Rubin en la investigaci\u00f3n astron\u00f3mica\u201d","datePublished":"2024-03-26T15:18:22+00:00","dateModified":"2024-05-14T16:43:46+00:00","mainEntityOfPage":{"@id":"https:\/\/dev.explora.cl\/lagos\/celebremos-el-dia-de-la-astronomia-con-un-nuevo-cafe-cientifico-de-puerto-montt-y-la-charla-el-impacto-del-observatorio-vera-rubin-en-la-investigacion-astronomica\/"},"wordCount":391,"commentCount":0,"image":{"@id":"https:\/\/dev.explora.cl\/lagos\/celebremos-el-dia-de-la-astronomia-con-un-nuevo-cafe-cientifico-de-puerto-montt-y-la-charla-el-impacto-del-observatorio-vera-rubin-en-la-investigacion-astronomica\/#primaryimage"},"thumbnailUrl":"https:\/\/dev.explora.cl\/lagos\/wp-content\/uploads\/sites\/17\/2024\/03\/BANNER-WEB-EXPLORA-CAFE-CIENTIFICO-4-abril-01.jpg","articleSection":["Banner","Noticias"],"inLanguage":"es","potentialAction":[{"@type":"CommentAction","name":"Comment","target":["https:\/\/dev.explora.cl\/lagos\/celebremos-el-dia-de-la-astronomia-con-un-nuevo-cafe-cientifico-de-puerto-montt-y-la-charla-el-impacto-del-observatorio-vera-rubin-en-la-investigacion-astronomica\/#respond"]}]},{"@type":"WebPage","@id":"https:\/\/dev.explora.cl\/lagos\/celebremos-el-dia-de-la-astronomia-con-un-nuevo-cafe-cientifico-de-puerto-montt-y-la-charla-el-impacto-del-observatorio-vera-rubin-en-la-investigacion-astronomica\/","url":"https:\/\/dev.explora.cl\/lagos\/celebremos-el-dia-de-la-astronomia-con-un-nuevo-cafe-cientifico-de-puerto-montt-y-la-charla-el-impacto-del-observatorio-vera-rubin-en-la-investigacion-astronomica\/","name":"Celebremos el D\u00eda de la Astronom\u00eda con un nuevo Caf\u00e9 Cient\u00edfico de Puerto Montt y la charla: \u201cEl impacto del observatorio Vera Rubin en la investigaci\u00f3n astron\u00f3mica\u201d - Los Lagos","isPartOf":{"@id":"https:\/\/dev.explora.cl\/lagos\/#website"},"primaryImageOfPage":{"@id":"https:\/\/dev.explora.cl\/lagos\/celebremos-el-dia-de-la-astronomia-con-un-nuevo-cafe-cientifico-de-puerto-montt-y-la-charla-el-impacto-del-observatorio-vera-rubin-en-la-investigacion-astronomica\/#primaryimage"},"image":{"@id":"https:\/\/dev.explora.cl\/lagos\/celebremos-el-dia-de-la-astronomia-con-un-nuevo-cafe-cientifico-de-puerto-montt-y-la-charla-el-impacto-del-observatorio-vera-rubin-en-la-investigacion-astronomica\/#primaryimage"},"thumbnailUrl":"https:\/\/dev.explora.cl\/lagos\/wp-content\/uploads\/sites\/17\/2024\/03\/BANNER-WEB-EXPLORA-CAFE-CIENTIFICO-4-abril-01.jpg","datePublished":"2024-03-26T15:18:22+00:00","dateModified":"2024-05-14T16:43:46+00:00","author":{"@id":"https:\/\/dev.explora.cl\/lagos\/#\/schema\/person\/6608d3ee9ea0b0daeaf12289528fc582"},"breadcrumb":{"@id":"https:\/\/dev.explora.cl\/lagos\/celebremos-el-dia-de-la-astronomia-con-un-nuevo-cafe-cientifico-de-puerto-montt-y-la-charla-el-impacto-del-observatorio-vera-rubin-en-la-investigacion-astronomica\/#breadcrumb"},"inLanguage":"es","potentialAction":[{"@type":"ReadAction","target":["https:\/\/dev.explora.cl\/lagos\/celebremos-el-dia-de-la-astronomia-con-un-nuevo-cafe-cientifico-de-puerto-montt-y-la-charla-el-impacto-del-observatorio-vera-rubin-en-la-investigacion-astronomica\/"]}]},{"@type":"ImageObject","inLanguage":"es","@id":"https:\/\/dev.explora.cl\/lagos\/celebremos-el-dia-de-la-astronomia-con-un-nuevo-cafe-cientifico-de-puerto-montt-y-la-charla-el-impacto-del-observatorio-vera-rubin-en-la-investigacion-astronomica\/#primaryimage","url":"https:\/\/dev.explora.cl\/lagos\/wp-content\/uploads\/sites\/17\/2024\/03\/BANNER-WEB-EXPLORA-CAFE-CIENTIFICO-4-abril-01.jpg","contentUrl":"https:\/\/dev.explora.cl\/lagos\/wp-content\/uploads\/sites\/17\/2024\/03\/BANNER-WEB-EXPLORA-CAFE-CIENTIFICO-4-abril-01.jpg","width":3069,"height":1754},{"@type":"BreadcrumbList","@id":"https:\/\/dev.explora.cl\/lagos\/celebremos-el-dia-de-la-astronomia-con-un-nuevo-cafe-cientifico-de-puerto-montt-y-la-charla-el-impacto-del-observatorio-vera-rubin-en-la-investigacion-astronomica\/#breadcrumb","itemListElement":[{"@type":"ListItem","position":1,"name":"Portada","item":"https:\/\/dev.explora.cl\/lagos\/"},{"@type":"ListItem","position":2,"name":"Celebremos el D\u00eda de la Astronom\u00eda con un nuevo Caf\u00e9 Cient\u00edfico de Puerto Montt y la charla: \u201cEl impacto del observatorio Vera Rubin en la investigaci\u00f3n astron\u00f3mica\u201d"}]},{"@type":"WebSite","@id":"https:\/\/dev.explora.cl\/lagos\/#website","url":"https:\/\/dev.explora.cl\/lagos\/","name":"Los Lagos","description":"Otro sitio m\u00e1s de dev.explora.cl","potentialAction":[{"@type":"SearchAction","target":{"@type":"EntryPoint","urlTemplate":"https:\/\/dev.explora.cl\/lagos\/?s={search_term_string}"},"query-input":{"@type":"PropertyValueSpecification","valueRequired":true,"valueName":"search_term_string"}}],"inLanguage":"es"},{"@type":"Person","@id":"https:\/\/dev.explora.cl\/lagos\/#\/schema\/person\/6608d3ee9ea0b0daeaf12289528fc582","name":"jvargas","image":{"@type":"ImageObject","inLanguage":"es","@id":"https:\/\/dev.explora.cl\/lagos\/#\/schema\/person\/image\/","url":"https:\/\/secure.gravatar.com\/avatar\/8a6892fbfb002ef173a244b534b4bbcea4c183fc3fbf7732e64ac89b1d22d482?s=96&d=mm&r=g","contentUrl":"https:\/\/secure.gravatar.com\/avatar\/8a6892fbfb002ef173a244b534b4bbcea4c183fc3fbf7732e64ac89b1d22d482?s=96&d=mm&r=g","caption":"jvargas"},"url":"https:\/\/dev.explora.cl\/lagos\/author\/jvargas\/"}]}},"_links":{"self":[{"href":"https:\/\/dev.explora.cl\/lagos\/wp-json\/wp\/v2\/posts\/41473","targetHints":{"allow":["GET"]}}],"collection":[{"href":"https:\/\/dev.explora.cl\/lagos\/wp-json\/wp\/v2\/posts"}],"about":[{"href":"https:\/\/dev.explora.cl\/lagos\/wp-json\/wp\/v2\/types\/post"}],"author":[{"embeddable":true,"href":"https:\/\/dev.explora.cl\/lagos\/wp-json\/wp\/v2\/users\/36"}],"replies":[{"embeddable":true,"href":"https:\/\/dev.explora.cl\/lagos\/wp-json\/wp\/v2\/comments?post=41473"}],"version-history":[{"count":3,"href":"https:\/\/dev.explora.cl\/lagos\/wp-json\/wp\/v2\/posts\/41473\/revisions"}],"predecessor-version":[{"id":41477,"href":"https:\/\/dev.explora.cl\/lagos\/wp-json\/wp\/v2\/posts\/41473\/revisions\/41477"}],"wp:featuredmedia":[{"embeddable":true,"href":"https:\/\/dev.explora.cl\/lagos\/wp-json\/wp\/v2\/media\/41476"}],"wp:attachment":[{"href":"https:\/\/dev.explora.cl\/lagos\/wp-json\/wp\/v2\/media?parent=41473"}],"wp:term":[{"taxonomy":"category","embeddable":true,"href":"https:\/\/dev.explora.cl\/lagos\/wp-json\/wp\/v2\/categories?post=41473"},{"taxonomy":"post_tag","embeddable":true,"href":"https:\/\/dev.explora.cl\/lagos\/wp-json\/wp\/v2\/tags?post=41473"}],"curies":[{"name":"wp","href":"https:\/\/api.w.org\/{rel}","templated":true}]}}