{"id":41461,"date":"2024-03-14T12:27:27","date_gmt":"2024-03-14T15:27:27","guid":{"rendered":"https:\/\/dev.explora.cl\/lagos\/?p=41461"},"modified":"2024-05-02T12:33:16","modified_gmt":"2024-05-02T16:33:16","slug":"explora-los-lagos-inicia-convocatoria-para-programa-de-investigacion-e-innovacion-escolar-2024","status":"publish","type":"post","link":"https:\/\/dev.explora.cl\/lagos\/explora-los-lagos-inicia-convocatoria-para-programa-de-investigacion-e-innovacion-escolar-2024\/","title":{"rendered":"Explora Los Lagos inicia convocatoria para Programa de Investigaci\u00f3n e Innovaci\u00f3n Escolar 2024"},"content":{"rendered":"<p>[vc_row][vc_column][vc_column_text]<\/p>\n<ul>\n<li>El Programa IIE invita a docentes de educaci\u00f3n b\u00e1sica y ense\u00f1anza media a postular con sus proyectos de investigaci\u00f3n e innovaci\u00f3n hasta el 1 de abril.<\/li>\n<\/ul>\n<p>El Proyecto Explora Los Lagos, del Ministerio de Ciencia, Tecnolog\u00eda, Conocimiento e Innovaci\u00f3n, ejecutado por la Universidad Austral, Sede Puerto Montt, abri\u00f3 la primera convocatoria del 2024de sus instrumentos, correspondiente al Programa de Investigaci\u00f3n e Innovaci\u00f3n Escolar (IIE).<\/p>\n<p>El per\u00edodo de postulaci\u00f3n se extiende hasta el lunes 1 de abril, a las 23:59 horas, y se realiza en el sitio web del proyecto, <a href=\"https:\/\/dev.explora.cl\/lagos\">dev.explora.cl\/lagos<\/a>, donde se encuentra disponible las bases y el formulario de postulaci\u00f3n y otros documentos asociados al proceso.<\/p>\n<p>La iniciativa est\u00e1 orientada a estudiantes de primero b\u00e1sico a cuarto medio de establecimientos municipales, particulares subvencionados, privados y dependientes del Servicio Local de Educaci\u00f3n P\u00fablica, de todas las comunas de la regi\u00f3n de Los Lagos.<\/p>\n<p>La idea es que profesoras y\/o profesores de ense\u00f1anza b\u00e1sica o media trabajen con un equipo conformado por un m\u00ednimo de 10 estudiantes, sin l\u00edmite de integrantes, en categor\u00edas de innovaci\u00f3n o investigaci\u00f3n y \u00e1reas disciplinarias de ciencias naturales y\/o exactas, ciencias sociales o artes y humanidades. El programa tiene un cupo de 30 equipos.<\/p>\n<p>Los equipos seleccionados contar\u00e1n con acompa\u00f1amiento peri\u00f3dico para el desarrollo de las investigaciones y proyectos de innovaci\u00f3n, a trav\u00e9s de asesoras\/es cient\u00edficas\/os que ser\u00e1n gestionados desde Explora Los Lagos y cuyo papel ser\u00e1 ayudar con recomendaciones en los aspectos relevantes del proceso de investigaci\u00f3n.<\/p>\n<p>El principal objetivo de este programa es fomentar en la comunidad educativa el desarrollo de competencias para la investigaci\u00f3n e innovaci\u00f3n, con \u00e9nfasis en identificar situaciones y problem\u00e1ticas presentes en su entorno y vida cotidiana de manera colaborativa, adem\u00e1s de propiciar como una pr\u00e1ctica habitual de las comunidades educativas la investigaci\u00f3n e innovaci\u00f3n.<\/p>\n<p>Gabriela Navarro Manzanal, directora del Proyecto Explora Los Lagos UACh, se\u00f1al\u00f3 que el trabajo que realizan los equipos de investigaci\u00f3n e innovaci\u00f3n \u201ces tan significativo para sus comunidades escolares, e incluso para los entornos de esos establecimientos educacionales que participan, porque muchas veces los proyectos est\u00e1n relacionados con problem\u00e1ticas cercanas y las conclusiones aportan soluciones u otros puntos de vista para mejorar situaciones y as\u00ed se convierten en instancias de trabajo mancomunado, por eso esperamos que nuevas y m\u00e1s \u00a0profesoras, profesores y estudiantes, de primer y segundo ciclo, de todas las comunas de la regi\u00f3n quieran ser parte de esta experiencia de aprendizaje e intercambio\u201d, indic\u00f3.[\/vc_column_text][\/vc_column][\/vc_row]<\/p>\n","protected":false},"excerpt":{"rendered":"<p>M\u00e1s informaci\u00f3n.<\/p>\n","protected":false},"author":36,"featured_media":41463,"comment_status":"open","ping_status":"open","sticky":false,"template":"","format":"standard","meta":{"_acf_changed":false,"_exactmetrics_skip_tracking":false,"_exactmetrics_sitenote_active":false,"_exactmetrics_sitenote_note":"","_exactmetrics_sitenote_category":0,"footnotes":"","_links_to":"","_links_to_target":""},"categories":[151,4],"tags":[526,527,338,162,233,332],"class_list":["post-41461","post","type-post","status-publish","format-standard","has-post-thumbnail","hentry","category-banner","category-noticias","tag-iie","tag-iie-2024","tag-investigacion-e-innovacion-escolar","tag-region-de-los-lagos","tag-uach","tag-uach-sede-puerto-montt"],"acf":[],"yoast_head":"<!-- This site is optimized with the Yoast SEO plugin v26.7 - https:\/\/yoast.com\/wordpress\/plugins\/seo\/ -->\n<title>Explora Los Lagos inicia convocatoria para Programa de Investigaci\u00f3n e Innovaci\u00f3n Escolar 2024 - Los Lagos<\/title>\n<meta name=\"robots\" content=\"index, follow, max-snippet:-1, max-image-preview:large, max-video-preview:-1\" \/>\n<link rel=\"canonical\" href=\"https:\/\/dev.explora.cl\/lagos\/explora-los-lagos-inicia-convocatoria-para-programa-de-investigacion-e-innovacion-escolar-2024\/\" class=\"yoast-seo-meta-tag\" \/>\n<meta property=\"og:locale\" content=\"es_ES\" class=\"yoast-seo-meta-tag\" \/>\n<meta property=\"og:type\" content=\"article\" class=\"yoast-seo-meta-tag\" \/>\n<meta property=\"og:title\" content=\"Explora Los Lagos inicia convocatoria para Programa de Investigaci\u00f3n e Innovaci\u00f3n Escolar 2024 - Los Lagos\" class=\"yoast-seo-meta-tag\" \/>\n<meta property=\"og:description\" content=\"M\u00e1s informaci\u00f3n.\" class=\"yoast-seo-meta-tag\" \/>\n<meta property=\"og:url\" content=\"https:\/\/dev.explora.cl\/lagos\/explora-los-lagos-inicia-convocatoria-para-programa-de-investigacion-e-innovacion-escolar-2024\/\" class=\"yoast-seo-meta-tag\" \/>\n<meta property=\"og:site_name\" content=\"Los Lagos\" class=\"yoast-seo-meta-tag\" \/>\n<meta property=\"article:published_time\" content=\"2024-03-14T15:27:27+00:00\" class=\"yoast-seo-meta-tag\" \/>\n<meta property=\"article:modified_time\" content=\"2024-05-02T16:33:16+00:00\" class=\"yoast-seo-meta-tag\" \/>\n<meta property=\"og:image\" content=\"https:\/\/dev.explora.cl\/lagos\/wp-content\/uploads\/sites\/17\/2024\/03\/Investigaci\u00f3n-Cientifica-1-1024x683.jpg\" class=\"yoast-seo-meta-tag\" \/>\n\t<meta property=\"og:image:width\" content=\"1024\" class=\"yoast-seo-meta-tag\" \/>\n\t<meta property=\"og:image:height\" content=\"683\" class=\"yoast-seo-meta-tag\" \/>\n\t<meta property=\"og:image:type\" content=\"image\/jpeg\" class=\"yoast-seo-meta-tag\" \/>\n<meta name=\"author\" content=\"jvargas\" class=\"yoast-seo-meta-tag\" \/>\n<meta name=\"twitter:card\" content=\"summary_large_image\" class=\"yoast-seo-meta-tag\" \/>\n<meta name=\"twitter:label1\" content=\"Escrito por\" class=\"yoast-seo-meta-tag\" \/>\n\t<meta name=\"twitter:data1\" content=\"jvargas\" class=\"yoast-seo-meta-tag\" \/>\n\t<meta name=\"twitter:label2\" content=\"Tiempo de lectura\" class=\"yoast-seo-meta-tag\" \/>\n\t<meta name=\"twitter:data2\" content=\"2 minutos\" class=\"yoast-seo-meta-tag\" \/>\n<script type=\"application\/ld+json\" class=\"yoast-schema-graph\">{\"@context\":\"https:\/\/schema.org\",\"@graph\":[{\"@type\":\"Article\",\"@id\":\"https:\/\/dev.explora.cl\/lagos\/explora-los-lagos-inicia-convocatoria-para-programa-de-investigacion-e-innovacion-escolar-2024\/#article\",\"isPartOf\":{\"@id\":\"https:\/\/dev.explora.cl\/lagos\/explora-los-lagos-inicia-convocatoria-para-programa-de-investigacion-e-innovacion-escolar-2024\/\"},\"author\":{\"name\":\"jvargas\",\"@id\":\"https:\/\/dev.explora.cl\/lagos\/#\/schema\/person\/6608d3ee9ea0b0daeaf12289528fc582\"},\"headline\":\"Explora Los Lagos inicia convocatoria para Programa de Investigaci\u00f3n e Innovaci\u00f3n Escolar 2024\",\"datePublished\":\"2024-03-14T15:27:27+00:00\",\"dateModified\":\"2024-05-02T16:33:16+00:00\",\"mainEntityOfPage\":{\"@id\":\"https:\/\/dev.explora.cl\/lagos\/explora-los-lagos-inicia-convocatoria-para-programa-de-investigacion-e-innovacion-escolar-2024\/\"},\"wordCount\":476,\"commentCount\":0,\"image\":{\"@id\":\"https:\/\/dev.explora.cl\/lagos\/explora-los-lagos-inicia-convocatoria-para-programa-de-investigacion-e-innovacion-escolar-2024\/#primaryimage\"},\"thumbnailUrl\":\"https:\/\/dev.explora.cl\/lagos\/wp-content\/uploads\/sites\/17\/2024\/03\/Investigaci\u00f3n-Cientifica-1.jpg\",\"keywords\":[\"IIE\",\"IIE 2024\",\"Investigaci\u00f3n e Innovaci\u00f3n Escolar\",\"REGI\u00d3N DE LOS LAGOS\",\"UACh\",\"UACh Sede Puerto Montt\"],\"articleSection\":[\"Banner\",\"Noticias\"],\"inLanguage\":\"es\",\"potentialAction\":[{\"@type\":\"CommentAction\",\"name\":\"Comment\",\"target\":[\"https:\/\/dev.explora.cl\/lagos\/explora-los-lagos-inicia-convocatoria-para-programa-de-investigacion-e-innovacion-escolar-2024\/#respond\"]}]},{\"@type\":\"WebPage\",\"@id\":\"https:\/\/dev.explora.cl\/lagos\/explora-los-lagos-inicia-convocatoria-para-programa-de-investigacion-e-innovacion-escolar-2024\/\",\"url\":\"https:\/\/dev.explora.cl\/lagos\/explora-los-lagos-inicia-convocatoria-para-programa-de-investigacion-e-innovacion-escolar-2024\/\",\"name\":\"Explora Los Lagos inicia convocatoria para Programa de Investigaci\u00f3n e Innovaci\u00f3n Escolar 2024 - Los Lagos\",\"isPartOf\":{\"@id\":\"https:\/\/dev.explora.cl\/lagos\/#website\"},\"primaryImageOfPage\":{\"@id\":\"https:\/\/dev.explora.cl\/lagos\/explora-los-lagos-inicia-convocatoria-para-programa-de-investigacion-e-innovacion-escolar-2024\/#primaryimage\"},\"image\":{\"@id\":\"https:\/\/dev.explora.cl\/lagos\/explora-los-lagos-inicia-convocatoria-para-programa-de-investigacion-e-innovacion-escolar-2024\/#primaryimage\"},\"thumbnailUrl\":\"https:\/\/dev.explora.cl\/lagos\/wp-content\/uploads\/sites\/17\/2024\/03\/Investigaci\u00f3n-Cientifica-1.jpg\",\"datePublished\":\"2024-03-14T15:27:27+00:00\",\"dateModified\":\"2024-05-02T16:33:16+00:00\",\"author\":{\"@id\":\"https:\/\/dev.explora.cl\/lagos\/#\/schema\/person\/6608d3ee9ea0b0daeaf12289528fc582\"},\"breadcrumb\":{\"@id\":\"https:\/\/dev.explora.cl\/lagos\/explora-los-lagos-inicia-convocatoria-para-programa-de-investigacion-e-innovacion-escolar-2024\/#breadcrumb\"},\"inLanguage\":\"es\",\"potentialAction\":[{\"@type\":\"ReadAction\",\"target\":[\"https:\/\/dev.explora.cl\/lagos\/explora-los-lagos-inicia-convocatoria-para-programa-de-investigacion-e-innovacion-escolar-2024\/\"]}]},{\"@type\":\"ImageObject\",\"inLanguage\":\"es\",\"@id\":\"https:\/\/dev.explora.cl\/lagos\/explora-los-lagos-inicia-convocatoria-para-programa-de-investigacion-e-innovacion-escolar-2024\/#primaryimage\",\"url\":\"https:\/\/dev.explora.cl\/lagos\/wp-content\/uploads\/sites\/17\/2024\/03\/Investigaci\u00f3n-Cientifica-1.jpg\",\"contentUrl\":\"https:\/\/dev.explora.cl\/lagos\/wp-content\/uploads\/sites\/17\/2024\/03\/Investigaci\u00f3n-Cientifica-1.jpg\",\"width\":5184,\"height\":3456},{\"@type\":\"BreadcrumbList\",\"@id\":\"https:\/\/dev.explora.cl\/lagos\/explora-los-lagos-inicia-convocatoria-para-programa-de-investigacion-e-innovacion-escolar-2024\/#breadcrumb\",\"itemListElement\":[{\"@type\":\"ListItem\",\"position\":1,\"name\":\"Portada\",\"item\":\"https:\/\/dev.explora.cl\/lagos\/\"},{\"@type\":\"ListItem\",\"position\":2,\"name\":\"Explora Los Lagos inicia convocatoria para Programa de Investigaci\u00f3n e Innovaci\u00f3n Escolar 2024\"}]},{\"@type\":\"WebSite\",\"@id\":\"https:\/\/dev.explora.cl\/lagos\/#website\",\"url\":\"https:\/\/dev.explora.cl\/lagos\/\",\"name\":\"Los Lagos\",\"description\":\"Otro sitio m\u00e1s de dev.explora.cl\",\"potentialAction\":[{\"@type\":\"SearchAction\",\"target\":{\"@type\":\"EntryPoint\",\"urlTemplate\":\"https:\/\/dev.explora.cl\/lagos\/?s={search_term_string}\"},\"query-input\":{\"@type\":\"PropertyValueSpecification\",\"valueRequired\":true,\"valueName\":\"search_term_string\"}}],\"inLanguage\":\"es\"},{\"@type\":\"Person\",\"@id\":\"https:\/\/dev.explora.cl\/lagos\/#\/schema\/person\/6608d3ee9ea0b0daeaf12289528fc582\",\"name\":\"jvargas\",\"image\":{\"@type\":\"ImageObject\",\"inLanguage\":\"es\",\"@id\":\"https:\/\/dev.explora.cl\/lagos\/#\/schema\/person\/image\/\",\"url\":\"https:\/\/secure.gravatar.com\/avatar\/8a6892fbfb002ef173a244b534b4bbcea4c183fc3fbf7732e64ac89b1d22d482?s=96&d=mm&r=g\",\"contentUrl\":\"https:\/\/secure.gravatar.com\/avatar\/8a6892fbfb002ef173a244b534b4bbcea4c183fc3fbf7732e64ac89b1d22d482?s=96&d=mm&r=g\",\"caption\":\"jvargas\"},\"url\":\"https:\/\/dev.explora.cl\/lagos\/author\/jvargas\/\"}]}<\/script>\n<!-- \/ Yoast SEO plugin. -->","yoast_head_json":{"title":"Explora Los Lagos inicia convocatoria para Programa de Investigaci\u00f3n e Innovaci\u00f3n Escolar 2024 - Los Lagos","robots":{"index":"index","follow":"follow","max-snippet":"max-snippet:-1","max-image-preview":"max-image-preview:large","max-video-preview":"max-video-preview:-1"},"canonical":"https:\/\/dev.explora.cl\/lagos\/explora-los-lagos-inicia-convocatoria-para-programa-de-investigacion-e-innovacion-escolar-2024\/","og_locale":"es_ES","og_type":"article","og_title":"Explora Los Lagos inicia convocatoria para Programa de Investigaci\u00f3n e Innovaci\u00f3n Escolar 2024 - Los Lagos","og_description":"M\u00e1s informaci\u00f3n.","og_url":"https:\/\/dev.explora.cl\/lagos\/explora-los-lagos-inicia-convocatoria-para-programa-de-investigacion-e-innovacion-escolar-2024\/","og_site_name":"Los Lagos","article_published_time":"2024-03-14T15:27:27+00:00","article_modified_time":"2024-05-02T16:33:16+00:00","og_image":[{"width":1024,"height":683,"url":"https:\/\/dev.explora.cl\/lagos\/wp-content\/uploads\/sites\/17\/2024\/03\/Investigaci\u00f3n-Cientifica-1-1024x683.jpg","type":"image\/jpeg"}],"author":"jvargas","twitter_card":"summary_large_image","twitter_misc":{"Escrito por":"jvargas","Tiempo de lectura":"2 minutos"},"schema":{"@context":"https:\/\/schema.org","@graph":[{"@type":"Article","@id":"https:\/\/dev.explora.cl\/lagos\/explora-los-lagos-inicia-convocatoria-para-programa-de-investigacion-e-innovacion-escolar-2024\/#article","isPartOf":{"@id":"https:\/\/dev.explora.cl\/lagos\/explora-los-lagos-inicia-convocatoria-para-programa-de-investigacion-e-innovacion-escolar-2024\/"},"author":{"name":"jvargas","@id":"https:\/\/dev.explora.cl\/lagos\/#\/schema\/person\/6608d3ee9ea0b0daeaf12289528fc582"},"headline":"Explora Los Lagos inicia convocatoria para Programa de Investigaci\u00f3n e Innovaci\u00f3n Escolar 2024","datePublished":"2024-03-14T15:27:27+00:00","dateModified":"2024-05-02T16:33:16+00:00","mainEntityOfPage":{"@id":"https:\/\/dev.explora.cl\/lagos\/explora-los-lagos-inicia-convocatoria-para-programa-de-investigacion-e-innovacion-escolar-2024\/"},"wordCount":476,"commentCount":0,"image":{"@id":"https:\/\/dev.explora.cl\/lagos\/explora-los-lagos-inicia-convocatoria-para-programa-de-investigacion-e-innovacion-escolar-2024\/#primaryimage"},"thumbnailUrl":"https:\/\/dev.explora.cl\/lagos\/wp-content\/uploads\/sites\/17\/2024\/03\/Investigaci\u00f3n-Cientifica-1.jpg","keywords":["IIE","IIE 2024","Investigaci\u00f3n e Innovaci\u00f3n Escolar","REGI\u00d3N DE LOS LAGOS","UACh","UACh Sede Puerto Montt"],"articleSection":["Banner","Noticias"],"inLanguage":"es","potentialAction":[{"@type":"CommentAction","name":"Comment","target":["https:\/\/dev.explora.cl\/lagos\/explora-los-lagos-inicia-convocatoria-para-programa-de-investigacion-e-innovacion-escolar-2024\/#respond"]}]},{"@type":"WebPage","@id":"https:\/\/dev.explora.cl\/lagos\/explora-los-lagos-inicia-convocatoria-para-programa-de-investigacion-e-innovacion-escolar-2024\/","url":"https:\/\/dev.explora.cl\/lagos\/explora-los-lagos-inicia-convocatoria-para-programa-de-investigacion-e-innovacion-escolar-2024\/","name":"Explora Los Lagos inicia convocatoria para Programa de Investigaci\u00f3n e Innovaci\u00f3n Escolar 2024 - Los Lagos","isPartOf":{"@id":"https:\/\/dev.explora.cl\/lagos\/#website"},"primaryImageOfPage":{"@id":"https:\/\/dev.explora.cl\/lagos\/explora-los-lagos-inicia-convocatoria-para-programa-de-investigacion-e-innovacion-escolar-2024\/#primaryimage"},"image":{"@id":"https:\/\/dev.explora.cl\/lagos\/explora-los-lagos-inicia-convocatoria-para-programa-de-investigacion-e-innovacion-escolar-2024\/#primaryimage"},"thumbnailUrl":"https:\/\/dev.explora.cl\/lagos\/wp-content\/uploads\/sites\/17\/2024\/03\/Investigaci\u00f3n-Cientifica-1.jpg","datePublished":"2024-03-14T15:27:27+00:00","dateModified":"2024-05-02T16:33:16+00:00","author":{"@id":"https:\/\/dev.explora.cl\/lagos\/#\/schema\/person\/6608d3ee9ea0b0daeaf12289528fc582"},"breadcrumb":{"@id":"https:\/\/dev.explora.cl\/lagos\/explora-los-lagos-inicia-convocatoria-para-programa-de-investigacion-e-innovacion-escolar-2024\/#breadcrumb"},"inLanguage":"es","potentialAction":[{"@type":"ReadAction","target":["https:\/\/dev.explora.cl\/lagos\/explora-los-lagos-inicia-convocatoria-para-programa-de-investigacion-e-innovacion-escolar-2024\/"]}]},{"@type":"ImageObject","inLanguage":"es","@id":"https:\/\/dev.explora.cl\/lagos\/explora-los-lagos-inicia-convocatoria-para-programa-de-investigacion-e-innovacion-escolar-2024\/#primaryimage","url":"https:\/\/dev.explora.cl\/lagos\/wp-content\/uploads\/sites\/17\/2024\/03\/Investigaci\u00f3n-Cientifica-1.jpg","contentUrl":"https:\/\/dev.explora.cl\/lagos\/wp-content\/uploads\/sites\/17\/2024\/03\/Investigaci\u00f3n-Cientifica-1.jpg","width":5184,"height":3456},{"@type":"BreadcrumbList","@id":"https:\/\/dev.explora.cl\/lagos\/explora-los-lagos-inicia-convocatoria-para-programa-de-investigacion-e-innovacion-escolar-2024\/#breadcrumb","itemListElement":[{"@type":"ListItem","position":1,"name":"Portada","item":"https:\/\/dev.explora.cl\/lagos\/"},{"@type":"ListItem","position":2,"name":"Explora Los Lagos inicia convocatoria para Programa de Investigaci\u00f3n e Innovaci\u00f3n Escolar 2024"}]},{"@type":"WebSite","@id":"https:\/\/dev.explora.cl\/lagos\/#website","url":"https:\/\/dev.explora.cl\/lagos\/","name":"Los Lagos","description":"Otro sitio m\u00e1s de dev.explora.cl","potentialAction":[{"@type":"SearchAction","target":{"@type":"EntryPoint","urlTemplate":"https:\/\/dev.explora.cl\/lagos\/?s={search_term_string}"},"query-input":{"@type":"PropertyValueSpecification","valueRequired":true,"valueName":"search_term_string"}}],"inLanguage":"es"},{"@type":"Person","@id":"https:\/\/dev.explora.cl\/lagos\/#\/schema\/person\/6608d3ee9ea0b0daeaf12289528fc582","name":"jvargas","image":{"@type":"ImageObject","inLanguage":"es","@id":"https:\/\/dev.explora.cl\/lagos\/#\/schema\/person\/image\/","url":"https:\/\/secure.gravatar.com\/avatar\/8a6892fbfb002ef173a244b534b4bbcea4c183fc3fbf7732e64ac89b1d22d482?s=96&d=mm&r=g","contentUrl":"https:\/\/secure.gravatar.com\/avatar\/8a6892fbfb002ef173a244b534b4bbcea4c183fc3fbf7732e64ac89b1d22d482?s=96&d=mm&r=g","caption":"jvargas"},"url":"https:\/\/dev.explora.cl\/lagos\/author\/jvargas\/"}]}},"_links":{"self":[{"href":"https:\/\/dev.explora.cl\/lagos\/wp-json\/wp\/v2\/posts\/41461","targetHints":{"allow":["GET"]}}],"collection":[{"href":"https:\/\/dev.explora.cl\/lagos\/wp-json\/wp\/v2\/posts"}],"about":[{"href":"https:\/\/dev.explora.cl\/lagos\/wp-json\/wp\/v2\/types\/post"}],"author":[{"embeddable":true,"href":"https:\/\/dev.explora.cl\/lagos\/wp-json\/wp\/v2\/users\/36"}],"replies":[{"embeddable":true,"href":"https:\/\/dev.explora.cl\/lagos\/wp-json\/wp\/v2\/comments?post=41461"}],"version-history":[{"count":3,"href":"https:\/\/dev.explora.cl\/lagos\/wp-json\/wp\/v2\/posts\/41461\/revisions"}],"predecessor-version":[{"id":41467,"href":"https:\/\/dev.explora.cl\/lagos\/wp-json\/wp\/v2\/posts\/41461\/revisions\/41467"}],"wp:featuredmedia":[{"embeddable":true,"href":"https:\/\/dev.explora.cl\/lagos\/wp-json\/wp\/v2\/media\/41463"}],"wp:attachment":[{"href":"https:\/\/dev.explora.cl\/lagos\/wp-json\/wp\/v2\/media?parent=41461"}],"wp:term":[{"taxonomy":"category","embeddable":true,"href":"https:\/\/dev.explora.cl\/lagos\/wp-json\/wp\/v2\/categories?post=41461"},{"taxonomy":"post_tag","embeddable":true,"href":"https:\/\/dev.explora.cl\/lagos\/wp-json\/wp\/v2\/tags?post=41461"}],"curies":[{"name":"wp","href":"https:\/\/api.w.org\/{rel}","templated":true}]}}