{"id":41393,"date":"2023-12-13T13:10:45","date_gmt":"2023-12-13T16:10:45","guid":{"rendered":"https:\/\/dev.explora.cl\/lagos\/?p=41393"},"modified":"2024-03-27T11:31:28","modified_gmt":"2024-03-27T14:31:28","slug":"observatorio-alma-origen-futuro-y-funcionamiento-pudo-conocerse-en-ultimo-cafe-cientifico-2023-de-explora-los-lagos","status":"publish","type":"post","link":"https:\/\/dev.explora.cl\/lagos\/observatorio-alma-origen-futuro-y-funcionamiento-pudo-conocerse-en-ultimo-cafe-cientifico-2023-de-explora-los-lagos\/","title":{"rendered":"Observatorio ALMA: origen, futuro y funcionamiento pudo conocerse en \u00faltimo Caf\u00e9 Cient\u00edfico 2023 de Explora Los Lagos"},"content":{"rendered":"<p>[vc_row][vc_column][vc_column_text]<\/p>\n<ul>\n<li>Director (i) de operaciones cient\u00edficas del Observatorio ALMA comparti\u00f3 con asistentes del \u00faltimo Caf\u00e9 Cient\u00edfico de Puerto Montt de este a\u00f1o detalles de los or\u00edgenes, el actual momento y el futuro del Atacama Large Millimeter\/submillimeter Array, el radiotelescopio m\u00e1s grande que existe.<\/li>\n<\/ul>\n<p>Con una participativa audiencia en la charla <strong>\u201cALMA 10 a\u00f1os: una aventura extraordinaria\u201d<\/strong>, con el astr\u00f3nomo <strong>Juan Cort\u00e9s<\/strong>, se cerr\u00f3 el ciclo del Caf\u00e9 Cient\u00edfico de Puerto Montt del 2023, que organiza el Proyecto Asociativo Regional (PAR) Explora Los Lagos y la Unidad de Vinculaci\u00f3n Cient\u00edfico Acad\u00e9mica de la Direcci\u00f3n de Investigaci\u00f3n de la Universidad Austral de Chile Sede Puerto Montt.<\/p>\n<p>En la oportunidad se conocieron detalles de la primera d\u00e9cada de funcionamiento del radiotelescopio m\u00e1s potente del mundo, y que se encuentra ubicado a 5 mil metros de altura, en el Llano de Chajnantor, en el Desierto de Atacama. Las y los asistentes escucharon atentamente la presentaci\u00f3n del director (i) de operaciones cient\u00edficas de ALMA y desde antes de iniciar la charla se acercaron para hacerle preguntas.<\/p>\n<p>Cort\u00e9s valor\u00f3 la posibilidad de participar en el Caf\u00e9 Cient\u00edfico de Puerto Montt porque \u201cla ciencia no puede estar simplemente limitada a los especialistas. Tiene que compartirse principalmente considerando que, en astronom\u00eda, lo que estamos tratando de responder son preguntas fundamentales y que interesan a todo p\u00fablico\u201d, se\u00f1al\u00f3.<\/p>\n<p>El astr\u00f3nomo de ALMA destac\u00f3 que vincularse con la ciudadan\u00eda en un espacio como una tertulia \u201ces un honor porque compartir nuestro trabajo, actividades y descubrimientos con la sociedad servir\u00e1 para que todas y todos disfruten la belleza que tenemos todos los d\u00edas sobre nuestras cabezas\u201d, al mismo tiempo que agradeci\u00f3 la oportunidad de participar ya que \u201cme parece que estas actividades que organiza Explora Los Lagos son fundamentales para la difusi\u00f3n de la ciencia, que a veces est\u00e1 tan relegada, que est\u00e1 compitiendo con otras \u00e1reas, como por ejemplo el entretenimiento. Acercarse a la comunidad, con temas entretenidos, adem\u00e1s de interesantes servir\u00e1 para despertar la curiosidad\u201d, concluy\u00f3.<\/p>\n<p><strong>Caf\u00e9 Cient\u00edfico de Puerto Montt en 2023<\/strong><\/p>\n<p>Gabriela Navarro Manzanal, directora del PAR Explora Los Lagos, agradeci\u00f3 la acogida de las cerca de 100 personas que acudieron a alguna de las charlas del Caf\u00e9 Cient\u00edfico de Puerto Montt que se realizaron entre julio y diciembre. Tambi\u00e9n destac\u00f3 positivamente \u201cla participaci\u00f3n virtual de amigas y amigos que se conectaron desde otras regiones y que nos acompa\u00f1an y se interesan por los temas que pudimos abordar en este per\u00edodo y conocer m\u00e1s de las investigaciones y trabajos que tienen mucha pertinencia con las realidades locales y no solamente con el inter\u00e9s personal de un cient\u00edfico o cient\u00edfica.[\/vc_column_text][\/vc_column][\/vc_row]<\/p>\n","protected":false},"excerpt":{"rendered":"<p>Revisa m\u00e1s informaci\u00f3n aqu\u00ed.<\/p>\n","protected":false},"author":36,"featured_media":41395,"comment_status":"open","ping_status":"open","sticky":false,"template":"","format":"standard","meta":{"_acf_changed":false,"_exactmetrics_skip_tracking":false,"_exactmetrics_sitenote_active":false,"_exactmetrics_sitenote_note":"","_exactmetrics_sitenote_category":0,"footnotes":"","_links_to":"","_links_to_target":""},"categories":[151,142,4],"tags":[365,274,506,332],"class_list":["post-41393","post","type-post","status-publish","format-standard","has-post-thumbnail","hentry","category-banner","category-lugar-7","category-noticias","tag-cafe-cientifico","tag-par-los-lagos","tag-restaurante-toco-madera","tag-uach-sede-puerto-montt"],"acf":[],"yoast_head":"<!-- This site is optimized with the Yoast SEO plugin v26.7 - https:\/\/yoast.com\/wordpress\/plugins\/seo\/ -->\n<title>Observatorio ALMA: origen, futuro y funcionamiento pudo conocerse en \u00faltimo Caf\u00e9 Cient\u00edfico 2023 de Explora Los Lagos - Los Lagos<\/title>\n<meta name=\"robots\" content=\"index, follow, max-snippet:-1, max-image-preview:large, max-video-preview:-1\" \/>\n<link rel=\"canonical\" href=\"https:\/\/dev.explora.cl\/lagos\/observatorio-alma-origen-futuro-y-funcionamiento-pudo-conocerse-en-ultimo-cafe-cientifico-2023-de-explora-los-lagos\/\" class=\"yoast-seo-meta-tag\" \/>\n<meta property=\"og:locale\" content=\"es_ES\" class=\"yoast-seo-meta-tag\" \/>\n<meta property=\"og:type\" content=\"article\" class=\"yoast-seo-meta-tag\" \/>\n<meta property=\"og:title\" content=\"Observatorio ALMA: origen, futuro y funcionamiento pudo conocerse en \u00faltimo Caf\u00e9 Cient\u00edfico 2023 de Explora Los Lagos - Los Lagos\" class=\"yoast-seo-meta-tag\" \/>\n<meta property=\"og:description\" content=\"Revisa m\u00e1s informaci\u00f3n aqu\u00ed.\" class=\"yoast-seo-meta-tag\" \/>\n<meta property=\"og:url\" content=\"https:\/\/dev.explora.cl\/lagos\/observatorio-alma-origen-futuro-y-funcionamiento-pudo-conocerse-en-ultimo-cafe-cientifico-2023-de-explora-los-lagos\/\" class=\"yoast-seo-meta-tag\" \/>\n<meta property=\"og:site_name\" content=\"Los Lagos\" class=\"yoast-seo-meta-tag\" \/>\n<meta property=\"article:published_time\" content=\"2023-12-13T16:10:45+00:00\" class=\"yoast-seo-meta-tag\" \/>\n<meta property=\"article:modified_time\" content=\"2024-03-27T14:31:28+00:00\" class=\"yoast-seo-meta-tag\" \/>\n<meta property=\"og:image\" content=\"https:\/\/dev.explora.cl\/lagos\/wp-content\/uploads\/sites\/17\/2023\/12\/web-Explora-1024x683.jpg\" class=\"yoast-seo-meta-tag\" \/>\n\t<meta property=\"og:image:width\" content=\"1024\" class=\"yoast-seo-meta-tag\" \/>\n\t<meta property=\"og:image:height\" content=\"683\" class=\"yoast-seo-meta-tag\" \/>\n\t<meta property=\"og:image:type\" content=\"image\/jpeg\" class=\"yoast-seo-meta-tag\" \/>\n<meta name=\"author\" content=\"jvargas\" class=\"yoast-seo-meta-tag\" \/>\n<meta name=\"twitter:card\" content=\"summary_large_image\" class=\"yoast-seo-meta-tag\" \/>\n<meta name=\"twitter:label1\" content=\"Escrito por\" class=\"yoast-seo-meta-tag\" \/>\n\t<meta name=\"twitter:data1\" content=\"jvargas\" class=\"yoast-seo-meta-tag\" \/>\n\t<meta name=\"twitter:label2\" content=\"Tiempo de lectura\" class=\"yoast-seo-meta-tag\" \/>\n\t<meta name=\"twitter:data2\" content=\"2 minutos\" class=\"yoast-seo-meta-tag\" \/>\n<script type=\"application\/ld+json\" class=\"yoast-schema-graph\">{\"@context\":\"https:\/\/schema.org\",\"@graph\":[{\"@type\":\"Article\",\"@id\":\"https:\/\/dev.explora.cl\/lagos\/observatorio-alma-origen-futuro-y-funcionamiento-pudo-conocerse-en-ultimo-cafe-cientifico-2023-de-explora-los-lagos\/#article\",\"isPartOf\":{\"@id\":\"https:\/\/dev.explora.cl\/lagos\/observatorio-alma-origen-futuro-y-funcionamiento-pudo-conocerse-en-ultimo-cafe-cientifico-2023-de-explora-los-lagos\/\"},\"author\":{\"name\":\"jvargas\",\"@id\":\"https:\/\/dev.explora.cl\/lagos\/#\/schema\/person\/6608d3ee9ea0b0daeaf12289528fc582\"},\"headline\":\"Observatorio ALMA: origen, futuro y funcionamiento pudo conocerse en \u00faltimo Caf\u00e9 Cient\u00edfico 2023 de Explora Los Lagos\",\"datePublished\":\"2023-12-13T16:10:45+00:00\",\"dateModified\":\"2024-03-27T14:31:28+00:00\",\"mainEntityOfPage\":{\"@id\":\"https:\/\/dev.explora.cl\/lagos\/observatorio-alma-origen-futuro-y-funcionamiento-pudo-conocerse-en-ultimo-cafe-cientifico-2023-de-explora-los-lagos\/\"},\"wordCount\":496,\"commentCount\":0,\"image\":{\"@id\":\"https:\/\/dev.explora.cl\/lagos\/observatorio-alma-origen-futuro-y-funcionamiento-pudo-conocerse-en-ultimo-cafe-cientifico-2023-de-explora-los-lagos\/#primaryimage\"},\"thumbnailUrl\":\"https:\/\/dev.explora.cl\/lagos\/wp-content\/uploads\/sites\/17\/2023\/12\/web-Explora.jpg\",\"keywords\":[\"Caf\u00e9 Cient\u00edfico\",\"PAR Los Lagos\",\"restaurante Toco Madera\",\"UACh Sede Puerto Montt\"],\"articleSection\":[\"Banner\",\"Lugar 7\",\"Noticias\"],\"inLanguage\":\"es\",\"potentialAction\":[{\"@type\":\"CommentAction\",\"name\":\"Comment\",\"target\":[\"https:\/\/dev.explora.cl\/lagos\/observatorio-alma-origen-futuro-y-funcionamiento-pudo-conocerse-en-ultimo-cafe-cientifico-2023-de-explora-los-lagos\/#respond\"]}]},{\"@type\":\"WebPage\",\"@id\":\"https:\/\/dev.explora.cl\/lagos\/observatorio-alma-origen-futuro-y-funcionamiento-pudo-conocerse-en-ultimo-cafe-cientifico-2023-de-explora-los-lagos\/\",\"url\":\"https:\/\/dev.explora.cl\/lagos\/observatorio-alma-origen-futuro-y-funcionamiento-pudo-conocerse-en-ultimo-cafe-cientifico-2023-de-explora-los-lagos\/\",\"name\":\"Observatorio ALMA: origen, futuro y funcionamiento pudo conocerse en \u00faltimo Caf\u00e9 Cient\u00edfico 2023 de Explora Los Lagos - Los Lagos\",\"isPartOf\":{\"@id\":\"https:\/\/dev.explora.cl\/lagos\/#website\"},\"primaryImageOfPage\":{\"@id\":\"https:\/\/dev.explora.cl\/lagos\/observatorio-alma-origen-futuro-y-funcionamiento-pudo-conocerse-en-ultimo-cafe-cientifico-2023-de-explora-los-lagos\/#primaryimage\"},\"image\":{\"@id\":\"https:\/\/dev.explora.cl\/lagos\/observatorio-alma-origen-futuro-y-funcionamiento-pudo-conocerse-en-ultimo-cafe-cientifico-2023-de-explora-los-lagos\/#primaryimage\"},\"thumbnailUrl\":\"https:\/\/dev.explora.cl\/lagos\/wp-content\/uploads\/sites\/17\/2023\/12\/web-Explora.jpg\",\"datePublished\":\"2023-12-13T16:10:45+00:00\",\"dateModified\":\"2024-03-27T14:31:28+00:00\",\"author\":{\"@id\":\"https:\/\/dev.explora.cl\/lagos\/#\/schema\/person\/6608d3ee9ea0b0daeaf12289528fc582\"},\"breadcrumb\":{\"@id\":\"https:\/\/dev.explora.cl\/lagos\/observatorio-alma-origen-futuro-y-funcionamiento-pudo-conocerse-en-ultimo-cafe-cientifico-2023-de-explora-los-lagos\/#breadcrumb\"},\"inLanguage\":\"es\",\"potentialAction\":[{\"@type\":\"ReadAction\",\"target\":[\"https:\/\/dev.explora.cl\/lagos\/observatorio-alma-origen-futuro-y-funcionamiento-pudo-conocerse-en-ultimo-cafe-cientifico-2023-de-explora-los-lagos\/\"]}]},{\"@type\":\"ImageObject\",\"inLanguage\":\"es\",\"@id\":\"https:\/\/dev.explora.cl\/lagos\/observatorio-alma-origen-futuro-y-funcionamiento-pudo-conocerse-en-ultimo-cafe-cientifico-2023-de-explora-los-lagos\/#primaryimage\",\"url\":\"https:\/\/dev.explora.cl\/lagos\/wp-content\/uploads\/sites\/17\/2023\/12\/web-Explora.jpg\",\"contentUrl\":\"https:\/\/dev.explora.cl\/lagos\/wp-content\/uploads\/sites\/17\/2023\/12\/web-Explora.jpg\",\"width\":5184,\"height\":3456},{\"@type\":\"BreadcrumbList\",\"@id\":\"https:\/\/dev.explora.cl\/lagos\/observatorio-alma-origen-futuro-y-funcionamiento-pudo-conocerse-en-ultimo-cafe-cientifico-2023-de-explora-los-lagos\/#breadcrumb\",\"itemListElement\":[{\"@type\":\"ListItem\",\"position\":1,\"name\":\"Portada\",\"item\":\"https:\/\/dev.explora.cl\/lagos\/\"},{\"@type\":\"ListItem\",\"position\":2,\"name\":\"Observatorio ALMA: origen, futuro y funcionamiento pudo conocerse en \u00faltimo Caf\u00e9 Cient\u00edfico 2023 de Explora Los Lagos\"}]},{\"@type\":\"WebSite\",\"@id\":\"https:\/\/dev.explora.cl\/lagos\/#website\",\"url\":\"https:\/\/dev.explora.cl\/lagos\/\",\"name\":\"Los Lagos\",\"description\":\"Otro sitio m\u00e1s de dev.explora.cl\",\"potentialAction\":[{\"@type\":\"SearchAction\",\"target\":{\"@type\":\"EntryPoint\",\"urlTemplate\":\"https:\/\/dev.explora.cl\/lagos\/?s={search_term_string}\"},\"query-input\":{\"@type\":\"PropertyValueSpecification\",\"valueRequired\":true,\"valueName\":\"search_term_string\"}}],\"inLanguage\":\"es\"},{\"@type\":\"Person\",\"@id\":\"https:\/\/dev.explora.cl\/lagos\/#\/schema\/person\/6608d3ee9ea0b0daeaf12289528fc582\",\"name\":\"jvargas\",\"image\":{\"@type\":\"ImageObject\",\"inLanguage\":\"es\",\"@id\":\"https:\/\/dev.explora.cl\/lagos\/#\/schema\/person\/image\/\",\"url\":\"https:\/\/secure.gravatar.com\/avatar\/8a6892fbfb002ef173a244b534b4bbcea4c183fc3fbf7732e64ac89b1d22d482?s=96&d=mm&r=g\",\"contentUrl\":\"https:\/\/secure.gravatar.com\/avatar\/8a6892fbfb002ef173a244b534b4bbcea4c183fc3fbf7732e64ac89b1d22d482?s=96&d=mm&r=g\",\"caption\":\"jvargas\"},\"url\":\"https:\/\/dev.explora.cl\/lagos\/author\/jvargas\/\"}]}<\/script>\n<!-- \/ Yoast SEO plugin. -->","yoast_head_json":{"title":"Observatorio ALMA: origen, futuro y funcionamiento pudo conocerse en \u00faltimo Caf\u00e9 Cient\u00edfico 2023 de Explora Los Lagos - Los Lagos","robots":{"index":"index","follow":"follow","max-snippet":"max-snippet:-1","max-image-preview":"max-image-preview:large","max-video-preview":"max-video-preview:-1"},"canonical":"https:\/\/dev.explora.cl\/lagos\/observatorio-alma-origen-futuro-y-funcionamiento-pudo-conocerse-en-ultimo-cafe-cientifico-2023-de-explora-los-lagos\/","og_locale":"es_ES","og_type":"article","og_title":"Observatorio ALMA: origen, futuro y funcionamiento pudo conocerse en \u00faltimo Caf\u00e9 Cient\u00edfico 2023 de Explora Los Lagos - Los Lagos","og_description":"Revisa m\u00e1s informaci\u00f3n aqu\u00ed.","og_url":"https:\/\/dev.explora.cl\/lagos\/observatorio-alma-origen-futuro-y-funcionamiento-pudo-conocerse-en-ultimo-cafe-cientifico-2023-de-explora-los-lagos\/","og_site_name":"Los Lagos","article_published_time":"2023-12-13T16:10:45+00:00","article_modified_time":"2024-03-27T14:31:28+00:00","og_image":[{"width":1024,"height":683,"url":"https:\/\/dev.explora.cl\/lagos\/wp-content\/uploads\/sites\/17\/2023\/12\/web-Explora-1024x683.jpg","type":"image\/jpeg"}],"author":"jvargas","twitter_card":"summary_large_image","twitter_misc":{"Escrito por":"jvargas","Tiempo de lectura":"2 minutos"},"schema":{"@context":"https:\/\/schema.org","@graph":[{"@type":"Article","@id":"https:\/\/dev.explora.cl\/lagos\/observatorio-alma-origen-futuro-y-funcionamiento-pudo-conocerse-en-ultimo-cafe-cientifico-2023-de-explora-los-lagos\/#article","isPartOf":{"@id":"https:\/\/dev.explora.cl\/lagos\/observatorio-alma-origen-futuro-y-funcionamiento-pudo-conocerse-en-ultimo-cafe-cientifico-2023-de-explora-los-lagos\/"},"author":{"name":"jvargas","@id":"https:\/\/dev.explora.cl\/lagos\/#\/schema\/person\/6608d3ee9ea0b0daeaf12289528fc582"},"headline":"Observatorio ALMA: origen, futuro y funcionamiento pudo conocerse en \u00faltimo Caf\u00e9 Cient\u00edfico 2023 de Explora Los Lagos","datePublished":"2023-12-13T16:10:45+00:00","dateModified":"2024-03-27T14:31:28+00:00","mainEntityOfPage":{"@id":"https:\/\/dev.explora.cl\/lagos\/observatorio-alma-origen-futuro-y-funcionamiento-pudo-conocerse-en-ultimo-cafe-cientifico-2023-de-explora-los-lagos\/"},"wordCount":496,"commentCount":0,"image":{"@id":"https:\/\/dev.explora.cl\/lagos\/observatorio-alma-origen-futuro-y-funcionamiento-pudo-conocerse-en-ultimo-cafe-cientifico-2023-de-explora-los-lagos\/#primaryimage"},"thumbnailUrl":"https:\/\/dev.explora.cl\/lagos\/wp-content\/uploads\/sites\/17\/2023\/12\/web-Explora.jpg","keywords":["Caf\u00e9 Cient\u00edfico","PAR Los Lagos","restaurante Toco Madera","UACh Sede Puerto Montt"],"articleSection":["Banner","Lugar 7","Noticias"],"inLanguage":"es","potentialAction":[{"@type":"CommentAction","name":"Comment","target":["https:\/\/dev.explora.cl\/lagos\/observatorio-alma-origen-futuro-y-funcionamiento-pudo-conocerse-en-ultimo-cafe-cientifico-2023-de-explora-los-lagos\/#respond"]}]},{"@type":"WebPage","@id":"https:\/\/dev.explora.cl\/lagos\/observatorio-alma-origen-futuro-y-funcionamiento-pudo-conocerse-en-ultimo-cafe-cientifico-2023-de-explora-los-lagos\/","url":"https:\/\/dev.explora.cl\/lagos\/observatorio-alma-origen-futuro-y-funcionamiento-pudo-conocerse-en-ultimo-cafe-cientifico-2023-de-explora-los-lagos\/","name":"Observatorio ALMA: origen, futuro y funcionamiento pudo conocerse en \u00faltimo Caf\u00e9 Cient\u00edfico 2023 de Explora Los Lagos - Los Lagos","isPartOf":{"@id":"https:\/\/dev.explora.cl\/lagos\/#website"},"primaryImageOfPage":{"@id":"https:\/\/dev.explora.cl\/lagos\/observatorio-alma-origen-futuro-y-funcionamiento-pudo-conocerse-en-ultimo-cafe-cientifico-2023-de-explora-los-lagos\/#primaryimage"},"image":{"@id":"https:\/\/dev.explora.cl\/lagos\/observatorio-alma-origen-futuro-y-funcionamiento-pudo-conocerse-en-ultimo-cafe-cientifico-2023-de-explora-los-lagos\/#primaryimage"},"thumbnailUrl":"https:\/\/dev.explora.cl\/lagos\/wp-content\/uploads\/sites\/17\/2023\/12\/web-Explora.jpg","datePublished":"2023-12-13T16:10:45+00:00","dateModified":"2024-03-27T14:31:28+00:00","author":{"@id":"https:\/\/dev.explora.cl\/lagos\/#\/schema\/person\/6608d3ee9ea0b0daeaf12289528fc582"},"breadcrumb":{"@id":"https:\/\/dev.explora.cl\/lagos\/observatorio-alma-origen-futuro-y-funcionamiento-pudo-conocerse-en-ultimo-cafe-cientifico-2023-de-explora-los-lagos\/#breadcrumb"},"inLanguage":"es","potentialAction":[{"@type":"ReadAction","target":["https:\/\/dev.explora.cl\/lagos\/observatorio-alma-origen-futuro-y-funcionamiento-pudo-conocerse-en-ultimo-cafe-cientifico-2023-de-explora-los-lagos\/"]}]},{"@type":"ImageObject","inLanguage":"es","@id":"https:\/\/dev.explora.cl\/lagos\/observatorio-alma-origen-futuro-y-funcionamiento-pudo-conocerse-en-ultimo-cafe-cientifico-2023-de-explora-los-lagos\/#primaryimage","url":"https:\/\/dev.explora.cl\/lagos\/wp-content\/uploads\/sites\/17\/2023\/12\/web-Explora.jpg","contentUrl":"https:\/\/dev.explora.cl\/lagos\/wp-content\/uploads\/sites\/17\/2023\/12\/web-Explora.jpg","width":5184,"height":3456},{"@type":"BreadcrumbList","@id":"https:\/\/dev.explora.cl\/lagos\/observatorio-alma-origen-futuro-y-funcionamiento-pudo-conocerse-en-ultimo-cafe-cientifico-2023-de-explora-los-lagos\/#breadcrumb","itemListElement":[{"@type":"ListItem","position":1,"name":"Portada","item":"https:\/\/dev.explora.cl\/lagos\/"},{"@type":"ListItem","position":2,"name":"Observatorio ALMA: origen, futuro y funcionamiento pudo conocerse en \u00faltimo Caf\u00e9 Cient\u00edfico 2023 de Explora Los Lagos"}]},{"@type":"WebSite","@id":"https:\/\/dev.explora.cl\/lagos\/#website","url":"https:\/\/dev.explora.cl\/lagos\/","name":"Los Lagos","description":"Otro sitio m\u00e1s de dev.explora.cl","potentialAction":[{"@type":"SearchAction","target":{"@type":"EntryPoint","urlTemplate":"https:\/\/dev.explora.cl\/lagos\/?s={search_term_string}"},"query-input":{"@type":"PropertyValueSpecification","valueRequired":true,"valueName":"search_term_string"}}],"inLanguage":"es"},{"@type":"Person","@id":"https:\/\/dev.explora.cl\/lagos\/#\/schema\/person\/6608d3ee9ea0b0daeaf12289528fc582","name":"jvargas","image":{"@type":"ImageObject","inLanguage":"es","@id":"https:\/\/dev.explora.cl\/lagos\/#\/schema\/person\/image\/","url":"https:\/\/secure.gravatar.com\/avatar\/8a6892fbfb002ef173a244b534b4bbcea4c183fc3fbf7732e64ac89b1d22d482?s=96&d=mm&r=g","contentUrl":"https:\/\/secure.gravatar.com\/avatar\/8a6892fbfb002ef173a244b534b4bbcea4c183fc3fbf7732e64ac89b1d22d482?s=96&d=mm&r=g","caption":"jvargas"},"url":"https:\/\/dev.explora.cl\/lagos\/author\/jvargas\/"}]}},"_links":{"self":[{"href":"https:\/\/dev.explora.cl\/lagos\/wp-json\/wp\/v2\/posts\/41393","targetHints":{"allow":["GET"]}}],"collection":[{"href":"https:\/\/dev.explora.cl\/lagos\/wp-json\/wp\/v2\/posts"}],"about":[{"href":"https:\/\/dev.explora.cl\/lagos\/wp-json\/wp\/v2\/types\/post"}],"author":[{"embeddable":true,"href":"https:\/\/dev.explora.cl\/lagos\/wp-json\/wp\/v2\/users\/36"}],"replies":[{"embeddable":true,"href":"https:\/\/dev.explora.cl\/lagos\/wp-json\/wp\/v2\/comments?post=41393"}],"version-history":[{"count":1,"href":"https:\/\/dev.explora.cl\/lagos\/wp-json\/wp\/v2\/posts\/41393\/revisions"}],"predecessor-version":[{"id":41394,"href":"https:\/\/dev.explora.cl\/lagos\/wp-json\/wp\/v2\/posts\/41393\/revisions\/41394"}],"wp:featuredmedia":[{"embeddable":true,"href":"https:\/\/dev.explora.cl\/lagos\/wp-json\/wp\/v2\/media\/41395"}],"wp:attachment":[{"href":"https:\/\/dev.explora.cl\/lagos\/wp-json\/wp\/v2\/media?parent=41393"}],"wp:term":[{"taxonomy":"category","embeddable":true,"href":"https:\/\/dev.explora.cl\/lagos\/wp-json\/wp\/v2\/categories?post=41393"},{"taxonomy":"post_tag","embeddable":true,"href":"https:\/\/dev.explora.cl\/lagos\/wp-json\/wp\/v2\/tags?post=41393"}],"curies":[{"name":"wp","href":"https:\/\/api.w.org\/{rel}","templated":true}]}}