{"id":41297,"date":"2023-11-21T15:15:43","date_gmt":"2023-11-21T18:15:43","guid":{"rendered":"https:\/\/dev.explora.cl\/lagos\/?p=41297"},"modified":"2024-03-14T12:30:06","modified_gmt":"2024-03-14T15:30:06","slug":"establecimientos-destacados-en-el-xix-congreso-regional-escolar-explora-los-lagos-2023-son-de-calbuco-ancud-y-futaleufu","status":"publish","type":"post","link":"https:\/\/dev.explora.cl\/lagos\/establecimientos-destacados-en-el-xix-congreso-regional-escolar-explora-los-lagos-2023-son-de-calbuco-ancud-y-futaleufu\/","title":{"rendered":"Establecimientos destacados en el XIX Congreso Regional Escolar Explora Los Lagos 2023 son de Calbuco, Ancud y Futaleuf\u00fa"},"content":{"rendered":"<p>[vc_row][vc_column][vc_column_text]<\/p>\n<ul>\n<li>Estudiantes y docentes de 29 equipos de todas las provincias participaron en Fiesta de las Ciencias y Congreso organizado por Proyecto Asociativo Regional Explora Los Lagos 2023.<\/li>\n<\/ul>\n<p>Los trabajos de la Escuela Rural El Rosario y del Colegio San Miguel, de Calbuco, del Colegio El Pilar de Ancud y Liceo Bicentenario de Futaleuf\u00fa alcanzaron la m\u00e1xima distinci\u00f3n del XIX Congreso Regional de Investigaci\u00f3n e Innovaci\u00f3n Escolar, que se desarroll\u00f3 en el marco de la Fiesta de las Ciencias Explora Los Lagos 2023.<\/p>\n<p>El evento, que se realiz\u00f3 en el Centro de Eventos Arena Puerto Montt durante dos d\u00edas y cont\u00f3 con la participaci\u00f3n de 29 equipos de investigaci\u00f3n e innovaci\u00f3n escolar de 21 colegios de todas las provincias, fue organizado por el Proyecto Asociativo Regional PAR Explora Los Lagos del Ministerio de Ciencia, Tecnolog\u00eda, Conocimiento e Innovaci\u00f3n y ejecutado por la Universidad Austral de Chile Sede Puerto Montt.<\/p>\n<p>La actividad cont\u00f3 con la participaci\u00f3n de m\u00e1s de una docena de instituciones del ecosistema de las ciencias, tecnolog\u00eda, conocimiento e innovaci\u00f3n de la Regi\u00f3n de Los Lagos, que se hicieron presentes con stands interactivos, adem\u00e1s de la visita de alrededor de 750 estudiantes de unos 25 establecimientos educacionales, que conocieron detalles de investigaciones y trabajos de innovaci\u00f3n seleccionados para el Congreso de este a\u00f1o.<\/p>\n<p>En el marco de la Fiesta de las Ciencias Explora 2023 se present\u00f3 la obra teatral \u201cLa Minga de Pedro\u201d de la Compa\u00f1\u00eda La Familia Pez y el carnaval \u201cAbracadabra, Jolgorio Sin palabras\u201d, performance art\u00edstico sensorial de La Ventolera Cuento y Comedia con la colaboraci\u00f3n de A\u00e9reas Frutillar.<\/p>\n<p>La Vicerrectora de la Universidad Austral de Chile Sede Puerto Montt, Marcela Astorga Opazo, se\u00f1al\u00f3 al iniciar la Fiesta y Congreso Explora 2023 que el sentido fundamental de este evento es \u201cgenerar un espacio concreto de socializaci\u00f3n de lo que las comunidades escolares est\u00e1n realizando en cuanto a investigaci\u00f3n e innovaci\u00f3n. Felicito a las y los estudiantes que llegaron hasta aqu\u00ed y les invito a seguir profundizando su inter\u00e9s por conocer, descubrir y aportar con sus trabajos, ya sea a sus establecimientos o a sus comunidades. Aprovechen de conversar con la mayor cantidad de expositores y expositoras presentes aqu\u00ed\u201d, indic\u00f3 la acad\u00e9mica.<\/p>\n<p>La Secretaria Regional Ministerial de medio Ambiente, Carola Iturriaga Saavedra, dijo en su intervenci\u00f3n que \u201cla ciencia y la innovaci\u00f3n son factores claves para enfrentar la crisis clim\u00e1tica, en este sentido es esencial que las comunidades educativas se involucren en investigaciones que ayuden a conocer su entorno, los problemas existentes en sus territorios y a partir de ellos propongan soluciones innovadoras para aportar al desarrollo sustentable. De estas experiencias probablemente saldr\u00e1n los cient\u00edficos de la regi\u00f3n que nos ayuden a adaptarnos al nuevo escenario clim\u00e1tico y tambi\u00e9n propongan medidas para mitigar contaminaci\u00f3n y gases de efecto invernadero, Para la Seremi del medio ambiente y CREA Los Lagos es sumamente positivo ser aliados de este equipo, formar parte del comit\u00e9 asesor y acompa\u00f1arles en estas iniciativas pues para nosotros representan una valiosa oportunidad de seguir sensibilizando y haciendo educaci\u00f3n ambiental\u201d, dijo.<\/p>\n<p>Por otra parte, el Gobernador Regional Patricio Vallesp\u00edn L\u00f3pez destac\u00f3 el entusiasmo de las y los estudiantes participantes y la diversidad de temas de los trabajos presentados, junto con valorar que la UACh, a trav\u00e9s de las acciones del PAR Explora Los Lagos y otras instituciones vinculadas a las CTCI \u201cpuedan materializar actividades de este nivel de organizaci\u00f3n y alcance, ya que hay presencia de escuelas, liceos y colegios de todas nuestras provincias. Veo aqu\u00ed la posibilidad de que estemos compartiendo con futuras cient\u00edficas y cient\u00edficos que har\u00e1n importantes descubrimientos el d\u00eda de ma\u00f1ana\u201d, dijo.<\/p>\n<p><strong>Equipos destacados<\/strong><\/p>\n<p>Como reconocimiento para los equipos destacados 2023 se prepar\u00f3 una gira t\u00e9cnica a la regi\u00f3n de Coquimbo, en la que participar\u00e1n las y los estudiantes que expusieron los resultados de los trabajos, junto a su profesor o profesora asesora, junto a la directora del PAR Explora Los Lagos, Gabriela Navarro Manzanal y la encargada del Congreso Regional de Investigaci\u00f3n e Innovaci\u00f3n Escolar, Yasna Vera Vel\u00e1squez y que se realizar\u00e1 entre el 11 y 15 de diciembre pr\u00f3ximos.<\/p>\n<p>Los trabajos seleccionados fueron revisados, en su informe escrito y presentaci\u00f3n oral por el Comit\u00e9 Cient\u00edfico Evaluador<\/p>\n<p>La calificaci\u00f3n alcanzada arroj\u00f3 que los equipos destacados en <strong>Innovaci\u00f3n<\/strong> fueran:<\/p>\n<ul>\n<li>Educaci\u00f3n B\u00e1sica: Dise\u00f1o de una herramienta de medici\u00f3n de ruido basados en tecnolog\u00edas Arduino, para medir contaminaci\u00f3n ac\u00fastica en el Colegio El Pilar, de Ancud.\n<ul>\n<li>Establecimiento: Colegio El Pilar, Ancud<\/li>\n<li>Expositores: Tom\u00e1s Z\u00fa\u00f1iga Caicheo y Mayte Santana Ampuero<\/li>\n<li>Docente asesor\/a: Francisco Catipill\u00e1n Arteaga<\/li>\n<\/ul>\n<\/li>\n<\/ul>\n<ul>\n<li>Educaci\u00f3n Media: Circuito geo-tur\u00edstico para la visibilidad del Geopatrimonio local de la comuna de Futaleuf\u00fa: \u201cRuta del c\u00f3ndor\u201d.\n<ul>\n<li>Establecimiento: Liceo Bicentenario de Futaleuf\u00fa<\/li>\n<li>Expositores: Trinidad Le\u00f3n Menschel y Martina Alderete Vallejos<\/li>\n<li>Docente asesor\/a: Waldo Canales Ram\u00edrez<\/li>\n<\/ul>\n<\/li>\n<\/ul>\n<p>Los trabajos de <strong>Investigaci\u00f3n<\/strong> destacados en esta edici\u00f3n son:<\/p>\n<ul>\n<li>Educaci\u00f3n B\u00e1sica: Macroalga ulva Lactuca utilizada como fertilizante en semillas de cilantro, de la Escuela Rural El Rosario.\n<ul>\n<li>Establecimiento: Escuela Rural El Rosario, Calbuco<\/li>\n<li>Expositores: Emily Melillanca Villarroel y Carla Ruiz Oyarz\u00fan<\/li>\n<li>Docente asesor\/a: Ivonne Vel\u00e1zquez Y\u00e1\u00f1ez<\/li>\n<\/ul>\n<\/li>\n<\/ul>\n<ul>\n<li>Educaci\u00f3n Media: Estudio de la variabilidad estacional sobre los par\u00e1metros fisicoqu\u00edmicos y biol\u00f3gicos del Canal Caica\u00e9n, Regi\u00f3n de Los Lagos.\n<ul>\n<li>Establecimiento: Colegio San Miguel, Calbuco<\/li>\n<li>Expositores: Benjam\u00edn Almonacid Mansilla y Damaris Huenante Lonc\u00f3n<\/li>\n<li>Docente asesor\/a: Jenise Figueroa Z\u00fa\u00f1iga<\/li>\n<\/ul>\n<\/li>\n<\/ul>\n<p>Adem\u00e1s del reconocimiento para los trabajos destacados, en la oportunidad se entreg\u00f3 una menci\u00f3n honrosa a las y los estudiantes que alcanzaron el mayor puntaje en el informe escrito y presentaci\u00f3n oral:<\/p>\n<ul>\n<li>Informe escrito Educaci\u00f3n B\u00e1sica: Fibras vegetales de uso artesanal en cester\u00eda tradicional en la Isla de Chilo\u00e9.\n<ul>\n<li>Establecimiento: Colegio El Pilar, de Ancud.<\/li>\n<\/ul>\n<\/li>\n<\/ul>\n<ul>\n<li>Informe escrito Educaci\u00f3n Media: Mapa de prevenci\u00f3n de riesgos ante accidentes y anomal\u00edas en la ruta de Ancud a Castro y sus alrededores.\n<ul>\n<li>Establecimiento: Liceo Comercial El Pilar, de Ancud<\/li>\n<\/ul>\n<\/li>\n<\/ul>\n<ul>\n<li>Educaci\u00f3n B\u00e1sica presentaci\u00f3n oral: Diagn\u00f3stico del entorno alimentario de la Escuela Vicente P\u00e9rez Rosales.\n<ul>\n<li>Establecimiento: Escuela Vicente P\u00e9rez Rosales, de Frutillar<\/li>\n<\/ul>\n<\/li>\n<\/ul>\n<ul>\n<li>Educaci\u00f3n Media presentaci\u00f3n oral: OPTIMA: Estacionamiento Automatizado con Arduino.\n<ul>\n<li>Establecimiento: Colegio Emprender Osorno, de Osorno.<\/li>\n<\/ul>\n<\/li>\n<\/ul>\n<p>Todas las y los estudiantes, junto a sus docentes asesores recibieron de parte de la directora del PAR Explora Los Lagos y la coordinadora, Karina Bravo Araneda un diploma de reconocimiento por su participaci\u00f3n en el XIX Congreso Regional de Investigaci\u00f3n e Innovaci\u00f3n Escolar Explora Los Lagos 2023.[\/vc_column_text][\/vc_column][\/vc_row]<\/p>\n","protected":false},"excerpt":{"rendered":"<p>Aqu\u00ed, m\u00e1s detalles<\/p>\n","protected":false},"author":36,"featured_media":41327,"comment_status":"open","ping_status":"open","sticky":false,"template":"","format":"standard","meta":{"_acf_changed":false,"_exactmetrics_skip_tracking":false,"_exactmetrics_sitenote_active":false,"_exactmetrics_sitenote_note":"","_exactmetrics_sitenote_category":0,"footnotes":"","_links_to":"","_links_to_target":""},"categories":[151,4],"tags":[436,516,515,517],"class_list":["post-41297","post","type-post","status-publish","format-standard","has-post-thumbnail","hentry","category-banner","category-noticias","tag-arena-puerto-montt","tag-congreso-regional-de-investigacion-e-innovacion-escolar","tag-congreso-regional-explora","tag-fiesta-de-las-ciencias-2023"],"acf":[],"yoast_head":"<!-- This site is optimized with the Yoast SEO plugin v26.7 - https:\/\/yoast.com\/wordpress\/plugins\/seo\/ -->\n<title>Establecimientos destacados en el XIX Congreso Regional Escolar Explora Los Lagos 2023 son de Calbuco, Ancud y Futaleuf\u00fa - Los Lagos<\/title>\n<meta name=\"robots\" content=\"index, follow, max-snippet:-1, max-image-preview:large, max-video-preview:-1\" \/>\n<link rel=\"canonical\" href=\"https:\/\/dev.explora.cl\/lagos\/establecimientos-destacados-en-el-xix-congreso-regional-escolar-explora-los-lagos-2023-son-de-calbuco-ancud-y-futaleufu\/\" class=\"yoast-seo-meta-tag\" \/>\n<meta property=\"og:locale\" content=\"es_ES\" class=\"yoast-seo-meta-tag\" \/>\n<meta property=\"og:type\" content=\"article\" class=\"yoast-seo-meta-tag\" \/>\n<meta property=\"og:title\" content=\"Establecimientos destacados en el XIX Congreso Regional Escolar Explora Los Lagos 2023 son de Calbuco, Ancud y Futaleuf\u00fa - Los Lagos\" class=\"yoast-seo-meta-tag\" \/>\n<meta property=\"og:description\" content=\"Aqu\u00ed, m\u00e1s detalles\" class=\"yoast-seo-meta-tag\" \/>\n<meta property=\"og:url\" content=\"https:\/\/dev.explora.cl\/lagos\/establecimientos-destacados-en-el-xix-congreso-regional-escolar-explora-los-lagos-2023-son-de-calbuco-ancud-y-futaleufu\/\" class=\"yoast-seo-meta-tag\" \/>\n<meta property=\"og:site_name\" content=\"Los Lagos\" class=\"yoast-seo-meta-tag\" \/>\n<meta property=\"article:published_time\" content=\"2023-11-21T18:15:43+00:00\" class=\"yoast-seo-meta-tag\" \/>\n<meta property=\"article:modified_time\" content=\"2024-03-14T15:30:06+00:00\" class=\"yoast-seo-meta-tag\" \/>\n<meta property=\"og:image\" content=\"https:\/\/dev.explora.cl\/lagos\/wp-content\/uploads\/sites\/17\/2023\/11\/BANNER-WEB-EXPLORA-COLLAGE-01-1024x585.jpg\" class=\"yoast-seo-meta-tag\" \/>\n\t<meta property=\"og:image:width\" content=\"1024\" class=\"yoast-seo-meta-tag\" \/>\n\t<meta property=\"og:image:height\" content=\"585\" class=\"yoast-seo-meta-tag\" \/>\n\t<meta property=\"og:image:type\" content=\"image\/jpeg\" class=\"yoast-seo-meta-tag\" \/>\n<meta name=\"author\" content=\"jvargas\" class=\"yoast-seo-meta-tag\" \/>\n<meta name=\"twitter:card\" content=\"summary_large_image\" class=\"yoast-seo-meta-tag\" \/>\n<meta name=\"twitter:label1\" content=\"Escrito por\" class=\"yoast-seo-meta-tag\" \/>\n\t<meta name=\"twitter:data1\" content=\"jvargas\" class=\"yoast-seo-meta-tag\" \/>\n\t<meta name=\"twitter:label2\" content=\"Tiempo de lectura\" class=\"yoast-seo-meta-tag\" \/>\n\t<meta name=\"twitter:data2\" content=\"6 minutos\" class=\"yoast-seo-meta-tag\" \/>\n<script type=\"application\/ld+json\" class=\"yoast-schema-graph\">{\"@context\":\"https:\/\/schema.org\",\"@graph\":[{\"@type\":\"Article\",\"@id\":\"https:\/\/dev.explora.cl\/lagos\/establecimientos-destacados-en-el-xix-congreso-regional-escolar-explora-los-lagos-2023-son-de-calbuco-ancud-y-futaleufu\/#article\",\"isPartOf\":{\"@id\":\"https:\/\/dev.explora.cl\/lagos\/establecimientos-destacados-en-el-xix-congreso-regional-escolar-explora-los-lagos-2023-son-de-calbuco-ancud-y-futaleufu\/\"},\"author\":{\"name\":\"jvargas\",\"@id\":\"https:\/\/dev.explora.cl\/lagos\/#\/schema\/person\/6608d3ee9ea0b0daeaf12289528fc582\"},\"headline\":\"Establecimientos destacados en el XIX Congreso Regional Escolar Explora Los Lagos 2023 son de Calbuco, Ancud y Futaleuf\u00fa\",\"datePublished\":\"2023-11-21T18:15:43+00:00\",\"dateModified\":\"2024-03-14T15:30:06+00:00\",\"mainEntityOfPage\":{\"@id\":\"https:\/\/dev.explora.cl\/lagos\/establecimientos-destacados-en-el-xix-congreso-regional-escolar-explora-los-lagos-2023-son-de-calbuco-ancud-y-futaleufu\/\"},\"wordCount\":1170,\"commentCount\":0,\"image\":{\"@id\":\"https:\/\/dev.explora.cl\/lagos\/establecimientos-destacados-en-el-xix-congreso-regional-escolar-explora-los-lagos-2023-son-de-calbuco-ancud-y-futaleufu\/#primaryimage\"},\"thumbnailUrl\":\"https:\/\/dev.explora.cl\/lagos\/wp-content\/uploads\/sites\/17\/2023\/11\/BANNER-WEB-EXPLORA-COLLAGE-01.jpg\",\"keywords\":[\"arena puerto montt\",\"Congreso Regional de Investigaci\u00f3n e innovaci\u00f3n Escolar\",\"Congreso regional Explora\",\"Fiesta de las Ciencias 2023\"],\"articleSection\":[\"Banner\",\"Noticias\"],\"inLanguage\":\"es\",\"potentialAction\":[{\"@type\":\"CommentAction\",\"name\":\"Comment\",\"target\":[\"https:\/\/dev.explora.cl\/lagos\/establecimientos-destacados-en-el-xix-congreso-regional-escolar-explora-los-lagos-2023-son-de-calbuco-ancud-y-futaleufu\/#respond\"]}]},{\"@type\":\"WebPage\",\"@id\":\"https:\/\/dev.explora.cl\/lagos\/establecimientos-destacados-en-el-xix-congreso-regional-escolar-explora-los-lagos-2023-son-de-calbuco-ancud-y-futaleufu\/\",\"url\":\"https:\/\/dev.explora.cl\/lagos\/establecimientos-destacados-en-el-xix-congreso-regional-escolar-explora-los-lagos-2023-son-de-calbuco-ancud-y-futaleufu\/\",\"name\":\"Establecimientos destacados en el XIX Congreso Regional Escolar Explora Los Lagos 2023 son de Calbuco, Ancud y Futaleuf\u00fa - Los Lagos\",\"isPartOf\":{\"@id\":\"https:\/\/dev.explora.cl\/lagos\/#website\"},\"primaryImageOfPage\":{\"@id\":\"https:\/\/dev.explora.cl\/lagos\/establecimientos-destacados-en-el-xix-congreso-regional-escolar-explora-los-lagos-2023-son-de-calbuco-ancud-y-futaleufu\/#primaryimage\"},\"image\":{\"@id\":\"https:\/\/dev.explora.cl\/lagos\/establecimientos-destacados-en-el-xix-congreso-regional-escolar-explora-los-lagos-2023-son-de-calbuco-ancud-y-futaleufu\/#primaryimage\"},\"thumbnailUrl\":\"https:\/\/dev.explora.cl\/lagos\/wp-content\/uploads\/sites\/17\/2023\/11\/BANNER-WEB-EXPLORA-COLLAGE-01.jpg\",\"datePublished\":\"2023-11-21T18:15:43+00:00\",\"dateModified\":\"2024-03-14T15:30:06+00:00\",\"author\":{\"@id\":\"https:\/\/dev.explora.cl\/lagos\/#\/schema\/person\/6608d3ee9ea0b0daeaf12289528fc582\"},\"breadcrumb\":{\"@id\":\"https:\/\/dev.explora.cl\/lagos\/establecimientos-destacados-en-el-xix-congreso-regional-escolar-explora-los-lagos-2023-son-de-calbuco-ancud-y-futaleufu\/#breadcrumb\"},\"inLanguage\":\"es\",\"potentialAction\":[{\"@type\":\"ReadAction\",\"target\":[\"https:\/\/dev.explora.cl\/lagos\/establecimientos-destacados-en-el-xix-congreso-regional-escolar-explora-los-lagos-2023-son-de-calbuco-ancud-y-futaleufu\/\"]}]},{\"@type\":\"ImageObject\",\"inLanguage\":\"es\",\"@id\":\"https:\/\/dev.explora.cl\/lagos\/establecimientos-destacados-en-el-xix-congreso-regional-escolar-explora-los-lagos-2023-son-de-calbuco-ancud-y-futaleufu\/#primaryimage\",\"url\":\"https:\/\/dev.explora.cl\/lagos\/wp-content\/uploads\/sites\/17\/2023\/11\/BANNER-WEB-EXPLORA-COLLAGE-01.jpg\",\"contentUrl\":\"https:\/\/dev.explora.cl\/lagos\/wp-content\/uploads\/sites\/17\/2023\/11\/BANNER-WEB-EXPLORA-COLLAGE-01.jpg\",\"width\":3068,\"height\":1754},{\"@type\":\"BreadcrumbList\",\"@id\":\"https:\/\/dev.explora.cl\/lagos\/establecimientos-destacados-en-el-xix-congreso-regional-escolar-explora-los-lagos-2023-son-de-calbuco-ancud-y-futaleufu\/#breadcrumb\",\"itemListElement\":[{\"@type\":\"ListItem\",\"position\":1,\"name\":\"Portada\",\"item\":\"https:\/\/dev.explora.cl\/lagos\/\"},{\"@type\":\"ListItem\",\"position\":2,\"name\":\"Establecimientos destacados en el XIX Congreso Regional Escolar Explora Los Lagos 2023 son de Calbuco, Ancud y Futaleuf\u00fa\"}]},{\"@type\":\"WebSite\",\"@id\":\"https:\/\/dev.explora.cl\/lagos\/#website\",\"url\":\"https:\/\/dev.explora.cl\/lagos\/\",\"name\":\"Los Lagos\",\"description\":\"Otro sitio m\u00e1s de dev.explora.cl\",\"potentialAction\":[{\"@type\":\"SearchAction\",\"target\":{\"@type\":\"EntryPoint\",\"urlTemplate\":\"https:\/\/dev.explora.cl\/lagos\/?s={search_term_string}\"},\"query-input\":{\"@type\":\"PropertyValueSpecification\",\"valueRequired\":true,\"valueName\":\"search_term_string\"}}],\"inLanguage\":\"es\"},{\"@type\":\"Person\",\"@id\":\"https:\/\/dev.explora.cl\/lagos\/#\/schema\/person\/6608d3ee9ea0b0daeaf12289528fc582\",\"name\":\"jvargas\",\"image\":{\"@type\":\"ImageObject\",\"inLanguage\":\"es\",\"@id\":\"https:\/\/dev.explora.cl\/lagos\/#\/schema\/person\/image\/\",\"url\":\"https:\/\/secure.gravatar.com\/avatar\/8a6892fbfb002ef173a244b534b4bbcea4c183fc3fbf7732e64ac89b1d22d482?s=96&d=mm&r=g\",\"contentUrl\":\"https:\/\/secure.gravatar.com\/avatar\/8a6892fbfb002ef173a244b534b4bbcea4c183fc3fbf7732e64ac89b1d22d482?s=96&d=mm&r=g\",\"caption\":\"jvargas\"},\"url\":\"https:\/\/dev.explora.cl\/lagos\/author\/jvargas\/\"}]}<\/script>\n<!-- \/ Yoast SEO plugin. -->","yoast_head_json":{"title":"Establecimientos destacados en el XIX Congreso Regional Escolar Explora Los Lagos 2023 son de Calbuco, Ancud y Futaleuf\u00fa - Los Lagos","robots":{"index":"index","follow":"follow","max-snippet":"max-snippet:-1","max-image-preview":"max-image-preview:large","max-video-preview":"max-video-preview:-1"},"canonical":"https:\/\/dev.explora.cl\/lagos\/establecimientos-destacados-en-el-xix-congreso-regional-escolar-explora-los-lagos-2023-son-de-calbuco-ancud-y-futaleufu\/","og_locale":"es_ES","og_type":"article","og_title":"Establecimientos destacados en el XIX Congreso Regional Escolar Explora Los Lagos 2023 son de Calbuco, Ancud y Futaleuf\u00fa - Los Lagos","og_description":"Aqu\u00ed, m\u00e1s detalles","og_url":"https:\/\/dev.explora.cl\/lagos\/establecimientos-destacados-en-el-xix-congreso-regional-escolar-explora-los-lagos-2023-son-de-calbuco-ancud-y-futaleufu\/","og_site_name":"Los Lagos","article_published_time":"2023-11-21T18:15:43+00:00","article_modified_time":"2024-03-14T15:30:06+00:00","og_image":[{"width":1024,"height":585,"url":"https:\/\/dev.explora.cl\/lagos\/wp-content\/uploads\/sites\/17\/2023\/11\/BANNER-WEB-EXPLORA-COLLAGE-01-1024x585.jpg","type":"image\/jpeg"}],"author":"jvargas","twitter_card":"summary_large_image","twitter_misc":{"Escrito por":"jvargas","Tiempo de lectura":"6 minutos"},"schema":{"@context":"https:\/\/schema.org","@graph":[{"@type":"Article","@id":"https:\/\/dev.explora.cl\/lagos\/establecimientos-destacados-en-el-xix-congreso-regional-escolar-explora-los-lagos-2023-son-de-calbuco-ancud-y-futaleufu\/#article","isPartOf":{"@id":"https:\/\/dev.explora.cl\/lagos\/establecimientos-destacados-en-el-xix-congreso-regional-escolar-explora-los-lagos-2023-son-de-calbuco-ancud-y-futaleufu\/"},"author":{"name":"jvargas","@id":"https:\/\/dev.explora.cl\/lagos\/#\/schema\/person\/6608d3ee9ea0b0daeaf12289528fc582"},"headline":"Establecimientos destacados en el XIX Congreso Regional Escolar Explora Los Lagos 2023 son de Calbuco, Ancud y Futaleuf\u00fa","datePublished":"2023-11-21T18:15:43+00:00","dateModified":"2024-03-14T15:30:06+00:00","mainEntityOfPage":{"@id":"https:\/\/dev.explora.cl\/lagos\/establecimientos-destacados-en-el-xix-congreso-regional-escolar-explora-los-lagos-2023-son-de-calbuco-ancud-y-futaleufu\/"},"wordCount":1170,"commentCount":0,"image":{"@id":"https:\/\/dev.explora.cl\/lagos\/establecimientos-destacados-en-el-xix-congreso-regional-escolar-explora-los-lagos-2023-son-de-calbuco-ancud-y-futaleufu\/#primaryimage"},"thumbnailUrl":"https:\/\/dev.explora.cl\/lagos\/wp-content\/uploads\/sites\/17\/2023\/11\/BANNER-WEB-EXPLORA-COLLAGE-01.jpg","keywords":["arena puerto montt","Congreso Regional de Investigaci\u00f3n e innovaci\u00f3n Escolar","Congreso regional Explora","Fiesta de las Ciencias 2023"],"articleSection":["Banner","Noticias"],"inLanguage":"es","potentialAction":[{"@type":"CommentAction","name":"Comment","target":["https:\/\/dev.explora.cl\/lagos\/establecimientos-destacados-en-el-xix-congreso-regional-escolar-explora-los-lagos-2023-son-de-calbuco-ancud-y-futaleufu\/#respond"]}]},{"@type":"WebPage","@id":"https:\/\/dev.explora.cl\/lagos\/establecimientos-destacados-en-el-xix-congreso-regional-escolar-explora-los-lagos-2023-son-de-calbuco-ancud-y-futaleufu\/","url":"https:\/\/dev.explora.cl\/lagos\/establecimientos-destacados-en-el-xix-congreso-regional-escolar-explora-los-lagos-2023-son-de-calbuco-ancud-y-futaleufu\/","name":"Establecimientos destacados en el XIX Congreso Regional Escolar Explora Los Lagos 2023 son de Calbuco, Ancud y Futaleuf\u00fa - Los Lagos","isPartOf":{"@id":"https:\/\/dev.explora.cl\/lagos\/#website"},"primaryImageOfPage":{"@id":"https:\/\/dev.explora.cl\/lagos\/establecimientos-destacados-en-el-xix-congreso-regional-escolar-explora-los-lagos-2023-son-de-calbuco-ancud-y-futaleufu\/#primaryimage"},"image":{"@id":"https:\/\/dev.explora.cl\/lagos\/establecimientos-destacados-en-el-xix-congreso-regional-escolar-explora-los-lagos-2023-son-de-calbuco-ancud-y-futaleufu\/#primaryimage"},"thumbnailUrl":"https:\/\/dev.explora.cl\/lagos\/wp-content\/uploads\/sites\/17\/2023\/11\/BANNER-WEB-EXPLORA-COLLAGE-01.jpg","datePublished":"2023-11-21T18:15:43+00:00","dateModified":"2024-03-14T15:30:06+00:00","author":{"@id":"https:\/\/dev.explora.cl\/lagos\/#\/schema\/person\/6608d3ee9ea0b0daeaf12289528fc582"},"breadcrumb":{"@id":"https:\/\/dev.explora.cl\/lagos\/establecimientos-destacados-en-el-xix-congreso-regional-escolar-explora-los-lagos-2023-son-de-calbuco-ancud-y-futaleufu\/#breadcrumb"},"inLanguage":"es","potentialAction":[{"@type":"ReadAction","target":["https:\/\/dev.explora.cl\/lagos\/establecimientos-destacados-en-el-xix-congreso-regional-escolar-explora-los-lagos-2023-son-de-calbuco-ancud-y-futaleufu\/"]}]},{"@type":"ImageObject","inLanguage":"es","@id":"https:\/\/dev.explora.cl\/lagos\/establecimientos-destacados-en-el-xix-congreso-regional-escolar-explora-los-lagos-2023-son-de-calbuco-ancud-y-futaleufu\/#primaryimage","url":"https:\/\/dev.explora.cl\/lagos\/wp-content\/uploads\/sites\/17\/2023\/11\/BANNER-WEB-EXPLORA-COLLAGE-01.jpg","contentUrl":"https:\/\/dev.explora.cl\/lagos\/wp-content\/uploads\/sites\/17\/2023\/11\/BANNER-WEB-EXPLORA-COLLAGE-01.jpg","width":3068,"height":1754},{"@type":"BreadcrumbList","@id":"https:\/\/dev.explora.cl\/lagos\/establecimientos-destacados-en-el-xix-congreso-regional-escolar-explora-los-lagos-2023-son-de-calbuco-ancud-y-futaleufu\/#breadcrumb","itemListElement":[{"@type":"ListItem","position":1,"name":"Portada","item":"https:\/\/dev.explora.cl\/lagos\/"},{"@type":"ListItem","position":2,"name":"Establecimientos destacados en el XIX Congreso Regional Escolar Explora Los Lagos 2023 son de Calbuco, Ancud y Futaleuf\u00fa"}]},{"@type":"WebSite","@id":"https:\/\/dev.explora.cl\/lagos\/#website","url":"https:\/\/dev.explora.cl\/lagos\/","name":"Los Lagos","description":"Otro sitio m\u00e1s de dev.explora.cl","potentialAction":[{"@type":"SearchAction","target":{"@type":"EntryPoint","urlTemplate":"https:\/\/dev.explora.cl\/lagos\/?s={search_term_string}"},"query-input":{"@type":"PropertyValueSpecification","valueRequired":true,"valueName":"search_term_string"}}],"inLanguage":"es"},{"@type":"Person","@id":"https:\/\/dev.explora.cl\/lagos\/#\/schema\/person\/6608d3ee9ea0b0daeaf12289528fc582","name":"jvargas","image":{"@type":"ImageObject","inLanguage":"es","@id":"https:\/\/dev.explora.cl\/lagos\/#\/schema\/person\/image\/","url":"https:\/\/secure.gravatar.com\/avatar\/8a6892fbfb002ef173a244b534b4bbcea4c183fc3fbf7732e64ac89b1d22d482?s=96&d=mm&r=g","contentUrl":"https:\/\/secure.gravatar.com\/avatar\/8a6892fbfb002ef173a244b534b4bbcea4c183fc3fbf7732e64ac89b1d22d482?s=96&d=mm&r=g","caption":"jvargas"},"url":"https:\/\/dev.explora.cl\/lagos\/author\/jvargas\/"}]}},"_links":{"self":[{"href":"https:\/\/dev.explora.cl\/lagos\/wp-json\/wp\/v2\/posts\/41297","targetHints":{"allow":["GET"]}}],"collection":[{"href":"https:\/\/dev.explora.cl\/lagos\/wp-json\/wp\/v2\/posts"}],"about":[{"href":"https:\/\/dev.explora.cl\/lagos\/wp-json\/wp\/v2\/types\/post"}],"author":[{"embeddable":true,"href":"https:\/\/dev.explora.cl\/lagos\/wp-json\/wp\/v2\/users\/36"}],"replies":[{"embeddable":true,"href":"https:\/\/dev.explora.cl\/lagos\/wp-json\/wp\/v2\/comments?post=41297"}],"version-history":[{"count":6,"href":"https:\/\/dev.explora.cl\/lagos\/wp-json\/wp\/v2\/posts\/41297\/revisions"}],"predecessor-version":[{"id":41326,"href":"https:\/\/dev.explora.cl\/lagos\/wp-json\/wp\/v2\/posts\/41297\/revisions\/41326"}],"wp:featuredmedia":[{"embeddable":true,"href":"https:\/\/dev.explora.cl\/lagos\/wp-json\/wp\/v2\/media\/41327"}],"wp:attachment":[{"href":"https:\/\/dev.explora.cl\/lagos\/wp-json\/wp\/v2\/media?parent=41297"}],"wp:term":[{"taxonomy":"category","embeddable":true,"href":"https:\/\/dev.explora.cl\/lagos\/wp-json\/wp\/v2\/categories?post=41297"},{"taxonomy":"post_tag","embeddable":true,"href":"https:\/\/dev.explora.cl\/lagos\/wp-json\/wp\/v2\/tags?post=41297"}],"curies":[{"name":"wp","href":"https:\/\/api.w.org\/{rel}","templated":true}]}}