{"id":41247,"date":"2023-10-17T09:39:40","date_gmt":"2023-10-17T12:39:40","guid":{"rendered":"https:\/\/dev.explora.cl\/lagos\/?p=41247"},"modified":"2023-11-10T09:20:21","modified_gmt":"2023-11-10T12:20:21","slug":"jardines-de-la-provincia-de-osorno-presentan-sus-resultados-en-el-primer-encuentro-provincial-de-socializacion-pipe-2023","status":"publish","type":"post","link":"https:\/\/dev.explora.cl\/lagos\/jardines-de-la-provincia-de-osorno-presentan-sus-resultados-en-el-primer-encuentro-provincial-de-socializacion-pipe-2023\/","title":{"rendered":"Jardines de la provincia de Osorno presentan sus resultados en el Primer Encuentro Provincial de Socializaci\u00f3n PIPE 2023"},"content":{"rendered":"<p>[vc_row][vc_column][vc_column_text]<\/p>\n<ul>\n<li>La actividad se realiz\u00f3 en el Museo Interactivo de Osorno y cont\u00f3 con la activa participaci\u00f3n de establecimientos de educaci\u00f3n parvularia, urbanos y rurales.<\/li>\n<\/ul>\n<p>El Primer Encuentro Provincial de Socializaci\u00f3n del Programa de Indagaci\u00f3n para Primeras Edades (PIPE) del Proyecto Asociativo Regional Explora Los Lagos, del Ministerio de Ciencia, Tecnolog\u00eda, Conocimiento e Innovaci\u00f3n, ejecutado por la Universidad Austral de Chile Sede Puerto Montt, se efectu\u00f3 en Osorno, oportunidad en que equipos de la primera infancia compartieron sus experiencias y las actividades realizadas.<\/p>\n<p>Hasta el Museo Interactivo de Osorno (MIO), llegaron educadoras, t\u00e9cnico, ni\u00f1as y ni\u00f1os de los jardines infantiles Nubeluz, Aukanwe y Barquito de Papel y Escuela Rural Agroecol\u00f3gica Pichil. Tambi\u00e9n llegaron hasta el MIO apoderadas\/os de los Establecimientos Educacionales; Diego Colpy, Coordinador del Museo Interactivo de Osorno; y Sonia Castro, Asesora T\u00e9cnica de INTEGRA Regi\u00f3n de Los Lagos.<\/p>\n<p>En la instancia, cada establecimiento expuso la experiencia desarrollada, con el relato de los propios ni\u00f1os y ni\u00f1as, que contaron, con su estilo y palabras, el detalle de las actividades de indagaci\u00f3n, materiales utilizados y juegos que realizaron durante su participaci\u00f3n en PIPE 2023. Posteriormente se hizo la premiaci\u00f3n, con entrega de diploma para las ni\u00f1as, los ni\u00f1os y educadoras. Adem\u00e1s, en el stand del PAR Explora Los Lagos, se puso a disposici\u00f3n algunos juegos que disfrutaron las y los peque\u00f1os asistentes antes de empezar la din\u00e1mica.<\/p>\n<p>La Directora del PAR Explora Los Lagos, Gabriela Navarro Manzanal, expres\u00f3 su satisfacci\u00f3n por la buena recepci\u00f3n de los establecimientos de primera infancia que participaron en este encuentro, ya que \u201cse cumpli\u00f3 el objetivo que nos hab\u00edamos trazado, de socializaci\u00f3n e intercambio de experiencias, con ni\u00f1as y ni\u00f1os mostrando y conversando acerca de sus propias experiencias\u201d, dijo.<\/p>\n<p>Navarro adem\u00e1s valor\u00f3 y agradeci\u00f3 la disposici\u00f3n de los equipos del Museo Interactivo de Osorno, que \u201cnos abrieron sus puertas del maravilloso espacio para que cada jard\u00edn infantil pudiera instalar su exposici\u00f3n\u201d, se\u00f1al\u00f3.<\/p>\n<p>Por otra parte, la encargada del Programa de Indagaci\u00f3n para Primeras Edades en la regi\u00f3n, Joselynne P\u00e9rez coment\u00f3 que, \u201cadem\u00e1s de la satisfacci\u00f3n por la participaci\u00f3n de las y los profesionales de Educaci\u00f3n Parvularia este a\u00f1o, en el Primer Encuentro Provincial\u00a0de Socializaci\u00f3n, hemos observado el compromiso que han puesto las educadora en preparar sus stand, que quedaron muy bien desarrollados y diversos entre ellos, como un reflejo de los diferentes recursos que utiliza cada establecimiento\u201d, coment\u00f3.<\/p>\n<p>Los encuentros provinciales de socializaci\u00f3n tambi\u00e9n se realizar\u00e1n, el pr\u00f3ximo viernes 20 en Puerto Montt y el martes 24 de octubre en Castro.[\/vc_column_text][\/vc_column][\/vc_row]<\/p>\n","protected":false},"excerpt":{"rendered":"<p>Aqu\u00ed, m\u00e1s detalles.<\/p>\n","protected":false},"author":36,"featured_media":41249,"comment_status":"open","ping_status":"open","sticky":false,"template":"","format":"standard","meta":{"_acf_changed":false,"_exactmetrics_skip_tracking":false,"_exactmetrics_sitenote_active":false,"_exactmetrics_sitenote_note":"","_exactmetrics_sitenote_category":0,"footnotes":"","_links_to":"","_links_to_target":""},"categories":[151,139,4,1],"tags":[509,508,507,247,482,332],"class_list":["post-41247","post","type-post","status-publish","format-standard","has-post-thumbnail","hentry","category-banner","category-lugar-4","category-noticias","category-sin-categoria","tag-encuentro-de-socializacion","tag-integra","tag-museo-interactivo-de-osorno-mio","tag-par-explora-los-lagos","tag-pipe-2023","tag-uach-sede-puerto-montt"],"acf":[],"yoast_head":"<!-- This site is optimized with the Yoast SEO plugin v26.7 - https:\/\/yoast.com\/wordpress\/plugins\/seo\/ -->\n<title>Jardines de la provincia de Osorno presentan sus resultados en el Primer Encuentro Provincial de Socializaci\u00f3n PIPE 2023 - Los Lagos<\/title>\n<meta name=\"robots\" content=\"index, follow, max-snippet:-1, max-image-preview:large, max-video-preview:-1\" \/>\n<link rel=\"canonical\" href=\"https:\/\/dev.explora.cl\/lagos\/jardines-de-la-provincia-de-osorno-presentan-sus-resultados-en-el-primer-encuentro-provincial-de-socializacion-pipe-2023\/\" class=\"yoast-seo-meta-tag\" \/>\n<meta property=\"og:locale\" content=\"es_ES\" class=\"yoast-seo-meta-tag\" \/>\n<meta property=\"og:type\" content=\"article\" class=\"yoast-seo-meta-tag\" \/>\n<meta property=\"og:title\" content=\"Jardines de la provincia de Osorno presentan sus resultados en el Primer Encuentro Provincial de Socializaci\u00f3n PIPE 2023 - Los Lagos\" class=\"yoast-seo-meta-tag\" \/>\n<meta property=\"og:description\" content=\"Aqu\u00ed, m\u00e1s detalles.\" class=\"yoast-seo-meta-tag\" \/>\n<meta property=\"og:url\" content=\"https:\/\/dev.explora.cl\/lagos\/jardines-de-la-provincia-de-osorno-presentan-sus-resultados-en-el-primer-encuentro-provincial-de-socializacion-pipe-2023\/\" class=\"yoast-seo-meta-tag\" \/>\n<meta property=\"og:site_name\" content=\"Los Lagos\" class=\"yoast-seo-meta-tag\" \/>\n<meta property=\"article:published_time\" content=\"2023-10-17T12:39:40+00:00\" class=\"yoast-seo-meta-tag\" \/>\n<meta property=\"article:modified_time\" content=\"2023-11-10T12:20:21+00:00\" class=\"yoast-seo-meta-tag\" \/>\n<meta property=\"og:image\" content=\"https:\/\/dev.explora.cl\/lagos\/wp-content\/uploads\/sites\/17\/2023\/10\/2.jpeg\" class=\"yoast-seo-meta-tag\" \/>\n\t<meta property=\"og:image:width\" content=\"1280\" class=\"yoast-seo-meta-tag\" \/>\n\t<meta property=\"og:image:height\" content=\"580\" class=\"yoast-seo-meta-tag\" \/>\n\t<meta property=\"og:image:type\" content=\"image\/jpeg\" class=\"yoast-seo-meta-tag\" \/>\n<meta name=\"author\" content=\"jvargas\" class=\"yoast-seo-meta-tag\" \/>\n<meta name=\"twitter:card\" content=\"summary_large_image\" class=\"yoast-seo-meta-tag\" \/>\n<meta name=\"twitter:label1\" content=\"Escrito por\" class=\"yoast-seo-meta-tag\" \/>\n\t<meta name=\"twitter:data1\" content=\"jvargas\" class=\"yoast-seo-meta-tag\" \/>\n\t<meta name=\"twitter:label2\" content=\"Tiempo de lectura\" class=\"yoast-seo-meta-tag\" \/>\n\t<meta name=\"twitter:data2\" content=\"2 minutos\" class=\"yoast-seo-meta-tag\" \/>\n<script type=\"application\/ld+json\" class=\"yoast-schema-graph\">{\"@context\":\"https:\/\/schema.org\",\"@graph\":[{\"@type\":\"Article\",\"@id\":\"https:\/\/dev.explora.cl\/lagos\/jardines-de-la-provincia-de-osorno-presentan-sus-resultados-en-el-primer-encuentro-provincial-de-socializacion-pipe-2023\/#article\",\"isPartOf\":{\"@id\":\"https:\/\/dev.explora.cl\/lagos\/jardines-de-la-provincia-de-osorno-presentan-sus-resultados-en-el-primer-encuentro-provincial-de-socializacion-pipe-2023\/\"},\"author\":{\"name\":\"jvargas\",\"@id\":\"https:\/\/dev.explora.cl\/lagos\/#\/schema\/person\/6608d3ee9ea0b0daeaf12289528fc582\"},\"headline\":\"Jardines de la provincia de Osorno presentan sus resultados en el Primer Encuentro Provincial de Socializaci\u00f3n PIPE 2023\",\"datePublished\":\"2023-10-17T12:39:40+00:00\",\"dateModified\":\"2023-11-10T12:20:21+00:00\",\"mainEntityOfPage\":{\"@id\":\"https:\/\/dev.explora.cl\/lagos\/jardines-de-la-provincia-de-osorno-presentan-sus-resultados-en-el-primer-encuentro-provincial-de-socializacion-pipe-2023\/\"},\"wordCount\":494,\"commentCount\":0,\"image\":{\"@id\":\"https:\/\/dev.explora.cl\/lagos\/jardines-de-la-provincia-de-osorno-presentan-sus-resultados-en-el-primer-encuentro-provincial-de-socializacion-pipe-2023\/#primaryimage\"},\"thumbnailUrl\":\"https:\/\/dev.explora.cl\/lagos\/wp-content\/uploads\/sites\/17\/2023\/10\/2.jpeg\",\"keywords\":[\"encuentro de socializaci\u00f3n\",\"INTEGRA\",\"Museo Interactivo de Osorno MIO\",\"PAR EXPLORA LOS LAGOS\",\"PIPE 2023\",\"UACh Sede Puerto Montt\"],\"articleSection\":[\"Banner\",\"Lugar 4\",\"Noticias\"],\"inLanguage\":\"es\",\"potentialAction\":[{\"@type\":\"CommentAction\",\"name\":\"Comment\",\"target\":[\"https:\/\/dev.explora.cl\/lagos\/jardines-de-la-provincia-de-osorno-presentan-sus-resultados-en-el-primer-encuentro-provincial-de-socializacion-pipe-2023\/#respond\"]}]},{\"@type\":\"WebPage\",\"@id\":\"https:\/\/dev.explora.cl\/lagos\/jardines-de-la-provincia-de-osorno-presentan-sus-resultados-en-el-primer-encuentro-provincial-de-socializacion-pipe-2023\/\",\"url\":\"https:\/\/dev.explora.cl\/lagos\/jardines-de-la-provincia-de-osorno-presentan-sus-resultados-en-el-primer-encuentro-provincial-de-socializacion-pipe-2023\/\",\"name\":\"Jardines de la provincia de Osorno presentan sus resultados en el Primer Encuentro Provincial de Socializaci\u00f3n PIPE 2023 - Los Lagos\",\"isPartOf\":{\"@id\":\"https:\/\/dev.explora.cl\/lagos\/#website\"},\"primaryImageOfPage\":{\"@id\":\"https:\/\/dev.explora.cl\/lagos\/jardines-de-la-provincia-de-osorno-presentan-sus-resultados-en-el-primer-encuentro-provincial-de-socializacion-pipe-2023\/#primaryimage\"},\"image\":{\"@id\":\"https:\/\/dev.explora.cl\/lagos\/jardines-de-la-provincia-de-osorno-presentan-sus-resultados-en-el-primer-encuentro-provincial-de-socializacion-pipe-2023\/#primaryimage\"},\"thumbnailUrl\":\"https:\/\/dev.explora.cl\/lagos\/wp-content\/uploads\/sites\/17\/2023\/10\/2.jpeg\",\"datePublished\":\"2023-10-17T12:39:40+00:00\",\"dateModified\":\"2023-11-10T12:20:21+00:00\",\"author\":{\"@id\":\"https:\/\/dev.explora.cl\/lagos\/#\/schema\/person\/6608d3ee9ea0b0daeaf12289528fc582\"},\"breadcrumb\":{\"@id\":\"https:\/\/dev.explora.cl\/lagos\/jardines-de-la-provincia-de-osorno-presentan-sus-resultados-en-el-primer-encuentro-provincial-de-socializacion-pipe-2023\/#breadcrumb\"},\"inLanguage\":\"es\",\"potentialAction\":[{\"@type\":\"ReadAction\",\"target\":[\"https:\/\/dev.explora.cl\/lagos\/jardines-de-la-provincia-de-osorno-presentan-sus-resultados-en-el-primer-encuentro-provincial-de-socializacion-pipe-2023\/\"]}]},{\"@type\":\"ImageObject\",\"inLanguage\":\"es\",\"@id\":\"https:\/\/dev.explora.cl\/lagos\/jardines-de-la-provincia-de-osorno-presentan-sus-resultados-en-el-primer-encuentro-provincial-de-socializacion-pipe-2023\/#primaryimage\",\"url\":\"https:\/\/dev.explora.cl\/lagos\/wp-content\/uploads\/sites\/17\/2023\/10\/2.jpeg\",\"contentUrl\":\"https:\/\/dev.explora.cl\/lagos\/wp-content\/uploads\/sites\/17\/2023\/10\/2.jpeg\",\"width\":1280,\"height\":580},{\"@type\":\"BreadcrumbList\",\"@id\":\"https:\/\/dev.explora.cl\/lagos\/jardines-de-la-provincia-de-osorno-presentan-sus-resultados-en-el-primer-encuentro-provincial-de-socializacion-pipe-2023\/#breadcrumb\",\"itemListElement\":[{\"@type\":\"ListItem\",\"position\":1,\"name\":\"Portada\",\"item\":\"https:\/\/dev.explora.cl\/lagos\/\"},{\"@type\":\"ListItem\",\"position\":2,\"name\":\"Jardines de la provincia de Osorno presentan sus resultados en el Primer Encuentro Provincial de Socializaci\u00f3n PIPE 2023\"}]},{\"@type\":\"WebSite\",\"@id\":\"https:\/\/dev.explora.cl\/lagos\/#website\",\"url\":\"https:\/\/dev.explora.cl\/lagos\/\",\"name\":\"Los Lagos\",\"description\":\"Otro sitio m\u00e1s de dev.explora.cl\",\"potentialAction\":[{\"@type\":\"SearchAction\",\"target\":{\"@type\":\"EntryPoint\",\"urlTemplate\":\"https:\/\/dev.explora.cl\/lagos\/?s={search_term_string}\"},\"query-input\":{\"@type\":\"PropertyValueSpecification\",\"valueRequired\":true,\"valueName\":\"search_term_string\"}}],\"inLanguage\":\"es\"},{\"@type\":\"Person\",\"@id\":\"https:\/\/dev.explora.cl\/lagos\/#\/schema\/person\/6608d3ee9ea0b0daeaf12289528fc582\",\"name\":\"jvargas\",\"image\":{\"@type\":\"ImageObject\",\"inLanguage\":\"es\",\"@id\":\"https:\/\/dev.explora.cl\/lagos\/#\/schema\/person\/image\/\",\"url\":\"https:\/\/secure.gravatar.com\/avatar\/8a6892fbfb002ef173a244b534b4bbcea4c183fc3fbf7732e64ac89b1d22d482?s=96&d=mm&r=g\",\"contentUrl\":\"https:\/\/secure.gravatar.com\/avatar\/8a6892fbfb002ef173a244b534b4bbcea4c183fc3fbf7732e64ac89b1d22d482?s=96&d=mm&r=g\",\"caption\":\"jvargas\"},\"url\":\"https:\/\/dev.explora.cl\/lagos\/author\/jvargas\/\"}]}<\/script>\n<!-- \/ Yoast SEO plugin. -->","yoast_head_json":{"title":"Jardines de la provincia de Osorno presentan sus resultados en el Primer Encuentro Provincial de Socializaci\u00f3n PIPE 2023 - Los Lagos","robots":{"index":"index","follow":"follow","max-snippet":"max-snippet:-1","max-image-preview":"max-image-preview:large","max-video-preview":"max-video-preview:-1"},"canonical":"https:\/\/dev.explora.cl\/lagos\/jardines-de-la-provincia-de-osorno-presentan-sus-resultados-en-el-primer-encuentro-provincial-de-socializacion-pipe-2023\/","og_locale":"es_ES","og_type":"article","og_title":"Jardines de la provincia de Osorno presentan sus resultados en el Primer Encuentro Provincial de Socializaci\u00f3n PIPE 2023 - Los Lagos","og_description":"Aqu\u00ed, m\u00e1s detalles.","og_url":"https:\/\/dev.explora.cl\/lagos\/jardines-de-la-provincia-de-osorno-presentan-sus-resultados-en-el-primer-encuentro-provincial-de-socializacion-pipe-2023\/","og_site_name":"Los Lagos","article_published_time":"2023-10-17T12:39:40+00:00","article_modified_time":"2023-11-10T12:20:21+00:00","og_image":[{"width":1280,"height":580,"url":"https:\/\/dev.explora.cl\/lagos\/wp-content\/uploads\/sites\/17\/2023\/10\/2.jpeg","type":"image\/jpeg"}],"author":"jvargas","twitter_card":"summary_large_image","twitter_misc":{"Escrito por":"jvargas","Tiempo de lectura":"2 minutos"},"schema":{"@context":"https:\/\/schema.org","@graph":[{"@type":"Article","@id":"https:\/\/dev.explora.cl\/lagos\/jardines-de-la-provincia-de-osorno-presentan-sus-resultados-en-el-primer-encuentro-provincial-de-socializacion-pipe-2023\/#article","isPartOf":{"@id":"https:\/\/dev.explora.cl\/lagos\/jardines-de-la-provincia-de-osorno-presentan-sus-resultados-en-el-primer-encuentro-provincial-de-socializacion-pipe-2023\/"},"author":{"name":"jvargas","@id":"https:\/\/dev.explora.cl\/lagos\/#\/schema\/person\/6608d3ee9ea0b0daeaf12289528fc582"},"headline":"Jardines de la provincia de Osorno presentan sus resultados en el Primer Encuentro Provincial de Socializaci\u00f3n PIPE 2023","datePublished":"2023-10-17T12:39:40+00:00","dateModified":"2023-11-10T12:20:21+00:00","mainEntityOfPage":{"@id":"https:\/\/dev.explora.cl\/lagos\/jardines-de-la-provincia-de-osorno-presentan-sus-resultados-en-el-primer-encuentro-provincial-de-socializacion-pipe-2023\/"},"wordCount":494,"commentCount":0,"image":{"@id":"https:\/\/dev.explora.cl\/lagos\/jardines-de-la-provincia-de-osorno-presentan-sus-resultados-en-el-primer-encuentro-provincial-de-socializacion-pipe-2023\/#primaryimage"},"thumbnailUrl":"https:\/\/dev.explora.cl\/lagos\/wp-content\/uploads\/sites\/17\/2023\/10\/2.jpeg","keywords":["encuentro de socializaci\u00f3n","INTEGRA","Museo Interactivo de Osorno MIO","PAR EXPLORA LOS LAGOS","PIPE 2023","UACh Sede Puerto Montt"],"articleSection":["Banner","Lugar 4","Noticias"],"inLanguage":"es","potentialAction":[{"@type":"CommentAction","name":"Comment","target":["https:\/\/dev.explora.cl\/lagos\/jardines-de-la-provincia-de-osorno-presentan-sus-resultados-en-el-primer-encuentro-provincial-de-socializacion-pipe-2023\/#respond"]}]},{"@type":"WebPage","@id":"https:\/\/dev.explora.cl\/lagos\/jardines-de-la-provincia-de-osorno-presentan-sus-resultados-en-el-primer-encuentro-provincial-de-socializacion-pipe-2023\/","url":"https:\/\/dev.explora.cl\/lagos\/jardines-de-la-provincia-de-osorno-presentan-sus-resultados-en-el-primer-encuentro-provincial-de-socializacion-pipe-2023\/","name":"Jardines de la provincia de Osorno presentan sus resultados en el Primer Encuentro Provincial de Socializaci\u00f3n PIPE 2023 - Los Lagos","isPartOf":{"@id":"https:\/\/dev.explora.cl\/lagos\/#website"},"primaryImageOfPage":{"@id":"https:\/\/dev.explora.cl\/lagos\/jardines-de-la-provincia-de-osorno-presentan-sus-resultados-en-el-primer-encuentro-provincial-de-socializacion-pipe-2023\/#primaryimage"},"image":{"@id":"https:\/\/dev.explora.cl\/lagos\/jardines-de-la-provincia-de-osorno-presentan-sus-resultados-en-el-primer-encuentro-provincial-de-socializacion-pipe-2023\/#primaryimage"},"thumbnailUrl":"https:\/\/dev.explora.cl\/lagos\/wp-content\/uploads\/sites\/17\/2023\/10\/2.jpeg","datePublished":"2023-10-17T12:39:40+00:00","dateModified":"2023-11-10T12:20:21+00:00","author":{"@id":"https:\/\/dev.explora.cl\/lagos\/#\/schema\/person\/6608d3ee9ea0b0daeaf12289528fc582"},"breadcrumb":{"@id":"https:\/\/dev.explora.cl\/lagos\/jardines-de-la-provincia-de-osorno-presentan-sus-resultados-en-el-primer-encuentro-provincial-de-socializacion-pipe-2023\/#breadcrumb"},"inLanguage":"es","potentialAction":[{"@type":"ReadAction","target":["https:\/\/dev.explora.cl\/lagos\/jardines-de-la-provincia-de-osorno-presentan-sus-resultados-en-el-primer-encuentro-provincial-de-socializacion-pipe-2023\/"]}]},{"@type":"ImageObject","inLanguage":"es","@id":"https:\/\/dev.explora.cl\/lagos\/jardines-de-la-provincia-de-osorno-presentan-sus-resultados-en-el-primer-encuentro-provincial-de-socializacion-pipe-2023\/#primaryimage","url":"https:\/\/dev.explora.cl\/lagos\/wp-content\/uploads\/sites\/17\/2023\/10\/2.jpeg","contentUrl":"https:\/\/dev.explora.cl\/lagos\/wp-content\/uploads\/sites\/17\/2023\/10\/2.jpeg","width":1280,"height":580},{"@type":"BreadcrumbList","@id":"https:\/\/dev.explora.cl\/lagos\/jardines-de-la-provincia-de-osorno-presentan-sus-resultados-en-el-primer-encuentro-provincial-de-socializacion-pipe-2023\/#breadcrumb","itemListElement":[{"@type":"ListItem","position":1,"name":"Portada","item":"https:\/\/dev.explora.cl\/lagos\/"},{"@type":"ListItem","position":2,"name":"Jardines de la provincia de Osorno presentan sus resultados en el Primer Encuentro Provincial de Socializaci\u00f3n PIPE 2023"}]},{"@type":"WebSite","@id":"https:\/\/dev.explora.cl\/lagos\/#website","url":"https:\/\/dev.explora.cl\/lagos\/","name":"Los Lagos","description":"Otro sitio m\u00e1s de dev.explora.cl","potentialAction":[{"@type":"SearchAction","target":{"@type":"EntryPoint","urlTemplate":"https:\/\/dev.explora.cl\/lagos\/?s={search_term_string}"},"query-input":{"@type":"PropertyValueSpecification","valueRequired":true,"valueName":"search_term_string"}}],"inLanguage":"es"},{"@type":"Person","@id":"https:\/\/dev.explora.cl\/lagos\/#\/schema\/person\/6608d3ee9ea0b0daeaf12289528fc582","name":"jvargas","image":{"@type":"ImageObject","inLanguage":"es","@id":"https:\/\/dev.explora.cl\/lagos\/#\/schema\/person\/image\/","url":"https:\/\/secure.gravatar.com\/avatar\/8a6892fbfb002ef173a244b534b4bbcea4c183fc3fbf7732e64ac89b1d22d482?s=96&d=mm&r=g","contentUrl":"https:\/\/secure.gravatar.com\/avatar\/8a6892fbfb002ef173a244b534b4bbcea4c183fc3fbf7732e64ac89b1d22d482?s=96&d=mm&r=g","caption":"jvargas"},"url":"https:\/\/dev.explora.cl\/lagos\/author\/jvargas\/"}]}},"_links":{"self":[{"href":"https:\/\/dev.explora.cl\/lagos\/wp-json\/wp\/v2\/posts\/41247","targetHints":{"allow":["GET"]}}],"collection":[{"href":"https:\/\/dev.explora.cl\/lagos\/wp-json\/wp\/v2\/posts"}],"about":[{"href":"https:\/\/dev.explora.cl\/lagos\/wp-json\/wp\/v2\/types\/post"}],"author":[{"embeddable":true,"href":"https:\/\/dev.explora.cl\/lagos\/wp-json\/wp\/v2\/users\/36"}],"replies":[{"embeddable":true,"href":"https:\/\/dev.explora.cl\/lagos\/wp-json\/wp\/v2\/comments?post=41247"}],"version-history":[{"count":1,"href":"https:\/\/dev.explora.cl\/lagos\/wp-json\/wp\/v2\/posts\/41247\/revisions"}],"predecessor-version":[{"id":41248,"href":"https:\/\/dev.explora.cl\/lagos\/wp-json\/wp\/v2\/posts\/41247\/revisions\/41248"}],"wp:featuredmedia":[{"embeddable":true,"href":"https:\/\/dev.explora.cl\/lagos\/wp-json\/wp\/v2\/media\/41249"}],"wp:attachment":[{"href":"https:\/\/dev.explora.cl\/lagos\/wp-json\/wp\/v2\/media?parent=41247"}],"wp:term":[{"taxonomy":"category","embeddable":true,"href":"https:\/\/dev.explora.cl\/lagos\/wp-json\/wp\/v2\/categories?post=41247"},{"taxonomy":"post_tag","embeddable":true,"href":"https:\/\/dev.explora.cl\/lagos\/wp-json\/wp\/v2\/tags?post=41247"}],"curies":[{"name":"wp","href":"https:\/\/api.w.org\/{rel}","templated":true}]}}