{"id":41243,"date":"2023-10-13T11:43:18","date_gmt":"2023-10-13T14:43:18","guid":{"rendered":"https:\/\/dev.explora.cl\/lagos\/?p=41243"},"modified":"2023-11-20T09:40:10","modified_gmt":"2023-11-20T12:40:10","slug":"ciencias-y-tecnologia-presentes-en-el-territorio-regional-junto-a-explora-los-lagos-para-celebrar-la-investigacion-escolar","status":"publish","type":"post","link":"https:\/\/dev.explora.cl\/lagos\/ciencias-y-tecnologia-presentes-en-el-territorio-regional-junto-a-explora-los-lagos-para-celebrar-la-investigacion-escolar\/","title":{"rendered":"Ciencias y tecnolog\u00eda presentes en el territorio regional junto a Explora Los Lagos para celebrar la investigaci\u00f3n escolar"},"content":{"rendered":"<p>[vc_row][vc_column][vc_column_text]<\/p>\n<ul>\n<li>Durante octubre 2023, el PAR Explora Los Lagos tiene un importante despliegue en todas las provincias en ferias en diferentes establecimientos educacionales, actividades que se enmarcan en el mes de la ciencia.<\/li>\n<\/ul>\n<p>El Proyecto Asociativo Regional (PAR) Explora Los Lagos, del Ministerio de Ciencia, Tecnolog\u00eda, Conocimiento e Innovaci\u00f3n, ejecutado por la Universidad Austral de Chile Sede Puerto Montt, intervendr\u00e1 en ferias y muestras organizadas por establecimientos educacionales y alianzas de diversas instituciones, en comunas como Calbuco, Puerto Montt, Osorno, Puerto Varas, Castro, Chait\u00e9n.<\/p>\n<p>Presencia en todas las provincias de la regi\u00f3n tendr\u00e1 el PAR Explora Los Lagos durante octubre, con su participaci\u00f3n en ferias cient\u00edficas comunales, en el marco de diversas actividades organizadas en la regi\u00f3n, c\u00f3mo una manera de valorar y celebrar las ciencias y la tecnolog\u00eda.<\/p>\n<p>La Directora del PAR Explora Los Lagos, Gabriela Navarro Manzanal, destac\u00f3 la importancia de participar en las actividades que organizan los establecimientos educacionales porque \u201cmuchas veces son instancias de culminaci\u00f3n para intensos per\u00edodos de trabajo en investigaciones e innovaci\u00f3n escolar. Para las y los estudiantes es muy significativo poder socializar sus proyectos cient\u00edficos y experiencias como futuros\/as investigadores\/as y en Explora Los Lagos apoyamos, a trav\u00e9s de los instrumentos nacionales y con nuestra presencia en ferias cient\u00edficas, para en el desarrollo de competencias de investigaci\u00f3n e innovaci\u00f3n\u201d, dijo.<\/p>\n<p>Con un did\u00e1ctico e interactivo stand informativo, profesionales del PAR Explora Los Lagos ya se hizo presente en la Feria de Derechos Humanos \u201cRecreando la Memoria y los Derechos Humanos a 50 a\u00f1os del Golpe de Estado\u201d que se efectu\u00f3 en el Arena Puerto Montt, especialmente para que escolares de la zona recorrieran el circuito a cargo de organizaciones vinculadas a las tem\u00e1ticas de DDHH y conocer m\u00e1s sobre materias como el Derecho al agua, salud mental, pueblos originarios, derechos humanos y memoria, entre otros, con actividades pr\u00e1cticas y expositivas y un c\u00edrculo de conversaci\u00f3n a modo de cierre.<\/p>\n<p><strong>Stand y charla<\/strong><\/p>\n<p>Adem\u00e1s de la importante presencia en la regi\u00f3n a trav\u00e9s de diversas instancias, como las ferias de divulgaci\u00f3n cient\u00edfica de la Municipalidad de Calbuco; el Colegio Alem\u00e1n de Puerto Varas; el Colegio Montessori, San Francisco Javier, The American School y Liceo Isidora Zegers, de Puerto Montt; y la Escuela Hueque de Chait\u00e9n; el equipo del PAR Explora Los Lagos se har\u00e1 presente en el coloquio en la Escuela San Miguel de Calbuco, con la charla \u201cCambio Clim\u00e1tico y Educaci\u00f3n Ambiental: Miradas y aportes para la adaptaci\u00f3n y mitigaci\u00f3n al Cambio Clim\u00e1tico en la regi\u00f3n\u201d dictada por la Directora del PAR Explora Los Lagos Gabriela Navarro.[\/vc_column_text][\/vc_column][\/vc_row]<\/p>\n","protected":false},"excerpt":{"rendered":"<p>Aqu\u00ed m\u00e1s informaci\u00f3n<\/p>\n","protected":false},"author":36,"featured_media":41246,"comment_status":"open","ping_status":"open","sticky":false,"template":"","format":"standard","meta":{"_acf_changed":false,"_exactmetrics_skip_tracking":false,"_exactmetrics_sitenote_active":false,"_exactmetrics_sitenote_note":"","_exactmetrics_sitenote_category":0,"footnotes":"","_links_to":"","_links_to_target":""},"categories":[151,4],"tags":[102,328,162,332],"class_list":["post-41243","post","type-post","status-publish","format-standard","has-post-thumbnail","hentry","category-banner","category-noticias","tag-feria-cientifica","tag-par-explora-los-lagos-uach","tag-region-de-los-lagos","tag-uach-sede-puerto-montt"],"acf":[],"yoast_head":"<!-- This site is optimized with the Yoast SEO plugin v26.7 - https:\/\/yoast.com\/wordpress\/plugins\/seo\/ -->\n<title>Ciencias y tecnolog\u00eda presentes en el territorio regional junto a Explora Los Lagos para celebrar la investigaci\u00f3n escolar - Los Lagos<\/title>\n<meta name=\"robots\" content=\"index, follow, max-snippet:-1, max-image-preview:large, max-video-preview:-1\" \/>\n<link rel=\"canonical\" href=\"https:\/\/dev.explora.cl\/lagos\/ciencias-y-tecnologia-presentes-en-el-territorio-regional-junto-a-explora-los-lagos-para-celebrar-la-investigacion-escolar\/\" class=\"yoast-seo-meta-tag\" \/>\n<meta property=\"og:locale\" content=\"es_ES\" class=\"yoast-seo-meta-tag\" \/>\n<meta property=\"og:type\" content=\"article\" class=\"yoast-seo-meta-tag\" \/>\n<meta property=\"og:title\" content=\"Ciencias y tecnolog\u00eda presentes en el territorio regional junto a Explora Los Lagos para celebrar la investigaci\u00f3n escolar - Los Lagos\" class=\"yoast-seo-meta-tag\" \/>\n<meta property=\"og:description\" content=\"Aqu\u00ed m\u00e1s informaci\u00f3n\" class=\"yoast-seo-meta-tag\" \/>\n<meta property=\"og:url\" content=\"https:\/\/dev.explora.cl\/lagos\/ciencias-y-tecnologia-presentes-en-el-territorio-regional-junto-a-explora-los-lagos-para-celebrar-la-investigacion-escolar\/\" class=\"yoast-seo-meta-tag\" \/>\n<meta property=\"og:site_name\" content=\"Los Lagos\" class=\"yoast-seo-meta-tag\" \/>\n<meta property=\"article:published_time\" content=\"2023-10-13T14:43:18+00:00\" class=\"yoast-seo-meta-tag\" \/>\n<meta property=\"article:modified_time\" content=\"2023-11-20T12:40:10+00:00\" class=\"yoast-seo-meta-tag\" \/>\n<meta property=\"og:image\" content=\"https:\/\/dev.explora.cl\/lagos\/wp-content\/uploads\/sites\/17\/2023\/10\/IMG_7902-1024x683.jpg\" class=\"yoast-seo-meta-tag\" \/>\n\t<meta property=\"og:image:width\" content=\"1024\" class=\"yoast-seo-meta-tag\" \/>\n\t<meta property=\"og:image:height\" content=\"683\" class=\"yoast-seo-meta-tag\" \/>\n\t<meta property=\"og:image:type\" content=\"image\/jpeg\" class=\"yoast-seo-meta-tag\" \/>\n<meta name=\"author\" content=\"jvargas\" class=\"yoast-seo-meta-tag\" \/>\n<meta name=\"twitter:card\" content=\"summary_large_image\" class=\"yoast-seo-meta-tag\" \/>\n<meta name=\"twitter:label1\" content=\"Escrito por\" class=\"yoast-seo-meta-tag\" \/>\n\t<meta name=\"twitter:data1\" content=\"jvargas\" class=\"yoast-seo-meta-tag\" \/>\n\t<meta name=\"twitter:label2\" content=\"Tiempo de lectura\" class=\"yoast-seo-meta-tag\" \/>\n\t<meta name=\"twitter:data2\" content=\"2 minutos\" class=\"yoast-seo-meta-tag\" \/>\n<script type=\"application\/ld+json\" class=\"yoast-schema-graph\">{\"@context\":\"https:\/\/schema.org\",\"@graph\":[{\"@type\":\"Article\",\"@id\":\"https:\/\/dev.explora.cl\/lagos\/ciencias-y-tecnologia-presentes-en-el-territorio-regional-junto-a-explora-los-lagos-para-celebrar-la-investigacion-escolar\/#article\",\"isPartOf\":{\"@id\":\"https:\/\/dev.explora.cl\/lagos\/ciencias-y-tecnologia-presentes-en-el-territorio-regional-junto-a-explora-los-lagos-para-celebrar-la-investigacion-escolar\/\"},\"author\":{\"name\":\"jvargas\",\"@id\":\"https:\/\/dev.explora.cl\/lagos\/#\/schema\/person\/6608d3ee9ea0b0daeaf12289528fc582\"},\"headline\":\"Ciencias y tecnolog\u00eda presentes en el territorio regional junto a Explora Los Lagos para celebrar la investigaci\u00f3n escolar\",\"datePublished\":\"2023-10-13T14:43:18+00:00\",\"dateModified\":\"2023-11-20T12:40:10+00:00\",\"mainEntityOfPage\":{\"@id\":\"https:\/\/dev.explora.cl\/lagos\/ciencias-y-tecnologia-presentes-en-el-territorio-regional-junto-a-explora-los-lagos-para-celebrar-la-investigacion-escolar\/\"},\"wordCount\":494,\"commentCount\":0,\"image\":{\"@id\":\"https:\/\/dev.explora.cl\/lagos\/ciencias-y-tecnologia-presentes-en-el-territorio-regional-junto-a-explora-los-lagos-para-celebrar-la-investigacion-escolar\/#primaryimage\"},\"thumbnailUrl\":\"https:\/\/dev.explora.cl\/lagos\/wp-content\/uploads\/sites\/17\/2023\/10\/IMG_7902.jpg\",\"keywords\":[\"Feria Cient\u00edfica\",\"PAR Explora Los Lagos UACh\",\"REGI\u00d3N DE LOS LAGOS\",\"UACh Sede Puerto Montt\"],\"articleSection\":[\"Banner\",\"Noticias\"],\"inLanguage\":\"es\",\"potentialAction\":[{\"@type\":\"CommentAction\",\"name\":\"Comment\",\"target\":[\"https:\/\/dev.explora.cl\/lagos\/ciencias-y-tecnologia-presentes-en-el-territorio-regional-junto-a-explora-los-lagos-para-celebrar-la-investigacion-escolar\/#respond\"]}]},{\"@type\":\"WebPage\",\"@id\":\"https:\/\/dev.explora.cl\/lagos\/ciencias-y-tecnologia-presentes-en-el-territorio-regional-junto-a-explora-los-lagos-para-celebrar-la-investigacion-escolar\/\",\"url\":\"https:\/\/dev.explora.cl\/lagos\/ciencias-y-tecnologia-presentes-en-el-territorio-regional-junto-a-explora-los-lagos-para-celebrar-la-investigacion-escolar\/\",\"name\":\"Ciencias y tecnolog\u00eda presentes en el territorio regional junto a Explora Los Lagos para celebrar la investigaci\u00f3n escolar - Los Lagos\",\"isPartOf\":{\"@id\":\"https:\/\/dev.explora.cl\/lagos\/#website\"},\"primaryImageOfPage\":{\"@id\":\"https:\/\/dev.explora.cl\/lagos\/ciencias-y-tecnologia-presentes-en-el-territorio-regional-junto-a-explora-los-lagos-para-celebrar-la-investigacion-escolar\/#primaryimage\"},\"image\":{\"@id\":\"https:\/\/dev.explora.cl\/lagos\/ciencias-y-tecnologia-presentes-en-el-territorio-regional-junto-a-explora-los-lagos-para-celebrar-la-investigacion-escolar\/#primaryimage\"},\"thumbnailUrl\":\"https:\/\/dev.explora.cl\/lagos\/wp-content\/uploads\/sites\/17\/2023\/10\/IMG_7902.jpg\",\"datePublished\":\"2023-10-13T14:43:18+00:00\",\"dateModified\":\"2023-11-20T12:40:10+00:00\",\"author\":{\"@id\":\"https:\/\/dev.explora.cl\/lagos\/#\/schema\/person\/6608d3ee9ea0b0daeaf12289528fc582\"},\"breadcrumb\":{\"@id\":\"https:\/\/dev.explora.cl\/lagos\/ciencias-y-tecnologia-presentes-en-el-territorio-regional-junto-a-explora-los-lagos-para-celebrar-la-investigacion-escolar\/#breadcrumb\"},\"inLanguage\":\"es\",\"potentialAction\":[{\"@type\":\"ReadAction\",\"target\":[\"https:\/\/dev.explora.cl\/lagos\/ciencias-y-tecnologia-presentes-en-el-territorio-regional-junto-a-explora-los-lagos-para-celebrar-la-investigacion-escolar\/\"]}]},{\"@type\":\"ImageObject\",\"inLanguage\":\"es\",\"@id\":\"https:\/\/dev.explora.cl\/lagos\/ciencias-y-tecnologia-presentes-en-el-territorio-regional-junto-a-explora-los-lagos-para-celebrar-la-investigacion-escolar\/#primaryimage\",\"url\":\"https:\/\/dev.explora.cl\/lagos\/wp-content\/uploads\/sites\/17\/2023\/10\/IMG_7902.jpg\",\"contentUrl\":\"https:\/\/dev.explora.cl\/lagos\/wp-content\/uploads\/sites\/17\/2023\/10\/IMG_7902.jpg\",\"width\":5184,\"height\":3456},{\"@type\":\"BreadcrumbList\",\"@id\":\"https:\/\/dev.explora.cl\/lagos\/ciencias-y-tecnologia-presentes-en-el-territorio-regional-junto-a-explora-los-lagos-para-celebrar-la-investigacion-escolar\/#breadcrumb\",\"itemListElement\":[{\"@type\":\"ListItem\",\"position\":1,\"name\":\"Portada\",\"item\":\"https:\/\/dev.explora.cl\/lagos\/\"},{\"@type\":\"ListItem\",\"position\":2,\"name\":\"Ciencias y tecnolog\u00eda presentes en el territorio regional junto a Explora Los Lagos para celebrar la investigaci\u00f3n escolar\"}]},{\"@type\":\"WebSite\",\"@id\":\"https:\/\/dev.explora.cl\/lagos\/#website\",\"url\":\"https:\/\/dev.explora.cl\/lagos\/\",\"name\":\"Los Lagos\",\"description\":\"Otro sitio m\u00e1s de dev.explora.cl\",\"potentialAction\":[{\"@type\":\"SearchAction\",\"target\":{\"@type\":\"EntryPoint\",\"urlTemplate\":\"https:\/\/dev.explora.cl\/lagos\/?s={search_term_string}\"},\"query-input\":{\"@type\":\"PropertyValueSpecification\",\"valueRequired\":true,\"valueName\":\"search_term_string\"}}],\"inLanguage\":\"es\"},{\"@type\":\"Person\",\"@id\":\"https:\/\/dev.explora.cl\/lagos\/#\/schema\/person\/6608d3ee9ea0b0daeaf12289528fc582\",\"name\":\"jvargas\",\"image\":{\"@type\":\"ImageObject\",\"inLanguage\":\"es\",\"@id\":\"https:\/\/dev.explora.cl\/lagos\/#\/schema\/person\/image\/\",\"url\":\"https:\/\/secure.gravatar.com\/avatar\/8a6892fbfb002ef173a244b534b4bbcea4c183fc3fbf7732e64ac89b1d22d482?s=96&d=mm&r=g\",\"contentUrl\":\"https:\/\/secure.gravatar.com\/avatar\/8a6892fbfb002ef173a244b534b4bbcea4c183fc3fbf7732e64ac89b1d22d482?s=96&d=mm&r=g\",\"caption\":\"jvargas\"},\"url\":\"https:\/\/dev.explora.cl\/lagos\/author\/jvargas\/\"}]}<\/script>\n<!-- \/ Yoast SEO plugin. -->","yoast_head_json":{"title":"Ciencias y tecnolog\u00eda presentes en el territorio regional junto a Explora Los Lagos para celebrar la investigaci\u00f3n escolar - Los Lagos","robots":{"index":"index","follow":"follow","max-snippet":"max-snippet:-1","max-image-preview":"max-image-preview:large","max-video-preview":"max-video-preview:-1"},"canonical":"https:\/\/dev.explora.cl\/lagos\/ciencias-y-tecnologia-presentes-en-el-territorio-regional-junto-a-explora-los-lagos-para-celebrar-la-investigacion-escolar\/","og_locale":"es_ES","og_type":"article","og_title":"Ciencias y tecnolog\u00eda presentes en el territorio regional junto a Explora Los Lagos para celebrar la investigaci\u00f3n escolar - Los Lagos","og_description":"Aqu\u00ed m\u00e1s informaci\u00f3n","og_url":"https:\/\/dev.explora.cl\/lagos\/ciencias-y-tecnologia-presentes-en-el-territorio-regional-junto-a-explora-los-lagos-para-celebrar-la-investigacion-escolar\/","og_site_name":"Los Lagos","article_published_time":"2023-10-13T14:43:18+00:00","article_modified_time":"2023-11-20T12:40:10+00:00","og_image":[{"width":1024,"height":683,"url":"https:\/\/dev.explora.cl\/lagos\/wp-content\/uploads\/sites\/17\/2023\/10\/IMG_7902-1024x683.jpg","type":"image\/jpeg"}],"author":"jvargas","twitter_card":"summary_large_image","twitter_misc":{"Escrito por":"jvargas","Tiempo de lectura":"2 minutos"},"schema":{"@context":"https:\/\/schema.org","@graph":[{"@type":"Article","@id":"https:\/\/dev.explora.cl\/lagos\/ciencias-y-tecnologia-presentes-en-el-territorio-regional-junto-a-explora-los-lagos-para-celebrar-la-investigacion-escolar\/#article","isPartOf":{"@id":"https:\/\/dev.explora.cl\/lagos\/ciencias-y-tecnologia-presentes-en-el-territorio-regional-junto-a-explora-los-lagos-para-celebrar-la-investigacion-escolar\/"},"author":{"name":"jvargas","@id":"https:\/\/dev.explora.cl\/lagos\/#\/schema\/person\/6608d3ee9ea0b0daeaf12289528fc582"},"headline":"Ciencias y tecnolog\u00eda presentes en el territorio regional junto a Explora Los Lagos para celebrar la investigaci\u00f3n escolar","datePublished":"2023-10-13T14:43:18+00:00","dateModified":"2023-11-20T12:40:10+00:00","mainEntityOfPage":{"@id":"https:\/\/dev.explora.cl\/lagos\/ciencias-y-tecnologia-presentes-en-el-territorio-regional-junto-a-explora-los-lagos-para-celebrar-la-investigacion-escolar\/"},"wordCount":494,"commentCount":0,"image":{"@id":"https:\/\/dev.explora.cl\/lagos\/ciencias-y-tecnologia-presentes-en-el-territorio-regional-junto-a-explora-los-lagos-para-celebrar-la-investigacion-escolar\/#primaryimage"},"thumbnailUrl":"https:\/\/dev.explora.cl\/lagos\/wp-content\/uploads\/sites\/17\/2023\/10\/IMG_7902.jpg","keywords":["Feria Cient\u00edfica","PAR Explora Los Lagos UACh","REGI\u00d3N DE LOS LAGOS","UACh Sede Puerto Montt"],"articleSection":["Banner","Noticias"],"inLanguage":"es","potentialAction":[{"@type":"CommentAction","name":"Comment","target":["https:\/\/dev.explora.cl\/lagos\/ciencias-y-tecnologia-presentes-en-el-territorio-regional-junto-a-explora-los-lagos-para-celebrar-la-investigacion-escolar\/#respond"]}]},{"@type":"WebPage","@id":"https:\/\/dev.explora.cl\/lagos\/ciencias-y-tecnologia-presentes-en-el-territorio-regional-junto-a-explora-los-lagos-para-celebrar-la-investigacion-escolar\/","url":"https:\/\/dev.explora.cl\/lagos\/ciencias-y-tecnologia-presentes-en-el-territorio-regional-junto-a-explora-los-lagos-para-celebrar-la-investigacion-escolar\/","name":"Ciencias y tecnolog\u00eda presentes en el territorio regional junto a Explora Los Lagos para celebrar la investigaci\u00f3n escolar - Los Lagos","isPartOf":{"@id":"https:\/\/dev.explora.cl\/lagos\/#website"},"primaryImageOfPage":{"@id":"https:\/\/dev.explora.cl\/lagos\/ciencias-y-tecnologia-presentes-en-el-territorio-regional-junto-a-explora-los-lagos-para-celebrar-la-investigacion-escolar\/#primaryimage"},"image":{"@id":"https:\/\/dev.explora.cl\/lagos\/ciencias-y-tecnologia-presentes-en-el-territorio-regional-junto-a-explora-los-lagos-para-celebrar-la-investigacion-escolar\/#primaryimage"},"thumbnailUrl":"https:\/\/dev.explora.cl\/lagos\/wp-content\/uploads\/sites\/17\/2023\/10\/IMG_7902.jpg","datePublished":"2023-10-13T14:43:18+00:00","dateModified":"2023-11-20T12:40:10+00:00","author":{"@id":"https:\/\/dev.explora.cl\/lagos\/#\/schema\/person\/6608d3ee9ea0b0daeaf12289528fc582"},"breadcrumb":{"@id":"https:\/\/dev.explora.cl\/lagos\/ciencias-y-tecnologia-presentes-en-el-territorio-regional-junto-a-explora-los-lagos-para-celebrar-la-investigacion-escolar\/#breadcrumb"},"inLanguage":"es","potentialAction":[{"@type":"ReadAction","target":["https:\/\/dev.explora.cl\/lagos\/ciencias-y-tecnologia-presentes-en-el-territorio-regional-junto-a-explora-los-lagos-para-celebrar-la-investigacion-escolar\/"]}]},{"@type":"ImageObject","inLanguage":"es","@id":"https:\/\/dev.explora.cl\/lagos\/ciencias-y-tecnologia-presentes-en-el-territorio-regional-junto-a-explora-los-lagos-para-celebrar-la-investigacion-escolar\/#primaryimage","url":"https:\/\/dev.explora.cl\/lagos\/wp-content\/uploads\/sites\/17\/2023\/10\/IMG_7902.jpg","contentUrl":"https:\/\/dev.explora.cl\/lagos\/wp-content\/uploads\/sites\/17\/2023\/10\/IMG_7902.jpg","width":5184,"height":3456},{"@type":"BreadcrumbList","@id":"https:\/\/dev.explora.cl\/lagos\/ciencias-y-tecnologia-presentes-en-el-territorio-regional-junto-a-explora-los-lagos-para-celebrar-la-investigacion-escolar\/#breadcrumb","itemListElement":[{"@type":"ListItem","position":1,"name":"Portada","item":"https:\/\/dev.explora.cl\/lagos\/"},{"@type":"ListItem","position":2,"name":"Ciencias y tecnolog\u00eda presentes en el territorio regional junto a Explora Los Lagos para celebrar la investigaci\u00f3n escolar"}]},{"@type":"WebSite","@id":"https:\/\/dev.explora.cl\/lagos\/#website","url":"https:\/\/dev.explora.cl\/lagos\/","name":"Los Lagos","description":"Otro sitio m\u00e1s de dev.explora.cl","potentialAction":[{"@type":"SearchAction","target":{"@type":"EntryPoint","urlTemplate":"https:\/\/dev.explora.cl\/lagos\/?s={search_term_string}"},"query-input":{"@type":"PropertyValueSpecification","valueRequired":true,"valueName":"search_term_string"}}],"inLanguage":"es"},{"@type":"Person","@id":"https:\/\/dev.explora.cl\/lagos\/#\/schema\/person\/6608d3ee9ea0b0daeaf12289528fc582","name":"jvargas","image":{"@type":"ImageObject","inLanguage":"es","@id":"https:\/\/dev.explora.cl\/lagos\/#\/schema\/person\/image\/","url":"https:\/\/secure.gravatar.com\/avatar\/8a6892fbfb002ef173a244b534b4bbcea4c183fc3fbf7732e64ac89b1d22d482?s=96&d=mm&r=g","contentUrl":"https:\/\/secure.gravatar.com\/avatar\/8a6892fbfb002ef173a244b534b4bbcea4c183fc3fbf7732e64ac89b1d22d482?s=96&d=mm&r=g","caption":"jvargas"},"url":"https:\/\/dev.explora.cl\/lagos\/author\/jvargas\/"}]}},"_links":{"self":[{"href":"https:\/\/dev.explora.cl\/lagos\/wp-json\/wp\/v2\/posts\/41243","targetHints":{"allow":["GET"]}}],"collection":[{"href":"https:\/\/dev.explora.cl\/lagos\/wp-json\/wp\/v2\/posts"}],"about":[{"href":"https:\/\/dev.explora.cl\/lagos\/wp-json\/wp\/v2\/types\/post"}],"author":[{"embeddable":true,"href":"https:\/\/dev.explora.cl\/lagos\/wp-json\/wp\/v2\/users\/36"}],"replies":[{"embeddable":true,"href":"https:\/\/dev.explora.cl\/lagos\/wp-json\/wp\/v2\/comments?post=41243"}],"version-history":[{"count":1,"href":"https:\/\/dev.explora.cl\/lagos\/wp-json\/wp\/v2\/posts\/41243\/revisions"}],"predecessor-version":[{"id":41244,"href":"https:\/\/dev.explora.cl\/lagos\/wp-json\/wp\/v2\/posts\/41243\/revisions\/41244"}],"wp:featuredmedia":[{"embeddable":true,"href":"https:\/\/dev.explora.cl\/lagos\/wp-json\/wp\/v2\/media\/41246"}],"wp:attachment":[{"href":"https:\/\/dev.explora.cl\/lagos\/wp-json\/wp\/v2\/media?parent=41243"}],"wp:term":[{"taxonomy":"category","embeddable":true,"href":"https:\/\/dev.explora.cl\/lagos\/wp-json\/wp\/v2\/categories?post=41243"},{"taxonomy":"post_tag","embeddable":true,"href":"https:\/\/dev.explora.cl\/lagos\/wp-json\/wp\/v2\/tags?post=41243"}],"curies":[{"name":"wp","href":"https:\/\/api.w.org\/{rel}","templated":true}]}}