{"id":41238,"date":"2023-10-10T17:12:53","date_gmt":"2023-10-10T20:12:53","guid":{"rendered":"https:\/\/dev.explora.cl\/lagos\/?p=41238"},"modified":"2023-10-30T16:54:49","modified_gmt":"2023-10-30T19:54:49","slug":"octubre-trae-un-nuevo-cafe-cientifico-de-puerto-montt","status":"publish","type":"post","link":"https:\/\/dev.explora.cl\/lagos\/octubre-trae-un-nuevo-cafe-cientifico-de-puerto-montt\/","title":{"rendered":"Octubre trae un nuevo Caf\u00e9 Cient\u00edfico de Puerto Montt"},"content":{"rendered":"<p>[vc_row][vc_column][vc_column_text]<\/p>\n<ul>\n<li>Turismo y \u00c1reas Protegidas \u00bfQu\u00e9 oportunidades brinda el turismo para el desarrollo de \u00e1reas protegidas? es la charla del pr\u00f3ximo Caf\u00e9 Cient\u00edfico, el jueves 26 de octubre.<\/li>\n<\/ul>\n<p style=\"font-weight: 400\">El PAR Explora\u00a0 Los Lagos invita a la comunidad al pr\u00f3ximo <strong>Caf\u00e9 Cient\u00edfico de Puerto Montt<\/strong>, oportunidad en que\u00a0<strong>Felipe Maldonado M\u00e9ndez,<\/strong> Licenciado y Administrador de empresas de turismo, compartir\u00e1 la charla \u201c<strong>Turismo y \u00c1reas Protegidas \u00bfQu\u00e9 oportunidades brinda el turismo para el desarrollo de \u00e1reas protegidas?\u201d.<\/strong><\/p>\n<p style=\"font-weight: 400\">Felipe Maldonado M\u00e9ndez actualmente integra\u00a0el equipo\u00a0<strong>Turismo y<\/strong>\u00a0<strong>Conservaci\u00f3n Programa Austral Patagonia,<\/strong><strong>\u00a0<\/strong><strong>de la Universidad Austral de Chile<\/strong>.<\/p>\n<p style=\"font-weight: 400\">La conversaci\u00f3n se dar\u00e1 en torno a conocer y compartir el trabajo para mejorar est\u00e1ndares de conservaci\u00f3n, manejo efectivo y planificaci\u00f3n de experiencias tur\u00edsticas pertinentes e imaginar qu\u00e9 se puede hacer para contribuir al desarrollo sostenible en los lugares en donde estemos.<\/p>\n<p style=\"font-weight: 400\">La actividad se realizar\u00e1 el <strong>jueves 26 de octubre<\/strong>, a las 18:30 horas en el <strong>restaurante Toco Madera<\/strong>, ubicado en Avenida Jos\u00e9 Soler Manfredini esquina Liborio Guerrero, sector Pelluco, Puerto Montt.<\/p>\n<p style=\"font-weight: 400\">Inscripciones en:\u00a0<a href=\"https:\/\/forms.gle\/dbrnyfWUbvf6S8s1A\">https:\/\/forms.gle\/dbrnyfWUbvf6S8s1A<\/a><\/p>\n<p style=\"font-weight: 400\"><strong>\u00a1Esperamos su inscripci\u00f3n y nos vemos el jueves 26 de octubre!<\/strong><\/p>\n<p style=\"font-weight: 400\">*Se entregar\u00e1 caf\u00e9 de cortes\u00eda a las 20 primeras personas en llegar al local.<\/p>\n<p style=\"font-weight: 400\">M\u00e1s informaci\u00f3n y consultas al correo:\u00a0<a href=\"mailto:daniela.pradenas@uach.cl\">daniela.pradenas@uach.cl<\/a><\/p>\n<p>[\/vc_column_text][\/vc_column][\/vc_row]<\/p>\n","protected":false},"excerpt":{"rendered":"<p>M\u00e1s detalles e inscripci\u00f3n.<\/p>\n","protected":false},"author":36,"featured_media":41242,"comment_status":"open","ping_status":"open","sticky":false,"template":"","format":"standard","meta":{"_acf_changed":false,"_exactmetrics_skip_tracking":false,"_exactmetrics_sitenote_active":false,"_exactmetrics_sitenote_note":"","_exactmetrics_sitenote_category":0,"footnotes":"","_links_to":"","_links_to_target":""},"categories":[151,4],"tags":[365,328,506,494,332],"class_list":["post-41238","post","type-post","status-publish","format-standard","has-post-thumbnail","hentry","category-banner","category-noticias","tag-cafe-cientifico","tag-par-explora-los-lagos-uach","tag-restaurante-toco-madera","tag-toco-madera","tag-uach-sede-puerto-montt"],"acf":[],"yoast_head":"<!-- This site is optimized with the Yoast SEO plugin v26.7 - https:\/\/yoast.com\/wordpress\/plugins\/seo\/ -->\n<title>Octubre trae un nuevo Caf\u00e9 Cient\u00edfico de Puerto Montt - Los Lagos<\/title>\n<meta name=\"robots\" content=\"index, follow, max-snippet:-1, max-image-preview:large, max-video-preview:-1\" \/>\n<link rel=\"canonical\" href=\"https:\/\/dev.explora.cl\/lagos\/octubre-trae-un-nuevo-cafe-cientifico-de-puerto-montt\/\" class=\"yoast-seo-meta-tag\" \/>\n<meta property=\"og:locale\" content=\"es_ES\" class=\"yoast-seo-meta-tag\" \/>\n<meta property=\"og:type\" content=\"article\" class=\"yoast-seo-meta-tag\" \/>\n<meta property=\"og:title\" content=\"Octubre trae un nuevo Caf\u00e9 Cient\u00edfico de Puerto Montt - Los Lagos\" class=\"yoast-seo-meta-tag\" \/>\n<meta property=\"og:description\" content=\"M\u00e1s detalles e inscripci\u00f3n.\" class=\"yoast-seo-meta-tag\" \/>\n<meta property=\"og:url\" content=\"https:\/\/dev.explora.cl\/lagos\/octubre-trae-un-nuevo-cafe-cientifico-de-puerto-montt\/\" class=\"yoast-seo-meta-tag\" \/>\n<meta property=\"og:site_name\" content=\"Los Lagos\" class=\"yoast-seo-meta-tag\" \/>\n<meta property=\"article:published_time\" content=\"2023-10-10T20:12:53+00:00\" class=\"yoast-seo-meta-tag\" \/>\n<meta property=\"article:modified_time\" content=\"2023-10-30T19:54:49+00:00\" class=\"yoast-seo-meta-tag\" \/>\n<meta property=\"og:image\" content=\"https:\/\/dev.explora.cl\/lagos\/wp-content\/uploads\/sites\/17\/2023\/10\/BANNER-WEB-EXPLORA-CAFE-CIENTIFICO-01-1.jpg\" class=\"yoast-seo-meta-tag\" \/>\n\t<meta property=\"og:image:width\" content=\"3069\" class=\"yoast-seo-meta-tag\" \/>\n\t<meta property=\"og:image:height\" content=\"1754\" class=\"yoast-seo-meta-tag\" \/>\n\t<meta property=\"og:image:type\" content=\"image\/jpeg\" class=\"yoast-seo-meta-tag\" \/>\n<meta name=\"author\" content=\"jvargas\" class=\"yoast-seo-meta-tag\" \/>\n<meta name=\"twitter:card\" content=\"summary_large_image\" class=\"yoast-seo-meta-tag\" \/>\n<meta name=\"twitter:label1\" content=\"Escrito por\" class=\"yoast-seo-meta-tag\" \/>\n\t<meta name=\"twitter:data1\" content=\"jvargas\" class=\"yoast-seo-meta-tag\" \/>\n\t<meta name=\"twitter:label2\" content=\"Tiempo de lectura\" class=\"yoast-seo-meta-tag\" \/>\n\t<meta name=\"twitter:data2\" content=\"1 minuto\" class=\"yoast-seo-meta-tag\" \/>\n<script type=\"application\/ld+json\" class=\"yoast-schema-graph\">{\"@context\":\"https:\/\/schema.org\",\"@graph\":[{\"@type\":\"Article\",\"@id\":\"https:\/\/dev.explora.cl\/lagos\/octubre-trae-un-nuevo-cafe-cientifico-de-puerto-montt\/#article\",\"isPartOf\":{\"@id\":\"https:\/\/dev.explora.cl\/lagos\/octubre-trae-un-nuevo-cafe-cientifico-de-puerto-montt\/\"},\"author\":{\"name\":\"jvargas\",\"@id\":\"https:\/\/dev.explora.cl\/lagos\/#\/schema\/person\/6608d3ee9ea0b0daeaf12289528fc582\"},\"headline\":\"Octubre trae un nuevo Caf\u00e9 Cient\u00edfico de Puerto Montt\",\"datePublished\":\"2023-10-10T20:12:53+00:00\",\"dateModified\":\"2023-10-30T19:54:49+00:00\",\"mainEntityOfPage\":{\"@id\":\"https:\/\/dev.explora.cl\/lagos\/octubre-trae-un-nuevo-cafe-cientifico-de-puerto-montt\/\"},\"wordCount\":245,\"commentCount\":0,\"image\":{\"@id\":\"https:\/\/dev.explora.cl\/lagos\/octubre-trae-un-nuevo-cafe-cientifico-de-puerto-montt\/#primaryimage\"},\"thumbnailUrl\":\"https:\/\/dev.explora.cl\/lagos\/wp-content\/uploads\/sites\/17\/2023\/10\/BANNER-WEB-EXPLORA-CAFE-CIENTIFICO-01-1.jpg\",\"keywords\":[\"Caf\u00e9 Cient\u00edfico\",\"PAR Explora Los Lagos UACh\",\"restaurante Toco Madera\",\"Toco Madera\",\"UACh Sede Puerto Montt\"],\"articleSection\":[\"Banner\",\"Noticias\"],\"inLanguage\":\"es\",\"potentialAction\":[{\"@type\":\"CommentAction\",\"name\":\"Comment\",\"target\":[\"https:\/\/dev.explora.cl\/lagos\/octubre-trae-un-nuevo-cafe-cientifico-de-puerto-montt\/#respond\"]}]},{\"@type\":\"WebPage\",\"@id\":\"https:\/\/dev.explora.cl\/lagos\/octubre-trae-un-nuevo-cafe-cientifico-de-puerto-montt\/\",\"url\":\"https:\/\/dev.explora.cl\/lagos\/octubre-trae-un-nuevo-cafe-cientifico-de-puerto-montt\/\",\"name\":\"Octubre trae un nuevo Caf\u00e9 Cient\u00edfico de Puerto Montt - Los Lagos\",\"isPartOf\":{\"@id\":\"https:\/\/dev.explora.cl\/lagos\/#website\"},\"primaryImageOfPage\":{\"@id\":\"https:\/\/dev.explora.cl\/lagos\/octubre-trae-un-nuevo-cafe-cientifico-de-puerto-montt\/#primaryimage\"},\"image\":{\"@id\":\"https:\/\/dev.explora.cl\/lagos\/octubre-trae-un-nuevo-cafe-cientifico-de-puerto-montt\/#primaryimage\"},\"thumbnailUrl\":\"https:\/\/dev.explora.cl\/lagos\/wp-content\/uploads\/sites\/17\/2023\/10\/BANNER-WEB-EXPLORA-CAFE-CIENTIFICO-01-1.jpg\",\"datePublished\":\"2023-10-10T20:12:53+00:00\",\"dateModified\":\"2023-10-30T19:54:49+00:00\",\"author\":{\"@id\":\"https:\/\/dev.explora.cl\/lagos\/#\/schema\/person\/6608d3ee9ea0b0daeaf12289528fc582\"},\"breadcrumb\":{\"@id\":\"https:\/\/dev.explora.cl\/lagos\/octubre-trae-un-nuevo-cafe-cientifico-de-puerto-montt\/#breadcrumb\"},\"inLanguage\":\"es\",\"potentialAction\":[{\"@type\":\"ReadAction\",\"target\":[\"https:\/\/dev.explora.cl\/lagos\/octubre-trae-un-nuevo-cafe-cientifico-de-puerto-montt\/\"]}]},{\"@type\":\"ImageObject\",\"inLanguage\":\"es\",\"@id\":\"https:\/\/dev.explora.cl\/lagos\/octubre-trae-un-nuevo-cafe-cientifico-de-puerto-montt\/#primaryimage\",\"url\":\"https:\/\/dev.explora.cl\/lagos\/wp-content\/uploads\/sites\/17\/2023\/10\/BANNER-WEB-EXPLORA-CAFE-CIENTIFICO-01-1.jpg\",\"contentUrl\":\"https:\/\/dev.explora.cl\/lagos\/wp-content\/uploads\/sites\/17\/2023\/10\/BANNER-WEB-EXPLORA-CAFE-CIENTIFICO-01-1.jpg\",\"width\":3069,\"height\":1754},{\"@type\":\"BreadcrumbList\",\"@id\":\"https:\/\/dev.explora.cl\/lagos\/octubre-trae-un-nuevo-cafe-cientifico-de-puerto-montt\/#breadcrumb\",\"itemListElement\":[{\"@type\":\"ListItem\",\"position\":1,\"name\":\"Portada\",\"item\":\"https:\/\/dev.explora.cl\/lagos\/\"},{\"@type\":\"ListItem\",\"position\":2,\"name\":\"Octubre trae un nuevo Caf\u00e9 Cient\u00edfico de Puerto Montt\"}]},{\"@type\":\"WebSite\",\"@id\":\"https:\/\/dev.explora.cl\/lagos\/#website\",\"url\":\"https:\/\/dev.explora.cl\/lagos\/\",\"name\":\"Los Lagos\",\"description\":\"Otro sitio m\u00e1s de dev.explora.cl\",\"potentialAction\":[{\"@type\":\"SearchAction\",\"target\":{\"@type\":\"EntryPoint\",\"urlTemplate\":\"https:\/\/dev.explora.cl\/lagos\/?s={search_term_string}\"},\"query-input\":{\"@type\":\"PropertyValueSpecification\",\"valueRequired\":true,\"valueName\":\"search_term_string\"}}],\"inLanguage\":\"es\"},{\"@type\":\"Person\",\"@id\":\"https:\/\/dev.explora.cl\/lagos\/#\/schema\/person\/6608d3ee9ea0b0daeaf12289528fc582\",\"name\":\"jvargas\",\"image\":{\"@type\":\"ImageObject\",\"inLanguage\":\"es\",\"@id\":\"https:\/\/dev.explora.cl\/lagos\/#\/schema\/person\/image\/\",\"url\":\"https:\/\/secure.gravatar.com\/avatar\/8a6892fbfb002ef173a244b534b4bbcea4c183fc3fbf7732e64ac89b1d22d482?s=96&d=mm&r=g\",\"contentUrl\":\"https:\/\/secure.gravatar.com\/avatar\/8a6892fbfb002ef173a244b534b4bbcea4c183fc3fbf7732e64ac89b1d22d482?s=96&d=mm&r=g\",\"caption\":\"jvargas\"},\"url\":\"https:\/\/dev.explora.cl\/lagos\/author\/jvargas\/\"}]}<\/script>\n<!-- \/ Yoast SEO plugin. -->","yoast_head_json":{"title":"Octubre trae un nuevo Caf\u00e9 Cient\u00edfico de Puerto Montt - Los Lagos","robots":{"index":"index","follow":"follow","max-snippet":"max-snippet:-1","max-image-preview":"max-image-preview:large","max-video-preview":"max-video-preview:-1"},"canonical":"https:\/\/dev.explora.cl\/lagos\/octubre-trae-un-nuevo-cafe-cientifico-de-puerto-montt\/","og_locale":"es_ES","og_type":"article","og_title":"Octubre trae un nuevo Caf\u00e9 Cient\u00edfico de Puerto Montt - Los Lagos","og_description":"M\u00e1s detalles e inscripci\u00f3n.","og_url":"https:\/\/dev.explora.cl\/lagos\/octubre-trae-un-nuevo-cafe-cientifico-de-puerto-montt\/","og_site_name":"Los Lagos","article_published_time":"2023-10-10T20:12:53+00:00","article_modified_time":"2023-10-30T19:54:49+00:00","og_image":[{"width":3069,"height":1754,"url":"https:\/\/dev.explora.cl\/lagos\/wp-content\/uploads\/sites\/17\/2023\/10\/BANNER-WEB-EXPLORA-CAFE-CIENTIFICO-01-1.jpg","type":"image\/jpeg"}],"author":"jvargas","twitter_card":"summary_large_image","twitter_misc":{"Escrito por":"jvargas","Tiempo de lectura":"1 minuto"},"schema":{"@context":"https:\/\/schema.org","@graph":[{"@type":"Article","@id":"https:\/\/dev.explora.cl\/lagos\/octubre-trae-un-nuevo-cafe-cientifico-de-puerto-montt\/#article","isPartOf":{"@id":"https:\/\/dev.explora.cl\/lagos\/octubre-trae-un-nuevo-cafe-cientifico-de-puerto-montt\/"},"author":{"name":"jvargas","@id":"https:\/\/dev.explora.cl\/lagos\/#\/schema\/person\/6608d3ee9ea0b0daeaf12289528fc582"},"headline":"Octubre trae un nuevo Caf\u00e9 Cient\u00edfico de Puerto Montt","datePublished":"2023-10-10T20:12:53+00:00","dateModified":"2023-10-30T19:54:49+00:00","mainEntityOfPage":{"@id":"https:\/\/dev.explora.cl\/lagos\/octubre-trae-un-nuevo-cafe-cientifico-de-puerto-montt\/"},"wordCount":245,"commentCount":0,"image":{"@id":"https:\/\/dev.explora.cl\/lagos\/octubre-trae-un-nuevo-cafe-cientifico-de-puerto-montt\/#primaryimage"},"thumbnailUrl":"https:\/\/dev.explora.cl\/lagos\/wp-content\/uploads\/sites\/17\/2023\/10\/BANNER-WEB-EXPLORA-CAFE-CIENTIFICO-01-1.jpg","keywords":["Caf\u00e9 Cient\u00edfico","PAR Explora Los Lagos UACh","restaurante Toco Madera","Toco Madera","UACh Sede Puerto Montt"],"articleSection":["Banner","Noticias"],"inLanguage":"es","potentialAction":[{"@type":"CommentAction","name":"Comment","target":["https:\/\/dev.explora.cl\/lagos\/octubre-trae-un-nuevo-cafe-cientifico-de-puerto-montt\/#respond"]}]},{"@type":"WebPage","@id":"https:\/\/dev.explora.cl\/lagos\/octubre-trae-un-nuevo-cafe-cientifico-de-puerto-montt\/","url":"https:\/\/dev.explora.cl\/lagos\/octubre-trae-un-nuevo-cafe-cientifico-de-puerto-montt\/","name":"Octubre trae un nuevo Caf\u00e9 Cient\u00edfico de Puerto Montt - Los Lagos","isPartOf":{"@id":"https:\/\/dev.explora.cl\/lagos\/#website"},"primaryImageOfPage":{"@id":"https:\/\/dev.explora.cl\/lagos\/octubre-trae-un-nuevo-cafe-cientifico-de-puerto-montt\/#primaryimage"},"image":{"@id":"https:\/\/dev.explora.cl\/lagos\/octubre-trae-un-nuevo-cafe-cientifico-de-puerto-montt\/#primaryimage"},"thumbnailUrl":"https:\/\/dev.explora.cl\/lagos\/wp-content\/uploads\/sites\/17\/2023\/10\/BANNER-WEB-EXPLORA-CAFE-CIENTIFICO-01-1.jpg","datePublished":"2023-10-10T20:12:53+00:00","dateModified":"2023-10-30T19:54:49+00:00","author":{"@id":"https:\/\/dev.explora.cl\/lagos\/#\/schema\/person\/6608d3ee9ea0b0daeaf12289528fc582"},"breadcrumb":{"@id":"https:\/\/dev.explora.cl\/lagos\/octubre-trae-un-nuevo-cafe-cientifico-de-puerto-montt\/#breadcrumb"},"inLanguage":"es","potentialAction":[{"@type":"ReadAction","target":["https:\/\/dev.explora.cl\/lagos\/octubre-trae-un-nuevo-cafe-cientifico-de-puerto-montt\/"]}]},{"@type":"ImageObject","inLanguage":"es","@id":"https:\/\/dev.explora.cl\/lagos\/octubre-trae-un-nuevo-cafe-cientifico-de-puerto-montt\/#primaryimage","url":"https:\/\/dev.explora.cl\/lagos\/wp-content\/uploads\/sites\/17\/2023\/10\/BANNER-WEB-EXPLORA-CAFE-CIENTIFICO-01-1.jpg","contentUrl":"https:\/\/dev.explora.cl\/lagos\/wp-content\/uploads\/sites\/17\/2023\/10\/BANNER-WEB-EXPLORA-CAFE-CIENTIFICO-01-1.jpg","width":3069,"height":1754},{"@type":"BreadcrumbList","@id":"https:\/\/dev.explora.cl\/lagos\/octubre-trae-un-nuevo-cafe-cientifico-de-puerto-montt\/#breadcrumb","itemListElement":[{"@type":"ListItem","position":1,"name":"Portada","item":"https:\/\/dev.explora.cl\/lagos\/"},{"@type":"ListItem","position":2,"name":"Octubre trae un nuevo Caf\u00e9 Cient\u00edfico de Puerto Montt"}]},{"@type":"WebSite","@id":"https:\/\/dev.explora.cl\/lagos\/#website","url":"https:\/\/dev.explora.cl\/lagos\/","name":"Los Lagos","description":"Otro sitio m\u00e1s de dev.explora.cl","potentialAction":[{"@type":"SearchAction","target":{"@type":"EntryPoint","urlTemplate":"https:\/\/dev.explora.cl\/lagos\/?s={search_term_string}"},"query-input":{"@type":"PropertyValueSpecification","valueRequired":true,"valueName":"search_term_string"}}],"inLanguage":"es"},{"@type":"Person","@id":"https:\/\/dev.explora.cl\/lagos\/#\/schema\/person\/6608d3ee9ea0b0daeaf12289528fc582","name":"jvargas","image":{"@type":"ImageObject","inLanguage":"es","@id":"https:\/\/dev.explora.cl\/lagos\/#\/schema\/person\/image\/","url":"https:\/\/secure.gravatar.com\/avatar\/8a6892fbfb002ef173a244b534b4bbcea4c183fc3fbf7732e64ac89b1d22d482?s=96&d=mm&r=g","contentUrl":"https:\/\/secure.gravatar.com\/avatar\/8a6892fbfb002ef173a244b534b4bbcea4c183fc3fbf7732e64ac89b1d22d482?s=96&d=mm&r=g","caption":"jvargas"},"url":"https:\/\/dev.explora.cl\/lagos\/author\/jvargas\/"}]}},"_links":{"self":[{"href":"https:\/\/dev.explora.cl\/lagos\/wp-json\/wp\/v2\/posts\/41238","targetHints":{"allow":["GET"]}}],"collection":[{"href":"https:\/\/dev.explora.cl\/lagos\/wp-json\/wp\/v2\/posts"}],"about":[{"href":"https:\/\/dev.explora.cl\/lagos\/wp-json\/wp\/v2\/types\/post"}],"author":[{"embeddable":true,"href":"https:\/\/dev.explora.cl\/lagos\/wp-json\/wp\/v2\/users\/36"}],"replies":[{"embeddable":true,"href":"https:\/\/dev.explora.cl\/lagos\/wp-json\/wp\/v2\/comments?post=41238"}],"version-history":[{"count":2,"href":"https:\/\/dev.explora.cl\/lagos\/wp-json\/wp\/v2\/posts\/41238\/revisions"}],"predecessor-version":[{"id":41241,"href":"https:\/\/dev.explora.cl\/lagos\/wp-json\/wp\/v2\/posts\/41238\/revisions\/41241"}],"wp:featuredmedia":[{"embeddable":true,"href":"https:\/\/dev.explora.cl\/lagos\/wp-json\/wp\/v2\/media\/41242"}],"wp:attachment":[{"href":"https:\/\/dev.explora.cl\/lagos\/wp-json\/wp\/v2\/media?parent=41238"}],"wp:term":[{"taxonomy":"category","embeddable":true,"href":"https:\/\/dev.explora.cl\/lagos\/wp-json\/wp\/v2\/categories?post=41238"},{"taxonomy":"post_tag","embeddable":true,"href":"https:\/\/dev.explora.cl\/lagos\/wp-json\/wp\/v2\/tags?post=41238"}],"curies":[{"name":"wp","href":"https:\/\/api.w.org\/{rel}","templated":true}]}}