{"id":41220,"date":"2023-10-02T16:28:32","date_gmt":"2023-10-02T19:28:32","guid":{"rendered":"https:\/\/dev.explora.cl\/lagos\/?p=41220"},"modified":"2023-12-13T14:08:43","modified_gmt":"2023-12-13T17:08:43","slug":"con-charla-de-erupciones-volcanicas-en-liceo-de-puyehue-se-inicio-programa-cientifics-en-las-aulas","status":"publish","type":"post","link":"https:\/\/dev.explora.cl\/lagos\/con-charla-de-erupciones-volcanicas-en-liceo-de-puyehue-se-inicio-programa-cientifics-en-las-aulas\/","title":{"rendered":"Con charla de erupciones volc\u00e1nicas en liceo de Puyehue se inici\u00f3 Programa Cient\u00edfic@s en las Aulas"},"content":{"rendered":"<p>[vc_row][vc_column][vc_column_text]<\/p>\n<ul>\n<li>Cient\u00edficas y cient\u00edficos han concurrido entusiastas a dictar sus charlas a diferentes establecimientos de la regi\u00f3n, para compartir con comunidades estudiantiles sus experiencias de investigaci\u00f3n, laborales y personales.<\/li>\n<\/ul>\n<p>El investigador Rodrigo M\u00e1rquez realiz\u00f3 la charla \u201cErupciones volc\u00e1nicas en la regi\u00f3n Nortpatag\u00f3nica de Chile y Argentina: una historia natural y humana\u201d a estudiantes del Liceo Las Am\u00e9ricas de Puyehue y con esa actividad se dio el puntapi\u00e9 inicial del Programa Cient\u00edfic@s en las Aulas, del PAR Explora Los Lagos.<\/p>\n<p>En el marco de las acciones y actividades con que el PAR Explora Los Lagos se despliega en diferentes comunas de la regi\u00f3n, en cuanto a fortalecer las competencias en ciencia, tecnolog\u00eda, conocimiento e innovaci\u00f3n de las comunidades educativas, especialmente de establecimientos p\u00fablicos y subvencionados con mayores \u00edndices de vulnerabilidad y ruralidad, investigadoras\/es de diversas instituciones y \u00e1reas de trabajo, se sumaron al Programa Cient\u00edfic@s en las Aulas con charlas para contar sus experiencias personales, profesionales y laborales y relatar\u00e1n detalles de sus trabajos como cient\u00edficas y cient\u00edficos.<\/p>\n<p>La presentaci\u00f3n que realiz\u00f3 el investigador de la Universidad de Los Lagos Rodrigo M\u00e1rquez acerca de erupciones volc\u00e1nicas fue a un tercero medio del Liceo Las Am\u00e9ricas de Puyehue. M\u00e1rquez acogi\u00f3 entusiasta la invitaci\u00f3n del PAR Explora Los Lagos para visitar alg\u00fan establecimiento educacional y compartir con estudiantes detalles de su trabajo.,<\/p>\n<p>\u201cDestaco el entusiasmo de las investigadoras e investigadores que est\u00e1n participando junto a nuestro proyecto. Desde que partimos con la convocatoria se han mantenido en contacto, han recabado m\u00e1s informaci\u00f3n y demostrado disposici\u00f3n para compartir sus experiencias de vida, tanto personal como profesional\u201d, coment\u00f3 Javiera Barr\u00eda, encargada del Programa Cient\u00edfic@s en las Aulas.<\/p>\n<p>Barr\u00eda adem\u00e1s coment\u00f3 que la segunda charla, Gen\u00e9tica e identidad cultural en la regi\u00f3n de Los Lagos, se realiz\u00f3 en la Escuela Rural Ca\u00f1itas de Puerto Montt y estuvo a cargo de Pablo F\u00e1brega, del DAEM de la comuna.<\/p>\n<p><strong>Preparados para contar buenas historias de ciencias<\/strong><\/p>\n<p>Tras la inscripci\u00f3n de investigadoras\/es y sus charlas en el programa Cient\u00edfic@s en las Aulas participaron en una capacitaci\u00f3n para hacer una buena comunicaci\u00f3n cient\u00edfica, que realiz\u00f3 Ronnie Reyes, Doctor en Ciencias con menci\u00f3n en Ecolog\u00eda.<\/p>\n<p>Finalmente, la directora de Explora Los Lagos, Gabriela Navarro Manzanal reiter\u00f3 el valor que tiene el inter\u00e9s de 38 cient\u00edficas y cient\u00edficos por participar en el programa Cient\u00edfic@s en las Aulas ya que la posibilidad de compartir con investigadores o investigadoras de diversas \u00e1reas servir\u00e1 para desarrollar una actitud de curiosidad en ni\u00f1as, ni\u00f1os, adolescentes y docentes al conocer del trabajo cient\u00edfico que se realiza en la regi\u00f3n de Los Lagos y otras zonas del pa\u00eds, y su importancia para la comunidad y el entorno.[\/vc_column_text][\/vc_column][\/vc_row]<\/p>\n","protected":false},"excerpt":{"rendered":"<p>Detalles aqu\u00ed.<\/p>\n","protected":false},"author":36,"featured_media":41221,"comment_status":"open","ping_status":"open","sticky":false,"template":"","format":"standard","meta":{"_acf_changed":false,"_exactmetrics_skip_tracking":false,"_exactmetrics_sitenote_active":false,"_exactmetrics_sitenote_note":"","_exactmetrics_sitenote_category":0,"footnotes":"","_links_to":"","_links_to_target":""},"categories":[151,143,4],"tags":[503,164,504,332],"class_list":["post-41220","post","type-post","status-publish","format-standard","has-post-thumbnail","hentry","category-banner","category-lugar-8","category-noticias","tag-cientificos-y-cientificas","tag-explora-los-lagos","tag-explora-uach","tag-uach-sede-puerto-montt"],"acf":[],"yoast_head":"<!-- This site is optimized with the Yoast SEO plugin v26.7 - https:\/\/yoast.com\/wordpress\/plugins\/seo\/ -->\n<title>Con charla de erupciones volc\u00e1nicas en liceo de Puyehue se inici\u00f3 Programa Cient\u00edfic@s en las Aulas - Los Lagos<\/title>\n<meta name=\"robots\" content=\"index, follow, max-snippet:-1, max-image-preview:large, max-video-preview:-1\" \/>\n<link rel=\"canonical\" href=\"https:\/\/dev.explora.cl\/lagos\/con-charla-de-erupciones-volcanicas-en-liceo-de-puyehue-se-inicio-programa-cientifics-en-las-aulas\/\" class=\"yoast-seo-meta-tag\" \/>\n<meta property=\"og:locale\" content=\"es_ES\" class=\"yoast-seo-meta-tag\" \/>\n<meta property=\"og:type\" content=\"article\" class=\"yoast-seo-meta-tag\" \/>\n<meta property=\"og:title\" content=\"Con charla de erupciones volc\u00e1nicas en liceo de Puyehue se inici\u00f3 Programa Cient\u00edfic@s en las Aulas - Los Lagos\" class=\"yoast-seo-meta-tag\" \/>\n<meta property=\"og:description\" content=\"Detalles aqu\u00ed.\" class=\"yoast-seo-meta-tag\" \/>\n<meta property=\"og:url\" content=\"https:\/\/dev.explora.cl\/lagos\/con-charla-de-erupciones-volcanicas-en-liceo-de-puyehue-se-inicio-programa-cientifics-en-las-aulas\/\" class=\"yoast-seo-meta-tag\" \/>\n<meta property=\"og:site_name\" content=\"Los Lagos\" class=\"yoast-seo-meta-tag\" \/>\n<meta property=\"article:published_time\" content=\"2023-10-02T19:28:32+00:00\" class=\"yoast-seo-meta-tag\" \/>\n<meta property=\"article:modified_time\" content=\"2023-12-13T17:08:43+00:00\" class=\"yoast-seo-meta-tag\" \/>\n<meta property=\"og:image\" content=\"https:\/\/dev.explora.cl\/lagos\/wp-content\/uploads\/sites\/17\/2023\/10\/MARCO-DE-FOTOS-CIENTIFICOS_Mesa-de-trabajo-1-copia-2-1024x1024.png\" class=\"yoast-seo-meta-tag\" \/>\n\t<meta property=\"og:image:width\" content=\"1024\" class=\"yoast-seo-meta-tag\" \/>\n\t<meta property=\"og:image:height\" content=\"1024\" class=\"yoast-seo-meta-tag\" \/>\n\t<meta property=\"og:image:type\" content=\"image\/png\" class=\"yoast-seo-meta-tag\" \/>\n<meta name=\"author\" content=\"jvargas\" class=\"yoast-seo-meta-tag\" \/>\n<meta name=\"twitter:card\" content=\"summary_large_image\" class=\"yoast-seo-meta-tag\" \/>\n<meta name=\"twitter:label1\" content=\"Escrito por\" class=\"yoast-seo-meta-tag\" \/>\n\t<meta name=\"twitter:data1\" content=\"jvargas\" class=\"yoast-seo-meta-tag\" \/>\n\t<meta name=\"twitter:label2\" content=\"Tiempo de lectura\" class=\"yoast-seo-meta-tag\" \/>\n\t<meta name=\"twitter:data2\" content=\"3 minutos\" class=\"yoast-seo-meta-tag\" \/>\n<script type=\"application\/ld+json\" class=\"yoast-schema-graph\">{\"@context\":\"https:\/\/schema.org\",\"@graph\":[{\"@type\":\"Article\",\"@id\":\"https:\/\/dev.explora.cl\/lagos\/con-charla-de-erupciones-volcanicas-en-liceo-de-puyehue-se-inicio-programa-cientifics-en-las-aulas\/#article\",\"isPartOf\":{\"@id\":\"https:\/\/dev.explora.cl\/lagos\/con-charla-de-erupciones-volcanicas-en-liceo-de-puyehue-se-inicio-programa-cientifics-en-las-aulas\/\"},\"author\":{\"name\":\"jvargas\",\"@id\":\"https:\/\/dev.explora.cl\/lagos\/#\/schema\/person\/6608d3ee9ea0b0daeaf12289528fc582\"},\"headline\":\"Con charla de erupciones volc\u00e1nicas en liceo de Puyehue se inici\u00f3 Programa Cient\u00edfic@s en las Aulas\",\"datePublished\":\"2023-10-02T19:28:32+00:00\",\"dateModified\":\"2023-12-13T17:08:43+00:00\",\"mainEntityOfPage\":{\"@id\":\"https:\/\/dev.explora.cl\/lagos\/con-charla-de-erupciones-volcanicas-en-liceo-de-puyehue-se-inicio-programa-cientifics-en-las-aulas\/\"},\"wordCount\":530,\"commentCount\":0,\"image\":{\"@id\":\"https:\/\/dev.explora.cl\/lagos\/con-charla-de-erupciones-volcanicas-en-liceo-de-puyehue-se-inicio-programa-cientifics-en-las-aulas\/#primaryimage\"},\"thumbnailUrl\":\"https:\/\/dev.explora.cl\/lagos\/wp-content\/uploads\/sites\/17\/2023\/10\/MARCO-DE-FOTOS-CIENTIFICOS_Mesa-de-trabajo-1-copia-2.png\",\"keywords\":[\"Cient\u00edficos y cient\u00edficas\",\"Explora Los Lagos.\",\"Explora UACh\",\"UACh Sede Puerto Montt\"],\"articleSection\":[\"Banner\",\"Lugar 8\",\"Noticias\"],\"inLanguage\":\"es\",\"potentialAction\":[{\"@type\":\"CommentAction\",\"name\":\"Comment\",\"target\":[\"https:\/\/dev.explora.cl\/lagos\/con-charla-de-erupciones-volcanicas-en-liceo-de-puyehue-se-inicio-programa-cientifics-en-las-aulas\/#respond\"]}]},{\"@type\":\"WebPage\",\"@id\":\"https:\/\/dev.explora.cl\/lagos\/con-charla-de-erupciones-volcanicas-en-liceo-de-puyehue-se-inicio-programa-cientifics-en-las-aulas\/\",\"url\":\"https:\/\/dev.explora.cl\/lagos\/con-charla-de-erupciones-volcanicas-en-liceo-de-puyehue-se-inicio-programa-cientifics-en-las-aulas\/\",\"name\":\"Con charla de erupciones volc\u00e1nicas en liceo de Puyehue se inici\u00f3 Programa Cient\u00edfic@s en las Aulas - Los Lagos\",\"isPartOf\":{\"@id\":\"https:\/\/dev.explora.cl\/lagos\/#website\"},\"primaryImageOfPage\":{\"@id\":\"https:\/\/dev.explora.cl\/lagos\/con-charla-de-erupciones-volcanicas-en-liceo-de-puyehue-se-inicio-programa-cientifics-en-las-aulas\/#primaryimage\"},\"image\":{\"@id\":\"https:\/\/dev.explora.cl\/lagos\/con-charla-de-erupciones-volcanicas-en-liceo-de-puyehue-se-inicio-programa-cientifics-en-las-aulas\/#primaryimage\"},\"thumbnailUrl\":\"https:\/\/dev.explora.cl\/lagos\/wp-content\/uploads\/sites\/17\/2023\/10\/MARCO-DE-FOTOS-CIENTIFICOS_Mesa-de-trabajo-1-copia-2.png\",\"datePublished\":\"2023-10-02T19:28:32+00:00\",\"dateModified\":\"2023-12-13T17:08:43+00:00\",\"author\":{\"@id\":\"https:\/\/dev.explora.cl\/lagos\/#\/schema\/person\/6608d3ee9ea0b0daeaf12289528fc582\"},\"breadcrumb\":{\"@id\":\"https:\/\/dev.explora.cl\/lagos\/con-charla-de-erupciones-volcanicas-en-liceo-de-puyehue-se-inicio-programa-cientifics-en-las-aulas\/#breadcrumb\"},\"inLanguage\":\"es\",\"potentialAction\":[{\"@type\":\"ReadAction\",\"target\":[\"https:\/\/dev.explora.cl\/lagos\/con-charla-de-erupciones-volcanicas-en-liceo-de-puyehue-se-inicio-programa-cientifics-en-las-aulas\/\"]}]},{\"@type\":\"ImageObject\",\"inLanguage\":\"es\",\"@id\":\"https:\/\/dev.explora.cl\/lagos\/con-charla-de-erupciones-volcanicas-en-liceo-de-puyehue-se-inicio-programa-cientifics-en-las-aulas\/#primaryimage\",\"url\":\"https:\/\/dev.explora.cl\/lagos\/wp-content\/uploads\/sites\/17\/2023\/10\/MARCO-DE-FOTOS-CIENTIFICOS_Mesa-de-trabajo-1-copia-2.png\",\"contentUrl\":\"https:\/\/dev.explora.cl\/lagos\/wp-content\/uploads\/sites\/17\/2023\/10\/MARCO-DE-FOTOS-CIENTIFICOS_Mesa-de-trabajo-1-copia-2.png\",\"width\":4501,\"height\":4501},{\"@type\":\"BreadcrumbList\",\"@id\":\"https:\/\/dev.explora.cl\/lagos\/con-charla-de-erupciones-volcanicas-en-liceo-de-puyehue-se-inicio-programa-cientifics-en-las-aulas\/#breadcrumb\",\"itemListElement\":[{\"@type\":\"ListItem\",\"position\":1,\"name\":\"Portada\",\"item\":\"https:\/\/dev.explora.cl\/lagos\/\"},{\"@type\":\"ListItem\",\"position\":2,\"name\":\"Con charla de erupciones volc\u00e1nicas en liceo de Puyehue se inici\u00f3 Programa Cient\u00edfic@s en las Aulas\"}]},{\"@type\":\"WebSite\",\"@id\":\"https:\/\/dev.explora.cl\/lagos\/#website\",\"url\":\"https:\/\/dev.explora.cl\/lagos\/\",\"name\":\"Los Lagos\",\"description\":\"Otro sitio m\u00e1s de dev.explora.cl\",\"potentialAction\":[{\"@type\":\"SearchAction\",\"target\":{\"@type\":\"EntryPoint\",\"urlTemplate\":\"https:\/\/dev.explora.cl\/lagos\/?s={search_term_string}\"},\"query-input\":{\"@type\":\"PropertyValueSpecification\",\"valueRequired\":true,\"valueName\":\"search_term_string\"}}],\"inLanguage\":\"es\"},{\"@type\":\"Person\",\"@id\":\"https:\/\/dev.explora.cl\/lagos\/#\/schema\/person\/6608d3ee9ea0b0daeaf12289528fc582\",\"name\":\"jvargas\",\"image\":{\"@type\":\"ImageObject\",\"inLanguage\":\"es\",\"@id\":\"https:\/\/dev.explora.cl\/lagos\/#\/schema\/person\/image\/\",\"url\":\"https:\/\/secure.gravatar.com\/avatar\/8a6892fbfb002ef173a244b534b4bbcea4c183fc3fbf7732e64ac89b1d22d482?s=96&d=mm&r=g\",\"contentUrl\":\"https:\/\/secure.gravatar.com\/avatar\/8a6892fbfb002ef173a244b534b4bbcea4c183fc3fbf7732e64ac89b1d22d482?s=96&d=mm&r=g\",\"caption\":\"jvargas\"},\"url\":\"https:\/\/dev.explora.cl\/lagos\/author\/jvargas\/\"}]}<\/script>\n<!-- \/ Yoast SEO plugin. -->","yoast_head_json":{"title":"Con charla de erupciones volc\u00e1nicas en liceo de Puyehue se inici\u00f3 Programa Cient\u00edfic@s en las Aulas - Los Lagos","robots":{"index":"index","follow":"follow","max-snippet":"max-snippet:-1","max-image-preview":"max-image-preview:large","max-video-preview":"max-video-preview:-1"},"canonical":"https:\/\/dev.explora.cl\/lagos\/con-charla-de-erupciones-volcanicas-en-liceo-de-puyehue-se-inicio-programa-cientifics-en-las-aulas\/","og_locale":"es_ES","og_type":"article","og_title":"Con charla de erupciones volc\u00e1nicas en liceo de Puyehue se inici\u00f3 Programa Cient\u00edfic@s en las Aulas - Los Lagos","og_description":"Detalles aqu\u00ed.","og_url":"https:\/\/dev.explora.cl\/lagos\/con-charla-de-erupciones-volcanicas-en-liceo-de-puyehue-se-inicio-programa-cientifics-en-las-aulas\/","og_site_name":"Los Lagos","article_published_time":"2023-10-02T19:28:32+00:00","article_modified_time":"2023-12-13T17:08:43+00:00","og_image":[{"width":1024,"height":1024,"url":"https:\/\/dev.explora.cl\/lagos\/wp-content\/uploads\/sites\/17\/2023\/10\/MARCO-DE-FOTOS-CIENTIFICOS_Mesa-de-trabajo-1-copia-2-1024x1024.png","type":"image\/png"}],"author":"jvargas","twitter_card":"summary_large_image","twitter_misc":{"Escrito por":"jvargas","Tiempo de lectura":"3 minutos"},"schema":{"@context":"https:\/\/schema.org","@graph":[{"@type":"Article","@id":"https:\/\/dev.explora.cl\/lagos\/con-charla-de-erupciones-volcanicas-en-liceo-de-puyehue-se-inicio-programa-cientifics-en-las-aulas\/#article","isPartOf":{"@id":"https:\/\/dev.explora.cl\/lagos\/con-charla-de-erupciones-volcanicas-en-liceo-de-puyehue-se-inicio-programa-cientifics-en-las-aulas\/"},"author":{"name":"jvargas","@id":"https:\/\/dev.explora.cl\/lagos\/#\/schema\/person\/6608d3ee9ea0b0daeaf12289528fc582"},"headline":"Con charla de erupciones volc\u00e1nicas en liceo de Puyehue se inici\u00f3 Programa Cient\u00edfic@s en las Aulas","datePublished":"2023-10-02T19:28:32+00:00","dateModified":"2023-12-13T17:08:43+00:00","mainEntityOfPage":{"@id":"https:\/\/dev.explora.cl\/lagos\/con-charla-de-erupciones-volcanicas-en-liceo-de-puyehue-se-inicio-programa-cientifics-en-las-aulas\/"},"wordCount":530,"commentCount":0,"image":{"@id":"https:\/\/dev.explora.cl\/lagos\/con-charla-de-erupciones-volcanicas-en-liceo-de-puyehue-se-inicio-programa-cientifics-en-las-aulas\/#primaryimage"},"thumbnailUrl":"https:\/\/dev.explora.cl\/lagos\/wp-content\/uploads\/sites\/17\/2023\/10\/MARCO-DE-FOTOS-CIENTIFICOS_Mesa-de-trabajo-1-copia-2.png","keywords":["Cient\u00edficos y cient\u00edficas","Explora Los Lagos.","Explora UACh","UACh Sede Puerto Montt"],"articleSection":["Banner","Lugar 8","Noticias"],"inLanguage":"es","potentialAction":[{"@type":"CommentAction","name":"Comment","target":["https:\/\/dev.explora.cl\/lagos\/con-charla-de-erupciones-volcanicas-en-liceo-de-puyehue-se-inicio-programa-cientifics-en-las-aulas\/#respond"]}]},{"@type":"WebPage","@id":"https:\/\/dev.explora.cl\/lagos\/con-charla-de-erupciones-volcanicas-en-liceo-de-puyehue-se-inicio-programa-cientifics-en-las-aulas\/","url":"https:\/\/dev.explora.cl\/lagos\/con-charla-de-erupciones-volcanicas-en-liceo-de-puyehue-se-inicio-programa-cientifics-en-las-aulas\/","name":"Con charla de erupciones volc\u00e1nicas en liceo de Puyehue se inici\u00f3 Programa Cient\u00edfic@s en las Aulas - Los Lagos","isPartOf":{"@id":"https:\/\/dev.explora.cl\/lagos\/#website"},"primaryImageOfPage":{"@id":"https:\/\/dev.explora.cl\/lagos\/con-charla-de-erupciones-volcanicas-en-liceo-de-puyehue-se-inicio-programa-cientifics-en-las-aulas\/#primaryimage"},"image":{"@id":"https:\/\/dev.explora.cl\/lagos\/con-charla-de-erupciones-volcanicas-en-liceo-de-puyehue-se-inicio-programa-cientifics-en-las-aulas\/#primaryimage"},"thumbnailUrl":"https:\/\/dev.explora.cl\/lagos\/wp-content\/uploads\/sites\/17\/2023\/10\/MARCO-DE-FOTOS-CIENTIFICOS_Mesa-de-trabajo-1-copia-2.png","datePublished":"2023-10-02T19:28:32+00:00","dateModified":"2023-12-13T17:08:43+00:00","author":{"@id":"https:\/\/dev.explora.cl\/lagos\/#\/schema\/person\/6608d3ee9ea0b0daeaf12289528fc582"},"breadcrumb":{"@id":"https:\/\/dev.explora.cl\/lagos\/con-charla-de-erupciones-volcanicas-en-liceo-de-puyehue-se-inicio-programa-cientifics-en-las-aulas\/#breadcrumb"},"inLanguage":"es","potentialAction":[{"@type":"ReadAction","target":["https:\/\/dev.explora.cl\/lagos\/con-charla-de-erupciones-volcanicas-en-liceo-de-puyehue-se-inicio-programa-cientifics-en-las-aulas\/"]}]},{"@type":"ImageObject","inLanguage":"es","@id":"https:\/\/dev.explora.cl\/lagos\/con-charla-de-erupciones-volcanicas-en-liceo-de-puyehue-se-inicio-programa-cientifics-en-las-aulas\/#primaryimage","url":"https:\/\/dev.explora.cl\/lagos\/wp-content\/uploads\/sites\/17\/2023\/10\/MARCO-DE-FOTOS-CIENTIFICOS_Mesa-de-trabajo-1-copia-2.png","contentUrl":"https:\/\/dev.explora.cl\/lagos\/wp-content\/uploads\/sites\/17\/2023\/10\/MARCO-DE-FOTOS-CIENTIFICOS_Mesa-de-trabajo-1-copia-2.png","width":4501,"height":4501},{"@type":"BreadcrumbList","@id":"https:\/\/dev.explora.cl\/lagos\/con-charla-de-erupciones-volcanicas-en-liceo-de-puyehue-se-inicio-programa-cientifics-en-las-aulas\/#breadcrumb","itemListElement":[{"@type":"ListItem","position":1,"name":"Portada","item":"https:\/\/dev.explora.cl\/lagos\/"},{"@type":"ListItem","position":2,"name":"Con charla de erupciones volc\u00e1nicas en liceo de Puyehue se inici\u00f3 Programa Cient\u00edfic@s en las Aulas"}]},{"@type":"WebSite","@id":"https:\/\/dev.explora.cl\/lagos\/#website","url":"https:\/\/dev.explora.cl\/lagos\/","name":"Los Lagos","description":"Otro sitio m\u00e1s de dev.explora.cl","potentialAction":[{"@type":"SearchAction","target":{"@type":"EntryPoint","urlTemplate":"https:\/\/dev.explora.cl\/lagos\/?s={search_term_string}"},"query-input":{"@type":"PropertyValueSpecification","valueRequired":true,"valueName":"search_term_string"}}],"inLanguage":"es"},{"@type":"Person","@id":"https:\/\/dev.explora.cl\/lagos\/#\/schema\/person\/6608d3ee9ea0b0daeaf12289528fc582","name":"jvargas","image":{"@type":"ImageObject","inLanguage":"es","@id":"https:\/\/dev.explora.cl\/lagos\/#\/schema\/person\/image\/","url":"https:\/\/secure.gravatar.com\/avatar\/8a6892fbfb002ef173a244b534b4bbcea4c183fc3fbf7732e64ac89b1d22d482?s=96&d=mm&r=g","contentUrl":"https:\/\/secure.gravatar.com\/avatar\/8a6892fbfb002ef173a244b534b4bbcea4c183fc3fbf7732e64ac89b1d22d482?s=96&d=mm&r=g","caption":"jvargas"},"url":"https:\/\/dev.explora.cl\/lagos\/author\/jvargas\/"}]}},"_links":{"self":[{"href":"https:\/\/dev.explora.cl\/lagos\/wp-json\/wp\/v2\/posts\/41220","targetHints":{"allow":["GET"]}}],"collection":[{"href":"https:\/\/dev.explora.cl\/lagos\/wp-json\/wp\/v2\/posts"}],"about":[{"href":"https:\/\/dev.explora.cl\/lagos\/wp-json\/wp\/v2\/types\/post"}],"author":[{"embeddable":true,"href":"https:\/\/dev.explora.cl\/lagos\/wp-json\/wp\/v2\/users\/36"}],"replies":[{"embeddable":true,"href":"https:\/\/dev.explora.cl\/lagos\/wp-json\/wp\/v2\/comments?post=41220"}],"version-history":[{"count":1,"href":"https:\/\/dev.explora.cl\/lagos\/wp-json\/wp\/v2\/posts\/41220\/revisions"}],"predecessor-version":[{"id":41222,"href":"https:\/\/dev.explora.cl\/lagos\/wp-json\/wp\/v2\/posts\/41220\/revisions\/41222"}],"wp:featuredmedia":[{"embeddable":true,"href":"https:\/\/dev.explora.cl\/lagos\/wp-json\/wp\/v2\/media\/41221"}],"wp:attachment":[{"href":"https:\/\/dev.explora.cl\/lagos\/wp-json\/wp\/v2\/media?parent=41220"}],"wp:term":[{"taxonomy":"category","embeddable":true,"href":"https:\/\/dev.explora.cl\/lagos\/wp-json\/wp\/v2\/categories?post=41220"},{"taxonomy":"post_tag","embeddable":true,"href":"https:\/\/dev.explora.cl\/lagos\/wp-json\/wp\/v2\/tags?post=41220"}],"curies":[{"name":"wp","href":"https:\/\/api.w.org\/{rel}","templated":true}]}}