{"id":41114,"date":"2023-08-18T19:24:07","date_gmt":"2023-08-18T23:24:07","guid":{"rendered":"https:\/\/dev.explora.cl\/lagos\/?p=41114"},"modified":"2024-05-08T11:25:10","modified_gmt":"2024-05-08T15:25:10","slug":"estudiantes-de-la-region-cuentan-sus-experiencias-en-investigacion-a-ministra-de-ciencia-tecnologia-conocimiento-e-innovacion","status":"publish","type":"post","link":"https:\/\/dev.explora.cl\/lagos\/estudiantes-de-la-region-cuentan-sus-experiencias-en-investigacion-a-ministra-de-ciencia-tecnologia-conocimiento-e-innovacion\/","title":{"rendered":"Estudiantes de la regi\u00f3n cuentan sus experiencias en investigaci\u00f3n a ministra de Ciencia, Tecnolog\u00eda, Conocimiento e Innovaci\u00f3n"},"content":{"rendered":"<p>[vc_row][vc_column][vc_column_text]Un activo conversatorio con comunidades educativas que participan y realizan investigaci\u00f3n cient\u00edfica sostuvo la ministra de Ciencia, Tecnolog\u00eda, Conocimiento e Innovaci\u00f3n, Ais\u00e9n Etcheverry Escudero; la seremi de CTCI de la Macrozona Sur, Maite Castro Gallastegui; la directora del Proyecto Asociativo Regional PAR Explora Los Lagos de la Universidad Austral de Chile Sede Puerto Montt, Gabriela Navarro Manzanal; en la Escuela Kim\u00fcn Lawal del sector Alerce, Puerto Montt.<\/p>\n<p>Estudiantes y docentes representantes de la escuela anfitriona y de la escuela Rotario Pedro Avelino, de Puerto Montt, se reunieron con las autoridades y conversaron sobre las actividades e intereses de sus colegios en torno a la ciencia, el medio ambiente, los inventos y descubrimientos y el quehacer de una ministra o seremi.<\/p>\n<p>Con motivo de la celebraci\u00f3n del aniversario 28 del Programa Explora y los cinco a\u00f1os desde la creaci\u00f3n del ministerio de Ciencia, Tecnolog\u00eda, Conocimiento e Innovaci\u00f3n, que se celebraron el 12 y 13 de agosto, respectivamente, las y los participantes en la actividad, cantaron el Cumplea\u00f1os Feliz y apagaron las velas, junto a la ministra y el equipo.<\/p>\n<p>La ministra Etcheverry destac\u00f3 respecto a la actividad la posibilidad de compartir espacios y dialogar con ni\u00f1as, ni\u00f1os y j\u00f3venes y con los equipos docentes porque \u201cvisitar los territorios es fundamental para entender las necesidades de todos los chilenos y chilenas\u201d, dijo.<\/p>\n<p>La directora del PAR Explora Los Lagos, Gabriela Navarro, valor\u00f3 la participaci\u00f3n de los grupos de los establecimientos Kim\u00fcn Lawal y Rotario Pedro Avelino de compartir sus experiencias, tanto en el quehacer interno de las escuelas, como en su participaci\u00f3n en los las actividades de los programas de Investigaci\u00f3n e Innovaci\u00f3n Escolar (IIE) y de Indagaci\u00f3n para Primeras Edades (PIPE).<\/p>\n<p>\u201cGenerar espacios de intercambio de saberes y experiencias, es parte del sentido y del trabajo del Proyecto Asociativo Regional Explora Los Lagos y en ese sentido, poder propiciar esta conversaci\u00f3n, adem\u00e1s con las m\u00e1ximas autoridades del ministerio de Ciencia, tambi\u00e9n enriquece nuestra institucionalidad\u201d, coment\u00f3 Navarro.<\/p>\n<p>Las autoridades ministeriales, las y los estudiantes y sus docentes fueron recibidas por el director de la Escuela Kim\u00fcn Lawal, Fabi\u00e1n Calixto, qui\u00e9n junto a parte del equipo directivo destac\u00f3 la disposici\u00f3n que tiene su comunidad de realizar y participar en actividades diversas porque \u201cnosotras y nosotros nos hemos impuesto ser un establecimiento que se vuelca y vincula con el entorno cercano y local, porque tenemos cosas y vivencias que mostrar y conocer. Por eso agradecemos que nos consideren como coanfitriones en este tipo de situaciones\u201d, coment\u00f3.[\/vc_column_text][\/vc_column][\/vc_row]<\/p>\n","protected":false},"excerpt":{"rendered":"<p>Aqu\u00ed m\u00e1s detalles<\/p>\n","protected":false},"author":36,"featured_media":41115,"comment_status":"open","ping_status":"open","sticky":false,"template":"","format":"standard","meta":{"_acf_changed":false,"_exactmetrics_skip_tracking":false,"_exactmetrics_sitenote_active":false,"_exactmetrics_sitenote_note":"","_exactmetrics_sitenote_category":0,"footnotes":"","_links_to":"","_links_to_target":""},"categories":[151,4],"tags":[291,328,174],"class_list":["post-41114","post","type-post","status-publish","format-standard","has-post-thumbnail","hentry","category-banner","category-noticias","tag-ministerio-de-ciencia","tag-par-explora-los-lagos-uach","tag-puerto-montt"],"acf":[],"yoast_head":"<!-- This site is optimized with the Yoast SEO plugin v26.7 - https:\/\/yoast.com\/wordpress\/plugins\/seo\/ -->\n<title>Estudiantes de la regi\u00f3n cuentan sus experiencias en investigaci\u00f3n a ministra de Ciencia, Tecnolog\u00eda, Conocimiento e Innovaci\u00f3n - Los Lagos<\/title>\n<meta name=\"robots\" content=\"index, follow, max-snippet:-1, max-image-preview:large, max-video-preview:-1\" \/>\n<link rel=\"canonical\" href=\"https:\/\/dev.explora.cl\/lagos\/estudiantes-de-la-region-cuentan-sus-experiencias-en-investigacion-a-ministra-de-ciencia-tecnologia-conocimiento-e-innovacion\/\" class=\"yoast-seo-meta-tag\" \/>\n<meta property=\"og:locale\" content=\"es_ES\" class=\"yoast-seo-meta-tag\" \/>\n<meta property=\"og:type\" content=\"article\" class=\"yoast-seo-meta-tag\" \/>\n<meta property=\"og:title\" content=\"Estudiantes de la regi\u00f3n cuentan sus experiencias en investigaci\u00f3n a ministra de Ciencia, Tecnolog\u00eda, Conocimiento e Innovaci\u00f3n - Los Lagos\" class=\"yoast-seo-meta-tag\" \/>\n<meta property=\"og:description\" content=\"Aqu\u00ed m\u00e1s detalles\" class=\"yoast-seo-meta-tag\" \/>\n<meta property=\"og:url\" content=\"https:\/\/dev.explora.cl\/lagos\/estudiantes-de-la-region-cuentan-sus-experiencias-en-investigacion-a-ministra-de-ciencia-tecnologia-conocimiento-e-innovacion\/\" class=\"yoast-seo-meta-tag\" \/>\n<meta property=\"og:site_name\" content=\"Los Lagos\" class=\"yoast-seo-meta-tag\" \/>\n<meta property=\"article:published_time\" content=\"2023-08-18T23:24:07+00:00\" class=\"yoast-seo-meta-tag\" \/>\n<meta property=\"article:modified_time\" content=\"2024-05-08T15:25:10+00:00\" class=\"yoast-seo-meta-tag\" \/>\n<meta property=\"og:image\" content=\"https:\/\/dev.explora.cl\/lagos\/wp-content\/uploads\/sites\/17\/2023\/08\/Conversatorio1-1024x683.jpg\" class=\"yoast-seo-meta-tag\" \/>\n\t<meta property=\"og:image:width\" content=\"1024\" class=\"yoast-seo-meta-tag\" \/>\n\t<meta property=\"og:image:height\" content=\"683\" class=\"yoast-seo-meta-tag\" \/>\n\t<meta property=\"og:image:type\" content=\"image\/jpeg\" class=\"yoast-seo-meta-tag\" \/>\n<meta name=\"author\" content=\"jvargas\" class=\"yoast-seo-meta-tag\" \/>\n<meta name=\"twitter:card\" content=\"summary_large_image\" class=\"yoast-seo-meta-tag\" \/>\n<meta name=\"twitter:label1\" content=\"Escrito por\" class=\"yoast-seo-meta-tag\" \/>\n\t<meta name=\"twitter:data1\" content=\"jvargas\" class=\"yoast-seo-meta-tag\" \/>\n\t<meta name=\"twitter:label2\" content=\"Tiempo de lectura\" class=\"yoast-seo-meta-tag\" \/>\n\t<meta name=\"twitter:data2\" content=\"2 minutos\" class=\"yoast-seo-meta-tag\" \/>\n<script type=\"application\/ld+json\" class=\"yoast-schema-graph\">{\"@context\":\"https:\/\/schema.org\",\"@graph\":[{\"@type\":\"Article\",\"@id\":\"https:\/\/dev.explora.cl\/lagos\/estudiantes-de-la-region-cuentan-sus-experiencias-en-investigacion-a-ministra-de-ciencia-tecnologia-conocimiento-e-innovacion\/#article\",\"isPartOf\":{\"@id\":\"https:\/\/dev.explora.cl\/lagos\/estudiantes-de-la-region-cuentan-sus-experiencias-en-investigacion-a-ministra-de-ciencia-tecnologia-conocimiento-e-innovacion\/\"},\"author\":{\"name\":\"jvargas\",\"@id\":\"https:\/\/dev.explora.cl\/lagos\/#\/schema\/person\/6608d3ee9ea0b0daeaf12289528fc582\"},\"headline\":\"Estudiantes de la regi\u00f3n cuentan sus experiencias en investigaci\u00f3n a ministra de Ciencia, Tecnolog\u00eda, Conocimiento e Innovaci\u00f3n\",\"datePublished\":\"2023-08-18T23:24:07+00:00\",\"dateModified\":\"2024-05-08T15:25:10+00:00\",\"mainEntityOfPage\":{\"@id\":\"https:\/\/dev.explora.cl\/lagos\/estudiantes-de-la-region-cuentan-sus-experiencias-en-investigacion-a-ministra-de-ciencia-tecnologia-conocimiento-e-innovacion\/\"},\"wordCount\":473,\"commentCount\":0,\"image\":{\"@id\":\"https:\/\/dev.explora.cl\/lagos\/estudiantes-de-la-region-cuentan-sus-experiencias-en-investigacion-a-ministra-de-ciencia-tecnologia-conocimiento-e-innovacion\/#primaryimage\"},\"thumbnailUrl\":\"https:\/\/dev.explora.cl\/lagos\/wp-content\/uploads\/sites\/17\/2023\/08\/Conversatorio1.jpg\",\"keywords\":[\"Ministerio de Ciencia\",\"PAR Explora Los Lagos UACh\",\"Puerto Montt\"],\"articleSection\":[\"Banner\",\"Noticias\"],\"inLanguage\":\"es\",\"potentialAction\":[{\"@type\":\"CommentAction\",\"name\":\"Comment\",\"target\":[\"https:\/\/dev.explora.cl\/lagos\/estudiantes-de-la-region-cuentan-sus-experiencias-en-investigacion-a-ministra-de-ciencia-tecnologia-conocimiento-e-innovacion\/#respond\"]}]},{\"@type\":\"WebPage\",\"@id\":\"https:\/\/dev.explora.cl\/lagos\/estudiantes-de-la-region-cuentan-sus-experiencias-en-investigacion-a-ministra-de-ciencia-tecnologia-conocimiento-e-innovacion\/\",\"url\":\"https:\/\/dev.explora.cl\/lagos\/estudiantes-de-la-region-cuentan-sus-experiencias-en-investigacion-a-ministra-de-ciencia-tecnologia-conocimiento-e-innovacion\/\",\"name\":\"Estudiantes de la regi\u00f3n cuentan sus experiencias en investigaci\u00f3n a ministra de Ciencia, Tecnolog\u00eda, Conocimiento e Innovaci\u00f3n - Los Lagos\",\"isPartOf\":{\"@id\":\"https:\/\/dev.explora.cl\/lagos\/#website\"},\"primaryImageOfPage\":{\"@id\":\"https:\/\/dev.explora.cl\/lagos\/estudiantes-de-la-region-cuentan-sus-experiencias-en-investigacion-a-ministra-de-ciencia-tecnologia-conocimiento-e-innovacion\/#primaryimage\"},\"image\":{\"@id\":\"https:\/\/dev.explora.cl\/lagos\/estudiantes-de-la-region-cuentan-sus-experiencias-en-investigacion-a-ministra-de-ciencia-tecnologia-conocimiento-e-innovacion\/#primaryimage\"},\"thumbnailUrl\":\"https:\/\/dev.explora.cl\/lagos\/wp-content\/uploads\/sites\/17\/2023\/08\/Conversatorio1.jpg\",\"datePublished\":\"2023-08-18T23:24:07+00:00\",\"dateModified\":\"2024-05-08T15:25:10+00:00\",\"author\":{\"@id\":\"https:\/\/dev.explora.cl\/lagos\/#\/schema\/person\/6608d3ee9ea0b0daeaf12289528fc582\"},\"breadcrumb\":{\"@id\":\"https:\/\/dev.explora.cl\/lagos\/estudiantes-de-la-region-cuentan-sus-experiencias-en-investigacion-a-ministra-de-ciencia-tecnologia-conocimiento-e-innovacion\/#breadcrumb\"},\"inLanguage\":\"es\",\"potentialAction\":[{\"@type\":\"ReadAction\",\"target\":[\"https:\/\/dev.explora.cl\/lagos\/estudiantes-de-la-region-cuentan-sus-experiencias-en-investigacion-a-ministra-de-ciencia-tecnologia-conocimiento-e-innovacion\/\"]}]},{\"@type\":\"ImageObject\",\"inLanguage\":\"es\",\"@id\":\"https:\/\/dev.explora.cl\/lagos\/estudiantes-de-la-region-cuentan-sus-experiencias-en-investigacion-a-ministra-de-ciencia-tecnologia-conocimiento-e-innovacion\/#primaryimage\",\"url\":\"https:\/\/dev.explora.cl\/lagos\/wp-content\/uploads\/sites\/17\/2023\/08\/Conversatorio1.jpg\",\"contentUrl\":\"https:\/\/dev.explora.cl\/lagos\/wp-content\/uploads\/sites\/17\/2023\/08\/Conversatorio1.jpg\",\"width\":5184,\"height\":3456},{\"@type\":\"BreadcrumbList\",\"@id\":\"https:\/\/dev.explora.cl\/lagos\/estudiantes-de-la-region-cuentan-sus-experiencias-en-investigacion-a-ministra-de-ciencia-tecnologia-conocimiento-e-innovacion\/#breadcrumb\",\"itemListElement\":[{\"@type\":\"ListItem\",\"position\":1,\"name\":\"Portada\",\"item\":\"https:\/\/dev.explora.cl\/lagos\/\"},{\"@type\":\"ListItem\",\"position\":2,\"name\":\"Estudiantes de la regi\u00f3n cuentan sus experiencias en investigaci\u00f3n a ministra de Ciencia, Tecnolog\u00eda, Conocimiento e Innovaci\u00f3n\"}]},{\"@type\":\"WebSite\",\"@id\":\"https:\/\/dev.explora.cl\/lagos\/#website\",\"url\":\"https:\/\/dev.explora.cl\/lagos\/\",\"name\":\"Los Lagos\",\"description\":\"Otro sitio m\u00e1s de dev.explora.cl\",\"potentialAction\":[{\"@type\":\"SearchAction\",\"target\":{\"@type\":\"EntryPoint\",\"urlTemplate\":\"https:\/\/dev.explora.cl\/lagos\/?s={search_term_string}\"},\"query-input\":{\"@type\":\"PropertyValueSpecification\",\"valueRequired\":true,\"valueName\":\"search_term_string\"}}],\"inLanguage\":\"es\"},{\"@type\":\"Person\",\"@id\":\"https:\/\/dev.explora.cl\/lagos\/#\/schema\/person\/6608d3ee9ea0b0daeaf12289528fc582\",\"name\":\"jvargas\",\"image\":{\"@type\":\"ImageObject\",\"inLanguage\":\"es\",\"@id\":\"https:\/\/dev.explora.cl\/lagos\/#\/schema\/person\/image\/\",\"url\":\"https:\/\/secure.gravatar.com\/avatar\/8a6892fbfb002ef173a244b534b4bbcea4c183fc3fbf7732e64ac89b1d22d482?s=96&d=mm&r=g\",\"contentUrl\":\"https:\/\/secure.gravatar.com\/avatar\/8a6892fbfb002ef173a244b534b4bbcea4c183fc3fbf7732e64ac89b1d22d482?s=96&d=mm&r=g\",\"caption\":\"jvargas\"},\"url\":\"https:\/\/dev.explora.cl\/lagos\/author\/jvargas\/\"}]}<\/script>\n<!-- \/ Yoast SEO plugin. -->","yoast_head_json":{"title":"Estudiantes de la regi\u00f3n cuentan sus experiencias en investigaci\u00f3n a ministra de Ciencia, Tecnolog\u00eda, Conocimiento e Innovaci\u00f3n - Los Lagos","robots":{"index":"index","follow":"follow","max-snippet":"max-snippet:-1","max-image-preview":"max-image-preview:large","max-video-preview":"max-video-preview:-1"},"canonical":"https:\/\/dev.explora.cl\/lagos\/estudiantes-de-la-region-cuentan-sus-experiencias-en-investigacion-a-ministra-de-ciencia-tecnologia-conocimiento-e-innovacion\/","og_locale":"es_ES","og_type":"article","og_title":"Estudiantes de la regi\u00f3n cuentan sus experiencias en investigaci\u00f3n a ministra de Ciencia, Tecnolog\u00eda, Conocimiento e Innovaci\u00f3n - Los Lagos","og_description":"Aqu\u00ed m\u00e1s detalles","og_url":"https:\/\/dev.explora.cl\/lagos\/estudiantes-de-la-region-cuentan-sus-experiencias-en-investigacion-a-ministra-de-ciencia-tecnologia-conocimiento-e-innovacion\/","og_site_name":"Los Lagos","article_published_time":"2023-08-18T23:24:07+00:00","article_modified_time":"2024-05-08T15:25:10+00:00","og_image":[{"width":1024,"height":683,"url":"https:\/\/dev.explora.cl\/lagos\/wp-content\/uploads\/sites\/17\/2023\/08\/Conversatorio1-1024x683.jpg","type":"image\/jpeg"}],"author":"jvargas","twitter_card":"summary_large_image","twitter_misc":{"Escrito por":"jvargas","Tiempo de lectura":"2 minutos"},"schema":{"@context":"https:\/\/schema.org","@graph":[{"@type":"Article","@id":"https:\/\/dev.explora.cl\/lagos\/estudiantes-de-la-region-cuentan-sus-experiencias-en-investigacion-a-ministra-de-ciencia-tecnologia-conocimiento-e-innovacion\/#article","isPartOf":{"@id":"https:\/\/dev.explora.cl\/lagos\/estudiantes-de-la-region-cuentan-sus-experiencias-en-investigacion-a-ministra-de-ciencia-tecnologia-conocimiento-e-innovacion\/"},"author":{"name":"jvargas","@id":"https:\/\/dev.explora.cl\/lagos\/#\/schema\/person\/6608d3ee9ea0b0daeaf12289528fc582"},"headline":"Estudiantes de la regi\u00f3n cuentan sus experiencias en investigaci\u00f3n a ministra de Ciencia, Tecnolog\u00eda, Conocimiento e Innovaci\u00f3n","datePublished":"2023-08-18T23:24:07+00:00","dateModified":"2024-05-08T15:25:10+00:00","mainEntityOfPage":{"@id":"https:\/\/dev.explora.cl\/lagos\/estudiantes-de-la-region-cuentan-sus-experiencias-en-investigacion-a-ministra-de-ciencia-tecnologia-conocimiento-e-innovacion\/"},"wordCount":473,"commentCount":0,"image":{"@id":"https:\/\/dev.explora.cl\/lagos\/estudiantes-de-la-region-cuentan-sus-experiencias-en-investigacion-a-ministra-de-ciencia-tecnologia-conocimiento-e-innovacion\/#primaryimage"},"thumbnailUrl":"https:\/\/dev.explora.cl\/lagos\/wp-content\/uploads\/sites\/17\/2023\/08\/Conversatorio1.jpg","keywords":["Ministerio de Ciencia","PAR Explora Los Lagos UACh","Puerto Montt"],"articleSection":["Banner","Noticias"],"inLanguage":"es","potentialAction":[{"@type":"CommentAction","name":"Comment","target":["https:\/\/dev.explora.cl\/lagos\/estudiantes-de-la-region-cuentan-sus-experiencias-en-investigacion-a-ministra-de-ciencia-tecnologia-conocimiento-e-innovacion\/#respond"]}]},{"@type":"WebPage","@id":"https:\/\/dev.explora.cl\/lagos\/estudiantes-de-la-region-cuentan-sus-experiencias-en-investigacion-a-ministra-de-ciencia-tecnologia-conocimiento-e-innovacion\/","url":"https:\/\/dev.explora.cl\/lagos\/estudiantes-de-la-region-cuentan-sus-experiencias-en-investigacion-a-ministra-de-ciencia-tecnologia-conocimiento-e-innovacion\/","name":"Estudiantes de la regi\u00f3n cuentan sus experiencias en investigaci\u00f3n a ministra de Ciencia, Tecnolog\u00eda, Conocimiento e Innovaci\u00f3n - Los Lagos","isPartOf":{"@id":"https:\/\/dev.explora.cl\/lagos\/#website"},"primaryImageOfPage":{"@id":"https:\/\/dev.explora.cl\/lagos\/estudiantes-de-la-region-cuentan-sus-experiencias-en-investigacion-a-ministra-de-ciencia-tecnologia-conocimiento-e-innovacion\/#primaryimage"},"image":{"@id":"https:\/\/dev.explora.cl\/lagos\/estudiantes-de-la-region-cuentan-sus-experiencias-en-investigacion-a-ministra-de-ciencia-tecnologia-conocimiento-e-innovacion\/#primaryimage"},"thumbnailUrl":"https:\/\/dev.explora.cl\/lagos\/wp-content\/uploads\/sites\/17\/2023\/08\/Conversatorio1.jpg","datePublished":"2023-08-18T23:24:07+00:00","dateModified":"2024-05-08T15:25:10+00:00","author":{"@id":"https:\/\/dev.explora.cl\/lagos\/#\/schema\/person\/6608d3ee9ea0b0daeaf12289528fc582"},"breadcrumb":{"@id":"https:\/\/dev.explora.cl\/lagos\/estudiantes-de-la-region-cuentan-sus-experiencias-en-investigacion-a-ministra-de-ciencia-tecnologia-conocimiento-e-innovacion\/#breadcrumb"},"inLanguage":"es","potentialAction":[{"@type":"ReadAction","target":["https:\/\/dev.explora.cl\/lagos\/estudiantes-de-la-region-cuentan-sus-experiencias-en-investigacion-a-ministra-de-ciencia-tecnologia-conocimiento-e-innovacion\/"]}]},{"@type":"ImageObject","inLanguage":"es","@id":"https:\/\/dev.explora.cl\/lagos\/estudiantes-de-la-region-cuentan-sus-experiencias-en-investigacion-a-ministra-de-ciencia-tecnologia-conocimiento-e-innovacion\/#primaryimage","url":"https:\/\/dev.explora.cl\/lagos\/wp-content\/uploads\/sites\/17\/2023\/08\/Conversatorio1.jpg","contentUrl":"https:\/\/dev.explora.cl\/lagos\/wp-content\/uploads\/sites\/17\/2023\/08\/Conversatorio1.jpg","width":5184,"height":3456},{"@type":"BreadcrumbList","@id":"https:\/\/dev.explora.cl\/lagos\/estudiantes-de-la-region-cuentan-sus-experiencias-en-investigacion-a-ministra-de-ciencia-tecnologia-conocimiento-e-innovacion\/#breadcrumb","itemListElement":[{"@type":"ListItem","position":1,"name":"Portada","item":"https:\/\/dev.explora.cl\/lagos\/"},{"@type":"ListItem","position":2,"name":"Estudiantes de la regi\u00f3n cuentan sus experiencias en investigaci\u00f3n a ministra de Ciencia, Tecnolog\u00eda, Conocimiento e Innovaci\u00f3n"}]},{"@type":"WebSite","@id":"https:\/\/dev.explora.cl\/lagos\/#website","url":"https:\/\/dev.explora.cl\/lagos\/","name":"Los Lagos","description":"Otro sitio m\u00e1s de dev.explora.cl","potentialAction":[{"@type":"SearchAction","target":{"@type":"EntryPoint","urlTemplate":"https:\/\/dev.explora.cl\/lagos\/?s={search_term_string}"},"query-input":{"@type":"PropertyValueSpecification","valueRequired":true,"valueName":"search_term_string"}}],"inLanguage":"es"},{"@type":"Person","@id":"https:\/\/dev.explora.cl\/lagos\/#\/schema\/person\/6608d3ee9ea0b0daeaf12289528fc582","name":"jvargas","image":{"@type":"ImageObject","inLanguage":"es","@id":"https:\/\/dev.explora.cl\/lagos\/#\/schema\/person\/image\/","url":"https:\/\/secure.gravatar.com\/avatar\/8a6892fbfb002ef173a244b534b4bbcea4c183fc3fbf7732e64ac89b1d22d482?s=96&d=mm&r=g","contentUrl":"https:\/\/secure.gravatar.com\/avatar\/8a6892fbfb002ef173a244b534b4bbcea4c183fc3fbf7732e64ac89b1d22d482?s=96&d=mm&r=g","caption":"jvargas"},"url":"https:\/\/dev.explora.cl\/lagos\/author\/jvargas\/"}]}},"_links":{"self":[{"href":"https:\/\/dev.explora.cl\/lagos\/wp-json\/wp\/v2\/posts\/41114","targetHints":{"allow":["GET"]}}],"collection":[{"href":"https:\/\/dev.explora.cl\/lagos\/wp-json\/wp\/v2\/posts"}],"about":[{"href":"https:\/\/dev.explora.cl\/lagos\/wp-json\/wp\/v2\/types\/post"}],"author":[{"embeddable":true,"href":"https:\/\/dev.explora.cl\/lagos\/wp-json\/wp\/v2\/users\/36"}],"replies":[{"embeddable":true,"href":"https:\/\/dev.explora.cl\/lagos\/wp-json\/wp\/v2\/comments?post=41114"}],"version-history":[{"count":1,"href":"https:\/\/dev.explora.cl\/lagos\/wp-json\/wp\/v2\/posts\/41114\/revisions"}],"predecessor-version":[{"id":41116,"href":"https:\/\/dev.explora.cl\/lagos\/wp-json\/wp\/v2\/posts\/41114\/revisions\/41116"}],"wp:featuredmedia":[{"embeddable":true,"href":"https:\/\/dev.explora.cl\/lagos\/wp-json\/wp\/v2\/media\/41115"}],"wp:attachment":[{"href":"https:\/\/dev.explora.cl\/lagos\/wp-json\/wp\/v2\/media?parent=41114"}],"wp:term":[{"taxonomy":"category","embeddable":true,"href":"https:\/\/dev.explora.cl\/lagos\/wp-json\/wp\/v2\/categories?post=41114"},{"taxonomy":"post_tag","embeddable":true,"href":"https:\/\/dev.explora.cl\/lagos\/wp-json\/wp\/v2\/tags?post=41114"}],"curies":[{"name":"wp","href":"https:\/\/api.w.org\/{rel}","templated":true}]}}