{"id":41077,"date":"2023-08-07T13:37:06","date_gmt":"2023-08-07T17:37:06","guid":{"rendered":"https:\/\/dev.explora.cl\/lagos\/?p=41077"},"modified":"2023-08-17T15:13:51","modified_gmt":"2023-08-17T19:13:51","slug":"activa-participacion-de-equipos-seleccionados-tuvo-jornada-del-programa-de-indagacion-para-primeras-edades-pipe-2023","status":"publish","type":"post","link":"https:\/\/dev.explora.cl\/lagos\/activa-participacion-de-equipos-seleccionados-tuvo-jornada-del-programa-de-indagacion-para-primeras-edades-pipe-2023\/","title":{"rendered":"Activa participaci\u00f3n de equipos seleccionados tuvo jornada del Programa de Indagaci\u00f3n para Primeras Edades PIPE 2023"},"content":{"rendered":"<p>[vc_row][vc_column][vc_column_text]<\/p>\n<p class=\"contentpasted0\"><span style=\"font-size: 13.5pt;font-family: 'Times New Roman',serif;color: black\">Con la asistencia de una cincuentena de educadoras\/es, t\u00e9cnicos en Educaci\u00f3n Parvularia, Educadoras\/es Diferenciales, docentes de ciencia, psic\u00f3logas, fonoaudi\u00f3logo\/a y kinesi\u00f3logas<\/span> <span style=\"font-size: 13.5pt;font-family: 'Times New Roman',serif;color: black\">se realiz\u00f3 el lanzamiento del Programa de Indagaci\u00f3n para Primeras Edades PIPE, uno de los instrumentos del Proyecto <\/span><span style=\"font-size: 13.5pt;font-family: 'Times New Roman',serif;color: black\">Asociativo Regional (PAR) Explora Los Lagos.<\/span><\/p>\n<p class=\"contentpasted0\"><span style=\"font-size: 13.5pt;font-family: 'Times New Roman',serif;color: black\">En dos jornadas que se efectuaron en Puerto Montt, las y los participantes, que se desempe\u00f1an en 22 establecimientos y provienen desde 12 comunas de la regi\u00f3n de Los Lagos, recibieron capacitaci\u00f3n con herramientas para fortalecer el quehacer pedag\u00f3gico en la ense\u00f1anza de las ciencias en las primeras edades.<\/span><\/p>\n<p class=\"contentpasted0\"><span style=\"font-size: 13.5pt;font-family: 'Times New Roman',serif;color: black\">La directora del PAR Explora Los Lagos, Gabriela Navarro Manzanal explic\u00f3 que el programa PIPE est\u00e1 orientado a despertar la curiosidad de ni\u00f1as y ni\u00f1os, por medio de la exploraci\u00f3n del entorno <\/span><span style=\"font-size: 13.5pt;font-family: 'Times New Roman',serif;color: #ed5c57\">y <\/span><span style=\"font-size: 13.5pt;font-family: 'Times New Roman',serif;color: black\">la indagaci\u00f3n en tem\u00e1ticas relacionadas a plantas, animales, medio ambiente y naturaleza en general.<\/span><\/p>\n<p class=\"contentpasted0\"><span style=\"font-size: 13.5pt;font-family: 'Times New Roman',serif;color: black\">\u201cHacemos una apuesta metodol\u00f3gica que busca acercar a la primera infancia a competencias cient\u00edficas que ser\u00e1n significativas para motivar un desarrollo cognitivo y emocional en la ciencia y en todas las \u00e1reas de su vida\u201d, coment\u00f3 Gabriela Navarro.<\/span><\/p>\n<p class=\"contentpasted0\"><span style=\"font-size: 13.5pt;font-family: 'Times New Roman',serif;color: black\">Por otra parte<\/span><span style=\"font-size: 13.5pt;font-family: 'Times New Roman',serif;color: #ed5c57\">, <\/span><span style=\"font-size: 13.5pt;font-family: 'Times New Roman',serif;color: black\">destac\u00f3 la diversidad de profesionales que componen los equipos educativos que participar\u00e1n este a\u00f1o en el programa, ya que \u201cpor primera vez, adem\u00e1s de educadores y educadoras, asistentes y \/o t\u00e9cnicos en Educaci\u00f3n Parvularia, hay equipos con mayor amplitud de profesionales, con la participaci\u00f3n tambi\u00e9n de psic\u00f3logas\/os, fonoaudi\u00f3logas\/os y kinesi\u00f3logas. Eso es muy importante para Explora, porque permite ampliar las miradas del trabajo e impacto de este instrumento en las comunidades escolares con equipos multidisciplinarios\u201d, se\u00f1al\u00f3.<\/span><\/p>\n<p class=\"contentpasted0\"><span style=\"font-size: 13.5pt;font-family: 'Times New Roman',serif;color: black\">En cuanto a la dependencia de los establecimientos, Navarro tambi\u00e9n recalc\u00f3 que \u201cnuestra intervenci\u00f3n abarca un amplio espectro, principalmente con establecimientos p\u00fablicos (siete), pero tambi\u00e9n particulares subvencionados (cuatro) y particular (uno), adem\u00e1s de siete jardines infantiles JUNJI y dos de Integra.<\/span><\/p>\n<p class=\"contentpasted0\"><span style=\"font-size: 13.5pt;font-family: 'Times New Roman',serif;color: black\">En la oportunidad, se cont\u00f3 con la asistencia de Marcelo Delgado, de la Unidad T\u00e9cnico Pedag\u00f3gica en el Servicio Local de Educaci\u00f3n Llanquihue; Cinthia Mardones, directora de Educaci\u00f3n Parvularia de la UACh Sede Puerto Montt; Santiago Ponce, profesor de Pedagog\u00eda en Educaci\u00f3n Parvularia y director del programa de magister en Atenci\u00f3n a la Diversidad en Contextos de la UACh; Mar\u00eda Jesus Viviani, Educadora de p\u00e1rvulos de la Universidad Cat\u00f3lica de Chile y especializada en entornos virtuales de aprendizaje; Hugo Torres, ec\u00f3logo y docente de la Facultad de Ciencias Sociales de la Universidad de Chile; Juan Carlos Gacit\u00faa, educador experto en innovaci\u00f3n educativa, director de la Unidad de Formaci\u00f3n e Innovaci\u00f3n Docente de la Universidad de Loyola, Espa\u00f1a y ex director del PAR Explora Bio Bio; y Cristian Guti\u00e9rrez, encargado PIPE PAR Explora Bio Bio.<\/span><\/p>\n<p>[\/vc_column_text][\/vc_column][\/vc_row]<\/p>\n","protected":false},"excerpt":{"rendered":"<p>Aqu\u00ed, m\u00e1s detalles<\/p>\n","protected":false},"author":36,"featured_media":41080,"comment_status":"open","ping_status":"open","sticky":false,"template":"","format":"standard","meta":{"_acf_changed":false,"_exactmetrics_skip_tracking":false,"_exactmetrics_sitenote_active":false,"_exactmetrics_sitenote_note":"","_exactmetrics_sitenote_category":0,"footnotes":"","_links_to":"","_links_to_target":""},"categories":[151,139,4],"tags":[247,482,336,233,332],"class_list":["post-41077","post","type-post","status-publish","format-standard","has-post-thumbnail","hentry","category-banner","category-lugar-4","category-noticias","tag-par-explora-los-lagos","tag-pipe-2023","tag-programa-de-indagacion-para-primeras-edades","tag-uach","tag-uach-sede-puerto-montt"],"acf":[],"yoast_head":"<!-- This site is optimized with the Yoast SEO plugin v26.7 - https:\/\/yoast.com\/wordpress\/plugins\/seo\/ -->\n<title>Activa participaci\u00f3n de equipos seleccionados tuvo jornada del Programa de Indagaci\u00f3n para Primeras Edades PIPE 2023 - Los Lagos<\/title>\n<meta name=\"robots\" content=\"index, follow, max-snippet:-1, max-image-preview:large, max-video-preview:-1\" \/>\n<link rel=\"canonical\" href=\"https:\/\/dev.explora.cl\/lagos\/activa-participacion-de-equipos-seleccionados-tuvo-jornada-del-programa-de-indagacion-para-primeras-edades-pipe-2023\/\" class=\"yoast-seo-meta-tag\" \/>\n<meta property=\"og:locale\" content=\"es_ES\" class=\"yoast-seo-meta-tag\" \/>\n<meta property=\"og:type\" content=\"article\" class=\"yoast-seo-meta-tag\" \/>\n<meta property=\"og:title\" content=\"Activa participaci\u00f3n de equipos seleccionados tuvo jornada del Programa de Indagaci\u00f3n para Primeras Edades PIPE 2023 - Los Lagos\" class=\"yoast-seo-meta-tag\" \/>\n<meta property=\"og:description\" content=\"Aqu\u00ed, m\u00e1s detalles\" class=\"yoast-seo-meta-tag\" \/>\n<meta property=\"og:url\" content=\"https:\/\/dev.explora.cl\/lagos\/activa-participacion-de-equipos-seleccionados-tuvo-jornada-del-programa-de-indagacion-para-primeras-edades-pipe-2023\/\" class=\"yoast-seo-meta-tag\" \/>\n<meta property=\"og:site_name\" content=\"Los Lagos\" class=\"yoast-seo-meta-tag\" \/>\n<meta property=\"article:published_time\" content=\"2023-08-07T17:37:06+00:00\" class=\"yoast-seo-meta-tag\" \/>\n<meta property=\"article:modified_time\" content=\"2023-08-17T19:13:51+00:00\" class=\"yoast-seo-meta-tag\" \/>\n<meta property=\"og:image\" content=\"https:\/\/dev.explora.cl\/lagos\/wp-content\/uploads\/sites\/17\/2023\/08\/IMG_7109-1024x683.jpg\" class=\"yoast-seo-meta-tag\" \/>\n\t<meta property=\"og:image:width\" content=\"1024\" class=\"yoast-seo-meta-tag\" \/>\n\t<meta property=\"og:image:height\" content=\"683\" class=\"yoast-seo-meta-tag\" \/>\n\t<meta property=\"og:image:type\" content=\"image\/jpeg\" class=\"yoast-seo-meta-tag\" \/>\n<meta name=\"author\" content=\"jvargas\" class=\"yoast-seo-meta-tag\" \/>\n<meta name=\"twitter:card\" content=\"summary_large_image\" class=\"yoast-seo-meta-tag\" \/>\n<meta name=\"twitter:label1\" content=\"Escrito por\" class=\"yoast-seo-meta-tag\" \/>\n\t<meta name=\"twitter:data1\" content=\"jvargas\" class=\"yoast-seo-meta-tag\" \/>\n\t<meta name=\"twitter:label2\" content=\"Tiempo de lectura\" class=\"yoast-seo-meta-tag\" \/>\n\t<meta name=\"twitter:data2\" content=\"3 minutos\" class=\"yoast-seo-meta-tag\" \/>\n<script type=\"application\/ld+json\" class=\"yoast-schema-graph\">{\"@context\":\"https:\/\/schema.org\",\"@graph\":[{\"@type\":\"Article\",\"@id\":\"https:\/\/dev.explora.cl\/lagos\/activa-participacion-de-equipos-seleccionados-tuvo-jornada-del-programa-de-indagacion-para-primeras-edades-pipe-2023\/#article\",\"isPartOf\":{\"@id\":\"https:\/\/dev.explora.cl\/lagos\/activa-participacion-de-equipos-seleccionados-tuvo-jornada-del-programa-de-indagacion-para-primeras-edades-pipe-2023\/\"},\"author\":{\"name\":\"jvargas\",\"@id\":\"https:\/\/dev.explora.cl\/lagos\/#\/schema\/person\/6608d3ee9ea0b0daeaf12289528fc582\"},\"headline\":\"Activa participaci\u00f3n de equipos seleccionados tuvo jornada del Programa de Indagaci\u00f3n para Primeras Edades PIPE 2023\",\"datePublished\":\"2023-08-07T17:37:06+00:00\",\"dateModified\":\"2023-08-17T19:13:51+00:00\",\"mainEntityOfPage\":{\"@id\":\"https:\/\/dev.explora.cl\/lagos\/activa-participacion-de-equipos-seleccionados-tuvo-jornada-del-programa-de-indagacion-para-primeras-edades-pipe-2023\/\"},\"wordCount\":519,\"commentCount\":0,\"image\":{\"@id\":\"https:\/\/dev.explora.cl\/lagos\/activa-participacion-de-equipos-seleccionados-tuvo-jornada-del-programa-de-indagacion-para-primeras-edades-pipe-2023\/#primaryimage\"},\"thumbnailUrl\":\"https:\/\/dev.explora.cl\/lagos\/wp-content\/uploads\/sites\/17\/2023\/08\/IMG_7109.jpg\",\"keywords\":[\"PAR EXPLORA LOS LAGOS\",\"PIPE 2023\",\"Programa de Indagaci\u00f3n para Primeras Edades\",\"UACh\",\"UACh Sede Puerto Montt\"],\"articleSection\":[\"Banner\",\"Lugar 4\",\"Noticias\"],\"inLanguage\":\"es\",\"potentialAction\":[{\"@type\":\"CommentAction\",\"name\":\"Comment\",\"target\":[\"https:\/\/dev.explora.cl\/lagos\/activa-participacion-de-equipos-seleccionados-tuvo-jornada-del-programa-de-indagacion-para-primeras-edades-pipe-2023\/#respond\"]}]},{\"@type\":\"WebPage\",\"@id\":\"https:\/\/dev.explora.cl\/lagos\/activa-participacion-de-equipos-seleccionados-tuvo-jornada-del-programa-de-indagacion-para-primeras-edades-pipe-2023\/\",\"url\":\"https:\/\/dev.explora.cl\/lagos\/activa-participacion-de-equipos-seleccionados-tuvo-jornada-del-programa-de-indagacion-para-primeras-edades-pipe-2023\/\",\"name\":\"Activa participaci\u00f3n de equipos seleccionados tuvo jornada del Programa de Indagaci\u00f3n para Primeras Edades PIPE 2023 - Los Lagos\",\"isPartOf\":{\"@id\":\"https:\/\/dev.explora.cl\/lagos\/#website\"},\"primaryImageOfPage\":{\"@id\":\"https:\/\/dev.explora.cl\/lagos\/activa-participacion-de-equipos-seleccionados-tuvo-jornada-del-programa-de-indagacion-para-primeras-edades-pipe-2023\/#primaryimage\"},\"image\":{\"@id\":\"https:\/\/dev.explora.cl\/lagos\/activa-participacion-de-equipos-seleccionados-tuvo-jornada-del-programa-de-indagacion-para-primeras-edades-pipe-2023\/#primaryimage\"},\"thumbnailUrl\":\"https:\/\/dev.explora.cl\/lagos\/wp-content\/uploads\/sites\/17\/2023\/08\/IMG_7109.jpg\",\"datePublished\":\"2023-08-07T17:37:06+00:00\",\"dateModified\":\"2023-08-17T19:13:51+00:00\",\"author\":{\"@id\":\"https:\/\/dev.explora.cl\/lagos\/#\/schema\/person\/6608d3ee9ea0b0daeaf12289528fc582\"},\"breadcrumb\":{\"@id\":\"https:\/\/dev.explora.cl\/lagos\/activa-participacion-de-equipos-seleccionados-tuvo-jornada-del-programa-de-indagacion-para-primeras-edades-pipe-2023\/#breadcrumb\"},\"inLanguage\":\"es\",\"potentialAction\":[{\"@type\":\"ReadAction\",\"target\":[\"https:\/\/dev.explora.cl\/lagos\/activa-participacion-de-equipos-seleccionados-tuvo-jornada-del-programa-de-indagacion-para-primeras-edades-pipe-2023\/\"]}]},{\"@type\":\"ImageObject\",\"inLanguage\":\"es\",\"@id\":\"https:\/\/dev.explora.cl\/lagos\/activa-participacion-de-equipos-seleccionados-tuvo-jornada-del-programa-de-indagacion-para-primeras-edades-pipe-2023\/#primaryimage\",\"url\":\"https:\/\/dev.explora.cl\/lagos\/wp-content\/uploads\/sites\/17\/2023\/08\/IMG_7109.jpg\",\"contentUrl\":\"https:\/\/dev.explora.cl\/lagos\/wp-content\/uploads\/sites\/17\/2023\/08\/IMG_7109.jpg\",\"width\":5184,\"height\":3456},{\"@type\":\"BreadcrumbList\",\"@id\":\"https:\/\/dev.explora.cl\/lagos\/activa-participacion-de-equipos-seleccionados-tuvo-jornada-del-programa-de-indagacion-para-primeras-edades-pipe-2023\/#breadcrumb\",\"itemListElement\":[{\"@type\":\"ListItem\",\"position\":1,\"name\":\"Portada\",\"item\":\"https:\/\/dev.explora.cl\/lagos\/\"},{\"@type\":\"ListItem\",\"position\":2,\"name\":\"Activa participaci\u00f3n de equipos seleccionados tuvo jornada del Programa de Indagaci\u00f3n para Primeras Edades PIPE 2023\"}]},{\"@type\":\"WebSite\",\"@id\":\"https:\/\/dev.explora.cl\/lagos\/#website\",\"url\":\"https:\/\/dev.explora.cl\/lagos\/\",\"name\":\"Los Lagos\",\"description\":\"Otro sitio m\u00e1s de dev.explora.cl\",\"potentialAction\":[{\"@type\":\"SearchAction\",\"target\":{\"@type\":\"EntryPoint\",\"urlTemplate\":\"https:\/\/dev.explora.cl\/lagos\/?s={search_term_string}\"},\"query-input\":{\"@type\":\"PropertyValueSpecification\",\"valueRequired\":true,\"valueName\":\"search_term_string\"}}],\"inLanguage\":\"es\"},{\"@type\":\"Person\",\"@id\":\"https:\/\/dev.explora.cl\/lagos\/#\/schema\/person\/6608d3ee9ea0b0daeaf12289528fc582\",\"name\":\"jvargas\",\"image\":{\"@type\":\"ImageObject\",\"inLanguage\":\"es\",\"@id\":\"https:\/\/dev.explora.cl\/lagos\/#\/schema\/person\/image\/\",\"url\":\"https:\/\/secure.gravatar.com\/avatar\/8a6892fbfb002ef173a244b534b4bbcea4c183fc3fbf7732e64ac89b1d22d482?s=96&d=mm&r=g\",\"contentUrl\":\"https:\/\/secure.gravatar.com\/avatar\/8a6892fbfb002ef173a244b534b4bbcea4c183fc3fbf7732e64ac89b1d22d482?s=96&d=mm&r=g\",\"caption\":\"jvargas\"},\"url\":\"https:\/\/dev.explora.cl\/lagos\/author\/jvargas\/\"}]}<\/script>\n<!-- \/ Yoast SEO plugin. -->","yoast_head_json":{"title":"Activa participaci\u00f3n de equipos seleccionados tuvo jornada del Programa de Indagaci\u00f3n para Primeras Edades PIPE 2023 - Los Lagos","robots":{"index":"index","follow":"follow","max-snippet":"max-snippet:-1","max-image-preview":"max-image-preview:large","max-video-preview":"max-video-preview:-1"},"canonical":"https:\/\/dev.explora.cl\/lagos\/activa-participacion-de-equipos-seleccionados-tuvo-jornada-del-programa-de-indagacion-para-primeras-edades-pipe-2023\/","og_locale":"es_ES","og_type":"article","og_title":"Activa participaci\u00f3n de equipos seleccionados tuvo jornada del Programa de Indagaci\u00f3n para Primeras Edades PIPE 2023 - Los Lagos","og_description":"Aqu\u00ed, m\u00e1s detalles","og_url":"https:\/\/dev.explora.cl\/lagos\/activa-participacion-de-equipos-seleccionados-tuvo-jornada-del-programa-de-indagacion-para-primeras-edades-pipe-2023\/","og_site_name":"Los Lagos","article_published_time":"2023-08-07T17:37:06+00:00","article_modified_time":"2023-08-17T19:13:51+00:00","og_image":[{"width":1024,"height":683,"url":"https:\/\/dev.explora.cl\/lagos\/wp-content\/uploads\/sites\/17\/2023\/08\/IMG_7109-1024x683.jpg","type":"image\/jpeg"}],"author":"jvargas","twitter_card":"summary_large_image","twitter_misc":{"Escrito por":"jvargas","Tiempo de lectura":"3 minutos"},"schema":{"@context":"https:\/\/schema.org","@graph":[{"@type":"Article","@id":"https:\/\/dev.explora.cl\/lagos\/activa-participacion-de-equipos-seleccionados-tuvo-jornada-del-programa-de-indagacion-para-primeras-edades-pipe-2023\/#article","isPartOf":{"@id":"https:\/\/dev.explora.cl\/lagos\/activa-participacion-de-equipos-seleccionados-tuvo-jornada-del-programa-de-indagacion-para-primeras-edades-pipe-2023\/"},"author":{"name":"jvargas","@id":"https:\/\/dev.explora.cl\/lagos\/#\/schema\/person\/6608d3ee9ea0b0daeaf12289528fc582"},"headline":"Activa participaci\u00f3n de equipos seleccionados tuvo jornada del Programa de Indagaci\u00f3n para Primeras Edades PIPE 2023","datePublished":"2023-08-07T17:37:06+00:00","dateModified":"2023-08-17T19:13:51+00:00","mainEntityOfPage":{"@id":"https:\/\/dev.explora.cl\/lagos\/activa-participacion-de-equipos-seleccionados-tuvo-jornada-del-programa-de-indagacion-para-primeras-edades-pipe-2023\/"},"wordCount":519,"commentCount":0,"image":{"@id":"https:\/\/dev.explora.cl\/lagos\/activa-participacion-de-equipos-seleccionados-tuvo-jornada-del-programa-de-indagacion-para-primeras-edades-pipe-2023\/#primaryimage"},"thumbnailUrl":"https:\/\/dev.explora.cl\/lagos\/wp-content\/uploads\/sites\/17\/2023\/08\/IMG_7109.jpg","keywords":["PAR EXPLORA LOS LAGOS","PIPE 2023","Programa de Indagaci\u00f3n para Primeras Edades","UACh","UACh Sede Puerto Montt"],"articleSection":["Banner","Lugar 4","Noticias"],"inLanguage":"es","potentialAction":[{"@type":"CommentAction","name":"Comment","target":["https:\/\/dev.explora.cl\/lagos\/activa-participacion-de-equipos-seleccionados-tuvo-jornada-del-programa-de-indagacion-para-primeras-edades-pipe-2023\/#respond"]}]},{"@type":"WebPage","@id":"https:\/\/dev.explora.cl\/lagos\/activa-participacion-de-equipos-seleccionados-tuvo-jornada-del-programa-de-indagacion-para-primeras-edades-pipe-2023\/","url":"https:\/\/dev.explora.cl\/lagos\/activa-participacion-de-equipos-seleccionados-tuvo-jornada-del-programa-de-indagacion-para-primeras-edades-pipe-2023\/","name":"Activa participaci\u00f3n de equipos seleccionados tuvo jornada del Programa de Indagaci\u00f3n para Primeras Edades PIPE 2023 - Los Lagos","isPartOf":{"@id":"https:\/\/dev.explora.cl\/lagos\/#website"},"primaryImageOfPage":{"@id":"https:\/\/dev.explora.cl\/lagos\/activa-participacion-de-equipos-seleccionados-tuvo-jornada-del-programa-de-indagacion-para-primeras-edades-pipe-2023\/#primaryimage"},"image":{"@id":"https:\/\/dev.explora.cl\/lagos\/activa-participacion-de-equipos-seleccionados-tuvo-jornada-del-programa-de-indagacion-para-primeras-edades-pipe-2023\/#primaryimage"},"thumbnailUrl":"https:\/\/dev.explora.cl\/lagos\/wp-content\/uploads\/sites\/17\/2023\/08\/IMG_7109.jpg","datePublished":"2023-08-07T17:37:06+00:00","dateModified":"2023-08-17T19:13:51+00:00","author":{"@id":"https:\/\/dev.explora.cl\/lagos\/#\/schema\/person\/6608d3ee9ea0b0daeaf12289528fc582"},"breadcrumb":{"@id":"https:\/\/dev.explora.cl\/lagos\/activa-participacion-de-equipos-seleccionados-tuvo-jornada-del-programa-de-indagacion-para-primeras-edades-pipe-2023\/#breadcrumb"},"inLanguage":"es","potentialAction":[{"@type":"ReadAction","target":["https:\/\/dev.explora.cl\/lagos\/activa-participacion-de-equipos-seleccionados-tuvo-jornada-del-programa-de-indagacion-para-primeras-edades-pipe-2023\/"]}]},{"@type":"ImageObject","inLanguage":"es","@id":"https:\/\/dev.explora.cl\/lagos\/activa-participacion-de-equipos-seleccionados-tuvo-jornada-del-programa-de-indagacion-para-primeras-edades-pipe-2023\/#primaryimage","url":"https:\/\/dev.explora.cl\/lagos\/wp-content\/uploads\/sites\/17\/2023\/08\/IMG_7109.jpg","contentUrl":"https:\/\/dev.explora.cl\/lagos\/wp-content\/uploads\/sites\/17\/2023\/08\/IMG_7109.jpg","width":5184,"height":3456},{"@type":"BreadcrumbList","@id":"https:\/\/dev.explora.cl\/lagos\/activa-participacion-de-equipos-seleccionados-tuvo-jornada-del-programa-de-indagacion-para-primeras-edades-pipe-2023\/#breadcrumb","itemListElement":[{"@type":"ListItem","position":1,"name":"Portada","item":"https:\/\/dev.explora.cl\/lagos\/"},{"@type":"ListItem","position":2,"name":"Activa participaci\u00f3n de equipos seleccionados tuvo jornada del Programa de Indagaci\u00f3n para Primeras Edades PIPE 2023"}]},{"@type":"WebSite","@id":"https:\/\/dev.explora.cl\/lagos\/#website","url":"https:\/\/dev.explora.cl\/lagos\/","name":"Los Lagos","description":"Otro sitio m\u00e1s de dev.explora.cl","potentialAction":[{"@type":"SearchAction","target":{"@type":"EntryPoint","urlTemplate":"https:\/\/dev.explora.cl\/lagos\/?s={search_term_string}"},"query-input":{"@type":"PropertyValueSpecification","valueRequired":true,"valueName":"search_term_string"}}],"inLanguage":"es"},{"@type":"Person","@id":"https:\/\/dev.explora.cl\/lagos\/#\/schema\/person\/6608d3ee9ea0b0daeaf12289528fc582","name":"jvargas","image":{"@type":"ImageObject","inLanguage":"es","@id":"https:\/\/dev.explora.cl\/lagos\/#\/schema\/person\/image\/","url":"https:\/\/secure.gravatar.com\/avatar\/8a6892fbfb002ef173a244b534b4bbcea4c183fc3fbf7732e64ac89b1d22d482?s=96&d=mm&r=g","contentUrl":"https:\/\/secure.gravatar.com\/avatar\/8a6892fbfb002ef173a244b534b4bbcea4c183fc3fbf7732e64ac89b1d22d482?s=96&d=mm&r=g","caption":"jvargas"},"url":"https:\/\/dev.explora.cl\/lagos\/author\/jvargas\/"}]}},"_links":{"self":[{"href":"https:\/\/dev.explora.cl\/lagos\/wp-json\/wp\/v2\/posts\/41077","targetHints":{"allow":["GET"]}}],"collection":[{"href":"https:\/\/dev.explora.cl\/lagos\/wp-json\/wp\/v2\/posts"}],"about":[{"href":"https:\/\/dev.explora.cl\/lagos\/wp-json\/wp\/v2\/types\/post"}],"author":[{"embeddable":true,"href":"https:\/\/dev.explora.cl\/lagos\/wp-json\/wp\/v2\/users\/36"}],"replies":[{"embeddable":true,"href":"https:\/\/dev.explora.cl\/lagos\/wp-json\/wp\/v2\/comments?post=41077"}],"version-history":[{"count":6,"href":"https:\/\/dev.explora.cl\/lagos\/wp-json\/wp\/v2\/posts\/41077\/revisions"}],"predecessor-version":[{"id":41097,"href":"https:\/\/dev.explora.cl\/lagos\/wp-json\/wp\/v2\/posts\/41077\/revisions\/41097"}],"wp:featuredmedia":[{"embeddable":true,"href":"https:\/\/dev.explora.cl\/lagos\/wp-json\/wp\/v2\/media\/41080"}],"wp:attachment":[{"href":"https:\/\/dev.explora.cl\/lagos\/wp-json\/wp\/v2\/media?parent=41077"}],"wp:term":[{"taxonomy":"category","embeddable":true,"href":"https:\/\/dev.explora.cl\/lagos\/wp-json\/wp\/v2\/categories?post=41077"},{"taxonomy":"post_tag","embeddable":true,"href":"https:\/\/dev.explora.cl\/lagos\/wp-json\/wp\/v2\/tags?post=41077"}],"curies":[{"name":"wp","href":"https:\/\/api.w.org\/{rel}","templated":true}]}}