{"id":40912,"date":"2023-06-23T17:26:44","date_gmt":"2023-06-23T21:26:44","guid":{"rendered":"https:\/\/dev.explora.cl\/lagos\/?p=40912"},"modified":"2023-06-27T14:29:39","modified_gmt":"2023-06-27T18:29:39","slug":"abierta-la-convocatoria-para-programa-cientifics-en-las-aulas","status":"publish","type":"post","link":"https:\/\/dev.explora.cl\/lagos\/abierta-la-convocatoria-para-programa-cientifics-en-las-aulas\/","title":{"rendered":"Abierta la convocatoria para Programa Cient\u00edfic@s en las Aulas"},"content":{"rendered":"<p>[vc_row][vc_column el_class=\u00bbHasta el siete de julio estar\u00e1 abierta la convocatoria para ser parte del Programa Cient\u00edficos en las Aulas 2023, del Proyecto Asociativo Regional Los Lagos, del Ministerio de Ciencia, Tecnolog\u00eda, Conocimiento e Innovaci\u00f3n ejecutado por la Universidad Austral de Chile Sede Puerto Montt. El programa consiste en la visita y charla que realiza un investigador o investigadora a un establecimiento de educaci\u00f3n Preb\u00e1sica, B\u00e1sica o Media para compartir sus experiencias personales y profesionales y laborales con las y los estudiantes. Esa actividad servir\u00e1 para desarrollar una actitud de curiosidad en ni\u00f1as, ni\u00f1os, adolescentes y docentes al conocer del trabajo cient\u00edfico que se realiza en la regi\u00f3n de Los Lagos y su importancia para la comunidad y el entorno. \u201cEn este tipo de actividades se genera un espacio para compartir experiencias y razones que llevaron a una persona a dedicarse a la ciencia, como tambi\u00e9n hay intercambio de contenidos cient\u00edficos de manera m\u00e1s clara y simple, para generar una comunicaci\u00f3n fluida con la comunidad escolar\u201d, explic\u00f3 Gabriela Navarro, directora del PAR Explora Los Lagos. Para m\u00e1s informaci\u00f3n, escribir al correo: javiera.barria@uach.cl Acceder al formulario de postulaci\u00f3n aqu\u00ed.\u00bb][vc_column_text]Hasta el <strong>siete de julio<\/strong> estar\u00e1 abierta la convocatoria para ser parte del <strong>Programa Cient\u00edficos en las Aulas 2023<\/strong>, del Proyecto Asociativo Regional Los Lagos, del Ministerio de Ciencia, Tecnolog\u00eda, Conocimiento e Innovaci\u00f3n ejecutado por la Universidad Austral de Chile Sede Puerto Montt.<\/p>\n<p>El programa consiste en la visita y charla que realiza un investigador o investigadora a un establecimiento de educaci\u00f3n Preb\u00e1sica, B\u00e1sica o Media para compartir sus experiencias personales y profesionales y laborales con las y los estudiantes. Esa actividad servir\u00e1 para desarrollar una actitud de curiosidad en ni\u00f1as, ni\u00f1os, adolescentes y docentes al conocer del trabajo cient\u00edfico que se realiza en la regi\u00f3n de Los Lagos y su importancia para la comunidad y el entorno.<\/p>\n<p>\u201cEn este tipo de actividades se genera un espacio para compartir experiencias y razones que llevaron a una persona a dedicarse a la ciencia, como tambi\u00e9n hay intercambio de contenidos cient\u00edficos de manera m\u00e1s clara y simple, para generar una comunicaci\u00f3n fluida con la comunidad escolar\u201d, explic\u00f3 Gabriela Navarro, directora del PAR Explora Los Lagos.<\/p>\n<p>Para m\u00e1s informaci\u00f3n, escribir al correo: <a href=\"mailto:javiera.barria@uach.cl\">javiera.barria@uach.cl<\/a><\/p>\n<p>Acceder al formulario de postulaci\u00f3n <a href=\"https:\/\/forms.gle\/xqqJqm6LBW1mTkcA8\">aqu\u00ed<\/a>.[\/vc_column_text][\/vc_column][\/vc_row]<\/p>\n","protected":false},"excerpt":{"rendered":"<p>M\u00e1s informaci\u00f3n aqu\u00ed<\/p>\n","protected":false},"author":36,"featured_media":40953,"comment_status":"open","ping_status":"open","sticky":false,"template":"","format":"standard","meta":{"_acf_changed":false,"_exactmetrics_skip_tracking":false,"_exactmetrics_sitenote_active":false,"_exactmetrics_sitenote_note":"","_exactmetrics_sitenote_category":0,"footnotes":"","_links_to":"","_links_to_target":""},"categories":[151,137,1],"tags":[],"class_list":["post-40912","post","type-post","status-publish","format-standard","has-post-thumbnail","hentry","category-banner","category-lugar-2","category-sin-categoria"],"acf":[],"yoast_head":"<!-- This site is optimized with the Yoast SEO plugin v26.7 - https:\/\/yoast.com\/wordpress\/plugins\/seo\/ -->\n<title>Abierta la convocatoria para Programa Cient\u00edfic@s en las Aulas - Los Lagos<\/title>\n<meta name=\"robots\" content=\"index, follow, max-snippet:-1, max-image-preview:large, max-video-preview:-1\" \/>\n<link rel=\"canonical\" href=\"https:\/\/dev.explora.cl\/lagos\/abierta-la-convocatoria-para-programa-cientifics-en-las-aulas\/\" class=\"yoast-seo-meta-tag\" \/>\n<meta property=\"og:locale\" content=\"es_ES\" class=\"yoast-seo-meta-tag\" \/>\n<meta property=\"og:type\" content=\"article\" class=\"yoast-seo-meta-tag\" \/>\n<meta property=\"og:title\" content=\"Abierta la convocatoria para Programa Cient\u00edfic@s en las Aulas - Los Lagos\" class=\"yoast-seo-meta-tag\" \/>\n<meta property=\"og:description\" content=\"M\u00e1s informaci\u00f3n aqu\u00ed\" class=\"yoast-seo-meta-tag\" \/>\n<meta property=\"og:url\" content=\"https:\/\/dev.explora.cl\/lagos\/abierta-la-convocatoria-para-programa-cientifics-en-las-aulas\/\" class=\"yoast-seo-meta-tag\" \/>\n<meta property=\"og:site_name\" content=\"Los Lagos\" class=\"yoast-seo-meta-tag\" \/>\n<meta property=\"article:published_time\" content=\"2023-06-23T21:26:44+00:00\" class=\"yoast-seo-meta-tag\" \/>\n<meta property=\"article:modified_time\" content=\"2023-06-27T18:29:39+00:00\" class=\"yoast-seo-meta-tag\" \/>\n<meta property=\"og:image\" content=\"https:\/\/dev.explora.cl\/lagos\/wp-content\/uploads\/sites\/17\/2023\/06\/BANNER-WEB-EXPLORA-01-1-01-1.jpg\" class=\"yoast-seo-meta-tag\" \/>\n\t<meta property=\"og:image:width\" content=\"3069\" class=\"yoast-seo-meta-tag\" \/>\n\t<meta property=\"og:image:height\" content=\"1754\" class=\"yoast-seo-meta-tag\" \/>\n\t<meta property=\"og:image:type\" content=\"image\/jpeg\" class=\"yoast-seo-meta-tag\" \/>\n<meta name=\"author\" content=\"jvargas\" class=\"yoast-seo-meta-tag\" \/>\n<meta name=\"twitter:card\" content=\"summary_large_image\" class=\"yoast-seo-meta-tag\" \/>\n<meta name=\"twitter:label1\" content=\"Escrito por\" class=\"yoast-seo-meta-tag\" \/>\n\t<meta name=\"twitter:data1\" content=\"jvargas\" class=\"yoast-seo-meta-tag\" \/>\n\t<meta name=\"twitter:label2\" content=\"Tiempo de lectura\" class=\"yoast-seo-meta-tag\" \/>\n\t<meta name=\"twitter:data2\" content=\"2 minutos\" class=\"yoast-seo-meta-tag\" \/>\n<script type=\"application\/ld+json\" class=\"yoast-schema-graph\">{\"@context\":\"https:\/\/schema.org\",\"@graph\":[{\"@type\":\"Article\",\"@id\":\"https:\/\/dev.explora.cl\/lagos\/abierta-la-convocatoria-para-programa-cientifics-en-las-aulas\/#article\",\"isPartOf\":{\"@id\":\"https:\/\/dev.explora.cl\/lagos\/abierta-la-convocatoria-para-programa-cientifics-en-las-aulas\/\"},\"author\":{\"name\":\"jvargas\",\"@id\":\"https:\/\/dev.explora.cl\/lagos\/#\/schema\/person\/6608d3ee9ea0b0daeaf12289528fc582\"},\"headline\":\"Abierta la convocatoria para Programa Cient\u00edfic@s en las Aulas\",\"datePublished\":\"2023-06-23T21:26:44+00:00\",\"dateModified\":\"2023-06-27T18:29:39+00:00\",\"mainEntityOfPage\":{\"@id\":\"https:\/\/dev.explora.cl\/lagos\/abierta-la-convocatoria-para-programa-cientifics-en-las-aulas\/\"},\"wordCount\":437,\"commentCount\":0,\"image\":{\"@id\":\"https:\/\/dev.explora.cl\/lagos\/abierta-la-convocatoria-para-programa-cientifics-en-las-aulas\/#primaryimage\"},\"thumbnailUrl\":\"https:\/\/dev.explora.cl\/lagos\/wp-content\/uploads\/sites\/17\/2023\/06\/BANNER-WEB-EXPLORA-01-1-01-1.jpg\",\"articleSection\":[\"Banner\",\"Lugar 2\"],\"inLanguage\":\"es\",\"potentialAction\":[{\"@type\":\"CommentAction\",\"name\":\"Comment\",\"target\":[\"https:\/\/dev.explora.cl\/lagos\/abierta-la-convocatoria-para-programa-cientifics-en-las-aulas\/#respond\"]}]},{\"@type\":\"WebPage\",\"@id\":\"https:\/\/dev.explora.cl\/lagos\/abierta-la-convocatoria-para-programa-cientifics-en-las-aulas\/\",\"url\":\"https:\/\/dev.explora.cl\/lagos\/abierta-la-convocatoria-para-programa-cientifics-en-las-aulas\/\",\"name\":\"Abierta la convocatoria para Programa Cient\u00edfic@s en las Aulas - Los Lagos\",\"isPartOf\":{\"@id\":\"https:\/\/dev.explora.cl\/lagos\/#website\"},\"primaryImageOfPage\":{\"@id\":\"https:\/\/dev.explora.cl\/lagos\/abierta-la-convocatoria-para-programa-cientifics-en-las-aulas\/#primaryimage\"},\"image\":{\"@id\":\"https:\/\/dev.explora.cl\/lagos\/abierta-la-convocatoria-para-programa-cientifics-en-las-aulas\/#primaryimage\"},\"thumbnailUrl\":\"https:\/\/dev.explora.cl\/lagos\/wp-content\/uploads\/sites\/17\/2023\/06\/BANNER-WEB-EXPLORA-01-1-01-1.jpg\",\"datePublished\":\"2023-06-23T21:26:44+00:00\",\"dateModified\":\"2023-06-27T18:29:39+00:00\",\"author\":{\"@id\":\"https:\/\/dev.explora.cl\/lagos\/#\/schema\/person\/6608d3ee9ea0b0daeaf12289528fc582\"},\"breadcrumb\":{\"@id\":\"https:\/\/dev.explora.cl\/lagos\/abierta-la-convocatoria-para-programa-cientifics-en-las-aulas\/#breadcrumb\"},\"inLanguage\":\"es\",\"potentialAction\":[{\"@type\":\"ReadAction\",\"target\":[\"https:\/\/dev.explora.cl\/lagos\/abierta-la-convocatoria-para-programa-cientifics-en-las-aulas\/\"]}]},{\"@type\":\"ImageObject\",\"inLanguage\":\"es\",\"@id\":\"https:\/\/dev.explora.cl\/lagos\/abierta-la-convocatoria-para-programa-cientifics-en-las-aulas\/#primaryimage\",\"url\":\"https:\/\/dev.explora.cl\/lagos\/wp-content\/uploads\/sites\/17\/2023\/06\/BANNER-WEB-EXPLORA-01-1-01-1.jpg\",\"contentUrl\":\"https:\/\/dev.explora.cl\/lagos\/wp-content\/uploads\/sites\/17\/2023\/06\/BANNER-WEB-EXPLORA-01-1-01-1.jpg\",\"width\":3069,\"height\":1754},{\"@type\":\"BreadcrumbList\",\"@id\":\"https:\/\/dev.explora.cl\/lagos\/abierta-la-convocatoria-para-programa-cientifics-en-las-aulas\/#breadcrumb\",\"itemListElement\":[{\"@type\":\"ListItem\",\"position\":1,\"name\":\"Portada\",\"item\":\"https:\/\/dev.explora.cl\/lagos\/\"},{\"@type\":\"ListItem\",\"position\":2,\"name\":\"Abierta la convocatoria para Programa Cient\u00edfic@s en las Aulas\"}]},{\"@type\":\"WebSite\",\"@id\":\"https:\/\/dev.explora.cl\/lagos\/#website\",\"url\":\"https:\/\/dev.explora.cl\/lagos\/\",\"name\":\"Los Lagos\",\"description\":\"Otro sitio m\u00e1s de dev.explora.cl\",\"potentialAction\":[{\"@type\":\"SearchAction\",\"target\":{\"@type\":\"EntryPoint\",\"urlTemplate\":\"https:\/\/dev.explora.cl\/lagos\/?s={search_term_string}\"},\"query-input\":{\"@type\":\"PropertyValueSpecification\",\"valueRequired\":true,\"valueName\":\"search_term_string\"}}],\"inLanguage\":\"es\"},{\"@type\":\"Person\",\"@id\":\"https:\/\/dev.explora.cl\/lagos\/#\/schema\/person\/6608d3ee9ea0b0daeaf12289528fc582\",\"name\":\"jvargas\",\"image\":{\"@type\":\"ImageObject\",\"inLanguage\":\"es\",\"@id\":\"https:\/\/dev.explora.cl\/lagos\/#\/schema\/person\/image\/\",\"url\":\"https:\/\/secure.gravatar.com\/avatar\/8a6892fbfb002ef173a244b534b4bbcea4c183fc3fbf7732e64ac89b1d22d482?s=96&d=mm&r=g\",\"contentUrl\":\"https:\/\/secure.gravatar.com\/avatar\/8a6892fbfb002ef173a244b534b4bbcea4c183fc3fbf7732e64ac89b1d22d482?s=96&d=mm&r=g\",\"caption\":\"jvargas\"},\"url\":\"https:\/\/dev.explora.cl\/lagos\/author\/jvargas\/\"}]}<\/script>\n<!-- \/ Yoast SEO plugin. -->","yoast_head_json":{"title":"Abierta la convocatoria para Programa Cient\u00edfic@s en las Aulas - Los Lagos","robots":{"index":"index","follow":"follow","max-snippet":"max-snippet:-1","max-image-preview":"max-image-preview:large","max-video-preview":"max-video-preview:-1"},"canonical":"https:\/\/dev.explora.cl\/lagos\/abierta-la-convocatoria-para-programa-cientifics-en-las-aulas\/","og_locale":"es_ES","og_type":"article","og_title":"Abierta la convocatoria para Programa Cient\u00edfic@s en las Aulas - Los Lagos","og_description":"M\u00e1s informaci\u00f3n aqu\u00ed","og_url":"https:\/\/dev.explora.cl\/lagos\/abierta-la-convocatoria-para-programa-cientifics-en-las-aulas\/","og_site_name":"Los Lagos","article_published_time":"2023-06-23T21:26:44+00:00","article_modified_time":"2023-06-27T18:29:39+00:00","og_image":[{"width":3069,"height":1754,"url":"https:\/\/dev.explora.cl\/lagos\/wp-content\/uploads\/sites\/17\/2023\/06\/BANNER-WEB-EXPLORA-01-1-01-1.jpg","type":"image\/jpeg"}],"author":"jvargas","twitter_card":"summary_large_image","twitter_misc":{"Escrito por":"jvargas","Tiempo de lectura":"2 minutos"},"schema":{"@context":"https:\/\/schema.org","@graph":[{"@type":"Article","@id":"https:\/\/dev.explora.cl\/lagos\/abierta-la-convocatoria-para-programa-cientifics-en-las-aulas\/#article","isPartOf":{"@id":"https:\/\/dev.explora.cl\/lagos\/abierta-la-convocatoria-para-programa-cientifics-en-las-aulas\/"},"author":{"name":"jvargas","@id":"https:\/\/dev.explora.cl\/lagos\/#\/schema\/person\/6608d3ee9ea0b0daeaf12289528fc582"},"headline":"Abierta la convocatoria para Programa Cient\u00edfic@s en las Aulas","datePublished":"2023-06-23T21:26:44+00:00","dateModified":"2023-06-27T18:29:39+00:00","mainEntityOfPage":{"@id":"https:\/\/dev.explora.cl\/lagos\/abierta-la-convocatoria-para-programa-cientifics-en-las-aulas\/"},"wordCount":437,"commentCount":0,"image":{"@id":"https:\/\/dev.explora.cl\/lagos\/abierta-la-convocatoria-para-programa-cientifics-en-las-aulas\/#primaryimage"},"thumbnailUrl":"https:\/\/dev.explora.cl\/lagos\/wp-content\/uploads\/sites\/17\/2023\/06\/BANNER-WEB-EXPLORA-01-1-01-1.jpg","articleSection":["Banner","Lugar 2"],"inLanguage":"es","potentialAction":[{"@type":"CommentAction","name":"Comment","target":["https:\/\/dev.explora.cl\/lagos\/abierta-la-convocatoria-para-programa-cientifics-en-las-aulas\/#respond"]}]},{"@type":"WebPage","@id":"https:\/\/dev.explora.cl\/lagos\/abierta-la-convocatoria-para-programa-cientifics-en-las-aulas\/","url":"https:\/\/dev.explora.cl\/lagos\/abierta-la-convocatoria-para-programa-cientifics-en-las-aulas\/","name":"Abierta la convocatoria para Programa Cient\u00edfic@s en las Aulas - Los Lagos","isPartOf":{"@id":"https:\/\/dev.explora.cl\/lagos\/#website"},"primaryImageOfPage":{"@id":"https:\/\/dev.explora.cl\/lagos\/abierta-la-convocatoria-para-programa-cientifics-en-las-aulas\/#primaryimage"},"image":{"@id":"https:\/\/dev.explora.cl\/lagos\/abierta-la-convocatoria-para-programa-cientifics-en-las-aulas\/#primaryimage"},"thumbnailUrl":"https:\/\/dev.explora.cl\/lagos\/wp-content\/uploads\/sites\/17\/2023\/06\/BANNER-WEB-EXPLORA-01-1-01-1.jpg","datePublished":"2023-06-23T21:26:44+00:00","dateModified":"2023-06-27T18:29:39+00:00","author":{"@id":"https:\/\/dev.explora.cl\/lagos\/#\/schema\/person\/6608d3ee9ea0b0daeaf12289528fc582"},"breadcrumb":{"@id":"https:\/\/dev.explora.cl\/lagos\/abierta-la-convocatoria-para-programa-cientifics-en-las-aulas\/#breadcrumb"},"inLanguage":"es","potentialAction":[{"@type":"ReadAction","target":["https:\/\/dev.explora.cl\/lagos\/abierta-la-convocatoria-para-programa-cientifics-en-las-aulas\/"]}]},{"@type":"ImageObject","inLanguage":"es","@id":"https:\/\/dev.explora.cl\/lagos\/abierta-la-convocatoria-para-programa-cientifics-en-las-aulas\/#primaryimage","url":"https:\/\/dev.explora.cl\/lagos\/wp-content\/uploads\/sites\/17\/2023\/06\/BANNER-WEB-EXPLORA-01-1-01-1.jpg","contentUrl":"https:\/\/dev.explora.cl\/lagos\/wp-content\/uploads\/sites\/17\/2023\/06\/BANNER-WEB-EXPLORA-01-1-01-1.jpg","width":3069,"height":1754},{"@type":"BreadcrumbList","@id":"https:\/\/dev.explora.cl\/lagos\/abierta-la-convocatoria-para-programa-cientifics-en-las-aulas\/#breadcrumb","itemListElement":[{"@type":"ListItem","position":1,"name":"Portada","item":"https:\/\/dev.explora.cl\/lagos\/"},{"@type":"ListItem","position":2,"name":"Abierta la convocatoria para Programa Cient\u00edfic@s en las Aulas"}]},{"@type":"WebSite","@id":"https:\/\/dev.explora.cl\/lagos\/#website","url":"https:\/\/dev.explora.cl\/lagos\/","name":"Los Lagos","description":"Otro sitio m\u00e1s de dev.explora.cl","potentialAction":[{"@type":"SearchAction","target":{"@type":"EntryPoint","urlTemplate":"https:\/\/dev.explora.cl\/lagos\/?s={search_term_string}"},"query-input":{"@type":"PropertyValueSpecification","valueRequired":true,"valueName":"search_term_string"}}],"inLanguage":"es"},{"@type":"Person","@id":"https:\/\/dev.explora.cl\/lagos\/#\/schema\/person\/6608d3ee9ea0b0daeaf12289528fc582","name":"jvargas","image":{"@type":"ImageObject","inLanguage":"es","@id":"https:\/\/dev.explora.cl\/lagos\/#\/schema\/person\/image\/","url":"https:\/\/secure.gravatar.com\/avatar\/8a6892fbfb002ef173a244b534b4bbcea4c183fc3fbf7732e64ac89b1d22d482?s=96&d=mm&r=g","contentUrl":"https:\/\/secure.gravatar.com\/avatar\/8a6892fbfb002ef173a244b534b4bbcea4c183fc3fbf7732e64ac89b1d22d482?s=96&d=mm&r=g","caption":"jvargas"},"url":"https:\/\/dev.explora.cl\/lagos\/author\/jvargas\/"}]}},"_links":{"self":[{"href":"https:\/\/dev.explora.cl\/lagos\/wp-json\/wp\/v2\/posts\/40912","targetHints":{"allow":["GET"]}}],"collection":[{"href":"https:\/\/dev.explora.cl\/lagos\/wp-json\/wp\/v2\/posts"}],"about":[{"href":"https:\/\/dev.explora.cl\/lagos\/wp-json\/wp\/v2\/types\/post"}],"author":[{"embeddable":true,"href":"https:\/\/dev.explora.cl\/lagos\/wp-json\/wp\/v2\/users\/36"}],"replies":[{"embeddable":true,"href":"https:\/\/dev.explora.cl\/lagos\/wp-json\/wp\/v2\/comments?post=40912"}],"version-history":[{"count":9,"href":"https:\/\/dev.explora.cl\/lagos\/wp-json\/wp\/v2\/posts\/40912\/revisions"}],"predecessor-version":[{"id":40926,"href":"https:\/\/dev.explora.cl\/lagos\/wp-json\/wp\/v2\/posts\/40912\/revisions\/40926"}],"wp:featuredmedia":[{"embeddable":true,"href":"https:\/\/dev.explora.cl\/lagos\/wp-json\/wp\/v2\/media\/40953"}],"wp:attachment":[{"href":"https:\/\/dev.explora.cl\/lagos\/wp-json\/wp\/v2\/media?parent=40912"}],"wp:term":[{"taxonomy":"category","embeddable":true,"href":"https:\/\/dev.explora.cl\/lagos\/wp-json\/wp\/v2\/categories?post=40912"},{"taxonomy":"post_tag","embeddable":true,"href":"https:\/\/dev.explora.cl\/lagos\/wp-json\/wp\/v2\/tags?post=40912"}],"curies":[{"name":"wp","href":"https:\/\/api.w.org\/{rel}","templated":true}]}}