{"id":40868,"date":"2023-06-05T18:38:24","date_gmt":"2023-06-05T22:38:24","guid":{"rendered":"https:\/\/dev.explora.cl\/lagos\/?p=40868"},"modified":"2023-07-17T11:44:15","modified_gmt":"2023-07-17T15:44:15","slug":"postula-al-programa-de-investigacion-e-innovacion-escolar-hasta-el-18-de-junio-de-2023","status":"publish","type":"post","link":"https:\/\/dev.explora.cl\/lagos\/postula-al-programa-de-investigacion-e-innovacion-escolar-hasta-el-18-de-junio-de-2023\/","title":{"rendered":"Explora Los Lagos inicia convocatoria 2023 para Programa de Investigaci\u00f3n e Innovaci\u00f3n Escolar e invita a docentes y estudiantes de ciclos b\u00e1sico y ense\u00f1anza media a participar"},"content":{"rendered":"<p>[vc_row][vc_column][vc_column_text]<\/p>\n<p style=\"font-weight: 400\">El Proyecto Explora Los Lagos, del Ministerio de Ciencia, Tecnolog\u00eda, Conocimiento e Innovaci\u00f3n, ejecutado por la Universidad Austral, sede Puerto Montt, abri\u00f3 el per\u00edodo de postulaci\u00f3n para que profesores y estudiantes se inscriban y participen en la nueva versi\u00f3n del Programa de Investigaci\u00f3n Escolar (IIE), que se ejecutar\u00e1 durante el 2023.<\/p>\n<p style=\"font-weight: 400\">La convocatoria se encontrar\u00e1 abierta entre el lunes 5 y el domingo 18 de junio y la postulaci\u00f3n se realiza al completar este formulario: <a href=\"https:\/\/forms.gle\/eYsoFQCEnKcsMB6VA\" data-saferedirecturl=\"https:\/\/www.google.com\/url?q=https:\/\/forms.gle\/eYsoFQCEnKcsMB6VA&amp;source=gmail&amp;ust=1686094467465000&amp;usg=AOvVaw3EU9_hq9AVzzhHTa9HKQAS\">https:\/\/forms.gle\/eYsoFQCEnKcsMB6VA<\/a><\/p>\n<p style=\"font-weight: 400\">Revisar Bases y otros documentos aqu\u00ed.<\/p>\n<p>[\/vc_column_text][\/vc_column][\/vc_row][vc_row][vc_column][vc_btn title=\u00bbAnexo 1. CARTA DE COMPROMISO DE ESTABLECIMIENTO EDUCACIONAL\u00bb color=\u00bbvista-blue\u00bb size=\u00bblg\u00bb link=\u00bburl:https%3A%2F%2Fdocs.google.com%2Fdocument%2Fd%2F1z4tJmCNoe2-0vBX2yhYD6I4IV4k0WGPC%2Fedit%3Fusp%3Dsharing%26ouid%3D111745216987489968650%26rtpof%3Dtrue%26sd%3Dtrue|title:Anexo%201.%20CARTA%20DE%20COMPROMISO%20DE%20ESTABLECIMIENTO%20EDUCACIONAL|target:%20_blank|\u00bb custom_onclick=\u00bbtrue\u00bb][vc_btn title=\u00bbBases Investigaci\u00f3n e Innovaci\u00f3n Escolar (IIE)\u00bb color=\u00bbvista-blue\u00bb size=\u00bblg\u00bb align=\u00bbleft\u00bb link=\u00bburl:https%3A%2F%2Fdrive.google.com%2Ffile%2Fd%2F1EGoKOWS5IxEuTxwTdbYFQJ2LgDUJbKjj%2Fview%3Fusp%3Dsharing|title:Bases%20Investigaci%C3%B3n%20e%20Innovaci%C3%B3n%20Escolar%20(IIE)||\u00bb custom_onclick=\u00bbtrue\u00bb][vc_btn title=\u00bb Normativa de Seguridad y Bio\u00e9tica\u00bb color=\u00bbvista-blue\u00bb size=\u00bblg\u00bb align=\u00bbleft\u00bb link=\u00bburl:https%3A%2F%2Fdrive.google.com%2Ffile%2Fd%2F1nw6wVbl9KI0TVliy0_NO6-jRWIHqQxFQ%2Fview%3Fusp%3Dsharing|title:Normativa%20de%20Seguridad%20y%20Bio%C3%A9tica|target:%20_blank|\u00bb custom_onclick=\u00bbtrue\u00bb][vc_btn title=\u00bbPlantilla Estudiantes IIE\u00bb color=\u00bbvista-blue\u00bb size=\u00bblg\u00bb align=\u00bbleft\u00bb link=\u00bburl:https%3A%2F%2Fdocs.google.com%2Fspreadsheets%2Fd%2F1IzfJKoz5K8_KN_2iVwoLvkhfbg8RO63r%2Fedit%3Fusp%3Dsharing%26ouid%3D111745216987489968650%26rtpof%3Dtrue%26sd%3Dtrue|title:Plantilla%20Estudiantes%20IIE|target:%20_blank|\u00bb custom_onclick=\u00bbtrue\u00bb][\/vc_column][\/vc_row]<\/p>\n","protected":false},"excerpt":{"rendered":"<p>Postulaciones ac\u00e1<\/p>\n","protected":false},"author":36,"featured_media":40951,"comment_status":"open","ping_status":"open","sticky":false,"template":"","format":"standard","meta":{"_acf_changed":false,"_exactmetrics_skip_tracking":false,"_exactmetrics_sitenote_active":false,"_exactmetrics_sitenote_note":"","_exactmetrics_sitenote_category":0,"footnotes":"","_links_to":"","_links_to_target":""},"categories":[151,140],"tags":[],"class_list":["post-40868","post","type-post","status-publish","format-standard","has-post-thumbnail","hentry","category-banner","category-lugar-5"],"acf":[],"yoast_head":"<!-- This site is optimized with the Yoast SEO plugin v26.7 - https:\/\/yoast.com\/wordpress\/plugins\/seo\/ -->\n<title>Explora Los Lagos inicia convocatoria 2023 para Programa de Investigaci\u00f3n e Innovaci\u00f3n Escolar e invita a docentes y estudiantes de ciclos b\u00e1sico y ense\u00f1anza media a participar - Los Lagos<\/title>\n<meta name=\"robots\" content=\"index, follow, max-snippet:-1, max-image-preview:large, max-video-preview:-1\" \/>\n<link rel=\"canonical\" href=\"https:\/\/dev.explora.cl\/lagos\/postula-al-programa-de-investigacion-e-innovacion-escolar-hasta-el-18-de-junio-de-2023\/\" class=\"yoast-seo-meta-tag\" \/>\n<meta property=\"og:locale\" content=\"es_ES\" class=\"yoast-seo-meta-tag\" \/>\n<meta property=\"og:type\" content=\"article\" class=\"yoast-seo-meta-tag\" \/>\n<meta property=\"og:title\" content=\"Explora Los Lagos inicia convocatoria 2023 para Programa de Investigaci\u00f3n e Innovaci\u00f3n Escolar e invita a docentes y estudiantes de ciclos b\u00e1sico y ense\u00f1anza media a participar - Los Lagos\" class=\"yoast-seo-meta-tag\" \/>\n<meta property=\"og:description\" content=\"Postulaciones ac\u00e1\" class=\"yoast-seo-meta-tag\" \/>\n<meta property=\"og:url\" content=\"https:\/\/dev.explora.cl\/lagos\/postula-al-programa-de-investigacion-e-innovacion-escolar-hasta-el-18-de-junio-de-2023\/\" class=\"yoast-seo-meta-tag\" \/>\n<meta property=\"og:site_name\" content=\"Los Lagos\" class=\"yoast-seo-meta-tag\" \/>\n<meta property=\"article:published_time\" content=\"2023-06-05T22:38:24+00:00\" class=\"yoast-seo-meta-tag\" \/>\n<meta property=\"article:modified_time\" content=\"2023-07-17T15:44:15+00:00\" class=\"yoast-seo-meta-tag\" \/>\n<meta property=\"og:image\" content=\"https:\/\/dev.explora.cl\/lagos\/wp-content\/uploads\/sites\/17\/2023\/06\/BANNER-WEB-EXPLORA-IIE-01-1.jpg\" class=\"yoast-seo-meta-tag\" \/>\n\t<meta property=\"og:image:width\" content=\"3069\" class=\"yoast-seo-meta-tag\" \/>\n\t<meta property=\"og:image:height\" content=\"1754\" class=\"yoast-seo-meta-tag\" \/>\n\t<meta property=\"og:image:type\" content=\"image\/jpeg\" class=\"yoast-seo-meta-tag\" \/>\n<meta name=\"author\" content=\"jvargas\" class=\"yoast-seo-meta-tag\" \/>\n<meta name=\"twitter:card\" content=\"summary_large_image\" class=\"yoast-seo-meta-tag\" \/>\n<meta name=\"twitter:label1\" content=\"Escrito por\" class=\"yoast-seo-meta-tag\" \/>\n\t<meta name=\"twitter:data1\" content=\"jvargas\" class=\"yoast-seo-meta-tag\" \/>\n\t<meta name=\"twitter:label2\" content=\"Tiempo de lectura\" class=\"yoast-seo-meta-tag\" \/>\n\t<meta name=\"twitter:data2\" content=\"2 minutos\" class=\"yoast-seo-meta-tag\" \/>\n<script type=\"application\/ld+json\" class=\"yoast-schema-graph\">{\"@context\":\"https:\/\/schema.org\",\"@graph\":[{\"@type\":\"Article\",\"@id\":\"https:\/\/dev.explora.cl\/lagos\/postula-al-programa-de-investigacion-e-innovacion-escolar-hasta-el-18-de-junio-de-2023\/#article\",\"isPartOf\":{\"@id\":\"https:\/\/dev.explora.cl\/lagos\/postula-al-programa-de-investigacion-e-innovacion-escolar-hasta-el-18-de-junio-de-2023\/\"},\"author\":{\"name\":\"jvargas\",\"@id\":\"https:\/\/dev.explora.cl\/lagos\/#\/schema\/person\/6608d3ee9ea0b0daeaf12289528fc582\"},\"headline\":\"Explora Los Lagos inicia convocatoria 2023 para Programa de Investigaci\u00f3n e Innovaci\u00f3n Escolar e invita a docentes y estudiantes de ciclos b\u00e1sico y ense\u00f1anza media a participar\",\"datePublished\":\"2023-06-05T22:38:24+00:00\",\"dateModified\":\"2023-07-17T15:44:15+00:00\",\"mainEntityOfPage\":{\"@id\":\"https:\/\/dev.explora.cl\/lagos\/postula-al-programa-de-investigacion-e-innovacion-escolar-hasta-el-18-de-junio-de-2023\/\"},\"wordCount\":344,\"commentCount\":2,\"image\":{\"@id\":\"https:\/\/dev.explora.cl\/lagos\/postula-al-programa-de-investigacion-e-innovacion-escolar-hasta-el-18-de-junio-de-2023\/#primaryimage\"},\"thumbnailUrl\":\"https:\/\/dev.explora.cl\/lagos\/wp-content\/uploads\/sites\/17\/2023\/06\/BANNER-WEB-EXPLORA-IIE-01-1.jpg\",\"articleSection\":[\"Banner\",\"Lugar 5\"],\"inLanguage\":\"es\",\"potentialAction\":[{\"@type\":\"CommentAction\",\"name\":\"Comment\",\"target\":[\"https:\/\/dev.explora.cl\/lagos\/postula-al-programa-de-investigacion-e-innovacion-escolar-hasta-el-18-de-junio-de-2023\/#respond\"]}]},{\"@type\":\"WebPage\",\"@id\":\"https:\/\/dev.explora.cl\/lagos\/postula-al-programa-de-investigacion-e-innovacion-escolar-hasta-el-18-de-junio-de-2023\/\",\"url\":\"https:\/\/dev.explora.cl\/lagos\/postula-al-programa-de-investigacion-e-innovacion-escolar-hasta-el-18-de-junio-de-2023\/\",\"name\":\"Explora Los Lagos inicia convocatoria 2023 para Programa de Investigaci\u00f3n e Innovaci\u00f3n Escolar e invita a docentes y estudiantes de ciclos b\u00e1sico y ense\u00f1anza media a participar - Los Lagos\",\"isPartOf\":{\"@id\":\"https:\/\/dev.explora.cl\/lagos\/#website\"},\"primaryImageOfPage\":{\"@id\":\"https:\/\/dev.explora.cl\/lagos\/postula-al-programa-de-investigacion-e-innovacion-escolar-hasta-el-18-de-junio-de-2023\/#primaryimage\"},\"image\":{\"@id\":\"https:\/\/dev.explora.cl\/lagos\/postula-al-programa-de-investigacion-e-innovacion-escolar-hasta-el-18-de-junio-de-2023\/#primaryimage\"},\"thumbnailUrl\":\"https:\/\/dev.explora.cl\/lagos\/wp-content\/uploads\/sites\/17\/2023\/06\/BANNER-WEB-EXPLORA-IIE-01-1.jpg\",\"datePublished\":\"2023-06-05T22:38:24+00:00\",\"dateModified\":\"2023-07-17T15:44:15+00:00\",\"author\":{\"@id\":\"https:\/\/dev.explora.cl\/lagos\/#\/schema\/person\/6608d3ee9ea0b0daeaf12289528fc582\"},\"breadcrumb\":{\"@id\":\"https:\/\/dev.explora.cl\/lagos\/postula-al-programa-de-investigacion-e-innovacion-escolar-hasta-el-18-de-junio-de-2023\/#breadcrumb\"},\"inLanguage\":\"es\",\"potentialAction\":[{\"@type\":\"ReadAction\",\"target\":[\"https:\/\/dev.explora.cl\/lagos\/postula-al-programa-de-investigacion-e-innovacion-escolar-hasta-el-18-de-junio-de-2023\/\"]}]},{\"@type\":\"ImageObject\",\"inLanguage\":\"es\",\"@id\":\"https:\/\/dev.explora.cl\/lagos\/postula-al-programa-de-investigacion-e-innovacion-escolar-hasta-el-18-de-junio-de-2023\/#primaryimage\",\"url\":\"https:\/\/dev.explora.cl\/lagos\/wp-content\/uploads\/sites\/17\/2023\/06\/BANNER-WEB-EXPLORA-IIE-01-1.jpg\",\"contentUrl\":\"https:\/\/dev.explora.cl\/lagos\/wp-content\/uploads\/sites\/17\/2023\/06\/BANNER-WEB-EXPLORA-IIE-01-1.jpg\",\"width\":3069,\"height\":1754},{\"@type\":\"BreadcrumbList\",\"@id\":\"https:\/\/dev.explora.cl\/lagos\/postula-al-programa-de-investigacion-e-innovacion-escolar-hasta-el-18-de-junio-de-2023\/#breadcrumb\",\"itemListElement\":[{\"@type\":\"ListItem\",\"position\":1,\"name\":\"Portada\",\"item\":\"https:\/\/dev.explora.cl\/lagos\/\"},{\"@type\":\"ListItem\",\"position\":2,\"name\":\"Explora Los Lagos inicia convocatoria 2023 para Programa de Investigaci\u00f3n e Innovaci\u00f3n Escolar e invita a docentes y estudiantes de ciclos b\u00e1sico y ense\u00f1anza media a participar\"}]},{\"@type\":\"WebSite\",\"@id\":\"https:\/\/dev.explora.cl\/lagos\/#website\",\"url\":\"https:\/\/dev.explora.cl\/lagos\/\",\"name\":\"Los Lagos\",\"description\":\"Otro sitio m\u00e1s de dev.explora.cl\",\"potentialAction\":[{\"@type\":\"SearchAction\",\"target\":{\"@type\":\"EntryPoint\",\"urlTemplate\":\"https:\/\/dev.explora.cl\/lagos\/?s={search_term_string}\"},\"query-input\":{\"@type\":\"PropertyValueSpecification\",\"valueRequired\":true,\"valueName\":\"search_term_string\"}}],\"inLanguage\":\"es\"},{\"@type\":\"Person\",\"@id\":\"https:\/\/dev.explora.cl\/lagos\/#\/schema\/person\/6608d3ee9ea0b0daeaf12289528fc582\",\"name\":\"jvargas\",\"image\":{\"@type\":\"ImageObject\",\"inLanguage\":\"es\",\"@id\":\"https:\/\/dev.explora.cl\/lagos\/#\/schema\/person\/image\/\",\"url\":\"https:\/\/secure.gravatar.com\/avatar\/8a6892fbfb002ef173a244b534b4bbcea4c183fc3fbf7732e64ac89b1d22d482?s=96&d=mm&r=g\",\"contentUrl\":\"https:\/\/secure.gravatar.com\/avatar\/8a6892fbfb002ef173a244b534b4bbcea4c183fc3fbf7732e64ac89b1d22d482?s=96&d=mm&r=g\",\"caption\":\"jvargas\"},\"url\":\"https:\/\/dev.explora.cl\/lagos\/author\/jvargas\/\"}]}<\/script>\n<!-- \/ Yoast SEO plugin. -->","yoast_head_json":{"title":"Explora Los Lagos inicia convocatoria 2023 para Programa de Investigaci\u00f3n e Innovaci\u00f3n Escolar e invita a docentes y estudiantes de ciclos b\u00e1sico y ense\u00f1anza media a participar - Los Lagos","robots":{"index":"index","follow":"follow","max-snippet":"max-snippet:-1","max-image-preview":"max-image-preview:large","max-video-preview":"max-video-preview:-1"},"canonical":"https:\/\/dev.explora.cl\/lagos\/postula-al-programa-de-investigacion-e-innovacion-escolar-hasta-el-18-de-junio-de-2023\/","og_locale":"es_ES","og_type":"article","og_title":"Explora Los Lagos inicia convocatoria 2023 para Programa de Investigaci\u00f3n e Innovaci\u00f3n Escolar e invita a docentes y estudiantes de ciclos b\u00e1sico y ense\u00f1anza media a participar - Los Lagos","og_description":"Postulaciones ac\u00e1","og_url":"https:\/\/dev.explora.cl\/lagos\/postula-al-programa-de-investigacion-e-innovacion-escolar-hasta-el-18-de-junio-de-2023\/","og_site_name":"Los Lagos","article_published_time":"2023-06-05T22:38:24+00:00","article_modified_time":"2023-07-17T15:44:15+00:00","og_image":[{"width":3069,"height":1754,"url":"https:\/\/dev.explora.cl\/lagos\/wp-content\/uploads\/sites\/17\/2023\/06\/BANNER-WEB-EXPLORA-IIE-01-1.jpg","type":"image\/jpeg"}],"author":"jvargas","twitter_card":"summary_large_image","twitter_misc":{"Escrito por":"jvargas","Tiempo de lectura":"2 minutos"},"schema":{"@context":"https:\/\/schema.org","@graph":[{"@type":"Article","@id":"https:\/\/dev.explora.cl\/lagos\/postula-al-programa-de-investigacion-e-innovacion-escolar-hasta-el-18-de-junio-de-2023\/#article","isPartOf":{"@id":"https:\/\/dev.explora.cl\/lagos\/postula-al-programa-de-investigacion-e-innovacion-escolar-hasta-el-18-de-junio-de-2023\/"},"author":{"name":"jvargas","@id":"https:\/\/dev.explora.cl\/lagos\/#\/schema\/person\/6608d3ee9ea0b0daeaf12289528fc582"},"headline":"Explora Los Lagos inicia convocatoria 2023 para Programa de Investigaci\u00f3n e Innovaci\u00f3n Escolar e invita a docentes y estudiantes de ciclos b\u00e1sico y ense\u00f1anza media a participar","datePublished":"2023-06-05T22:38:24+00:00","dateModified":"2023-07-17T15:44:15+00:00","mainEntityOfPage":{"@id":"https:\/\/dev.explora.cl\/lagos\/postula-al-programa-de-investigacion-e-innovacion-escolar-hasta-el-18-de-junio-de-2023\/"},"wordCount":344,"commentCount":2,"image":{"@id":"https:\/\/dev.explora.cl\/lagos\/postula-al-programa-de-investigacion-e-innovacion-escolar-hasta-el-18-de-junio-de-2023\/#primaryimage"},"thumbnailUrl":"https:\/\/dev.explora.cl\/lagos\/wp-content\/uploads\/sites\/17\/2023\/06\/BANNER-WEB-EXPLORA-IIE-01-1.jpg","articleSection":["Banner","Lugar 5"],"inLanguage":"es","potentialAction":[{"@type":"CommentAction","name":"Comment","target":["https:\/\/dev.explora.cl\/lagos\/postula-al-programa-de-investigacion-e-innovacion-escolar-hasta-el-18-de-junio-de-2023\/#respond"]}]},{"@type":"WebPage","@id":"https:\/\/dev.explora.cl\/lagos\/postula-al-programa-de-investigacion-e-innovacion-escolar-hasta-el-18-de-junio-de-2023\/","url":"https:\/\/dev.explora.cl\/lagos\/postula-al-programa-de-investigacion-e-innovacion-escolar-hasta-el-18-de-junio-de-2023\/","name":"Explora Los Lagos inicia convocatoria 2023 para Programa de Investigaci\u00f3n e Innovaci\u00f3n Escolar e invita a docentes y estudiantes de ciclos b\u00e1sico y ense\u00f1anza media a participar - Los Lagos","isPartOf":{"@id":"https:\/\/dev.explora.cl\/lagos\/#website"},"primaryImageOfPage":{"@id":"https:\/\/dev.explora.cl\/lagos\/postula-al-programa-de-investigacion-e-innovacion-escolar-hasta-el-18-de-junio-de-2023\/#primaryimage"},"image":{"@id":"https:\/\/dev.explora.cl\/lagos\/postula-al-programa-de-investigacion-e-innovacion-escolar-hasta-el-18-de-junio-de-2023\/#primaryimage"},"thumbnailUrl":"https:\/\/dev.explora.cl\/lagos\/wp-content\/uploads\/sites\/17\/2023\/06\/BANNER-WEB-EXPLORA-IIE-01-1.jpg","datePublished":"2023-06-05T22:38:24+00:00","dateModified":"2023-07-17T15:44:15+00:00","author":{"@id":"https:\/\/dev.explora.cl\/lagos\/#\/schema\/person\/6608d3ee9ea0b0daeaf12289528fc582"},"breadcrumb":{"@id":"https:\/\/dev.explora.cl\/lagos\/postula-al-programa-de-investigacion-e-innovacion-escolar-hasta-el-18-de-junio-de-2023\/#breadcrumb"},"inLanguage":"es","potentialAction":[{"@type":"ReadAction","target":["https:\/\/dev.explora.cl\/lagos\/postula-al-programa-de-investigacion-e-innovacion-escolar-hasta-el-18-de-junio-de-2023\/"]}]},{"@type":"ImageObject","inLanguage":"es","@id":"https:\/\/dev.explora.cl\/lagos\/postula-al-programa-de-investigacion-e-innovacion-escolar-hasta-el-18-de-junio-de-2023\/#primaryimage","url":"https:\/\/dev.explora.cl\/lagos\/wp-content\/uploads\/sites\/17\/2023\/06\/BANNER-WEB-EXPLORA-IIE-01-1.jpg","contentUrl":"https:\/\/dev.explora.cl\/lagos\/wp-content\/uploads\/sites\/17\/2023\/06\/BANNER-WEB-EXPLORA-IIE-01-1.jpg","width":3069,"height":1754},{"@type":"BreadcrumbList","@id":"https:\/\/dev.explora.cl\/lagos\/postula-al-programa-de-investigacion-e-innovacion-escolar-hasta-el-18-de-junio-de-2023\/#breadcrumb","itemListElement":[{"@type":"ListItem","position":1,"name":"Portada","item":"https:\/\/dev.explora.cl\/lagos\/"},{"@type":"ListItem","position":2,"name":"Explora Los Lagos inicia convocatoria 2023 para Programa de Investigaci\u00f3n e Innovaci\u00f3n Escolar e invita a docentes y estudiantes de ciclos b\u00e1sico y ense\u00f1anza media a participar"}]},{"@type":"WebSite","@id":"https:\/\/dev.explora.cl\/lagos\/#website","url":"https:\/\/dev.explora.cl\/lagos\/","name":"Los Lagos","description":"Otro sitio m\u00e1s de dev.explora.cl","potentialAction":[{"@type":"SearchAction","target":{"@type":"EntryPoint","urlTemplate":"https:\/\/dev.explora.cl\/lagos\/?s={search_term_string}"},"query-input":{"@type":"PropertyValueSpecification","valueRequired":true,"valueName":"search_term_string"}}],"inLanguage":"es"},{"@type":"Person","@id":"https:\/\/dev.explora.cl\/lagos\/#\/schema\/person\/6608d3ee9ea0b0daeaf12289528fc582","name":"jvargas","image":{"@type":"ImageObject","inLanguage":"es","@id":"https:\/\/dev.explora.cl\/lagos\/#\/schema\/person\/image\/","url":"https:\/\/secure.gravatar.com\/avatar\/8a6892fbfb002ef173a244b534b4bbcea4c183fc3fbf7732e64ac89b1d22d482?s=96&d=mm&r=g","contentUrl":"https:\/\/secure.gravatar.com\/avatar\/8a6892fbfb002ef173a244b534b4bbcea4c183fc3fbf7732e64ac89b1d22d482?s=96&d=mm&r=g","caption":"jvargas"},"url":"https:\/\/dev.explora.cl\/lagos\/author\/jvargas\/"}]}},"_links":{"self":[{"href":"https:\/\/dev.explora.cl\/lagos\/wp-json\/wp\/v2\/posts\/40868","targetHints":{"allow":["GET"]}}],"collection":[{"href":"https:\/\/dev.explora.cl\/lagos\/wp-json\/wp\/v2\/posts"}],"about":[{"href":"https:\/\/dev.explora.cl\/lagos\/wp-json\/wp\/v2\/types\/post"}],"author":[{"embeddable":true,"href":"https:\/\/dev.explora.cl\/lagos\/wp-json\/wp\/v2\/users\/36"}],"replies":[{"embeddable":true,"href":"https:\/\/dev.explora.cl\/lagos\/wp-json\/wp\/v2\/comments?post=40868"}],"version-history":[{"count":7,"href":"https:\/\/dev.explora.cl\/lagos\/wp-json\/wp\/v2\/posts\/40868\/revisions"}],"predecessor-version":[{"id":40907,"href":"https:\/\/dev.explora.cl\/lagos\/wp-json\/wp\/v2\/posts\/40868\/revisions\/40907"}],"wp:featuredmedia":[{"embeddable":true,"href":"https:\/\/dev.explora.cl\/lagos\/wp-json\/wp\/v2\/media\/40951"}],"wp:attachment":[{"href":"https:\/\/dev.explora.cl\/lagos\/wp-json\/wp\/v2\/media?parent=40868"}],"wp:term":[{"taxonomy":"category","embeddable":true,"href":"https:\/\/dev.explora.cl\/lagos\/wp-json\/wp\/v2\/categories?post=40868"},{"taxonomy":"post_tag","embeddable":true,"href":"https:\/\/dev.explora.cl\/lagos\/wp-json\/wp\/v2\/tags?post=40868"}],"curies":[{"name":"wp","href":"https:\/\/api.w.org\/{rel}","templated":true}]}}