{"id":40834,"date":"2023-03-16T17:39:42","date_gmt":"2023-03-16T20:39:42","guid":{"rendered":"https:\/\/dev.explora.cl\/lagos\/?p=40834"},"modified":"2023-03-16T17:39:42","modified_gmt":"2023-03-16T20:39:42","slug":"charla-dia-de-la-astronomia-en-puerto-montt","status":"publish","type":"post","link":"https:\/\/dev.explora.cl\/lagos\/charla-dia-de-la-astronomia-en-puerto-montt\/","title":{"rendered":"Charla D\u00eda de la Astronom\u00eda en Puerto Montt"},"content":{"rendered":"<p>[vc_row][vc_column][vc_btn title=\u00bbFormulario Inscripci\u00f3n\u00bb style=\u00bbcustom\u00bb custom_background=\u00bb#284e87&#8243; custom_text=\u00bb#ffffff\u00bb size=\u00bblg\u00bb link=\u00bburl:https%3A%2F%2Fforms.gle%2F1vxPc8JQREeaTWnW7||target:%20_blank|\u00bb][vc_btn title=\u00bbAnexo 2_Compromiso del Establecimiento Educacional\u00bb style=\u00bbcustom\u00bb custom_background=\u00bb#284e87&#8243; custom_text=\u00bb#ffffff\u00bb size=\u00bblg\u00bb link=\u00bburl:https%3A%2F%2Fdev.explora.cl%2Flagos%2Fwp-content%2Fuploads%2Fsites%2F17%2F2023%2F03%2FAnexo-N%C2%B02-Compromiso-Establecimiento-Educacional.docx||target:%20_blank|\u00bb][vc_btn title=\u00bbAnexo 4_Carta de consentimiento y cesi\u00f3n de derechos de imagen y voz NNA\u00bb style=\u00bbcustom\u00bb custom_background=\u00bb#284e87&#8243; custom_text=\u00bb#ffffff\u00bb size=\u00bblg\u00bb link=\u00bburl:https%3A%2F%2Fdev.explora.cl%2Flagos%2Fwp-content%2Fuploads%2Fsites%2F17%2F2023%2F03%2FAnexo-N%C2%B04-Carta-de-consentimiento-y-cesi%C3%B3n-de-derechos-de-imagen-y-voz-de-NNA-1.pdf||target:%20_blank|\u00bb][vc_btn title=\u00bbAnexo 5_Carta de consentimiento cesi\u00f3n de derechos de uso de imagen y voz docentes y adultos \u00bb style=\u00bbcustom\u00bb custom_background=\u00bb#284e87&#8243; custom_text=\u00bb#ffffff\u00bb size=\u00bblg\u00bb link=\u00bburl:https%3A%2F%2Fdev.explora.cl%2Flagos%2Fwp-content%2Fuploads%2Fsites%2F17%2F2023%2F03%2FAnexo-N%C2%B05-Cesi%C3%B3n-de-derechos-de-uso-de-imagen-y-voz-docentes-o-adultos.pdf||target:%20_blank|\u00bb][vc_column_text]El\u00a0<strong>PAR Explora Los Lagos<\/strong> invita a las comunidades educativas de la provincia de Llanquihue a <strong>participar de la celebraci\u00f3n del D\u00eda de la Astronom\u00eda <\/strong>a realizarse<strong> el d\u00eda 21 de marzo <\/strong>a las<strong> 10:30 horas <\/strong>en el<strong> Teatro Diego Rivera, <\/strong>ubicado en<strong> calle Quillota #116, Puerto Montt<\/strong>.<\/p>\n<p>En esta ocasi\u00f3n, contaremos con la valiosa presencia del <strong>PhD. en Astronom\u00eda, Francisco F\u00f6rster<\/strong>, qui\u00e9n nos invita a la charla <strong>\u201cEstrellas que explotan: una mirada al universo de los datos masivos\u201d<\/strong>, un viaje c\u00f3smico donde los protagonistas son las explosiones de las estrellas y c\u00f3mo los datos masivos est\u00e1n cambiando la forma en que la astronom\u00eda est\u00e1 estudiando el universo. Esta instancia busca <strong>fomentar la participaci\u00f3n de estudiantes y docentes<\/strong> en actividades presenciales de divulgaci\u00f3n y valorizaci\u00f3n de las <strong>Ciencias Astron\u00f3micas <\/strong>en diferentes puntos de nuestra zona.<\/p>\n<p>Para participar de esta actividad,\u00a0<strong>docentes de la provincia de Llanquihue deber\u00e1n inscribirse en el formulario online disponible en<a href=\"https:\/\/forms.gle\/1vxPc8JQREeaTWnW7\"> https:\/\/forms.gle\/1vxPc8JQREeaTWnW7<\/a>, adem\u00e1s de enviar los siguientes documentos listados vinculados a cualquier tipo de establecimiento educacional<\/strong>\u00a0(y aprendizaje en casa) al correo <strong><a href=\"mailto:javiera.barria@uach.cl\">javiera.barria@uach.cl<\/a><\/strong><\/p>\n<ol>\n<li>Completar la Ficha de inscripci\u00f3n en <strong><u><a href=\"https:\/\/forms.gle\/1vxPc8JQREeaTWnW7\">https:\/\/forms.gle\/1vxPc8JQREeaTWnW7<\/a><\/u><\/strong><\/li>\n<li>Adjuntar el Compromiso del Establecimiento Educacional (Anexo N\u00b02 en adjuntos).<\/li>\n<li>Adjuntar la lista de estudiantes participantes (Anexo N\u00b03 en adjuntos) &#8211; <strong>Solicitar a trav\u00e9s de correo electr\u00f3nico<\/strong>.<\/li>\n<li>Adjuntar Carta de consentimiento y cesi\u00f3n de derechos de imagen y voz NNA (Anexo N\u00b04 en adjuntos).<\/li>\n<li>Adjuntar Carta de consentimiento cesi\u00f3n de derechos de uso de imagen y voz docentes y adultos (Anexo N\u00b05).<\/li>\n<\/ol>\n<p><strong>La inscripci\u00f3n estar\u00e1 abierta hasta el 20 de marzo a las 11:00 am.<\/strong><\/p>\n<p>Para consultas o solicitar mayor informaci\u00f3n, pueden\u00a0escribir al correo\u00a0<strong><a href=\"mailto:javiera.barria@uach.cl\">javiera.barria@uach.cl<\/a>\u00a0<\/strong>o llamar al n\u00famero\u00a0<strong>+652 624754.<\/strong><\/p>\n<p>El Proyecto Asociativo Regional PAR Explora Los Lagos es financiado por el Ministerio de Ciencia, Tecnolog\u00eda, Conocimiento e Innovaci\u00f3n, ejecutado en la Regi\u00f3n de Los Lagos por la Universidad Austral de Chile Sede Puerto Montt.[\/vc_column_text][\/vc_column][\/vc_row]<\/p>\n","protected":false},"excerpt":{"rendered":"<p>Actividad dirigida a establecimientos educacionales<\/p>\n","protected":false},"author":36,"featured_media":40835,"comment_status":"open","ping_status":"open","sticky":false,"template":"","format":"standard","meta":{"_acf_changed":false,"_exactmetrics_skip_tracking":false,"_exactmetrics_sitenote_active":false,"_exactmetrics_sitenote_note":"","_exactmetrics_sitenote_category":0,"footnotes":"","_links_to":"","_links_to_target":""},"categories":[151,137],"tags":[213,375,214,479,480,164,426,481],"class_list":["post-40834","post","type-post","status-publish","format-standard","has-post-thumbnail","hentry","category-banner","category-lugar-2","tag-astronomia","tag-cata","tag-dia-de-la-astronomia","tag-diego-rivera","tag-estrellas","tag-explora-los-lagos","tag-sede-puerto-montt","tag-universidad-de-chile"],"acf":[],"yoast_head":"<!-- This site is optimized with the Yoast SEO plugin v26.7 - https:\/\/yoast.com\/wordpress\/plugins\/seo\/ -->\n<title>Charla D\u00eda de la Astronom\u00eda en Puerto Montt - Los Lagos<\/title>\n<meta name=\"robots\" content=\"index, follow, max-snippet:-1, max-image-preview:large, max-video-preview:-1\" \/>\n<link rel=\"canonical\" href=\"https:\/\/dev.explora.cl\/lagos\/charla-dia-de-la-astronomia-en-puerto-montt\/\" class=\"yoast-seo-meta-tag\" \/>\n<meta property=\"og:locale\" content=\"es_ES\" class=\"yoast-seo-meta-tag\" \/>\n<meta property=\"og:type\" content=\"article\" class=\"yoast-seo-meta-tag\" \/>\n<meta property=\"og:title\" content=\"Charla D\u00eda de la Astronom\u00eda en Puerto Montt - Los Lagos\" class=\"yoast-seo-meta-tag\" \/>\n<meta property=\"og:description\" content=\"Actividad dirigida a establecimientos educacionales\" class=\"yoast-seo-meta-tag\" \/>\n<meta property=\"og:url\" content=\"https:\/\/dev.explora.cl\/lagos\/charla-dia-de-la-astronomia-en-puerto-montt\/\" class=\"yoast-seo-meta-tag\" \/>\n<meta property=\"og:site_name\" content=\"Los Lagos\" class=\"yoast-seo-meta-tag\" \/>\n<meta property=\"article:published_time\" content=\"2023-03-16T20:39:42+00:00\" class=\"yoast-seo-meta-tag\" \/>\n<meta property=\"og:image\" content=\"https:\/\/dev.explora.cl\/lagos\/wp-content\/uploads\/sites\/17\/2023\/03\/BANNER-WEB-EXPLORA-01-1.jpg\" class=\"yoast-seo-meta-tag\" \/>\n\t<meta property=\"og:image:width\" content=\"3068\" class=\"yoast-seo-meta-tag\" \/>\n\t<meta property=\"og:image:height\" content=\"1754\" class=\"yoast-seo-meta-tag\" \/>\n\t<meta property=\"og:image:type\" content=\"image\/jpeg\" class=\"yoast-seo-meta-tag\" \/>\n<meta name=\"author\" content=\"jvargas\" class=\"yoast-seo-meta-tag\" \/>\n<meta name=\"twitter:card\" content=\"summary_large_image\" class=\"yoast-seo-meta-tag\" \/>\n<meta name=\"twitter:label1\" content=\"Escrito por\" class=\"yoast-seo-meta-tag\" \/>\n\t<meta name=\"twitter:data1\" content=\"jvargas\" class=\"yoast-seo-meta-tag\" \/>\n\t<meta name=\"twitter:label2\" content=\"Tiempo de lectura\" class=\"yoast-seo-meta-tag\" \/>\n\t<meta name=\"twitter:data2\" content=\"3 minutos\" class=\"yoast-seo-meta-tag\" \/>\n<script type=\"application\/ld+json\" class=\"yoast-schema-graph\">{\"@context\":\"https:\/\/schema.org\",\"@graph\":[{\"@type\":\"Article\",\"@id\":\"https:\/\/dev.explora.cl\/lagos\/charla-dia-de-la-astronomia-en-puerto-montt\/#article\",\"isPartOf\":{\"@id\":\"https:\/\/dev.explora.cl\/lagos\/charla-dia-de-la-astronomia-en-puerto-montt\/\"},\"author\":{\"name\":\"jvargas\",\"@id\":\"https:\/\/dev.explora.cl\/lagos\/#\/schema\/person\/6608d3ee9ea0b0daeaf12289528fc582\"},\"headline\":\"Charla D\u00eda de la Astronom\u00eda en Puerto Montt\",\"datePublished\":\"2023-03-16T20:39:42+00:00\",\"mainEntityOfPage\":{\"@id\":\"https:\/\/dev.explora.cl\/lagos\/charla-dia-de-la-astronomia-en-puerto-montt\/\"},\"wordCount\":545,\"commentCount\":0,\"image\":{\"@id\":\"https:\/\/dev.explora.cl\/lagos\/charla-dia-de-la-astronomia-en-puerto-montt\/#primaryimage\"},\"thumbnailUrl\":\"https:\/\/dev.explora.cl\/lagos\/wp-content\/uploads\/sites\/17\/2023\/03\/BANNER-WEB-EXPLORA-01-1.jpg\",\"keywords\":[\"Astronom\u00eda\",\"CATA\",\"D\u00eda de la Astronom\u00eda\",\"diego rivera\",\"estrellas\",\"Explora Los Lagos.\",\"sede puerto montt\",\"universidad de chile\"],\"articleSection\":[\"Banner\",\"Lugar 2\"],\"inLanguage\":\"es\",\"potentialAction\":[{\"@type\":\"CommentAction\",\"name\":\"Comment\",\"target\":[\"https:\/\/dev.explora.cl\/lagos\/charla-dia-de-la-astronomia-en-puerto-montt\/#respond\"]}]},{\"@type\":\"WebPage\",\"@id\":\"https:\/\/dev.explora.cl\/lagos\/charla-dia-de-la-astronomia-en-puerto-montt\/\",\"url\":\"https:\/\/dev.explora.cl\/lagos\/charla-dia-de-la-astronomia-en-puerto-montt\/\",\"name\":\"Charla D\u00eda de la Astronom\u00eda en Puerto Montt - Los Lagos\",\"isPartOf\":{\"@id\":\"https:\/\/dev.explora.cl\/lagos\/#website\"},\"primaryImageOfPage\":{\"@id\":\"https:\/\/dev.explora.cl\/lagos\/charla-dia-de-la-astronomia-en-puerto-montt\/#primaryimage\"},\"image\":{\"@id\":\"https:\/\/dev.explora.cl\/lagos\/charla-dia-de-la-astronomia-en-puerto-montt\/#primaryimage\"},\"thumbnailUrl\":\"https:\/\/dev.explora.cl\/lagos\/wp-content\/uploads\/sites\/17\/2023\/03\/BANNER-WEB-EXPLORA-01-1.jpg\",\"datePublished\":\"2023-03-16T20:39:42+00:00\",\"author\":{\"@id\":\"https:\/\/dev.explora.cl\/lagos\/#\/schema\/person\/6608d3ee9ea0b0daeaf12289528fc582\"},\"breadcrumb\":{\"@id\":\"https:\/\/dev.explora.cl\/lagos\/charla-dia-de-la-astronomia-en-puerto-montt\/#breadcrumb\"},\"inLanguage\":\"es\",\"potentialAction\":[{\"@type\":\"ReadAction\",\"target\":[\"https:\/\/dev.explora.cl\/lagos\/charla-dia-de-la-astronomia-en-puerto-montt\/\"]}]},{\"@type\":\"ImageObject\",\"inLanguage\":\"es\",\"@id\":\"https:\/\/dev.explora.cl\/lagos\/charla-dia-de-la-astronomia-en-puerto-montt\/#primaryimage\",\"url\":\"https:\/\/dev.explora.cl\/lagos\/wp-content\/uploads\/sites\/17\/2023\/03\/BANNER-WEB-EXPLORA-01-1.jpg\",\"contentUrl\":\"https:\/\/dev.explora.cl\/lagos\/wp-content\/uploads\/sites\/17\/2023\/03\/BANNER-WEB-EXPLORA-01-1.jpg\",\"width\":3068,\"height\":1754},{\"@type\":\"BreadcrumbList\",\"@id\":\"https:\/\/dev.explora.cl\/lagos\/charla-dia-de-la-astronomia-en-puerto-montt\/#breadcrumb\",\"itemListElement\":[{\"@type\":\"ListItem\",\"position\":1,\"name\":\"Portada\",\"item\":\"https:\/\/dev.explora.cl\/lagos\/\"},{\"@type\":\"ListItem\",\"position\":2,\"name\":\"Charla D\u00eda de la Astronom\u00eda en Puerto Montt\"}]},{\"@type\":\"WebSite\",\"@id\":\"https:\/\/dev.explora.cl\/lagos\/#website\",\"url\":\"https:\/\/dev.explora.cl\/lagos\/\",\"name\":\"Los Lagos\",\"description\":\"Otro sitio m\u00e1s de dev.explora.cl\",\"potentialAction\":[{\"@type\":\"SearchAction\",\"target\":{\"@type\":\"EntryPoint\",\"urlTemplate\":\"https:\/\/dev.explora.cl\/lagos\/?s={search_term_string}\"},\"query-input\":{\"@type\":\"PropertyValueSpecification\",\"valueRequired\":true,\"valueName\":\"search_term_string\"}}],\"inLanguage\":\"es\"},{\"@type\":\"Person\",\"@id\":\"https:\/\/dev.explora.cl\/lagos\/#\/schema\/person\/6608d3ee9ea0b0daeaf12289528fc582\",\"name\":\"jvargas\",\"image\":{\"@type\":\"ImageObject\",\"inLanguage\":\"es\",\"@id\":\"https:\/\/dev.explora.cl\/lagos\/#\/schema\/person\/image\/\",\"url\":\"https:\/\/secure.gravatar.com\/avatar\/8a6892fbfb002ef173a244b534b4bbcea4c183fc3fbf7732e64ac89b1d22d482?s=96&d=mm&r=g\",\"contentUrl\":\"https:\/\/secure.gravatar.com\/avatar\/8a6892fbfb002ef173a244b534b4bbcea4c183fc3fbf7732e64ac89b1d22d482?s=96&d=mm&r=g\",\"caption\":\"jvargas\"},\"url\":\"https:\/\/dev.explora.cl\/lagos\/author\/jvargas\/\"}]}<\/script>\n<!-- \/ Yoast SEO plugin. -->","yoast_head_json":{"title":"Charla D\u00eda de la Astronom\u00eda en Puerto Montt - Los Lagos","robots":{"index":"index","follow":"follow","max-snippet":"max-snippet:-1","max-image-preview":"max-image-preview:large","max-video-preview":"max-video-preview:-1"},"canonical":"https:\/\/dev.explora.cl\/lagos\/charla-dia-de-la-astronomia-en-puerto-montt\/","og_locale":"es_ES","og_type":"article","og_title":"Charla D\u00eda de la Astronom\u00eda en Puerto Montt - Los Lagos","og_description":"Actividad dirigida a establecimientos educacionales","og_url":"https:\/\/dev.explora.cl\/lagos\/charla-dia-de-la-astronomia-en-puerto-montt\/","og_site_name":"Los Lagos","article_published_time":"2023-03-16T20:39:42+00:00","og_image":[{"width":3068,"height":1754,"url":"https:\/\/dev.explora.cl\/lagos\/wp-content\/uploads\/sites\/17\/2023\/03\/BANNER-WEB-EXPLORA-01-1.jpg","type":"image\/jpeg"}],"author":"jvargas","twitter_card":"summary_large_image","twitter_misc":{"Escrito por":"jvargas","Tiempo de lectura":"3 minutos"},"schema":{"@context":"https:\/\/schema.org","@graph":[{"@type":"Article","@id":"https:\/\/dev.explora.cl\/lagos\/charla-dia-de-la-astronomia-en-puerto-montt\/#article","isPartOf":{"@id":"https:\/\/dev.explora.cl\/lagos\/charla-dia-de-la-astronomia-en-puerto-montt\/"},"author":{"name":"jvargas","@id":"https:\/\/dev.explora.cl\/lagos\/#\/schema\/person\/6608d3ee9ea0b0daeaf12289528fc582"},"headline":"Charla D\u00eda de la Astronom\u00eda en Puerto Montt","datePublished":"2023-03-16T20:39:42+00:00","mainEntityOfPage":{"@id":"https:\/\/dev.explora.cl\/lagos\/charla-dia-de-la-astronomia-en-puerto-montt\/"},"wordCount":545,"commentCount":0,"image":{"@id":"https:\/\/dev.explora.cl\/lagos\/charla-dia-de-la-astronomia-en-puerto-montt\/#primaryimage"},"thumbnailUrl":"https:\/\/dev.explora.cl\/lagos\/wp-content\/uploads\/sites\/17\/2023\/03\/BANNER-WEB-EXPLORA-01-1.jpg","keywords":["Astronom\u00eda","CATA","D\u00eda de la Astronom\u00eda","diego rivera","estrellas","Explora Los Lagos.","sede puerto montt","universidad de chile"],"articleSection":["Banner","Lugar 2"],"inLanguage":"es","potentialAction":[{"@type":"CommentAction","name":"Comment","target":["https:\/\/dev.explora.cl\/lagos\/charla-dia-de-la-astronomia-en-puerto-montt\/#respond"]}]},{"@type":"WebPage","@id":"https:\/\/dev.explora.cl\/lagos\/charla-dia-de-la-astronomia-en-puerto-montt\/","url":"https:\/\/dev.explora.cl\/lagos\/charla-dia-de-la-astronomia-en-puerto-montt\/","name":"Charla D\u00eda de la Astronom\u00eda en Puerto Montt - Los Lagos","isPartOf":{"@id":"https:\/\/dev.explora.cl\/lagos\/#website"},"primaryImageOfPage":{"@id":"https:\/\/dev.explora.cl\/lagos\/charla-dia-de-la-astronomia-en-puerto-montt\/#primaryimage"},"image":{"@id":"https:\/\/dev.explora.cl\/lagos\/charla-dia-de-la-astronomia-en-puerto-montt\/#primaryimage"},"thumbnailUrl":"https:\/\/dev.explora.cl\/lagos\/wp-content\/uploads\/sites\/17\/2023\/03\/BANNER-WEB-EXPLORA-01-1.jpg","datePublished":"2023-03-16T20:39:42+00:00","author":{"@id":"https:\/\/dev.explora.cl\/lagos\/#\/schema\/person\/6608d3ee9ea0b0daeaf12289528fc582"},"breadcrumb":{"@id":"https:\/\/dev.explora.cl\/lagos\/charla-dia-de-la-astronomia-en-puerto-montt\/#breadcrumb"},"inLanguage":"es","potentialAction":[{"@type":"ReadAction","target":["https:\/\/dev.explora.cl\/lagos\/charla-dia-de-la-astronomia-en-puerto-montt\/"]}]},{"@type":"ImageObject","inLanguage":"es","@id":"https:\/\/dev.explora.cl\/lagos\/charla-dia-de-la-astronomia-en-puerto-montt\/#primaryimage","url":"https:\/\/dev.explora.cl\/lagos\/wp-content\/uploads\/sites\/17\/2023\/03\/BANNER-WEB-EXPLORA-01-1.jpg","contentUrl":"https:\/\/dev.explora.cl\/lagos\/wp-content\/uploads\/sites\/17\/2023\/03\/BANNER-WEB-EXPLORA-01-1.jpg","width":3068,"height":1754},{"@type":"BreadcrumbList","@id":"https:\/\/dev.explora.cl\/lagos\/charla-dia-de-la-astronomia-en-puerto-montt\/#breadcrumb","itemListElement":[{"@type":"ListItem","position":1,"name":"Portada","item":"https:\/\/dev.explora.cl\/lagos\/"},{"@type":"ListItem","position":2,"name":"Charla D\u00eda de la Astronom\u00eda en Puerto Montt"}]},{"@type":"WebSite","@id":"https:\/\/dev.explora.cl\/lagos\/#website","url":"https:\/\/dev.explora.cl\/lagos\/","name":"Los Lagos","description":"Otro sitio m\u00e1s de dev.explora.cl","potentialAction":[{"@type":"SearchAction","target":{"@type":"EntryPoint","urlTemplate":"https:\/\/dev.explora.cl\/lagos\/?s={search_term_string}"},"query-input":{"@type":"PropertyValueSpecification","valueRequired":true,"valueName":"search_term_string"}}],"inLanguage":"es"},{"@type":"Person","@id":"https:\/\/dev.explora.cl\/lagos\/#\/schema\/person\/6608d3ee9ea0b0daeaf12289528fc582","name":"jvargas","image":{"@type":"ImageObject","inLanguage":"es","@id":"https:\/\/dev.explora.cl\/lagos\/#\/schema\/person\/image\/","url":"https:\/\/secure.gravatar.com\/avatar\/8a6892fbfb002ef173a244b534b4bbcea4c183fc3fbf7732e64ac89b1d22d482?s=96&d=mm&r=g","contentUrl":"https:\/\/secure.gravatar.com\/avatar\/8a6892fbfb002ef173a244b534b4bbcea4c183fc3fbf7732e64ac89b1d22d482?s=96&d=mm&r=g","caption":"jvargas"},"url":"https:\/\/dev.explora.cl\/lagos\/author\/jvargas\/"}]}},"_links":{"self":[{"href":"https:\/\/dev.explora.cl\/lagos\/wp-json\/wp\/v2\/posts\/40834","targetHints":{"allow":["GET"]}}],"collection":[{"href":"https:\/\/dev.explora.cl\/lagos\/wp-json\/wp\/v2\/posts"}],"about":[{"href":"https:\/\/dev.explora.cl\/lagos\/wp-json\/wp\/v2\/types\/post"}],"author":[{"embeddable":true,"href":"https:\/\/dev.explora.cl\/lagos\/wp-json\/wp\/v2\/users\/36"}],"replies":[{"embeddable":true,"href":"https:\/\/dev.explora.cl\/lagos\/wp-json\/wp\/v2\/comments?post=40834"}],"version-history":[{"count":1,"href":"https:\/\/dev.explora.cl\/lagos\/wp-json\/wp\/v2\/posts\/40834\/revisions"}],"predecessor-version":[{"id":40840,"href":"https:\/\/dev.explora.cl\/lagos\/wp-json\/wp\/v2\/posts\/40834\/revisions\/40840"}],"wp:featuredmedia":[{"embeddable":true,"href":"https:\/\/dev.explora.cl\/lagos\/wp-json\/wp\/v2\/media\/40835"}],"wp:attachment":[{"href":"https:\/\/dev.explora.cl\/lagos\/wp-json\/wp\/v2\/media?parent=40834"}],"wp:term":[{"taxonomy":"category","embeddable":true,"href":"https:\/\/dev.explora.cl\/lagos\/wp-json\/wp\/v2\/categories?post=40834"},{"taxonomy":"post_tag","embeddable":true,"href":"https:\/\/dev.explora.cl\/lagos\/wp-json\/wp\/v2\/tags?post=40834"}],"curies":[{"name":"wp","href":"https:\/\/api.w.org\/{rel}","templated":true}]}}