{"id":40829,"date":"2023-03-15T16:11:56","date_gmt":"2023-03-15T19:11:56","guid":{"rendered":"https:\/\/dev.explora.cl\/lagos\/?p=40829"},"modified":"2023-03-16T10:43:18","modified_gmt":"2023-03-16T13:43:18","slug":"charla-dia-de-la-astronomia-en-frutillar","status":"publish","type":"post","link":"https:\/\/dev.explora.cl\/lagos\/charla-dia-de-la-astronomia-en-frutillar\/","title":{"rendered":"Charla D\u00eda de la Astronom\u00eda en Frutillar"},"content":{"rendered":"<p>[vc_row][vc_column][vc_btn title=\u00bbInscr\u00edbete ac\u00e1\u00bb style=\u00bbcustom\u00bb custom_background=\u00bb#e8811b\u00bb custom_text=\u00bb#ffffff\u00bb size=\u00bblg\u00bb link=\u00bburl:https%3A%2F%2Fforms.gle%2F8NYt1dX5YfYdRqnH7%20||target:%20_blank|\u00bb][vc_column_text]El\u00a0<strong>Proyecto Asociativo Regional PAR Explora Los Lagos<\/strong>\u00a0invita a la comunidad de la provincia de Llanquihue a participar el pr\u00f3ximo\u00a0<strong>21 de marzo<\/strong>\u00a0en el marco del\u00a0<strong>D\u00eda de la Astronom\u00eda<\/strong>\u00a0de la charla abierta\u00a0<strong>\u201cEl telescopio James Webb: una mirada hacia el pasado\u201d<\/strong>, a cargo del\u00a0<strong>Dr. en Astrof\u00edsica<\/strong>\u00a0y acad\u00e9mico del Centro de Docencia en Ciencias B\u00e1sicas de la UACh Sede Puerto Montt,\u00a0<strong>Claudio Navarro Molina.<\/strong><\/p>\n<p>La actividad abierta y gratuita se realizar\u00e1 el\u00a0<strong>martes 21 de marzo<\/strong>\u00a0a las\u00a0<strong>18.00 horas<\/strong>\u00a0en la\u00a0<strong>Biblioteca P\u00fablica de Frutillar<\/strong>\u00a0<span class=\"x_xcontentpasted0\"><span data-ogsc=\"rgb(36, 36, 36)\">ubicada en\u00a0<\/span><span data-ogsc=\"rgb(36, 36, 36)\"><b>Avenida Carlos Richter #560.<\/b><\/span><span data-ogsc=\"rgb(36, 36, 36)\">\u00a0<\/span><\/span><\/p>\n<p>Las y los interesados pueden inscribirse en el formulario online.<\/p>\n<p>M\u00e1s informaci\u00f3n y consultas pueden dirigirlas al correo yasna.vera@uach.cl[\/vc_column_text][\/vc_column][\/vc_row]<\/p>\n","protected":false},"excerpt":{"rendered":"<p>Participa e inscr\u00edbete ac\u00e1 <\/p>\n","protected":false},"author":36,"featured_media":40831,"comment_status":"open","ping_status":"open","sticky":false,"template":"","format":"standard","meta":{"_acf_changed":false,"_exactmetrics_skip_tracking":false,"_exactmetrics_sitenote_active":false,"_exactmetrics_sitenote_note":"","_exactmetrics_sitenote_category":0,"footnotes":"","_links_to":"","_links_to_target":""},"categories":[151,136],"tags":[213,327,475,214,164,215,478,230,162,426,476,233,477],"class_list":["post-40829","post","type-post","status-publish","format-standard","has-post-thumbnail","hentry","category-banner","category-lugar-1","tag-astronomia","tag-ciencia-publica","tag-claudio-navarro","tag-dia-de-la-astronomia","tag-explora-los-lagos","tag-frutillar","tag-james-webb","tag-llanquihue","tag-region-de-los-lagos","tag-sede-puerto-montt","tag-telescopio","tag-uach","tag-universo"],"acf":[],"yoast_head":"<!-- This site is optimized with the Yoast SEO plugin v26.7 - https:\/\/yoast.com\/wordpress\/plugins\/seo\/ -->\n<title>Charla D\u00eda de la Astronom\u00eda en Frutillar - Los Lagos<\/title>\n<meta name=\"robots\" content=\"index, follow, max-snippet:-1, max-image-preview:large, max-video-preview:-1\" \/>\n<link rel=\"canonical\" href=\"https:\/\/dev.explora.cl\/lagos\/charla-dia-de-la-astronomia-en-frutillar\/\" class=\"yoast-seo-meta-tag\" \/>\n<meta property=\"og:locale\" content=\"es_ES\" class=\"yoast-seo-meta-tag\" \/>\n<meta property=\"og:type\" content=\"article\" class=\"yoast-seo-meta-tag\" \/>\n<meta property=\"og:title\" content=\"Charla D\u00eda de la Astronom\u00eda en Frutillar - Los Lagos\" class=\"yoast-seo-meta-tag\" \/>\n<meta property=\"og:description\" content=\"Participa e inscr\u00edbete ac\u00e1\" class=\"yoast-seo-meta-tag\" \/>\n<meta property=\"og:url\" content=\"https:\/\/dev.explora.cl\/lagos\/charla-dia-de-la-astronomia-en-frutillar\/\" class=\"yoast-seo-meta-tag\" \/>\n<meta property=\"og:site_name\" content=\"Los Lagos\" class=\"yoast-seo-meta-tag\" \/>\n<meta property=\"article:published_time\" content=\"2023-03-15T19:11:56+00:00\" class=\"yoast-seo-meta-tag\" \/>\n<meta property=\"article:modified_time\" content=\"2023-03-16T13:43:18+00:00\" class=\"yoast-seo-meta-tag\" \/>\n<meta property=\"og:image\" content=\"https:\/\/dev.explora.cl\/lagos\/wp-content\/uploads\/sites\/17\/2023\/03\/BANNER-WEB-EXPLORA-01-1024x585.jpg\" class=\"yoast-seo-meta-tag\" \/>\n\t<meta property=\"og:image:width\" content=\"1024\" class=\"yoast-seo-meta-tag\" \/>\n\t<meta property=\"og:image:height\" content=\"585\" class=\"yoast-seo-meta-tag\" \/>\n\t<meta property=\"og:image:type\" content=\"image\/jpeg\" class=\"yoast-seo-meta-tag\" \/>\n<meta name=\"author\" content=\"jvargas\" class=\"yoast-seo-meta-tag\" \/>\n<meta name=\"twitter:card\" content=\"summary_large_image\" class=\"yoast-seo-meta-tag\" \/>\n<meta name=\"twitter:label1\" content=\"Escrito por\" class=\"yoast-seo-meta-tag\" \/>\n\t<meta name=\"twitter:data1\" content=\"jvargas\" class=\"yoast-seo-meta-tag\" \/>\n\t<meta name=\"twitter:label2\" content=\"Tiempo de lectura\" class=\"yoast-seo-meta-tag\" \/>\n\t<meta name=\"twitter:data2\" content=\"1 minuto\" class=\"yoast-seo-meta-tag\" \/>\n<script type=\"application\/ld+json\" class=\"yoast-schema-graph\">{\"@context\":\"https:\/\/schema.org\",\"@graph\":[{\"@type\":\"Article\",\"@id\":\"https:\/\/dev.explora.cl\/lagos\/charla-dia-de-la-astronomia-en-frutillar\/#article\",\"isPartOf\":{\"@id\":\"https:\/\/dev.explora.cl\/lagos\/charla-dia-de-la-astronomia-en-frutillar\/\"},\"author\":{\"name\":\"jvargas\",\"@id\":\"https:\/\/dev.explora.cl\/lagos\/#\/schema\/person\/6608d3ee9ea0b0daeaf12289528fc582\"},\"headline\":\"Charla D\u00eda de la Astronom\u00eda en Frutillar\",\"datePublished\":\"2023-03-15T19:11:56+00:00\",\"dateModified\":\"2023-03-16T13:43:18+00:00\",\"mainEntityOfPage\":{\"@id\":\"https:\/\/dev.explora.cl\/lagos\/charla-dia-de-la-astronomia-en-frutillar\/\"},\"wordCount\":177,\"commentCount\":0,\"image\":{\"@id\":\"https:\/\/dev.explora.cl\/lagos\/charla-dia-de-la-astronomia-en-frutillar\/#primaryimage\"},\"thumbnailUrl\":\"https:\/\/dev.explora.cl\/lagos\/wp-content\/uploads\/sites\/17\/2023\/03\/BANNER-WEB-EXPLORA-01.jpg\",\"keywords\":[\"Astronom\u00eda\",\"Ciencia P\u00fablica\",\"claudio navarro\",\"D\u00eda de la Astronom\u00eda\",\"Explora Los Lagos.\",\"Frutillar\",\"james webb\",\"Llanquihue\",\"REGI\u00d3N DE LOS LAGOS\",\"sede puerto montt\",\"telescopio\",\"UACh\",\"universo\"],\"articleSection\":[\"Banner\",\"Lugar 1\"],\"inLanguage\":\"es\",\"potentialAction\":[{\"@type\":\"CommentAction\",\"name\":\"Comment\",\"target\":[\"https:\/\/dev.explora.cl\/lagos\/charla-dia-de-la-astronomia-en-frutillar\/#respond\"]}]},{\"@type\":\"WebPage\",\"@id\":\"https:\/\/dev.explora.cl\/lagos\/charla-dia-de-la-astronomia-en-frutillar\/\",\"url\":\"https:\/\/dev.explora.cl\/lagos\/charla-dia-de-la-astronomia-en-frutillar\/\",\"name\":\"Charla D\u00eda de la Astronom\u00eda en Frutillar - Los Lagos\",\"isPartOf\":{\"@id\":\"https:\/\/dev.explora.cl\/lagos\/#website\"},\"primaryImageOfPage\":{\"@id\":\"https:\/\/dev.explora.cl\/lagos\/charla-dia-de-la-astronomia-en-frutillar\/#primaryimage\"},\"image\":{\"@id\":\"https:\/\/dev.explora.cl\/lagos\/charla-dia-de-la-astronomia-en-frutillar\/#primaryimage\"},\"thumbnailUrl\":\"https:\/\/dev.explora.cl\/lagos\/wp-content\/uploads\/sites\/17\/2023\/03\/BANNER-WEB-EXPLORA-01.jpg\",\"datePublished\":\"2023-03-15T19:11:56+00:00\",\"dateModified\":\"2023-03-16T13:43:18+00:00\",\"author\":{\"@id\":\"https:\/\/dev.explora.cl\/lagos\/#\/schema\/person\/6608d3ee9ea0b0daeaf12289528fc582\"},\"breadcrumb\":{\"@id\":\"https:\/\/dev.explora.cl\/lagos\/charla-dia-de-la-astronomia-en-frutillar\/#breadcrumb\"},\"inLanguage\":\"es\",\"potentialAction\":[{\"@type\":\"ReadAction\",\"target\":[\"https:\/\/dev.explora.cl\/lagos\/charla-dia-de-la-astronomia-en-frutillar\/\"]}]},{\"@type\":\"ImageObject\",\"inLanguage\":\"es\",\"@id\":\"https:\/\/dev.explora.cl\/lagos\/charla-dia-de-la-astronomia-en-frutillar\/#primaryimage\",\"url\":\"https:\/\/dev.explora.cl\/lagos\/wp-content\/uploads\/sites\/17\/2023\/03\/BANNER-WEB-EXPLORA-01.jpg\",\"contentUrl\":\"https:\/\/dev.explora.cl\/lagos\/wp-content\/uploads\/sites\/17\/2023\/03\/BANNER-WEB-EXPLORA-01.jpg\",\"width\":3068,\"height\":1754},{\"@type\":\"BreadcrumbList\",\"@id\":\"https:\/\/dev.explora.cl\/lagos\/charla-dia-de-la-astronomia-en-frutillar\/#breadcrumb\",\"itemListElement\":[{\"@type\":\"ListItem\",\"position\":1,\"name\":\"Portada\",\"item\":\"https:\/\/dev.explora.cl\/lagos\/\"},{\"@type\":\"ListItem\",\"position\":2,\"name\":\"Charla D\u00eda de la Astronom\u00eda en Frutillar\"}]},{\"@type\":\"WebSite\",\"@id\":\"https:\/\/dev.explora.cl\/lagos\/#website\",\"url\":\"https:\/\/dev.explora.cl\/lagos\/\",\"name\":\"Los Lagos\",\"description\":\"Otro sitio m\u00e1s de dev.explora.cl\",\"potentialAction\":[{\"@type\":\"SearchAction\",\"target\":{\"@type\":\"EntryPoint\",\"urlTemplate\":\"https:\/\/dev.explora.cl\/lagos\/?s={search_term_string}\"},\"query-input\":{\"@type\":\"PropertyValueSpecification\",\"valueRequired\":true,\"valueName\":\"search_term_string\"}}],\"inLanguage\":\"es\"},{\"@type\":\"Person\",\"@id\":\"https:\/\/dev.explora.cl\/lagos\/#\/schema\/person\/6608d3ee9ea0b0daeaf12289528fc582\",\"name\":\"jvargas\",\"image\":{\"@type\":\"ImageObject\",\"inLanguage\":\"es\",\"@id\":\"https:\/\/dev.explora.cl\/lagos\/#\/schema\/person\/image\/\",\"url\":\"https:\/\/secure.gravatar.com\/avatar\/8a6892fbfb002ef173a244b534b4bbcea4c183fc3fbf7732e64ac89b1d22d482?s=96&d=mm&r=g\",\"contentUrl\":\"https:\/\/secure.gravatar.com\/avatar\/8a6892fbfb002ef173a244b534b4bbcea4c183fc3fbf7732e64ac89b1d22d482?s=96&d=mm&r=g\",\"caption\":\"jvargas\"},\"url\":\"https:\/\/dev.explora.cl\/lagos\/author\/jvargas\/\"}]}<\/script>\n<!-- \/ Yoast SEO plugin. -->","yoast_head_json":{"title":"Charla D\u00eda de la Astronom\u00eda en Frutillar - Los Lagos","robots":{"index":"index","follow":"follow","max-snippet":"max-snippet:-1","max-image-preview":"max-image-preview:large","max-video-preview":"max-video-preview:-1"},"canonical":"https:\/\/dev.explora.cl\/lagos\/charla-dia-de-la-astronomia-en-frutillar\/","og_locale":"es_ES","og_type":"article","og_title":"Charla D\u00eda de la Astronom\u00eda en Frutillar - Los Lagos","og_description":"Participa e inscr\u00edbete ac\u00e1","og_url":"https:\/\/dev.explora.cl\/lagos\/charla-dia-de-la-astronomia-en-frutillar\/","og_site_name":"Los Lagos","article_published_time":"2023-03-15T19:11:56+00:00","article_modified_time":"2023-03-16T13:43:18+00:00","og_image":[{"width":1024,"height":585,"url":"https:\/\/dev.explora.cl\/lagos\/wp-content\/uploads\/sites\/17\/2023\/03\/BANNER-WEB-EXPLORA-01-1024x585.jpg","type":"image\/jpeg"}],"author":"jvargas","twitter_card":"summary_large_image","twitter_misc":{"Escrito por":"jvargas","Tiempo de lectura":"1 minuto"},"schema":{"@context":"https:\/\/schema.org","@graph":[{"@type":"Article","@id":"https:\/\/dev.explora.cl\/lagos\/charla-dia-de-la-astronomia-en-frutillar\/#article","isPartOf":{"@id":"https:\/\/dev.explora.cl\/lagos\/charla-dia-de-la-astronomia-en-frutillar\/"},"author":{"name":"jvargas","@id":"https:\/\/dev.explora.cl\/lagos\/#\/schema\/person\/6608d3ee9ea0b0daeaf12289528fc582"},"headline":"Charla D\u00eda de la Astronom\u00eda en Frutillar","datePublished":"2023-03-15T19:11:56+00:00","dateModified":"2023-03-16T13:43:18+00:00","mainEntityOfPage":{"@id":"https:\/\/dev.explora.cl\/lagos\/charla-dia-de-la-astronomia-en-frutillar\/"},"wordCount":177,"commentCount":0,"image":{"@id":"https:\/\/dev.explora.cl\/lagos\/charla-dia-de-la-astronomia-en-frutillar\/#primaryimage"},"thumbnailUrl":"https:\/\/dev.explora.cl\/lagos\/wp-content\/uploads\/sites\/17\/2023\/03\/BANNER-WEB-EXPLORA-01.jpg","keywords":["Astronom\u00eda","Ciencia P\u00fablica","claudio navarro","D\u00eda de la Astronom\u00eda","Explora Los Lagos.","Frutillar","james webb","Llanquihue","REGI\u00d3N DE LOS LAGOS","sede puerto montt","telescopio","UACh","universo"],"articleSection":["Banner","Lugar 1"],"inLanguage":"es","potentialAction":[{"@type":"CommentAction","name":"Comment","target":["https:\/\/dev.explora.cl\/lagos\/charla-dia-de-la-astronomia-en-frutillar\/#respond"]}]},{"@type":"WebPage","@id":"https:\/\/dev.explora.cl\/lagos\/charla-dia-de-la-astronomia-en-frutillar\/","url":"https:\/\/dev.explora.cl\/lagos\/charla-dia-de-la-astronomia-en-frutillar\/","name":"Charla D\u00eda de la Astronom\u00eda en Frutillar - Los Lagos","isPartOf":{"@id":"https:\/\/dev.explora.cl\/lagos\/#website"},"primaryImageOfPage":{"@id":"https:\/\/dev.explora.cl\/lagos\/charla-dia-de-la-astronomia-en-frutillar\/#primaryimage"},"image":{"@id":"https:\/\/dev.explora.cl\/lagos\/charla-dia-de-la-astronomia-en-frutillar\/#primaryimage"},"thumbnailUrl":"https:\/\/dev.explora.cl\/lagos\/wp-content\/uploads\/sites\/17\/2023\/03\/BANNER-WEB-EXPLORA-01.jpg","datePublished":"2023-03-15T19:11:56+00:00","dateModified":"2023-03-16T13:43:18+00:00","author":{"@id":"https:\/\/dev.explora.cl\/lagos\/#\/schema\/person\/6608d3ee9ea0b0daeaf12289528fc582"},"breadcrumb":{"@id":"https:\/\/dev.explora.cl\/lagos\/charla-dia-de-la-astronomia-en-frutillar\/#breadcrumb"},"inLanguage":"es","potentialAction":[{"@type":"ReadAction","target":["https:\/\/dev.explora.cl\/lagos\/charla-dia-de-la-astronomia-en-frutillar\/"]}]},{"@type":"ImageObject","inLanguage":"es","@id":"https:\/\/dev.explora.cl\/lagos\/charla-dia-de-la-astronomia-en-frutillar\/#primaryimage","url":"https:\/\/dev.explora.cl\/lagos\/wp-content\/uploads\/sites\/17\/2023\/03\/BANNER-WEB-EXPLORA-01.jpg","contentUrl":"https:\/\/dev.explora.cl\/lagos\/wp-content\/uploads\/sites\/17\/2023\/03\/BANNER-WEB-EXPLORA-01.jpg","width":3068,"height":1754},{"@type":"BreadcrumbList","@id":"https:\/\/dev.explora.cl\/lagos\/charla-dia-de-la-astronomia-en-frutillar\/#breadcrumb","itemListElement":[{"@type":"ListItem","position":1,"name":"Portada","item":"https:\/\/dev.explora.cl\/lagos\/"},{"@type":"ListItem","position":2,"name":"Charla D\u00eda de la Astronom\u00eda en Frutillar"}]},{"@type":"WebSite","@id":"https:\/\/dev.explora.cl\/lagos\/#website","url":"https:\/\/dev.explora.cl\/lagos\/","name":"Los Lagos","description":"Otro sitio m\u00e1s de dev.explora.cl","potentialAction":[{"@type":"SearchAction","target":{"@type":"EntryPoint","urlTemplate":"https:\/\/dev.explora.cl\/lagos\/?s={search_term_string}"},"query-input":{"@type":"PropertyValueSpecification","valueRequired":true,"valueName":"search_term_string"}}],"inLanguage":"es"},{"@type":"Person","@id":"https:\/\/dev.explora.cl\/lagos\/#\/schema\/person\/6608d3ee9ea0b0daeaf12289528fc582","name":"jvargas","image":{"@type":"ImageObject","inLanguage":"es","@id":"https:\/\/dev.explora.cl\/lagos\/#\/schema\/person\/image\/","url":"https:\/\/secure.gravatar.com\/avatar\/8a6892fbfb002ef173a244b534b4bbcea4c183fc3fbf7732e64ac89b1d22d482?s=96&d=mm&r=g","contentUrl":"https:\/\/secure.gravatar.com\/avatar\/8a6892fbfb002ef173a244b534b4bbcea4c183fc3fbf7732e64ac89b1d22d482?s=96&d=mm&r=g","caption":"jvargas"},"url":"https:\/\/dev.explora.cl\/lagos\/author\/jvargas\/"}]}},"_links":{"self":[{"href":"https:\/\/dev.explora.cl\/lagos\/wp-json\/wp\/v2\/posts\/40829","targetHints":{"allow":["GET"]}}],"collection":[{"href":"https:\/\/dev.explora.cl\/lagos\/wp-json\/wp\/v2\/posts"}],"about":[{"href":"https:\/\/dev.explora.cl\/lagos\/wp-json\/wp\/v2\/types\/post"}],"author":[{"embeddable":true,"href":"https:\/\/dev.explora.cl\/lagos\/wp-json\/wp\/v2\/users\/36"}],"replies":[{"embeddable":true,"href":"https:\/\/dev.explora.cl\/lagos\/wp-json\/wp\/v2\/comments?post=40829"}],"version-history":[{"count":3,"href":"https:\/\/dev.explora.cl\/lagos\/wp-json\/wp\/v2\/posts\/40829\/revisions"}],"predecessor-version":[{"id":40833,"href":"https:\/\/dev.explora.cl\/lagos\/wp-json\/wp\/v2\/posts\/40829\/revisions\/40833"}],"wp:featuredmedia":[{"embeddable":true,"href":"https:\/\/dev.explora.cl\/lagos\/wp-json\/wp\/v2\/media\/40831"}],"wp:attachment":[{"href":"https:\/\/dev.explora.cl\/lagos\/wp-json\/wp\/v2\/media?parent=40829"}],"wp:term":[{"taxonomy":"category","embeddable":true,"href":"https:\/\/dev.explora.cl\/lagos\/wp-json\/wp\/v2\/categories?post=40829"},{"taxonomy":"post_tag","embeddable":true,"href":"https:\/\/dev.explora.cl\/lagos\/wp-json\/wp\/v2\/tags?post=40829"}],"curies":[{"name":"wp","href":"https:\/\/api.w.org\/{rel}","templated":true}]}}