{"id":40802,"date":"2023-01-03T16:55:35","date_gmt":"2023-01-03T19:55:35","guid":{"rendered":"https:\/\/dev.explora.cl\/lagos\/?p=40802"},"modified":"2023-02-07T18:04:38","modified_gmt":"2023-02-07T21:04:38","slug":"resultados-seleccion-campamento-explora-va","status":"publish","type":"post","link":"https:\/\/dev.explora.cl\/lagos\/resultados-seleccion-campamento-explora-va\/","title":{"rendered":"Resultados selecci\u00f3n Campamento Explora VA"},"content":{"rendered":"<p>[vc_row][vc_column][vc_column_text]Seg\u00fan los criterios de selecci\u00f3n establecidos en el documento <strong>\u201cBases de convocatoria Campamento\u201d<\/strong>, una vez asignados los puntajes de las\/os postulantes, de acuerdo con los criterios antes mencionados, se construir\u00e1 un ranking de mayor a menor puntaje, contemplando una lista de espera que permita asegurar completar los 50 cupos disponibles para el Campamento Explora VA!<\/p>\n<p>La notificaci\u00f3n de los resultados se realizar\u00e1 v\u00eda correo electr\u00f3nico y llamado telef\u00f3nico y se publicar\u00e1 en dev.explora.cl\/lagos en diciembre del 2022.<\/p>\n<p><strong>El listado de 50 docentes seleccionados es el siguiente:<\/strong><\/p>\n<ol>\n<li><strong>\u00a0Viviana Cristina Mundaca Del R\u00edo.<\/strong> Comuna: San Juan de la Costa. Provincia de Osorno. Establecimiento: Escuela Rural Liucura.<\/li>\n<li>\u00a0<strong>Jenny Patricia Ovando Crist\u00f3bal.<\/strong> Comuna: San Juan de la Costa. Provincia de Osorno. Establecimiento: Escuela Rural Bah\u00eda Mansa.<\/li>\n<li>\u00a0<strong>Felipe Andr\u00e9s Castro Rodr\u00edguez.<\/strong> Comuna: Quell\u00f3n. Provincia de Chilo\u00e9. Establecimiento: Escuela Rural Auchac.<\/li>\n<li>\u00a0<strong>Jos\u00e9 Luis Parra Oyarz\u00fan.<\/strong> Comuna: Quell\u00f3n. Provincia de Chilo\u00e9. Establecimiento: Escuela Rural Lastenia Oyarz\u00fan Andrade.<\/li>\n<li>\u00a0<strong>Karen Graciela Ledesma Plaza.<\/strong> Comuna: Quell\u00f3n. Provincia de Chilo\u00e9. Establecimiento: Escuela Rural Lastenia Oyarz\u00fan Andrade.<\/li>\n<li>\u00a0<strong>Rosita Valeska Vildoso Dur\u00e1n.<\/strong> Comuna: Fresia. Provincia de Llanquihue. Establecimiento: Escuela Rural San Andr\u00e9s.<\/li>\n<li>\u00a0<strong>M\u00f3nica Ester Cerda Mu\u00f1oz.<\/strong> Comuna: Fresia. Provincia de Llanquihue. Establecimiento: Escuela Rural San Andr\u00e9s.<\/li>\n<li>\u00a0<strong>Marco Antonio\u00a0 Alvarado Comigual.<\/strong> Comuna: Fresia. Provincia de Llanquihue. Establecimiento: Escuela B\u00e1sica Agr\u00edcola Huempeleo.<\/li>\n<li>\u00a0<strong>Joshua Andr\u00e9 Crist\u00f3bal Armijo Molina.<\/strong> Comuna: Calbuco. Provincia de Llanquihue. Establecimiento: Escuela Rural Putenio.<\/li>\n<li><strong>Claudia Yenifer Bustamante Rojas.<\/strong> Comuna: Calbuco. Provincia de Llanquihue. Establecimiento: Escuela Rural Putenio.<\/li>\n<li><strong>\u00a0Karina Maripill\u00e1n Ojeda.<\/strong> Comuna: Chonchi. Provincia de Chilo\u00e9. Establecimiento: Escuela Rural Detif.<\/li>\n<li><strong>\u00a0Carla Andrea Espinoza Galleguillos.<\/strong> Comuna: Quell\u00f3n. Provincia de Chilo\u00e9. Establecimiento: Escuela Rural Art\u00edstica Alumno Marcelo Fuentes Sol\u00eds de Molulco.<\/li>\n<li><strong>\u00a0Judith Karla Navarro Silva.<\/strong> Comuna: Calbuco. Provincia de Llanquihue. Establecimiento: Liceo Bicentenario Francisco Hern\u00e1ndez Ortiz Pizarro.<\/li>\n<li><strong>\u00a0Mar\u00eda Francisca Andre\u00e9 Fern\u00e1ndez Gajardo.<\/strong> Comuna: Puerto Octay. Provincia de Osorno. Establecimiento: Escuela Rural Las Cascadas.<\/li>\n<li><strong>\u00a0Delia Odett Ojeda Ram\u00edrez.<\/strong> Comuna: Puerto Octay. Provincia de Osorno. Establecimiento: Escuela Rural Las Cascadas.<\/li>\n<li><strong>\u00a0Marcos Esteban \u00d1ancuman Huichaquelen.<\/strong> Comuna: Ancud. Provincia de Chilo\u00e9. Establecimiento: Escuela Rural Manao.<\/li>\n<li><strong>\u00a0Susana Carolina Ojeda Nail.<\/strong> Comuna: Ancud. Provincia de Chilo\u00e9. Establecimiento: Escuela Rural Manao.<\/li>\n<li><strong>\u00a0Katherine Magdalena Barr\u00eda Pacheco.<\/strong> Comuna: Puerto Montt. Provincia de Llanquihue Establecimiento: Escuela Rural Lagunitas.<\/li>\n<li><strong>\u00a0Franco Fabiano Almonacid Barr\u00eda.<\/strong> Comuna: Maull\u00edn. Provincia de Llanquihue. Establecimiento: Liceo Carelmapu.<\/li>\n<li><strong>\u00a0Yasna del Carmen Ramos Lienlaf.<\/strong> Comuna: Puerto Octay. Provincia de Osorno. Establecimiento: Escuela Rural El Islote Rupanco.<\/li>\n<li><strong>\u00a0Francisca Tamara P\u00e9rez V\u00e1squez.<\/strong> Comuna: Puerto Octay. Provincia de Osorno. Establecimiento: Escuela Rural Los Pellines.<\/li>\n<li><strong>\u00a0Loreto Yenary Vivar Az\u00f3car.<\/strong> Comuna: Llanquihue. Provincia de Llanquihue. Establecimiento: Escuela Rural Los Pellines.<\/li>\n<li><strong>\u00a0Luis Miguel G\u00f3mez Vidal.<\/strong> Comuna: Castro. Provincia de Chilo\u00e9. Establecimiento: Escuela Rural Pedro Vel\u00e1squez Bontes.<\/li>\n<li><strong>\u00a0Viviana del Pilar Diaz Delgado.<\/strong> Comuna: San Juan de la Costa. Provincia de Osorno. Establecimiento: Escuela Particular 168 Cumilelfu.<\/li>\n<li><strong>\u00a0Yohanna Burgos Coronado.<\/strong> Comuna: Fresia. Provincia de Llanquihue. Establecimiento: Escuela Rural Pichi Maule.<\/li>\n<li><strong>\u00a0Tania Javiera Ram\u00edrez Far\u00edas.<\/strong> Comuna: Osorno. Provincia de Osorno. Establecimiento: Liceo Industrial Osorno.<\/li>\n<li><strong>\u00a0Gloria Paulina V\u00e1squez Fuentes.<\/strong> Comuna: Osorno. Provincia de Osorno. Establecimiento: Liceo Industrial Osorno.<\/li>\n<li><strong>\u00a0Andrea Alejandra Mu\u00f1oz Matamala.<\/strong> Comuna: Puerto Montt. Provincia de Llanquihue. Establecimiento: Colegio Los Alerces.<\/li>\n<li><strong>\u00a0Marcia Lorena Coyopai\u00a0 Hern\u00e1ndez.<\/strong> Comuna: Puerto Montt. Provincia de Llanquihue. Establecimiento: Colegio Los Alerces.<\/li>\n<li><strong>\u00a0Julieta Andrea S\u00e1nchez Montiel.<\/strong> Comuna: Fresia. Provincia de Llanquihue. Establecimiento: Escuela B\u00e1sica Fresia.<\/li>\n<li><strong>\u00a0Pamela Andrea \u00c1lvarez Mart\u00ednez.<\/strong> Comuna: Osorno. Provincia de Osorno. Establecimiento: Instituto Comercial de Osorno.<\/li>\n<li><strong>\u00a0Carola Ivette Vargas Navarro.<\/strong> Comuna: Puerto Montt. Provincia de Llanquihue. Establecimiento: Escuela Kim\u00fcn Lawal.<\/li>\n<li><strong>\u00a0Romina Araceli\u00a0 Henr\u00edquez Barr\u00eda.<\/strong> Comuna: Puerto Octay. Provincia de Osorno. Establecimiento: Escuela Alberto Hurtado.<\/li>\n<li><strong>\u00a0Andrea Soledad Garc\u00eda Guti\u00e9rrez.<\/strong> Comuna: Puerto Octay. Provincia de Osorno. Establecimiento: Escuela Alberto Hurtado.<\/li>\n<li>\u00a0<strong>Roxana Denis Petres Reyes.<\/strong> Comuna: Puerto Octay. Provincia de Osorno. Establecimiento: Escuela Alberto Hurtado.<\/li>\n<li><strong>Candy Paola Vicu\u00f1a Reyes.<\/strong> Comuna: Puyehue. Provincia de Osorno. Establecimiento: Liceo Las Am\u00e9ricas.<\/li>\n<li><strong>Maribel Dolena Jaramillo Montecinos.<\/strong> Comuna: Puyehue. Provincia de Osorno. Establecimiento: Liceo Las Am\u00e9ricas.<\/li>\n<li><strong>Fabiola Andrea\u00a0 Saavedra Cifuentes.<\/strong> Comuna: Los Muermos. Provincia de Llanquihue. Establecimiento: Colegio Ingl\u00e9s Mabel Condemar\u00edn.<\/li>\n<li><strong>Manuela Infante Downey.<\/strong> Comuna: Puerto Montt. Provincia de Llanquihue. Establecimiento: Escuela Chilo\u00e9.<\/li>\n<li><strong>Diego Alexis Villanueva Villa.<\/strong> Comuna: Frutillar. Provincia de Llanquihue. Establecimiento: Liceo Ignacio Carrera Pinto.<\/li>\n<li><strong>Francis Marlene Jipoulou Ruiz.<\/strong> Comuna: Puerto Montt. Provincia de Llanquihue. Establecimiento: Escuela Rotario Pedro Avelino Bravo.<\/li>\n<li><strong>Marcos Fabian D\u00edaz Mart\u00ednez.<\/strong> Comuna: Los Muermos. Provincia de Llanquihue. Establecimiento: Colegio Bicentenario de Difusi\u00f3n Art\u00edstica Los Ulmos.<\/li>\n<li><strong>Carolina Jacqueline B\u00e1ez Aro.<\/strong> Comuna: Frutillar. Provincia de Llanquihue. Establecimiento: Escuela Arturo Alessandri Palma.<\/li>\n<li><strong>Yarela Amanda\u00a0 Faundes Herrera.<\/strong> Comuna: Frutillar. Provincia de Llanquihue. Establecimiento: Escuela Arturo Alessandri Palma.<\/li>\n<li><strong>Margarita del Carmen Barr\u00eda Oyarz\u00fan<\/strong>. Comuna: Dalcahue. Provincia de Chilo\u00e9. Establecimiento: Escuela B\u00e1sica Dalcahue.<\/li>\n<li><strong>Cristian Abel G\u00f3mez B\u00f3rquez<\/strong>. Comuna: Puerto Montt. Provincia de Llanquihue. Establecimiento: Escuela Gabriela Mistral.<\/li>\n<li><strong>Fanny Ingebor Ferrada Morales.<\/strong> Comuna de Osorno. Provincia de Osorno. Establecimiento: Escuela Suiza.<\/li>\n<li><strong>Carlos Enrique Carvajal\u00a0 Lara.<\/strong> Comuna: Quinchao. Provincia de Chilo\u00e9. Establecimiento: Liceo Bicentenario Insular de Achao.<\/li>\n<li><strong>Claudia del Pilar Oyarz\u00fan Hormaz\u00e1bal.<\/strong> Comuna: Quinchao. Provincia de Chilo\u00e9. Establecimiento: Liceo Bicentenario Insular de Achao.<\/li>\n<li><strong>Claudia Mabel S\u00e1ez C\u00e1rcamo.<\/strong> Comuna: Osorno. Provincia de Osorno. Establecimiento: Jard\u00edn Infantil y Sala Cuna Nubeluz.<\/li>\n<\/ol>\n<p><strong>ACTUALIZACI\u00d3N<\/strong><\/p>\n<p>El PAR Explora Los Lagos comunica que debido a que 4 docentes desistieron de participar en el Campamento Explora Va, estos cuatro cupos fueron tomados por las y los docentes en lista de espera. Los 4 nuevos seleccionados son:<\/p>\n<ol>\n<li data-ogsc=\"black\">Mar\u00eda Tamayo Bustamante. Comuna: Puerto Montt. Provincia de Llanquihue. Establecimiento: Escuela Arturo Prat.<\/li>\n<li data-ogsc=\"black\">Alejandra Rain Rain. Comuna: Puerto Montt. Provincia de Llanquihue. Establecimiento: Escuela B\u00e1sica Santa In\u00e9s.<\/li>\n<li data-ogsc=\"black\">Ximena D\u00edaz Vivar. Comuna: Puerto Montt. Provincia de Llanquihue. Establecimiento: Escuela B\u00e1sica Santa In\u00e9s.<\/li>\n<li data-ogsc=\"black\">Rommy Soto M\u00e1rquez. Comuna: Castro. Provincia de Chilo\u00e9. Establecimiento: Liceo Galvarino Riveros C\u00e1rdenas.<\/li>\n<\/ol>\n<p>Los\/as participantes seleccionados\/as tendr\u00e1n un plazo de 3 d\u00edas h\u00e1biles, a contar de su notificaci\u00f3n, para informar al PAR Explora Los Lagos v\u00eda correo electr\u00f3nico o telef\u00f3nica, la aceptaci\u00f3n o el rechazo de su participaci\u00f3n. Si el\/la postulante no comunica su aceptaci\u00f3n o rechazo dentro de ese plazo, se entender\u00e1 por rechazada su selecci\u00f3n y se recurrir\u00e1 a la lista de espera para completar los cupos disponibles.<\/p>\n<p>En caso de dudas, consultas o informaciones comunicarse al correo: campamento.exploraloslagos@gmail.com y\/o al tel\u00e9fono 652 624752 de lunes a viernes durante la ma\u00f1ana entre 08.00 a 13.00 y durante la tarde de 13.45 a 17.45.[\/vc_column_text][\/vc_column][\/vc_row]<\/p>\n","protected":false},"excerpt":{"rendered":"<p>Conoce el listado de seleccionados aqu\u00ed<\/p>\n","protected":false},"author":36,"featured_media":40803,"comment_status":"open","ping_status":"open","sticky":false,"template":"","format":"standard","meta":{"_acf_changed":false,"_exactmetrics_skip_tracking":false,"_exactmetrics_sitenote_active":false,"_exactmetrics_sitenote_note":"","_exactmetrics_sitenote_category":0,"footnotes":"","_links_to":"","_links_to_target":""},"categories":[151,137,1],"tags":[],"class_list":["post-40802","post","type-post","status-publish","format-standard","has-post-thumbnail","hentry","category-banner","category-lugar-2","category-sin-categoria"],"acf":[],"yoast_head":"<!-- This site is optimized with the Yoast SEO plugin v26.7 - https:\/\/yoast.com\/wordpress\/plugins\/seo\/ -->\n<title>Resultados selecci\u00f3n Campamento Explora VA - Los Lagos<\/title>\n<meta name=\"robots\" content=\"index, follow, max-snippet:-1, max-image-preview:large, max-video-preview:-1\" \/>\n<link rel=\"canonical\" href=\"https:\/\/dev.explora.cl\/lagos\/resultados-seleccion-campamento-explora-va\/\" class=\"yoast-seo-meta-tag\" \/>\n<meta property=\"og:locale\" content=\"es_ES\" class=\"yoast-seo-meta-tag\" \/>\n<meta property=\"og:type\" content=\"article\" class=\"yoast-seo-meta-tag\" \/>\n<meta property=\"og:title\" content=\"Resultados selecci\u00f3n Campamento Explora VA - Los Lagos\" class=\"yoast-seo-meta-tag\" \/>\n<meta property=\"og:description\" content=\"Conoce el listado de seleccionados aqu\u00ed\" class=\"yoast-seo-meta-tag\" \/>\n<meta property=\"og:url\" content=\"https:\/\/dev.explora.cl\/lagos\/resultados-seleccion-campamento-explora-va\/\" class=\"yoast-seo-meta-tag\" \/>\n<meta property=\"og:site_name\" content=\"Los Lagos\" class=\"yoast-seo-meta-tag\" \/>\n<meta property=\"article:published_time\" content=\"2023-01-03T19:55:35+00:00\" class=\"yoast-seo-meta-tag\" \/>\n<meta property=\"article:modified_time\" content=\"2023-02-07T21:04:38+00:00\" class=\"yoast-seo-meta-tag\" \/>\n<meta property=\"og:image\" content=\"https:\/\/dev.explora.cl\/lagos\/wp-content\/uploads\/sites\/17\/2022\/12\/BANNER-WEB-EXPLORA-RESULTADOS-CAMPAMENTO-01.jpg\" class=\"yoast-seo-meta-tag\" \/>\n\t<meta property=\"og:image:width\" content=\"3068\" class=\"yoast-seo-meta-tag\" \/>\n\t<meta property=\"og:image:height\" content=\"1754\" class=\"yoast-seo-meta-tag\" \/>\n\t<meta property=\"og:image:type\" content=\"image\/jpeg\" class=\"yoast-seo-meta-tag\" \/>\n<meta name=\"author\" content=\"jvargas\" class=\"yoast-seo-meta-tag\" \/>\n<meta name=\"twitter:card\" content=\"summary_large_image\" class=\"yoast-seo-meta-tag\" \/>\n<meta name=\"twitter:label1\" content=\"Escrito por\" class=\"yoast-seo-meta-tag\" \/>\n\t<meta name=\"twitter:data1\" content=\"jvargas\" class=\"yoast-seo-meta-tag\" \/>\n\t<meta name=\"twitter:label2\" content=\"Tiempo de lectura\" class=\"yoast-seo-meta-tag\" \/>\n\t<meta name=\"twitter:data2\" content=\"6 minutos\" class=\"yoast-seo-meta-tag\" \/>\n<script type=\"application\/ld+json\" class=\"yoast-schema-graph\">{\"@context\":\"https:\/\/schema.org\",\"@graph\":[{\"@type\":\"Article\",\"@id\":\"https:\/\/dev.explora.cl\/lagos\/resultados-seleccion-campamento-explora-va\/#article\",\"isPartOf\":{\"@id\":\"https:\/\/dev.explora.cl\/lagos\/resultados-seleccion-campamento-explora-va\/\"},\"author\":{\"name\":\"jvargas\",\"@id\":\"https:\/\/dev.explora.cl\/lagos\/#\/schema\/person\/6608d3ee9ea0b0daeaf12289528fc582\"},\"headline\":\"Resultados selecci\u00f3n Campamento Explora VA\",\"datePublished\":\"2023-01-03T19:55:35+00:00\",\"dateModified\":\"2023-02-07T21:04:38+00:00\",\"mainEntityOfPage\":{\"@id\":\"https:\/\/dev.explora.cl\/lagos\/resultados-seleccion-campamento-explora-va\/\"},\"wordCount\":1121,\"commentCount\":0,\"image\":{\"@id\":\"https:\/\/dev.explora.cl\/lagos\/resultados-seleccion-campamento-explora-va\/#primaryimage\"},\"thumbnailUrl\":\"https:\/\/dev.explora.cl\/lagos\/wp-content\/uploads\/sites\/17\/2022\/12\/BANNER-WEB-EXPLORA-RESULTADOS-CAMPAMENTO-01.jpg\",\"articleSection\":[\"Banner\",\"Lugar 2\"],\"inLanguage\":\"es\",\"potentialAction\":[{\"@type\":\"CommentAction\",\"name\":\"Comment\",\"target\":[\"https:\/\/dev.explora.cl\/lagos\/resultados-seleccion-campamento-explora-va\/#respond\"]}]},{\"@type\":\"WebPage\",\"@id\":\"https:\/\/dev.explora.cl\/lagos\/resultados-seleccion-campamento-explora-va\/\",\"url\":\"https:\/\/dev.explora.cl\/lagos\/resultados-seleccion-campamento-explora-va\/\",\"name\":\"Resultados selecci\u00f3n Campamento Explora VA - Los Lagos\",\"isPartOf\":{\"@id\":\"https:\/\/dev.explora.cl\/lagos\/#website\"},\"primaryImageOfPage\":{\"@id\":\"https:\/\/dev.explora.cl\/lagos\/resultados-seleccion-campamento-explora-va\/#primaryimage\"},\"image\":{\"@id\":\"https:\/\/dev.explora.cl\/lagos\/resultados-seleccion-campamento-explora-va\/#primaryimage\"},\"thumbnailUrl\":\"https:\/\/dev.explora.cl\/lagos\/wp-content\/uploads\/sites\/17\/2022\/12\/BANNER-WEB-EXPLORA-RESULTADOS-CAMPAMENTO-01.jpg\",\"datePublished\":\"2023-01-03T19:55:35+00:00\",\"dateModified\":\"2023-02-07T21:04:38+00:00\",\"author\":{\"@id\":\"https:\/\/dev.explora.cl\/lagos\/#\/schema\/person\/6608d3ee9ea0b0daeaf12289528fc582\"},\"breadcrumb\":{\"@id\":\"https:\/\/dev.explora.cl\/lagos\/resultados-seleccion-campamento-explora-va\/#breadcrumb\"},\"inLanguage\":\"es\",\"potentialAction\":[{\"@type\":\"ReadAction\",\"target\":[\"https:\/\/dev.explora.cl\/lagos\/resultados-seleccion-campamento-explora-va\/\"]}]},{\"@type\":\"ImageObject\",\"inLanguage\":\"es\",\"@id\":\"https:\/\/dev.explora.cl\/lagos\/resultados-seleccion-campamento-explora-va\/#primaryimage\",\"url\":\"https:\/\/dev.explora.cl\/lagos\/wp-content\/uploads\/sites\/17\/2022\/12\/BANNER-WEB-EXPLORA-RESULTADOS-CAMPAMENTO-01.jpg\",\"contentUrl\":\"https:\/\/dev.explora.cl\/lagos\/wp-content\/uploads\/sites\/17\/2022\/12\/BANNER-WEB-EXPLORA-RESULTADOS-CAMPAMENTO-01.jpg\",\"width\":3068,\"height\":1754},{\"@type\":\"BreadcrumbList\",\"@id\":\"https:\/\/dev.explora.cl\/lagos\/resultados-seleccion-campamento-explora-va\/#breadcrumb\",\"itemListElement\":[{\"@type\":\"ListItem\",\"position\":1,\"name\":\"Portada\",\"item\":\"https:\/\/dev.explora.cl\/lagos\/\"},{\"@type\":\"ListItem\",\"position\":2,\"name\":\"Resultados selecci\u00f3n Campamento Explora VA\"}]},{\"@type\":\"WebSite\",\"@id\":\"https:\/\/dev.explora.cl\/lagos\/#website\",\"url\":\"https:\/\/dev.explora.cl\/lagos\/\",\"name\":\"Los Lagos\",\"description\":\"Otro sitio m\u00e1s de dev.explora.cl\",\"potentialAction\":[{\"@type\":\"SearchAction\",\"target\":{\"@type\":\"EntryPoint\",\"urlTemplate\":\"https:\/\/dev.explora.cl\/lagos\/?s={search_term_string}\"},\"query-input\":{\"@type\":\"PropertyValueSpecification\",\"valueRequired\":true,\"valueName\":\"search_term_string\"}}],\"inLanguage\":\"es\"},{\"@type\":\"Person\",\"@id\":\"https:\/\/dev.explora.cl\/lagos\/#\/schema\/person\/6608d3ee9ea0b0daeaf12289528fc582\",\"name\":\"jvargas\",\"image\":{\"@type\":\"ImageObject\",\"inLanguage\":\"es\",\"@id\":\"https:\/\/dev.explora.cl\/lagos\/#\/schema\/person\/image\/\",\"url\":\"https:\/\/secure.gravatar.com\/avatar\/8a6892fbfb002ef173a244b534b4bbcea4c183fc3fbf7732e64ac89b1d22d482?s=96&d=mm&r=g\",\"contentUrl\":\"https:\/\/secure.gravatar.com\/avatar\/8a6892fbfb002ef173a244b534b4bbcea4c183fc3fbf7732e64ac89b1d22d482?s=96&d=mm&r=g\",\"caption\":\"jvargas\"},\"url\":\"https:\/\/dev.explora.cl\/lagos\/author\/jvargas\/\"}]}<\/script>\n<!-- \/ Yoast SEO plugin. -->","yoast_head_json":{"title":"Resultados selecci\u00f3n Campamento Explora VA - Los Lagos","robots":{"index":"index","follow":"follow","max-snippet":"max-snippet:-1","max-image-preview":"max-image-preview:large","max-video-preview":"max-video-preview:-1"},"canonical":"https:\/\/dev.explora.cl\/lagos\/resultados-seleccion-campamento-explora-va\/","og_locale":"es_ES","og_type":"article","og_title":"Resultados selecci\u00f3n Campamento Explora VA - Los Lagos","og_description":"Conoce el listado de seleccionados aqu\u00ed","og_url":"https:\/\/dev.explora.cl\/lagos\/resultados-seleccion-campamento-explora-va\/","og_site_name":"Los Lagos","article_published_time":"2023-01-03T19:55:35+00:00","article_modified_time":"2023-02-07T21:04:38+00:00","og_image":[{"width":3068,"height":1754,"url":"https:\/\/dev.explora.cl\/lagos\/wp-content\/uploads\/sites\/17\/2022\/12\/BANNER-WEB-EXPLORA-RESULTADOS-CAMPAMENTO-01.jpg","type":"image\/jpeg"}],"author":"jvargas","twitter_card":"summary_large_image","twitter_misc":{"Escrito por":"jvargas","Tiempo de lectura":"6 minutos"},"schema":{"@context":"https:\/\/schema.org","@graph":[{"@type":"Article","@id":"https:\/\/dev.explora.cl\/lagos\/resultados-seleccion-campamento-explora-va\/#article","isPartOf":{"@id":"https:\/\/dev.explora.cl\/lagos\/resultados-seleccion-campamento-explora-va\/"},"author":{"name":"jvargas","@id":"https:\/\/dev.explora.cl\/lagos\/#\/schema\/person\/6608d3ee9ea0b0daeaf12289528fc582"},"headline":"Resultados selecci\u00f3n Campamento Explora VA","datePublished":"2023-01-03T19:55:35+00:00","dateModified":"2023-02-07T21:04:38+00:00","mainEntityOfPage":{"@id":"https:\/\/dev.explora.cl\/lagos\/resultados-seleccion-campamento-explora-va\/"},"wordCount":1121,"commentCount":0,"image":{"@id":"https:\/\/dev.explora.cl\/lagos\/resultados-seleccion-campamento-explora-va\/#primaryimage"},"thumbnailUrl":"https:\/\/dev.explora.cl\/lagos\/wp-content\/uploads\/sites\/17\/2022\/12\/BANNER-WEB-EXPLORA-RESULTADOS-CAMPAMENTO-01.jpg","articleSection":["Banner","Lugar 2"],"inLanguage":"es","potentialAction":[{"@type":"CommentAction","name":"Comment","target":["https:\/\/dev.explora.cl\/lagos\/resultados-seleccion-campamento-explora-va\/#respond"]}]},{"@type":"WebPage","@id":"https:\/\/dev.explora.cl\/lagos\/resultados-seleccion-campamento-explora-va\/","url":"https:\/\/dev.explora.cl\/lagos\/resultados-seleccion-campamento-explora-va\/","name":"Resultados selecci\u00f3n Campamento Explora VA - Los Lagos","isPartOf":{"@id":"https:\/\/dev.explora.cl\/lagos\/#website"},"primaryImageOfPage":{"@id":"https:\/\/dev.explora.cl\/lagos\/resultados-seleccion-campamento-explora-va\/#primaryimage"},"image":{"@id":"https:\/\/dev.explora.cl\/lagos\/resultados-seleccion-campamento-explora-va\/#primaryimage"},"thumbnailUrl":"https:\/\/dev.explora.cl\/lagos\/wp-content\/uploads\/sites\/17\/2022\/12\/BANNER-WEB-EXPLORA-RESULTADOS-CAMPAMENTO-01.jpg","datePublished":"2023-01-03T19:55:35+00:00","dateModified":"2023-02-07T21:04:38+00:00","author":{"@id":"https:\/\/dev.explora.cl\/lagos\/#\/schema\/person\/6608d3ee9ea0b0daeaf12289528fc582"},"breadcrumb":{"@id":"https:\/\/dev.explora.cl\/lagos\/resultados-seleccion-campamento-explora-va\/#breadcrumb"},"inLanguage":"es","potentialAction":[{"@type":"ReadAction","target":["https:\/\/dev.explora.cl\/lagos\/resultados-seleccion-campamento-explora-va\/"]}]},{"@type":"ImageObject","inLanguage":"es","@id":"https:\/\/dev.explora.cl\/lagos\/resultados-seleccion-campamento-explora-va\/#primaryimage","url":"https:\/\/dev.explora.cl\/lagos\/wp-content\/uploads\/sites\/17\/2022\/12\/BANNER-WEB-EXPLORA-RESULTADOS-CAMPAMENTO-01.jpg","contentUrl":"https:\/\/dev.explora.cl\/lagos\/wp-content\/uploads\/sites\/17\/2022\/12\/BANNER-WEB-EXPLORA-RESULTADOS-CAMPAMENTO-01.jpg","width":3068,"height":1754},{"@type":"BreadcrumbList","@id":"https:\/\/dev.explora.cl\/lagos\/resultados-seleccion-campamento-explora-va\/#breadcrumb","itemListElement":[{"@type":"ListItem","position":1,"name":"Portada","item":"https:\/\/dev.explora.cl\/lagos\/"},{"@type":"ListItem","position":2,"name":"Resultados selecci\u00f3n Campamento Explora VA"}]},{"@type":"WebSite","@id":"https:\/\/dev.explora.cl\/lagos\/#website","url":"https:\/\/dev.explora.cl\/lagos\/","name":"Los Lagos","description":"Otro sitio m\u00e1s de dev.explora.cl","potentialAction":[{"@type":"SearchAction","target":{"@type":"EntryPoint","urlTemplate":"https:\/\/dev.explora.cl\/lagos\/?s={search_term_string}"},"query-input":{"@type":"PropertyValueSpecification","valueRequired":true,"valueName":"search_term_string"}}],"inLanguage":"es"},{"@type":"Person","@id":"https:\/\/dev.explora.cl\/lagos\/#\/schema\/person\/6608d3ee9ea0b0daeaf12289528fc582","name":"jvargas","image":{"@type":"ImageObject","inLanguage":"es","@id":"https:\/\/dev.explora.cl\/lagos\/#\/schema\/person\/image\/","url":"https:\/\/secure.gravatar.com\/avatar\/8a6892fbfb002ef173a244b534b4bbcea4c183fc3fbf7732e64ac89b1d22d482?s=96&d=mm&r=g","contentUrl":"https:\/\/secure.gravatar.com\/avatar\/8a6892fbfb002ef173a244b534b4bbcea4c183fc3fbf7732e64ac89b1d22d482?s=96&d=mm&r=g","caption":"jvargas"},"url":"https:\/\/dev.explora.cl\/lagos\/author\/jvargas\/"}]}},"_links":{"self":[{"href":"https:\/\/dev.explora.cl\/lagos\/wp-json\/wp\/v2\/posts\/40802","targetHints":{"allow":["GET"]}}],"collection":[{"href":"https:\/\/dev.explora.cl\/lagos\/wp-json\/wp\/v2\/posts"}],"about":[{"href":"https:\/\/dev.explora.cl\/lagos\/wp-json\/wp\/v2\/types\/post"}],"author":[{"embeddable":true,"href":"https:\/\/dev.explora.cl\/lagos\/wp-json\/wp\/v2\/users\/36"}],"replies":[{"embeddable":true,"href":"https:\/\/dev.explora.cl\/lagos\/wp-json\/wp\/v2\/comments?post=40802"}],"version-history":[{"count":4,"href":"https:\/\/dev.explora.cl\/lagos\/wp-json\/wp\/v2\/posts\/40802\/revisions"}],"predecessor-version":[{"id":40808,"href":"https:\/\/dev.explora.cl\/lagos\/wp-json\/wp\/v2\/posts\/40802\/revisions\/40808"}],"wp:featuredmedia":[{"embeddable":true,"href":"https:\/\/dev.explora.cl\/lagos\/wp-json\/wp\/v2\/media\/40803"}],"wp:attachment":[{"href":"https:\/\/dev.explora.cl\/lagos\/wp-json\/wp\/v2\/media?parent=40802"}],"wp:term":[{"taxonomy":"category","embeddable":true,"href":"https:\/\/dev.explora.cl\/lagos\/wp-json\/wp\/v2\/categories?post=40802"},{"taxonomy":"post_tag","embeddable":true,"href":"https:\/\/dev.explora.cl\/lagos\/wp-json\/wp\/v2\/tags?post=40802"}],"curies":[{"name":"wp","href":"https:\/\/api.w.org\/{rel}","templated":true}]}}